{"id":165876,"date":"2025-12-18T16:02:49","date_gmt":"2025-12-18T15:02:49","guid":{"rendered":"https:\/\/www.bellunopress.it\/?p=165876"},"modified":"2025-12-18T16:02:49","modified_gmt":"2025-12-18T15:02:49","slug":"danta-di-cadore-gli-appuntamenti-natalizi","status":"publish","type":"post","link":"https:\/\/www.bellunopress.it\/fr\/2025\/12\/18\/danta-di-cadore-gli-appuntamenti-natalizi\/","title":{"rendered":"Danta di Cadore, gli appuntamenti natalizi"},"content":{"rendered":"<figure id=\"attachment_165877\" aria-describedby=\"caption-attachment-165877\" style=\"width: 800px\" class=\"wp-caption aligncenter\"><img loading=\"lazy\" decoding=\"async\" class=\"size-full wp-image-165877\" src=\"https:\/\/www.bellunopress.it\/wp-content\/uploads\/2025\/12\/Thomas-Menia-Corbanese-sindaco-Danta.jpg\" alt=\"\" width=\"800\" height=\"717\" srcset=\"https:\/\/www.bellunopress.it\/wp-content\/uploads\/2025\/12\/Thomas-Menia-Corbanese-sindaco-Danta.jpg 800w, https:\/\/www.bellunopress.it\/wp-content\/uploads\/2025\/12\/Thomas-Menia-Corbanese-sindaco-Danta-500x448.jpg 500w, https:\/\/www.bellunopress.it\/wp-content\/uploads\/2025\/12\/Thomas-Menia-Corbanese-sindaco-Danta-469x420.jpg 469w, https:\/\/www.bellunopress.it\/wp-content\/uploads\/2025\/12\/Thomas-Menia-Corbanese-sindaco-Danta-696x624.jpg 696w\" sizes=\"auto, (max-width: 800px) 100vw, 800px\" \/><figcaption id=\"caption-attachment-165877\" class=\"wp-caption-text\">Thomas Menia Corbanese, sindaco di Danta di Cadore<\/figcaption><\/figure>\n<p>L\u2019Amministrazione comunale di Danta di Cadore, insieme al gruppo \u201cChei d\u2019la B\u00e9la St\u00e9la\u201d, propongono un calendario di eventi significativi per accogliere le feste natalizie e creare delle occasioni di socialit\u00e0.<\/p>\n<p>\u201cSi parte il 20 dicembre, alle ore 17.00 nella Sala consiliare del Municipio, con la consegna delle borse di studio alla memoria del poeta Antonio Doriguzzi Rossin\u201d fa sapere il Sindaco Thomas Menia Corbanese. \u201cPremieremo ben 17 ragazzi che hanno frequentato le scuole superiori e le universit\u00e0 nell\u2019a.s.\/a.a. 2023\/2024, confermando l\u2019impegno che ci eravamo assunti di sostenere i ragazzi e le famiglie della nostra comunit\u00e0 nei loro percorsi di studio. Rispetto allo scorso anno abbiamo avuto richieste in aumento e questo ci rende felici, perch\u00e9 significa che i ragazzi stanno continuando i loro percorsi di studio e vedono<br \/>\nnella borsa di studio comunale un\u2019opportunit\u00e0 di valorizzazione delle proprie conoscenze e competenze e di abbattimento dei costi. Sono invitate anche le autorit\u00e0 e i genitori per un momento conviviale insieme al termine della cerimonia di consegna\u201d informa ancora il Sindaco.<\/p>\n<p>\u201cLa consegna delle borse di studio alla memoria del poeta Rossin quest\u2019anno assume un significato anche maggiore\u201d dichiara il Sindaco \u201cperch\u00e9 nel 2026 ricorrer\u00e0 il 170\u00b0 anniversario della morte del poeta e artefice dell\u2019autonomia comunale di Danta nel 1843. Consegnare quest\u2019anno le borse di studio alla memoria di questa figura cos\u00ec importante ci spinge a riflettere sul ruolo che ognuno di noi pu\u00f2 ricoprire nella propria comunit\u00e0: Rossin ci ha dato l\u2019esempio che lottare per i propri ideali fino in fondo pu\u00f2 portare a risultati straordinari e ai ragazzi di Danta vogliamo proprio trasmettere questa convinzione\u201d conclude Menia Corbanese.<\/p>\n<p>Spazio poi all\u2019arrivo di Babbo Natale il 24 dicembre presso il piazzale dell\u2019Hotel Tre Pini. \u201cIl Gruppo Ch\u00e9i d\u2019la B\u00e9la St\u00e9la ha ereditato l\u2019organizzazione di questo momento speciale per i nostri bambini da un gruppo di volontari del paese, che lo aveva organizzato per molti anni consecutivi: Babbo Natale consegner\u00e0 i suoi doni ai bambini e legger\u00e0 le lettere che gli stessi hanno spedito attraverso la buca delle lettere speciale, posizionata nella piazza IV Novembre negli scorsi giorni. Musica e canto accompagneranno un momento magico\u201d fa sapere Menia Corbanese.<\/p>\n<p>Il 28 dicembre ci sar\u00e0 l\u2019appuntamento con gli anziani e i bambini. \u201cQuest\u2019anno abbiamo pensato di non limitarci alla sola consegna del panettone ai nostri anziani: li inviteremo, infatti, a consumare il panettone insieme in un pomeriggio di incontro con i nostri bambini, allietati dai canti natalizi del gruppo \u201cLa compagnia dal nadal\u201d. Le feste natalizie sono un momento da passare insieme in allegria e i nostri anziani amano la compagnia e amano raccontare le loro storie alle nuove generazioni: per questo abbiamo pensato<br \/>\ndi proporre un momento di incontro nella Sala della Regola, che ringrazio per la disponibilit\u00e0. La consegna dei panettoni e degli inviti, insieme ad una sorpresa realizzata dai nostri bambini del doposcuola, inizier\u00e0 nei prossimi giorni\u201d chiude il Sindaco.<br \/>\nAlle ore 14.45 si ritroveranno i bambini per un film natalizio e poi, alle ore 16.00, arriveranno gli anziani per il momento di festa.<\/p>","protected":false},"excerpt":{"rendered":"<p>L\u2019Amministrazione comunale di Danta di Cadore, insieme al gruppo \u201cChei d\u2019la B\u00e9la St\u00e9la\u201d, propongono un calendario di eventi significativi per accogliere le feste natalizie e creare delle occasioni di socialit\u00e0. \u201cSi parte il 20 dicembre, alle ore 17.00 nella Sala consiliare del Municipio, con la consegna delle borse di studio alla memoria del poeta Antonio [&hellip;]<\/p>\n","protected":false},"author":2,"featured_media":165877,"comment_status":"closed","ping_status":"open","sticky":false,"template":"","format":"standard","meta":{"footnotes":""},"categories":[26,8],"tags":[],"class_list":["post-165876","post","type-post","status-publish","format-standard","has-post-thumbnail","category-prima-pagina","category-societa-istituzioni"],"yoast_head":"<!-- This site is optimized with the Yoast SEO plugin v28.4 - https:\/\/yoast.com\/product\/yoast-seo-wordpress\/ -->\n<title>Danta di Cadore, gli appuntamenti natalizi - Bellunopress - Dolomiti<\/title>\n<meta name=\"robots\" content=\"index, follow, max-snippet:-1, max-image-preview:large, max-video-preview:-1\" \/>\n<link rel=\"canonical\" href=\"https:\/\/www.bellunopress.it\/fr\/2025\/12\/18\/danta-di-cadore-gli-appuntamenti-natalizi\/\" \/>\n<meta property=\"og:locale\" content=\"fr_FR\" \/>\n<meta property=\"og:type\" content=\"article\" \/>\n<meta property=\"og:title\" content=\"Danta di Cadore, gli appuntamenti natalizi - Bellunopress - Dolomiti\" \/>\n<meta property=\"og:description\" content=\"L\u2019Amministrazione comunale di Danta di Cadore, insieme al gruppo \u201cChei d\u2019la B\u00e9la St\u00e9la\u201d, propongono un calendario di eventi significativi per accogliere le feste natalizie e creare delle occasioni di socialit\u00e0. \u201cSi parte il 20 dicembre, alle ore 17.00 nella Sala consiliare del Municipio, con la consegna delle borse di studio alla memoria del poeta Antonio [&hellip;]\" \/>\n<meta property=\"og:url\" content=\"https:\/\/www.bellunopress.it\/fr\/2025\/12\/18\/danta-di-cadore-gli-appuntamenti-natalizi\/\" \/>\n<meta property=\"og:site_name\" content=\"Bellunopress - Dolomiti\" \/>\n<meta property=\"article:publisher\" content=\"https:\/\/www.facebook.com\/profile.php?id=100008943462799\" \/>\n<meta property=\"article:published_time\" content=\"2025-12-18T15:02:49+00:00\" \/>\n<meta property=\"og:image\" content=\"https:\/\/www.bellunopress.it\/wp-content\/uploads\/2025\/12\/Thomas-Menia-Corbanese-sindaco-Danta.jpg\" \/>\n\t<meta property=\"og:image:width\" content=\"800\" \/>\n\t<meta property=\"og:image:height\" content=\"717\" \/>\n\t<meta property=\"og:image:type\" content=\"image\/jpeg\" \/>\n<meta name=\"author\" content=\"redazione\" \/>\n<meta name=\"twitter:card\" content=\"summary_large_image\" \/>\n<meta name=\"twitter:creator\" content=\"@bellunopress\" \/>\n<meta name=\"twitter:site\" content=\"@bellunopress\" \/>\n<meta name=\"twitter:label1\" content=\"\u00c9crit par\" \/>\n\t<meta name=\"twitter:data1\" content=\"redazione\" \/>\n\t<meta name=\"twitter:label2\" content=\"Dur\u00e9e de lecture estim\u00e9e\" \/>\n\t<meta name=\"twitter:data2\" content=\"3 minutes\" \/>\n<script type=\"application\/ld+json\" class=\"yoast-schema-graph\">{\"@context\":\"https:\\\/\\\/schema.org\",\"@graph\":[{\"@type\":\"Article\",\"@id\":\"https:\\\/\\\/www.bellunopress.it\\\/2025\\\/12\\\/18\\\/danta-di-cadore-gli-appuntamenti-natalizi\\\/#article\",\"isPartOf\":{\"@id\":\"https:\\\/\\\/www.bellunopress.it\\\/2025\\\/12\\\/18\\\/danta-di-cadore-gli-appuntamenti-natalizi\\\/\"},\"author\":{\"name\":\"redazione\",\"@id\":\"https:\\\/\\\/www.bellunopress.it\\\/#\\\/schema\\\/person\\\/79bb06722b37ece1c03d3e94beb30d73\"},\"headline\":\"Danta di Cadore, gli appuntamenti natalizi\",\"datePublished\":\"2025-12-18T15:02:49+00:00\",\"mainEntityOfPage\":{\"@id\":\"https:\\\/\\\/www.bellunopress.it\\\/2025\\\/12\\\/18\\\/danta-di-cadore-gli-appuntamenti-natalizi\\\/\"},\"wordCount\":537,\"publisher\":{\"@id\":\"https:\\\/\\\/www.bellunopress.it\\\/#organization\"},\"image\":{\"@id\":\"https:\\\/\\\/www.bellunopress.it\\\/2025\\\/12\\\/18\\\/danta-di-cadore-gli-appuntamenti-natalizi\\\/#primaryimage\"},\"thumbnailUrl\":\"https:\\\/\\\/www.bellunopress.it\\\/wp-content\\\/uploads\\\/2025\\\/12\\\/Thomas-Menia-Corbanese-sindaco-Danta.jpg\",\"articleSection\":[\"Prima Pagina\",\"Societ\u00e0, Associazioni, Istituzioni\"],\"inLanguage\":\"fr-FR\"},{\"@type\":\"WebPage\",\"@id\":\"https:\\\/\\\/www.bellunopress.it\\\/2025\\\/12\\\/18\\\/danta-di-cadore-gli-appuntamenti-natalizi\\\/\",\"url\":\"https:\\\/\\\/www.bellunopress.it\\\/2025\\\/12\\\/18\\\/danta-di-cadore-gli-appuntamenti-natalizi\\\/\",\"name\":\"Danta di Cadore, gli appuntamenti natalizi - Bellunopress - Dolomiti\",\"isPartOf\":{\"@id\":\"https:\\\/\\\/www.bellunopress.it\\\/#website\"},\"primaryImageOfPage\":{\"@id\":\"https:\\\/\\\/www.bellunopress.it\\\/2025\\\/12\\\/18\\\/danta-di-cadore-gli-appuntamenti-natalizi\\\/#primaryimage\"},\"image\":{\"@id\":\"https:\\\/\\\/www.bellunopress.it\\\/2025\\\/12\\\/18\\\/danta-di-cadore-gli-appuntamenti-natalizi\\\/#primaryimage\"},\"thumbnailUrl\":\"https:\\\/\\\/www.bellunopress.it\\\/wp-content\\\/uploads\\\/2025\\\/12\\\/Thomas-Menia-Corbanese-sindaco-Danta.jpg\",\"datePublished\":\"2025-12-18T15:02:49+00:00\",\"breadcrumb\":{\"@id\":\"https:\\\/\\\/www.bellunopress.it\\\/2025\\\/12\\\/18\\\/danta-di-cadore-gli-appuntamenti-natalizi\\\/#breadcrumb\"},\"inLanguage\":\"fr-FR\",\"potentialAction\":[{\"@type\":\"ReadAction\",\"target\":[\"https:\\\/\\\/www.bellunopress.it\\\/2025\\\/12\\\/18\\\/danta-di-cadore-gli-appuntamenti-natalizi\\\/\"]}]},{\"@type\":\"ImageObject\",\"inLanguage\":\"fr-FR\",\"@id\":\"https:\\\/\\\/www.bellunopress.it\\\/2025\\\/12\\\/18\\\/danta-di-cadore-gli-appuntamenti-natalizi\\\/#primaryimage\",\"url\":\"https:\\\/\\\/www.bellunopress.it\\\/wp-content\\\/uploads\\\/2025\\\/12\\\/Thomas-Menia-Corbanese-sindaco-Danta.jpg\",\"contentUrl\":\"https:\\\/\\\/www.bellunopress.it\\\/wp-content\\\/uploads\\\/2025\\\/12\\\/Thomas-Menia-Corbanese-sindaco-Danta.jpg\",\"width\":800,\"height\":717,\"caption\":\"Thomas Menia Corbanese, sindaco di Danta di Cadore\"},{\"@type\":\"BreadcrumbList\",\"@id\":\"https:\\\/\\\/www.bellunopress.it\\\/2025\\\/12\\\/18\\\/danta-di-cadore-gli-appuntamenti-natalizi\\\/#breadcrumb\",\"itemListElement\":[{\"@type\":\"ListItem\",\"position\":1,\"name\":\"Home\",\"item\":\"https:\\\/\\\/www.bellunopress.it\\\/\"},{\"@type\":\"ListItem\",\"position\":2,\"name\":\"Danta di Cadore, gli appuntamenti natalizi\"}]},{\"@type\":\"WebSite\",\"@id\":\"https:\\\/\\\/www.bellunopress.it\\\/#website\",\"url\":\"https:\\\/\\\/www.bellunopress.it\\\/\",\"name\":\"Bellunopress - Dolomiti\",\"description\":\"e-mail: redazione@bellunopress.it\",\"publisher\":{\"@id\":\"https:\\\/\\\/www.bellunopress.it\\\/#organization\"},\"potentialAction\":[{\"@type\":\"SearchAction\",\"target\":{\"@type\":\"EntryPoint\",\"urlTemplate\":\"https:\\\/\\\/www.bellunopress.it\\\/?s={search_term_string}\"},\"query-input\":{\"@type\":\"PropertyValueSpecification\",\"valueRequired\":true,\"valueName\":\"search_term_string\"}}],\"inLanguage\":\"fr-FR\"},{\"@type\":\"Organization\",\"@id\":\"https:\\\/\\\/www.bellunopress.it\\\/#organization\",\"name\":\"Bellunopress\",\"url\":\"https:\\\/\\\/www.bellunopress.it\\\/\",\"logo\":{\"@type\":\"ImageObject\",\"inLanguage\":\"fr-FR\",\"@id\":\"https:\\\/\\\/www.bellunopress.it\\\/#\\\/schema\\\/logo\\\/image\\\/\",\"url\":\"https:\\\/\\\/www.bellunopress.it\\\/wp-content\\\/uploads\\\/2011\\\/05\\\/cropped-logo-bellunopress-.jpg\",\"contentUrl\":\"https:\\\/\\\/www.bellunopress.it\\\/wp-content\\\/uploads\\\/2011\\\/05\\\/cropped-logo-bellunopress-.jpg\",\"width\":512,\"height\":512,\"caption\":\"Bellunopress\"},\"image\":{\"@id\":\"https:\\\/\\\/www.bellunopress.it\\\/#\\\/schema\\\/logo\\\/image\\\/\"},\"sameAs\":[\"https:\\\/\\\/www.facebook.com\\\/profile.php?id=100008943462799\",\"https:\\\/\\\/x.com\\\/bellunopress\",\"https:\\\/\\\/www.linkedin.com\\\/hp\\\/?dnr=JBzUWaJfMUw8vbXJJ2tVW5-I3jZKvC4wsoxE&amp;amp;amp;amp;amp;amp;trk=nav_responsive_tab_home\",\"https:\\\/\\\/www.youtube.com\\\/channel\\\/UCxL0wu1uN0_3_7hGG0306cw\"]},{\"@type\":\"Person\",\"@id\":\"https:\\\/\\\/www.bellunopress.it\\\/#\\\/schema\\\/person\\\/79bb06722b37ece1c03d3e94beb30d73\",\"name\":\"redazione\",\"image\":{\"@type\":\"ImageObject\",\"inLanguage\":\"fr-FR\",\"@id\":\"https:\\\/\\\/secure.gravatar.com\\\/avatar\\\/37d968a2e67a6fd04c169c4bdef102d0bc5d31b2546345219e348575eb80e9a0?s=96&d=mm&r=g\",\"url\":\"https:\\\/\\\/secure.gravatar.com\\\/avatar\\\/37d968a2e67a6fd04c169c4bdef102d0bc5d31b2546345219e348575eb80e9a0?s=96&d=mm&r=g\",\"contentUrl\":\"https:\\\/\\\/secure.gravatar.com\\\/avatar\\\/37d968a2e67a6fd04c169c4bdef102d0bc5d31b2546345219e348575eb80e9a0?s=96&d=mm&r=g\",\"caption\":\"redazione\"},\"sameAs\":[\"http:\\\/\\\/www.bellunopress.it\",\"https:\\\/\\\/x.com\\\/bellunopress\"],\"url\":\"https:\\\/\\\/www.bellunopress.it\\\/fr\\\/author\\\/redazione\\\/\"}]}<\/script>\n<!-- \/ Yoast SEO plugin. -->","yoast_head_json":{"title":"Danta di Cadore, gli appuntamenti natalizi - Bellunopress - Dolomiti","robots":{"index":"index","follow":"follow","max-snippet":"max-snippet:-1","max-image-preview":"max-image-preview:large","max-video-preview":"max-video-preview:-1"},"canonical":"https:\/\/www.bellunopress.it\/fr\/2025\/12\/18\/danta-di-cadore-gli-appuntamenti-natalizi\/","og_locale":"fr_FR","og_type":"article","og_title":"Danta di Cadore, gli appuntamenti natalizi - Bellunopress - Dolomiti","og_description":"L\u2019Amministrazione comunale di Danta di Cadore, insieme al gruppo \u201cChei d\u2019la B\u00e9la St\u00e9la\u201d, propongono un calendario di eventi significativi per accogliere le feste natalizie e creare delle occasioni di socialit\u00e0. \u201cSi parte il 20 dicembre, alle ore 17.00 nella Sala consiliare del Municipio, con la consegna delle borse di studio alla memoria del poeta Antonio [&hellip;]","og_url":"https:\/\/www.bellunopress.it\/fr\/2025\/12\/18\/danta-di-cadore-gli-appuntamenti-natalizi\/","og_site_name":"Bellunopress - Dolomiti","article_publisher":"https:\/\/www.facebook.com\/profile.php?id=100008943462799","article_published_time":"2025-12-18T15:02:49+00:00","og_image":[{"width":800,"height":717,"url":"https:\/\/www.bellunopress.it\/wp-content\/uploads\/2025\/12\/Thomas-Menia-Corbanese-sindaco-Danta.jpg","type":"image\/jpeg"}],"author":"redazione","twitter_card":"summary_large_image","twitter_creator":"@bellunopress","twitter_site":"@bellunopress","twitter_misc":{"\u00c9crit par":"redazione","Dur\u00e9e de lecture estim\u00e9e":"3 minutes"},"schema":{"@context":"https:\/\/schema.org","@graph":[{"@type":"Article","@id":"https:\/\/www.bellunopress.it\/2025\/12\/18\/danta-di-cadore-gli-appuntamenti-natalizi\/#article","isPartOf":{"@id":"https:\/\/www.bellunopress.it\/2025\/12\/18\/danta-di-cadore-gli-appuntamenti-natalizi\/"},"author":{"name":"redazione","@id":"https:\/\/www.bellunopress.it\/#\/schema\/person\/79bb06722b37ece1c03d3e94beb30d73"},"headline":"Danta di Cadore, gli appuntamenti natalizi","datePublished":"2025-12-18T15:02:49+00:00","mainEntityOfPage":{"@id":"https:\/\/www.bellunopress.it\/2025\/12\/18\/danta-di-cadore-gli-appuntamenti-natalizi\/"},"wordCount":537,"publisher":{"@id":"https:\/\/www.bellunopress.it\/#organization"},"image":{"@id":"https:\/\/www.bellunopress.it\/2025\/12\/18\/danta-di-cadore-gli-appuntamenti-natalizi\/#primaryimage"},"thumbnailUrl":"https:\/\/www.bellunopress.it\/wp-content\/uploads\/2025\/12\/Thomas-Menia-Corbanese-sindaco-Danta.jpg","articleSection":["Prima Pagina","Societ\u00e0, Associazioni, Istituzioni"],"inLanguage":"fr-FR"},{"@type":"WebPage","@id":"https:\/\/www.bellunopress.it\/2025\/12\/18\/danta-di-cadore-gli-appuntamenti-natalizi\/","url":"https:\/\/www.bellunopress.it\/2025\/12\/18\/danta-di-cadore-gli-appuntamenti-natalizi\/","name":"Danta di Cadore, gli appuntamenti natalizi - Bellunopress - Dolomiti","isPartOf":{"@id":"https:\/\/www.bellunopress.it\/#website"},"primaryImageOfPage":{"@id":"https:\/\/www.bellunopress.it\/2025\/12\/18\/danta-di-cadore-gli-appuntamenti-natalizi\/#primaryimage"},"image":{"@id":"https:\/\/www.bellunopress.it\/2025\/12\/18\/danta-di-cadore-gli-appuntamenti-natalizi\/#primaryimage"},"thumbnailUrl":"https:\/\/www.bellunopress.it\/wp-content\/uploads\/2025\/12\/Thomas-Menia-Corbanese-sindaco-Danta.jpg","datePublished":"2025-12-18T15:02:49+00:00","breadcrumb":{"@id":"https:\/\/www.bellunopress.it\/2025\/12\/18\/danta-di-cadore-gli-appuntamenti-natalizi\/#breadcrumb"},"inLanguage":"fr-FR","potentialAction":[{"@type":"ReadAction","target":["https:\/\/www.bellunopress.it\/2025\/12\/18\/danta-di-cadore-gli-appuntamenti-natalizi\/"]}]},{"@type":"ImageObject","inLanguage":"fr-FR","@id":"https:\/\/www.bellunopress.it\/2025\/12\/18\/danta-di-cadore-gli-appuntamenti-natalizi\/#primaryimage","url":"https:\/\/www.bellunopress.it\/wp-content\/uploads\/2025\/12\/Thomas-Menia-Corbanese-sindaco-Danta.jpg","contentUrl":"https:\/\/www.bellunopress.it\/wp-content\/uploads\/2025\/12\/Thomas-Menia-Corbanese-sindaco-Danta.jpg","width":800,"height":717,"caption":"Thomas Menia Corbanese, sindaco di Danta di Cadore"},{"@type":"BreadcrumbList","@id":"https:\/\/www.bellunopress.it\/2025\/12\/18\/danta-di-cadore-gli-appuntamenti-natalizi\/#breadcrumb","itemListElement":[{"@type":"ListItem","position":1,"name":"Home","item":"https:\/\/www.bellunopress.it\/"},{"@type":"ListItem","position":2,"name":"Danta di Cadore, gli appuntamenti natalizi"}]},{"@type":"WebSite","@id":"https:\/\/www.bellunopress.it\/#website","url":"https:\/\/www.bellunopress.it\/","name":"Bellunopress - Dolomiti","description":"e-mail: redazione@bellunopress.it","publisher":{"@id":"https:\/\/www.bellunopress.it\/#organization"},"potentialAction":[{"@type":"SearchAction","target":{"@type":"EntryPoint","urlTemplate":"https:\/\/www.bellunopress.it\/?s={search_term_string}"},"query-input":{"@type":"PropertyValueSpecification","valueRequired":true,"valueName":"search_term_string"}}],"inLanguage":"fr-FR"},{"@type":"Organization","@id":"https:\/\/www.bellunopress.it\/#organization","name":"Bellunopress","url":"https:\/\/www.bellunopress.it\/","logo":{"@type":"ImageObject","inLanguage":"fr-FR","@id":"https:\/\/www.bellunopress.it\/#\/schema\/logo\/image\/","url":"https:\/\/www.bellunopress.it\/wp-content\/uploads\/2011\/05\/cropped-logo-bellunopress-.jpg","contentUrl":"https:\/\/www.bellunopress.it\/wp-content\/uploads\/2011\/05\/cropped-logo-bellunopress-.jpg","width":512,"height":512,"caption":"Bellunopress"},"image":{"@id":"https:\/\/www.bellunopress.it\/#\/schema\/logo\/image\/"},"sameAs":["https:\/\/www.facebook.com\/profile.php?id=100008943462799","https:\/\/x.com\/bellunopress","https:\/\/www.linkedin.com\/hp\/?dnr=JBzUWaJfMUw8vbXJJ2tVW5-I3jZKvC4wsoxE&amp;amp;amp;amp;amp;amp;trk=nav_responsive_tab_home","https:\/\/www.youtube.com\/channel\/UCxL0wu1uN0_3_7hGG0306cw"]},{"@type":"Person","@id":"https:\/\/www.bellunopress.it\/#\/schema\/person\/79bb06722b37ece1c03d3e94beb30d73","name":"r\u00e9daction","image":{"@type":"ImageObject","inLanguage":"fr-FR","@id":"https:\/\/secure.gravatar.com\/avatar\/37d968a2e67a6fd04c169c4bdef102d0bc5d31b2546345219e348575eb80e9a0?s=96&d=mm&r=g","url":"https:\/\/secure.gravatar.com\/avatar\/37d968a2e67a6fd04c169c4bdef102d0bc5d31b2546345219e348575eb80e9a0?s=96&d=mm&r=g","contentUrl":"https:\/\/secure.gravatar.com\/avatar\/37d968a2e67a6fd04c169c4bdef102d0bc5d31b2546345219e348575eb80e9a0?s=96&d=mm&r=g","caption":"redazione"},"sameAs":["http:\/\/www.bellunopress.it","https:\/\/x.com\/bellunopress"],"url":"https:\/\/www.bellunopress.it\/fr\/author\/redazione\/"}]}},"_links":{"self":[{"href":"https:\/\/www.bellunopress.it\/fr\/wp-json\/wp\/v2\/posts\/165876","targetHints":{"allow":["GET"]}}],"collection":[{"href":"https:\/\/www.bellunopress.it\/fr\/wp-json\/wp\/v2\/posts"}],"about":[{"href":"https:\/\/www.bellunopress.it\/fr\/wp-json\/wp\/v2\/types\/post"}],"author":[{"embeddable":true,"href":"https:\/\/www.bellunopress.it\/fr\/wp-json\/wp\/v2\/users\/2"}],"replies":[{"embeddable":true,"href":"https:\/\/www.bellunopress.it\/fr\/wp-json\/wp\/v2\/comments?post=165876"}],"version-history":[{"count":1,"href":"https:\/\/www.bellunopress.it\/fr\/wp-json\/wp\/v2\/posts\/165876\/revisions"}],"predecessor-version":[{"id":165878,"href":"https:\/\/www.bellunopress.it\/fr\/wp-json\/wp\/v2\/posts\/165876\/revisions\/165878"}],"wp:featuredmedia":[{"embeddable":true,"href":"https:\/\/www.bellunopress.it\/fr\/wp-json\/wp\/v2\/media\/165877"}],"wp:attachment":[{"href":"https:\/\/www.bellunopress.it\/fr\/wp-json\/wp\/v2\/media?parent=165876"}],"wp:term":[{"taxonomy":"category","embeddable":true,"href":"https:\/\/www.bellunopress.it\/fr\/wp-json\/wp\/v2\/categories?post=165876"},{"taxonomy":"post_tag","embeddable":true,"href":"https:\/\/www.bellunopress.it\/fr\/wp-json\/wp\/v2\/tags?post=165876"}],"curies":[{"name":"wp","href":"https:\/\/api.w.org\/{rel}","templated":true}]}}