{"id":165873,"date":"2025-12-18T13:10:26","date_gmt":"2025-12-18T12:10:26","guid":{"rendered":"https:\/\/www.bellunopress.it\/?p=165873"},"modified":"2025-12-18T13:10:26","modified_gmt":"2025-12-18T12:10:26","slug":"sport-accessibilita-e-paralimpiadi-150-studenti-al-teatro-buzzati-per-integralmente-sport-cultura-in-viaggio-verso-le-paralimpiadi","status":"publish","type":"post","link":"https:\/\/www.bellunopress.it\/fr\/2025\/12\/18\/sport-accessibilita-e-paralimpiadi-150-studenti-al-teatro-buzzati-per-integralmente-sport-cultura-in-viaggio-verso-le-paralimpiadi\/","title":{"rendered":"Sport, accessibilit\u00e0 e Paralimpiadi: 150 studenti al Teatro Buzzati per \u201cIntegralmente Sport &#038; Cultura. In viaggio verso le Paralimpiadi\u201d"},"content":{"rendered":"<p><img loading=\"lazy\" decoding=\"async\" class=\"aligncenter size-full wp-image-165874\" src=\"https:\/\/www.bellunopress.it\/wp-content\/uploads\/2025\/12\/assoc-Assi_edited.jpg\" alt=\"\" width=\"800\" height=\"445\" srcset=\"https:\/\/www.bellunopress.it\/wp-content\/uploads\/2025\/12\/assoc-Assi_edited.jpg 800w, https:\/\/www.bellunopress.it\/wp-content\/uploads\/2025\/12\/assoc-Assi_edited-500x278.jpg 500w, https:\/\/www.bellunopress.it\/wp-content\/uploads\/2025\/12\/assoc-Assi_edited-755x420.jpg 755w, https:\/\/www.bellunopress.it\/wp-content\/uploads\/2025\/12\/assoc-Assi_edited-696x387.jpg 696w\" sizes=\"auto, (max-width: 800px) 100vw, 800px\" \/>Belluno, 18 dicembre 2025 \u2013 Storie, esperienze e prospettive sul mondo paralimpico sono<br \/>\nstate al centro dell\u2019incontro che si \u00e8 tenuto ieri mattina al Teatro Dino Buzzati di Belluno, dove l&#8217;Associazione ASSI e Fondazione Cortina hanno riunito circa 150 studenti delle scuole superiori del territorio per una mattinata dedicata allo sport, all\u2019accessibilit\u00e0 e alle prossime Paralimpiadi invernali di Milano-Cortina 2026.<br \/>\nL\u2019evento, in cui sono stati coinvolti gli istituti Segato e Catullo di Belluno e dell\u2019Istituto Della<br \/>\nLucia di Feltre, \u00e8 la prima tappa del percorso \u201cIntegralmente sport e cultura. In viaggio verso le Paralimpiadi\u201d, inserito nel progetto \u201cObiettivo Olimpiadi: medaglia d\u2019oro ad un territorio\u201d con capofila il Comune di Belluno e sostenuto da Fondazione Cariverona. Un tassello del percorso di divulgazione e sensibilizzazione che ASSI porta avanti da oltre dieci anni nelle scuole della provincia. Un impegno che precede l\u2019appuntamento olimpico e paralimpico e che punta a promuovere una cultura dello sport come strumento di inclusione e partecipazione.<br \/>\nNel corso dell\u2019incontro sono intervenuti Sofia Marchesini e Matteo Gobbo di Fondazione<br \/>\nCortina, che hanno illustrato ai ragazzi come Cortina si stia preparando ad accogliere i Giochi Olimpici e Paralimpici del 2026, soffermandosi sul lavoro di progettazione delle sedi di gara e sul forte impegno per garantire accessibilit\u00e0 e inclusione per atleti, delegazioni e pubblico.<br \/>\nMomento particolarmente significativo \u00e8 stato quello dedicato alle testimonianze degli atleti.<br \/>\nSul palco sono saliti Angela Menardi e Matteo Ronzani, atleti bellunesi della nazionale<br \/>\nitaliana di wheelchair curling, che rappresenteranno l\u2019Italia proprio nel torneo paralimpico<br \/>\nche si disputer\u00e0 a Cortina. Angela Menardi, alla sua terza partecipazione paralimpica, ha<br \/>\ncondiviso con gli studenti le emozioni legate all\u2019attesa dei Giochi \u00abCosa mi aspetto dai Giochi Paralimpici di Cortina? Di sicuro per noi atleti di casa sar\u00e0 una grande emozione, che dovremo saper gestire sul campo. Avere vicino amici e familiari \u00e8 importante e ci dar\u00e0 una grande motivazione\u00bb.<br \/>\nSoddisfatto il presidente di ASSI, Davide Giozet, che ha spiegato ai ragazzi come lo sport sia stato \u2013 e continui a essere \u2013 per molte persone con disabilit\u00e0 un potente veicolo di inclusione, crescita personale e riacquisizione di autonomie, oltre che uno strumento culturale capace di abbattere barriere e pregiudizi.<br \/>\nL\u2019incontro si \u00e8 svolto con la collaborazione dell\u2019Ufficio Scolastico Territoriale di Belluno, di<br \/>\nFondazione Cortina e con il patrocinio del CIP Veneto e del Comitato Veneto FISI. Il progetto \u201cIntegralmente sport e cultura\u201d proseguir\u00e0 nei prossimi mesi coinvolgendo anche le scuole medie del territorio, accompagnando studenti e docenti in un percorso di approfondimento sugli sport paralimpici che culminer\u00e0 in una giornata di restituzione prevista per il prossimo maggio.<\/p>","protected":false},"excerpt":{"rendered":"<p>Belluno, 18 dicembre 2025 \u2013 Storie, esperienze e prospettive sul mondo paralimpico sono state al centro dell\u2019incontro che si \u00e8 tenuto ieri mattina al Teatro Dino Buzzati di Belluno, dove l&#8217;Associazione ASSI e Fondazione Cortina hanno riunito circa 150 studenti delle scuole superiori del territorio per una mattinata dedicata allo sport, all\u2019accessibilit\u00e0 e alle prossime [&hellip;]<\/p>\n","protected":false},"author":2,"featured_media":165874,"comment_status":"closed","ping_status":"open","sticky":false,"template":"","format":"standard","meta":{"footnotes":""},"categories":[15,8],"tags":[],"class_list":["post-165873","post","type-post","status-publish","format-standard","has-post-thumbnail","category-scuola","category-societa-istituzioni"],"yoast_head":"<!-- This site is optimized with the Yoast SEO plugin v28.4 - https:\/\/yoast.com\/product\/yoast-seo-wordpress\/ -->\n<title>Sport, accessibilit\u00e0 e Paralimpiadi: 150 studenti al Teatro Buzzati per \u201cIntegralmente Sport &amp; Cultura. In viaggio verso le Paralimpiadi\u201d - Bellunopress - Dolomiti<\/title>\n<meta name=\"robots\" content=\"index, follow, max-snippet:-1, max-image-preview:large, max-video-preview:-1\" \/>\n<link rel=\"canonical\" href=\"https:\/\/www.bellunopress.it\/fr\/2025\/12\/18\/sport-accessibilita-e-paralimpiadi-150-studenti-al-teatro-buzzati-per-integralmente-sport-cultura-in-viaggio-verso-le-paralimpiadi\/\" \/>\n<meta property=\"og:locale\" content=\"fr_FR\" \/>\n<meta property=\"og:type\" content=\"article\" \/>\n<meta property=\"og:title\" content=\"Sport, accessibilit\u00e0 e Paralimpiadi: 150 studenti al Teatro Buzzati per \u201cIntegralmente Sport &amp; Cultura. In viaggio verso le Paralimpiadi\u201d - Bellunopress - Dolomiti\" \/>\n<meta property=\"og:description\" content=\"Belluno, 18 dicembre 2025 \u2013 Storie, esperienze e prospettive sul mondo paralimpico sono state al centro dell\u2019incontro che si \u00e8 tenuto ieri mattina al Teatro Dino Buzzati di Belluno, dove l&#8217;Associazione ASSI e Fondazione Cortina hanno riunito circa 150 studenti delle scuole superiori del territorio per una mattinata dedicata allo sport, all\u2019accessibilit\u00e0 e alle prossime [&hellip;]\" \/>\n<meta property=\"og:url\" content=\"https:\/\/www.bellunopress.it\/fr\/2025\/12\/18\/sport-accessibilita-e-paralimpiadi-150-studenti-al-teatro-buzzati-per-integralmente-sport-cultura-in-viaggio-verso-le-paralimpiadi\/\" \/>\n<meta property=\"og:site_name\" content=\"Bellunopress - Dolomiti\" \/>\n<meta property=\"article:publisher\" content=\"https:\/\/www.facebook.com\/profile.php?id=100008943462799\" \/>\n<meta property=\"article:published_time\" content=\"2025-12-18T12:10:26+00:00\" \/>\n<meta property=\"og:image\" content=\"https:\/\/www.bellunopress.it\/wp-content\/uploads\/2025\/12\/assoc-Assi_edited.jpg\" \/>\n\t<meta property=\"og:image:width\" content=\"800\" \/>\n\t<meta property=\"og:image:height\" content=\"445\" \/>\n\t<meta property=\"og:image:type\" content=\"image\/jpeg\" \/>\n<meta name=\"author\" content=\"redazione\" \/>\n<meta name=\"twitter:card\" content=\"summary_large_image\" \/>\n<meta name=\"twitter:creator\" content=\"@bellunopress\" \/>\n<meta name=\"twitter:site\" content=\"@bellunopress\" \/>\n<meta name=\"twitter:label1\" content=\"\u00c9crit par\" \/>\n\t<meta name=\"twitter:data1\" content=\"redazione\" \/>\n\t<meta name=\"twitter:label2\" content=\"Dur\u00e9e de lecture estim\u00e9e\" \/>\n\t<meta name=\"twitter:data2\" content=\"2 minutes\" \/>\n<script type=\"application\/ld+json\" class=\"yoast-schema-graph\">{\"@context\":\"https:\\\/\\\/schema.org\",\"@graph\":[{\"@type\":\"Article\",\"@id\":\"https:\\\/\\\/www.bellunopress.it\\\/2025\\\/12\\\/18\\\/sport-accessibilita-e-paralimpiadi-150-studenti-al-teatro-buzzati-per-integralmente-sport-cultura-in-viaggio-verso-le-paralimpiadi\\\/#article\",\"isPartOf\":{\"@id\":\"https:\\\/\\\/www.bellunopress.it\\\/2025\\\/12\\\/18\\\/sport-accessibilita-e-paralimpiadi-150-studenti-al-teatro-buzzati-per-integralmente-sport-cultura-in-viaggio-verso-le-paralimpiadi\\\/\"},\"author\":{\"name\":\"redazione\",\"@id\":\"https:\\\/\\\/www.bellunopress.it\\\/#\\\/schema\\\/person\\\/79bb06722b37ece1c03d3e94beb30d73\"},\"headline\":\"Sport, accessibilit\u00e0 e Paralimpiadi: 150 studenti al Teatro Buzzati per \u201cIntegralmente Sport &#038; Cultura. In viaggio verso le Paralimpiadi\u201d\",\"datePublished\":\"2025-12-18T12:10:26+00:00\",\"mainEntityOfPage\":{\"@id\":\"https:\\\/\\\/www.bellunopress.it\\\/2025\\\/12\\\/18\\\/sport-accessibilita-e-paralimpiadi-150-studenti-al-teatro-buzzati-per-integralmente-sport-cultura-in-viaggio-verso-le-paralimpiadi\\\/\"},\"wordCount\":443,\"publisher\":{\"@id\":\"https:\\\/\\\/www.bellunopress.it\\\/#organization\"},\"image\":{\"@id\":\"https:\\\/\\\/www.bellunopress.it\\\/2025\\\/12\\\/18\\\/sport-accessibilita-e-paralimpiadi-150-studenti-al-teatro-buzzati-per-integralmente-sport-cultura-in-viaggio-verso-le-paralimpiadi\\\/#primaryimage\"},\"thumbnailUrl\":\"https:\\\/\\\/www.bellunopress.it\\\/wp-content\\\/uploads\\\/2025\\\/12\\\/assoc-Assi_edited.jpg\",\"articleSection\":[\"Scuola\",\"Societ\u00e0, Associazioni, Istituzioni\"],\"inLanguage\":\"fr-FR\"},{\"@type\":\"WebPage\",\"@id\":\"https:\\\/\\\/www.bellunopress.it\\\/2025\\\/12\\\/18\\\/sport-accessibilita-e-paralimpiadi-150-studenti-al-teatro-buzzati-per-integralmente-sport-cultura-in-viaggio-verso-le-paralimpiadi\\\/\",\"url\":\"https:\\\/\\\/www.bellunopress.it\\\/2025\\\/12\\\/18\\\/sport-accessibilita-e-paralimpiadi-150-studenti-al-teatro-buzzati-per-integralmente-sport-cultura-in-viaggio-verso-le-paralimpiadi\\\/\",\"name\":\"Sport, accessibilit\u00e0 e Paralimpiadi: 150 studenti al Teatro Buzzati per \u201cIntegralmente Sport & Cultura. In viaggio verso le Paralimpiadi\u201d - Bellunopress - Dolomiti\",\"isPartOf\":{\"@id\":\"https:\\\/\\\/www.bellunopress.it\\\/#website\"},\"primaryImageOfPage\":{\"@id\":\"https:\\\/\\\/www.bellunopress.it\\\/2025\\\/12\\\/18\\\/sport-accessibilita-e-paralimpiadi-150-studenti-al-teatro-buzzati-per-integralmente-sport-cultura-in-viaggio-verso-le-paralimpiadi\\\/#primaryimage\"},\"image\":{\"@id\":\"https:\\\/\\\/www.bellunopress.it\\\/2025\\\/12\\\/18\\\/sport-accessibilita-e-paralimpiadi-150-studenti-al-teatro-buzzati-per-integralmente-sport-cultura-in-viaggio-verso-le-paralimpiadi\\\/#primaryimage\"},\"thumbnailUrl\":\"https:\\\/\\\/www.bellunopress.it\\\/wp-content\\\/uploads\\\/2025\\\/12\\\/assoc-Assi_edited.jpg\",\"datePublished\":\"2025-12-18T12:10:26+00:00\",\"breadcrumb\":{\"@id\":\"https:\\\/\\\/www.bellunopress.it\\\/2025\\\/12\\\/18\\\/sport-accessibilita-e-paralimpiadi-150-studenti-al-teatro-buzzati-per-integralmente-sport-cultura-in-viaggio-verso-le-paralimpiadi\\\/#breadcrumb\"},\"inLanguage\":\"fr-FR\",\"potentialAction\":[{\"@type\":\"ReadAction\",\"target\":[\"https:\\\/\\\/www.bellunopress.it\\\/2025\\\/12\\\/18\\\/sport-accessibilita-e-paralimpiadi-150-studenti-al-teatro-buzzati-per-integralmente-sport-cultura-in-viaggio-verso-le-paralimpiadi\\\/\"]}]},{\"@type\":\"ImageObject\",\"inLanguage\":\"fr-FR\",\"@id\":\"https:\\\/\\\/www.bellunopress.it\\\/2025\\\/12\\\/18\\\/sport-accessibilita-e-paralimpiadi-150-studenti-al-teatro-buzzati-per-integralmente-sport-cultura-in-viaggio-verso-le-paralimpiadi\\\/#primaryimage\",\"url\":\"https:\\\/\\\/www.bellunopress.it\\\/wp-content\\\/uploads\\\/2025\\\/12\\\/assoc-Assi_edited.jpg\",\"contentUrl\":\"https:\\\/\\\/www.bellunopress.it\\\/wp-content\\\/uploads\\\/2025\\\/12\\\/assoc-Assi_edited.jpg\",\"width\":800,\"height\":445},{\"@type\":\"BreadcrumbList\",\"@id\":\"https:\\\/\\\/www.bellunopress.it\\\/2025\\\/12\\\/18\\\/sport-accessibilita-e-paralimpiadi-150-studenti-al-teatro-buzzati-per-integralmente-sport-cultura-in-viaggio-verso-le-paralimpiadi\\\/#breadcrumb\",\"itemListElement\":[{\"@type\":\"ListItem\",\"position\":1,\"name\":\"Home\",\"item\":\"https:\\\/\\\/www.bellunopress.it\\\/\"},{\"@type\":\"ListItem\",\"position\":2,\"name\":\"Sport, accessibilit\u00e0 e Paralimpiadi: 150 studenti al Teatro Buzzati per \u201cIntegralmente Sport &#038; Cultura. In viaggio verso le Paralimpiadi\u201d\"}]},{\"@type\":\"WebSite\",\"@id\":\"https:\\\/\\\/www.bellunopress.it\\\/#website\",\"url\":\"https:\\\/\\\/www.bellunopress.it\\\/\",\"name\":\"Bellunopress - Dolomiti\",\"description\":\"e-mail: redazione@bellunopress.it\",\"publisher\":{\"@id\":\"https:\\\/\\\/www.bellunopress.it\\\/#organization\"},\"potentialAction\":[{\"@type\":\"SearchAction\",\"target\":{\"@type\":\"EntryPoint\",\"urlTemplate\":\"https:\\\/\\\/www.bellunopress.it\\\/?s={search_term_string}\"},\"query-input\":{\"@type\":\"PropertyValueSpecification\",\"valueRequired\":true,\"valueName\":\"search_term_string\"}}],\"inLanguage\":\"fr-FR\"},{\"@type\":\"Organization\",\"@id\":\"https:\\\/\\\/www.bellunopress.it\\\/#organization\",\"name\":\"Bellunopress\",\"url\":\"https:\\\/\\\/www.bellunopress.it\\\/\",\"logo\":{\"@type\":\"ImageObject\",\"inLanguage\":\"fr-FR\",\"@id\":\"https:\\\/\\\/www.bellunopress.it\\\/#\\\/schema\\\/logo\\\/image\\\/\",\"url\":\"https:\\\/\\\/www.bellunopress.it\\\/wp-content\\\/uploads\\\/2011\\\/05\\\/cropped-logo-bellunopress-.jpg\",\"contentUrl\":\"https:\\\/\\\/www.bellunopress.it\\\/wp-content\\\/uploads\\\/2011\\\/05\\\/cropped-logo-bellunopress-.jpg\",\"width\":512,\"height\":512,\"caption\":\"Bellunopress\"},\"image\":{\"@id\":\"https:\\\/\\\/www.bellunopress.it\\\/#\\\/schema\\\/logo\\\/image\\\/\"},\"sameAs\":[\"https:\\\/\\\/www.facebook.com\\\/profile.php?id=100008943462799\",\"https:\\\/\\\/x.com\\\/bellunopress\",\"https:\\\/\\\/www.linkedin.com\\\/hp\\\/?dnr=JBzUWaJfMUw8vbXJJ2tVW5-I3jZKvC4wsoxE&amp;amp;amp;amp;amp;amp;trk=nav_responsive_tab_home\",\"https:\\\/\\\/www.youtube.com\\\/channel\\\/UCxL0wu1uN0_3_7hGG0306cw\"]},{\"@type\":\"Person\",\"@id\":\"https:\\\/\\\/www.bellunopress.it\\\/#\\\/schema\\\/person\\\/79bb06722b37ece1c03d3e94beb30d73\",\"name\":\"redazione\",\"image\":{\"@type\":\"ImageObject\",\"inLanguage\":\"fr-FR\",\"@id\":\"https:\\\/\\\/secure.gravatar.com\\\/avatar\\\/37d968a2e67a6fd04c169c4bdef102d0bc5d31b2546345219e348575eb80e9a0?s=96&d=mm&r=g\",\"url\":\"https:\\\/\\\/secure.gravatar.com\\\/avatar\\\/37d968a2e67a6fd04c169c4bdef102d0bc5d31b2546345219e348575eb80e9a0?s=96&d=mm&r=g\",\"contentUrl\":\"https:\\\/\\\/secure.gravatar.com\\\/avatar\\\/37d968a2e67a6fd04c169c4bdef102d0bc5d31b2546345219e348575eb80e9a0?s=96&d=mm&r=g\",\"caption\":\"redazione\"},\"sameAs\":[\"http:\\\/\\\/www.bellunopress.it\",\"https:\\\/\\\/x.com\\\/bellunopress\"],\"url\":\"https:\\\/\\\/www.bellunopress.it\\\/fr\\\/author\\\/redazione\\\/\"}]}<\/script>\n<!-- \/ Yoast SEO plugin. -->","yoast_head_json":{"title":"Sport, accessibilit\u00e0 e Paralimpiadi: 150 studenti al Teatro Buzzati per \u201cIntegralmente Sport & Cultura. In viaggio verso le Paralimpiadi\u201d - Bellunopress - Dolomiti","robots":{"index":"index","follow":"follow","max-snippet":"max-snippet:-1","max-image-preview":"max-image-preview:large","max-video-preview":"max-video-preview:-1"},"canonical":"https:\/\/www.bellunopress.it\/fr\/2025\/12\/18\/sport-accessibilita-e-paralimpiadi-150-studenti-al-teatro-buzzati-per-integralmente-sport-cultura-in-viaggio-verso-le-paralimpiadi\/","og_locale":"fr_FR","og_type":"article","og_title":"Sport, accessibilit\u00e0 e Paralimpiadi: 150 studenti al Teatro Buzzati per \u201cIntegralmente Sport & Cultura. In viaggio verso le Paralimpiadi\u201d - Bellunopress - Dolomiti","og_description":"Belluno, 18 dicembre 2025 \u2013 Storie, esperienze e prospettive sul mondo paralimpico sono state al centro dell\u2019incontro che si \u00e8 tenuto ieri mattina al Teatro Dino Buzzati di Belluno, dove l&#8217;Associazione ASSI e Fondazione Cortina hanno riunito circa 150 studenti delle scuole superiori del territorio per una mattinata dedicata allo sport, all\u2019accessibilit\u00e0 e alle prossime [&hellip;]","og_url":"https:\/\/www.bellunopress.it\/fr\/2025\/12\/18\/sport-accessibilita-e-paralimpiadi-150-studenti-al-teatro-buzzati-per-integralmente-sport-cultura-in-viaggio-verso-le-paralimpiadi\/","og_site_name":"Bellunopress - Dolomiti","article_publisher":"https:\/\/www.facebook.com\/profile.php?id=100008943462799","article_published_time":"2025-12-18T12:10:26+00:00","og_image":[{"width":800,"height":445,"url":"https:\/\/www.bellunopress.it\/wp-content\/uploads\/2025\/12\/assoc-Assi_edited.jpg","type":"image\/jpeg"}],"author":"redazione","twitter_card":"summary_large_image","twitter_creator":"@bellunopress","twitter_site":"@bellunopress","twitter_misc":{"\u00c9crit par":"redazione","Dur\u00e9e de lecture estim\u00e9e":"2 minutes"},"schema":{"@context":"https:\/\/schema.org","@graph":[{"@type":"Article","@id":"https:\/\/www.bellunopress.it\/2025\/12\/18\/sport-accessibilita-e-paralimpiadi-150-studenti-al-teatro-buzzati-per-integralmente-sport-cultura-in-viaggio-verso-le-paralimpiadi\/#article","isPartOf":{"@id":"https:\/\/www.bellunopress.it\/2025\/12\/18\/sport-accessibilita-e-paralimpiadi-150-studenti-al-teatro-buzzati-per-integralmente-sport-cultura-in-viaggio-verso-le-paralimpiadi\/"},"author":{"name":"redazione","@id":"https:\/\/www.bellunopress.it\/#\/schema\/person\/79bb06722b37ece1c03d3e94beb30d73"},"headline":"Sport, accessibilit\u00e0 e Paralimpiadi: 150 studenti al Teatro Buzzati per \u201cIntegralmente Sport &#038; Cultura. In viaggio verso le Paralimpiadi\u201d","datePublished":"2025-12-18T12:10:26+00:00","mainEntityOfPage":{"@id":"https:\/\/www.bellunopress.it\/2025\/12\/18\/sport-accessibilita-e-paralimpiadi-150-studenti-al-teatro-buzzati-per-integralmente-sport-cultura-in-viaggio-verso-le-paralimpiadi\/"},"wordCount":443,"publisher":{"@id":"https:\/\/www.bellunopress.it\/#organization"},"image":{"@id":"https:\/\/www.bellunopress.it\/2025\/12\/18\/sport-accessibilita-e-paralimpiadi-150-studenti-al-teatro-buzzati-per-integralmente-sport-cultura-in-viaggio-verso-le-paralimpiadi\/#primaryimage"},"thumbnailUrl":"https:\/\/www.bellunopress.it\/wp-content\/uploads\/2025\/12\/assoc-Assi_edited.jpg","articleSection":["Scuola","Societ\u00e0, Associazioni, Istituzioni"],"inLanguage":"fr-FR"},{"@type":"WebPage","@id":"https:\/\/www.bellunopress.it\/2025\/12\/18\/sport-accessibilita-e-paralimpiadi-150-studenti-al-teatro-buzzati-per-integralmente-sport-cultura-in-viaggio-verso-le-paralimpiadi\/","url":"https:\/\/www.bellunopress.it\/2025\/12\/18\/sport-accessibilita-e-paralimpiadi-150-studenti-al-teatro-buzzati-per-integralmente-sport-cultura-in-viaggio-verso-le-paralimpiadi\/","name":"Sport, accessibilit\u00e0 e Paralimpiadi: 150 studenti al Teatro Buzzati per \u201cIntegralmente Sport & Cultura. In viaggio verso le Paralimpiadi\u201d - Bellunopress - Dolomiti","isPartOf":{"@id":"https:\/\/www.bellunopress.it\/#website"},"primaryImageOfPage":{"@id":"https:\/\/www.bellunopress.it\/2025\/12\/18\/sport-accessibilita-e-paralimpiadi-150-studenti-al-teatro-buzzati-per-integralmente-sport-cultura-in-viaggio-verso-le-paralimpiadi\/#primaryimage"},"image":{"@id":"https:\/\/www.bellunopress.it\/2025\/12\/18\/sport-accessibilita-e-paralimpiadi-150-studenti-al-teatro-buzzati-per-integralmente-sport-cultura-in-viaggio-verso-le-paralimpiadi\/#primaryimage"},"thumbnailUrl":"https:\/\/www.bellunopress.it\/wp-content\/uploads\/2025\/12\/assoc-Assi_edited.jpg","datePublished":"2025-12-18T12:10:26+00:00","breadcrumb":{"@id":"https:\/\/www.bellunopress.it\/2025\/12\/18\/sport-accessibilita-e-paralimpiadi-150-studenti-al-teatro-buzzati-per-integralmente-sport-cultura-in-viaggio-verso-le-paralimpiadi\/#breadcrumb"},"inLanguage":"fr-FR","potentialAction":[{"@type":"ReadAction","target":["https:\/\/www.bellunopress.it\/2025\/12\/18\/sport-accessibilita-e-paralimpiadi-150-studenti-al-teatro-buzzati-per-integralmente-sport-cultura-in-viaggio-verso-le-paralimpiadi\/"]}]},{"@type":"ImageObject","inLanguage":"fr-FR","@id":"https:\/\/www.bellunopress.it\/2025\/12\/18\/sport-accessibilita-e-paralimpiadi-150-studenti-al-teatro-buzzati-per-integralmente-sport-cultura-in-viaggio-verso-le-paralimpiadi\/#primaryimage","url":"https:\/\/www.bellunopress.it\/wp-content\/uploads\/2025\/12\/assoc-Assi_edited.jpg","contentUrl":"https:\/\/www.bellunopress.it\/wp-content\/uploads\/2025\/12\/assoc-Assi_edited.jpg","width":800,"height":445},{"@type":"BreadcrumbList","@id":"https:\/\/www.bellunopress.it\/2025\/12\/18\/sport-accessibilita-e-paralimpiadi-150-studenti-al-teatro-buzzati-per-integralmente-sport-cultura-in-viaggio-verso-le-paralimpiadi\/#breadcrumb","itemListElement":[{"@type":"ListItem","position":1,"name":"Home","item":"https:\/\/www.bellunopress.it\/"},{"@type":"ListItem","position":2,"name":"Sport, accessibilit\u00e0 e Paralimpiadi: 150 studenti al Teatro Buzzati per \u201cIntegralmente Sport &#038; Cultura. In viaggio verso le Paralimpiadi\u201d"}]},{"@type":"WebSite","@id":"https:\/\/www.bellunopress.it\/#website","url":"https:\/\/www.bellunopress.it\/","name":"Bellunopress - Dolomiti","description":"e-mail: redazione@bellunopress.it","publisher":{"@id":"https:\/\/www.bellunopress.it\/#organization"},"potentialAction":[{"@type":"SearchAction","target":{"@type":"EntryPoint","urlTemplate":"https:\/\/www.bellunopress.it\/?s={search_term_string}"},"query-input":{"@type":"PropertyValueSpecification","valueRequired":true,"valueName":"search_term_string"}}],"inLanguage":"fr-FR"},{"@type":"Organization","@id":"https:\/\/www.bellunopress.it\/#organization","name":"Bellunopress","url":"https:\/\/www.bellunopress.it\/","logo":{"@type":"ImageObject","inLanguage":"fr-FR","@id":"https:\/\/www.bellunopress.it\/#\/schema\/logo\/image\/","url":"https:\/\/www.bellunopress.it\/wp-content\/uploads\/2011\/05\/cropped-logo-bellunopress-.jpg","contentUrl":"https:\/\/www.bellunopress.it\/wp-content\/uploads\/2011\/05\/cropped-logo-bellunopress-.jpg","width":512,"height":512,"caption":"Bellunopress"},"image":{"@id":"https:\/\/www.bellunopress.it\/#\/schema\/logo\/image\/"},"sameAs":["https:\/\/www.facebook.com\/profile.php?id=100008943462799","https:\/\/x.com\/bellunopress","https:\/\/www.linkedin.com\/hp\/?dnr=JBzUWaJfMUw8vbXJJ2tVW5-I3jZKvC4wsoxE&amp;amp;amp;amp;amp;amp;trk=nav_responsive_tab_home","https:\/\/www.youtube.com\/channel\/UCxL0wu1uN0_3_7hGG0306cw"]},{"@type":"Person","@id":"https:\/\/www.bellunopress.it\/#\/schema\/person\/79bb06722b37ece1c03d3e94beb30d73","name":"r\u00e9daction","image":{"@type":"ImageObject","inLanguage":"fr-FR","@id":"https:\/\/secure.gravatar.com\/avatar\/37d968a2e67a6fd04c169c4bdef102d0bc5d31b2546345219e348575eb80e9a0?s=96&d=mm&r=g","url":"https:\/\/secure.gravatar.com\/avatar\/37d968a2e67a6fd04c169c4bdef102d0bc5d31b2546345219e348575eb80e9a0?s=96&d=mm&r=g","contentUrl":"https:\/\/secure.gravatar.com\/avatar\/37d968a2e67a6fd04c169c4bdef102d0bc5d31b2546345219e348575eb80e9a0?s=96&d=mm&r=g","caption":"redazione"},"sameAs":["http:\/\/www.bellunopress.it","https:\/\/x.com\/bellunopress"],"url":"https:\/\/www.bellunopress.it\/fr\/author\/redazione\/"}]}},"_links":{"self":[{"href":"https:\/\/www.bellunopress.it\/fr\/wp-json\/wp\/v2\/posts\/165873","targetHints":{"allow":["GET"]}}],"collection":[{"href":"https:\/\/www.bellunopress.it\/fr\/wp-json\/wp\/v2\/posts"}],"about":[{"href":"https:\/\/www.bellunopress.it\/fr\/wp-json\/wp\/v2\/types\/post"}],"author":[{"embeddable":true,"href":"https:\/\/www.bellunopress.it\/fr\/wp-json\/wp\/v2\/users\/2"}],"replies":[{"embeddable":true,"href":"https:\/\/www.bellunopress.it\/fr\/wp-json\/wp\/v2\/comments?post=165873"}],"version-history":[{"count":1,"href":"https:\/\/www.bellunopress.it\/fr\/wp-json\/wp\/v2\/posts\/165873\/revisions"}],"predecessor-version":[{"id":165875,"href":"https:\/\/www.bellunopress.it\/fr\/wp-json\/wp\/v2\/posts\/165873\/revisions\/165875"}],"wp:featuredmedia":[{"embeddable":true,"href":"https:\/\/www.bellunopress.it\/fr\/wp-json\/wp\/v2\/media\/165874"}],"wp:attachment":[{"href":"https:\/\/www.bellunopress.it\/fr\/wp-json\/wp\/v2\/media?parent=165873"}],"wp:term":[{"taxonomy":"category","embeddable":true,"href":"https:\/\/www.bellunopress.it\/fr\/wp-json\/wp\/v2\/categories?post=165873"},{"taxonomy":"post_tag","embeddable":true,"href":"https:\/\/www.bellunopress.it\/fr\/wp-json\/wp\/v2\/tags?post=165873"}],"curies":[{"name":"wp","href":"https:\/\/api.w.org\/{rel}","templated":true}]}}