{"id":165860,"date":"2025-12-17T15:56:05","date_gmt":"2025-12-17T14:56:05","guid":{"rendered":"https:\/\/www.bellunopress.it\/?p=165860"},"modified":"2025-12-17T13:59:07","modified_gmt":"2025-12-17T12:59:07","slug":"pollicino-show-domenica-alle-17-al-teatro-comunale-di-belluno","status":"publish","type":"post","link":"https:\/\/www.bellunopress.it\/fr\/2025\/12\/17\/pollicino-show-domenica-alle-17-al-teatro-comunale-di-belluno\/","title":{"rendered":"Pollicino show. Domenica alle 17 al Teatro Comunale di Belluno"},"content":{"rendered":"<figure id=\"attachment_155535\" aria-describedby=\"caption-attachment-155535\" style=\"width: 1000px\" class=\"wp-caption aligncenter\"><img loading=\"lazy\" decoding=\"async\" class=\"size-full wp-image-155535\" src=\"https:\/\/www.bellunopress.it\/wp-content\/uploads\/2024\/11\/teatro-comunale-dino-buzzati.jpg\" alt=\"\" width=\"1000\" height=\"750\" srcset=\"https:\/\/www.bellunopress.it\/wp-content\/uploads\/2024\/11\/teatro-comunale-dino-buzzati.jpg 1000w, https:\/\/www.bellunopress.it\/wp-content\/uploads\/2024\/11\/teatro-comunale-dino-buzzati-500x375.jpg 500w, https:\/\/www.bellunopress.it\/wp-content\/uploads\/2024\/11\/teatro-comunale-dino-buzzati-560x420.jpg 560w, https:\/\/www.bellunopress.it\/wp-content\/uploads\/2024\/11\/teatro-comunale-dino-buzzati-80x60.jpg 80w, https:\/\/www.bellunopress.it\/wp-content\/uploads\/2024\/11\/teatro-comunale-dino-buzzati-696x522.jpg 696w\" sizes=\"auto, (max-width: 1000px) 100vw, 1000px\" \/><figcaption id=\"caption-attachment-155535\" class=\"wp-caption-text\">Teatro Comunale &#8220;Dino Buzzati&#8221; di Belluno<\/figcaption><\/figure>\n<p>Si \u00e8 aperta con un Sold-Out la trentatreesima edizione di \u201cComincio dai 3\u201d al Teatro Dino Buzzati di Belluno dove lo spettacolo \u201cIl pi\u00f9 furbo\u201d ha accolto una platea gremita di bambini e famiglie, confermando il grande entusiasmo del pubblico per la stagione dedicata ai pi\u00f9 piccoli.<\/p>\n<p>Domenica 21 dicembre, sempre alle ore 17.00, sar\u00e0 un\u2019altra fiaba classica, questa volta rivisitata attraverso il teatro-danza, ad intrattenere le famiglie per il secondo appuntamento della stagione al Teatro \u201cDino Buzzati\u201d di Belluno. POLLICINO SHOW, di Gruppo Ibrido e Artemis Danza in collaborazione con Compagnia Pietribiasi Tedeschi. Diretto da Cinzia Pietribiasi e interpretato da Davide Tagliavini, lo spettacolo \u00e8 stato finalista In-box verde e ha gi\u00e0 collezionato pi\u00f9 di 40 repliche in giro per l\u2019Italia.<\/p>\n<p>Pollicino \u00e8 piccolo di statura ma grande nell\u2019astuzia. La sua \u00e8 una famiglia poverissima. Ha sei fratelli e i genitori a stento riescono a provvedere per tutti. Con l\u2019arrivo di una pesante carestia il cibo non basta pi\u00f9 e il padre decide di abbandonare i figli al loro destino. Una volta soli e perduti nel bosco, Pollicino e i suoi fratelli supereranno pericoli e imprevisti. Grazie all\u2019immaginazione e al coraggio, il piccolo eroe riuscir\u00e0 a salvare tutti &#8230;e a fare della sua storia uno spettacolo per i teatri di tutto il mondo.<\/p>\n<p>La pi\u00e8ce \u201cPollicino Show\u201d rilegge i temi classici della fiaba in chiave contemporanea, fondendo coreografie dinamiche, video, illustrazioni animate, teatro d\u2019ombre e una colonna sonora costruita su grandi classici. Il risultato \u00e8 uno spettacolo visivo e poetico, vivace e sorprendente, che coinvolge piccoli e grandi in un racconto misterioso e appassionante, capace di divertire, emozionare e far sognare.<br \/>\nPerch\u00e9 anche il pi\u00f9 piccolo pu\u00f2 essere un grande eroe!<\/p>\n<p>COMINCIO DAI 3 Stagione di Teatro per le nuove generazioni \u00e8 realizzata da Tib Teatro per la direzione artistica di Daniela Nicosia e Vassilij Gianmaria Mangheras, in collaborazione con Fondazione Teatri delle Dolomiti e Comune di Belluno, con il sostegno del Ministero della Cultura, della Regione del Veneto, di Rete Eventi &#8211; Provincia di Belluno. Mediapartner della stagione Radio Belluno e Radio Cortina.<\/p>\n<p>Per informazioni e prenotazioni telefonare al numero 0437 950555 o scrivere a info@tibteatro.it (lun-ven 11-13 \/ 15-17). Le prenotazioni sono gi\u00e0 aperte.<br \/>\nBiglietti acquistabili online su www.vivaticket.com<br \/>\nLa biglietteria sar\u00e0 aperta presso il Teatro Dino Buzzati Domenica 21 dicembre dalle ore 10.30 alle ore 12.30 e il pomeriggio dalle ore 15.00. Biglietti: adulti 16 \u20ac \/ bambini 12 \u20ac<\/p>\n<p>&nbsp;<\/p>","protected":false},"excerpt":{"rendered":"<p>Si \u00e8 aperta con un Sold-Out la trentatreesima edizione di \u201cComincio dai 3\u201d al Teatro Dino Buzzati di Belluno dove lo spettacolo \u201cIl pi\u00f9 furbo\u201d ha accolto una platea gremita di bambini e famiglie, confermando il grande entusiasmo del pubblico per la stagione dedicata ai pi\u00f9 piccoli. Domenica 21 dicembre, sempre alle ore 17.00, sar\u00e0 [&hellip;]<\/p>\n","protected":false},"author":2,"featured_media":149981,"comment_status":"closed","ping_status":"open","sticky":false,"template":"","format":"standard","meta":{"footnotes":""},"categories":[27,3,25],"tags":[],"class_list":["post-165860","post","type-post","status-publish","format-standard","has-post-thumbnail","category-appuntamenti","category-arte-cultura-spettacoli-scienza-archivi","category-pausa-caffe"],"yoast_head":"<!-- This site is optimized with the Yoast SEO plugin v28.4 - https:\/\/yoast.com\/product\/yoast-seo-wordpress\/ -->\n<title>Pollicino show. Domenica alle 17 al Teatro Comunale di Belluno - Bellunopress - Dolomiti<\/title>\n<meta name=\"robots\" content=\"index, follow, max-snippet:-1, max-image-preview:large, max-video-preview:-1\" \/>\n<link rel=\"canonical\" href=\"https:\/\/www.bellunopress.it\/fr\/2025\/12\/17\/pollicino-show-domenica-alle-17-al-teatro-comunale-di-belluno\/\" \/>\n<meta property=\"og:locale\" content=\"fr_FR\" \/>\n<meta property=\"og:type\" content=\"article\" \/>\n<meta property=\"og:title\" content=\"Pollicino show. Domenica alle 17 al Teatro Comunale di Belluno - Bellunopress - Dolomiti\" \/>\n<meta property=\"og:description\" content=\"Si \u00e8 aperta con un Sold-Out la trentatreesima edizione di \u201cComincio dai 3\u201d al Teatro Dino Buzzati di Belluno dove lo spettacolo \u201cIl pi\u00f9 furbo\u201d ha accolto una platea gremita di bambini e famiglie, confermando il grande entusiasmo del pubblico per la stagione dedicata ai pi\u00f9 piccoli. Domenica 21 dicembre, sempre alle ore 17.00, sar\u00e0 [&hellip;]\" \/>\n<meta property=\"og:url\" content=\"https:\/\/www.bellunopress.it\/fr\/2025\/12\/17\/pollicino-show-domenica-alle-17-al-teatro-comunale-di-belluno\/\" \/>\n<meta property=\"og:site_name\" content=\"Bellunopress - Dolomiti\" \/>\n<meta property=\"article:publisher\" content=\"https:\/\/www.facebook.com\/profile.php?id=100008943462799\" \/>\n<meta property=\"article:published_time\" content=\"2025-12-17T14:56:05+00:00\" \/>\n<meta property=\"og:image\" content=\"https:\/\/www.bellunopress.it\/wp-content\/uploads\/2024\/04\/teatro-comunale-3_edited.jpg\" \/>\n\t<meta property=\"og:image:width\" content=\"1000\" \/>\n\t<meta property=\"og:image:height\" content=\"628\" \/>\n\t<meta property=\"og:image:type\" content=\"image\/jpeg\" \/>\n<meta name=\"author\" content=\"redazione\" \/>\n<meta name=\"twitter:card\" content=\"summary_large_image\" \/>\n<meta name=\"twitter:creator\" content=\"@bellunopress\" \/>\n<meta name=\"twitter:site\" content=\"@bellunopress\" \/>\n<meta name=\"twitter:label1\" content=\"\u00c9crit par\" \/>\n\t<meta name=\"twitter:data1\" content=\"redazione\" \/>\n\t<meta name=\"twitter:label2\" content=\"Dur\u00e9e de lecture estim\u00e9e\" \/>\n\t<meta name=\"twitter:data2\" content=\"2 minutes\" \/>\n<script type=\"application\/ld+json\" class=\"yoast-schema-graph\">{\"@context\":\"https:\\\/\\\/schema.org\",\"@graph\":[{\"@type\":\"Article\",\"@id\":\"https:\\\/\\\/www.bellunopress.it\\\/2025\\\/12\\\/17\\\/pollicino-show-domenica-alle-17-al-teatro-comunale-di-belluno\\\/#article\",\"isPartOf\":{\"@id\":\"https:\\\/\\\/www.bellunopress.it\\\/2025\\\/12\\\/17\\\/pollicino-show-domenica-alle-17-al-teatro-comunale-di-belluno\\\/\"},\"author\":{\"name\":\"redazione\",\"@id\":\"https:\\\/\\\/www.bellunopress.it\\\/#\\\/schema\\\/person\\\/79bb06722b37ece1c03d3e94beb30d73\"},\"headline\":\"Pollicino show. Domenica alle 17 al Teatro Comunale di Belluno\",\"datePublished\":\"2025-12-17T14:56:05+00:00\",\"mainEntityOfPage\":{\"@id\":\"https:\\\/\\\/www.bellunopress.it\\\/2025\\\/12\\\/17\\\/pollicino-show-domenica-alle-17-al-teatro-comunale-di-belluno\\\/\"},\"wordCount\":415,\"publisher\":{\"@id\":\"https:\\\/\\\/www.bellunopress.it\\\/#organization\"},\"image\":{\"@id\":\"https:\\\/\\\/www.bellunopress.it\\\/2025\\\/12\\\/17\\\/pollicino-show-domenica-alle-17-al-teatro-comunale-di-belluno\\\/#primaryimage\"},\"thumbnailUrl\":\"https:\\\/\\\/www.bellunopress.it\\\/wp-content\\\/uploads\\\/2024\\\/04\\\/teatro-comunale-3_edited.jpg\",\"articleSection\":[\"Appuntamenti, Eventi\",\"Arte, Cultura, Spettacoli, Scienza\",\"Pausa Caff\u00e8\"],\"inLanguage\":\"fr-FR\"},{\"@type\":\"WebPage\",\"@id\":\"https:\\\/\\\/www.bellunopress.it\\\/2025\\\/12\\\/17\\\/pollicino-show-domenica-alle-17-al-teatro-comunale-di-belluno\\\/\",\"url\":\"https:\\\/\\\/www.bellunopress.it\\\/2025\\\/12\\\/17\\\/pollicino-show-domenica-alle-17-al-teatro-comunale-di-belluno\\\/\",\"name\":\"Pollicino show. Domenica alle 17 al Teatro Comunale di Belluno - Bellunopress - Dolomiti\",\"isPartOf\":{\"@id\":\"https:\\\/\\\/www.bellunopress.it\\\/#website\"},\"primaryImageOfPage\":{\"@id\":\"https:\\\/\\\/www.bellunopress.it\\\/2025\\\/12\\\/17\\\/pollicino-show-domenica-alle-17-al-teatro-comunale-di-belluno\\\/#primaryimage\"},\"image\":{\"@id\":\"https:\\\/\\\/www.bellunopress.it\\\/2025\\\/12\\\/17\\\/pollicino-show-domenica-alle-17-al-teatro-comunale-di-belluno\\\/#primaryimage\"},\"thumbnailUrl\":\"https:\\\/\\\/www.bellunopress.it\\\/wp-content\\\/uploads\\\/2024\\\/04\\\/teatro-comunale-3_edited.jpg\",\"datePublished\":\"2025-12-17T14:56:05+00:00\",\"breadcrumb\":{\"@id\":\"https:\\\/\\\/www.bellunopress.it\\\/2025\\\/12\\\/17\\\/pollicino-show-domenica-alle-17-al-teatro-comunale-di-belluno\\\/#breadcrumb\"},\"inLanguage\":\"fr-FR\",\"potentialAction\":[{\"@type\":\"ReadAction\",\"target\":[\"https:\\\/\\\/www.bellunopress.it\\\/2025\\\/12\\\/17\\\/pollicino-show-domenica-alle-17-al-teatro-comunale-di-belluno\\\/\"]}]},{\"@type\":\"ImageObject\",\"inLanguage\":\"fr-FR\",\"@id\":\"https:\\\/\\\/www.bellunopress.it\\\/2025\\\/12\\\/17\\\/pollicino-show-domenica-alle-17-al-teatro-comunale-di-belluno\\\/#primaryimage\",\"url\":\"https:\\\/\\\/www.bellunopress.it\\\/wp-content\\\/uploads\\\/2024\\\/04\\\/teatro-comunale-3_edited.jpg\",\"contentUrl\":\"https:\\\/\\\/www.bellunopress.it\\\/wp-content\\\/uploads\\\/2024\\\/04\\\/teatro-comunale-3_edited.jpg\",\"width\":1000,\"height\":628,\"caption\":\"Teatro Comunale \\\"Dino Buzzati\\\" di Belluno\"},{\"@type\":\"BreadcrumbList\",\"@id\":\"https:\\\/\\\/www.bellunopress.it\\\/2025\\\/12\\\/17\\\/pollicino-show-domenica-alle-17-al-teatro-comunale-di-belluno\\\/#breadcrumb\",\"itemListElement\":[{\"@type\":\"ListItem\",\"position\":1,\"name\":\"Home\",\"item\":\"https:\\\/\\\/www.bellunopress.it\\\/\"},{\"@type\":\"ListItem\",\"position\":2,\"name\":\"Pollicino show. Domenica alle 17 al Teatro Comunale di Belluno\"}]},{\"@type\":\"WebSite\",\"@id\":\"https:\\\/\\\/www.bellunopress.it\\\/#website\",\"url\":\"https:\\\/\\\/www.bellunopress.it\\\/\",\"name\":\"Bellunopress - Dolomiti\",\"description\":\"e-mail: redazione@bellunopress.it\",\"publisher\":{\"@id\":\"https:\\\/\\\/www.bellunopress.it\\\/#organization\"},\"potentialAction\":[{\"@type\":\"SearchAction\",\"target\":{\"@type\":\"EntryPoint\",\"urlTemplate\":\"https:\\\/\\\/www.bellunopress.it\\\/?s={search_term_string}\"},\"query-input\":{\"@type\":\"PropertyValueSpecification\",\"valueRequired\":true,\"valueName\":\"search_term_string\"}}],\"inLanguage\":\"fr-FR\"},{\"@type\":\"Organization\",\"@id\":\"https:\\\/\\\/www.bellunopress.it\\\/#organization\",\"name\":\"Bellunopress\",\"url\":\"https:\\\/\\\/www.bellunopress.it\\\/\",\"logo\":{\"@type\":\"ImageObject\",\"inLanguage\":\"fr-FR\",\"@id\":\"https:\\\/\\\/www.bellunopress.it\\\/#\\\/schema\\\/logo\\\/image\\\/\",\"url\":\"https:\\\/\\\/www.bellunopress.it\\\/wp-content\\\/uploads\\\/2011\\\/05\\\/cropped-logo-bellunopress-.jpg\",\"contentUrl\":\"https:\\\/\\\/www.bellunopress.it\\\/wp-content\\\/uploads\\\/2011\\\/05\\\/cropped-logo-bellunopress-.jpg\",\"width\":512,\"height\":512,\"caption\":\"Bellunopress\"},\"image\":{\"@id\":\"https:\\\/\\\/www.bellunopress.it\\\/#\\\/schema\\\/logo\\\/image\\\/\"},\"sameAs\":[\"https:\\\/\\\/www.facebook.com\\\/profile.php?id=100008943462799\",\"https:\\\/\\\/x.com\\\/bellunopress\",\"https:\\\/\\\/www.linkedin.com\\\/hp\\\/?dnr=JBzUWaJfMUw8vbXJJ2tVW5-I3jZKvC4wsoxE&amp;amp;amp;amp;amp;amp;trk=nav_responsive_tab_home\",\"https:\\\/\\\/www.youtube.com\\\/channel\\\/UCxL0wu1uN0_3_7hGG0306cw\"]},{\"@type\":\"Person\",\"@id\":\"https:\\\/\\\/www.bellunopress.it\\\/#\\\/schema\\\/person\\\/79bb06722b37ece1c03d3e94beb30d73\",\"name\":\"redazione\",\"image\":{\"@type\":\"ImageObject\",\"inLanguage\":\"fr-FR\",\"@id\":\"https:\\\/\\\/secure.gravatar.com\\\/avatar\\\/37d968a2e67a6fd04c169c4bdef102d0bc5d31b2546345219e348575eb80e9a0?s=96&d=mm&r=g\",\"url\":\"https:\\\/\\\/secure.gravatar.com\\\/avatar\\\/37d968a2e67a6fd04c169c4bdef102d0bc5d31b2546345219e348575eb80e9a0?s=96&d=mm&r=g\",\"contentUrl\":\"https:\\\/\\\/secure.gravatar.com\\\/avatar\\\/37d968a2e67a6fd04c169c4bdef102d0bc5d31b2546345219e348575eb80e9a0?s=96&d=mm&r=g\",\"caption\":\"redazione\"},\"sameAs\":[\"http:\\\/\\\/www.bellunopress.it\",\"https:\\\/\\\/x.com\\\/bellunopress\"],\"url\":\"https:\\\/\\\/www.bellunopress.it\\\/fr\\\/author\\\/redazione\\\/\"}]}<\/script>\n<!-- \/ Yoast SEO plugin. -->","yoast_head_json":{"title":"Pollicino show. Domenica alle 17 al Teatro Comunale di Belluno - Bellunopress - Dolomiti","robots":{"index":"index","follow":"follow","max-snippet":"max-snippet:-1","max-image-preview":"max-image-preview:large","max-video-preview":"max-video-preview:-1"},"canonical":"https:\/\/www.bellunopress.it\/fr\/2025\/12\/17\/pollicino-show-domenica-alle-17-al-teatro-comunale-di-belluno\/","og_locale":"fr_FR","og_type":"article","og_title":"Pollicino show. Domenica alle 17 al Teatro Comunale di Belluno - Bellunopress - Dolomiti","og_description":"Si \u00e8 aperta con un Sold-Out la trentatreesima edizione di \u201cComincio dai 3\u201d al Teatro Dino Buzzati di Belluno dove lo spettacolo \u201cIl pi\u00f9 furbo\u201d ha accolto una platea gremita di bambini e famiglie, confermando il grande entusiasmo del pubblico per la stagione dedicata ai pi\u00f9 piccoli. Domenica 21 dicembre, sempre alle ore 17.00, sar\u00e0 [&hellip;]","og_url":"https:\/\/www.bellunopress.it\/fr\/2025\/12\/17\/pollicino-show-domenica-alle-17-al-teatro-comunale-di-belluno\/","og_site_name":"Bellunopress - Dolomiti","article_publisher":"https:\/\/www.facebook.com\/profile.php?id=100008943462799","article_published_time":"2025-12-17T14:56:05+00:00","og_image":[{"width":1000,"height":628,"url":"https:\/\/www.bellunopress.it\/wp-content\/uploads\/2024\/04\/teatro-comunale-3_edited.jpg","type":"image\/jpeg"}],"author":"redazione","twitter_card":"summary_large_image","twitter_creator":"@bellunopress","twitter_site":"@bellunopress","twitter_misc":{"\u00c9crit par":"redazione","Dur\u00e9e de lecture estim\u00e9e":"2 minutes"},"schema":{"@context":"https:\/\/schema.org","@graph":[{"@type":"Article","@id":"https:\/\/www.bellunopress.it\/2025\/12\/17\/pollicino-show-domenica-alle-17-al-teatro-comunale-di-belluno\/#article","isPartOf":{"@id":"https:\/\/www.bellunopress.it\/2025\/12\/17\/pollicino-show-domenica-alle-17-al-teatro-comunale-di-belluno\/"},"author":{"name":"redazione","@id":"https:\/\/www.bellunopress.it\/#\/schema\/person\/79bb06722b37ece1c03d3e94beb30d73"},"headline":"Pollicino show. Domenica alle 17 al Teatro Comunale di Belluno","datePublished":"2025-12-17T14:56:05+00:00","mainEntityOfPage":{"@id":"https:\/\/www.bellunopress.it\/2025\/12\/17\/pollicino-show-domenica-alle-17-al-teatro-comunale-di-belluno\/"},"wordCount":415,"publisher":{"@id":"https:\/\/www.bellunopress.it\/#organization"},"image":{"@id":"https:\/\/www.bellunopress.it\/2025\/12\/17\/pollicino-show-domenica-alle-17-al-teatro-comunale-di-belluno\/#primaryimage"},"thumbnailUrl":"https:\/\/www.bellunopress.it\/wp-content\/uploads\/2024\/04\/teatro-comunale-3_edited.jpg","articleSection":["Appuntamenti, Eventi","Arte, Cultura, Spettacoli, Scienza","Pausa Caff\u00e8"],"inLanguage":"fr-FR"},{"@type":"WebPage","@id":"https:\/\/www.bellunopress.it\/2025\/12\/17\/pollicino-show-domenica-alle-17-al-teatro-comunale-di-belluno\/","url":"https:\/\/www.bellunopress.it\/2025\/12\/17\/pollicino-show-domenica-alle-17-al-teatro-comunale-di-belluno\/","name":"Pollicino show. Domenica alle 17 al Teatro Comunale di Belluno - Bellunopress - Dolomiti","isPartOf":{"@id":"https:\/\/www.bellunopress.it\/#website"},"primaryImageOfPage":{"@id":"https:\/\/www.bellunopress.it\/2025\/12\/17\/pollicino-show-domenica-alle-17-al-teatro-comunale-di-belluno\/#primaryimage"},"image":{"@id":"https:\/\/www.bellunopress.it\/2025\/12\/17\/pollicino-show-domenica-alle-17-al-teatro-comunale-di-belluno\/#primaryimage"},"thumbnailUrl":"https:\/\/www.bellunopress.it\/wp-content\/uploads\/2024\/04\/teatro-comunale-3_edited.jpg","datePublished":"2025-12-17T14:56:05+00:00","breadcrumb":{"@id":"https:\/\/www.bellunopress.it\/2025\/12\/17\/pollicino-show-domenica-alle-17-al-teatro-comunale-di-belluno\/#breadcrumb"},"inLanguage":"fr-FR","potentialAction":[{"@type":"ReadAction","target":["https:\/\/www.bellunopress.it\/2025\/12\/17\/pollicino-show-domenica-alle-17-al-teatro-comunale-di-belluno\/"]}]},{"@type":"ImageObject","inLanguage":"fr-FR","@id":"https:\/\/www.bellunopress.it\/2025\/12\/17\/pollicino-show-domenica-alle-17-al-teatro-comunale-di-belluno\/#primaryimage","url":"https:\/\/www.bellunopress.it\/wp-content\/uploads\/2024\/04\/teatro-comunale-3_edited.jpg","contentUrl":"https:\/\/www.bellunopress.it\/wp-content\/uploads\/2024\/04\/teatro-comunale-3_edited.jpg","width":1000,"height":628,"caption":"Teatro Comunale \"Dino Buzzati\" di Belluno"},{"@type":"BreadcrumbList","@id":"https:\/\/www.bellunopress.it\/2025\/12\/17\/pollicino-show-domenica-alle-17-al-teatro-comunale-di-belluno\/#breadcrumb","itemListElement":[{"@type":"ListItem","position":1,"name":"Home","item":"https:\/\/www.bellunopress.it\/"},{"@type":"ListItem","position":2,"name":"Pollicino show. Domenica alle 17 al Teatro Comunale di Belluno"}]},{"@type":"WebSite","@id":"https:\/\/www.bellunopress.it\/#website","url":"https:\/\/www.bellunopress.it\/","name":"Bellunopress - Dolomiti","description":"e-mail: redazione@bellunopress.it","publisher":{"@id":"https:\/\/www.bellunopress.it\/#organization"},"potentialAction":[{"@type":"SearchAction","target":{"@type":"EntryPoint","urlTemplate":"https:\/\/www.bellunopress.it\/?s={search_term_string}"},"query-input":{"@type":"PropertyValueSpecification","valueRequired":true,"valueName":"search_term_string"}}],"inLanguage":"fr-FR"},{"@type":"Organization","@id":"https:\/\/www.bellunopress.it\/#organization","name":"Bellunopress","url":"https:\/\/www.bellunopress.it\/","logo":{"@type":"ImageObject","inLanguage":"fr-FR","@id":"https:\/\/www.bellunopress.it\/#\/schema\/logo\/image\/","url":"https:\/\/www.bellunopress.it\/wp-content\/uploads\/2011\/05\/cropped-logo-bellunopress-.jpg","contentUrl":"https:\/\/www.bellunopress.it\/wp-content\/uploads\/2011\/05\/cropped-logo-bellunopress-.jpg","width":512,"height":512,"caption":"Bellunopress"},"image":{"@id":"https:\/\/www.bellunopress.it\/#\/schema\/logo\/image\/"},"sameAs":["https:\/\/www.facebook.com\/profile.php?id=100008943462799","https:\/\/x.com\/bellunopress","https:\/\/www.linkedin.com\/hp\/?dnr=JBzUWaJfMUw8vbXJJ2tVW5-I3jZKvC4wsoxE&amp;amp;amp;amp;amp;amp;trk=nav_responsive_tab_home","https:\/\/www.youtube.com\/channel\/UCxL0wu1uN0_3_7hGG0306cw"]},{"@type":"Person","@id":"https:\/\/www.bellunopress.it\/#\/schema\/person\/79bb06722b37ece1c03d3e94beb30d73","name":"r\u00e9daction","image":{"@type":"ImageObject","inLanguage":"fr-FR","@id":"https:\/\/secure.gravatar.com\/avatar\/37d968a2e67a6fd04c169c4bdef102d0bc5d31b2546345219e348575eb80e9a0?s=96&d=mm&r=g","url":"https:\/\/secure.gravatar.com\/avatar\/37d968a2e67a6fd04c169c4bdef102d0bc5d31b2546345219e348575eb80e9a0?s=96&d=mm&r=g","contentUrl":"https:\/\/secure.gravatar.com\/avatar\/37d968a2e67a6fd04c169c4bdef102d0bc5d31b2546345219e348575eb80e9a0?s=96&d=mm&r=g","caption":"redazione"},"sameAs":["http:\/\/www.bellunopress.it","https:\/\/x.com\/bellunopress"],"url":"https:\/\/www.bellunopress.it\/fr\/author\/redazione\/"}]}},"_links":{"self":[{"href":"https:\/\/www.bellunopress.it\/fr\/wp-json\/wp\/v2\/posts\/165860","targetHints":{"allow":["GET"]}}],"collection":[{"href":"https:\/\/www.bellunopress.it\/fr\/wp-json\/wp\/v2\/posts"}],"about":[{"href":"https:\/\/www.bellunopress.it\/fr\/wp-json\/wp\/v2\/types\/post"}],"author":[{"embeddable":true,"href":"https:\/\/www.bellunopress.it\/fr\/wp-json\/wp\/v2\/users\/2"}],"replies":[{"embeddable":true,"href":"https:\/\/www.bellunopress.it\/fr\/wp-json\/wp\/v2\/comments?post=165860"}],"version-history":[{"count":1,"href":"https:\/\/www.bellunopress.it\/fr\/wp-json\/wp\/v2\/posts\/165860\/revisions"}],"predecessor-version":[{"id":165861,"href":"https:\/\/www.bellunopress.it\/fr\/wp-json\/wp\/v2\/posts\/165860\/revisions\/165861"}],"wp:featuredmedia":[{"embeddable":true,"href":"https:\/\/www.bellunopress.it\/fr\/wp-json\/wp\/v2\/media\/149981"}],"wp:attachment":[{"href":"https:\/\/www.bellunopress.it\/fr\/wp-json\/wp\/v2\/media?parent=165860"}],"wp:term":[{"taxonomy":"category","embeddable":true,"href":"https:\/\/www.bellunopress.it\/fr\/wp-json\/wp\/v2\/categories?post=165860"},{"taxonomy":"post_tag","embeddable":true,"href":"https:\/\/www.bellunopress.it\/fr\/wp-json\/wp\/v2\/tags?post=165860"}],"curies":[{"name":"wp","href":"https:\/\/api.w.org\/{rel}","templated":true}]}}