{"id":165836,"date":"2025-12-17T16:00:35","date_gmt":"2025-12-17T15:00:35","guid":{"rendered":"https:\/\/www.bellunopress.it\/?p=165836"},"modified":"2025-12-17T10:14:53","modified_gmt":"2025-12-17T09:14:53","slug":"natale-a-chies-dalpago-le-iniziative-in-programma","status":"publish","type":"post","link":"https:\/\/www.bellunopress.it\/fr\/2025\/12\/17\/natale-a-chies-dalpago-le-iniziative-in-programma\/","title":{"rendered":"Natale a Chies d&#8217;Alpago. Le iniziative in programma"},"content":{"rendered":"<figure id=\"attachment_165837\" aria-describedby=\"caption-attachment-165837\" style=\"width: 800px\" class=\"wp-caption aligncenter\"><img loading=\"lazy\" decoding=\"async\" class=\"size-full wp-image-165837\" src=\"https:\/\/www.bellunopress.it\/wp-content\/uploads\/2025\/12\/Accensione-albero-natale-Lamosano.jpg\" alt=\"Chies d'Alpago\" width=\"800\" height=\"716\" srcset=\"https:\/\/www.bellunopress.it\/wp-content\/uploads\/2025\/12\/Accensione-albero-natale-Lamosano.jpg 800w, https:\/\/www.bellunopress.it\/wp-content\/uploads\/2025\/12\/Accensione-albero-natale-Lamosano-500x448.jpg 500w, https:\/\/www.bellunopress.it\/wp-content\/uploads\/2025\/12\/Accensione-albero-natale-Lamosano-469x420.jpg 469w, https:\/\/www.bellunopress.it\/wp-content\/uploads\/2025\/12\/Accensione-albero-natale-Lamosano-696x623.jpg 696w\" sizes=\"auto, (max-width: 800px) 100vw, 800px\" \/><figcaption id=\"caption-attachment-165837\" class=\"wp-caption-text\">Accensione albero di Natale a Lamosano (Chies d&#8217;Alpago)<\/figcaption><\/figure>\n<p align=\"justify\"><span style=\"font-family: Arial, sans-serif;\">Dalla scomparsa chiesa di San Daniele al cinema a tema natalizio, dai laboratori per bambini ai terrificanti Krampus, fino ai racconti del supereroe lucertolino. Un fine settimana intenso si prepara a Chies d&#8217;Alpago dedicato a piccoli e grandi, all&#8217;insegna dello spettacolo e dell&#8217;intrattenimento.<\/span><\/p>\n<p align=\"justify\"><span style=\"font-family: Arial, sans-serif;\">Ad aprire il calendario degli eventi dedicati alle festivit\u00e0 natalizie in quel di Chies d&#8217;Alpago, come lo scorso anno, \u00e8 stata l&#8217;accensione delle luci dell&#8217;albero in piazza a Lamosano mercoled\u00ec 10 dicembre, accompagnata dai canti dei bambini delle scuole che, insieme agli insegnanti, hanno replicato l&#8217;11 a Molini e il 16 ad Alpaos con la rassegna\u00a0<i>&#8220;Natale per le vie&#8221;<\/i>.<\/span><\/p>\n<p align=\"justify\"><span style=\"font-family: Arial, sans-serif;\"><span style=\"font-size: small;\">Quindi la consueta\u00a0<\/span><span style=\"font-size: small;\">tre giorni<\/span><span style=\"font-size: small;\">\u00a0<\/span><span style=\"font-size: small;\">di<\/span><span style=\"font-size: small;\">\u00a0Codenzano con\u00a0<\/span><span style=\"font-size: small;\">la Sagra di<\/span><span style=\"font-size: small;\">\u00a0Santa Lucia, ricca di musica\u00a0<\/span><span style=\"font-size: small;\">dal vivo<\/span><span style=\"font-size: small;\">, buon cibo e gli immancabili mercatini di domenica 14 dicembre.\u00a0<\/span><span style=\"font-size: small;\">Un evento sempre all&#8217;altezza delle aspettative grazie all&#8217;organizzazione della Frazione e della Regola di Cruden e Federola.<\/span><\/span><\/p>\n<p align=\"justify\"><span style=\"font-family: Arial, sans-serif;\">Ma anche il prossimo fine settimana non sar\u00e0 da meno, con\u00a0<span style=\"font-size: small;\">una serie di eventi che celebrano la cultura, la tradizione e la magia di questo periodo dell&#8217;anno. Ecco un&#8217;anteprima di ci\u00f2 che accadr\u00e0 nelle prossime giornate.<\/span><\/span><\/p>\n<p align=\"justify\"><strong><span style=\"font-family: Arial, sans-serif;\">19 dicembre \u2013 Ore 18.00 &#8211; Sede Alpini di Borsoi<\/span><\/strong><\/p>\n<p align=\"justify\"><span style=\"font-family: Arial, sans-serif;\">Si<\/span><span style=\"font-family: Arial, sans-serif;\">\u00a0inizia\u00a0<\/span><span style=\"font-family: Arial, sans-serif;\">venerd\u00ec<\/span><span style=\"font-family: Arial, sans-serif;\">\u00a0con un appuntamento che unir\u00e0 storia e memoria: la presentazione del libro\u00a0<\/span><em><span style=\"font-family: Arial, sans-serif;\">&#8220;La scomparsa Chiesa di San Daniele&#8221;<\/span><\/em><span style=\"font-family: Arial, sans-serif;\">, edito da De Bastiani. Un&#8217;opera che racconta la storia di un luogo dimenticato, che il coautore, prof. Giorgio Reolon, presenter\u00e0 al pubblico. A moderare l&#8217;incontro sar\u00e0 Alessio Lavina, che guider\u00e0 la discussione e il confronto con\u00a0<\/span><span style=\"font-family: Arial, sans-serif;\">gli astanti<\/span><span style=\"font-family: Arial, sans-serif;\">. Un evento che promette di essere un momento di riflessione, reso ancora pi\u00f9 speciale dalla collaborazione con gli Alpini di Borsoi e il patrocinio della Parrocchia di Sant&#8217;Osvaldo di Borsoi e Palughetto, e dei Comuni di Chies d&#8217;Alpago e Tambre.<\/span><\/p>\n<p align=\"justify\"><strong><span style=\"font-family: Arial, sans-serif;\">20 dicembre \u2013 Ore 15.00 \u2013 Teatro Minimo di Chies<\/span><\/strong><\/p>\n<p align=\"justify\"><span style=\"font-family: Arial, sans-serif;\">Per i pi\u00f9 piccoli e le famiglie, un pomeriggio all&#8217;insegna della magia natalizia: la proiezione del film &#8220;Babbo Natale e la polvere di stelle&#8221; che riscalder\u00e0 il cuore, seguita dal laboratorio creativo a tema di Nadia. Organizzato dalla Biblioteca Popolare di Chies d&#8217;Alpago, questo evento \u00e8 un&#8217;occasione unica per condividere insieme la gioia delle festivit\u00e0 e dare spazio alla fantasia e alla creativit\u00e0 dei bambini.<\/span><\/p>\n<p align=\"justify\"><strong><span style=\"font-family: Arial, sans-serif;\">20 dicembre \u2013 Ore 16.00 \u2013 Lamosano<\/span><\/strong><\/p>\n<p align=\"justify\"><span style=\"font-family: Arial, sans-serif;\">Nel pomeriggio, l&#8217;atmosfera di Lamosano si far\u00e0 ancora pi\u00f9 suggestiva con l&#8217;arrivo dei\u00a0<\/span><strong><span style=\"font-family: Arial, sans-serif;\">Krampus<\/span><\/strong><span style=\"font-family: Arial, sans-serif;\">, figure mitologiche che, con la loro sfilata spaventosa, portano in scena una tradizione tipica delle Alpi. Alle 16.00 aprir\u00e0 il chiosco con vin brul\u00e8 e panini col pastin, offrendo una pausa calda per chi assister\u00e0 alla sfilata dei Krampus, prevista dalle 18.00 alle 20.00. La serata si concluder\u00e0 con un DJ Set dalle 21.00, per una festa che mescola folklore, paura e divertimento.<\/span><\/p>\n<p align=\"justify\"><strong><span style=\"font-family: Arial, sans-serif;\">21 dicembre \u2013 Ore 16.00 \u2013 Sala Polivalente di Lamosano<\/span><\/strong><\/p>\n<p align=\"justify\"><span style=\"font-family: Arial, sans-serif;\">La settimana si chiuder\u00e0 con un altro appuntamento imperdibile per i pi\u00f9 giovani: alle 16.00, Virginia Romanin presenter\u00e0 i suoi libri\u00a0<\/span><em><span style=\"font-family: Arial, sans-serif;\">&#8220;L&#8217;avventura di Lucertolino &#8211; Supereroe&#8221;<\/span><\/em><span style=\"font-family: Arial, sans-serif;\">\u00a0e\u00a0<\/span><em><span style=\"font-family: Arial, sans-serif;\">&#8220;Un mondo cos\u00ec&#8221;<\/span><\/em><span style=\"font-family: Arial, sans-serif;\">. Un&#8217;occasione per scoprire storie di avventure e mondi fantastici, seguita da un laboratorio per bambini che stimoler\u00e0 la loro creativit\u00e0 e immaginazione. Un evento perfetto per chi vuole immergersi nel magico mondo dei libri e delle fiabe, con un&#8217;attenzione speciale ai pi\u00f9 piccoli.<\/span><\/p>\n<p align=\"justify\"><strong><span style=\"font-family: Arial, sans-serif;\">Una settimana ricca di cultura, tradizione e divertimento\u00a0<\/span><\/strong><strong><span style=\"font-family: Arial, sans-serif;\">che\u00a0<\/span><\/strong><strong><span style=\"font-family: Arial, sans-serif;\">aspetta tutti:\u00a0<\/span><\/strong><span style=\"font-family: Arial, sans-serif;\">occasione ideale per immergersi nell&#8217;atmosfera natalizia dell<\/span><span style=\"font-family: Arial, sans-serif;\">a Conca dell&#8217;<\/span><span style=\"font-family: Arial, sans-serif;\">Alpago.<\/span><\/p>","protected":false},"excerpt":{"rendered":"<p>Dalla scomparsa chiesa di San Daniele al cinema a tema natalizio, dai laboratori per bambini ai terrificanti Krampus, fino ai racconti del supereroe lucertolino. Un fine settimana intenso si prepara a Chies d&#8217;Alpago dedicato a piccoli e grandi, all&#8217;insegna dello spettacolo e dell&#8217;intrattenimento. Ad aprire il calendario degli eventi dedicati alle festivit\u00e0 natalizie in quel [&hellip;]<\/p>\n","protected":false},"author":2,"featured_media":165837,"comment_status":"closed","ping_status":"open","sticky":false,"template":"","format":"standard","meta":{"footnotes":""},"categories":[26,8],"tags":[],"class_list":["post-165836","post","type-post","status-publish","format-standard","has-post-thumbnail","category-prima-pagina","category-societa-istituzioni"],"yoast_head":"<!-- This site is optimized with the Yoast SEO plugin v28.4 - https:\/\/yoast.com\/product\/yoast-seo-wordpress\/ -->\n<title>Natale a Chies d&#039;Alpago. Le iniziative in programma - Bellunopress - Dolomiti<\/title>\n<meta name=\"robots\" content=\"index, follow, max-snippet:-1, max-image-preview:large, max-video-preview:-1\" \/>\n<link rel=\"canonical\" href=\"https:\/\/www.bellunopress.it\/fr\/2025\/12\/17\/natale-a-chies-dalpago-le-iniziative-in-programma\/\" \/>\n<meta property=\"og:locale\" content=\"fr_FR\" \/>\n<meta property=\"og:type\" content=\"article\" \/>\n<meta property=\"og:title\" content=\"Natale a Chies d&#039;Alpago. Le iniziative in programma - Bellunopress - Dolomiti\" \/>\n<meta property=\"og:description\" content=\"Dalla scomparsa chiesa di San Daniele al cinema a tema natalizio, dai laboratori per bambini ai terrificanti Krampus, fino ai racconti del supereroe lucertolino. Un fine settimana intenso si prepara a Chies d&#8217;Alpago dedicato a piccoli e grandi, all&#8217;insegna dello spettacolo e dell&#8217;intrattenimento. Ad aprire il calendario degli eventi dedicati alle festivit\u00e0 natalizie in quel [&hellip;]\" \/>\n<meta property=\"og:url\" content=\"https:\/\/www.bellunopress.it\/fr\/2025\/12\/17\/natale-a-chies-dalpago-le-iniziative-in-programma\/\" \/>\n<meta property=\"og:site_name\" content=\"Bellunopress - Dolomiti\" \/>\n<meta property=\"article:publisher\" content=\"https:\/\/www.facebook.com\/profile.php?id=100008943462799\" \/>\n<meta property=\"article:published_time\" content=\"2025-12-17T15:00:35+00:00\" \/>\n<meta property=\"og:image\" content=\"https:\/\/www.bellunopress.it\/wp-content\/uploads\/2025\/12\/Accensione-albero-natale-Lamosano.jpg\" \/>\n\t<meta property=\"og:image:width\" content=\"800\" \/>\n\t<meta property=\"og:image:height\" content=\"716\" \/>\n\t<meta property=\"og:image:type\" content=\"image\/jpeg\" \/>\n<meta name=\"author\" content=\"redazione\" \/>\n<meta name=\"twitter:card\" content=\"summary_large_image\" \/>\n<meta name=\"twitter:creator\" content=\"@bellunopress\" \/>\n<meta name=\"twitter:site\" content=\"@bellunopress\" \/>\n<meta name=\"twitter:label1\" content=\"\u00c9crit par\" \/>\n\t<meta name=\"twitter:data1\" content=\"redazione\" \/>\n\t<meta name=\"twitter:label2\" content=\"Dur\u00e9e de lecture estim\u00e9e\" \/>\n\t<meta name=\"twitter:data2\" content=\"3 minutes\" \/>\n<script type=\"application\/ld+json\" class=\"yoast-schema-graph\">{\"@context\":\"https:\\\/\\\/schema.org\",\"@graph\":[{\"@type\":\"Article\",\"@id\":\"https:\\\/\\\/www.bellunopress.it\\\/2025\\\/12\\\/17\\\/natale-a-chies-dalpago-le-iniziative-in-programma\\\/#article\",\"isPartOf\":{\"@id\":\"https:\\\/\\\/www.bellunopress.it\\\/2025\\\/12\\\/17\\\/natale-a-chies-dalpago-le-iniziative-in-programma\\\/\"},\"author\":{\"name\":\"redazione\",\"@id\":\"https:\\\/\\\/www.bellunopress.it\\\/#\\\/schema\\\/person\\\/79bb06722b37ece1c03d3e94beb30d73\"},\"headline\":\"Natale a Chies d&#8217;Alpago. Le iniziative in programma\",\"datePublished\":\"2025-12-17T15:00:35+00:00\",\"mainEntityOfPage\":{\"@id\":\"https:\\\/\\\/www.bellunopress.it\\\/2025\\\/12\\\/17\\\/natale-a-chies-dalpago-le-iniziative-in-programma\\\/\"},\"wordCount\":581,\"publisher\":{\"@id\":\"https:\\\/\\\/www.bellunopress.it\\\/#organization\"},\"image\":{\"@id\":\"https:\\\/\\\/www.bellunopress.it\\\/2025\\\/12\\\/17\\\/natale-a-chies-dalpago-le-iniziative-in-programma\\\/#primaryimage\"},\"thumbnailUrl\":\"https:\\\/\\\/www.bellunopress.it\\\/wp-content\\\/uploads\\\/2025\\\/12\\\/Accensione-albero-natale-Lamosano.jpg\",\"articleSection\":[\"Prima Pagina\",\"Societ\u00e0, Associazioni, Istituzioni\"],\"inLanguage\":\"fr-FR\"},{\"@type\":\"WebPage\",\"@id\":\"https:\\\/\\\/www.bellunopress.it\\\/2025\\\/12\\\/17\\\/natale-a-chies-dalpago-le-iniziative-in-programma\\\/\",\"url\":\"https:\\\/\\\/www.bellunopress.it\\\/2025\\\/12\\\/17\\\/natale-a-chies-dalpago-le-iniziative-in-programma\\\/\",\"name\":\"Natale a Chies d'Alpago. Le iniziative in programma - Bellunopress - Dolomiti\",\"isPartOf\":{\"@id\":\"https:\\\/\\\/www.bellunopress.it\\\/#website\"},\"primaryImageOfPage\":{\"@id\":\"https:\\\/\\\/www.bellunopress.it\\\/2025\\\/12\\\/17\\\/natale-a-chies-dalpago-le-iniziative-in-programma\\\/#primaryimage\"},\"image\":{\"@id\":\"https:\\\/\\\/www.bellunopress.it\\\/2025\\\/12\\\/17\\\/natale-a-chies-dalpago-le-iniziative-in-programma\\\/#primaryimage\"},\"thumbnailUrl\":\"https:\\\/\\\/www.bellunopress.it\\\/wp-content\\\/uploads\\\/2025\\\/12\\\/Accensione-albero-natale-Lamosano.jpg\",\"datePublished\":\"2025-12-17T15:00:35+00:00\",\"breadcrumb\":{\"@id\":\"https:\\\/\\\/www.bellunopress.it\\\/2025\\\/12\\\/17\\\/natale-a-chies-dalpago-le-iniziative-in-programma\\\/#breadcrumb\"},\"inLanguage\":\"fr-FR\",\"potentialAction\":[{\"@type\":\"ReadAction\",\"target\":[\"https:\\\/\\\/www.bellunopress.it\\\/2025\\\/12\\\/17\\\/natale-a-chies-dalpago-le-iniziative-in-programma\\\/\"]}]},{\"@type\":\"ImageObject\",\"inLanguage\":\"fr-FR\",\"@id\":\"https:\\\/\\\/www.bellunopress.it\\\/2025\\\/12\\\/17\\\/natale-a-chies-dalpago-le-iniziative-in-programma\\\/#primaryimage\",\"url\":\"https:\\\/\\\/www.bellunopress.it\\\/wp-content\\\/uploads\\\/2025\\\/12\\\/Accensione-albero-natale-Lamosano.jpg\",\"contentUrl\":\"https:\\\/\\\/www.bellunopress.it\\\/wp-content\\\/uploads\\\/2025\\\/12\\\/Accensione-albero-natale-Lamosano.jpg\",\"width\":800,\"height\":716,\"caption\":\"Accensione albero di Natale a Lamosano (Chies d'Alpago)\"},{\"@type\":\"BreadcrumbList\",\"@id\":\"https:\\\/\\\/www.bellunopress.it\\\/2025\\\/12\\\/17\\\/natale-a-chies-dalpago-le-iniziative-in-programma\\\/#breadcrumb\",\"itemListElement\":[{\"@type\":\"ListItem\",\"position\":1,\"name\":\"Home\",\"item\":\"https:\\\/\\\/www.bellunopress.it\\\/\"},{\"@type\":\"ListItem\",\"position\":2,\"name\":\"Natale a Chies d&#8217;Alpago. Le iniziative in programma\"}]},{\"@type\":\"WebSite\",\"@id\":\"https:\\\/\\\/www.bellunopress.it\\\/#website\",\"url\":\"https:\\\/\\\/www.bellunopress.it\\\/\",\"name\":\"Bellunopress - Dolomiti\",\"description\":\"e-mail: redazione@bellunopress.it\",\"publisher\":{\"@id\":\"https:\\\/\\\/www.bellunopress.it\\\/#organization\"},\"potentialAction\":[{\"@type\":\"SearchAction\",\"target\":{\"@type\":\"EntryPoint\",\"urlTemplate\":\"https:\\\/\\\/www.bellunopress.it\\\/?s={search_term_string}\"},\"query-input\":{\"@type\":\"PropertyValueSpecification\",\"valueRequired\":true,\"valueName\":\"search_term_string\"}}],\"inLanguage\":\"fr-FR\"},{\"@type\":\"Organization\",\"@id\":\"https:\\\/\\\/www.bellunopress.it\\\/#organization\",\"name\":\"Bellunopress\",\"url\":\"https:\\\/\\\/www.bellunopress.it\\\/\",\"logo\":{\"@type\":\"ImageObject\",\"inLanguage\":\"fr-FR\",\"@id\":\"https:\\\/\\\/www.bellunopress.it\\\/#\\\/schema\\\/logo\\\/image\\\/\",\"url\":\"https:\\\/\\\/www.bellunopress.it\\\/wp-content\\\/uploads\\\/2011\\\/05\\\/cropped-logo-bellunopress-.jpg\",\"contentUrl\":\"https:\\\/\\\/www.bellunopress.it\\\/wp-content\\\/uploads\\\/2011\\\/05\\\/cropped-logo-bellunopress-.jpg\",\"width\":512,\"height\":512,\"caption\":\"Bellunopress\"},\"image\":{\"@id\":\"https:\\\/\\\/www.bellunopress.it\\\/#\\\/schema\\\/logo\\\/image\\\/\"},\"sameAs\":[\"https:\\\/\\\/www.facebook.com\\\/profile.php?id=100008943462799\",\"https:\\\/\\\/x.com\\\/bellunopress\",\"https:\\\/\\\/www.linkedin.com\\\/hp\\\/?dnr=JBzUWaJfMUw8vbXJJ2tVW5-I3jZKvC4wsoxE&amp;amp;amp;amp;amp;amp;trk=nav_responsive_tab_home\",\"https:\\\/\\\/www.youtube.com\\\/channel\\\/UCxL0wu1uN0_3_7hGG0306cw\"]},{\"@type\":\"Person\",\"@id\":\"https:\\\/\\\/www.bellunopress.it\\\/#\\\/schema\\\/person\\\/79bb06722b37ece1c03d3e94beb30d73\",\"name\":\"redazione\",\"image\":{\"@type\":\"ImageObject\",\"inLanguage\":\"fr-FR\",\"@id\":\"https:\\\/\\\/secure.gravatar.com\\\/avatar\\\/37d968a2e67a6fd04c169c4bdef102d0bc5d31b2546345219e348575eb80e9a0?s=96&d=mm&r=g\",\"url\":\"https:\\\/\\\/secure.gravatar.com\\\/avatar\\\/37d968a2e67a6fd04c169c4bdef102d0bc5d31b2546345219e348575eb80e9a0?s=96&d=mm&r=g\",\"contentUrl\":\"https:\\\/\\\/secure.gravatar.com\\\/avatar\\\/37d968a2e67a6fd04c169c4bdef102d0bc5d31b2546345219e348575eb80e9a0?s=96&d=mm&r=g\",\"caption\":\"redazione\"},\"sameAs\":[\"http:\\\/\\\/www.bellunopress.it\",\"https:\\\/\\\/x.com\\\/bellunopress\"],\"url\":\"https:\\\/\\\/www.bellunopress.it\\\/fr\\\/author\\\/redazione\\\/\"}]}<\/script>\n<!-- \/ Yoast SEO plugin. -->","yoast_head_json":{"title":"Natale a Chies d'Alpago. Le iniziative in programma - Bellunopress - Dolomiti","robots":{"index":"index","follow":"follow","max-snippet":"max-snippet:-1","max-image-preview":"max-image-preview:large","max-video-preview":"max-video-preview:-1"},"canonical":"https:\/\/www.bellunopress.it\/fr\/2025\/12\/17\/natale-a-chies-dalpago-le-iniziative-in-programma\/","og_locale":"fr_FR","og_type":"article","og_title":"Natale a Chies d'Alpago. Le iniziative in programma - Bellunopress - Dolomiti","og_description":"Dalla scomparsa chiesa di San Daniele al cinema a tema natalizio, dai laboratori per bambini ai terrificanti Krampus, fino ai racconti del supereroe lucertolino. Un fine settimana intenso si prepara a Chies d&#8217;Alpago dedicato a piccoli e grandi, all&#8217;insegna dello spettacolo e dell&#8217;intrattenimento. Ad aprire il calendario degli eventi dedicati alle festivit\u00e0 natalizie in quel [&hellip;]","og_url":"https:\/\/www.bellunopress.it\/fr\/2025\/12\/17\/natale-a-chies-dalpago-le-iniziative-in-programma\/","og_site_name":"Bellunopress - Dolomiti","article_publisher":"https:\/\/www.facebook.com\/profile.php?id=100008943462799","article_published_time":"2025-12-17T15:00:35+00:00","og_image":[{"width":800,"height":716,"url":"https:\/\/www.bellunopress.it\/wp-content\/uploads\/2025\/12\/Accensione-albero-natale-Lamosano.jpg","type":"image\/jpeg"}],"author":"redazione","twitter_card":"summary_large_image","twitter_creator":"@bellunopress","twitter_site":"@bellunopress","twitter_misc":{"\u00c9crit par":"redazione","Dur\u00e9e de lecture estim\u00e9e":"3 minutes"},"schema":{"@context":"https:\/\/schema.org","@graph":[{"@type":"Article","@id":"https:\/\/www.bellunopress.it\/2025\/12\/17\/natale-a-chies-dalpago-le-iniziative-in-programma\/#article","isPartOf":{"@id":"https:\/\/www.bellunopress.it\/2025\/12\/17\/natale-a-chies-dalpago-le-iniziative-in-programma\/"},"author":{"name":"redazione","@id":"https:\/\/www.bellunopress.it\/#\/schema\/person\/79bb06722b37ece1c03d3e94beb30d73"},"headline":"Natale a Chies d&#8217;Alpago. Le iniziative in programma","datePublished":"2025-12-17T15:00:35+00:00","mainEntityOfPage":{"@id":"https:\/\/www.bellunopress.it\/2025\/12\/17\/natale-a-chies-dalpago-le-iniziative-in-programma\/"},"wordCount":581,"publisher":{"@id":"https:\/\/www.bellunopress.it\/#organization"},"image":{"@id":"https:\/\/www.bellunopress.it\/2025\/12\/17\/natale-a-chies-dalpago-le-iniziative-in-programma\/#primaryimage"},"thumbnailUrl":"https:\/\/www.bellunopress.it\/wp-content\/uploads\/2025\/12\/Accensione-albero-natale-Lamosano.jpg","articleSection":["Prima Pagina","Societ\u00e0, Associazioni, Istituzioni"],"inLanguage":"fr-FR"},{"@type":"WebPage","@id":"https:\/\/www.bellunopress.it\/2025\/12\/17\/natale-a-chies-dalpago-le-iniziative-in-programma\/","url":"https:\/\/www.bellunopress.it\/2025\/12\/17\/natale-a-chies-dalpago-le-iniziative-in-programma\/","name":"Natale a Chies d'Alpago. Le iniziative in programma - Bellunopress - Dolomiti","isPartOf":{"@id":"https:\/\/www.bellunopress.it\/#website"},"primaryImageOfPage":{"@id":"https:\/\/www.bellunopress.it\/2025\/12\/17\/natale-a-chies-dalpago-le-iniziative-in-programma\/#primaryimage"},"image":{"@id":"https:\/\/www.bellunopress.it\/2025\/12\/17\/natale-a-chies-dalpago-le-iniziative-in-programma\/#primaryimage"},"thumbnailUrl":"https:\/\/www.bellunopress.it\/wp-content\/uploads\/2025\/12\/Accensione-albero-natale-Lamosano.jpg","datePublished":"2025-12-17T15:00:35+00:00","breadcrumb":{"@id":"https:\/\/www.bellunopress.it\/2025\/12\/17\/natale-a-chies-dalpago-le-iniziative-in-programma\/#breadcrumb"},"inLanguage":"fr-FR","potentialAction":[{"@type":"ReadAction","target":["https:\/\/www.bellunopress.it\/2025\/12\/17\/natale-a-chies-dalpago-le-iniziative-in-programma\/"]}]},{"@type":"ImageObject","inLanguage":"fr-FR","@id":"https:\/\/www.bellunopress.it\/2025\/12\/17\/natale-a-chies-dalpago-le-iniziative-in-programma\/#primaryimage","url":"https:\/\/www.bellunopress.it\/wp-content\/uploads\/2025\/12\/Accensione-albero-natale-Lamosano.jpg","contentUrl":"https:\/\/www.bellunopress.it\/wp-content\/uploads\/2025\/12\/Accensione-albero-natale-Lamosano.jpg","width":800,"height":716,"caption":"Accensione albero di Natale a Lamosano (Chies d'Alpago)"},{"@type":"BreadcrumbList","@id":"https:\/\/www.bellunopress.it\/2025\/12\/17\/natale-a-chies-dalpago-le-iniziative-in-programma\/#breadcrumb","itemListElement":[{"@type":"ListItem","position":1,"name":"Home","item":"https:\/\/www.bellunopress.it\/"},{"@type":"ListItem","position":2,"name":"Natale a Chies d&#8217;Alpago. Le iniziative in programma"}]},{"@type":"WebSite","@id":"https:\/\/www.bellunopress.it\/#website","url":"https:\/\/www.bellunopress.it\/","name":"Bellunopress - Dolomiti","description":"e-mail: redazione@bellunopress.it","publisher":{"@id":"https:\/\/www.bellunopress.it\/#organization"},"potentialAction":[{"@type":"SearchAction","target":{"@type":"EntryPoint","urlTemplate":"https:\/\/www.bellunopress.it\/?s={search_term_string}"},"query-input":{"@type":"PropertyValueSpecification","valueRequired":true,"valueName":"search_term_string"}}],"inLanguage":"fr-FR"},{"@type":"Organization","@id":"https:\/\/www.bellunopress.it\/#organization","name":"Bellunopress","url":"https:\/\/www.bellunopress.it\/","logo":{"@type":"ImageObject","inLanguage":"fr-FR","@id":"https:\/\/www.bellunopress.it\/#\/schema\/logo\/image\/","url":"https:\/\/www.bellunopress.it\/wp-content\/uploads\/2011\/05\/cropped-logo-bellunopress-.jpg","contentUrl":"https:\/\/www.bellunopress.it\/wp-content\/uploads\/2011\/05\/cropped-logo-bellunopress-.jpg","width":512,"height":512,"caption":"Bellunopress"},"image":{"@id":"https:\/\/www.bellunopress.it\/#\/schema\/logo\/image\/"},"sameAs":["https:\/\/www.facebook.com\/profile.php?id=100008943462799","https:\/\/x.com\/bellunopress","https:\/\/www.linkedin.com\/hp\/?dnr=JBzUWaJfMUw8vbXJJ2tVW5-I3jZKvC4wsoxE&amp;amp;amp;amp;amp;amp;trk=nav_responsive_tab_home","https:\/\/www.youtube.com\/channel\/UCxL0wu1uN0_3_7hGG0306cw"]},{"@type":"Person","@id":"https:\/\/www.bellunopress.it\/#\/schema\/person\/79bb06722b37ece1c03d3e94beb30d73","name":"r\u00e9daction","image":{"@type":"ImageObject","inLanguage":"fr-FR","@id":"https:\/\/secure.gravatar.com\/avatar\/37d968a2e67a6fd04c169c4bdef102d0bc5d31b2546345219e348575eb80e9a0?s=96&d=mm&r=g","url":"https:\/\/secure.gravatar.com\/avatar\/37d968a2e67a6fd04c169c4bdef102d0bc5d31b2546345219e348575eb80e9a0?s=96&d=mm&r=g","contentUrl":"https:\/\/secure.gravatar.com\/avatar\/37d968a2e67a6fd04c169c4bdef102d0bc5d31b2546345219e348575eb80e9a0?s=96&d=mm&r=g","caption":"redazione"},"sameAs":["http:\/\/www.bellunopress.it","https:\/\/x.com\/bellunopress"],"url":"https:\/\/www.bellunopress.it\/fr\/author\/redazione\/"}]}},"_links":{"self":[{"href":"https:\/\/www.bellunopress.it\/fr\/wp-json\/wp\/v2\/posts\/165836","targetHints":{"allow":["GET"]}}],"collection":[{"href":"https:\/\/www.bellunopress.it\/fr\/wp-json\/wp\/v2\/posts"}],"about":[{"href":"https:\/\/www.bellunopress.it\/fr\/wp-json\/wp\/v2\/types\/post"}],"author":[{"embeddable":true,"href":"https:\/\/www.bellunopress.it\/fr\/wp-json\/wp\/v2\/users\/2"}],"replies":[{"embeddable":true,"href":"https:\/\/www.bellunopress.it\/fr\/wp-json\/wp\/v2\/comments?post=165836"}],"version-history":[{"count":2,"href":"https:\/\/www.bellunopress.it\/fr\/wp-json\/wp\/v2\/posts\/165836\/revisions"}],"predecessor-version":[{"id":165839,"href":"https:\/\/www.bellunopress.it\/fr\/wp-json\/wp\/v2\/posts\/165836\/revisions\/165839"}],"wp:featuredmedia":[{"embeddable":true,"href":"https:\/\/www.bellunopress.it\/fr\/wp-json\/wp\/v2\/media\/165837"}],"wp:attachment":[{"href":"https:\/\/www.bellunopress.it\/fr\/wp-json\/wp\/v2\/media?parent=165836"}],"wp:term":[{"taxonomy":"category","embeddable":true,"href":"https:\/\/www.bellunopress.it\/fr\/wp-json\/wp\/v2\/categories?post=165836"},{"taxonomy":"post_tag","embeddable":true,"href":"https:\/\/www.bellunopress.it\/fr\/wp-json\/wp\/v2\/tags?post=165836"}],"curies":[{"name":"wp","href":"https:\/\/api.w.org\/{rel}","templated":true}]}}