{"id":165810,"date":"2025-12-16T14:05:08","date_gmt":"2025-12-16T13:05:08","guid":{"rendered":"https:\/\/www.bellunopress.it\/?p=165810"},"modified":"2025-12-16T14:05:08","modified_gmt":"2025-12-16T13:05:08","slug":"oltre-le-vette-metafore-uomini-e-luoghi-della-montagna-il-programma","status":"publish","type":"post","link":"https:\/\/www.bellunopress.it\/fr\/2025\/12\/16\/oltre-le-vette-metafore-uomini-e-luoghi-della-montagna-il-programma\/","title":{"rendered":"Oltre le vette, metafore, uomini e luoghi della montagna. Il programma"},"content":{"rendered":"<p><img loading=\"lazy\" decoding=\"async\" class=\"aligncenter size-medium wp-image-163618\" src=\"https:\/\/www.bellunopress.it\/wp-content\/uploads\/2025\/09\/Oltre-le-Vette-2025-2026_edited-402x500.jpg\" alt=\"\" width=\"402\" height=\"500\" srcset=\"https:\/\/www.bellunopress.it\/wp-content\/uploads\/2025\/09\/Oltre-le-Vette-2025-2026_edited-402x500.jpg 402w, https:\/\/www.bellunopress.it\/wp-content\/uploads\/2025\/09\/Oltre-le-Vette-2025-2026_edited-338x420.jpg 338w, https:\/\/www.bellunopress.it\/wp-content\/uploads\/2025\/09\/Oltre-le-Vette-2025-2026_edited.jpg 643w\" sizes=\"auto, (max-width: 402px) 100vw, 402px\" \/>Dopo l\u2019inaugurazione avvenuta nel mese di ottobre con la mostra fotografica Dolomiti. Un<br \/>\npaesaggio tutelato, la 29ma edizione della rassegna culturale Oltre le Vette | Metafore,<br \/>\nuomini e luoghi della montagna, quest\u2019anno dedicata alla neve, riprende gli<br \/>\nappuntamenti in vista dell\u2019intensa settimana di eventi in programma dal 9 al 18<br \/>\ngennaio.<\/p>\n<p>Mostre, film, documentari, spettacoli teatrali, concerti, convegni, presentazioni di libri e<br \/>\nlaboratori e concerti per bambini: oltre 40 appuntamenti che animeranno la kermesse<br \/>\nculturale, curata da Valeria Benni e Flavio Faoro insieme a Diego Cason e a<br \/>\nFrancesco Vascellari, nella quale trovano spazio esposizioni importanti a iniziare dalla<br \/>\npersonale dell\u2019artista e illustratrice Roberta Cadorin, creatrice anche dell\u2019immagine della<br \/>\n29ma edizione di Oltre le Vette.<\/p>\n<p>La mostra, che sar\u00e0 inaugurata <strong>sabato 20 dicembre a Palazzo Crepadona, alle ore 11<\/strong>, \u00e8 intitolata Sguardi e Orizzonti. Volti come mappe, orizzonti come promesse,<br \/>\nun\u2019esposizione che invita a un percorso dove i volti e le figure femminili si trasformano in<br \/>\npaesaggi interiori.<\/p>\n<p><strong>Venerd\u00ec 9 gennaio, alle 17.30, a Palazzo Bembo<\/strong>, sar\u00e0 inoltre inaugurata la mostra<br \/>\ninterattiva tra scienza e natura intitolata: Dolomiti: in cammino nella geologia della<br \/>\nmeraviglia, a cura della Fondazione Dolomiti Unesco. La mostra, un viaggio nel<br \/>\ntempo, esplora 250 milioni di anni di storia geologica delle Dolomiti, svelando le forze che<br \/>\nhanno creato queste montagne e i fenomeni che le plasmano ancora oggi.<\/p>\n<p>Ancora in tema di mostre, <strong>sabato 10 gennaio, alle 11.30 a Palazzo Bembo<\/strong>, nelle sale<br \/>\nal primo piano, sar\u00e0 inaugurata la mostra fotografica intitolata: Cadore, fotografie del<br \/>\ncambiamento, a cura di Matteo Da Deppo e Antonio Genova. In esposizione scatti<br \/>\ncome testimonianze suggestive della trasformazione sociale, ambientale e urbanistica del<br \/>\nterritorio cadorino avvenuta tra la fine dell\u2019Ottocento e gli anni 2000. L\u2019evento \u00e8<br \/>\norganizzato in collaborazione con la Magnifica Comunit\u00e0 di Cadore.<\/p>\n<p>Ancora la scienza in mostra a Oltre le Vette con l\u2019illustrazione della ricerca intitolata: Il<br \/>\nmondo di una zecca, una sorprendente esposizione documentale, nonch\u00e9 un prezioso<br \/>\nvademecum, che sar\u00e0 inaugurata <strong>domenica 11 gennaio alle 10 a Palazzo Bembo<\/strong>.<br \/>\nTesti, fotografie e immagini di Deborah Nadal, Vito Vecellio, Luca Frigo e di 43<br \/>\nstudenti e studentesse dell\u2019Istituto \u201cT. Catullo\u201d di Belluno. In collaborazione con<br \/>\nl\u2019Universit\u00e0 Ca\u2019 Foscari e la Fondazione Giovanni Angelini-Centro studi sulla<br \/>\nmontagna.<\/p>\n<p>E per le iniziative fuori Comune, a un anno dalla sua scomparsa, Oltre le Vette invita<br \/>\nall\u2019inaugurazione della personale del fotografo Loris De Barba, <strong>gioved\u00ec 8 gennaio alle<\/strong><br \/>\n<strong>18 in sala municipio a Limana<\/strong>: Loris-Equilibri e montagne.<\/p>\n<p>Nel programma di Oltre le Vette, oltre al ciclo di numerosi incontri sotto al titolo Parole di<br \/>\ncarta e di montagna, con ospiti che offriranno contributi letterari importanti, non poteva<br \/>\nmancare un evento dedicato alla neve, tema della 29ma rassegna.<\/p>\n<p><strong>Sabato 10 gennaio, alle 16.30 al centro culturale Crepadona<\/strong>, avr\u00e0 quindi luogo l\u2019incontro scientifico divulgativo intitolato: Neve?, un excursus condotto da studiosi ed esperti per scandagliare uno dei fenomeni naturali pi\u00f9 affascinanti, ma anche strettamente correlato agli effetti negativi del cambiamento climatico. In collaborazione con Arpav.<\/p>\n<p>Un altro importante convegno, legato alla mostra geologica sulle Dolomiti, \u00e8 in programma<br \/>\n<strong>sabato 17 gennaio alle 9.30 a Palazzo Crepadona<\/strong>: un racconto scientificodivulgativo sulla genesi dei monti pallidi, trattato da esperti e organizzato dalla<br \/>\nFondazione Dolomiti Unesco.<\/p>\n<p>Tra gli spettacoli inseriti in rassegna spicca quello teatrale in programma <strong>sabato 10<\/strong><br \/>\n<strong>gennaio, alle 21 al Teatro Dino Buzzati<\/strong>, con Telmo Pievani e la Banda Osiris<br \/>\nintitolato: Allegro Bestiale &#8211; Ai confini della biodiversit\u00e0.<\/p>\n<p>Molto attesi gli incontri in programma sui temi dell\u2019alpinismo e l\u2019arrampicata che<br \/>\ncaratterizzano da sempre la manifestazione. Dall\u2019incontro con l\u2019alpinista Gianni<br \/>\nGianeselli, <strong>venerd\u00ec 9 gennaio alle 21 a Palazzo Crepadona<\/strong>, in collaborazione con il Cai<br \/>\nsezione di Belluno, al ricordo corale dell\u2019alpinista Lorenzo Massarotto, domenica 11<br \/>\ngennaio alle 21 al Teatro Dino Buzzati, al dialogo con Nives Meroi e Romano Benet che<br \/>\nfar\u00e0 seguito alla consegna del Premio Silla Ghedina per la miglior scalata del 2024,<br \/>\n<strong>mercoled\u00ec 14 gennaio alle 21 al Teatro Dino Buzzati<\/strong>, quindi l\u2019incontro con il biker d\u2019alta quota Giovanni Mattiello, <strong>sabato 17 gennaio alle 18 a Palazzo Crepadona<\/strong> e quello con lo scialpinista Giorgio Daidola, <strong>domenica 18 gennaio alle 17.30 a Palazzo Crepadona<\/strong>.<br \/>\nAnche cinema a Oltre le Vette, con la proiezione del film di Alessandro Padovani: La<br \/>\nzima del sign\u00f2r, <strong>domenica 11 gennaio alle 18 a Palazzo Crepadona<\/strong>, il film Lungo il<br \/>\nsentiero con la regia di Boz, Mazzon e Sacchet, <strong>luned\u00ec 12 gennaio alle 21 al Cinema Italia<\/strong>, e i film Altrove, di Gabriele Canu, e C\u2019era una volta a Est, di Alessandro D\u2019Emilia,<br \/>\n<strong>marted\u00ec 13 gennaio alle 21 al Cinema Italia<\/strong>, in collaborazione con Montura.<br \/>\nPer la partnership con Trento Film Festival, <strong>gioved\u00ec 15 gennaio alle 21 al Cinema Italia<\/strong>,<br \/>\nla proiezione di tre film: il primo \u00e8 intitolato Mario Marica-Arrampicare per viaggiare,<br \/>\ndi Luca Rapetti, il secondo Des \u00e9quilibres, di Antoine Mesnage e il terzo Painting<br \/>\nthe mountains, di Pierre Cadot.<\/p>\n<p>Le Azzorre, Hawaii d\u2019Europa e le Isole Faroe, terra degli ultimi vichinghi, sono invece le<br \/>\nprotagoniste del documentario di Nova Lectio, <strong>sabato 17 gennaio alle 21 a Palazzo<\/strong><br \/>\n<strong>Crepadona<\/strong>. Concluder\u00e0 la rassegna il film muto di Frank Hurley intitolato South, con<br \/>\ncommento musicale dal vivo di Paolo Forte, <strong>domenica 18 gennaio alle 21 a Palazzo<\/strong><br \/>\n<strong>Crepadona<\/strong>.<\/p>\n<p>Tra gli altri appuntamenti spiccano quello in programma venerd\u00ec 16 gennaio, alle 18.30 a<br \/>\nVilla Buzzati a San Pellegrino, con la presentazione degli atti del convegno sulla tragedia<br \/>\ndel Vajont e quello che<strong> luned\u00ec 12 gennaio, alle 18 a Palazzo Crepadona<\/strong>, esporr\u00e0 il progetto inclusivo di Aipd e Pndb intitolato Ti guido-Verso un parco accessibile a tutti, svolto in collaborazione con il Parco delle Dolomiti Bellunesi.<br \/>\nIl servizio di comunicazione con la stampa di Oltre le Vette \u00e8 curato da Ezio<br \/>\nFranceschini, la parte social media da Alessia Rossa. Oltre le Vette Spirit, che cos&#8217;\u00e8?<\/p>\n<p>L\u2019ingresso agli eventi \u00e8 gratuito, ma all\u2019entrata ognuno avr\u00e0 la possibilit\u00e0 di fare un\u2019offerta<br \/>\nlibera e consapevole a sostegno della rassegna. Oltre le Vette chiede cos\u00ec di condividere il<br \/>\nsuo spirito legato alla cultura e alla montagna per far sentire questa importante<br \/>\nmanifestazione patrimonio di tutti.<br \/>\nIl programma completo di tutti gli eventi, oltre a quelli citati, \u00e8 scaricabile dal sito<br \/>\nwww.oltrelevette.it, dove \u00e8 anche possibile informarsi, registrarsi e prenotare.<br \/>\nInformazioni anche tramite le pagine social Facebook e Instagram di Oltre le Vette.<\/p>","protected":false},"excerpt":{"rendered":"<p>Dopo l\u2019inaugurazione avvenuta nel mese di ottobre con la mostra fotografica Dolomiti. Un paesaggio tutelato, la 29ma edizione della rassegna culturale Oltre le Vette | Metafore, uomini e luoghi della montagna, quest\u2019anno dedicata alla neve, riprende gli appuntamenti in vista dell\u2019intensa settimana di eventi in programma dal 9 al 18 gennaio. Mostre, film, documentari, spettacoli [&hellip;]<\/p>\n","protected":false},"author":2,"featured_media":163618,"comment_status":"closed","ping_status":"open","sticky":false,"template":"","format":"standard","meta":{"footnotes":""},"categories":[27,3,3446,25],"tags":[],"class_list":["post-165810","post","type-post","status-publish","format-standard","has-post-thumbnail","category-appuntamenti","category-arte-cultura-spettacoli-scienza-archivi","category-featured","category-pausa-caffe"],"yoast_head":"<!-- This site is optimized with the Yoast SEO plugin v28.4 - https:\/\/yoast.com\/product\/yoast-seo-wordpress\/ -->\n<title>Oltre le vette, metafore, uomini e luoghi della montagna. Il programma - Bellunopress - Dolomiti<\/title>\n<meta name=\"robots\" content=\"index, follow, max-snippet:-1, max-image-preview:large, max-video-preview:-1\" \/>\n<link rel=\"canonical\" href=\"https:\/\/www.bellunopress.it\/fr\/2025\/12\/16\/oltre-le-vette-metafore-uomini-e-luoghi-della-montagna-il-programma\/\" \/>\n<meta property=\"og:locale\" content=\"fr_FR\" \/>\n<meta property=\"og:type\" content=\"article\" \/>\n<meta property=\"og:title\" content=\"Oltre le vette, metafore, uomini e luoghi della montagna. Il programma - Bellunopress - Dolomiti\" \/>\n<meta property=\"og:description\" content=\"Dopo l\u2019inaugurazione avvenuta nel mese di ottobre con la mostra fotografica Dolomiti. Un paesaggio tutelato, la 29ma edizione della rassegna culturale Oltre le Vette | Metafore, uomini e luoghi della montagna, quest\u2019anno dedicata alla neve, riprende gli appuntamenti in vista dell\u2019intensa settimana di eventi in programma dal 9 al 18 gennaio. Mostre, film, documentari, spettacoli [&hellip;]\" \/>\n<meta property=\"og:url\" content=\"https:\/\/www.bellunopress.it\/fr\/2025\/12\/16\/oltre-le-vette-metafore-uomini-e-luoghi-della-montagna-il-programma\/\" \/>\n<meta property=\"og:site_name\" content=\"Bellunopress - Dolomiti\" \/>\n<meta property=\"article:publisher\" content=\"https:\/\/www.facebook.com\/profile.php?id=100008943462799\" \/>\n<meta property=\"article:published_time\" content=\"2025-12-16T13:05:08+00:00\" \/>\n<meta property=\"og:image\" content=\"https:\/\/www.bellunopress.it\/wp-content\/uploads\/2025\/09\/Oltre-le-Vette-2025-2026_edited.jpg\" \/>\n\t<meta property=\"og:image:width\" content=\"643\" \/>\n\t<meta property=\"og:image:height\" content=\"800\" \/>\n\t<meta property=\"og:image:type\" content=\"image\/jpeg\" \/>\n<meta name=\"author\" content=\"redazione\" \/>\n<meta name=\"twitter:card\" content=\"summary_large_image\" \/>\n<meta name=\"twitter:creator\" content=\"@bellunopress\" \/>\n<meta name=\"twitter:site\" content=\"@bellunopress\" \/>\n<meta name=\"twitter:label1\" content=\"\u00c9crit par\" \/>\n\t<meta name=\"twitter:data1\" content=\"redazione\" \/>\n\t<meta name=\"twitter:label2\" content=\"Dur\u00e9e de lecture estim\u00e9e\" \/>\n\t<meta name=\"twitter:data2\" content=\"5 minutes\" \/>\n<script type=\"application\/ld+json\" class=\"yoast-schema-graph\">{\"@context\":\"https:\\\/\\\/schema.org\",\"@graph\":[{\"@type\":\"Article\",\"@id\":\"https:\\\/\\\/www.bellunopress.it\\\/2025\\\/12\\\/16\\\/oltre-le-vette-metafore-uomini-e-luoghi-della-montagna-il-programma\\\/#article\",\"isPartOf\":{\"@id\":\"https:\\\/\\\/www.bellunopress.it\\\/2025\\\/12\\\/16\\\/oltre-le-vette-metafore-uomini-e-luoghi-della-montagna-il-programma\\\/\"},\"author\":{\"name\":\"redazione\",\"@id\":\"https:\\\/\\\/www.bellunopress.it\\\/#\\\/schema\\\/person\\\/79bb06722b37ece1c03d3e94beb30d73\"},\"headline\":\"Oltre le vette, metafore, uomini e luoghi della montagna. Il programma\",\"datePublished\":\"2025-12-16T13:05:08+00:00\",\"mainEntityOfPage\":{\"@id\":\"https:\\\/\\\/www.bellunopress.it\\\/2025\\\/12\\\/16\\\/oltre-le-vette-metafore-uomini-e-luoghi-della-montagna-il-programma\\\/\"},\"wordCount\":1019,\"publisher\":{\"@id\":\"https:\\\/\\\/www.bellunopress.it\\\/#organization\"},\"image\":{\"@id\":\"https:\\\/\\\/www.bellunopress.it\\\/2025\\\/12\\\/16\\\/oltre-le-vette-metafore-uomini-e-luoghi-della-montagna-il-programma\\\/#primaryimage\"},\"thumbnailUrl\":\"https:\\\/\\\/www.bellunopress.it\\\/wp-content\\\/uploads\\\/2025\\\/09\\\/Oltre-le-Vette-2025-2026_edited.jpg\",\"articleSection\":[\"Appuntamenti, Eventi\",\"Arte, Cultura, Spettacoli, Scienza\",\"Featured\",\"Pausa Caff\u00e8\"],\"inLanguage\":\"fr-FR\"},{\"@type\":\"WebPage\",\"@id\":\"https:\\\/\\\/www.bellunopress.it\\\/2025\\\/12\\\/16\\\/oltre-le-vette-metafore-uomini-e-luoghi-della-montagna-il-programma\\\/\",\"url\":\"https:\\\/\\\/www.bellunopress.it\\\/2025\\\/12\\\/16\\\/oltre-le-vette-metafore-uomini-e-luoghi-della-montagna-il-programma\\\/\",\"name\":\"Oltre le vette, metafore, uomini e luoghi della montagna. Il programma - Bellunopress - Dolomiti\",\"isPartOf\":{\"@id\":\"https:\\\/\\\/www.bellunopress.it\\\/#website\"},\"primaryImageOfPage\":{\"@id\":\"https:\\\/\\\/www.bellunopress.it\\\/2025\\\/12\\\/16\\\/oltre-le-vette-metafore-uomini-e-luoghi-della-montagna-il-programma\\\/#primaryimage\"},\"image\":{\"@id\":\"https:\\\/\\\/www.bellunopress.it\\\/2025\\\/12\\\/16\\\/oltre-le-vette-metafore-uomini-e-luoghi-della-montagna-il-programma\\\/#primaryimage\"},\"thumbnailUrl\":\"https:\\\/\\\/www.bellunopress.it\\\/wp-content\\\/uploads\\\/2025\\\/09\\\/Oltre-le-Vette-2025-2026_edited.jpg\",\"datePublished\":\"2025-12-16T13:05:08+00:00\",\"breadcrumb\":{\"@id\":\"https:\\\/\\\/www.bellunopress.it\\\/2025\\\/12\\\/16\\\/oltre-le-vette-metafore-uomini-e-luoghi-della-montagna-il-programma\\\/#breadcrumb\"},\"inLanguage\":\"fr-FR\",\"potentialAction\":[{\"@type\":\"ReadAction\",\"target\":[\"https:\\\/\\\/www.bellunopress.it\\\/2025\\\/12\\\/16\\\/oltre-le-vette-metafore-uomini-e-luoghi-della-montagna-il-programma\\\/\"]}]},{\"@type\":\"ImageObject\",\"inLanguage\":\"fr-FR\",\"@id\":\"https:\\\/\\\/www.bellunopress.it\\\/2025\\\/12\\\/16\\\/oltre-le-vette-metafore-uomini-e-luoghi-della-montagna-il-programma\\\/#primaryimage\",\"url\":\"https:\\\/\\\/www.bellunopress.it\\\/wp-content\\\/uploads\\\/2025\\\/09\\\/Oltre-le-Vette-2025-2026_edited.jpg\",\"contentUrl\":\"https:\\\/\\\/www.bellunopress.it\\\/wp-content\\\/uploads\\\/2025\\\/09\\\/Oltre-le-Vette-2025-2026_edited.jpg\",\"width\":643,\"height\":800},{\"@type\":\"BreadcrumbList\",\"@id\":\"https:\\\/\\\/www.bellunopress.it\\\/2025\\\/12\\\/16\\\/oltre-le-vette-metafore-uomini-e-luoghi-della-montagna-il-programma\\\/#breadcrumb\",\"itemListElement\":[{\"@type\":\"ListItem\",\"position\":1,\"name\":\"Home\",\"item\":\"https:\\\/\\\/www.bellunopress.it\\\/\"},{\"@type\":\"ListItem\",\"position\":2,\"name\":\"Oltre le vette, metafore, uomini e luoghi della montagna. Il programma\"}]},{\"@type\":\"WebSite\",\"@id\":\"https:\\\/\\\/www.bellunopress.it\\\/#website\",\"url\":\"https:\\\/\\\/www.bellunopress.it\\\/\",\"name\":\"Bellunopress - Dolomiti\",\"description\":\"e-mail: redazione@bellunopress.it\",\"publisher\":{\"@id\":\"https:\\\/\\\/www.bellunopress.it\\\/#organization\"},\"potentialAction\":[{\"@type\":\"SearchAction\",\"target\":{\"@type\":\"EntryPoint\",\"urlTemplate\":\"https:\\\/\\\/www.bellunopress.it\\\/?s={search_term_string}\"},\"query-input\":{\"@type\":\"PropertyValueSpecification\",\"valueRequired\":true,\"valueName\":\"search_term_string\"}}],\"inLanguage\":\"fr-FR\"},{\"@type\":\"Organization\",\"@id\":\"https:\\\/\\\/www.bellunopress.it\\\/#organization\",\"name\":\"Bellunopress\",\"url\":\"https:\\\/\\\/www.bellunopress.it\\\/\",\"logo\":{\"@type\":\"ImageObject\",\"inLanguage\":\"fr-FR\",\"@id\":\"https:\\\/\\\/www.bellunopress.it\\\/#\\\/schema\\\/logo\\\/image\\\/\",\"url\":\"https:\\\/\\\/www.bellunopress.it\\\/wp-content\\\/uploads\\\/2011\\\/05\\\/cropped-logo-bellunopress-.jpg\",\"contentUrl\":\"https:\\\/\\\/www.bellunopress.it\\\/wp-content\\\/uploads\\\/2011\\\/05\\\/cropped-logo-bellunopress-.jpg\",\"width\":512,\"height\":512,\"caption\":\"Bellunopress\"},\"image\":{\"@id\":\"https:\\\/\\\/www.bellunopress.it\\\/#\\\/schema\\\/logo\\\/image\\\/\"},\"sameAs\":[\"https:\\\/\\\/www.facebook.com\\\/profile.php?id=100008943462799\",\"https:\\\/\\\/x.com\\\/bellunopress\",\"https:\\\/\\\/www.linkedin.com\\\/hp\\\/?dnr=JBzUWaJfMUw8vbXJJ2tVW5-I3jZKvC4wsoxE&amp;amp;amp;amp;amp;amp;trk=nav_responsive_tab_home\",\"https:\\\/\\\/www.youtube.com\\\/channel\\\/UCxL0wu1uN0_3_7hGG0306cw\"]},{\"@type\":\"Person\",\"@id\":\"https:\\\/\\\/www.bellunopress.it\\\/#\\\/schema\\\/person\\\/79bb06722b37ece1c03d3e94beb30d73\",\"name\":\"redazione\",\"image\":{\"@type\":\"ImageObject\",\"inLanguage\":\"fr-FR\",\"@id\":\"https:\\\/\\\/secure.gravatar.com\\\/avatar\\\/37d968a2e67a6fd04c169c4bdef102d0bc5d31b2546345219e348575eb80e9a0?s=96&d=mm&r=g\",\"url\":\"https:\\\/\\\/secure.gravatar.com\\\/avatar\\\/37d968a2e67a6fd04c169c4bdef102d0bc5d31b2546345219e348575eb80e9a0?s=96&d=mm&r=g\",\"contentUrl\":\"https:\\\/\\\/secure.gravatar.com\\\/avatar\\\/37d968a2e67a6fd04c169c4bdef102d0bc5d31b2546345219e348575eb80e9a0?s=96&d=mm&r=g\",\"caption\":\"redazione\"},\"sameAs\":[\"http:\\\/\\\/www.bellunopress.it\",\"https:\\\/\\\/x.com\\\/bellunopress\"],\"url\":\"https:\\\/\\\/www.bellunopress.it\\\/fr\\\/author\\\/redazione\\\/\"}]}<\/script>\n<!-- \/ Yoast SEO plugin. -->","yoast_head_json":{"title":"Oltre le vette, metafore, uomini e luoghi della montagna. Il programma - Bellunopress - Dolomiti","robots":{"index":"index","follow":"follow","max-snippet":"max-snippet:-1","max-image-preview":"max-image-preview:large","max-video-preview":"max-video-preview:-1"},"canonical":"https:\/\/www.bellunopress.it\/fr\/2025\/12\/16\/oltre-le-vette-metafore-uomini-e-luoghi-della-montagna-il-programma\/","og_locale":"fr_FR","og_type":"article","og_title":"Oltre le vette, metafore, uomini e luoghi della montagna. Il programma - Bellunopress - Dolomiti","og_description":"Dopo l\u2019inaugurazione avvenuta nel mese di ottobre con la mostra fotografica Dolomiti. Un paesaggio tutelato, la 29ma edizione della rassegna culturale Oltre le Vette | Metafore, uomini e luoghi della montagna, quest\u2019anno dedicata alla neve, riprende gli appuntamenti in vista dell\u2019intensa settimana di eventi in programma dal 9 al 18 gennaio. Mostre, film, documentari, spettacoli [&hellip;]","og_url":"https:\/\/www.bellunopress.it\/fr\/2025\/12\/16\/oltre-le-vette-metafore-uomini-e-luoghi-della-montagna-il-programma\/","og_site_name":"Bellunopress - Dolomiti","article_publisher":"https:\/\/www.facebook.com\/profile.php?id=100008943462799","article_published_time":"2025-12-16T13:05:08+00:00","og_image":[{"width":643,"height":800,"url":"https:\/\/www.bellunopress.it\/wp-content\/uploads\/2025\/09\/Oltre-le-Vette-2025-2026_edited.jpg","type":"image\/jpeg"}],"author":"redazione","twitter_card":"summary_large_image","twitter_creator":"@bellunopress","twitter_site":"@bellunopress","twitter_misc":{"\u00c9crit par":"redazione","Dur\u00e9e de lecture estim\u00e9e":"5 minutes"},"schema":{"@context":"https:\/\/schema.org","@graph":[{"@type":"Article","@id":"https:\/\/www.bellunopress.it\/2025\/12\/16\/oltre-le-vette-metafore-uomini-e-luoghi-della-montagna-il-programma\/#article","isPartOf":{"@id":"https:\/\/www.bellunopress.it\/2025\/12\/16\/oltre-le-vette-metafore-uomini-e-luoghi-della-montagna-il-programma\/"},"author":{"name":"redazione","@id":"https:\/\/www.bellunopress.it\/#\/schema\/person\/79bb06722b37ece1c03d3e94beb30d73"},"headline":"Oltre le vette, metafore, uomini e luoghi della montagna. Il programma","datePublished":"2025-12-16T13:05:08+00:00","mainEntityOfPage":{"@id":"https:\/\/www.bellunopress.it\/2025\/12\/16\/oltre-le-vette-metafore-uomini-e-luoghi-della-montagna-il-programma\/"},"wordCount":1019,"publisher":{"@id":"https:\/\/www.bellunopress.it\/#organization"},"image":{"@id":"https:\/\/www.bellunopress.it\/2025\/12\/16\/oltre-le-vette-metafore-uomini-e-luoghi-della-montagna-il-programma\/#primaryimage"},"thumbnailUrl":"https:\/\/www.bellunopress.it\/wp-content\/uploads\/2025\/09\/Oltre-le-Vette-2025-2026_edited.jpg","articleSection":["Appuntamenti, Eventi","Arte, Cultura, Spettacoli, Scienza","Featured","Pausa Caff\u00e8"],"inLanguage":"fr-FR"},{"@type":"WebPage","@id":"https:\/\/www.bellunopress.it\/2025\/12\/16\/oltre-le-vette-metafore-uomini-e-luoghi-della-montagna-il-programma\/","url":"https:\/\/www.bellunopress.it\/2025\/12\/16\/oltre-le-vette-metafore-uomini-e-luoghi-della-montagna-il-programma\/","name":"Oltre le vette, metafore, uomini e luoghi della montagna. Il programma - Bellunopress - Dolomiti","isPartOf":{"@id":"https:\/\/www.bellunopress.it\/#website"},"primaryImageOfPage":{"@id":"https:\/\/www.bellunopress.it\/2025\/12\/16\/oltre-le-vette-metafore-uomini-e-luoghi-della-montagna-il-programma\/#primaryimage"},"image":{"@id":"https:\/\/www.bellunopress.it\/2025\/12\/16\/oltre-le-vette-metafore-uomini-e-luoghi-della-montagna-il-programma\/#primaryimage"},"thumbnailUrl":"https:\/\/www.bellunopress.it\/wp-content\/uploads\/2025\/09\/Oltre-le-Vette-2025-2026_edited.jpg","datePublished":"2025-12-16T13:05:08+00:00","breadcrumb":{"@id":"https:\/\/www.bellunopress.it\/2025\/12\/16\/oltre-le-vette-metafore-uomini-e-luoghi-della-montagna-il-programma\/#breadcrumb"},"inLanguage":"fr-FR","potentialAction":[{"@type":"ReadAction","target":["https:\/\/www.bellunopress.it\/2025\/12\/16\/oltre-le-vette-metafore-uomini-e-luoghi-della-montagna-il-programma\/"]}]},{"@type":"ImageObject","inLanguage":"fr-FR","@id":"https:\/\/www.bellunopress.it\/2025\/12\/16\/oltre-le-vette-metafore-uomini-e-luoghi-della-montagna-il-programma\/#primaryimage","url":"https:\/\/www.bellunopress.it\/wp-content\/uploads\/2025\/09\/Oltre-le-Vette-2025-2026_edited.jpg","contentUrl":"https:\/\/www.bellunopress.it\/wp-content\/uploads\/2025\/09\/Oltre-le-Vette-2025-2026_edited.jpg","width":643,"height":800},{"@type":"BreadcrumbList","@id":"https:\/\/www.bellunopress.it\/2025\/12\/16\/oltre-le-vette-metafore-uomini-e-luoghi-della-montagna-il-programma\/#breadcrumb","itemListElement":[{"@type":"ListItem","position":1,"name":"Home","item":"https:\/\/www.bellunopress.it\/"},{"@type":"ListItem","position":2,"name":"Oltre le vette, metafore, uomini e luoghi della montagna. Il programma"}]},{"@type":"WebSite","@id":"https:\/\/www.bellunopress.it\/#website","url":"https:\/\/www.bellunopress.it\/","name":"Bellunopress - Dolomiti","description":"e-mail: redazione@bellunopress.it","publisher":{"@id":"https:\/\/www.bellunopress.it\/#organization"},"potentialAction":[{"@type":"SearchAction","target":{"@type":"EntryPoint","urlTemplate":"https:\/\/www.bellunopress.it\/?s={search_term_string}"},"query-input":{"@type":"PropertyValueSpecification","valueRequired":true,"valueName":"search_term_string"}}],"inLanguage":"fr-FR"},{"@type":"Organization","@id":"https:\/\/www.bellunopress.it\/#organization","name":"Bellunopress","url":"https:\/\/www.bellunopress.it\/","logo":{"@type":"ImageObject","inLanguage":"fr-FR","@id":"https:\/\/www.bellunopress.it\/#\/schema\/logo\/image\/","url":"https:\/\/www.bellunopress.it\/wp-content\/uploads\/2011\/05\/cropped-logo-bellunopress-.jpg","contentUrl":"https:\/\/www.bellunopress.it\/wp-content\/uploads\/2011\/05\/cropped-logo-bellunopress-.jpg","width":512,"height":512,"caption":"Bellunopress"},"image":{"@id":"https:\/\/www.bellunopress.it\/#\/schema\/logo\/image\/"},"sameAs":["https:\/\/www.facebook.com\/profile.php?id=100008943462799","https:\/\/x.com\/bellunopress","https:\/\/www.linkedin.com\/hp\/?dnr=JBzUWaJfMUw8vbXJJ2tVW5-I3jZKvC4wsoxE&amp;amp;amp;amp;amp;amp;trk=nav_responsive_tab_home","https:\/\/www.youtube.com\/channel\/UCxL0wu1uN0_3_7hGG0306cw"]},{"@type":"Person","@id":"https:\/\/www.bellunopress.it\/#\/schema\/person\/79bb06722b37ece1c03d3e94beb30d73","name":"r\u00e9daction","image":{"@type":"ImageObject","inLanguage":"fr-FR","@id":"https:\/\/secure.gravatar.com\/avatar\/37d968a2e67a6fd04c169c4bdef102d0bc5d31b2546345219e348575eb80e9a0?s=96&d=mm&r=g","url":"https:\/\/secure.gravatar.com\/avatar\/37d968a2e67a6fd04c169c4bdef102d0bc5d31b2546345219e348575eb80e9a0?s=96&d=mm&r=g","contentUrl":"https:\/\/secure.gravatar.com\/avatar\/37d968a2e67a6fd04c169c4bdef102d0bc5d31b2546345219e348575eb80e9a0?s=96&d=mm&r=g","caption":"redazione"},"sameAs":["http:\/\/www.bellunopress.it","https:\/\/x.com\/bellunopress"],"url":"https:\/\/www.bellunopress.it\/fr\/author\/redazione\/"}]}},"_links":{"self":[{"href":"https:\/\/www.bellunopress.it\/fr\/wp-json\/wp\/v2\/posts\/165810","targetHints":{"allow":["GET"]}}],"collection":[{"href":"https:\/\/www.bellunopress.it\/fr\/wp-json\/wp\/v2\/posts"}],"about":[{"href":"https:\/\/www.bellunopress.it\/fr\/wp-json\/wp\/v2\/types\/post"}],"author":[{"embeddable":true,"href":"https:\/\/www.bellunopress.it\/fr\/wp-json\/wp\/v2\/users\/2"}],"replies":[{"embeddable":true,"href":"https:\/\/www.bellunopress.it\/fr\/wp-json\/wp\/v2\/comments?post=165810"}],"version-history":[{"count":1,"href":"https:\/\/www.bellunopress.it\/fr\/wp-json\/wp\/v2\/posts\/165810\/revisions"}],"predecessor-version":[{"id":165811,"href":"https:\/\/www.bellunopress.it\/fr\/wp-json\/wp\/v2\/posts\/165810\/revisions\/165811"}],"wp:featuredmedia":[{"embeddable":true,"href":"https:\/\/www.bellunopress.it\/fr\/wp-json\/wp\/v2\/media\/163618"}],"wp:attachment":[{"href":"https:\/\/www.bellunopress.it\/fr\/wp-json\/wp\/v2\/media?parent=165810"}],"wp:term":[{"taxonomy":"category","embeddable":true,"href":"https:\/\/www.bellunopress.it\/fr\/wp-json\/wp\/v2\/categories?post=165810"},{"taxonomy":"post_tag","embeddable":true,"href":"https:\/\/www.bellunopress.it\/fr\/wp-json\/wp\/v2\/tags?post=165810"}],"curies":[{"name":"wp","href":"https:\/\/api.w.org\/{rel}","templated":true}]}}