{"id":165803,"date":"2025-12-16T12:02:37","date_gmt":"2025-12-16T11:02:37","guid":{"rendered":"https:\/\/www.bellunopress.it\/?p=165803"},"modified":"2025-12-16T12:02:37","modified_gmt":"2025-12-16T11:02:37","slug":"belluno-sabato-20-dicembre-torna-la-manifestazione-dedicata-alla-solidarieta","status":"publish","type":"post","link":"https:\/\/www.bellunopress.it\/fr\/2025\/12\/16\/belluno-sabato-20-dicembre-torna-la-manifestazione-dedicata-alla-solidarieta\/","title":{"rendered":"Belluno. Sabato 20 dicembre torna la manifestazione dedicata alla solidariet\u00e0"},"content":{"rendered":"<figure id=\"attachment_165804\" aria-describedby=\"caption-attachment-165804\" style=\"width: 500px\" class=\"wp-caption aligncenter\"><img loading=\"lazy\" decoding=\"async\" class=\"size-medium wp-image-165804\" src=\"https:\/\/www.bellunopress.it\/wp-content\/uploads\/2025\/12\/natale-piazza-martiri_edited-500x375.jpg\" alt=\"\" width=\"500\" height=\"375\" srcset=\"https:\/\/www.bellunopress.it\/wp-content\/uploads\/2025\/12\/natale-piazza-martiri_edited-500x375.jpg 500w, https:\/\/www.bellunopress.it\/wp-content\/uploads\/2025\/12\/natale-piazza-martiri_edited-560x420.jpg 560w, https:\/\/www.bellunopress.it\/wp-content\/uploads\/2025\/12\/natale-piazza-martiri_edited-80x60.jpg 80w, https:\/\/www.bellunopress.it\/wp-content\/uploads\/2025\/12\/natale-piazza-martiri_edited-696x522.jpg 696w, https:\/\/www.bellunopress.it\/wp-content\/uploads\/2025\/12\/natale-piazza-martiri_edited.jpg 800w\" sizes=\"auto, (max-width: 500px) 100vw, 500px\" \/><figcaption id=\"caption-attachment-165804\" class=\"wp-caption-text\">Belluno, piazza dei Martiri, dicembre 2025<\/figcaption><\/figure>\n<p>Belluno, 16 dicembre 2025 &#8211; Il Natale Solidale torna anche quest\u2019anno in Piazza dei Martiri, confermandosi una delle iniziative pi\u00f9 attese del periodo natalizio: l\u2019appuntamento \u00e8 per sabato 20 dicembre dalle 9 alle 13. Sar\u00e0 ancora una volta una mattinata dedicata all\u2019incontro, alla partecipazione e alla valorizzazione del volontariato locale. Il format \u00e8 lo stesso, collaudato, degli anni scorsi: le associazioni del territorio saranno presenti sul liston con i loro gazebo e metteranno a disposizione materiale informativo, oggettistica artigianale e la possibilit\u00e0, per chi lo desidera, di avvicinarsi alle loro attivit\u00e0 o aderire alle iniziative proposte.<\/p>\n<p>\u201cIl volontariato \u00e8 una delle colonne portanti della nostra comunit\u00e0 \u2013 commenta il sindaco, Oscar De Pellegrin -. \u00c8 un patrimonio umano che si rinnova di generazione in generazione e che vede anche una grande partecipazione giovanile: la nostra provincia \u00e8 tra quelle con la pi\u00f9 alta adesione all\u2019associazionismo in Italia, con oltre il 78% di giovani tra i 15 e i 29 anni coinvolto in associazioni. Questo ci racconta un territorio capace di responsabilit\u00e0, solidariet\u00e0 e cura reciproca. Ringrazio tutte le realt\u00e0 che saranno presenti per il loro impegno quotidiano a favore del territorio, della ricerca e di chi ha pi\u00f9 bisogno\u201d.<\/p>\n<p>Il Natale Solidale offre ogni anno una fotografia delle associazioni attive a livello locale, dell\u2019impegno con cui portano avanti silenziosamente le loro attivit\u00e0 per sostenere le persone pi\u00f9 fragili, promuovere inclusione, ascolto e partecipazione. Allo stesso tempo \u00e8 una vetrina importante per la loro promozione e per favorire, questo \u00e8 l\u2019augurio, l\u2019avvicinarsi di nuove persone disposte a collaborare.<\/p>\n<p>\u201cE\u2019 un appuntamento che racconta la parte pi\u00f9 bella della nostra comunit\u00e0 \u2013 le parole dell\u2019assessore al tempo libero, Monica Mazzoccoli -, quella che sceglie di esserci, di impegnarsi e di donare tempo agli altri. Le associazioni presenti in piazza portano storie, progetti e occasioni di coinvolgimento aperte a tutti. \u00c8 un\u2019occasione preziosa per conoscere da vicino il volontariato bellunese e, perch\u00e9 no, per farne parte.\u201d<br \/>\nLa scelta della data coincide con la Giornata Internazionale della Solidariet\u00e0, un\u2019occasione che richiama l\u2019importanza del prendersi cura gli uni degli altri e del mettere in rete energie, competenze e disponibilit\u00e0 per il bene comune.<\/p>\n<p>&nbsp;<\/p>","protected":false},"excerpt":{"rendered":"<p>Belluno, 16 dicembre 2025 &#8211; Il Natale Solidale torna anche quest\u2019anno in Piazza dei Martiri, confermandosi una delle iniziative pi\u00f9 attese del periodo natalizio: l\u2019appuntamento \u00e8 per sabato 20 dicembre dalle 9 alle 13. Sar\u00e0 ancora una volta una mattinata dedicata all\u2019incontro, alla partecipazione e alla valorizzazione del volontariato locale. Il format \u00e8 lo stesso, [&hellip;]<\/p>\n","protected":false},"author":2,"featured_media":165804,"comment_status":"closed","ping_status":"open","sticky":false,"template":"","format":"standard","meta":{"footnotes":""},"categories":[26,8],"tags":[],"class_list":["post-165803","post","type-post","status-publish","format-standard","has-post-thumbnail","category-prima-pagina","category-societa-istituzioni"],"yoast_head":"<!-- This site is optimized with the Yoast SEO plugin v28.4 - https:\/\/yoast.com\/product\/yoast-seo-wordpress\/ -->\n<title>Belluno. Sabato 20 dicembre torna la manifestazione dedicata alla solidariet\u00e0 - Bellunopress - Dolomiti<\/title>\n<meta name=\"robots\" content=\"index, follow, max-snippet:-1, max-image-preview:large, max-video-preview:-1\" \/>\n<link rel=\"canonical\" href=\"https:\/\/www.bellunopress.it\/fr\/2025\/12\/16\/belluno-sabato-20-dicembre-torna-la-manifestazione-dedicata-alla-solidarieta\/\" \/>\n<meta property=\"og:locale\" content=\"fr_FR\" \/>\n<meta property=\"og:type\" content=\"article\" \/>\n<meta property=\"og:title\" content=\"Belluno. Sabato 20 dicembre torna la manifestazione dedicata alla solidariet\u00e0 - Bellunopress - Dolomiti\" \/>\n<meta property=\"og:description\" content=\"Belluno, 16 dicembre 2025 &#8211; Il Natale Solidale torna anche quest\u2019anno in Piazza dei Martiri, confermandosi una delle iniziative pi\u00f9 attese del periodo natalizio: l\u2019appuntamento \u00e8 per sabato 20 dicembre dalle 9 alle 13. Sar\u00e0 ancora una volta una mattinata dedicata all\u2019incontro, alla partecipazione e alla valorizzazione del volontariato locale. Il format \u00e8 lo stesso, [&hellip;]\" \/>\n<meta property=\"og:url\" content=\"https:\/\/www.bellunopress.it\/fr\/2025\/12\/16\/belluno-sabato-20-dicembre-torna-la-manifestazione-dedicata-alla-solidarieta\/\" \/>\n<meta property=\"og:site_name\" content=\"Bellunopress - Dolomiti\" \/>\n<meta property=\"article:publisher\" content=\"https:\/\/www.facebook.com\/profile.php?id=100008943462799\" \/>\n<meta property=\"article:published_time\" content=\"2025-12-16T11:02:37+00:00\" \/>\n<meta property=\"og:image\" content=\"https:\/\/www.bellunopress.it\/wp-content\/uploads\/2025\/12\/natale-piazza-martiri_edited.jpg\" \/>\n\t<meta property=\"og:image:width\" content=\"800\" \/>\n\t<meta property=\"og:image:height\" content=\"600\" \/>\n\t<meta property=\"og:image:type\" content=\"image\/jpeg\" \/>\n<meta name=\"author\" content=\"redazione\" \/>\n<meta name=\"twitter:card\" content=\"summary_large_image\" \/>\n<meta name=\"twitter:creator\" content=\"@bellunopress\" \/>\n<meta name=\"twitter:site\" content=\"@bellunopress\" \/>\n<meta name=\"twitter:label1\" content=\"\u00c9crit par\" \/>\n\t<meta name=\"twitter:data1\" content=\"redazione\" \/>\n\t<meta name=\"twitter:label2\" content=\"Dur\u00e9e de lecture estim\u00e9e\" \/>\n\t<meta name=\"twitter:data2\" content=\"2 minutes\" \/>\n<script type=\"application\/ld+json\" class=\"yoast-schema-graph\">{\"@context\":\"https:\\\/\\\/schema.org\",\"@graph\":[{\"@type\":\"Article\",\"@id\":\"https:\\\/\\\/www.bellunopress.it\\\/2025\\\/12\\\/16\\\/belluno-sabato-20-dicembre-torna-la-manifestazione-dedicata-alla-solidarieta\\\/#article\",\"isPartOf\":{\"@id\":\"https:\\\/\\\/www.bellunopress.it\\\/2025\\\/12\\\/16\\\/belluno-sabato-20-dicembre-torna-la-manifestazione-dedicata-alla-solidarieta\\\/\"},\"author\":{\"name\":\"redazione\",\"@id\":\"https:\\\/\\\/www.bellunopress.it\\\/#\\\/schema\\\/person\\\/79bb06722b37ece1c03d3e94beb30d73\"},\"headline\":\"Belluno. Sabato 20 dicembre torna la manifestazione dedicata alla solidariet\u00e0\",\"datePublished\":\"2025-12-16T11:02:37+00:00\",\"mainEntityOfPage\":{\"@id\":\"https:\\\/\\\/www.bellunopress.it\\\/2025\\\/12\\\/16\\\/belluno-sabato-20-dicembre-torna-la-manifestazione-dedicata-alla-solidarieta\\\/\"},\"wordCount\":373,\"publisher\":{\"@id\":\"https:\\\/\\\/www.bellunopress.it\\\/#organization\"},\"image\":{\"@id\":\"https:\\\/\\\/www.bellunopress.it\\\/2025\\\/12\\\/16\\\/belluno-sabato-20-dicembre-torna-la-manifestazione-dedicata-alla-solidarieta\\\/#primaryimage\"},\"thumbnailUrl\":\"https:\\\/\\\/www.bellunopress.it\\\/wp-content\\\/uploads\\\/2025\\\/12\\\/natale-piazza-martiri_edited.jpg\",\"articleSection\":[\"Prima Pagina\",\"Societ\u00e0, Associazioni, Istituzioni\"],\"inLanguage\":\"fr-FR\"},{\"@type\":\"WebPage\",\"@id\":\"https:\\\/\\\/www.bellunopress.it\\\/2025\\\/12\\\/16\\\/belluno-sabato-20-dicembre-torna-la-manifestazione-dedicata-alla-solidarieta\\\/\",\"url\":\"https:\\\/\\\/www.bellunopress.it\\\/2025\\\/12\\\/16\\\/belluno-sabato-20-dicembre-torna-la-manifestazione-dedicata-alla-solidarieta\\\/\",\"name\":\"Belluno. Sabato 20 dicembre torna la manifestazione dedicata alla solidariet\u00e0 - Bellunopress - Dolomiti\",\"isPartOf\":{\"@id\":\"https:\\\/\\\/www.bellunopress.it\\\/#website\"},\"primaryImageOfPage\":{\"@id\":\"https:\\\/\\\/www.bellunopress.it\\\/2025\\\/12\\\/16\\\/belluno-sabato-20-dicembre-torna-la-manifestazione-dedicata-alla-solidarieta\\\/#primaryimage\"},\"image\":{\"@id\":\"https:\\\/\\\/www.bellunopress.it\\\/2025\\\/12\\\/16\\\/belluno-sabato-20-dicembre-torna-la-manifestazione-dedicata-alla-solidarieta\\\/#primaryimage\"},\"thumbnailUrl\":\"https:\\\/\\\/www.bellunopress.it\\\/wp-content\\\/uploads\\\/2025\\\/12\\\/natale-piazza-martiri_edited.jpg\",\"datePublished\":\"2025-12-16T11:02:37+00:00\",\"breadcrumb\":{\"@id\":\"https:\\\/\\\/www.bellunopress.it\\\/2025\\\/12\\\/16\\\/belluno-sabato-20-dicembre-torna-la-manifestazione-dedicata-alla-solidarieta\\\/#breadcrumb\"},\"inLanguage\":\"fr-FR\",\"potentialAction\":[{\"@type\":\"ReadAction\",\"target\":[\"https:\\\/\\\/www.bellunopress.it\\\/2025\\\/12\\\/16\\\/belluno-sabato-20-dicembre-torna-la-manifestazione-dedicata-alla-solidarieta\\\/\"]}]},{\"@type\":\"ImageObject\",\"inLanguage\":\"fr-FR\",\"@id\":\"https:\\\/\\\/www.bellunopress.it\\\/2025\\\/12\\\/16\\\/belluno-sabato-20-dicembre-torna-la-manifestazione-dedicata-alla-solidarieta\\\/#primaryimage\",\"url\":\"https:\\\/\\\/www.bellunopress.it\\\/wp-content\\\/uploads\\\/2025\\\/12\\\/natale-piazza-martiri_edited.jpg\",\"contentUrl\":\"https:\\\/\\\/www.bellunopress.it\\\/wp-content\\\/uploads\\\/2025\\\/12\\\/natale-piazza-martiri_edited.jpg\",\"width\":800,\"height\":600},{\"@type\":\"BreadcrumbList\",\"@id\":\"https:\\\/\\\/www.bellunopress.it\\\/2025\\\/12\\\/16\\\/belluno-sabato-20-dicembre-torna-la-manifestazione-dedicata-alla-solidarieta\\\/#breadcrumb\",\"itemListElement\":[{\"@type\":\"ListItem\",\"position\":1,\"name\":\"Home\",\"item\":\"https:\\\/\\\/www.bellunopress.it\\\/\"},{\"@type\":\"ListItem\",\"position\":2,\"name\":\"Belluno. Sabato 20 dicembre torna la manifestazione dedicata alla solidariet\u00e0\"}]},{\"@type\":\"WebSite\",\"@id\":\"https:\\\/\\\/www.bellunopress.it\\\/#website\",\"url\":\"https:\\\/\\\/www.bellunopress.it\\\/\",\"name\":\"Bellunopress - Dolomiti\",\"description\":\"e-mail: redazione@bellunopress.it\",\"publisher\":{\"@id\":\"https:\\\/\\\/www.bellunopress.it\\\/#organization\"},\"potentialAction\":[{\"@type\":\"SearchAction\",\"target\":{\"@type\":\"EntryPoint\",\"urlTemplate\":\"https:\\\/\\\/www.bellunopress.it\\\/?s={search_term_string}\"},\"query-input\":{\"@type\":\"PropertyValueSpecification\",\"valueRequired\":true,\"valueName\":\"search_term_string\"}}],\"inLanguage\":\"fr-FR\"},{\"@type\":\"Organization\",\"@id\":\"https:\\\/\\\/www.bellunopress.it\\\/#organization\",\"name\":\"Bellunopress\",\"url\":\"https:\\\/\\\/www.bellunopress.it\\\/\",\"logo\":{\"@type\":\"ImageObject\",\"inLanguage\":\"fr-FR\",\"@id\":\"https:\\\/\\\/www.bellunopress.it\\\/#\\\/schema\\\/logo\\\/image\\\/\",\"url\":\"https:\\\/\\\/www.bellunopress.it\\\/wp-content\\\/uploads\\\/2011\\\/05\\\/cropped-logo-bellunopress-.jpg\",\"contentUrl\":\"https:\\\/\\\/www.bellunopress.it\\\/wp-content\\\/uploads\\\/2011\\\/05\\\/cropped-logo-bellunopress-.jpg\",\"width\":512,\"height\":512,\"caption\":\"Bellunopress\"},\"image\":{\"@id\":\"https:\\\/\\\/www.bellunopress.it\\\/#\\\/schema\\\/logo\\\/image\\\/\"},\"sameAs\":[\"https:\\\/\\\/www.facebook.com\\\/profile.php?id=100008943462799\",\"https:\\\/\\\/x.com\\\/bellunopress\",\"https:\\\/\\\/www.linkedin.com\\\/hp\\\/?dnr=JBzUWaJfMUw8vbXJJ2tVW5-I3jZKvC4wsoxE&amp;amp;amp;amp;amp;amp;trk=nav_responsive_tab_home\",\"https:\\\/\\\/www.youtube.com\\\/channel\\\/UCxL0wu1uN0_3_7hGG0306cw\"]},{\"@type\":\"Person\",\"@id\":\"https:\\\/\\\/www.bellunopress.it\\\/#\\\/schema\\\/person\\\/79bb06722b37ece1c03d3e94beb30d73\",\"name\":\"redazione\",\"image\":{\"@type\":\"ImageObject\",\"inLanguage\":\"fr-FR\",\"@id\":\"https:\\\/\\\/secure.gravatar.com\\\/avatar\\\/37d968a2e67a6fd04c169c4bdef102d0bc5d31b2546345219e348575eb80e9a0?s=96&d=mm&r=g\",\"url\":\"https:\\\/\\\/secure.gravatar.com\\\/avatar\\\/37d968a2e67a6fd04c169c4bdef102d0bc5d31b2546345219e348575eb80e9a0?s=96&d=mm&r=g\",\"contentUrl\":\"https:\\\/\\\/secure.gravatar.com\\\/avatar\\\/37d968a2e67a6fd04c169c4bdef102d0bc5d31b2546345219e348575eb80e9a0?s=96&d=mm&r=g\",\"caption\":\"redazione\"},\"sameAs\":[\"http:\\\/\\\/www.bellunopress.it\",\"https:\\\/\\\/x.com\\\/bellunopress\"],\"url\":\"https:\\\/\\\/www.bellunopress.it\\\/fr\\\/author\\\/redazione\\\/\"}]}<\/script>\n<!-- \/ Yoast SEO plugin. -->","yoast_head_json":{"title":"Belluno. Sabato 20 dicembre torna la manifestazione dedicata alla solidariet\u00e0 - Bellunopress - Dolomiti","robots":{"index":"index","follow":"follow","max-snippet":"max-snippet:-1","max-image-preview":"max-image-preview:large","max-video-preview":"max-video-preview:-1"},"canonical":"https:\/\/www.bellunopress.it\/fr\/2025\/12\/16\/belluno-sabato-20-dicembre-torna-la-manifestazione-dedicata-alla-solidarieta\/","og_locale":"fr_FR","og_type":"article","og_title":"Belluno. Sabato 20 dicembre torna la manifestazione dedicata alla solidariet\u00e0 - Bellunopress - Dolomiti","og_description":"Belluno, 16 dicembre 2025 &#8211; Il Natale Solidale torna anche quest\u2019anno in Piazza dei Martiri, confermandosi una delle iniziative pi\u00f9 attese del periodo natalizio: l\u2019appuntamento \u00e8 per sabato 20 dicembre dalle 9 alle 13. Sar\u00e0 ancora una volta una mattinata dedicata all\u2019incontro, alla partecipazione e alla valorizzazione del volontariato locale. Il format \u00e8 lo stesso, [&hellip;]","og_url":"https:\/\/www.bellunopress.it\/fr\/2025\/12\/16\/belluno-sabato-20-dicembre-torna-la-manifestazione-dedicata-alla-solidarieta\/","og_site_name":"Bellunopress - Dolomiti","article_publisher":"https:\/\/www.facebook.com\/profile.php?id=100008943462799","article_published_time":"2025-12-16T11:02:37+00:00","og_image":[{"width":800,"height":600,"url":"https:\/\/www.bellunopress.it\/wp-content\/uploads\/2025\/12\/natale-piazza-martiri_edited.jpg","type":"image\/jpeg"}],"author":"redazione","twitter_card":"summary_large_image","twitter_creator":"@bellunopress","twitter_site":"@bellunopress","twitter_misc":{"\u00c9crit par":"redazione","Dur\u00e9e de lecture estim\u00e9e":"2 minutes"},"schema":{"@context":"https:\/\/schema.org","@graph":[{"@type":"Article","@id":"https:\/\/www.bellunopress.it\/2025\/12\/16\/belluno-sabato-20-dicembre-torna-la-manifestazione-dedicata-alla-solidarieta\/#article","isPartOf":{"@id":"https:\/\/www.bellunopress.it\/2025\/12\/16\/belluno-sabato-20-dicembre-torna-la-manifestazione-dedicata-alla-solidarieta\/"},"author":{"name":"redazione","@id":"https:\/\/www.bellunopress.it\/#\/schema\/person\/79bb06722b37ece1c03d3e94beb30d73"},"headline":"Belluno. Sabato 20 dicembre torna la manifestazione dedicata alla solidariet\u00e0","datePublished":"2025-12-16T11:02:37+00:00","mainEntityOfPage":{"@id":"https:\/\/www.bellunopress.it\/2025\/12\/16\/belluno-sabato-20-dicembre-torna-la-manifestazione-dedicata-alla-solidarieta\/"},"wordCount":373,"publisher":{"@id":"https:\/\/www.bellunopress.it\/#organization"},"image":{"@id":"https:\/\/www.bellunopress.it\/2025\/12\/16\/belluno-sabato-20-dicembre-torna-la-manifestazione-dedicata-alla-solidarieta\/#primaryimage"},"thumbnailUrl":"https:\/\/www.bellunopress.it\/wp-content\/uploads\/2025\/12\/natale-piazza-martiri_edited.jpg","articleSection":["Prima Pagina","Societ\u00e0, Associazioni, Istituzioni"],"inLanguage":"fr-FR"},{"@type":"WebPage","@id":"https:\/\/www.bellunopress.it\/2025\/12\/16\/belluno-sabato-20-dicembre-torna-la-manifestazione-dedicata-alla-solidarieta\/","url":"https:\/\/www.bellunopress.it\/2025\/12\/16\/belluno-sabato-20-dicembre-torna-la-manifestazione-dedicata-alla-solidarieta\/","name":"Belluno. Sabato 20 dicembre torna la manifestazione dedicata alla solidariet\u00e0 - Bellunopress - Dolomiti","isPartOf":{"@id":"https:\/\/www.bellunopress.it\/#website"},"primaryImageOfPage":{"@id":"https:\/\/www.bellunopress.it\/2025\/12\/16\/belluno-sabato-20-dicembre-torna-la-manifestazione-dedicata-alla-solidarieta\/#primaryimage"},"image":{"@id":"https:\/\/www.bellunopress.it\/2025\/12\/16\/belluno-sabato-20-dicembre-torna-la-manifestazione-dedicata-alla-solidarieta\/#primaryimage"},"thumbnailUrl":"https:\/\/www.bellunopress.it\/wp-content\/uploads\/2025\/12\/natale-piazza-martiri_edited.jpg","datePublished":"2025-12-16T11:02:37+00:00","breadcrumb":{"@id":"https:\/\/www.bellunopress.it\/2025\/12\/16\/belluno-sabato-20-dicembre-torna-la-manifestazione-dedicata-alla-solidarieta\/#breadcrumb"},"inLanguage":"fr-FR","potentialAction":[{"@type":"ReadAction","target":["https:\/\/www.bellunopress.it\/2025\/12\/16\/belluno-sabato-20-dicembre-torna-la-manifestazione-dedicata-alla-solidarieta\/"]}]},{"@type":"ImageObject","inLanguage":"fr-FR","@id":"https:\/\/www.bellunopress.it\/2025\/12\/16\/belluno-sabato-20-dicembre-torna-la-manifestazione-dedicata-alla-solidarieta\/#primaryimage","url":"https:\/\/www.bellunopress.it\/wp-content\/uploads\/2025\/12\/natale-piazza-martiri_edited.jpg","contentUrl":"https:\/\/www.bellunopress.it\/wp-content\/uploads\/2025\/12\/natale-piazza-martiri_edited.jpg","width":800,"height":600},{"@type":"BreadcrumbList","@id":"https:\/\/www.bellunopress.it\/2025\/12\/16\/belluno-sabato-20-dicembre-torna-la-manifestazione-dedicata-alla-solidarieta\/#breadcrumb","itemListElement":[{"@type":"ListItem","position":1,"name":"Home","item":"https:\/\/www.bellunopress.it\/"},{"@type":"ListItem","position":2,"name":"Belluno. Sabato 20 dicembre torna la manifestazione dedicata alla solidariet\u00e0"}]},{"@type":"WebSite","@id":"https:\/\/www.bellunopress.it\/#website","url":"https:\/\/www.bellunopress.it\/","name":"Bellunopress - Dolomiti","description":"e-mail: redazione@bellunopress.it","publisher":{"@id":"https:\/\/www.bellunopress.it\/#organization"},"potentialAction":[{"@type":"SearchAction","target":{"@type":"EntryPoint","urlTemplate":"https:\/\/www.bellunopress.it\/?s={search_term_string}"},"query-input":{"@type":"PropertyValueSpecification","valueRequired":true,"valueName":"search_term_string"}}],"inLanguage":"fr-FR"},{"@type":"Organization","@id":"https:\/\/www.bellunopress.it\/#organization","name":"Bellunopress","url":"https:\/\/www.bellunopress.it\/","logo":{"@type":"ImageObject","inLanguage":"fr-FR","@id":"https:\/\/www.bellunopress.it\/#\/schema\/logo\/image\/","url":"https:\/\/www.bellunopress.it\/wp-content\/uploads\/2011\/05\/cropped-logo-bellunopress-.jpg","contentUrl":"https:\/\/www.bellunopress.it\/wp-content\/uploads\/2011\/05\/cropped-logo-bellunopress-.jpg","width":512,"height":512,"caption":"Bellunopress"},"image":{"@id":"https:\/\/www.bellunopress.it\/#\/schema\/logo\/image\/"},"sameAs":["https:\/\/www.facebook.com\/profile.php?id=100008943462799","https:\/\/x.com\/bellunopress","https:\/\/www.linkedin.com\/hp\/?dnr=JBzUWaJfMUw8vbXJJ2tVW5-I3jZKvC4wsoxE&amp;amp;amp;amp;amp;amp;trk=nav_responsive_tab_home","https:\/\/www.youtube.com\/channel\/UCxL0wu1uN0_3_7hGG0306cw"]},{"@type":"Person","@id":"https:\/\/www.bellunopress.it\/#\/schema\/person\/79bb06722b37ece1c03d3e94beb30d73","name":"r\u00e9daction","image":{"@type":"ImageObject","inLanguage":"fr-FR","@id":"https:\/\/secure.gravatar.com\/avatar\/37d968a2e67a6fd04c169c4bdef102d0bc5d31b2546345219e348575eb80e9a0?s=96&d=mm&r=g","url":"https:\/\/secure.gravatar.com\/avatar\/37d968a2e67a6fd04c169c4bdef102d0bc5d31b2546345219e348575eb80e9a0?s=96&d=mm&r=g","contentUrl":"https:\/\/secure.gravatar.com\/avatar\/37d968a2e67a6fd04c169c4bdef102d0bc5d31b2546345219e348575eb80e9a0?s=96&d=mm&r=g","caption":"redazione"},"sameAs":["http:\/\/www.bellunopress.it","https:\/\/x.com\/bellunopress"],"url":"https:\/\/www.bellunopress.it\/fr\/author\/redazione\/"}]}},"_links":{"self":[{"href":"https:\/\/www.bellunopress.it\/fr\/wp-json\/wp\/v2\/posts\/165803","targetHints":{"allow":["GET"]}}],"collection":[{"href":"https:\/\/www.bellunopress.it\/fr\/wp-json\/wp\/v2\/posts"}],"about":[{"href":"https:\/\/www.bellunopress.it\/fr\/wp-json\/wp\/v2\/types\/post"}],"author":[{"embeddable":true,"href":"https:\/\/www.bellunopress.it\/fr\/wp-json\/wp\/v2\/users\/2"}],"replies":[{"embeddable":true,"href":"https:\/\/www.bellunopress.it\/fr\/wp-json\/wp\/v2\/comments?post=165803"}],"version-history":[{"count":1,"href":"https:\/\/www.bellunopress.it\/fr\/wp-json\/wp\/v2\/posts\/165803\/revisions"}],"predecessor-version":[{"id":165805,"href":"https:\/\/www.bellunopress.it\/fr\/wp-json\/wp\/v2\/posts\/165803\/revisions\/165805"}],"wp:featuredmedia":[{"embeddable":true,"href":"https:\/\/www.bellunopress.it\/fr\/wp-json\/wp\/v2\/media\/165804"}],"wp:attachment":[{"href":"https:\/\/www.bellunopress.it\/fr\/wp-json\/wp\/v2\/media?parent=165803"}],"wp:term":[{"taxonomy":"category","embeddable":true,"href":"https:\/\/www.bellunopress.it\/fr\/wp-json\/wp\/v2\/categories?post=165803"},{"taxonomy":"post_tag","embeddable":true,"href":"https:\/\/www.bellunopress.it\/fr\/wp-json\/wp\/v2\/tags?post=165803"}],"curies":[{"name":"wp","href":"https:\/\/api.w.org\/{rel}","templated":true}]}}