{"id":165800,"date":"2025-12-16T11:50:18","date_gmt":"2025-12-16T10:50:18","guid":{"rendered":"https:\/\/www.bellunopress.it\/?p=165800"},"modified":"2025-12-16T15:09:21","modified_gmt":"2025-12-16T14:09:21","slug":"skate-park-a-belluno-la-giunta-ha-detto-si-al-progetto-esecutivo","status":"publish","type":"post","link":"https:\/\/www.bellunopress.it\/fr\/2025\/12\/16\/skate-park-a-belluno-la-giunta-ha-detto-si-al-progetto-esecutivo\/","title":{"rendered":"Skate Park a Belluno. La giunta ha detto s\u00ec al progetto esecutivo"},"content":{"rendered":"<p><img loading=\"lazy\" decoding=\"async\" class=\"aligncenter size-medium wp-image-165801\" src=\"https:\/\/www.bellunopress.it\/wp-content\/uploads\/2025\/12\/Skate-Park-Belluno-500x264.jpg\" alt=\"\" width=\"500\" height=\"264\" srcset=\"https:\/\/www.bellunopress.it\/wp-content\/uploads\/2025\/12\/Skate-Park-Belluno-500x264.jpg 500w, https:\/\/www.bellunopress.it\/wp-content\/uploads\/2025\/12\/Skate-Park-Belluno-794x420.jpg 794w, https:\/\/www.bellunopress.it\/wp-content\/uploads\/2025\/12\/Skate-Park-Belluno-696x368.jpg 696w, https:\/\/www.bellunopress.it\/wp-content\/uploads\/2025\/12\/Skate-Park-Belluno.jpg 800w\" sizes=\"auto, (max-width: 500px) 100vw, 500px\" \/>Belluno, 16 dicembre 2025 &#8211; Approvato in sede di giunta il progetto esecutivo per la realizzazione della nuova pista da skateboard. Lo skate park sar\u00e0 realizzato sotto il Ponte degli Alpini, in un\u2019area verde all\u2019interno del piazzale Associazione Bellunese Volontari del Sangue. Un intervento sul quale l\u2019Amministrazione lavorava da tempo, nato con una progettazione con-divisa e che punta a offrire ai giovani uno spazio di ritrovo attrezzato e sicuro per la pratica sportiva in contesto urbano e a pochi passi dal centro cittadino. \u201cL\u2019iniziativa nasce dalla convinzione che i nostri ragazzi abbiano bisogno di spazi dove potersi incontrare, muovere, stare in-sieme e vivere la Citt\u00e0 a modo loro \u2013 spiega il sindaco, Oscar De Pelle-grin -. Lo spazio urbano deve essere pensato come un bene comune, da utilizzare, condividere e rispettare. Lo skatepark vuole essere questo, una risposta ad un bisogno giusto e sano dei giovani, un luogo dedicato allo sport e all\u2019aggregazione, progettato insieme a chi lo user\u00e0\u201d.<\/p>\n<p><strong>IL PROGETTO<\/strong><br \/>\nL\u2019opera, dal valore complessivo di circa 150 mila euro, \u00e8 il risultato di un percorso condiviso. La stessa scelta della collocazione, sotto il Ponte degli Alpini, nasce proprio da questo dialogo oltre che dall\u2019osservazione di alcuni skate park in Europa. L\u2019area individuata \u00e8 infatti stata valutata ottimale per una serie di motivazioni tecniche e funzionali: \u00e8 facilmente raggiungibile grazie al collegamento con la viabilit\u00e0 urbana e la rete ciclopedonale, \u00e8 servita da parcheggi, si trova a un\u2019adeguata distanza da abitazioni, scuole e ospedali, il che consente di limitare eventuali disagi legati al rumore, e la copertura garantisce un utilizzo continuo e una migliore fruibilit\u00e0. \u00c8 inoltre un luogo centrale, facilmente raggiungibile e inserito in un\u2019area gi\u00e0 destinata allo sport.<br \/>\n\u201cPer me questo progetto ha un valore speciale, perch\u00e9 nasce da una richiesta autentica dei ragazzi, che ho avuto modo di raccogliere ai vari tavoli delle politiche giovanili e poi culminata nella recente petizione \u2013 le parole dell\u2019assessore alle politiche giovanili Roberta Olivotto -. Ne \u00e8 nato un percorso davvero condiviso. Il gruppo si \u00e8 progressivamente allargato dagli skater al Consiglio Giovanile, fino alle Scuole in Rete ed \u00e8 stato coinvolto nelle scelte principali: dalla valutazione dei possibili spazi alla definizione delle caratteristiche tecniche.<br \/>\nDurante il percorso abbiamo presentato ai giovani le prime proposte progettuali, raccogliendo osservazioni, richieste puntuali e suggerimenti molto concreti. Anche l\u2019incontro con la ditta specializzata ha confermato questo metodo: i progettisti e gli uffici tecnici comunali hanno saputo ascoltare con grande disponibilit\u00e0 quanto emerso dal confronto con i ragazzi e hanno modificato il progetto, recependo le loro indicazioni. Questo skate park \u00e8 davvero il loro. Lo hanno immaginato, discusso e migliorato con una maturit\u00e0 che li ha portati a comprenderne anche limiti e vincoli tecnici. Hanno dimostrato entusiasmo, ma anche senso di responsabilit\u00e0, pensando all&#8217;accessibilit\u00e0 per una fruizione anche dei non esperti, impegnandosi a mantenere l\u2019area pulita, a prendersene cura e a rendersene responsabili. Il percorso non si chiude qui: proseguir\u00e0 con la stesura del regolamento d\u2019uso da parte degli stessi ragazzi e con la definizione di alcuni dettagli finali, come l\u2019inserimento di elementi complementari, ad esempio un tavolo da ping pong.<br \/>\nQuesto lavoro dimostra che le politiche giovanili funzionano quando si costruiscono processi insieme ai giovani, riconoscendo il loro ruolo nella progettazione degli spazi che vivranno quotidianamente. Un ringraziamento sincero va a tutti i ragazzi e le ragazze che hanno partecipato con seriet\u00e0 e passione: lo skate park che stiamo realizzando \u00e8 il loro spazio, la loro impronta sulla Citt\u00e0\u201d.<\/p>\n<p>Il nuovo skatepark occuper\u00e0 una superficie di circa 290 metri quadrati, con dimensioni di 10 metri per 29 e una forma rettangolare. Si tratter\u00e0 di una pista di tipo pump track\/skate, realizzata in calcestruzzo strutturale, pensata per garantire elevata durabilit\u00e0, ridotta manutenzione e ottime prestazioni tecniche. L\u2019impianto sar\u00e0 adatto a skater e utilizzatori di BMX, sia principianti sia atleti pi\u00f9 esperti, con soluzioni che consentiranno sia l\u2019esecuzione di trick tecnici sia un riding fluido.<\/p>\n<p>Particolare attenzione \u00e8 stata dedicata anche alla sostenibilit\u00e0 ambientale: il progetto adotta criteri di basso impatto, utilizzando calcestruzzi a ridotta impronta di CO\u2082 e superfici pigmentate o trattate per limitare l\u2019assorbimento di calore e l\u2019impatto acustico, risultando pi\u00f9 silenziose rispetto a strutture in legno o metallo. \u201cLa scelta dei materiali e dell\u2019area stessa \u2013 aggiunge l\u2019assessore all\u2019ambiente e ai parchi Lorenza De Kunovich \u2013 risponde a una visione di rigenerazione urbana attenta all\u2019ambiente e alla qualit\u00e0 degli spazi verdi che \u00e8 giusto siano utilizzati e siano parte della quotidianit\u00e0 dei cittadini. Valorizziamo quello che oggi \u00e8 un luogo inutilizzato, trasformandolo in uno spazio vivo, con un impatto contenuto e soluzioni pensate per ridurre rumore e consumo energetico\u201d.<\/p>\n<p>&nbsp;<\/p>","protected":false},"excerpt":{"rendered":"<p>Belluno, 16 dicembre 2025 &#8211; Approvato in sede di giunta il progetto esecutivo per la realizzazione della nuova pista da skateboard. Lo skate park sar\u00e0 realizzato sotto il Ponte degli Alpini, in un\u2019area verde all\u2019interno del piazzale Associazione Bellunese Volontari del Sangue. Un intervento sul quale l\u2019Amministrazione lavorava da tempo, nato con una progettazione con-divisa [&hellip;]<\/p>\n","protected":false},"author":2,"featured_media":165801,"comment_status":"closed","ping_status":"open","sticky":false,"template":"","format":"standard","meta":{"footnotes":""},"categories":[5,3446,26,8],"tags":[],"class_list":["post-165800","post","type-post","status-publish","format-standard","has-post-thumbnail","category-cronaca","category-featured","category-prima-pagina","category-societa-istituzioni"],"yoast_head":"<!-- This site is optimized with the Yoast SEO plugin v28.4 - https:\/\/yoast.com\/product\/yoast-seo-wordpress\/ -->\n<title>Skate Park a Belluno. La giunta ha detto s\u00ec al progetto esecutivo - Bellunopress - Dolomiti<\/title>\n<meta name=\"robots\" content=\"index, follow, max-snippet:-1, max-image-preview:large, max-video-preview:-1\" \/>\n<link rel=\"canonical\" href=\"https:\/\/www.bellunopress.it\/fr\/2025\/12\/16\/skate-park-a-belluno-la-giunta-ha-detto-si-al-progetto-esecutivo\/\" \/>\n<meta property=\"og:locale\" content=\"fr_FR\" \/>\n<meta property=\"og:type\" content=\"article\" \/>\n<meta property=\"og:title\" content=\"Skate Park a Belluno. La giunta ha detto s\u00ec al progetto esecutivo - Bellunopress - Dolomiti\" \/>\n<meta property=\"og:description\" content=\"Belluno, 16 dicembre 2025 &#8211; Approvato in sede di giunta il progetto esecutivo per la realizzazione della nuova pista da skateboard. Lo skate park sar\u00e0 realizzato sotto il Ponte degli Alpini, in un\u2019area verde all\u2019interno del piazzale Associazione Bellunese Volontari del Sangue. Un intervento sul quale l\u2019Amministrazione lavorava da tempo, nato con una progettazione con-divisa [&hellip;]\" \/>\n<meta property=\"og:url\" content=\"https:\/\/www.bellunopress.it\/fr\/2025\/12\/16\/skate-park-a-belluno-la-giunta-ha-detto-si-al-progetto-esecutivo\/\" \/>\n<meta property=\"og:site_name\" content=\"Bellunopress - Dolomiti\" \/>\n<meta property=\"article:publisher\" content=\"https:\/\/www.facebook.com\/profile.php?id=100008943462799\" \/>\n<meta property=\"article:published_time\" content=\"2025-12-16T10:50:18+00:00\" \/>\n<meta property=\"article:modified_time\" content=\"2025-12-16T14:09:21+00:00\" \/>\n<meta property=\"og:image\" content=\"https:\/\/www.bellunopress.it\/wp-content\/uploads\/2025\/12\/Skate-Park-Belluno.jpg\" \/>\n\t<meta property=\"og:image:width\" content=\"800\" \/>\n\t<meta property=\"og:image:height\" content=\"423\" \/>\n\t<meta property=\"og:image:type\" content=\"image\/jpeg\" \/>\n<meta name=\"author\" content=\"redazione\" \/>\n<meta name=\"twitter:card\" content=\"summary_large_image\" \/>\n<meta name=\"twitter:creator\" content=\"@bellunopress\" \/>\n<meta name=\"twitter:site\" content=\"@bellunopress\" \/>\n<meta name=\"twitter:label1\" content=\"\u00c9crit par\" \/>\n\t<meta name=\"twitter:data1\" content=\"redazione\" \/>\n\t<meta name=\"twitter:label2\" content=\"Dur\u00e9e de lecture estim\u00e9e\" \/>\n\t<meta name=\"twitter:data2\" content=\"4 minutes\" \/>\n<script type=\"application\/ld+json\" class=\"yoast-schema-graph\">{\"@context\":\"https:\\\/\\\/schema.org\",\"@graph\":[{\"@type\":\"Article\",\"@id\":\"https:\\\/\\\/www.bellunopress.it\\\/2025\\\/12\\\/16\\\/skate-park-a-belluno-la-giunta-ha-detto-si-al-progetto-esecutivo\\\/#article\",\"isPartOf\":{\"@id\":\"https:\\\/\\\/www.bellunopress.it\\\/2025\\\/12\\\/16\\\/skate-park-a-belluno-la-giunta-ha-detto-si-al-progetto-esecutivo\\\/\"},\"author\":{\"name\":\"redazione\",\"@id\":\"https:\\\/\\\/www.bellunopress.it\\\/#\\\/schema\\\/person\\\/79bb06722b37ece1c03d3e94beb30d73\"},\"headline\":\"Skate Park a Belluno. La giunta ha detto s\u00ec al progetto esecutivo\",\"datePublished\":\"2025-12-16T10:50:18+00:00\",\"dateModified\":\"2025-12-16T14:09:21+00:00\",\"mainEntityOfPage\":{\"@id\":\"https:\\\/\\\/www.bellunopress.it\\\/2025\\\/12\\\/16\\\/skate-park-a-belluno-la-giunta-ha-detto-si-al-progetto-esecutivo\\\/\"},\"wordCount\":781,\"publisher\":{\"@id\":\"https:\\\/\\\/www.bellunopress.it\\\/#organization\"},\"image\":{\"@id\":\"https:\\\/\\\/www.bellunopress.it\\\/2025\\\/12\\\/16\\\/skate-park-a-belluno-la-giunta-ha-detto-si-al-progetto-esecutivo\\\/#primaryimage\"},\"thumbnailUrl\":\"https:\\\/\\\/www.bellunopress.it\\\/wp-content\\\/uploads\\\/2025\\\/12\\\/Skate-Park-Belluno.jpg\",\"articleSection\":[\"Cronaca\\\/Politica\",\"Featured\",\"Prima Pagina\",\"Societ\u00e0, Associazioni, Istituzioni\"],\"inLanguage\":\"fr-FR\"},{\"@type\":\"WebPage\",\"@id\":\"https:\\\/\\\/www.bellunopress.it\\\/2025\\\/12\\\/16\\\/skate-park-a-belluno-la-giunta-ha-detto-si-al-progetto-esecutivo\\\/\",\"url\":\"https:\\\/\\\/www.bellunopress.it\\\/2025\\\/12\\\/16\\\/skate-park-a-belluno-la-giunta-ha-detto-si-al-progetto-esecutivo\\\/\",\"name\":\"Skate Park a Belluno. La giunta ha detto s\u00ec al progetto esecutivo - Bellunopress - Dolomiti\",\"isPartOf\":{\"@id\":\"https:\\\/\\\/www.bellunopress.it\\\/#website\"},\"primaryImageOfPage\":{\"@id\":\"https:\\\/\\\/www.bellunopress.it\\\/2025\\\/12\\\/16\\\/skate-park-a-belluno-la-giunta-ha-detto-si-al-progetto-esecutivo\\\/#primaryimage\"},\"image\":{\"@id\":\"https:\\\/\\\/www.bellunopress.it\\\/2025\\\/12\\\/16\\\/skate-park-a-belluno-la-giunta-ha-detto-si-al-progetto-esecutivo\\\/#primaryimage\"},\"thumbnailUrl\":\"https:\\\/\\\/www.bellunopress.it\\\/wp-content\\\/uploads\\\/2025\\\/12\\\/Skate-Park-Belluno.jpg\",\"datePublished\":\"2025-12-16T10:50:18+00:00\",\"dateModified\":\"2025-12-16T14:09:21+00:00\",\"breadcrumb\":{\"@id\":\"https:\\\/\\\/www.bellunopress.it\\\/2025\\\/12\\\/16\\\/skate-park-a-belluno-la-giunta-ha-detto-si-al-progetto-esecutivo\\\/#breadcrumb\"},\"inLanguage\":\"fr-FR\",\"potentialAction\":[{\"@type\":\"ReadAction\",\"target\":[\"https:\\\/\\\/www.bellunopress.it\\\/2025\\\/12\\\/16\\\/skate-park-a-belluno-la-giunta-ha-detto-si-al-progetto-esecutivo\\\/\"]}]},{\"@type\":\"ImageObject\",\"inLanguage\":\"fr-FR\",\"@id\":\"https:\\\/\\\/www.bellunopress.it\\\/2025\\\/12\\\/16\\\/skate-park-a-belluno-la-giunta-ha-detto-si-al-progetto-esecutivo\\\/#primaryimage\",\"url\":\"https:\\\/\\\/www.bellunopress.it\\\/wp-content\\\/uploads\\\/2025\\\/12\\\/Skate-Park-Belluno.jpg\",\"contentUrl\":\"https:\\\/\\\/www.bellunopress.it\\\/wp-content\\\/uploads\\\/2025\\\/12\\\/Skate-Park-Belluno.jpg\",\"width\":800,\"height\":423},{\"@type\":\"BreadcrumbList\",\"@id\":\"https:\\\/\\\/www.bellunopress.it\\\/2025\\\/12\\\/16\\\/skate-park-a-belluno-la-giunta-ha-detto-si-al-progetto-esecutivo\\\/#breadcrumb\",\"itemListElement\":[{\"@type\":\"ListItem\",\"position\":1,\"name\":\"Home\",\"item\":\"https:\\\/\\\/www.bellunopress.it\\\/\"},{\"@type\":\"ListItem\",\"position\":2,\"name\":\"Skate Park a Belluno. La giunta ha detto s\u00ec al progetto esecutivo\"}]},{\"@type\":\"WebSite\",\"@id\":\"https:\\\/\\\/www.bellunopress.it\\\/#website\",\"url\":\"https:\\\/\\\/www.bellunopress.it\\\/\",\"name\":\"Bellunopress - Dolomiti\",\"description\":\"e-mail: redazione@bellunopress.it\",\"publisher\":{\"@id\":\"https:\\\/\\\/www.bellunopress.it\\\/#organization\"},\"potentialAction\":[{\"@type\":\"SearchAction\",\"target\":{\"@type\":\"EntryPoint\",\"urlTemplate\":\"https:\\\/\\\/www.bellunopress.it\\\/?s={search_term_string}\"},\"query-input\":{\"@type\":\"PropertyValueSpecification\",\"valueRequired\":true,\"valueName\":\"search_term_string\"}}],\"inLanguage\":\"fr-FR\"},{\"@type\":\"Organization\",\"@id\":\"https:\\\/\\\/www.bellunopress.it\\\/#organization\",\"name\":\"Bellunopress\",\"url\":\"https:\\\/\\\/www.bellunopress.it\\\/\",\"logo\":{\"@type\":\"ImageObject\",\"inLanguage\":\"fr-FR\",\"@id\":\"https:\\\/\\\/www.bellunopress.it\\\/#\\\/schema\\\/logo\\\/image\\\/\",\"url\":\"https:\\\/\\\/www.bellunopress.it\\\/wp-content\\\/uploads\\\/2011\\\/05\\\/cropped-logo-bellunopress-.jpg\",\"contentUrl\":\"https:\\\/\\\/www.bellunopress.it\\\/wp-content\\\/uploads\\\/2011\\\/05\\\/cropped-logo-bellunopress-.jpg\",\"width\":512,\"height\":512,\"caption\":\"Bellunopress\"},\"image\":{\"@id\":\"https:\\\/\\\/www.bellunopress.it\\\/#\\\/schema\\\/logo\\\/image\\\/\"},\"sameAs\":[\"https:\\\/\\\/www.facebook.com\\\/profile.php?id=100008943462799\",\"https:\\\/\\\/x.com\\\/bellunopress\",\"https:\\\/\\\/www.linkedin.com\\\/hp\\\/?dnr=JBzUWaJfMUw8vbXJJ2tVW5-I3jZKvC4wsoxE&amp;amp;amp;amp;amp;amp;trk=nav_responsive_tab_home\",\"https:\\\/\\\/www.youtube.com\\\/channel\\\/UCxL0wu1uN0_3_7hGG0306cw\"]},{\"@type\":\"Person\",\"@id\":\"https:\\\/\\\/www.bellunopress.it\\\/#\\\/schema\\\/person\\\/79bb06722b37ece1c03d3e94beb30d73\",\"name\":\"redazione\",\"image\":{\"@type\":\"ImageObject\",\"inLanguage\":\"fr-FR\",\"@id\":\"https:\\\/\\\/secure.gravatar.com\\\/avatar\\\/37d968a2e67a6fd04c169c4bdef102d0bc5d31b2546345219e348575eb80e9a0?s=96&d=mm&r=g\",\"url\":\"https:\\\/\\\/secure.gravatar.com\\\/avatar\\\/37d968a2e67a6fd04c169c4bdef102d0bc5d31b2546345219e348575eb80e9a0?s=96&d=mm&r=g\",\"contentUrl\":\"https:\\\/\\\/secure.gravatar.com\\\/avatar\\\/37d968a2e67a6fd04c169c4bdef102d0bc5d31b2546345219e348575eb80e9a0?s=96&d=mm&r=g\",\"caption\":\"redazione\"},\"sameAs\":[\"http:\\\/\\\/www.bellunopress.it\",\"https:\\\/\\\/x.com\\\/bellunopress\"],\"url\":\"https:\\\/\\\/www.bellunopress.it\\\/fr\\\/author\\\/redazione\\\/\"}]}<\/script>\n<!-- \/ Yoast SEO plugin. -->","yoast_head_json":{"title":"Skate Park a Belluno. La giunta ha detto s\u00ec al progetto esecutivo - Bellunopress - Dolomiti","robots":{"index":"index","follow":"follow","max-snippet":"max-snippet:-1","max-image-preview":"max-image-preview:large","max-video-preview":"max-video-preview:-1"},"canonical":"https:\/\/www.bellunopress.it\/fr\/2025\/12\/16\/skate-park-a-belluno-la-giunta-ha-detto-si-al-progetto-esecutivo\/","og_locale":"fr_FR","og_type":"article","og_title":"Skate Park a Belluno. La giunta ha detto s\u00ec al progetto esecutivo - Bellunopress - Dolomiti","og_description":"Belluno, 16 dicembre 2025 &#8211; Approvato in sede di giunta il progetto esecutivo per la realizzazione della nuova pista da skateboard. Lo skate park sar\u00e0 realizzato sotto il Ponte degli Alpini, in un\u2019area verde all\u2019interno del piazzale Associazione Bellunese Volontari del Sangue. Un intervento sul quale l\u2019Amministrazione lavorava da tempo, nato con una progettazione con-divisa [&hellip;]","og_url":"https:\/\/www.bellunopress.it\/fr\/2025\/12\/16\/skate-park-a-belluno-la-giunta-ha-detto-si-al-progetto-esecutivo\/","og_site_name":"Bellunopress - Dolomiti","article_publisher":"https:\/\/www.facebook.com\/profile.php?id=100008943462799","article_published_time":"2025-12-16T10:50:18+00:00","article_modified_time":"2025-12-16T14:09:21+00:00","og_image":[{"width":800,"height":423,"url":"https:\/\/www.bellunopress.it\/wp-content\/uploads\/2025\/12\/Skate-Park-Belluno.jpg","type":"image\/jpeg"}],"author":"redazione","twitter_card":"summary_large_image","twitter_creator":"@bellunopress","twitter_site":"@bellunopress","twitter_misc":{"\u00c9crit par":"redazione","Dur\u00e9e de lecture estim\u00e9e":"4 minutes"},"schema":{"@context":"https:\/\/schema.org","@graph":[{"@type":"Article","@id":"https:\/\/www.bellunopress.it\/2025\/12\/16\/skate-park-a-belluno-la-giunta-ha-detto-si-al-progetto-esecutivo\/#article","isPartOf":{"@id":"https:\/\/www.bellunopress.it\/2025\/12\/16\/skate-park-a-belluno-la-giunta-ha-detto-si-al-progetto-esecutivo\/"},"author":{"name":"redazione","@id":"https:\/\/www.bellunopress.it\/#\/schema\/person\/79bb06722b37ece1c03d3e94beb30d73"},"headline":"Skate Park a Belluno. La giunta ha detto s\u00ec al progetto esecutivo","datePublished":"2025-12-16T10:50:18+00:00","dateModified":"2025-12-16T14:09:21+00:00","mainEntityOfPage":{"@id":"https:\/\/www.bellunopress.it\/2025\/12\/16\/skate-park-a-belluno-la-giunta-ha-detto-si-al-progetto-esecutivo\/"},"wordCount":781,"publisher":{"@id":"https:\/\/www.bellunopress.it\/#organization"},"image":{"@id":"https:\/\/www.bellunopress.it\/2025\/12\/16\/skate-park-a-belluno-la-giunta-ha-detto-si-al-progetto-esecutivo\/#primaryimage"},"thumbnailUrl":"https:\/\/www.bellunopress.it\/wp-content\/uploads\/2025\/12\/Skate-Park-Belluno.jpg","articleSection":["Cronaca\/Politica","Featured","Prima Pagina","Societ\u00e0, Associazioni, Istituzioni"],"inLanguage":"fr-FR"},{"@type":"WebPage","@id":"https:\/\/www.bellunopress.it\/2025\/12\/16\/skate-park-a-belluno-la-giunta-ha-detto-si-al-progetto-esecutivo\/","url":"https:\/\/www.bellunopress.it\/2025\/12\/16\/skate-park-a-belluno-la-giunta-ha-detto-si-al-progetto-esecutivo\/","name":"Skate Park a Belluno. La giunta ha detto s\u00ec al progetto esecutivo - Bellunopress - Dolomiti","isPartOf":{"@id":"https:\/\/www.bellunopress.it\/#website"},"primaryImageOfPage":{"@id":"https:\/\/www.bellunopress.it\/2025\/12\/16\/skate-park-a-belluno-la-giunta-ha-detto-si-al-progetto-esecutivo\/#primaryimage"},"image":{"@id":"https:\/\/www.bellunopress.it\/2025\/12\/16\/skate-park-a-belluno-la-giunta-ha-detto-si-al-progetto-esecutivo\/#primaryimage"},"thumbnailUrl":"https:\/\/www.bellunopress.it\/wp-content\/uploads\/2025\/12\/Skate-Park-Belluno.jpg","datePublished":"2025-12-16T10:50:18+00:00","dateModified":"2025-12-16T14:09:21+00:00","breadcrumb":{"@id":"https:\/\/www.bellunopress.it\/2025\/12\/16\/skate-park-a-belluno-la-giunta-ha-detto-si-al-progetto-esecutivo\/#breadcrumb"},"inLanguage":"fr-FR","potentialAction":[{"@type":"ReadAction","target":["https:\/\/www.bellunopress.it\/2025\/12\/16\/skate-park-a-belluno-la-giunta-ha-detto-si-al-progetto-esecutivo\/"]}]},{"@type":"ImageObject","inLanguage":"fr-FR","@id":"https:\/\/www.bellunopress.it\/2025\/12\/16\/skate-park-a-belluno-la-giunta-ha-detto-si-al-progetto-esecutivo\/#primaryimage","url":"https:\/\/www.bellunopress.it\/wp-content\/uploads\/2025\/12\/Skate-Park-Belluno.jpg","contentUrl":"https:\/\/www.bellunopress.it\/wp-content\/uploads\/2025\/12\/Skate-Park-Belluno.jpg","width":800,"height":423},{"@type":"BreadcrumbList","@id":"https:\/\/www.bellunopress.it\/2025\/12\/16\/skate-park-a-belluno-la-giunta-ha-detto-si-al-progetto-esecutivo\/#breadcrumb","itemListElement":[{"@type":"ListItem","position":1,"name":"Home","item":"https:\/\/www.bellunopress.it\/"},{"@type":"ListItem","position":2,"name":"Skate Park a Belluno. La giunta ha detto s\u00ec al progetto esecutivo"}]},{"@type":"WebSite","@id":"https:\/\/www.bellunopress.it\/#website","url":"https:\/\/www.bellunopress.it\/","name":"Bellunopress - Dolomiti","description":"e-mail: redazione@bellunopress.it","publisher":{"@id":"https:\/\/www.bellunopress.it\/#organization"},"potentialAction":[{"@type":"SearchAction","target":{"@type":"EntryPoint","urlTemplate":"https:\/\/www.bellunopress.it\/?s={search_term_string}"},"query-input":{"@type":"PropertyValueSpecification","valueRequired":true,"valueName":"search_term_string"}}],"inLanguage":"fr-FR"},{"@type":"Organization","@id":"https:\/\/www.bellunopress.it\/#organization","name":"Bellunopress","url":"https:\/\/www.bellunopress.it\/","logo":{"@type":"ImageObject","inLanguage":"fr-FR","@id":"https:\/\/www.bellunopress.it\/#\/schema\/logo\/image\/","url":"https:\/\/www.bellunopress.it\/wp-content\/uploads\/2011\/05\/cropped-logo-bellunopress-.jpg","contentUrl":"https:\/\/www.bellunopress.it\/wp-content\/uploads\/2011\/05\/cropped-logo-bellunopress-.jpg","width":512,"height":512,"caption":"Bellunopress"},"image":{"@id":"https:\/\/www.bellunopress.it\/#\/schema\/logo\/image\/"},"sameAs":["https:\/\/www.facebook.com\/profile.php?id=100008943462799","https:\/\/x.com\/bellunopress","https:\/\/www.linkedin.com\/hp\/?dnr=JBzUWaJfMUw8vbXJJ2tVW5-I3jZKvC4wsoxE&amp;amp;amp;amp;amp;amp;trk=nav_responsive_tab_home","https:\/\/www.youtube.com\/channel\/UCxL0wu1uN0_3_7hGG0306cw"]},{"@type":"Person","@id":"https:\/\/www.bellunopress.it\/#\/schema\/person\/79bb06722b37ece1c03d3e94beb30d73","name":"r\u00e9daction","image":{"@type":"ImageObject","inLanguage":"fr-FR","@id":"https:\/\/secure.gravatar.com\/avatar\/37d968a2e67a6fd04c169c4bdef102d0bc5d31b2546345219e348575eb80e9a0?s=96&d=mm&r=g","url":"https:\/\/secure.gravatar.com\/avatar\/37d968a2e67a6fd04c169c4bdef102d0bc5d31b2546345219e348575eb80e9a0?s=96&d=mm&r=g","contentUrl":"https:\/\/secure.gravatar.com\/avatar\/37d968a2e67a6fd04c169c4bdef102d0bc5d31b2546345219e348575eb80e9a0?s=96&d=mm&r=g","caption":"redazione"},"sameAs":["http:\/\/www.bellunopress.it","https:\/\/x.com\/bellunopress"],"url":"https:\/\/www.bellunopress.it\/fr\/author\/redazione\/"}]}},"_links":{"self":[{"href":"https:\/\/www.bellunopress.it\/fr\/wp-json\/wp\/v2\/posts\/165800","targetHints":{"allow":["GET"]}}],"collection":[{"href":"https:\/\/www.bellunopress.it\/fr\/wp-json\/wp\/v2\/posts"}],"about":[{"href":"https:\/\/www.bellunopress.it\/fr\/wp-json\/wp\/v2\/types\/post"}],"author":[{"embeddable":true,"href":"https:\/\/www.bellunopress.it\/fr\/wp-json\/wp\/v2\/users\/2"}],"replies":[{"embeddable":true,"href":"https:\/\/www.bellunopress.it\/fr\/wp-json\/wp\/v2\/comments?post=165800"}],"version-history":[{"count":1,"href":"https:\/\/www.bellunopress.it\/fr\/wp-json\/wp\/v2\/posts\/165800\/revisions"}],"predecessor-version":[{"id":165802,"href":"https:\/\/www.bellunopress.it\/fr\/wp-json\/wp\/v2\/posts\/165800\/revisions\/165802"}],"wp:featuredmedia":[{"embeddable":true,"href":"https:\/\/www.bellunopress.it\/fr\/wp-json\/wp\/v2\/media\/165801"}],"wp:attachment":[{"href":"https:\/\/www.bellunopress.it\/fr\/wp-json\/wp\/v2\/media?parent=165800"}],"wp:term":[{"taxonomy":"category","embeddable":true,"href":"https:\/\/www.bellunopress.it\/fr\/wp-json\/wp\/v2\/categories?post=165800"},{"taxonomy":"post_tag","embeddable":true,"href":"https:\/\/www.bellunopress.it\/fr\/wp-json\/wp\/v2\/tags?post=165800"}],"curies":[{"name":"wp","href":"https:\/\/api.w.org\/{rel}","templated":true}]}}