{"id":165775,"date":"2025-12-15T14:35:48","date_gmt":"2025-12-15T13:35:48","guid":{"rendered":"https:\/\/www.bellunopress.it\/?p=165775"},"modified":"2025-12-15T14:40:51","modified_gmt":"2025-12-15T13:40:51","slug":"presentata-la-squadra-di-fratelli-ditalia-in-regione-con-lassessore-dario-bond-e-la-consigliera-silvia-calligaro","status":"publish","type":"post","link":"https:\/\/www.bellunopress.it\/fr\/2025\/12\/15\/presentata-la-squadra-di-fratelli-ditalia-in-regione-con-lassessore-dario-bond-e-la-consigliera-silvia-calligaro\/","title":{"rendered":"Presentata la squadra di Fratelli d&#8217;Italia in Regione, con l&#8217;assessore Dario Bond e la consigliera Silvia Calligaro"},"content":{"rendered":"<p>&nbsp;<\/p>\n<figure id=\"attachment_165776\" aria-describedby=\"caption-attachment-165776\" style=\"width: 500px\" class=\"wp-caption aligncenter\"><img loading=\"lazy\" decoding=\"async\" class=\"size-medium wp-image-165776\" src=\"https:\/\/www.bellunopress.it\/wp-content\/uploads\/2025\/12\/Calligaro-De-Carlo-Bond_edited-500x296.jpg\" alt=\"\" width=\"500\" height=\"296\" srcset=\"https:\/\/www.bellunopress.it\/wp-content\/uploads\/2025\/12\/Calligaro-De-Carlo-Bond_edited-500x296.jpg 500w, https:\/\/www.bellunopress.it\/wp-content\/uploads\/2025\/12\/Calligaro-De-Carlo-Bond_edited-710x420.jpg 710w, https:\/\/www.bellunopress.it\/wp-content\/uploads\/2025\/12\/Calligaro-De-Carlo-Bond_edited-696x412.jpg 696w, https:\/\/www.bellunopress.it\/wp-content\/uploads\/2025\/12\/Calligaro-De-Carlo-Bond_edited.jpg 800w\" sizes=\"auto, (max-width: 500px) 100vw, 500px\" \/><figcaption id=\"caption-attachment-165776\" class=\"wp-caption-text\">Silvia Calligaro, Luca De Carlo, Dario Bond<\/figcaption><\/figure>\n<p>Belluno, 15 dicembre 2025 \u2013 Conferenza di presentazione di Fratelli d&#8217;Italia stamane all&#8217;Hotel Astor di Belluno, della squadra che porter\u00e0 le istanze del territorio dolomitico in Consiglio Regionale. La presentazione, guidata dal senatore e coordinatore regionale del partito, Luca De Carlo, ha visto protagonisti l&#8217;assessore regionale Dario Bond e la neo-consigliera Silvia Calligaro.<\/p>\n<p>De Carlo ha espresso grande soddisfazione per il risultato elettorale conseguito da FdI, che ha permesso alla provincia di Belluno di eleggere due esponenti di spicco tra le fila del partito. Ai quali si aggiunge il consigliere regionale Alessandro Del Bianco del Partito democratico, che insieme assicureranno\u00a0al territorio un&#8217;importante presenza a Venezia.<\/p>\n<p>&#8220;Oggi in Regione c&#8217;\u00e8 un ritorno alla politica, al confronto &#8211; ha affermato De Carlo, riferendosi alla composizione del nuovo Consiglio regionale &#8211; e noi lo faremo con un assessore e un consigliere&#8221;.<\/p>\n<figure id=\"attachment_165777\" aria-describedby=\"caption-attachment-165777\" style=\"width: 484px\" class=\"wp-caption aligncenter\"><img loading=\"lazy\" decoding=\"async\" class=\"size-medium wp-image-165777\" src=\"https:\/\/www.bellunopress.it\/wp-content\/uploads\/2025\/12\/Dario-Bond_edited-484x500.jpg\" alt=\"\" width=\"484\" height=\"500\" srcset=\"https:\/\/www.bellunopress.it\/wp-content\/uploads\/2025\/12\/Dario-Bond_edited-484x500.jpg 484w, https:\/\/www.bellunopress.it\/wp-content\/uploads\/2025\/12\/Dario-Bond_edited-407x420.jpg 407w, https:\/\/www.bellunopress.it\/wp-content\/uploads\/2025\/12\/Dario-Bond_edited-696x718.jpg 696w, https:\/\/www.bellunopress.it\/wp-content\/uploads\/2025\/12\/Dario-Bond_edited.jpg 775w\" sizes=\"auto, (max-width: 484px) 100vw, 484px\" \/><figcaption id=\"caption-attachment-165777\" class=\"wp-caption-text\">Dario Bond, assessore regionale<\/figcaption><\/figure>\n<p>Priorit\u00e0: Montagna e Idroelettrico<br \/>\nL&#8217;assessore regionale Dario Bond ha subito anticipato quelle che saranno le principali linee di intervento per la rappresentanza d+ella montagna. Al centro del suo mandato ci saranno due temi cruciali per il Bellunese: il coordinamento dei fondi destinati alla Montagna e l&#8217;urgente questione delle concessioni idroelettriche, un nodo strategico e identitario per l&#8217;intera provincia.<\/p>\n<figure id=\"attachment_165778\" aria-describedby=\"caption-attachment-165778\" style=\"width: 371px\" class=\"wp-caption aligncenter\"><img loading=\"lazy\" decoding=\"async\" class=\"size-medium wp-image-165778\" src=\"https:\/\/www.bellunopress.it\/wp-content\/uploads\/2025\/12\/Silvia-Calligaro-1_edited-371x500.jpg\" alt=\"\" width=\"371\" height=\"500\" srcset=\"https:\/\/www.bellunopress.it\/wp-content\/uploads\/2025\/12\/Silvia-Calligaro-1_edited-371x500.jpg 371w, https:\/\/www.bellunopress.it\/wp-content\/uploads\/2025\/12\/Silvia-Calligaro-1_edited-311x420.jpg 311w, https:\/\/www.bellunopress.it\/wp-content\/uploads\/2025\/12\/Silvia-Calligaro-1_edited.jpg 593w\" sizes=\"auto, (max-width: 371px) 100vw, 371px\" \/><figcaption id=\"caption-attachment-165778\" class=\"wp-caption-text\">Silvia Calligaro, consigliere regionale<\/figcaption><\/figure>\n<p>Anche la neo-consigliera Silvia Calligaro ha marcato il suo prossimo impegno. Calligaro, che lascer\u00e0 l&#8217;incarico di sindaco di Vigo di Cadore e quello di vicepresidente della Provincia, ha ribadito con forza l&#8217;intenzione di difendere la specificit\u00e0 della provincia di Belluno. Un principio fondamentale per tutelare le autonomie e le peculiarit\u00e0 del territorio.<\/p>\n<p>Con questa presentazione, Fratelli d&#8217;Italia Belluno lancia la sua azione politica in Regione, forte di una doppia rappresentanza pronta a battersi sui temi caldi della montagna.<\/p>\n<p><a href=\"https:\/\/www.facebook.com\/robertodenart\/videos\/2660731740972850\">https:\/\/www.facebook.com\/robertodenart\/videos\/2660731740972850<\/a><\/p>\n<p><a href=\"https:\/\/www.facebook.com\/robertodenart\/videos\/3417015591770320\">https:\/\/www.facebook.com\/robertodenart\/videos\/3417015591770320<\/a><\/p>\n<p><a href=\"https:\/\/www.facebook.com\/robertodenart\/videos\/1433002648447204\">https:\/\/www.facebook.com\/robertodenart\/videos\/1433002648447204<\/a><\/p>\n<p>&nbsp;<\/p>","protected":false},"excerpt":{"rendered":"<p>&nbsp; Belluno, 15 dicembre 2025 \u2013 Conferenza di presentazione di Fratelli d&#8217;Italia stamane all&#8217;Hotel Astor di Belluno, della squadra che porter\u00e0 le istanze del territorio dolomitico in Consiglio Regionale. La presentazione, guidata dal senatore e coordinatore regionale del partito, Luca De Carlo, ha visto protagonisti l&#8217;assessore regionale Dario Bond e la neo-consigliera Silvia Calligaro. De [&hellip;]<\/p>\n","protected":false},"author":2,"featured_media":165776,"comment_status":"closed","ping_status":"open","sticky":false,"template":"","format":"standard","meta":{"footnotes":""},"categories":[5,3446,26],"tags":[],"class_list":["post-165775","post","type-post","status-publish","format-standard","has-post-thumbnail","category-cronaca","category-featured","category-prima-pagina"],"yoast_head":"<!-- This site is optimized with the Yoast SEO plugin v28.4 - https:\/\/yoast.com\/product\/yoast-seo-wordpress\/ -->\n<title>Presentata la squadra di Fratelli d&#039;Italia in Regione, con l&#039;assessore Dario Bond e la consigliera Silvia Calligaro - Bellunopress - Dolomiti<\/title>\n<meta name=\"robots\" content=\"index, follow, max-snippet:-1, max-image-preview:large, max-video-preview:-1\" \/>\n<link rel=\"canonical\" href=\"https:\/\/www.bellunopress.it\/fr\/2025\/12\/15\/presentata-la-squadra-di-fratelli-ditalia-in-regione-con-lassessore-dario-bond-e-la-consigliera-silvia-calligaro\/\" \/>\n<meta property=\"og:locale\" content=\"fr_FR\" \/>\n<meta property=\"og:type\" content=\"article\" \/>\n<meta property=\"og:title\" content=\"Presentata la squadra di Fratelli d&#039;Italia in Regione, con l&#039;assessore Dario Bond e la consigliera Silvia Calligaro - Bellunopress - Dolomiti\" \/>\n<meta property=\"og:description\" content=\"&nbsp; Belluno, 15 dicembre 2025 \u2013 Conferenza di presentazione di Fratelli d&#8217;Italia stamane all&#8217;Hotel Astor di Belluno, della squadra che porter\u00e0 le istanze del territorio dolomitico in Consiglio Regionale. La presentazione, guidata dal senatore e coordinatore regionale del partito, Luca De Carlo, ha visto protagonisti l&#8217;assessore regionale Dario Bond e la neo-consigliera Silvia Calligaro. De [&hellip;]\" \/>\n<meta property=\"og:url\" content=\"https:\/\/www.bellunopress.it\/fr\/2025\/12\/15\/presentata-la-squadra-di-fratelli-ditalia-in-regione-con-lassessore-dario-bond-e-la-consigliera-silvia-calligaro\/\" \/>\n<meta property=\"og:site_name\" content=\"Bellunopress - Dolomiti\" \/>\n<meta property=\"article:publisher\" content=\"https:\/\/www.facebook.com\/profile.php?id=100008943462799\" \/>\n<meta property=\"article:published_time\" content=\"2025-12-15T13:35:48+00:00\" \/>\n<meta property=\"article:modified_time\" content=\"2025-12-15T13:40:51+00:00\" \/>\n<meta property=\"og:image\" content=\"https:\/\/www.bellunopress.it\/wp-content\/uploads\/2025\/12\/Calligaro-De-Carlo-Bond_edited.jpg\" \/>\n\t<meta property=\"og:image:width\" content=\"800\" \/>\n\t<meta property=\"og:image:height\" content=\"473\" \/>\n\t<meta property=\"og:image:type\" content=\"image\/jpeg\" \/>\n<meta name=\"author\" content=\"redazione\" \/>\n<meta name=\"twitter:card\" content=\"summary_large_image\" \/>\n<meta name=\"twitter:creator\" content=\"@bellunopress\" \/>\n<meta name=\"twitter:site\" content=\"@bellunopress\" \/>\n<meta name=\"twitter:label1\" content=\"\u00c9crit par\" \/>\n\t<meta name=\"twitter:data1\" content=\"redazione\" \/>\n\t<meta name=\"twitter:label2\" content=\"Dur\u00e9e de lecture estim\u00e9e\" \/>\n\t<meta name=\"twitter:data2\" content=\"2 minutes\" \/>\n<script type=\"application\/ld+json\" class=\"yoast-schema-graph\">{\"@context\":\"https:\\\/\\\/schema.org\",\"@graph\":[{\"@type\":\"Article\",\"@id\":\"https:\\\/\\\/www.bellunopress.it\\\/2025\\\/12\\\/15\\\/presentata-la-squadra-di-fratelli-ditalia-in-regione-con-lassessore-dario-bond-e-la-consigliera-silvia-calligaro\\\/#article\",\"isPartOf\":{\"@id\":\"https:\\\/\\\/www.bellunopress.it\\\/2025\\\/12\\\/15\\\/presentata-la-squadra-di-fratelli-ditalia-in-regione-con-lassessore-dario-bond-e-la-consigliera-silvia-calligaro\\\/\"},\"author\":{\"name\":\"redazione\",\"@id\":\"https:\\\/\\\/www.bellunopress.it\\\/#\\\/schema\\\/person\\\/79bb06722b37ece1c03d3e94beb30d73\"},\"headline\":\"Presentata la squadra di Fratelli d&#8217;Italia in Regione, con l&#8217;assessore Dario Bond e la consigliera Silvia Calligaro\",\"datePublished\":\"2025-12-15T13:35:48+00:00\",\"dateModified\":\"2025-12-15T13:40:51+00:00\",\"mainEntityOfPage\":{\"@id\":\"https:\\\/\\\/www.bellunopress.it\\\/2025\\\/12\\\/15\\\/presentata-la-squadra-di-fratelli-ditalia-in-regione-con-lassessore-dario-bond-e-la-consigliera-silvia-calligaro\\\/\"},\"wordCount\":358,\"publisher\":{\"@id\":\"https:\\\/\\\/www.bellunopress.it\\\/#organization\"},\"image\":{\"@id\":\"https:\\\/\\\/www.bellunopress.it\\\/2025\\\/12\\\/15\\\/presentata-la-squadra-di-fratelli-ditalia-in-regione-con-lassessore-dario-bond-e-la-consigliera-silvia-calligaro\\\/#primaryimage\"},\"thumbnailUrl\":\"https:\\\/\\\/www.bellunopress.it\\\/wp-content\\\/uploads\\\/2025\\\/12\\\/Calligaro-De-Carlo-Bond_edited.jpg\",\"articleSection\":[\"Cronaca\\\/Politica\",\"Featured\",\"Prima Pagina\"],\"inLanguage\":\"fr-FR\"},{\"@type\":\"WebPage\",\"@id\":\"https:\\\/\\\/www.bellunopress.it\\\/2025\\\/12\\\/15\\\/presentata-la-squadra-di-fratelli-ditalia-in-regione-con-lassessore-dario-bond-e-la-consigliera-silvia-calligaro\\\/\",\"url\":\"https:\\\/\\\/www.bellunopress.it\\\/2025\\\/12\\\/15\\\/presentata-la-squadra-di-fratelli-ditalia-in-regione-con-lassessore-dario-bond-e-la-consigliera-silvia-calligaro\\\/\",\"name\":\"Presentata la squadra di Fratelli d'Italia in Regione, con l'assessore Dario Bond e la consigliera Silvia Calligaro - Bellunopress - Dolomiti\",\"isPartOf\":{\"@id\":\"https:\\\/\\\/www.bellunopress.it\\\/#website\"},\"primaryImageOfPage\":{\"@id\":\"https:\\\/\\\/www.bellunopress.it\\\/2025\\\/12\\\/15\\\/presentata-la-squadra-di-fratelli-ditalia-in-regione-con-lassessore-dario-bond-e-la-consigliera-silvia-calligaro\\\/#primaryimage\"},\"image\":{\"@id\":\"https:\\\/\\\/www.bellunopress.it\\\/2025\\\/12\\\/15\\\/presentata-la-squadra-di-fratelli-ditalia-in-regione-con-lassessore-dario-bond-e-la-consigliera-silvia-calligaro\\\/#primaryimage\"},\"thumbnailUrl\":\"https:\\\/\\\/www.bellunopress.it\\\/wp-content\\\/uploads\\\/2025\\\/12\\\/Calligaro-De-Carlo-Bond_edited.jpg\",\"datePublished\":\"2025-12-15T13:35:48+00:00\",\"dateModified\":\"2025-12-15T13:40:51+00:00\",\"breadcrumb\":{\"@id\":\"https:\\\/\\\/www.bellunopress.it\\\/2025\\\/12\\\/15\\\/presentata-la-squadra-di-fratelli-ditalia-in-regione-con-lassessore-dario-bond-e-la-consigliera-silvia-calligaro\\\/#breadcrumb\"},\"inLanguage\":\"fr-FR\",\"potentialAction\":[{\"@type\":\"ReadAction\",\"target\":[\"https:\\\/\\\/www.bellunopress.it\\\/2025\\\/12\\\/15\\\/presentata-la-squadra-di-fratelli-ditalia-in-regione-con-lassessore-dario-bond-e-la-consigliera-silvia-calligaro\\\/\"]}]},{\"@type\":\"ImageObject\",\"inLanguage\":\"fr-FR\",\"@id\":\"https:\\\/\\\/www.bellunopress.it\\\/2025\\\/12\\\/15\\\/presentata-la-squadra-di-fratelli-ditalia-in-regione-con-lassessore-dario-bond-e-la-consigliera-silvia-calligaro\\\/#primaryimage\",\"url\":\"https:\\\/\\\/www.bellunopress.it\\\/wp-content\\\/uploads\\\/2025\\\/12\\\/Calligaro-De-Carlo-Bond_edited.jpg\",\"contentUrl\":\"https:\\\/\\\/www.bellunopress.it\\\/wp-content\\\/uploads\\\/2025\\\/12\\\/Calligaro-De-Carlo-Bond_edited.jpg\",\"width\":800,\"height\":473,\"caption\":\"Silvia Calligaro, Luca De Carlo, Dario Bond\"},{\"@type\":\"BreadcrumbList\",\"@id\":\"https:\\\/\\\/www.bellunopress.it\\\/2025\\\/12\\\/15\\\/presentata-la-squadra-di-fratelli-ditalia-in-regione-con-lassessore-dario-bond-e-la-consigliera-silvia-calligaro\\\/#breadcrumb\",\"itemListElement\":[{\"@type\":\"ListItem\",\"position\":1,\"name\":\"Home\",\"item\":\"https:\\\/\\\/www.bellunopress.it\\\/\"},{\"@type\":\"ListItem\",\"position\":2,\"name\":\"Presentata la squadra di Fratelli d&#8217;Italia in Regione, con l&#8217;assessore Dario Bond e la consigliera Silvia Calligaro\"}]},{\"@type\":\"WebSite\",\"@id\":\"https:\\\/\\\/www.bellunopress.it\\\/#website\",\"url\":\"https:\\\/\\\/www.bellunopress.it\\\/\",\"name\":\"Bellunopress - Dolomiti\",\"description\":\"e-mail: redazione@bellunopress.it\",\"publisher\":{\"@id\":\"https:\\\/\\\/www.bellunopress.it\\\/#organization\"},\"potentialAction\":[{\"@type\":\"SearchAction\",\"target\":{\"@type\":\"EntryPoint\",\"urlTemplate\":\"https:\\\/\\\/www.bellunopress.it\\\/?s={search_term_string}\"},\"query-input\":{\"@type\":\"PropertyValueSpecification\",\"valueRequired\":true,\"valueName\":\"search_term_string\"}}],\"inLanguage\":\"fr-FR\"},{\"@type\":\"Organization\",\"@id\":\"https:\\\/\\\/www.bellunopress.it\\\/#organization\",\"name\":\"Bellunopress\",\"url\":\"https:\\\/\\\/www.bellunopress.it\\\/\",\"logo\":{\"@type\":\"ImageObject\",\"inLanguage\":\"fr-FR\",\"@id\":\"https:\\\/\\\/www.bellunopress.it\\\/#\\\/schema\\\/logo\\\/image\\\/\",\"url\":\"https:\\\/\\\/www.bellunopress.it\\\/wp-content\\\/uploads\\\/2011\\\/05\\\/cropped-logo-bellunopress-.jpg\",\"contentUrl\":\"https:\\\/\\\/www.bellunopress.it\\\/wp-content\\\/uploads\\\/2011\\\/05\\\/cropped-logo-bellunopress-.jpg\",\"width\":512,\"height\":512,\"caption\":\"Bellunopress\"},\"image\":{\"@id\":\"https:\\\/\\\/www.bellunopress.it\\\/#\\\/schema\\\/logo\\\/image\\\/\"},\"sameAs\":[\"https:\\\/\\\/www.facebook.com\\\/profile.php?id=100008943462799\",\"https:\\\/\\\/x.com\\\/bellunopress\",\"https:\\\/\\\/www.linkedin.com\\\/hp\\\/?dnr=JBzUWaJfMUw8vbXJJ2tVW5-I3jZKvC4wsoxE&amp;amp;amp;amp;amp;amp;trk=nav_responsive_tab_home\",\"https:\\\/\\\/www.youtube.com\\\/channel\\\/UCxL0wu1uN0_3_7hGG0306cw\"]},{\"@type\":\"Person\",\"@id\":\"https:\\\/\\\/www.bellunopress.it\\\/#\\\/schema\\\/person\\\/79bb06722b37ece1c03d3e94beb30d73\",\"name\":\"redazione\",\"image\":{\"@type\":\"ImageObject\",\"inLanguage\":\"fr-FR\",\"@id\":\"https:\\\/\\\/secure.gravatar.com\\\/avatar\\\/37d968a2e67a6fd04c169c4bdef102d0bc5d31b2546345219e348575eb80e9a0?s=96&d=mm&r=g\",\"url\":\"https:\\\/\\\/secure.gravatar.com\\\/avatar\\\/37d968a2e67a6fd04c169c4bdef102d0bc5d31b2546345219e348575eb80e9a0?s=96&d=mm&r=g\",\"contentUrl\":\"https:\\\/\\\/secure.gravatar.com\\\/avatar\\\/37d968a2e67a6fd04c169c4bdef102d0bc5d31b2546345219e348575eb80e9a0?s=96&d=mm&r=g\",\"caption\":\"redazione\"},\"sameAs\":[\"http:\\\/\\\/www.bellunopress.it\",\"https:\\\/\\\/x.com\\\/bellunopress\"],\"url\":\"https:\\\/\\\/www.bellunopress.it\\\/fr\\\/author\\\/redazione\\\/\"}]}<\/script>\n<!-- \/ Yoast SEO plugin. -->","yoast_head_json":{"title":"Presentata la squadra di Fratelli d'Italia in Regione, con l'assessore Dario Bond e la consigliera Silvia Calligaro - Bellunopress - Dolomiti","robots":{"index":"index","follow":"follow","max-snippet":"max-snippet:-1","max-image-preview":"max-image-preview:large","max-video-preview":"max-video-preview:-1"},"canonical":"https:\/\/www.bellunopress.it\/fr\/2025\/12\/15\/presentata-la-squadra-di-fratelli-ditalia-in-regione-con-lassessore-dario-bond-e-la-consigliera-silvia-calligaro\/","og_locale":"fr_FR","og_type":"article","og_title":"Presentata la squadra di Fratelli d'Italia in Regione, con l'assessore Dario Bond e la consigliera Silvia Calligaro - Bellunopress - Dolomiti","og_description":"&nbsp; Belluno, 15 dicembre 2025 \u2013 Conferenza di presentazione di Fratelli d&#8217;Italia stamane all&#8217;Hotel Astor di Belluno, della squadra che porter\u00e0 le istanze del territorio dolomitico in Consiglio Regionale. La presentazione, guidata dal senatore e coordinatore regionale del partito, Luca De Carlo, ha visto protagonisti l&#8217;assessore regionale Dario Bond e la neo-consigliera Silvia Calligaro. De [&hellip;]","og_url":"https:\/\/www.bellunopress.it\/fr\/2025\/12\/15\/presentata-la-squadra-di-fratelli-ditalia-in-regione-con-lassessore-dario-bond-e-la-consigliera-silvia-calligaro\/","og_site_name":"Bellunopress - Dolomiti","article_publisher":"https:\/\/www.facebook.com\/profile.php?id=100008943462799","article_published_time":"2025-12-15T13:35:48+00:00","article_modified_time":"2025-12-15T13:40:51+00:00","og_image":[{"width":800,"height":473,"url":"https:\/\/www.bellunopress.it\/wp-content\/uploads\/2025\/12\/Calligaro-De-Carlo-Bond_edited.jpg","type":"image\/jpeg"}],"author":"redazione","twitter_card":"summary_large_image","twitter_creator":"@bellunopress","twitter_site":"@bellunopress","twitter_misc":{"\u00c9crit par":"redazione","Dur\u00e9e de lecture estim\u00e9e":"2 minutes"},"schema":{"@context":"https:\/\/schema.org","@graph":[{"@type":"Article","@id":"https:\/\/www.bellunopress.it\/2025\/12\/15\/presentata-la-squadra-di-fratelli-ditalia-in-regione-con-lassessore-dario-bond-e-la-consigliera-silvia-calligaro\/#article","isPartOf":{"@id":"https:\/\/www.bellunopress.it\/2025\/12\/15\/presentata-la-squadra-di-fratelli-ditalia-in-regione-con-lassessore-dario-bond-e-la-consigliera-silvia-calligaro\/"},"author":{"name":"redazione","@id":"https:\/\/www.bellunopress.it\/#\/schema\/person\/79bb06722b37ece1c03d3e94beb30d73"},"headline":"Presentata la squadra di Fratelli d&#8217;Italia in Regione, con l&#8217;assessore Dario Bond e la consigliera Silvia Calligaro","datePublished":"2025-12-15T13:35:48+00:00","dateModified":"2025-12-15T13:40:51+00:00","mainEntityOfPage":{"@id":"https:\/\/www.bellunopress.it\/2025\/12\/15\/presentata-la-squadra-di-fratelli-ditalia-in-regione-con-lassessore-dario-bond-e-la-consigliera-silvia-calligaro\/"},"wordCount":358,"publisher":{"@id":"https:\/\/www.bellunopress.it\/#organization"},"image":{"@id":"https:\/\/www.bellunopress.it\/2025\/12\/15\/presentata-la-squadra-di-fratelli-ditalia-in-regione-con-lassessore-dario-bond-e-la-consigliera-silvia-calligaro\/#primaryimage"},"thumbnailUrl":"https:\/\/www.bellunopress.it\/wp-content\/uploads\/2025\/12\/Calligaro-De-Carlo-Bond_edited.jpg","articleSection":["Cronaca\/Politica","Featured","Prima Pagina"],"inLanguage":"fr-FR"},{"@type":"WebPage","@id":"https:\/\/www.bellunopress.it\/2025\/12\/15\/presentata-la-squadra-di-fratelli-ditalia-in-regione-con-lassessore-dario-bond-e-la-consigliera-silvia-calligaro\/","url":"https:\/\/www.bellunopress.it\/2025\/12\/15\/presentata-la-squadra-di-fratelli-ditalia-in-regione-con-lassessore-dario-bond-e-la-consigliera-silvia-calligaro\/","name":"Presentata la squadra di Fratelli d'Italia in Regione, con l'assessore Dario Bond e la consigliera Silvia Calligaro - Bellunopress - Dolomiti","isPartOf":{"@id":"https:\/\/www.bellunopress.it\/#website"},"primaryImageOfPage":{"@id":"https:\/\/www.bellunopress.it\/2025\/12\/15\/presentata-la-squadra-di-fratelli-ditalia-in-regione-con-lassessore-dario-bond-e-la-consigliera-silvia-calligaro\/#primaryimage"},"image":{"@id":"https:\/\/www.bellunopress.it\/2025\/12\/15\/presentata-la-squadra-di-fratelli-ditalia-in-regione-con-lassessore-dario-bond-e-la-consigliera-silvia-calligaro\/#primaryimage"},"thumbnailUrl":"https:\/\/www.bellunopress.it\/wp-content\/uploads\/2025\/12\/Calligaro-De-Carlo-Bond_edited.jpg","datePublished":"2025-12-15T13:35:48+00:00","dateModified":"2025-12-15T13:40:51+00:00","breadcrumb":{"@id":"https:\/\/www.bellunopress.it\/2025\/12\/15\/presentata-la-squadra-di-fratelli-ditalia-in-regione-con-lassessore-dario-bond-e-la-consigliera-silvia-calligaro\/#breadcrumb"},"inLanguage":"fr-FR","potentialAction":[{"@type":"ReadAction","target":["https:\/\/www.bellunopress.it\/2025\/12\/15\/presentata-la-squadra-di-fratelli-ditalia-in-regione-con-lassessore-dario-bond-e-la-consigliera-silvia-calligaro\/"]}]},{"@type":"ImageObject","inLanguage":"fr-FR","@id":"https:\/\/www.bellunopress.it\/2025\/12\/15\/presentata-la-squadra-di-fratelli-ditalia-in-regione-con-lassessore-dario-bond-e-la-consigliera-silvia-calligaro\/#primaryimage","url":"https:\/\/www.bellunopress.it\/wp-content\/uploads\/2025\/12\/Calligaro-De-Carlo-Bond_edited.jpg","contentUrl":"https:\/\/www.bellunopress.it\/wp-content\/uploads\/2025\/12\/Calligaro-De-Carlo-Bond_edited.jpg","width":800,"height":473,"caption":"Silvia Calligaro, Luca De Carlo, Dario Bond"},{"@type":"BreadcrumbList","@id":"https:\/\/www.bellunopress.it\/2025\/12\/15\/presentata-la-squadra-di-fratelli-ditalia-in-regione-con-lassessore-dario-bond-e-la-consigliera-silvia-calligaro\/#breadcrumb","itemListElement":[{"@type":"ListItem","position":1,"name":"Home","item":"https:\/\/www.bellunopress.it\/"},{"@type":"ListItem","position":2,"name":"Presentata la squadra di Fratelli d&#8217;Italia in Regione, con l&#8217;assessore Dario Bond e la consigliera Silvia Calligaro"}]},{"@type":"WebSite","@id":"https:\/\/www.bellunopress.it\/#website","url":"https:\/\/www.bellunopress.it\/","name":"Bellunopress - Dolomiti","description":"e-mail: redazione@bellunopress.it","publisher":{"@id":"https:\/\/www.bellunopress.it\/#organization"},"potentialAction":[{"@type":"SearchAction","target":{"@type":"EntryPoint","urlTemplate":"https:\/\/www.bellunopress.it\/?s={search_term_string}"},"query-input":{"@type":"PropertyValueSpecification","valueRequired":true,"valueName":"search_term_string"}}],"inLanguage":"fr-FR"},{"@type":"Organization","@id":"https:\/\/www.bellunopress.it\/#organization","name":"Bellunopress","url":"https:\/\/www.bellunopress.it\/","logo":{"@type":"ImageObject","inLanguage":"fr-FR","@id":"https:\/\/www.bellunopress.it\/#\/schema\/logo\/image\/","url":"https:\/\/www.bellunopress.it\/wp-content\/uploads\/2011\/05\/cropped-logo-bellunopress-.jpg","contentUrl":"https:\/\/www.bellunopress.it\/wp-content\/uploads\/2011\/05\/cropped-logo-bellunopress-.jpg","width":512,"height":512,"caption":"Bellunopress"},"image":{"@id":"https:\/\/www.bellunopress.it\/#\/schema\/logo\/image\/"},"sameAs":["https:\/\/www.facebook.com\/profile.php?id=100008943462799","https:\/\/x.com\/bellunopress","https:\/\/www.linkedin.com\/hp\/?dnr=JBzUWaJfMUw8vbXJJ2tVW5-I3jZKvC4wsoxE&amp;amp;amp;amp;amp;amp;trk=nav_responsive_tab_home","https:\/\/www.youtube.com\/channel\/UCxL0wu1uN0_3_7hGG0306cw"]},{"@type":"Person","@id":"https:\/\/www.bellunopress.it\/#\/schema\/person\/79bb06722b37ece1c03d3e94beb30d73","name":"r\u00e9daction","image":{"@type":"ImageObject","inLanguage":"fr-FR","@id":"https:\/\/secure.gravatar.com\/avatar\/37d968a2e67a6fd04c169c4bdef102d0bc5d31b2546345219e348575eb80e9a0?s=96&d=mm&r=g","url":"https:\/\/secure.gravatar.com\/avatar\/37d968a2e67a6fd04c169c4bdef102d0bc5d31b2546345219e348575eb80e9a0?s=96&d=mm&r=g","contentUrl":"https:\/\/secure.gravatar.com\/avatar\/37d968a2e67a6fd04c169c4bdef102d0bc5d31b2546345219e348575eb80e9a0?s=96&d=mm&r=g","caption":"redazione"},"sameAs":["http:\/\/www.bellunopress.it","https:\/\/x.com\/bellunopress"],"url":"https:\/\/www.bellunopress.it\/fr\/author\/redazione\/"}]}},"_links":{"self":[{"href":"https:\/\/www.bellunopress.it\/fr\/wp-json\/wp\/v2\/posts\/165775","targetHints":{"allow":["GET"]}}],"collection":[{"href":"https:\/\/www.bellunopress.it\/fr\/wp-json\/wp\/v2\/posts"}],"about":[{"href":"https:\/\/www.bellunopress.it\/fr\/wp-json\/wp\/v2\/types\/post"}],"author":[{"embeddable":true,"href":"https:\/\/www.bellunopress.it\/fr\/wp-json\/wp\/v2\/users\/2"}],"replies":[{"embeddable":true,"href":"https:\/\/www.bellunopress.it\/fr\/wp-json\/wp\/v2\/comments?post=165775"}],"version-history":[{"count":3,"href":"https:\/\/www.bellunopress.it\/fr\/wp-json\/wp\/v2\/posts\/165775\/revisions"}],"predecessor-version":[{"id":165781,"href":"https:\/\/www.bellunopress.it\/fr\/wp-json\/wp\/v2\/posts\/165775\/revisions\/165781"}],"wp:featuredmedia":[{"embeddable":true,"href":"https:\/\/www.bellunopress.it\/fr\/wp-json\/wp\/v2\/media\/165776"}],"wp:attachment":[{"href":"https:\/\/www.bellunopress.it\/fr\/wp-json\/wp\/v2\/media?parent=165775"}],"wp:term":[{"taxonomy":"category","embeddable":true,"href":"https:\/\/www.bellunopress.it\/fr\/wp-json\/wp\/v2\/categories?post=165775"},{"taxonomy":"post_tag","embeddable":true,"href":"https:\/\/www.bellunopress.it\/fr\/wp-json\/wp\/v2\/tags?post=165775"}],"curies":[{"name":"wp","href":"https:\/\/api.w.org\/{rel}","templated":true}]}}