{"id":165758,"date":"2025-12-14T13:15:37","date_gmt":"2025-12-14T12:15:37","guid":{"rendered":"https:\/\/www.bellunopress.it\/?p=165758"},"modified":"2025-12-15T09:19:30","modified_gmt":"2025-12-15T08:19:30","slug":"frau-musika-venerdi-a-feltre-con-musiche-di-handel-bach-e-vivaldi","status":"publish","type":"post","link":"https:\/\/www.bellunopress.it\/fr\/2025\/12\/14\/frau-musika-venerdi-a-feltre-con-musiche-di-handel-bach-e-vivaldi\/","title":{"rendered":"Frau Musika venerd\u00ec a Feltre con musiche di H\u00e4ndel, Bach e Vivaldi"},"content":{"rendered":"<figure id=\"attachment_165759\" aria-describedby=\"caption-attachment-165759\" style=\"width: 500px\" class=\"wp-caption aligncenter\"><img loading=\"lazy\" decoding=\"async\" class=\"size-medium wp-image-165759\" src=\"https:\/\/www.bellunopress.it\/wp-content\/uploads\/2025\/12\/Orchestra_Frau-Musika--500x291.jpg\" alt=\"\" width=\"500\" height=\"291\" srcset=\"https:\/\/www.bellunopress.it\/wp-content\/uploads\/2025\/12\/Orchestra_Frau-Musika--500x291.jpg 500w, https:\/\/www.bellunopress.it\/wp-content\/uploads\/2025\/12\/Orchestra_Frau-Musika--723x420.jpg 723w, https:\/\/www.bellunopress.it\/wp-content\/uploads\/2025\/12\/Orchestra_Frau-Musika--696x405.jpg 696w, https:\/\/www.bellunopress.it\/wp-content\/uploads\/2025\/12\/Orchestra_Frau-Musika-.jpg 800w\" sizes=\"auto, (max-width: 500px) 100vw, 500px\" \/><figcaption id=\"caption-attachment-165759\" class=\"wp-caption-text\">Orchestra Frau Musika<\/figcaption><\/figure>\n<p>L&#8217;orchestra barocca guidata da Andrea Marcon presenta i tradizionali concerti per le Festivit\u00e0 di fine anno: venerd\u00ec 19 dicembre a Feltre, sabato 20 a Verona e domenica 21 a Vicenza. Dal grande repertorio barocco capolavori sacri, un Concerto Grosso di H\u00e4ndel e Concerti per strumento solista e orchestra di Bach e Vivaldi. Ingresso gratuito con prenotazione.\u00a0I concerti iniziano alle ore 20,30 e sono aperti alla cittadinanza previa prenotazione gratuita che pu\u00f2 essere fatta online sulla piattaforma Eventbrite (eventbrite.it) o contattando la segreteria dell&#8217;orchestra (0444 326598 &#8211; concerti@fraumusika.eu).<\/p>\n<p>L&#8217;attivit\u00e0 formativa 2025 di Frau Musika, l&#8217;orchestra giovanile su strumenti d&#8217;epoca nata nel 2021 da un&#8217;idea di Andrea Marcon con il sostegno in Art Bonus di Fondazione Cariverona, si chiude con il tradizionale concerto per le Festivit\u00e0 di fine anno.<br \/>\nTre gli appuntamenti in programma, tutti con inizio alle ore 20,30: venerd\u00ec 19 dicembre alla Cattedrale di San Pietro di Feltre, sabato 20 alla Cattedrale di Santa Maria Assunta di Verona e domenica 21 alla Basilica di San Felice di Vicenza.<br \/>\nFrau Musika \u00e8 uno dei progetti emblematici dell\u2019impegno di Fondazione Cariverona a favore delle giovani generazioni, che trova nella musica e nella cultura un potente strumento di crescita personale e professionale, offrendo a musiciste e musicisti under 30 l\u2019opportunit\u00e0 di formarsi a contatto con maestri di livello internazionale, di misurarsi con il grande repertorio barocco e di condividere il proprio talento con le comunit\u00e0 dei territori in cui opera.<\/p>\n<p>L&#8217;impaginato \u00e8 incentrato su tre giganti del barocco \u2013 H\u00e4ndel, Bach e Vivaldi \u2013 il cui pensiero musicale contrassegn\u00f2 la prima met\u00e0 del Settecento con reciproche contaminazioni e confronti fra i diversi stili nazionali.<br \/>\nL\u2019apertura \u00e8 affidata al Concerto Grosso in Op. VI n. 1 di H\u00e4ndel, che inaugur\u00f2 la celebre raccolta di dodici Concerti del 1739 nella quale il suono \u201citaliano\u201d dell&#8217;epoca si fondeva con il gusto drammatico del compositore tedesco del quale, in successione si ascolter\u00e0 un Salve Regina per soprano, archi e basso continuo di grande impatto emotivo.<br \/>\nNella sezione centrale del programma Frau Musika propone due Concerti per strumento solista e orchestra: quello in Re minore per due violini di Bach, celeberrimo capolavoro di equilibrio architettonico, e il Concerto per flautino in Do maggiore di Antonio Vivaldi nel quale emergono brillantezza, energia e soprattutto le doti virtuosistiche richieste al solista.<br \/>\nIn conclusione ancora due pagine del \u201cPrete rosso\u201d. Il mottetto O qui coeli terraeque serenitas, venuto alla luce durante uno dei soggiorni romani di Vivaldi, alterna parentesi di grande serenit\u00e0, momenti nei quali prevale l&#8217;aspetto intimamente drammatico e un giubilante Alleluja finale. Infine i due violini solisti di Frau Musika sono chiamati a \u201cduellare\u201d nuovamente nel Concerto in Sol maggiore i cui vibranti movimenti estremi costituiscono un severo banco di prova per le doti virtuosistiche degli interpreti.<br \/>\nLe parti solistiche del concerto sono affidate a quattro giovani talenti: i violinisti Paolo Tagliamento e Vikram Francesco Sedona, il soprano Benedetta Zanotto e Irene Liebau al flautino.<br \/>\nTagliamento e Sedona, entrambi veneti, hanno alle spalle un solido bagaglio di studi accademici e di perfezionamento con i migliori docenti del loro strumento. Entrambi vincitori di prestigiose competizioni internazionali, da anni si sono lanciati con successo nei circuiti concertistici collaborando con rinomate orchestre e direttori. Benedetta Zanotto \u2013 diploma in violino e successivamente appassionatasi al canto barocco \u2013 collabora con le migliori formazioni di musica antica del panorama europeo nell&#8217;allestimento di opere e grandi lavori sacri fra Sei e Settecento. La musicista sassone Irene Liebau, che si destreggia con maestria sia al violoncello che al flauto barocchi, suona e incide regolarmente con complessi come la Venice Baroque, l&#8217;Akademie f\u00fcr alte Musik, l&#8217;Accademia Bizantina e l&#8217;Ensemble Claudiana.<\/p>\n<p>Andrea Marcon \u00e8 uno dei massimi maestri del repertorio barocco che frequenta da decenni nelle vesti di interprete all&#8217;organo e al clavicembalo, di direttore e di studioso. Gi\u00e0 fondatore della Venice Baroque Orchestra, che ha portato nei pi\u00f9 prestigiosi teatri del mondo, dal 2005 dirige il complesso La Cetra Basel con il quale ha intrapreso un approfondito lavoro di ricerca sul suono originale. In veste di direttore ospite Marcon ha guidato orchestre del calibro dei Berliner Philharmoniker, della Bayerische Rundfunk Sinfonieorchester, delle orchestre sinfoniche delle principali radio tedesche; qualche settimana fa ha debuttato al Musikverein sul podio dei Wiener Symphoniker.<br \/>\nSua l&#8217;idea \u2013 con l&#8217;intervento del mecenate Fondazione Cariverona \u2013 di creare Frau Musika, un&#8217;orchestra giovanile barocca composta da musicisti under 30 di varie nazionalit\u00e0. All&#8217;interno della compagine i giovani talenti hanno l&#8217;opportunit\u00e0 di approfondire con il maestro Marcon e con i tutor che lo coadiuvano \u2013 suonano tutti come Prime Parti in importanti ensemble barocchi \u2013 esecuzioni storicamente informate su strumenti originali. In quattro anni di attivit\u00e0 l&#8217;orchestra ha restituito al pubblico, in decine di concerti, capolavori bachiani come le due Passioni, il Magnificat, la Messa in Si minore e i Concerti brandeburghesi, grandi lavori sacri e profani di Vivaldi e l&#8217;opera Don Giovanni di Mozart andata in scena al Teatro Ristori di Verona.<\/p>\n<p>&nbsp;<\/p>","protected":false},"excerpt":{"rendered":"<p>L&#8217;orchestra barocca guidata da Andrea Marcon presenta i tradizionali concerti per le Festivit\u00e0 di fine anno: venerd\u00ec 19 dicembre a Feltre, sabato 20 a Verona e domenica 21 a Vicenza. Dal grande repertorio barocco capolavori sacri, un Concerto Grosso di H\u00e4ndel e Concerti per strumento solista e orchestra di Bach e Vivaldi. Ingresso gratuito con [&hellip;]<\/p>\n","protected":false},"author":2,"featured_media":165759,"comment_status":"closed","ping_status":"open","sticky":false,"template":"","format":"standard","meta":{"footnotes":""},"categories":[27,3446,25],"tags":[],"class_list":["post-165758","post","type-post","status-publish","format-standard","has-post-thumbnail","category-appuntamenti","category-featured","category-pausa-caffe"],"yoast_head":"<!-- This site is optimized with the Yoast SEO plugin v28.4 - https:\/\/yoast.com\/product\/yoast-seo-wordpress\/ -->\n<title>Frau Musika venerd\u00ec a Feltre con musiche di H\u00e4ndel, Bach e Vivaldi - Bellunopress - Dolomiti<\/title>\n<meta name=\"robots\" content=\"index, follow, max-snippet:-1, max-image-preview:large, max-video-preview:-1\" \/>\n<link rel=\"canonical\" href=\"https:\/\/www.bellunopress.it\/fr\/2025\/12\/14\/frau-musika-venerdi-a-feltre-con-musiche-di-handel-bach-e-vivaldi\/\" \/>\n<meta property=\"og:locale\" content=\"fr_FR\" \/>\n<meta property=\"og:type\" content=\"article\" \/>\n<meta property=\"og:title\" content=\"Frau Musika venerd\u00ec a Feltre con musiche di H\u00e4ndel, Bach e Vivaldi - Bellunopress - Dolomiti\" \/>\n<meta property=\"og:description\" content=\"L&#8217;orchestra barocca guidata da Andrea Marcon presenta i tradizionali concerti per le Festivit\u00e0 di fine anno: venerd\u00ec 19 dicembre a Feltre, sabato 20 a Verona e domenica 21 a Vicenza. Dal grande repertorio barocco capolavori sacri, un Concerto Grosso di H\u00e4ndel e Concerti per strumento solista e orchestra di Bach e Vivaldi. Ingresso gratuito con [&hellip;]\" \/>\n<meta property=\"og:url\" content=\"https:\/\/www.bellunopress.it\/fr\/2025\/12\/14\/frau-musika-venerdi-a-feltre-con-musiche-di-handel-bach-e-vivaldi\/\" \/>\n<meta property=\"og:site_name\" content=\"Bellunopress - Dolomiti\" \/>\n<meta property=\"article:publisher\" content=\"https:\/\/www.facebook.com\/profile.php?id=100008943462799\" \/>\n<meta property=\"article:published_time\" content=\"2025-12-14T12:15:37+00:00\" \/>\n<meta property=\"article:modified_time\" content=\"2025-12-15T08:19:30+00:00\" \/>\n<meta property=\"og:image\" content=\"https:\/\/www.bellunopress.it\/wp-content\/uploads\/2025\/12\/Orchestra_Frau-Musika-.jpg\" \/>\n\t<meta property=\"og:image:width\" content=\"800\" \/>\n\t<meta property=\"og:image:height\" content=\"465\" \/>\n\t<meta property=\"og:image:type\" content=\"image\/jpeg\" \/>\n<meta name=\"author\" content=\"redazione\" \/>\n<meta name=\"twitter:card\" content=\"summary_large_image\" \/>\n<meta name=\"twitter:creator\" content=\"@bellunopress\" \/>\n<meta name=\"twitter:site\" content=\"@bellunopress\" \/>\n<meta name=\"twitter:label1\" content=\"\u00c9crit par\" \/>\n\t<meta name=\"twitter:data1\" content=\"redazione\" \/>\n\t<meta name=\"twitter:label2\" content=\"Dur\u00e9e de lecture estim\u00e9e\" \/>\n\t<meta name=\"twitter:data2\" content=\"4 minutes\" \/>\n<script type=\"application\/ld+json\" class=\"yoast-schema-graph\">{\"@context\":\"https:\\\/\\\/schema.org\",\"@graph\":[{\"@type\":\"Article\",\"@id\":\"https:\\\/\\\/www.bellunopress.it\\\/2025\\\/12\\\/14\\\/frau-musika-venerdi-a-feltre-con-musiche-di-handel-bach-e-vivaldi\\\/#article\",\"isPartOf\":{\"@id\":\"https:\\\/\\\/www.bellunopress.it\\\/2025\\\/12\\\/14\\\/frau-musika-venerdi-a-feltre-con-musiche-di-handel-bach-e-vivaldi\\\/\"},\"author\":{\"name\":\"redazione\",\"@id\":\"https:\\\/\\\/www.bellunopress.it\\\/#\\\/schema\\\/person\\\/79bb06722b37ece1c03d3e94beb30d73\"},\"headline\":\"Frau Musika venerd\u00ec a Feltre con musiche di H\u00e4ndel, Bach e Vivaldi\",\"datePublished\":\"2025-12-14T12:15:37+00:00\",\"dateModified\":\"2025-12-15T08:19:30+00:00\",\"mainEntityOfPage\":{\"@id\":\"https:\\\/\\\/www.bellunopress.it\\\/2025\\\/12\\\/14\\\/frau-musika-venerdi-a-feltre-con-musiche-di-handel-bach-e-vivaldi\\\/\"},\"wordCount\":845,\"publisher\":{\"@id\":\"https:\\\/\\\/www.bellunopress.it\\\/#organization\"},\"image\":{\"@id\":\"https:\\\/\\\/www.bellunopress.it\\\/2025\\\/12\\\/14\\\/frau-musika-venerdi-a-feltre-con-musiche-di-handel-bach-e-vivaldi\\\/#primaryimage\"},\"thumbnailUrl\":\"https:\\\/\\\/www.bellunopress.it\\\/wp-content\\\/uploads\\\/2025\\\/12\\\/Orchestra_Frau-Musika-.jpg\",\"articleSection\":[\"Appuntamenti, Eventi\",\"Featured\",\"Pausa Caff\u00e8\"],\"inLanguage\":\"fr-FR\"},{\"@type\":\"WebPage\",\"@id\":\"https:\\\/\\\/www.bellunopress.it\\\/2025\\\/12\\\/14\\\/frau-musika-venerdi-a-feltre-con-musiche-di-handel-bach-e-vivaldi\\\/\",\"url\":\"https:\\\/\\\/www.bellunopress.it\\\/2025\\\/12\\\/14\\\/frau-musika-venerdi-a-feltre-con-musiche-di-handel-bach-e-vivaldi\\\/\",\"name\":\"Frau Musika venerd\u00ec a Feltre con musiche di H\u00e4ndel, Bach e Vivaldi - Bellunopress - Dolomiti\",\"isPartOf\":{\"@id\":\"https:\\\/\\\/www.bellunopress.it\\\/#website\"},\"primaryImageOfPage\":{\"@id\":\"https:\\\/\\\/www.bellunopress.it\\\/2025\\\/12\\\/14\\\/frau-musika-venerdi-a-feltre-con-musiche-di-handel-bach-e-vivaldi\\\/#primaryimage\"},\"image\":{\"@id\":\"https:\\\/\\\/www.bellunopress.it\\\/2025\\\/12\\\/14\\\/frau-musika-venerdi-a-feltre-con-musiche-di-handel-bach-e-vivaldi\\\/#primaryimage\"},\"thumbnailUrl\":\"https:\\\/\\\/www.bellunopress.it\\\/wp-content\\\/uploads\\\/2025\\\/12\\\/Orchestra_Frau-Musika-.jpg\",\"datePublished\":\"2025-12-14T12:15:37+00:00\",\"dateModified\":\"2025-12-15T08:19:30+00:00\",\"breadcrumb\":{\"@id\":\"https:\\\/\\\/www.bellunopress.it\\\/2025\\\/12\\\/14\\\/frau-musika-venerdi-a-feltre-con-musiche-di-handel-bach-e-vivaldi\\\/#breadcrumb\"},\"inLanguage\":\"fr-FR\",\"potentialAction\":[{\"@type\":\"ReadAction\",\"target\":[\"https:\\\/\\\/www.bellunopress.it\\\/2025\\\/12\\\/14\\\/frau-musika-venerdi-a-feltre-con-musiche-di-handel-bach-e-vivaldi\\\/\"]}]},{\"@type\":\"ImageObject\",\"inLanguage\":\"fr-FR\",\"@id\":\"https:\\\/\\\/www.bellunopress.it\\\/2025\\\/12\\\/14\\\/frau-musika-venerdi-a-feltre-con-musiche-di-handel-bach-e-vivaldi\\\/#primaryimage\",\"url\":\"https:\\\/\\\/www.bellunopress.it\\\/wp-content\\\/uploads\\\/2025\\\/12\\\/Orchestra_Frau-Musika-.jpg\",\"contentUrl\":\"https:\\\/\\\/www.bellunopress.it\\\/wp-content\\\/uploads\\\/2025\\\/12\\\/Orchestra_Frau-Musika-.jpg\",\"width\":800,\"height\":465,\"caption\":\"Orchestra Frau Musika\"},{\"@type\":\"BreadcrumbList\",\"@id\":\"https:\\\/\\\/www.bellunopress.it\\\/2025\\\/12\\\/14\\\/frau-musika-venerdi-a-feltre-con-musiche-di-handel-bach-e-vivaldi\\\/#breadcrumb\",\"itemListElement\":[{\"@type\":\"ListItem\",\"position\":1,\"name\":\"Home\",\"item\":\"https:\\\/\\\/www.bellunopress.it\\\/\"},{\"@type\":\"ListItem\",\"position\":2,\"name\":\"Frau Musika venerd\u00ec a Feltre con musiche di H\u00e4ndel, Bach e Vivaldi\"}]},{\"@type\":\"WebSite\",\"@id\":\"https:\\\/\\\/www.bellunopress.it\\\/#website\",\"url\":\"https:\\\/\\\/www.bellunopress.it\\\/\",\"name\":\"Bellunopress - Dolomiti\",\"description\":\"e-mail: redazione@bellunopress.it\",\"publisher\":{\"@id\":\"https:\\\/\\\/www.bellunopress.it\\\/#organization\"},\"potentialAction\":[{\"@type\":\"SearchAction\",\"target\":{\"@type\":\"EntryPoint\",\"urlTemplate\":\"https:\\\/\\\/www.bellunopress.it\\\/?s={search_term_string}\"},\"query-input\":{\"@type\":\"PropertyValueSpecification\",\"valueRequired\":true,\"valueName\":\"search_term_string\"}}],\"inLanguage\":\"fr-FR\"},{\"@type\":\"Organization\",\"@id\":\"https:\\\/\\\/www.bellunopress.it\\\/#organization\",\"name\":\"Bellunopress\",\"url\":\"https:\\\/\\\/www.bellunopress.it\\\/\",\"logo\":{\"@type\":\"ImageObject\",\"inLanguage\":\"fr-FR\",\"@id\":\"https:\\\/\\\/www.bellunopress.it\\\/#\\\/schema\\\/logo\\\/image\\\/\",\"url\":\"https:\\\/\\\/www.bellunopress.it\\\/wp-content\\\/uploads\\\/2011\\\/05\\\/cropped-logo-bellunopress-.jpg\",\"contentUrl\":\"https:\\\/\\\/www.bellunopress.it\\\/wp-content\\\/uploads\\\/2011\\\/05\\\/cropped-logo-bellunopress-.jpg\",\"width\":512,\"height\":512,\"caption\":\"Bellunopress\"},\"image\":{\"@id\":\"https:\\\/\\\/www.bellunopress.it\\\/#\\\/schema\\\/logo\\\/image\\\/\"},\"sameAs\":[\"https:\\\/\\\/www.facebook.com\\\/profile.php?id=100008943462799\",\"https:\\\/\\\/x.com\\\/bellunopress\",\"https:\\\/\\\/www.linkedin.com\\\/hp\\\/?dnr=JBzUWaJfMUw8vbXJJ2tVW5-I3jZKvC4wsoxE&amp;amp;amp;amp;amp;amp;trk=nav_responsive_tab_home\",\"https:\\\/\\\/www.youtube.com\\\/channel\\\/UCxL0wu1uN0_3_7hGG0306cw\"]},{\"@type\":\"Person\",\"@id\":\"https:\\\/\\\/www.bellunopress.it\\\/#\\\/schema\\\/person\\\/79bb06722b37ece1c03d3e94beb30d73\",\"name\":\"redazione\",\"image\":{\"@type\":\"ImageObject\",\"inLanguage\":\"fr-FR\",\"@id\":\"https:\\\/\\\/secure.gravatar.com\\\/avatar\\\/37d968a2e67a6fd04c169c4bdef102d0bc5d31b2546345219e348575eb80e9a0?s=96&d=mm&r=g\",\"url\":\"https:\\\/\\\/secure.gravatar.com\\\/avatar\\\/37d968a2e67a6fd04c169c4bdef102d0bc5d31b2546345219e348575eb80e9a0?s=96&d=mm&r=g\",\"contentUrl\":\"https:\\\/\\\/secure.gravatar.com\\\/avatar\\\/37d968a2e67a6fd04c169c4bdef102d0bc5d31b2546345219e348575eb80e9a0?s=96&d=mm&r=g\",\"caption\":\"redazione\"},\"sameAs\":[\"http:\\\/\\\/www.bellunopress.it\",\"https:\\\/\\\/x.com\\\/bellunopress\"],\"url\":\"https:\\\/\\\/www.bellunopress.it\\\/fr\\\/author\\\/redazione\\\/\"}]}<\/script>\n<!-- \/ Yoast SEO plugin. -->","yoast_head_json":{"title":"Frau Musika venerd\u00ec a Feltre con musiche di H\u00e4ndel, Bach e Vivaldi - Bellunopress - Dolomiti","robots":{"index":"index","follow":"follow","max-snippet":"max-snippet:-1","max-image-preview":"max-image-preview:large","max-video-preview":"max-video-preview:-1"},"canonical":"https:\/\/www.bellunopress.it\/fr\/2025\/12\/14\/frau-musika-venerdi-a-feltre-con-musiche-di-handel-bach-e-vivaldi\/","og_locale":"fr_FR","og_type":"article","og_title":"Frau Musika venerd\u00ec a Feltre con musiche di H\u00e4ndel, Bach e Vivaldi - Bellunopress - Dolomiti","og_description":"L&#8217;orchestra barocca guidata da Andrea Marcon presenta i tradizionali concerti per le Festivit\u00e0 di fine anno: venerd\u00ec 19 dicembre a Feltre, sabato 20 a Verona e domenica 21 a Vicenza. Dal grande repertorio barocco capolavori sacri, un Concerto Grosso di H\u00e4ndel e Concerti per strumento solista e orchestra di Bach e Vivaldi. Ingresso gratuito con [&hellip;]","og_url":"https:\/\/www.bellunopress.it\/fr\/2025\/12\/14\/frau-musika-venerdi-a-feltre-con-musiche-di-handel-bach-e-vivaldi\/","og_site_name":"Bellunopress - Dolomiti","article_publisher":"https:\/\/www.facebook.com\/profile.php?id=100008943462799","article_published_time":"2025-12-14T12:15:37+00:00","article_modified_time":"2025-12-15T08:19:30+00:00","og_image":[{"width":800,"height":465,"url":"https:\/\/www.bellunopress.it\/wp-content\/uploads\/2025\/12\/Orchestra_Frau-Musika-.jpg","type":"image\/jpeg"}],"author":"redazione","twitter_card":"summary_large_image","twitter_creator":"@bellunopress","twitter_site":"@bellunopress","twitter_misc":{"\u00c9crit par":"redazione","Dur\u00e9e de lecture estim\u00e9e":"4 minutes"},"schema":{"@context":"https:\/\/schema.org","@graph":[{"@type":"Article","@id":"https:\/\/www.bellunopress.it\/2025\/12\/14\/frau-musika-venerdi-a-feltre-con-musiche-di-handel-bach-e-vivaldi\/#article","isPartOf":{"@id":"https:\/\/www.bellunopress.it\/2025\/12\/14\/frau-musika-venerdi-a-feltre-con-musiche-di-handel-bach-e-vivaldi\/"},"author":{"name":"redazione","@id":"https:\/\/www.bellunopress.it\/#\/schema\/person\/79bb06722b37ece1c03d3e94beb30d73"},"headline":"Frau Musika venerd\u00ec a Feltre con musiche di H\u00e4ndel, Bach e Vivaldi","datePublished":"2025-12-14T12:15:37+00:00","dateModified":"2025-12-15T08:19:30+00:00","mainEntityOfPage":{"@id":"https:\/\/www.bellunopress.it\/2025\/12\/14\/frau-musika-venerdi-a-feltre-con-musiche-di-handel-bach-e-vivaldi\/"},"wordCount":845,"publisher":{"@id":"https:\/\/www.bellunopress.it\/#organization"},"image":{"@id":"https:\/\/www.bellunopress.it\/2025\/12\/14\/frau-musika-venerdi-a-feltre-con-musiche-di-handel-bach-e-vivaldi\/#primaryimage"},"thumbnailUrl":"https:\/\/www.bellunopress.it\/wp-content\/uploads\/2025\/12\/Orchestra_Frau-Musika-.jpg","articleSection":["Appuntamenti, Eventi","Featured","Pausa Caff\u00e8"],"inLanguage":"fr-FR"},{"@type":"WebPage","@id":"https:\/\/www.bellunopress.it\/2025\/12\/14\/frau-musika-venerdi-a-feltre-con-musiche-di-handel-bach-e-vivaldi\/","url":"https:\/\/www.bellunopress.it\/2025\/12\/14\/frau-musika-venerdi-a-feltre-con-musiche-di-handel-bach-e-vivaldi\/","name":"Frau Musika venerd\u00ec a Feltre con musiche di H\u00e4ndel, Bach e Vivaldi - Bellunopress - Dolomiti","isPartOf":{"@id":"https:\/\/www.bellunopress.it\/#website"},"primaryImageOfPage":{"@id":"https:\/\/www.bellunopress.it\/2025\/12\/14\/frau-musika-venerdi-a-feltre-con-musiche-di-handel-bach-e-vivaldi\/#primaryimage"},"image":{"@id":"https:\/\/www.bellunopress.it\/2025\/12\/14\/frau-musika-venerdi-a-feltre-con-musiche-di-handel-bach-e-vivaldi\/#primaryimage"},"thumbnailUrl":"https:\/\/www.bellunopress.it\/wp-content\/uploads\/2025\/12\/Orchestra_Frau-Musika-.jpg","datePublished":"2025-12-14T12:15:37+00:00","dateModified":"2025-12-15T08:19:30+00:00","breadcrumb":{"@id":"https:\/\/www.bellunopress.it\/2025\/12\/14\/frau-musika-venerdi-a-feltre-con-musiche-di-handel-bach-e-vivaldi\/#breadcrumb"},"inLanguage":"fr-FR","potentialAction":[{"@type":"ReadAction","target":["https:\/\/www.bellunopress.it\/2025\/12\/14\/frau-musika-venerdi-a-feltre-con-musiche-di-handel-bach-e-vivaldi\/"]}]},{"@type":"ImageObject","inLanguage":"fr-FR","@id":"https:\/\/www.bellunopress.it\/2025\/12\/14\/frau-musika-venerdi-a-feltre-con-musiche-di-handel-bach-e-vivaldi\/#primaryimage","url":"https:\/\/www.bellunopress.it\/wp-content\/uploads\/2025\/12\/Orchestra_Frau-Musika-.jpg","contentUrl":"https:\/\/www.bellunopress.it\/wp-content\/uploads\/2025\/12\/Orchestra_Frau-Musika-.jpg","width":800,"height":465,"caption":"Orchestra Frau Musika"},{"@type":"BreadcrumbList","@id":"https:\/\/www.bellunopress.it\/2025\/12\/14\/frau-musika-venerdi-a-feltre-con-musiche-di-handel-bach-e-vivaldi\/#breadcrumb","itemListElement":[{"@type":"ListItem","position":1,"name":"Home","item":"https:\/\/www.bellunopress.it\/"},{"@type":"ListItem","position":2,"name":"Frau Musika venerd\u00ec a Feltre con musiche di H\u00e4ndel, Bach e Vivaldi"}]},{"@type":"WebSite","@id":"https:\/\/www.bellunopress.it\/#website","url":"https:\/\/www.bellunopress.it\/","name":"Bellunopress - Dolomiti","description":"e-mail: redazione@bellunopress.it","publisher":{"@id":"https:\/\/www.bellunopress.it\/#organization"},"potentialAction":[{"@type":"SearchAction","target":{"@type":"EntryPoint","urlTemplate":"https:\/\/www.bellunopress.it\/?s={search_term_string}"},"query-input":{"@type":"PropertyValueSpecification","valueRequired":true,"valueName":"search_term_string"}}],"inLanguage":"fr-FR"},{"@type":"Organization","@id":"https:\/\/www.bellunopress.it\/#organization","name":"Bellunopress","url":"https:\/\/www.bellunopress.it\/","logo":{"@type":"ImageObject","inLanguage":"fr-FR","@id":"https:\/\/www.bellunopress.it\/#\/schema\/logo\/image\/","url":"https:\/\/www.bellunopress.it\/wp-content\/uploads\/2011\/05\/cropped-logo-bellunopress-.jpg","contentUrl":"https:\/\/www.bellunopress.it\/wp-content\/uploads\/2011\/05\/cropped-logo-bellunopress-.jpg","width":512,"height":512,"caption":"Bellunopress"},"image":{"@id":"https:\/\/www.bellunopress.it\/#\/schema\/logo\/image\/"},"sameAs":["https:\/\/www.facebook.com\/profile.php?id=100008943462799","https:\/\/x.com\/bellunopress","https:\/\/www.linkedin.com\/hp\/?dnr=JBzUWaJfMUw8vbXJJ2tVW5-I3jZKvC4wsoxE&amp;amp;amp;amp;amp;amp;trk=nav_responsive_tab_home","https:\/\/www.youtube.com\/channel\/UCxL0wu1uN0_3_7hGG0306cw"]},{"@type":"Person","@id":"https:\/\/www.bellunopress.it\/#\/schema\/person\/79bb06722b37ece1c03d3e94beb30d73","name":"r\u00e9daction","image":{"@type":"ImageObject","inLanguage":"fr-FR","@id":"https:\/\/secure.gravatar.com\/avatar\/37d968a2e67a6fd04c169c4bdef102d0bc5d31b2546345219e348575eb80e9a0?s=96&d=mm&r=g","url":"https:\/\/secure.gravatar.com\/avatar\/37d968a2e67a6fd04c169c4bdef102d0bc5d31b2546345219e348575eb80e9a0?s=96&d=mm&r=g","contentUrl":"https:\/\/secure.gravatar.com\/avatar\/37d968a2e67a6fd04c169c4bdef102d0bc5d31b2546345219e348575eb80e9a0?s=96&d=mm&r=g","caption":"redazione"},"sameAs":["http:\/\/www.bellunopress.it","https:\/\/x.com\/bellunopress"],"url":"https:\/\/www.bellunopress.it\/fr\/author\/redazione\/"}]}},"_links":{"self":[{"href":"https:\/\/www.bellunopress.it\/fr\/wp-json\/wp\/v2\/posts\/165758","targetHints":{"allow":["GET"]}}],"collection":[{"href":"https:\/\/www.bellunopress.it\/fr\/wp-json\/wp\/v2\/posts"}],"about":[{"href":"https:\/\/www.bellunopress.it\/fr\/wp-json\/wp\/v2\/types\/post"}],"author":[{"embeddable":true,"href":"https:\/\/www.bellunopress.it\/fr\/wp-json\/wp\/v2\/users\/2"}],"replies":[{"embeddable":true,"href":"https:\/\/www.bellunopress.it\/fr\/wp-json\/wp\/v2\/comments?post=165758"}],"version-history":[{"count":1,"href":"https:\/\/www.bellunopress.it\/fr\/wp-json\/wp\/v2\/posts\/165758\/revisions"}],"predecessor-version":[{"id":165760,"href":"https:\/\/www.bellunopress.it\/fr\/wp-json\/wp\/v2\/posts\/165758\/revisions\/165760"}],"wp:featuredmedia":[{"embeddable":true,"href":"https:\/\/www.bellunopress.it\/fr\/wp-json\/wp\/v2\/media\/165759"}],"wp:attachment":[{"href":"https:\/\/www.bellunopress.it\/fr\/wp-json\/wp\/v2\/media?parent=165758"}],"wp:term":[{"taxonomy":"category","embeddable":true,"href":"https:\/\/www.bellunopress.it\/fr\/wp-json\/wp\/v2\/categories?post=165758"},{"taxonomy":"post_tag","embeddable":true,"href":"https:\/\/www.bellunopress.it\/fr\/wp-json\/wp\/v2\/tags?post=165758"}],"curies":[{"name":"wp","href":"https:\/\/api.w.org\/{rel}","templated":true}]}}