{"id":165754,"date":"2025-12-14T12:55:13","date_gmt":"2025-12-14T11:55:13","guid":{"rendered":"https:\/\/www.bellunopress.it\/?p=165754"},"modified":"2025-12-14T12:55:13","modified_gmt":"2025-12-14T11:55:13","slug":"leuropa-sportiva-universitaria-torna-in-val-di-zoldo","status":"publish","type":"post","link":"https:\/\/www.bellunopress.it\/fr\/2025\/12\/14\/leuropa-sportiva-universitaria-torna-in-val-di-zoldo\/","title":{"rendered":"L&#8217;Europa sportiva universitaria torna in Val di Zoldo"},"content":{"rendered":"<p><img loading=\"lazy\" decoding=\"async\" class=\"aligncenter size-medium wp-image-165756\" src=\"https:\/\/www.bellunopress.it\/wp-content\/uploads\/2025\/12\/snowboard_edited-500x334.jpg\" alt=\"\" width=\"500\" height=\"334\" srcset=\"https:\/\/www.bellunopress.it\/wp-content\/uploads\/2025\/12\/snowboard_edited-500x334.jpg 500w, https:\/\/www.bellunopress.it\/wp-content\/uploads\/2025\/12\/snowboard_edited-629x420.jpg 629w, https:\/\/www.bellunopress.it\/wp-content\/uploads\/2025\/12\/snowboard_edited-696x465.jpg 696w, https:\/\/www.bellunopress.it\/wp-content\/uploads\/2025\/12\/snowboard_edited.jpg 800w\" sizes=\"auto, (max-width: 500px) 100vw, 500px\" \/>Dal 14 al 18 dicembre 2025 la Val di Zoldo, in provincia di Belluno, diventer\u00e0 il baricentro dello sport universitario europeo ospitando per la seconda volta gli European Universities Winter Championships, organizzati da EUSA, l\u2019Ente Europeo dello Sport Universitario, insieme al CUS Venezia, capofila del Comitato Organizzatore, con le Universit\u00e0 Ca\u2019 Foscari e IUAV di Venezia.<\/p>\n<p>Un appuntamento che porter\u00e0 sul territorio oltre 2000 presenze, con studenti-atleti provenienti da 22 Paesi e 60 universit\u00e0, impegnati in sci alpino, snowboard e snow volley. Un format che unisce competizione, scambio culturale e promozione di un territorio unico, incastonato tra Pelmo e Civetta.<\/p>\n<p>Il ritorno in Val di Zoldo, dopo l\u2019edizione 2023, conferma una reputazione costruita negli anni grazie alla qualit\u00e0 delle infrastrutture e alla capacit\u00e0 gestionale del territorio. Un ruolo centrale lo ricopre il CUS Venezia, forte di una lunga esperienza nell\u2019organizzazione di eventi sportivi internazionali fin dagli anni \u201870.<\/p>\n<p>Haris Pavleti\u0107, Presidente dell\u2019European University Sports Association (EUSA) \u00e8 gi\u00e0 stato qui nel 2023 e ci torna volentieri: \u201cEUSA \u00e8 entusiasta di vedere gli European Universities Winter Sports Championships in Val di Zoldo. Auguriamo il meglio a tutti gli atleti e alle squadre partecipanti e ringraziamo il Comitato Organizzatore Locale e il CUS Venezia per l\u2019impegno e la professionalit\u00e0 con cui stanno realizzando questi Campionati\u201d.<\/p>\n<p>L\u2019edizione 2025 assume un valore ancora pi\u00f9 strategico per l\u2019Italia: il Ministero dello Sport ha scelto di sostenere la manifestazione, riconoscendola come un appuntamento di rilievo internazionale a poco pi\u00f9 di un mese dalle Olimpiadi. Una scelta che premia la capacit\u00e0 del sistema universitario di generare cultura sportiva e competenze organizzative, contribuendo alla reputazione internazionale del Paese. Il supporto ministeriale posiziona l\u2019evento non solo come competizione studentesca, ma come tassello qualificante nel percorso di avvicinamento ai grandi eventi sportivi che l\u2019Italia ospiter\u00e0.<\/p>\n<p><strong>Un impegno condiviso dagli attori del territorio<\/strong><br \/>\nCome sottolinea Massimo Zanotto, Presidente del Comitato Organizzatore e del CUS Venezia: \u201cL\u2019evento \u00e8 un invito a un\u2019intensa esperienza fatta di emozioni, amicizia e ricordi che dureranno negli anni. L\u2019obiettivo \u00e8 offrire un contesto tecnico di alto livello, ma anche un ambiente capace di far sentire ogni partecipante parte di una comunit\u00e0 internazionale. Ringrazio per il prezioso supporto il ministro Andrea Abodi, tutti gli enti e tutte le aziende che ci hanno affiancato durante questo percorso.\u201d<\/p>\n<p>Una visione che trova pieno sostegno nella governance sportiva nazionale. Il Presidente di FederCUSI, la Federazione dei Centri Universitari sportivi italiani, Antonio Dima, afferma:<br \/>\n\u201cLa seconda edizione degli EUSA Winter Games in Val di Zoldo rappresenta per FederCUSI e per tutto il movimento sportivo universitario nazionale una duplice certezza: da un lato la conferma della competenza del CUS Venezia nell\u2019organizzazione di eventi invernali in sinergia con le istituzioni locali e accademiche, dall\u2019altro la dimostrazione dell\u2019attrattivit\u00e0 del nostro movimento a livello continentale.\u201d<\/p>\n<p>L\u2019evento nasce dalla collaborazione fra EUSA, CUS Venezia, Ministero dello Sport, Regione Veneto, Provincia di Belluno, Comune di Val di Zoldo, Val di Zoldo Funivie, il comprensorio SKI Civetta e il sistema ricettivo locale, a conferma di una filiera che opera in logica integrata e orientata alla qualit\u00e0. Per la supervisione della parte sportiva, importanti i contributi tecnici forniti da FISI Federazione Italiana Sport Invernali e da FIPAV Federazione Italiana Pallavolo.<\/p>\n<p><strong>VAL DI ZOLDO, TERRITORIO DI SPORT E OSPITALIT\u00c0<\/strong><br \/>\nLa Val di Zoldo conferma il proprio ruolo di distretto sportivo alpino ospitando gli European Universities Winter Championships 2025. Una scelta naturale per un territorio che ha gi\u00e0 accolto sei edizioni dei Campionati Nazionali Universitari Invernali e l\u2019appuntamento europeo del 2023, sviluppando competenze organizzative consolidate e una forte vocazione turistica.<\/p>\n<p>Il Presidente della Provincia di Belluno, Roberto Padrin, evidenzia il valore dell\u2019appuntamento: \u201cSiamo orgogliosi che la Val di Zoldo torni protagonista di un grande evento internazionale. Dal 15 al 18 dicembre 2025 accoglieremo giovani atleti europei, offrendo l\u2019ospitalit\u00e0 unica delle Dolomiti e valorizzando le nostre eccellenze. Ancora una volta il Bellunese sapr\u00e0 fare squadra e dare il meglio.\u201d<\/p>\n<p>Il Sindaco di Val di Zoldo, Camillo De Pellegrin, sottolinea la continuit\u00e0 di un percorso identitario: \u201cSiamo pronti ad accogliere la seconda edizione degli European Universities Winter Championships. La nostra valle vive lo sport tutto l\u2019anno e mette in campo infrastrutture, professionalit\u00e0 e un\u2019ospitalit\u00e0 autentica. Grazie a CUS Venezia, FederCUSI, EUSA e agli operatori locali che rendono possibile un evento di questa portata.\u201d<br \/>\nLa qualit\u00e0 degli impianti, la disponibilit\u00e0 del sistema ricettivo e il contributo dei volontari completano un ecosistema che coniuga tradizione alpina e apertura internazionale. La Val di Zoldo si conferma cos\u00ec un luogo capace di trasformare ogni competizione in un\u2019esperienza culturale, sportiva e turistica di alto profilo. Sono partner dell\u2019evento Pam Panorama, Cooperativa Lavoratori Zanardi, I.CO.S. srl, Ferrari Ferruccio, Hotel Saturnia &amp; International Venezia.<\/p>\n<p>&nbsp;<\/p>","protected":false},"excerpt":{"rendered":"<p>Dal 14 al 18 dicembre 2025 la Val di Zoldo, in provincia di Belluno, diventer\u00e0 il baricentro dello sport universitario europeo ospitando per la seconda volta gli European Universities Winter Championships, organizzati da EUSA, l\u2019Ente Europeo dello Sport Universitario, insieme al CUS Venezia, capofila del Comitato Organizzatore, con le Universit\u00e0 Ca\u2019 Foscari e IUAV di [&hellip;]<\/p>\n","protected":false},"author":2,"featured_media":165755,"comment_status":"closed","ping_status":"open","sticky":false,"template":"","format":"standard","meta":{"footnotes":""},"categories":[25,15,4],"tags":[],"class_list":["post-165754","post","type-post","status-publish","format-standard","has-post-thumbnail","category-pausa-caffe","category-scuola","category-sport"],"yoast_head":"<!-- This site is optimized with the Yoast SEO plugin v28.4 - https:\/\/yoast.com\/product\/yoast-seo-wordpress\/ -->\n<title>L&#039;Europa sportiva universitaria torna in Val di Zoldo - Bellunopress - Dolomiti<\/title>\n<meta name=\"robots\" content=\"index, follow, max-snippet:-1, max-image-preview:large, max-video-preview:-1\" \/>\n<link rel=\"canonical\" href=\"https:\/\/www.bellunopress.it\/fr\/2025\/12\/14\/leuropa-sportiva-universitaria-torna-in-val-di-zoldo\/\" \/>\n<meta property=\"og:locale\" content=\"fr_FR\" \/>\n<meta property=\"og:type\" content=\"article\" \/>\n<meta property=\"og:title\" content=\"L&#039;Europa sportiva universitaria torna in Val di Zoldo - Bellunopress - Dolomiti\" \/>\n<meta property=\"og:description\" content=\"Dal 14 al 18 dicembre 2025 la Val di Zoldo, in provincia di Belluno, diventer\u00e0 il baricentro dello sport universitario europeo ospitando per la seconda volta gli European Universities Winter Championships, organizzati da EUSA, l\u2019Ente Europeo dello Sport Universitario, insieme al CUS Venezia, capofila del Comitato Organizzatore, con le Universit\u00e0 Ca\u2019 Foscari e IUAV di [&hellip;]\" \/>\n<meta property=\"og:url\" content=\"https:\/\/www.bellunopress.it\/fr\/2025\/12\/14\/leuropa-sportiva-universitaria-torna-in-val-di-zoldo\/\" \/>\n<meta property=\"og:site_name\" content=\"Bellunopress - Dolomiti\" \/>\n<meta property=\"article:publisher\" content=\"https:\/\/www.facebook.com\/profile.php?id=100008943462799\" \/>\n<meta property=\"article:published_time\" content=\"2025-12-14T11:55:13+00:00\" \/>\n<meta property=\"og:image\" content=\"https:\/\/www.bellunopress.it\/wp-content\/uploads\/2025\/12\/sci-alpino_edited.jpg\" \/>\n\t<meta property=\"og:image:width\" content=\"800\" \/>\n\t<meta property=\"og:image:height\" content=\"535\" \/>\n\t<meta property=\"og:image:type\" content=\"image\/jpeg\" \/>\n<meta name=\"author\" content=\"redazione\" \/>\n<meta name=\"twitter:card\" content=\"summary_large_image\" \/>\n<meta name=\"twitter:creator\" content=\"@bellunopress\" \/>\n<meta name=\"twitter:site\" content=\"@bellunopress\" \/>\n<meta name=\"twitter:label1\" content=\"\u00c9crit par\" \/>\n\t<meta name=\"twitter:data1\" content=\"redazione\" \/>\n\t<meta name=\"twitter:label2\" content=\"Dur\u00e9e de lecture estim\u00e9e\" \/>\n\t<meta name=\"twitter:data2\" content=\"4 minutes\" \/>\n<script type=\"application\/ld+json\" class=\"yoast-schema-graph\">{\"@context\":\"https:\\\/\\\/schema.org\",\"@graph\":[{\"@type\":\"Article\",\"@id\":\"https:\\\/\\\/www.bellunopress.it\\\/2025\\\/12\\\/14\\\/leuropa-sportiva-universitaria-torna-in-val-di-zoldo\\\/#article\",\"isPartOf\":{\"@id\":\"https:\\\/\\\/www.bellunopress.it\\\/2025\\\/12\\\/14\\\/leuropa-sportiva-universitaria-torna-in-val-di-zoldo\\\/\"},\"author\":{\"name\":\"redazione\",\"@id\":\"https:\\\/\\\/www.bellunopress.it\\\/#\\\/schema\\\/person\\\/79bb06722b37ece1c03d3e94beb30d73\"},\"headline\":\"L&#8217;Europa sportiva universitaria torna in Val di Zoldo\",\"datePublished\":\"2025-12-14T11:55:13+00:00\",\"mainEntityOfPage\":{\"@id\":\"https:\\\/\\\/www.bellunopress.it\\\/2025\\\/12\\\/14\\\/leuropa-sportiva-universitaria-torna-in-val-di-zoldo\\\/\"},\"wordCount\":789,\"publisher\":{\"@id\":\"https:\\\/\\\/www.bellunopress.it\\\/#organization\"},\"image\":{\"@id\":\"https:\\\/\\\/www.bellunopress.it\\\/2025\\\/12\\\/14\\\/leuropa-sportiva-universitaria-torna-in-val-di-zoldo\\\/#primaryimage\"},\"thumbnailUrl\":\"https:\\\/\\\/www.bellunopress.it\\\/wp-content\\\/uploads\\\/2025\\\/12\\\/sci-alpino_edited.jpg\",\"articleSection\":[\"Pausa Caff\u00e8\",\"Scuola\",\"Sport, tempo libero\"],\"inLanguage\":\"fr-FR\"},{\"@type\":\"WebPage\",\"@id\":\"https:\\\/\\\/www.bellunopress.it\\\/2025\\\/12\\\/14\\\/leuropa-sportiva-universitaria-torna-in-val-di-zoldo\\\/\",\"url\":\"https:\\\/\\\/www.bellunopress.it\\\/2025\\\/12\\\/14\\\/leuropa-sportiva-universitaria-torna-in-val-di-zoldo\\\/\",\"name\":\"L'Europa sportiva universitaria torna in Val di Zoldo - Bellunopress - Dolomiti\",\"isPartOf\":{\"@id\":\"https:\\\/\\\/www.bellunopress.it\\\/#website\"},\"primaryImageOfPage\":{\"@id\":\"https:\\\/\\\/www.bellunopress.it\\\/2025\\\/12\\\/14\\\/leuropa-sportiva-universitaria-torna-in-val-di-zoldo\\\/#primaryimage\"},\"image\":{\"@id\":\"https:\\\/\\\/www.bellunopress.it\\\/2025\\\/12\\\/14\\\/leuropa-sportiva-universitaria-torna-in-val-di-zoldo\\\/#primaryimage\"},\"thumbnailUrl\":\"https:\\\/\\\/www.bellunopress.it\\\/wp-content\\\/uploads\\\/2025\\\/12\\\/sci-alpino_edited.jpg\",\"datePublished\":\"2025-12-14T11:55:13+00:00\",\"breadcrumb\":{\"@id\":\"https:\\\/\\\/www.bellunopress.it\\\/2025\\\/12\\\/14\\\/leuropa-sportiva-universitaria-torna-in-val-di-zoldo\\\/#breadcrumb\"},\"inLanguage\":\"fr-FR\",\"potentialAction\":[{\"@type\":\"ReadAction\",\"target\":[\"https:\\\/\\\/www.bellunopress.it\\\/2025\\\/12\\\/14\\\/leuropa-sportiva-universitaria-torna-in-val-di-zoldo\\\/\"]}]},{\"@type\":\"ImageObject\",\"inLanguage\":\"fr-FR\",\"@id\":\"https:\\\/\\\/www.bellunopress.it\\\/2025\\\/12\\\/14\\\/leuropa-sportiva-universitaria-torna-in-val-di-zoldo\\\/#primaryimage\",\"url\":\"https:\\\/\\\/www.bellunopress.it\\\/wp-content\\\/uploads\\\/2025\\\/12\\\/sci-alpino_edited.jpg\",\"contentUrl\":\"https:\\\/\\\/www.bellunopress.it\\\/wp-content\\\/uploads\\\/2025\\\/12\\\/sci-alpino_edited.jpg\",\"width\":800,\"height\":535},{\"@type\":\"BreadcrumbList\",\"@id\":\"https:\\\/\\\/www.bellunopress.it\\\/2025\\\/12\\\/14\\\/leuropa-sportiva-universitaria-torna-in-val-di-zoldo\\\/#breadcrumb\",\"itemListElement\":[{\"@type\":\"ListItem\",\"position\":1,\"name\":\"Home\",\"item\":\"https:\\\/\\\/www.bellunopress.it\\\/\"},{\"@type\":\"ListItem\",\"position\":2,\"name\":\"L&#8217;Europa sportiva universitaria torna in Val di Zoldo\"}]},{\"@type\":\"WebSite\",\"@id\":\"https:\\\/\\\/www.bellunopress.it\\\/#website\",\"url\":\"https:\\\/\\\/www.bellunopress.it\\\/\",\"name\":\"Bellunopress - Dolomiti\",\"description\":\"e-mail: redazione@bellunopress.it\",\"publisher\":{\"@id\":\"https:\\\/\\\/www.bellunopress.it\\\/#organization\"},\"potentialAction\":[{\"@type\":\"SearchAction\",\"target\":{\"@type\":\"EntryPoint\",\"urlTemplate\":\"https:\\\/\\\/www.bellunopress.it\\\/?s={search_term_string}\"},\"query-input\":{\"@type\":\"PropertyValueSpecification\",\"valueRequired\":true,\"valueName\":\"search_term_string\"}}],\"inLanguage\":\"fr-FR\"},{\"@type\":\"Organization\",\"@id\":\"https:\\\/\\\/www.bellunopress.it\\\/#organization\",\"name\":\"Bellunopress\",\"url\":\"https:\\\/\\\/www.bellunopress.it\\\/\",\"logo\":{\"@type\":\"ImageObject\",\"inLanguage\":\"fr-FR\",\"@id\":\"https:\\\/\\\/www.bellunopress.it\\\/#\\\/schema\\\/logo\\\/image\\\/\",\"url\":\"https:\\\/\\\/www.bellunopress.it\\\/wp-content\\\/uploads\\\/2011\\\/05\\\/cropped-logo-bellunopress-.jpg\",\"contentUrl\":\"https:\\\/\\\/www.bellunopress.it\\\/wp-content\\\/uploads\\\/2011\\\/05\\\/cropped-logo-bellunopress-.jpg\",\"width\":512,\"height\":512,\"caption\":\"Bellunopress\"},\"image\":{\"@id\":\"https:\\\/\\\/www.bellunopress.it\\\/#\\\/schema\\\/logo\\\/image\\\/\"},\"sameAs\":[\"https:\\\/\\\/www.facebook.com\\\/profile.php?id=100008943462799\",\"https:\\\/\\\/x.com\\\/bellunopress\",\"https:\\\/\\\/www.linkedin.com\\\/hp\\\/?dnr=JBzUWaJfMUw8vbXJJ2tVW5-I3jZKvC4wsoxE&amp;amp;amp;amp;amp;amp;trk=nav_responsive_tab_home\",\"https:\\\/\\\/www.youtube.com\\\/channel\\\/UCxL0wu1uN0_3_7hGG0306cw\"]},{\"@type\":\"Person\",\"@id\":\"https:\\\/\\\/www.bellunopress.it\\\/#\\\/schema\\\/person\\\/79bb06722b37ece1c03d3e94beb30d73\",\"name\":\"redazione\",\"image\":{\"@type\":\"ImageObject\",\"inLanguage\":\"fr-FR\",\"@id\":\"https:\\\/\\\/secure.gravatar.com\\\/avatar\\\/37d968a2e67a6fd04c169c4bdef102d0bc5d31b2546345219e348575eb80e9a0?s=96&d=mm&r=g\",\"url\":\"https:\\\/\\\/secure.gravatar.com\\\/avatar\\\/37d968a2e67a6fd04c169c4bdef102d0bc5d31b2546345219e348575eb80e9a0?s=96&d=mm&r=g\",\"contentUrl\":\"https:\\\/\\\/secure.gravatar.com\\\/avatar\\\/37d968a2e67a6fd04c169c4bdef102d0bc5d31b2546345219e348575eb80e9a0?s=96&d=mm&r=g\",\"caption\":\"redazione\"},\"sameAs\":[\"http:\\\/\\\/www.bellunopress.it\",\"https:\\\/\\\/x.com\\\/bellunopress\"],\"url\":\"https:\\\/\\\/www.bellunopress.it\\\/fr\\\/author\\\/redazione\\\/\"}]}<\/script>\n<!-- \/ Yoast SEO plugin. -->","yoast_head_json":{"title":"L'Europa sportiva universitaria torna in Val di Zoldo - Bellunopress - Dolomiti","robots":{"index":"index","follow":"follow","max-snippet":"max-snippet:-1","max-image-preview":"max-image-preview:large","max-video-preview":"max-video-preview:-1"},"canonical":"https:\/\/www.bellunopress.it\/fr\/2025\/12\/14\/leuropa-sportiva-universitaria-torna-in-val-di-zoldo\/","og_locale":"fr_FR","og_type":"article","og_title":"L'Europa sportiva universitaria torna in Val di Zoldo - Bellunopress - Dolomiti","og_description":"Dal 14 al 18 dicembre 2025 la Val di Zoldo, in provincia di Belluno, diventer\u00e0 il baricentro dello sport universitario europeo ospitando per la seconda volta gli European Universities Winter Championships, organizzati da EUSA, l\u2019Ente Europeo dello Sport Universitario, insieme al CUS Venezia, capofila del Comitato Organizzatore, con le Universit\u00e0 Ca\u2019 Foscari e IUAV di [&hellip;]","og_url":"https:\/\/www.bellunopress.it\/fr\/2025\/12\/14\/leuropa-sportiva-universitaria-torna-in-val-di-zoldo\/","og_site_name":"Bellunopress - Dolomiti","article_publisher":"https:\/\/www.facebook.com\/profile.php?id=100008943462799","article_published_time":"2025-12-14T11:55:13+00:00","og_image":[{"width":800,"height":535,"url":"https:\/\/www.bellunopress.it\/wp-content\/uploads\/2025\/12\/sci-alpino_edited.jpg","type":"image\/jpeg"}],"author":"redazione","twitter_card":"summary_large_image","twitter_creator":"@bellunopress","twitter_site":"@bellunopress","twitter_misc":{"\u00c9crit par":"redazione","Dur\u00e9e de lecture estim\u00e9e":"4 minutes"},"schema":{"@context":"https:\/\/schema.org","@graph":[{"@type":"Article","@id":"https:\/\/www.bellunopress.it\/2025\/12\/14\/leuropa-sportiva-universitaria-torna-in-val-di-zoldo\/#article","isPartOf":{"@id":"https:\/\/www.bellunopress.it\/2025\/12\/14\/leuropa-sportiva-universitaria-torna-in-val-di-zoldo\/"},"author":{"name":"redazione","@id":"https:\/\/www.bellunopress.it\/#\/schema\/person\/79bb06722b37ece1c03d3e94beb30d73"},"headline":"L&#8217;Europa sportiva universitaria torna in Val di Zoldo","datePublished":"2025-12-14T11:55:13+00:00","mainEntityOfPage":{"@id":"https:\/\/www.bellunopress.it\/2025\/12\/14\/leuropa-sportiva-universitaria-torna-in-val-di-zoldo\/"},"wordCount":789,"publisher":{"@id":"https:\/\/www.bellunopress.it\/#organization"},"image":{"@id":"https:\/\/www.bellunopress.it\/2025\/12\/14\/leuropa-sportiva-universitaria-torna-in-val-di-zoldo\/#primaryimage"},"thumbnailUrl":"https:\/\/www.bellunopress.it\/wp-content\/uploads\/2025\/12\/sci-alpino_edited.jpg","articleSection":["Pausa Caff\u00e8","Scuola","Sport, tempo libero"],"inLanguage":"fr-FR"},{"@type":"WebPage","@id":"https:\/\/www.bellunopress.it\/2025\/12\/14\/leuropa-sportiva-universitaria-torna-in-val-di-zoldo\/","url":"https:\/\/www.bellunopress.it\/2025\/12\/14\/leuropa-sportiva-universitaria-torna-in-val-di-zoldo\/","name":"L'Europa sportiva universitaria torna in Val di Zoldo - Bellunopress - Dolomiti","isPartOf":{"@id":"https:\/\/www.bellunopress.it\/#website"},"primaryImageOfPage":{"@id":"https:\/\/www.bellunopress.it\/2025\/12\/14\/leuropa-sportiva-universitaria-torna-in-val-di-zoldo\/#primaryimage"},"image":{"@id":"https:\/\/www.bellunopress.it\/2025\/12\/14\/leuropa-sportiva-universitaria-torna-in-val-di-zoldo\/#primaryimage"},"thumbnailUrl":"https:\/\/www.bellunopress.it\/wp-content\/uploads\/2025\/12\/sci-alpino_edited.jpg","datePublished":"2025-12-14T11:55:13+00:00","breadcrumb":{"@id":"https:\/\/www.bellunopress.it\/2025\/12\/14\/leuropa-sportiva-universitaria-torna-in-val-di-zoldo\/#breadcrumb"},"inLanguage":"fr-FR","potentialAction":[{"@type":"ReadAction","target":["https:\/\/www.bellunopress.it\/2025\/12\/14\/leuropa-sportiva-universitaria-torna-in-val-di-zoldo\/"]}]},{"@type":"ImageObject","inLanguage":"fr-FR","@id":"https:\/\/www.bellunopress.it\/2025\/12\/14\/leuropa-sportiva-universitaria-torna-in-val-di-zoldo\/#primaryimage","url":"https:\/\/www.bellunopress.it\/wp-content\/uploads\/2025\/12\/sci-alpino_edited.jpg","contentUrl":"https:\/\/www.bellunopress.it\/wp-content\/uploads\/2025\/12\/sci-alpino_edited.jpg","width":800,"height":535},{"@type":"BreadcrumbList","@id":"https:\/\/www.bellunopress.it\/2025\/12\/14\/leuropa-sportiva-universitaria-torna-in-val-di-zoldo\/#breadcrumb","itemListElement":[{"@type":"ListItem","position":1,"name":"Home","item":"https:\/\/www.bellunopress.it\/"},{"@type":"ListItem","position":2,"name":"L&#8217;Europa sportiva universitaria torna in Val di Zoldo"}]},{"@type":"WebSite","@id":"https:\/\/www.bellunopress.it\/#website","url":"https:\/\/www.bellunopress.it\/","name":"Bellunopress - Dolomiti","description":"e-mail: redazione@bellunopress.it","publisher":{"@id":"https:\/\/www.bellunopress.it\/#organization"},"potentialAction":[{"@type":"SearchAction","target":{"@type":"EntryPoint","urlTemplate":"https:\/\/www.bellunopress.it\/?s={search_term_string}"},"query-input":{"@type":"PropertyValueSpecification","valueRequired":true,"valueName":"search_term_string"}}],"inLanguage":"fr-FR"},{"@type":"Organization","@id":"https:\/\/www.bellunopress.it\/#organization","name":"Bellunopress","url":"https:\/\/www.bellunopress.it\/","logo":{"@type":"ImageObject","inLanguage":"fr-FR","@id":"https:\/\/www.bellunopress.it\/#\/schema\/logo\/image\/","url":"https:\/\/www.bellunopress.it\/wp-content\/uploads\/2011\/05\/cropped-logo-bellunopress-.jpg","contentUrl":"https:\/\/www.bellunopress.it\/wp-content\/uploads\/2011\/05\/cropped-logo-bellunopress-.jpg","width":512,"height":512,"caption":"Bellunopress"},"image":{"@id":"https:\/\/www.bellunopress.it\/#\/schema\/logo\/image\/"},"sameAs":["https:\/\/www.facebook.com\/profile.php?id=100008943462799","https:\/\/x.com\/bellunopress","https:\/\/www.linkedin.com\/hp\/?dnr=JBzUWaJfMUw8vbXJJ2tVW5-I3jZKvC4wsoxE&amp;amp;amp;amp;amp;amp;trk=nav_responsive_tab_home","https:\/\/www.youtube.com\/channel\/UCxL0wu1uN0_3_7hGG0306cw"]},{"@type":"Person","@id":"https:\/\/www.bellunopress.it\/#\/schema\/person\/79bb06722b37ece1c03d3e94beb30d73","name":"r\u00e9daction","image":{"@type":"ImageObject","inLanguage":"fr-FR","@id":"https:\/\/secure.gravatar.com\/avatar\/37d968a2e67a6fd04c169c4bdef102d0bc5d31b2546345219e348575eb80e9a0?s=96&d=mm&r=g","url":"https:\/\/secure.gravatar.com\/avatar\/37d968a2e67a6fd04c169c4bdef102d0bc5d31b2546345219e348575eb80e9a0?s=96&d=mm&r=g","contentUrl":"https:\/\/secure.gravatar.com\/avatar\/37d968a2e67a6fd04c169c4bdef102d0bc5d31b2546345219e348575eb80e9a0?s=96&d=mm&r=g","caption":"redazione"},"sameAs":["http:\/\/www.bellunopress.it","https:\/\/x.com\/bellunopress"],"url":"https:\/\/www.bellunopress.it\/fr\/author\/redazione\/"}]}},"_links":{"self":[{"href":"https:\/\/www.bellunopress.it\/fr\/wp-json\/wp\/v2\/posts\/165754","targetHints":{"allow":["GET"]}}],"collection":[{"href":"https:\/\/www.bellunopress.it\/fr\/wp-json\/wp\/v2\/posts"}],"about":[{"href":"https:\/\/www.bellunopress.it\/fr\/wp-json\/wp\/v2\/types\/post"}],"author":[{"embeddable":true,"href":"https:\/\/www.bellunopress.it\/fr\/wp-json\/wp\/v2\/users\/2"}],"replies":[{"embeddable":true,"href":"https:\/\/www.bellunopress.it\/fr\/wp-json\/wp\/v2\/comments?post=165754"}],"version-history":[{"count":1,"href":"https:\/\/www.bellunopress.it\/fr\/wp-json\/wp\/v2\/posts\/165754\/revisions"}],"predecessor-version":[{"id":165757,"href":"https:\/\/www.bellunopress.it\/fr\/wp-json\/wp\/v2\/posts\/165754\/revisions\/165757"}],"wp:featuredmedia":[{"embeddable":true,"href":"https:\/\/www.bellunopress.it\/fr\/wp-json\/wp\/v2\/media\/165755"}],"wp:attachment":[{"href":"https:\/\/www.bellunopress.it\/fr\/wp-json\/wp\/v2\/media?parent=165754"}],"wp:term":[{"taxonomy":"category","embeddable":true,"href":"https:\/\/www.bellunopress.it\/fr\/wp-json\/wp\/v2\/categories?post=165754"},{"taxonomy":"post_tag","embeddable":true,"href":"https:\/\/www.bellunopress.it\/fr\/wp-json\/wp\/v2\/tags?post=165754"}],"curies":[{"name":"wp","href":"https:\/\/api.w.org\/{rel}","templated":true}]}}