{"id":165749,"date":"2025-12-14T07:49:53","date_gmt":"2025-12-14T06:49:53","guid":{"rendered":"https:\/\/www.bellunopress.it\/?p=165749"},"modified":"2025-12-14T07:49:53","modified_gmt":"2025-12-14T06:49:53","slug":"una-montagna-di-libri-letteratura-sport-olimpiadi-idee-sul-mondo-il-programma-2025-2026","status":"publish","type":"post","link":"https:\/\/www.bellunopress.it\/fr\/2025\/12\/14\/una-montagna-di-libri-letteratura-sport-olimpiadi-idee-sul-mondo-il-programma-2025-2026\/","title":{"rendered":"Una montagna di libri, letteratura, sport, Olimpiadi, idee sul mondo. Il programma 2025\/2026"},"content":{"rendered":"<p><img loading=\"lazy\" decoding=\"async\" class=\"aligncenter size-medium wp-image-165750\" src=\"https:\/\/www.bellunopress.it\/wp-content\/uploads\/2025\/12\/Una-montagna-di-libri-500x205.jpg\" alt=\"\" width=\"500\" height=\"205\" srcset=\"https:\/\/www.bellunopress.it\/wp-content\/uploads\/2025\/12\/Una-montagna-di-libri-500x205.jpg 500w, https:\/\/www.bellunopress.it\/wp-content\/uploads\/2025\/12\/Una-montagna-di-libri.jpg 620w\" sizes=\"auto, (max-width: 500px) 100vw, 500px\" \/>Cortina d\u2019Ampezzo, da Natale alla Primavera, oltre 25 incontri con l\u2019autore nella Regina delle Dolomiti<\/p>\n<p>TRA LE NOVIT\u00c0 DELL\u2019INVERNO 2025\/26<\/p>\n<p>Il NATALE in musica e letteratura (23 dicembre)<br \/>\nANDREA GOLDSTEIN (26 dicembre)<br \/>\nLE DONNE DI CORTINA 1956 (27 dicembre)<br \/>\nCECILIA SALA (30 dicembre)<br \/>\nALDO CAZZULLO (2 gennaio)<br \/>\nANDREI KURKOV (4 gennaio)<\/p>\n<p>gennaio: PAOLO DE CHIESA, DEBORAH COMPAGNONI, ANTONELLA PALMISANO<br \/>\ne \u201cL\u2019ORA DEI PREDATORI\u201d con GIULIANO DA EMPOLI<\/p>\n<p>febbraio e marzo: uno speciale programma per le OLIMPIADI E PARALIMPIADI Milano Cortina 2026<\/p>\n<p>Leggere per capire e sperare, nella cornice fantastica delle Dolomiti. Da Natale a Pasqua, nell\u2019inverno delle Olimpiadi e Paralimpiadi di Milano Cortina 2026. Un cartellone da record di incontri con l\u2019Autore con oltre 25 eventi si prepara da Cortina d\u2019Ampezzo. Lo propone per l\u2019inverno la XXXIII Edizione di Una Montagna di Libri Cortina d\u2019Ampezzo, festa internazionale della letteratura protagonista della stagione ampezzana, fino alla primavera. Il programma completo \u00e8 stato appena pubblicato ed \u00e8 visualizzabile su unamontagnadilibri.it.<\/p>\n<p>Dopo il successo dell\u2019edizione estiva, Una Montagna di Libri porta a Cortina, tra dicembre e marzo, un carnet di eventi con alcune delle figure di maggior rilievo della cultura, della letteratura e del giornalismo italiano e internazionale. Per il sedicesimo anno consecutivo.<\/p>\n<p>Da Natale all\u2019Epifania:<br \/>\nAldo Cazzullo, Andrei Kurkov, Cecilia Sala,<br \/>\nle Olimpiadi del \u201956 viste dalle donne<\/p>\n<p>Tra gli incontri imperdibili della prima parte dell\u2019inverno, a Una Montagna di Libri gli auguri in musica e letteratura, rileggendo Sherlock Holmes e il mistero dell\u2019oca di Natale, di Arthur Conand Doyle, con Davide Tortorella e le note del Trio Na Fuoia, marted\u00ec 23 dicembre. E poi venerd\u00ec 26 dicembre le Olimpiadi del 1956 raccontate da Andrea Goldstein, il 27 dicembre al Grand Hotel Savoia Le donne di Cortina \u201856, di Antonella Stelitano e Adriana Balzarini, con la giovane atleta Ambra Pomar\u00e8; il 28 dicembre protagonista sar\u00e0 l\u2019icona assoluta del motomondiale Giacomo Agostini, con la nuova autobiografia, mentre il 29 dicembre Bruno Vespa parler\u00e0 di \u201cFinimondo\u201d. Gran finale il 30 dicembre, all\u2019Alexander Hall, con Cecilia Sala, che racconter\u00e0 Medio Oriente e Ucraina.<\/p>\n<p>Una Montagna di Libri proseguir\u00e0 per tutte le vacanze, con gli incontri, tra gli altri, il 2 gennaio con Aldo Cazzullo, e poi il 3 sempre con Cazzullo che racconter\u00e0 \u201cUna sciata particolare\u201d, ovvero il suo racconto degli sciatori visti da vicino, da Thoeni e Tomba; il 4 gennaio con lo straordinario Andrei Kurkov, protagonista della letteratura ucraina contemporanea, e ancora Matteo Righetto, Mauro Corona, e poi le nevicate nell\u2019arte viste da Vittorio Linfante e Massimo Zanella.<\/p>\n<p>Gennaio: vigilia dei Giochi con i campioni Paolo De Chiesa, Deborah Compagnoni, Antonella Palmisano.<br \/>\nIl nuovissimo \u201cL\u2019ora dei predatori\u201d di Da Empoli<\/p>\n<p>Luned\u00ec 5 gennaio l\u2019appuntamento imperdibile di Cortina sar\u00e0 con Paolo De Chiesa, protagonista della Valanga Azzurra e autore con Sergio Barducci dell\u2019autobiografia \u201cHo sfiorato il cielo\u201d. Una Montagna di Libri inaugura, per segnare l\u2019attesa (meno un mese!) ai Giochi Olimpici di Milano Cortina 2026, il percorso di Storie Olimpiche, in collaborazione con Fondazione Cortina e Provincia di Belluno. Portando sportivi e libri in giro per le Dolomiti: sabato 10 gennaio Deborah Compagnoni a Pieve di Cadore, sabato 17 gennaio Antonella Palmisano a Pedavena con Andrea Schiavon, venerd\u00ec 23 gennaio Kristian Ghedina con Lorenzo Fabiano a Cesiomaggiore. Chiusura di gennaio con il nuovissimo \u201cL\u2019ora dei predatori\u201d (Einaudi), con Giuliano da Empoli e Christian Rocca, sui nuovi autocrati, da Putin a Trump.<\/p>\n<p>A febbraio e marzo le Storie Olimpiche, con alcuni eventi speciali dedicati a Milano Cortina 2026.<br \/>\n\u201cProgramma rivelato a breve\u201d<\/p>\n<p>Ma il programma non finisce qui. Una Montagna di Libri ha in serbo molte straordinarie sorprese per febbraio e marzo, quando la citt\u00e0 di Cortina d\u2019Ampezzo ospiter\u00e0, a settant\u2019anni dal 1956, le Olimpiadi e Paralimpiadi Invernali di Milano Cortina 2026. La festa della letteratura ha in serbo alcuni eventi speciali, sempre parte della serie \u201cStorie Olimpiche\u201d, che si terranno in corrispondenza dei Giochi e che condurranno Cortina d\u2019Ampezzo fino alla nuova stagione. Il programma verr\u00e0 annunciato a gennaio.<br \/>\nMaggiori informazioni su unamontagnadilibri.it.<\/p>\n<p>Una Montagna di Libri ha luogo a Cortina d\u2019Ampezzo d\u2019estate e d\u2019inverno, in due edizioni. Con oltre settanta incontri annuali, \u00e8 la manifestazione protagonista della stagione letteraria cortinese. Ospiti delle precedenti edizioni della rassegna sono stati, tra gli altri, Emmanuel Carr\u00e8re, Amitav Ghosh, Azar Nafisi, Peter Cameron, Paolo Sorrentino, Alberto Arbasino, Marco Paolini, Raffaele La Capria, Cathleen Schine, Toni Servillo. La manifestazione \u00e8 realizzata in convenzione con il Comune di Cortina d\u2019Ampezzo e in collaborazione con la Regione del Veneto. Responsabile della manifestazione \u00e8 Francesco Chiamulera.<\/p>\n<p>&nbsp;<\/p>","protected":false},"excerpt":{"rendered":"<p>Cortina d\u2019Ampezzo, da Natale alla Primavera, oltre 25 incontri con l\u2019autore nella Regina delle Dolomiti TRA LE NOVIT\u00c0 DELL\u2019INVERNO 2025\/26 Il NATALE in musica e letteratura (23 dicembre) ANDREA GOLDSTEIN (26 dicembre) LE DONNE DI CORTINA 1956 (27 dicembre) CECILIA SALA (30 dicembre) ALDO CAZZULLO (2 gennaio) ANDREI KURKOV (4 gennaio) gennaio: PAOLO DE CHIESA, [&hellip;]<\/p>\n","protected":false},"author":2,"featured_media":165750,"comment_status":"closed","ping_status":"open","sticky":false,"template":"","format":"standard","meta":{"footnotes":""},"categories":[27,25],"tags":[],"class_list":["post-165749","post","type-post","status-publish","format-standard","has-post-thumbnail","category-appuntamenti","category-pausa-caffe"],"yoast_head":"<!-- This site is optimized with the Yoast SEO plugin v28.4 - https:\/\/yoast.com\/product\/yoast-seo-wordpress\/ -->\n<title>Una montagna di libri, letteratura, sport, Olimpiadi, idee sul mondo. Il programma 2025\/2026 - Bellunopress - Dolomiti<\/title>\n<meta name=\"robots\" content=\"index, follow, max-snippet:-1, max-image-preview:large, max-video-preview:-1\" \/>\n<link rel=\"canonical\" href=\"https:\/\/www.bellunopress.it\/fr\/2025\/12\/14\/una-montagna-di-libri-letteratura-sport-olimpiadi-idee-sul-mondo-il-programma-2025-2026\/\" \/>\n<meta property=\"og:locale\" content=\"fr_FR\" \/>\n<meta property=\"og:type\" content=\"article\" \/>\n<meta property=\"og:title\" content=\"Una montagna di libri, letteratura, sport, Olimpiadi, idee sul mondo. Il programma 2025\/2026 - Bellunopress - Dolomiti\" \/>\n<meta property=\"og:description\" content=\"Cortina d\u2019Ampezzo, da Natale alla Primavera, oltre 25 incontri con l\u2019autore nella Regina delle Dolomiti TRA LE NOVIT\u00c0 DELL\u2019INVERNO 2025\/26 Il NATALE in musica e letteratura (23 dicembre) ANDREA GOLDSTEIN (26 dicembre) LE DONNE DI CORTINA 1956 (27 dicembre) CECILIA SALA (30 dicembre) ALDO CAZZULLO (2 gennaio) ANDREI KURKOV (4 gennaio) gennaio: PAOLO DE CHIESA, [&hellip;]\" \/>\n<meta property=\"og:url\" content=\"https:\/\/www.bellunopress.it\/fr\/2025\/12\/14\/una-montagna-di-libri-letteratura-sport-olimpiadi-idee-sul-mondo-il-programma-2025-2026\/\" \/>\n<meta property=\"og:site_name\" content=\"Bellunopress - Dolomiti\" \/>\n<meta property=\"article:publisher\" content=\"https:\/\/www.facebook.com\/profile.php?id=100008943462799\" \/>\n<meta property=\"article:published_time\" content=\"2025-12-14T06:49:53+00:00\" \/>\n<meta property=\"og:image\" content=\"https:\/\/www.bellunopress.it\/wp-content\/uploads\/2025\/12\/Una-montagna-di-libri.jpg\" \/>\n\t<meta property=\"og:image:width\" content=\"620\" \/>\n\t<meta property=\"og:image:height\" content=\"254\" \/>\n\t<meta property=\"og:image:type\" content=\"image\/jpeg\" \/>\n<meta name=\"author\" content=\"redazione\" \/>\n<meta name=\"twitter:card\" content=\"summary_large_image\" \/>\n<meta name=\"twitter:creator\" content=\"@bellunopress\" \/>\n<meta name=\"twitter:site\" content=\"@bellunopress\" \/>\n<meta name=\"twitter:label1\" content=\"\u00c9crit par\" \/>\n\t<meta name=\"twitter:data1\" content=\"redazione\" \/>\n\t<meta name=\"twitter:label2\" content=\"Dur\u00e9e de lecture estim\u00e9e\" \/>\n\t<meta name=\"twitter:data2\" content=\"4 minutes\" \/>\n<script type=\"application\/ld+json\" class=\"yoast-schema-graph\">{\"@context\":\"https:\\\/\\\/schema.org\",\"@graph\":[{\"@type\":\"Article\",\"@id\":\"https:\\\/\\\/www.bellunopress.it\\\/2025\\\/12\\\/14\\\/una-montagna-di-libri-letteratura-sport-olimpiadi-idee-sul-mondo-il-programma-2025-2026\\\/#article\",\"isPartOf\":{\"@id\":\"https:\\\/\\\/www.bellunopress.it\\\/2025\\\/12\\\/14\\\/una-montagna-di-libri-letteratura-sport-olimpiadi-idee-sul-mondo-il-programma-2025-2026\\\/\"},\"author\":{\"name\":\"redazione\",\"@id\":\"https:\\\/\\\/www.bellunopress.it\\\/#\\\/schema\\\/person\\\/79bb06722b37ece1c03d3e94beb30d73\"},\"headline\":\"Una montagna di libri, letteratura, sport, Olimpiadi, idee sul mondo. Il programma 2025\\\/2026\",\"datePublished\":\"2025-12-14T06:49:53+00:00\",\"mainEntityOfPage\":{\"@id\":\"https:\\\/\\\/www.bellunopress.it\\\/2025\\\/12\\\/14\\\/una-montagna-di-libri-letteratura-sport-olimpiadi-idee-sul-mondo-il-programma-2025-2026\\\/\"},\"wordCount\":752,\"publisher\":{\"@id\":\"https:\\\/\\\/www.bellunopress.it\\\/#organization\"},\"image\":{\"@id\":\"https:\\\/\\\/www.bellunopress.it\\\/2025\\\/12\\\/14\\\/una-montagna-di-libri-letteratura-sport-olimpiadi-idee-sul-mondo-il-programma-2025-2026\\\/#primaryimage\"},\"thumbnailUrl\":\"https:\\\/\\\/www.bellunopress.it\\\/wp-content\\\/uploads\\\/2025\\\/12\\\/Una-montagna-di-libri.jpg\",\"articleSection\":[\"Appuntamenti, Eventi\",\"Pausa Caff\u00e8\"],\"inLanguage\":\"fr-FR\"},{\"@type\":\"WebPage\",\"@id\":\"https:\\\/\\\/www.bellunopress.it\\\/2025\\\/12\\\/14\\\/una-montagna-di-libri-letteratura-sport-olimpiadi-idee-sul-mondo-il-programma-2025-2026\\\/\",\"url\":\"https:\\\/\\\/www.bellunopress.it\\\/2025\\\/12\\\/14\\\/una-montagna-di-libri-letteratura-sport-olimpiadi-idee-sul-mondo-il-programma-2025-2026\\\/\",\"name\":\"Una montagna di libri, letteratura, sport, Olimpiadi, idee sul mondo. Il programma 2025\\\/2026 - Bellunopress - Dolomiti\",\"isPartOf\":{\"@id\":\"https:\\\/\\\/www.bellunopress.it\\\/#website\"},\"primaryImageOfPage\":{\"@id\":\"https:\\\/\\\/www.bellunopress.it\\\/2025\\\/12\\\/14\\\/una-montagna-di-libri-letteratura-sport-olimpiadi-idee-sul-mondo-il-programma-2025-2026\\\/#primaryimage\"},\"image\":{\"@id\":\"https:\\\/\\\/www.bellunopress.it\\\/2025\\\/12\\\/14\\\/una-montagna-di-libri-letteratura-sport-olimpiadi-idee-sul-mondo-il-programma-2025-2026\\\/#primaryimage\"},\"thumbnailUrl\":\"https:\\\/\\\/www.bellunopress.it\\\/wp-content\\\/uploads\\\/2025\\\/12\\\/Una-montagna-di-libri.jpg\",\"datePublished\":\"2025-12-14T06:49:53+00:00\",\"breadcrumb\":{\"@id\":\"https:\\\/\\\/www.bellunopress.it\\\/2025\\\/12\\\/14\\\/una-montagna-di-libri-letteratura-sport-olimpiadi-idee-sul-mondo-il-programma-2025-2026\\\/#breadcrumb\"},\"inLanguage\":\"fr-FR\",\"potentialAction\":[{\"@type\":\"ReadAction\",\"target\":[\"https:\\\/\\\/www.bellunopress.it\\\/2025\\\/12\\\/14\\\/una-montagna-di-libri-letteratura-sport-olimpiadi-idee-sul-mondo-il-programma-2025-2026\\\/\"]}]},{\"@type\":\"ImageObject\",\"inLanguage\":\"fr-FR\",\"@id\":\"https:\\\/\\\/www.bellunopress.it\\\/2025\\\/12\\\/14\\\/una-montagna-di-libri-letteratura-sport-olimpiadi-idee-sul-mondo-il-programma-2025-2026\\\/#primaryimage\",\"url\":\"https:\\\/\\\/www.bellunopress.it\\\/wp-content\\\/uploads\\\/2025\\\/12\\\/Una-montagna-di-libri.jpg\",\"contentUrl\":\"https:\\\/\\\/www.bellunopress.it\\\/wp-content\\\/uploads\\\/2025\\\/12\\\/Una-montagna-di-libri.jpg\",\"width\":620,\"height\":254},{\"@type\":\"BreadcrumbList\",\"@id\":\"https:\\\/\\\/www.bellunopress.it\\\/2025\\\/12\\\/14\\\/una-montagna-di-libri-letteratura-sport-olimpiadi-idee-sul-mondo-il-programma-2025-2026\\\/#breadcrumb\",\"itemListElement\":[{\"@type\":\"ListItem\",\"position\":1,\"name\":\"Home\",\"item\":\"https:\\\/\\\/www.bellunopress.it\\\/\"},{\"@type\":\"ListItem\",\"position\":2,\"name\":\"Una montagna di libri, letteratura, sport, Olimpiadi, idee sul mondo. Il programma 2025\\\/2026\"}]},{\"@type\":\"WebSite\",\"@id\":\"https:\\\/\\\/www.bellunopress.it\\\/#website\",\"url\":\"https:\\\/\\\/www.bellunopress.it\\\/\",\"name\":\"Bellunopress - Dolomiti\",\"description\":\"e-mail: redazione@bellunopress.it\",\"publisher\":{\"@id\":\"https:\\\/\\\/www.bellunopress.it\\\/#organization\"},\"potentialAction\":[{\"@type\":\"SearchAction\",\"target\":{\"@type\":\"EntryPoint\",\"urlTemplate\":\"https:\\\/\\\/www.bellunopress.it\\\/?s={search_term_string}\"},\"query-input\":{\"@type\":\"PropertyValueSpecification\",\"valueRequired\":true,\"valueName\":\"search_term_string\"}}],\"inLanguage\":\"fr-FR\"},{\"@type\":\"Organization\",\"@id\":\"https:\\\/\\\/www.bellunopress.it\\\/#organization\",\"name\":\"Bellunopress\",\"url\":\"https:\\\/\\\/www.bellunopress.it\\\/\",\"logo\":{\"@type\":\"ImageObject\",\"inLanguage\":\"fr-FR\",\"@id\":\"https:\\\/\\\/www.bellunopress.it\\\/#\\\/schema\\\/logo\\\/image\\\/\",\"url\":\"https:\\\/\\\/www.bellunopress.it\\\/wp-content\\\/uploads\\\/2011\\\/05\\\/cropped-logo-bellunopress-.jpg\",\"contentUrl\":\"https:\\\/\\\/www.bellunopress.it\\\/wp-content\\\/uploads\\\/2011\\\/05\\\/cropped-logo-bellunopress-.jpg\",\"width\":512,\"height\":512,\"caption\":\"Bellunopress\"},\"image\":{\"@id\":\"https:\\\/\\\/www.bellunopress.it\\\/#\\\/schema\\\/logo\\\/image\\\/\"},\"sameAs\":[\"https:\\\/\\\/www.facebook.com\\\/profile.php?id=100008943462799\",\"https:\\\/\\\/x.com\\\/bellunopress\",\"https:\\\/\\\/www.linkedin.com\\\/hp\\\/?dnr=JBzUWaJfMUw8vbXJJ2tVW5-I3jZKvC4wsoxE&amp;amp;amp;amp;amp;amp;trk=nav_responsive_tab_home\",\"https:\\\/\\\/www.youtube.com\\\/channel\\\/UCxL0wu1uN0_3_7hGG0306cw\"]},{\"@type\":\"Person\",\"@id\":\"https:\\\/\\\/www.bellunopress.it\\\/#\\\/schema\\\/person\\\/79bb06722b37ece1c03d3e94beb30d73\",\"name\":\"redazione\",\"image\":{\"@type\":\"ImageObject\",\"inLanguage\":\"fr-FR\",\"@id\":\"https:\\\/\\\/secure.gravatar.com\\\/avatar\\\/37d968a2e67a6fd04c169c4bdef102d0bc5d31b2546345219e348575eb80e9a0?s=96&d=mm&r=g\",\"url\":\"https:\\\/\\\/secure.gravatar.com\\\/avatar\\\/37d968a2e67a6fd04c169c4bdef102d0bc5d31b2546345219e348575eb80e9a0?s=96&d=mm&r=g\",\"contentUrl\":\"https:\\\/\\\/secure.gravatar.com\\\/avatar\\\/37d968a2e67a6fd04c169c4bdef102d0bc5d31b2546345219e348575eb80e9a0?s=96&d=mm&r=g\",\"caption\":\"redazione\"},\"sameAs\":[\"http:\\\/\\\/www.bellunopress.it\",\"https:\\\/\\\/x.com\\\/bellunopress\"],\"url\":\"https:\\\/\\\/www.bellunopress.it\\\/fr\\\/author\\\/redazione\\\/\"}]}<\/script>\n<!-- \/ Yoast SEO plugin. -->","yoast_head_json":{"title":"Una montagna di libri, letteratura, sport, Olimpiadi, idee sul mondo. Il programma 2025\/2026 - Bellunopress - Dolomiti","robots":{"index":"index","follow":"follow","max-snippet":"max-snippet:-1","max-image-preview":"max-image-preview:large","max-video-preview":"max-video-preview:-1"},"canonical":"https:\/\/www.bellunopress.it\/fr\/2025\/12\/14\/una-montagna-di-libri-letteratura-sport-olimpiadi-idee-sul-mondo-il-programma-2025-2026\/","og_locale":"fr_FR","og_type":"article","og_title":"Una montagna di libri, letteratura, sport, Olimpiadi, idee sul mondo. Il programma 2025\/2026 - Bellunopress - Dolomiti","og_description":"Cortina d\u2019Ampezzo, da Natale alla Primavera, oltre 25 incontri con l\u2019autore nella Regina delle Dolomiti TRA LE NOVIT\u00c0 DELL\u2019INVERNO 2025\/26 Il NATALE in musica e letteratura (23 dicembre) ANDREA GOLDSTEIN (26 dicembre) LE DONNE DI CORTINA 1956 (27 dicembre) CECILIA SALA (30 dicembre) ALDO CAZZULLO (2 gennaio) ANDREI KURKOV (4 gennaio) gennaio: PAOLO DE CHIESA, [&hellip;]","og_url":"https:\/\/www.bellunopress.it\/fr\/2025\/12\/14\/una-montagna-di-libri-letteratura-sport-olimpiadi-idee-sul-mondo-il-programma-2025-2026\/","og_site_name":"Bellunopress - Dolomiti","article_publisher":"https:\/\/www.facebook.com\/profile.php?id=100008943462799","article_published_time":"2025-12-14T06:49:53+00:00","og_image":[{"width":620,"height":254,"url":"https:\/\/www.bellunopress.it\/wp-content\/uploads\/2025\/12\/Una-montagna-di-libri.jpg","type":"image\/jpeg"}],"author":"redazione","twitter_card":"summary_large_image","twitter_creator":"@bellunopress","twitter_site":"@bellunopress","twitter_misc":{"\u00c9crit par":"redazione","Dur\u00e9e de lecture estim\u00e9e":"4 minutes"},"schema":{"@context":"https:\/\/schema.org","@graph":[{"@type":"Article","@id":"https:\/\/www.bellunopress.it\/2025\/12\/14\/una-montagna-di-libri-letteratura-sport-olimpiadi-idee-sul-mondo-il-programma-2025-2026\/#article","isPartOf":{"@id":"https:\/\/www.bellunopress.it\/2025\/12\/14\/una-montagna-di-libri-letteratura-sport-olimpiadi-idee-sul-mondo-il-programma-2025-2026\/"},"author":{"name":"redazione","@id":"https:\/\/www.bellunopress.it\/#\/schema\/person\/79bb06722b37ece1c03d3e94beb30d73"},"headline":"Una montagna di libri, letteratura, sport, Olimpiadi, idee sul mondo. Il programma 2025\/2026","datePublished":"2025-12-14T06:49:53+00:00","mainEntityOfPage":{"@id":"https:\/\/www.bellunopress.it\/2025\/12\/14\/una-montagna-di-libri-letteratura-sport-olimpiadi-idee-sul-mondo-il-programma-2025-2026\/"},"wordCount":752,"publisher":{"@id":"https:\/\/www.bellunopress.it\/#organization"},"image":{"@id":"https:\/\/www.bellunopress.it\/2025\/12\/14\/una-montagna-di-libri-letteratura-sport-olimpiadi-idee-sul-mondo-il-programma-2025-2026\/#primaryimage"},"thumbnailUrl":"https:\/\/www.bellunopress.it\/wp-content\/uploads\/2025\/12\/Una-montagna-di-libri.jpg","articleSection":["Appuntamenti, Eventi","Pausa Caff\u00e8"],"inLanguage":"fr-FR"},{"@type":"WebPage","@id":"https:\/\/www.bellunopress.it\/2025\/12\/14\/una-montagna-di-libri-letteratura-sport-olimpiadi-idee-sul-mondo-il-programma-2025-2026\/","url":"https:\/\/www.bellunopress.it\/2025\/12\/14\/una-montagna-di-libri-letteratura-sport-olimpiadi-idee-sul-mondo-il-programma-2025-2026\/","name":"Una montagna di libri, letteratura, sport, Olimpiadi, idee sul mondo. Il programma 2025\/2026 - Bellunopress - Dolomiti","isPartOf":{"@id":"https:\/\/www.bellunopress.it\/#website"},"primaryImageOfPage":{"@id":"https:\/\/www.bellunopress.it\/2025\/12\/14\/una-montagna-di-libri-letteratura-sport-olimpiadi-idee-sul-mondo-il-programma-2025-2026\/#primaryimage"},"image":{"@id":"https:\/\/www.bellunopress.it\/2025\/12\/14\/una-montagna-di-libri-letteratura-sport-olimpiadi-idee-sul-mondo-il-programma-2025-2026\/#primaryimage"},"thumbnailUrl":"https:\/\/www.bellunopress.it\/wp-content\/uploads\/2025\/12\/Una-montagna-di-libri.jpg","datePublished":"2025-12-14T06:49:53+00:00","breadcrumb":{"@id":"https:\/\/www.bellunopress.it\/2025\/12\/14\/una-montagna-di-libri-letteratura-sport-olimpiadi-idee-sul-mondo-il-programma-2025-2026\/#breadcrumb"},"inLanguage":"fr-FR","potentialAction":[{"@type":"ReadAction","target":["https:\/\/www.bellunopress.it\/2025\/12\/14\/una-montagna-di-libri-letteratura-sport-olimpiadi-idee-sul-mondo-il-programma-2025-2026\/"]}]},{"@type":"ImageObject","inLanguage":"fr-FR","@id":"https:\/\/www.bellunopress.it\/2025\/12\/14\/una-montagna-di-libri-letteratura-sport-olimpiadi-idee-sul-mondo-il-programma-2025-2026\/#primaryimage","url":"https:\/\/www.bellunopress.it\/wp-content\/uploads\/2025\/12\/Una-montagna-di-libri.jpg","contentUrl":"https:\/\/www.bellunopress.it\/wp-content\/uploads\/2025\/12\/Una-montagna-di-libri.jpg","width":620,"height":254},{"@type":"BreadcrumbList","@id":"https:\/\/www.bellunopress.it\/2025\/12\/14\/una-montagna-di-libri-letteratura-sport-olimpiadi-idee-sul-mondo-il-programma-2025-2026\/#breadcrumb","itemListElement":[{"@type":"ListItem","position":1,"name":"Home","item":"https:\/\/www.bellunopress.it\/"},{"@type":"ListItem","position":2,"name":"Una montagna di libri, letteratura, sport, Olimpiadi, idee sul mondo. Il programma 2025\/2026"}]},{"@type":"WebSite","@id":"https:\/\/www.bellunopress.it\/#website","url":"https:\/\/www.bellunopress.it\/","name":"Bellunopress - Dolomiti","description":"e-mail: redazione@bellunopress.it","publisher":{"@id":"https:\/\/www.bellunopress.it\/#organization"},"potentialAction":[{"@type":"SearchAction","target":{"@type":"EntryPoint","urlTemplate":"https:\/\/www.bellunopress.it\/?s={search_term_string}"},"query-input":{"@type":"PropertyValueSpecification","valueRequired":true,"valueName":"search_term_string"}}],"inLanguage":"fr-FR"},{"@type":"Organization","@id":"https:\/\/www.bellunopress.it\/#organization","name":"Bellunopress","url":"https:\/\/www.bellunopress.it\/","logo":{"@type":"ImageObject","inLanguage":"fr-FR","@id":"https:\/\/www.bellunopress.it\/#\/schema\/logo\/image\/","url":"https:\/\/www.bellunopress.it\/wp-content\/uploads\/2011\/05\/cropped-logo-bellunopress-.jpg","contentUrl":"https:\/\/www.bellunopress.it\/wp-content\/uploads\/2011\/05\/cropped-logo-bellunopress-.jpg","width":512,"height":512,"caption":"Bellunopress"},"image":{"@id":"https:\/\/www.bellunopress.it\/#\/schema\/logo\/image\/"},"sameAs":["https:\/\/www.facebook.com\/profile.php?id=100008943462799","https:\/\/x.com\/bellunopress","https:\/\/www.linkedin.com\/hp\/?dnr=JBzUWaJfMUw8vbXJJ2tVW5-I3jZKvC4wsoxE&amp;amp;amp;amp;amp;amp;trk=nav_responsive_tab_home","https:\/\/www.youtube.com\/channel\/UCxL0wu1uN0_3_7hGG0306cw"]},{"@type":"Person","@id":"https:\/\/www.bellunopress.it\/#\/schema\/person\/79bb06722b37ece1c03d3e94beb30d73","name":"r\u00e9daction","image":{"@type":"ImageObject","inLanguage":"fr-FR","@id":"https:\/\/secure.gravatar.com\/avatar\/37d968a2e67a6fd04c169c4bdef102d0bc5d31b2546345219e348575eb80e9a0?s=96&d=mm&r=g","url":"https:\/\/secure.gravatar.com\/avatar\/37d968a2e67a6fd04c169c4bdef102d0bc5d31b2546345219e348575eb80e9a0?s=96&d=mm&r=g","contentUrl":"https:\/\/secure.gravatar.com\/avatar\/37d968a2e67a6fd04c169c4bdef102d0bc5d31b2546345219e348575eb80e9a0?s=96&d=mm&r=g","caption":"redazione"},"sameAs":["http:\/\/www.bellunopress.it","https:\/\/x.com\/bellunopress"],"url":"https:\/\/www.bellunopress.it\/fr\/author\/redazione\/"}]}},"_links":{"self":[{"href":"https:\/\/www.bellunopress.it\/fr\/wp-json\/wp\/v2\/posts\/165749","targetHints":{"allow":["GET"]}}],"collection":[{"href":"https:\/\/www.bellunopress.it\/fr\/wp-json\/wp\/v2\/posts"}],"about":[{"href":"https:\/\/www.bellunopress.it\/fr\/wp-json\/wp\/v2\/types\/post"}],"author":[{"embeddable":true,"href":"https:\/\/www.bellunopress.it\/fr\/wp-json\/wp\/v2\/users\/2"}],"replies":[{"embeddable":true,"href":"https:\/\/www.bellunopress.it\/fr\/wp-json\/wp\/v2\/comments?post=165749"}],"version-history":[{"count":1,"href":"https:\/\/www.bellunopress.it\/fr\/wp-json\/wp\/v2\/posts\/165749\/revisions"}],"predecessor-version":[{"id":165751,"href":"https:\/\/www.bellunopress.it\/fr\/wp-json\/wp\/v2\/posts\/165749\/revisions\/165751"}],"wp:featuredmedia":[{"embeddable":true,"href":"https:\/\/www.bellunopress.it\/fr\/wp-json\/wp\/v2\/media\/165750"}],"wp:attachment":[{"href":"https:\/\/www.bellunopress.it\/fr\/wp-json\/wp\/v2\/media?parent=165749"}],"wp:term":[{"taxonomy":"category","embeddable":true,"href":"https:\/\/www.bellunopress.it\/fr\/wp-json\/wp\/v2\/categories?post=165749"},{"taxonomy":"post_tag","embeddable":true,"href":"https:\/\/www.bellunopress.it\/fr\/wp-json\/wp\/v2\/tags?post=165749"}],"curies":[{"name":"wp","href":"https:\/\/api.w.org\/{rel}","templated":true}]}}