{"id":165704,"date":"2025-12-12T11:51:10","date_gmt":"2025-12-12T10:51:10","guid":{"rendered":"https:\/\/www.bellunopress.it\/?p=165704"},"modified":"2025-12-12T12:03:58","modified_gmt":"2025-12-12T11:03:58","slug":"cariverona-430mila-euro-per-giovani-che-generano-nuove-traiettorie-di-futuro","status":"publish","type":"post","link":"https:\/\/www.bellunopress.it\/fr\/2025\/12\/12\/cariverona-430mila-euro-per-giovani-che-generano-nuove-traiettorie-di-futuro\/","title":{"rendered":"Cariverona: 430mila euro per giovani che generano nuove traiettorie di futuro"},"content":{"rendered":"<p><strong><img loading=\"lazy\" decoding=\"async\" class=\"aligncenter size-medium wp-image-138962\" src=\"https:\/\/www.bellunopress.it\/wp-content\/uploads\/2023\/01\/Fondazione-Cariverona_edited-500x149.jpg\" alt=\"\" width=\"500\" height=\"149\" srcset=\"https:\/\/www.bellunopress.it\/wp-content\/uploads\/2023\/01\/Fondazione-Cariverona_edited-500x149.jpg 500w, https:\/\/www.bellunopress.it\/wp-content\/uploads\/2023\/01\/Fondazione-Cariverona_edited-696x207.jpg 696w, https:\/\/www.bellunopress.it\/wp-content\/uploads\/2023\/01\/Fondazione-Cariverona_edited.jpg 1000w\" sizes=\"auto, (max-width: 500px) 100vw, 500px\" \/>Due progetti sostenuti da Fondazione Cariverona per contrastare spopolamento e isolamento nelle aree interne bellunesi e dare ai giovani un ruolo da protagonisti nello sviluppo locale<\/strong><\/p>\n<p><em>In sintesi:<\/em><br \/>\n<em>\u2022 2 progetti sostenuti con 430mila euro che coinvolgono Belluno e provincia, nell\u2019ambito del bando Orienta il tuo futuro di Fondazione Cariverona<\/em><br \/>\n<em>\u2022 Parte di un impegno complessivo di 2,9 milioni di euro per 14 progetti nelle province di Verona, Vicenza, Belluno, Mantova e Ancona, rivolti a giovani tra i 14 e i 20 anni<\/em><br \/>\n<em>\u2022 UP!GEN: giovani come \u201cgeneratori di traiettorie\u201d contro spopolamento e impoverimento demografico, con percorsi di orientamento di vita, competenze trasversali e progettazione di iniziative per il territorio<\/em><br \/>\n<em>\u2022 AttiVISTI: progetto interprovinciale che collega Belluno, Verona e Vicenza su cittadinanza attiva, partecipazione e storytelling dei territori<\/em><br \/>\n<em>\u2022 Focus su aree interne e vallate montane, per aiutare i giovani a immaginare un futuro possibile senza essere costretti a partire<\/em><\/p>\n<p>Fondazione Cariverona investe 430mila euro in due progetti che coinvolgono Belluno e la sua provincia nell\u2019ambito del bando Orienta il tuo futuro, parte di un impegno complessivo di 2,9 milioni di euro per 14 progetti nelle province di Verona, Vicenza, Belluno, Mantova e Ancona, rivolti a ragazze e ragazzi tra i 14 e i 20 anni. In un territorio come quello bellunese, segnato da spopolamento, invecchiamento e distanze fisiche importanti, l\u2019investimento si traduce in percorsi pensati per chi vorrebbe restare, ma spesso non vede possibilit\u00e0 concrete.<\/p>\n<p>Il punto di partenza \u00e8 noto: tanti giovani faticano a immaginare un progetto di vita nelle valli e nei paesi in cui sono cresciuti. Orienta il tuo futuro assume allora l\u2019orientamento come capacit\u00e0 di leggere il proprio territorio, riconoscerne i limiti ma anche le opportunit\u00e0, costruirci nuove traiettorie di futuro insieme ad adulti disposti a mettersi in gioco.<\/p>\n<figure id=\"attachment_149198\" aria-describedby=\"caption-attachment-149198\" style=\"width: 500px\" class=\"wp-caption aligncenter\"><img loading=\"lazy\" decoding=\"async\" class=\"size-medium wp-image-149198\" src=\"https:\/\/www.bellunopress.it\/wp-content\/uploads\/2024\/03\/Bruno-Giordano-presidente-Fondazione-Cariverona-500x334.jpg\" alt=\"\" width=\"500\" height=\"334\" srcset=\"https:\/\/www.bellunopress.it\/wp-content\/uploads\/2024\/03\/Bruno-Giordano-presidente-Fondazione-Cariverona-500x334.jpg 500w, https:\/\/www.bellunopress.it\/wp-content\/uploads\/2024\/03\/Bruno-Giordano-presidente-Fondazione-Cariverona-630x420.jpg 630w, https:\/\/www.bellunopress.it\/wp-content\/uploads\/2024\/03\/Bruno-Giordano-presidente-Fondazione-Cariverona-696x464.jpg 696w, https:\/\/www.bellunopress.it\/wp-content\/uploads\/2024\/03\/Bruno-Giordano-presidente-Fondazione-Cariverona.jpg 1000w\" sizes=\"auto, (max-width: 500px) 100vw, 500px\" \/><figcaption id=\"caption-attachment-149198\" class=\"wp-caption-text\">Bruno Giordano &#8211; Presidente Fondazione Cariverona<\/figcaption><\/figure>\n<p>\u00abSe i nostri giovani ci dicono che fanno fatica a vedersi qui tra dieci anni, il problema non sono loro: siamo noi adulti\u00bb, sottolinea Bruno Giordano, presidente di Fondazione Cariverona. \u00abPer troppo tempo abbiamo risposto con progetti episodici, iniziative a termine, sportelli temporanei. Con Orienta il tuo futuro chiediamo un cambio di passo: prendere sul serio quello che i ragazzi ci stanno dicendo e trasformarlo in alleanze stabili tra scuole, famiglie, terzo settore, istituzioni e imprese. Non basta \u2018offrire attivit\u00e0\u2019: bisogna condividere potere decisionale, ascoltare davvero, lasciare spazio\u00bb.<\/p>\n<p>Con UP!GEN (ente capofila GAL Prealpi e Dolomiti) i giovani bellunesi diventano \u201cgeneratori di traiettorie\u201d. Il progetto parte da domande molto concrete &#8211; dove studiare, che lavoro cercare, se restare o partire &#8211; e le allarga alla dimensione comunitaria: che contributo posso dare al mio paese? Laboratori di orientamento e competenze trasversali, incontri con imprese, associazioni e amministrazioni, esperienze sul campo aiutano ragazze e ragazzi a leggere bisogni e potenzialit\u00e0 delle valli, a riconoscere i propri talenti e a trasformarli in idee per il territorio: piccole iniziative imprenditoriali, progetti culturali, azioni di cura del paesaggio, nuove forme di accoglienza e turismo responsabile. UP!GEN lavora anche sulle fragilit\u00e0 &#8211; rischio di abbandono scolastico, isolamento, NEET &#8211; costruendo reti tra scuole, servizi, terzo settore e comunit\u00e0 locali perch\u00e9 nessuno resti \u201cfuori campo\u201d.<\/p>\n<p>Su questo stesso terreno si innesta AttiVISTI (ente capofila Enaip Veneto), il progetto interprovinciale che collega Belluno, Verona e Vicenza. \u00c8 un percorso \u201ca imbuto\u201d: da eventi e momenti ampi, aperti a molti giovani, in cui si parla di partecipazione, diritti, ambiente, memoria e digitale con linguaggi vicini alle nuove generazioni, si arriva a gruppi pi\u00f9 piccoli di ragazze e ragazzi pronti a impegnarsi di pi\u00f9. Con loro si lavora sulla cittadinanza attiva e sullo storytelling dei territori: reportage, campagne social, podcast, iniziative pubbliche che raccontano la vita nelle valli e nei quartieri, i problemi ma anche le risorse. Il percorso si chiude con un nucleo di giovani attivisti che co-progettano e realizzano azioni concrete nei propri paesi: un festival, una riapertura di spazi, un progetto ambientale, un laboratorio permanente di partecipazione.<\/p>\n<p>Due progetti diversi, dunque, che a Belluno convergono su un obiettivo comune: offrire alle nuove generazioni non solo strumenti per \u201candarsene\u201d, ma anche risorse, reti e immaginari per poter scegliere, se lo desiderano, di restare e contribuire a scrivere nuove traiettorie di futuro per le valli e i paesi in cui vivono.<\/p>\n<p>&nbsp;<\/p>\n<p><strong>SINTESI DEI PROGETTI SOSTENUTI<\/strong><br \/>\nBando Orienta il tuo futuro<\/p>\n<p>PROVINCIA DI BELLUNO<br \/>\nUP!GEN \u2013 Traiettorie da generare<br \/>\nEnte capofila: GAL Prealpi e Dolomiti<br \/>\nPartner strategici: Fondazione Elserino Piol; Associazione Amici delle Scuole in Rete \u2013 APS; Istituto Istruzione Superiore Galilei\u2013Tiziano; Amministrazione Provinciale di Belluno; APPIA Servizi s.r.l.; Liceo Scientifico Statale \u201cGiorgio Dal Piaz\u201d; Comune di Belluno; Comune di Feltre; Comune di Borgo Valbelluna; Confagricoltura Belluno; Confcommercio Belluno; Unione Artigiani Provincia Belluno; Associazione Industriali di Belluno; USRV \u2013 Ufficio Scolastico Regionale, Ambito Territoriale di Belluno.<br \/>\nContributo: 190.500 \u20ac<br \/>\nUP!GEN nasce in un territorio, quello del GAL Prealpi e Dolomiti, che conosce bene la parola \u201cspopolamento\u201d e vede molti giovani guardare altrove per immaginare il proprio futuro. Il progetto prova a cambiare la direzione di questo sguardo: non solo orientare le ragazze e i ragazzi, ma attivarli come risorsa viva per lo sviluppo locale, riconoscendo che il capitale umano pi\u00f9 prezioso sono proprio loro. L\u2019obiettivo \u00e8 accompagnare gli adolescenti nella costruzione consapevole del proprio percorso, aiutandoli a scoprire le opportunit\u00e0 che il territorio offre e a sentirsi parte di una storia collettiva.<br \/>\nPer farlo, UP!GEN lavora sulla costruzione di una comunit\u00e0 educante stabile e coesa, capace di ascoltare in modo strutturato i bisogni dei giovani e di metterli in dialogo con istituzioni, scuole, imprese e associazioni. Attraverso un modello di governance partecipata che li include nei processi decisionali, i ragazzi diventano co-protagonisti di un vero ecosistema dello sviluppo locale. Con il pacchetto di azioni \u201cCompetenze e cittadinanza attiva per il futuro\u201d vengono coinvolti circa 800 giovani in incontri sul territorio, momenti formativi nelle scuole, due learning journey per esplorare buone pratiche e una piattaforma digitale che raccoglie opportunit\u00e0, strumenti, materiali e il nuovo report di analisi dei bisogni \u201cTu oggi e domani\u201d.<br \/>\nParallelamente, un asse specifico \u00e8 dedicato a leadership ed empowerment giovanile: un gruppo di giovani selezionati viene accompagnato in un percorso intensivo per progettare, testare e lanciare iniziative concrete legate allo sviluppo locale e alla transizione digitale del territorio. Il risultato atteso non \u00e8 solo un piccolo numero di progetti realizzati, ma la nascita di una generazione di giovani \u201cgeneratori di traiettorie\u201d, capaci di leggere il proprio contesto, di proporre soluzioni e di restare &#8211; o tornare &#8211; \u201cqui\u201d, per contribuire al loro futuro.<\/p>\n<p>INTERPROVINCIALE (VERONA, VICENZA, BELLUNO)<br \/>\nAttiVISTI \u2013 Spazi di partecipazione per conoscersi e farsi riconoscere<br \/>\nEnte capofila: Enaip Veneto Sede Regionale &#8211; Impresa Sociale<br \/>\nPartner strategici: Amici del Villaggio; Associazione Culturale Theama; Associazione Excalibur; Associazione Pop Corner ETS; Comune di Grumolo delle Abbadesse; Comune di Longarone; Comune di Sona; Comune di Vicenza; Cooperativa Cinque+; Cooperativa Sociale Cosmo; Diocesi di Belluno\u2013Feltre; Fondazione Terzjus; Fondazione Vajont 9 ottobre 1963 Onlus; Hermete Cooperativa Sociale; Istituto Tecnico Industriale Statale \u201cG. Marconi\u201d di Verona; La Casetta SCARL; Pro Loco Longarone; Unione Sportiva Altair; Universit\u00e0 di Verona.<br \/>\nContributo: 237.000 \u20ac<br \/>\nAttiVISTI nasce dentro un percorso di ricerca-azione gi\u00e0 avviato da ENAIP Veneto \u2013 AEQUA LUX IN AEQUA NOCTE \u2013 Un futuro diverso: la misura di ci\u00f2 che conta \u2013 sul significato che i giovani attribuiscono oggi alla parola \u201ccomunit\u00e0\u201d. Da l\u00ec parte una domanda semplice e potente: come si diventa cittadini attivi, sentendosi parte di una comunit\u00e0 scolastica e territoriale, e non solo utenti di un servizio? Il progetto punta a coinvolgere oltre 1.000 giovani tra i 14 e i 19 anni, in gran parte studenti dei percorsi di Istruzione e Formazione Professionale delle sedi ENAIP di Bassano del Grappa, Feltre, Isola della Scala, Legnago, Longarone, Verona e Vicenza, ma anche ragazzi segnalati dai servizi sociali per rischio di abbandono scolastico e studenti di istituti superiori dei territori coinvolti. L\u2019idea \u00e8 costruire un percorso \u201ca imbuto\u201d: si parte da momenti di coinvolgimento ampio \u2013 World Caf\u00e8 e focus group \u2013 che permettono a molti adolescenti di condividere vissuti, paure, aspettative, e si arriva a gruppi pi\u00f9 ristretti di giovani che scelgono di impegnarsi in modo pi\u00f9 intenso.<br \/>\nNel mezzo, una serie di laboratori esperienziali aiuta a sviluppare competenze progettuali, comunicative e di storytelling: i ragazzi imparano a immaginare interventi nei propri contesti di vita, a trasformarli in proposte progettuali, a presentarli a coetanei e adulti, fino alla realizzazione di iniziative concrete sui territori comunali coinvolti. Eventi di narrazione pubblica, materiali multimediali, un video finale di storytelling rendono visibile all\u2019esterno il percorso e offrono ai partecipanti una palestra di autorappresentazione: imparare a raccontarsi \u00e8 un modo per prendere misura di s\u00e9 e del proprio valore. Accanto a questo, AttiVISTI mette a disposizione colloqui individuali di orientamento e coaching per almeno 250 giovani, cos\u00ec da affiancare al lavoro di gruppo un supporto personalizzato nella definizione del proprio progetto di vita. Una solida infrastruttura di governance, monitoraggio e valutazione d\u2019impatto permette infine di leggere ci\u00f2 che funziona e di sedimentare un modello replicabile di partecipazione giovanile.<\/p>","protected":false},"excerpt":{"rendered":"<p>Due progetti sostenuti da Fondazione Cariverona per contrastare spopolamento e isolamento nelle aree interne bellunesi e dare ai giovani un ruolo da protagonisti nello sviluppo locale In sintesi: \u2022 2 progetti sostenuti con 430mila euro che coinvolgono Belluno e provincia, nell\u2019ambito del bando Orienta il tuo futuro di Fondazione Cariverona \u2022 Parte di un impegno [&hellip;]<\/p>\n","protected":false},"author":2,"featured_media":138962,"comment_status":"closed","ping_status":"open","sticky":false,"template":"","format":"standard","meta":{"footnotes":""},"categories":[36,26,8],"tags":[],"class_list":["post-165704","post","type-post","status-publish","format-standard","has-post-thumbnail","category-lavoro-economia","category-prima-pagina","category-societa-istituzioni"],"yoast_head":"<!-- This site is optimized with the Yoast SEO plugin v28.4 - https:\/\/yoast.com\/product\/yoast-seo-wordpress\/ -->\n<title>Cariverona: 430mila euro per giovani che generano nuove traiettorie di futuro - Bellunopress - Dolomiti<\/title>\n<meta name=\"robots\" content=\"index, follow, max-snippet:-1, max-image-preview:large, max-video-preview:-1\" \/>\n<link rel=\"canonical\" href=\"https:\/\/www.bellunopress.it\/fr\/2025\/12\/12\/cariverona-430mila-euro-per-giovani-che-generano-nuove-traiettorie-di-futuro\/\" \/>\n<meta property=\"og:locale\" content=\"fr_FR\" \/>\n<meta property=\"og:type\" content=\"article\" \/>\n<meta property=\"og:title\" content=\"Cariverona: 430mila euro per giovani che generano nuove traiettorie di futuro - Bellunopress - Dolomiti\" \/>\n<meta property=\"og:description\" content=\"Due progetti sostenuti da Fondazione Cariverona per contrastare spopolamento e isolamento nelle aree interne bellunesi e dare ai giovani un ruolo da protagonisti nello sviluppo locale In sintesi: \u2022 2 progetti sostenuti con 430mila euro che coinvolgono Belluno e provincia, nell\u2019ambito del bando Orienta il tuo futuro di Fondazione Cariverona \u2022 Parte di un impegno [&hellip;]\" \/>\n<meta property=\"og:url\" content=\"https:\/\/www.bellunopress.it\/fr\/2025\/12\/12\/cariverona-430mila-euro-per-giovani-che-generano-nuove-traiettorie-di-futuro\/\" \/>\n<meta property=\"og:site_name\" content=\"Bellunopress - Dolomiti\" \/>\n<meta property=\"article:publisher\" content=\"https:\/\/www.facebook.com\/profile.php?id=100008943462799\" \/>\n<meta property=\"article:published_time\" content=\"2025-12-12T10:51:10+00:00\" \/>\n<meta property=\"article:modified_time\" content=\"2025-12-12T11:03:58+00:00\" \/>\n<meta property=\"og:image\" content=\"https:\/\/www.bellunopress.it\/wp-content\/uploads\/2023\/01\/Fondazione-Cariverona_edited.jpg\" \/>\n\t<meta property=\"og:image:width\" content=\"1000\" \/>\n\t<meta property=\"og:image:height\" content=\"297\" \/>\n\t<meta property=\"og:image:type\" content=\"image\/jpeg\" \/>\n<meta name=\"author\" content=\"redazione\" \/>\n<meta name=\"twitter:card\" content=\"summary_large_image\" \/>\n<meta name=\"twitter:creator\" content=\"@bellunopress\" \/>\n<meta name=\"twitter:site\" content=\"@bellunopress\" \/>\n<meta name=\"twitter:label1\" content=\"\u00c9crit par\" \/>\n\t<meta name=\"twitter:data1\" content=\"redazione\" \/>\n\t<meta name=\"twitter:label2\" content=\"Dur\u00e9e de lecture estim\u00e9e\" \/>\n\t<meta name=\"twitter:data2\" content=\"7 minutes\" \/>\n<script type=\"application\/ld+json\" class=\"yoast-schema-graph\">{\"@context\":\"https:\\\/\\\/schema.org\",\"@graph\":[{\"@type\":\"Article\",\"@id\":\"https:\\\/\\\/www.bellunopress.it\\\/2025\\\/12\\\/12\\\/cariverona-430mila-euro-per-giovani-che-generano-nuove-traiettorie-di-futuro\\\/#article\",\"isPartOf\":{\"@id\":\"https:\\\/\\\/www.bellunopress.it\\\/2025\\\/12\\\/12\\\/cariverona-430mila-euro-per-giovani-che-generano-nuove-traiettorie-di-futuro\\\/\"},\"author\":{\"name\":\"redazione\",\"@id\":\"https:\\\/\\\/www.bellunopress.it\\\/#\\\/schema\\\/person\\\/79bb06722b37ece1c03d3e94beb30d73\"},\"headline\":\"Cariverona: 430mila euro per giovani che generano nuove traiettorie di futuro\",\"datePublished\":\"2025-12-12T10:51:10+00:00\",\"dateModified\":\"2025-12-12T11:03:58+00:00\",\"mainEntityOfPage\":{\"@id\":\"https:\\\/\\\/www.bellunopress.it\\\/2025\\\/12\\\/12\\\/cariverona-430mila-euro-per-giovani-che-generano-nuove-traiettorie-di-futuro\\\/\"},\"wordCount\":1488,\"publisher\":{\"@id\":\"https:\\\/\\\/www.bellunopress.it\\\/#organization\"},\"image\":{\"@id\":\"https:\\\/\\\/www.bellunopress.it\\\/2025\\\/12\\\/12\\\/cariverona-430mila-euro-per-giovani-che-generano-nuove-traiettorie-di-futuro\\\/#primaryimage\"},\"thumbnailUrl\":\"https:\\\/\\\/www.bellunopress.it\\\/wp-content\\\/uploads\\\/2023\\\/01\\\/Fondazione-Cariverona_edited.jpg\",\"articleSection\":[\"Lavoro, Economia, Turismo\",\"Prima Pagina\",\"Societ\u00e0, Associazioni, Istituzioni\"],\"inLanguage\":\"fr-FR\"},{\"@type\":\"WebPage\",\"@id\":\"https:\\\/\\\/www.bellunopress.it\\\/2025\\\/12\\\/12\\\/cariverona-430mila-euro-per-giovani-che-generano-nuove-traiettorie-di-futuro\\\/\",\"url\":\"https:\\\/\\\/www.bellunopress.it\\\/2025\\\/12\\\/12\\\/cariverona-430mila-euro-per-giovani-che-generano-nuove-traiettorie-di-futuro\\\/\",\"name\":\"Cariverona: 430mila euro per giovani che generano nuove traiettorie di futuro - Bellunopress - Dolomiti\",\"isPartOf\":{\"@id\":\"https:\\\/\\\/www.bellunopress.it\\\/#website\"},\"primaryImageOfPage\":{\"@id\":\"https:\\\/\\\/www.bellunopress.it\\\/2025\\\/12\\\/12\\\/cariverona-430mila-euro-per-giovani-che-generano-nuove-traiettorie-di-futuro\\\/#primaryimage\"},\"image\":{\"@id\":\"https:\\\/\\\/www.bellunopress.it\\\/2025\\\/12\\\/12\\\/cariverona-430mila-euro-per-giovani-che-generano-nuove-traiettorie-di-futuro\\\/#primaryimage\"},\"thumbnailUrl\":\"https:\\\/\\\/www.bellunopress.it\\\/wp-content\\\/uploads\\\/2023\\\/01\\\/Fondazione-Cariverona_edited.jpg\",\"datePublished\":\"2025-12-12T10:51:10+00:00\",\"dateModified\":\"2025-12-12T11:03:58+00:00\",\"breadcrumb\":{\"@id\":\"https:\\\/\\\/www.bellunopress.it\\\/2025\\\/12\\\/12\\\/cariverona-430mila-euro-per-giovani-che-generano-nuove-traiettorie-di-futuro\\\/#breadcrumb\"},\"inLanguage\":\"fr-FR\",\"potentialAction\":[{\"@type\":\"ReadAction\",\"target\":[\"https:\\\/\\\/www.bellunopress.it\\\/2025\\\/12\\\/12\\\/cariverona-430mila-euro-per-giovani-che-generano-nuove-traiettorie-di-futuro\\\/\"]}]},{\"@type\":\"ImageObject\",\"inLanguage\":\"fr-FR\",\"@id\":\"https:\\\/\\\/www.bellunopress.it\\\/2025\\\/12\\\/12\\\/cariverona-430mila-euro-per-giovani-che-generano-nuove-traiettorie-di-futuro\\\/#primaryimage\",\"url\":\"https:\\\/\\\/www.bellunopress.it\\\/wp-content\\\/uploads\\\/2023\\\/01\\\/Fondazione-Cariverona_edited.jpg\",\"contentUrl\":\"https:\\\/\\\/www.bellunopress.it\\\/wp-content\\\/uploads\\\/2023\\\/01\\\/Fondazione-Cariverona_edited.jpg\",\"width\":1000,\"height\":297},{\"@type\":\"BreadcrumbList\",\"@id\":\"https:\\\/\\\/www.bellunopress.it\\\/2025\\\/12\\\/12\\\/cariverona-430mila-euro-per-giovani-che-generano-nuove-traiettorie-di-futuro\\\/#breadcrumb\",\"itemListElement\":[{\"@type\":\"ListItem\",\"position\":1,\"name\":\"Home\",\"item\":\"https:\\\/\\\/www.bellunopress.it\\\/\"},{\"@type\":\"ListItem\",\"position\":2,\"name\":\"Cariverona: 430mila euro per giovani che generano nuove traiettorie di futuro\"}]},{\"@type\":\"WebSite\",\"@id\":\"https:\\\/\\\/www.bellunopress.it\\\/#website\",\"url\":\"https:\\\/\\\/www.bellunopress.it\\\/\",\"name\":\"Bellunopress - Dolomiti\",\"description\":\"e-mail: redazione@bellunopress.it\",\"publisher\":{\"@id\":\"https:\\\/\\\/www.bellunopress.it\\\/#organization\"},\"potentialAction\":[{\"@type\":\"SearchAction\",\"target\":{\"@type\":\"EntryPoint\",\"urlTemplate\":\"https:\\\/\\\/www.bellunopress.it\\\/?s={search_term_string}\"},\"query-input\":{\"@type\":\"PropertyValueSpecification\",\"valueRequired\":true,\"valueName\":\"search_term_string\"}}],\"inLanguage\":\"fr-FR\"},{\"@type\":\"Organization\",\"@id\":\"https:\\\/\\\/www.bellunopress.it\\\/#organization\",\"name\":\"Bellunopress\",\"url\":\"https:\\\/\\\/www.bellunopress.it\\\/\",\"logo\":{\"@type\":\"ImageObject\",\"inLanguage\":\"fr-FR\",\"@id\":\"https:\\\/\\\/www.bellunopress.it\\\/#\\\/schema\\\/logo\\\/image\\\/\",\"url\":\"https:\\\/\\\/www.bellunopress.it\\\/wp-content\\\/uploads\\\/2011\\\/05\\\/cropped-logo-bellunopress-.jpg\",\"contentUrl\":\"https:\\\/\\\/www.bellunopress.it\\\/wp-content\\\/uploads\\\/2011\\\/05\\\/cropped-logo-bellunopress-.jpg\",\"width\":512,\"height\":512,\"caption\":\"Bellunopress\"},\"image\":{\"@id\":\"https:\\\/\\\/www.bellunopress.it\\\/#\\\/schema\\\/logo\\\/image\\\/\"},\"sameAs\":[\"https:\\\/\\\/www.facebook.com\\\/profile.php?id=100008943462799\",\"https:\\\/\\\/x.com\\\/bellunopress\",\"https:\\\/\\\/www.linkedin.com\\\/hp\\\/?dnr=JBzUWaJfMUw8vbXJJ2tVW5-I3jZKvC4wsoxE&amp;amp;amp;amp;amp;amp;trk=nav_responsive_tab_home\",\"https:\\\/\\\/www.youtube.com\\\/channel\\\/UCxL0wu1uN0_3_7hGG0306cw\"]},{\"@type\":\"Person\",\"@id\":\"https:\\\/\\\/www.bellunopress.it\\\/#\\\/schema\\\/person\\\/79bb06722b37ece1c03d3e94beb30d73\",\"name\":\"redazione\",\"image\":{\"@type\":\"ImageObject\",\"inLanguage\":\"fr-FR\",\"@id\":\"https:\\\/\\\/secure.gravatar.com\\\/avatar\\\/37d968a2e67a6fd04c169c4bdef102d0bc5d31b2546345219e348575eb80e9a0?s=96&d=mm&r=g\",\"url\":\"https:\\\/\\\/secure.gravatar.com\\\/avatar\\\/37d968a2e67a6fd04c169c4bdef102d0bc5d31b2546345219e348575eb80e9a0?s=96&d=mm&r=g\",\"contentUrl\":\"https:\\\/\\\/secure.gravatar.com\\\/avatar\\\/37d968a2e67a6fd04c169c4bdef102d0bc5d31b2546345219e348575eb80e9a0?s=96&d=mm&r=g\",\"caption\":\"redazione\"},\"sameAs\":[\"http:\\\/\\\/www.bellunopress.it\",\"https:\\\/\\\/x.com\\\/bellunopress\"],\"url\":\"https:\\\/\\\/www.bellunopress.it\\\/fr\\\/author\\\/redazione\\\/\"}]}<\/script>\n<!-- \/ Yoast SEO plugin. -->","yoast_head_json":{"title":"Cariverona: 430mila euro per giovani che generano nuove traiettorie di futuro - Bellunopress - Dolomiti","robots":{"index":"index","follow":"follow","max-snippet":"max-snippet:-1","max-image-preview":"max-image-preview:large","max-video-preview":"max-video-preview:-1"},"canonical":"https:\/\/www.bellunopress.it\/fr\/2025\/12\/12\/cariverona-430mila-euro-per-giovani-che-generano-nuove-traiettorie-di-futuro\/","og_locale":"fr_FR","og_type":"article","og_title":"Cariverona: 430mila euro per giovani che generano nuove traiettorie di futuro - Bellunopress - Dolomiti","og_description":"Due progetti sostenuti da Fondazione Cariverona per contrastare spopolamento e isolamento nelle aree interne bellunesi e dare ai giovani un ruolo da protagonisti nello sviluppo locale In sintesi: \u2022 2 progetti sostenuti con 430mila euro che coinvolgono Belluno e provincia, nell\u2019ambito del bando Orienta il tuo futuro di Fondazione Cariverona \u2022 Parte di un impegno [&hellip;]","og_url":"https:\/\/www.bellunopress.it\/fr\/2025\/12\/12\/cariverona-430mila-euro-per-giovani-che-generano-nuove-traiettorie-di-futuro\/","og_site_name":"Bellunopress - Dolomiti","article_publisher":"https:\/\/www.facebook.com\/profile.php?id=100008943462799","article_published_time":"2025-12-12T10:51:10+00:00","article_modified_time":"2025-12-12T11:03:58+00:00","og_image":[{"width":1000,"height":297,"url":"https:\/\/www.bellunopress.it\/wp-content\/uploads\/2023\/01\/Fondazione-Cariverona_edited.jpg","type":"image\/jpeg"}],"author":"redazione","twitter_card":"summary_large_image","twitter_creator":"@bellunopress","twitter_site":"@bellunopress","twitter_misc":{"\u00c9crit par":"redazione","Dur\u00e9e de lecture estim\u00e9e":"7 minutes"},"schema":{"@context":"https:\/\/schema.org","@graph":[{"@type":"Article","@id":"https:\/\/www.bellunopress.it\/2025\/12\/12\/cariverona-430mila-euro-per-giovani-che-generano-nuove-traiettorie-di-futuro\/#article","isPartOf":{"@id":"https:\/\/www.bellunopress.it\/2025\/12\/12\/cariverona-430mila-euro-per-giovani-che-generano-nuove-traiettorie-di-futuro\/"},"author":{"name":"redazione","@id":"https:\/\/www.bellunopress.it\/#\/schema\/person\/79bb06722b37ece1c03d3e94beb30d73"},"headline":"Cariverona: 430mila euro per giovani che generano nuove traiettorie di futuro","datePublished":"2025-12-12T10:51:10+00:00","dateModified":"2025-12-12T11:03:58+00:00","mainEntityOfPage":{"@id":"https:\/\/www.bellunopress.it\/2025\/12\/12\/cariverona-430mila-euro-per-giovani-che-generano-nuove-traiettorie-di-futuro\/"},"wordCount":1488,"publisher":{"@id":"https:\/\/www.bellunopress.it\/#organization"},"image":{"@id":"https:\/\/www.bellunopress.it\/2025\/12\/12\/cariverona-430mila-euro-per-giovani-che-generano-nuove-traiettorie-di-futuro\/#primaryimage"},"thumbnailUrl":"https:\/\/www.bellunopress.it\/wp-content\/uploads\/2023\/01\/Fondazione-Cariverona_edited.jpg","articleSection":["Lavoro, Economia, Turismo","Prima Pagina","Societ\u00e0, Associazioni, Istituzioni"],"inLanguage":"fr-FR"},{"@type":"WebPage","@id":"https:\/\/www.bellunopress.it\/2025\/12\/12\/cariverona-430mila-euro-per-giovani-che-generano-nuove-traiettorie-di-futuro\/","url":"https:\/\/www.bellunopress.it\/2025\/12\/12\/cariverona-430mila-euro-per-giovani-che-generano-nuove-traiettorie-di-futuro\/","name":"Cariverona: 430mila euro per giovani che generano nuove traiettorie di futuro - Bellunopress - Dolomiti","isPartOf":{"@id":"https:\/\/www.bellunopress.it\/#website"},"primaryImageOfPage":{"@id":"https:\/\/www.bellunopress.it\/2025\/12\/12\/cariverona-430mila-euro-per-giovani-che-generano-nuove-traiettorie-di-futuro\/#primaryimage"},"image":{"@id":"https:\/\/www.bellunopress.it\/2025\/12\/12\/cariverona-430mila-euro-per-giovani-che-generano-nuove-traiettorie-di-futuro\/#primaryimage"},"thumbnailUrl":"https:\/\/www.bellunopress.it\/wp-content\/uploads\/2023\/01\/Fondazione-Cariverona_edited.jpg","datePublished":"2025-12-12T10:51:10+00:00","dateModified":"2025-12-12T11:03:58+00:00","breadcrumb":{"@id":"https:\/\/www.bellunopress.it\/2025\/12\/12\/cariverona-430mila-euro-per-giovani-che-generano-nuove-traiettorie-di-futuro\/#breadcrumb"},"inLanguage":"fr-FR","potentialAction":[{"@type":"ReadAction","target":["https:\/\/www.bellunopress.it\/2025\/12\/12\/cariverona-430mila-euro-per-giovani-che-generano-nuove-traiettorie-di-futuro\/"]}]},{"@type":"ImageObject","inLanguage":"fr-FR","@id":"https:\/\/www.bellunopress.it\/2025\/12\/12\/cariverona-430mila-euro-per-giovani-che-generano-nuove-traiettorie-di-futuro\/#primaryimage","url":"https:\/\/www.bellunopress.it\/wp-content\/uploads\/2023\/01\/Fondazione-Cariverona_edited.jpg","contentUrl":"https:\/\/www.bellunopress.it\/wp-content\/uploads\/2023\/01\/Fondazione-Cariverona_edited.jpg","width":1000,"height":297},{"@type":"BreadcrumbList","@id":"https:\/\/www.bellunopress.it\/2025\/12\/12\/cariverona-430mila-euro-per-giovani-che-generano-nuove-traiettorie-di-futuro\/#breadcrumb","itemListElement":[{"@type":"ListItem","position":1,"name":"Home","item":"https:\/\/www.bellunopress.it\/"},{"@type":"ListItem","position":2,"name":"Cariverona: 430mila euro per giovani che generano nuove traiettorie di futuro"}]},{"@type":"WebSite","@id":"https:\/\/www.bellunopress.it\/#website","url":"https:\/\/www.bellunopress.it\/","name":"Bellunopress - Dolomiti","description":"e-mail: redazione@bellunopress.it","publisher":{"@id":"https:\/\/www.bellunopress.it\/#organization"},"potentialAction":[{"@type":"SearchAction","target":{"@type":"EntryPoint","urlTemplate":"https:\/\/www.bellunopress.it\/?s={search_term_string}"},"query-input":{"@type":"PropertyValueSpecification","valueRequired":true,"valueName":"search_term_string"}}],"inLanguage":"fr-FR"},{"@type":"Organization","@id":"https:\/\/www.bellunopress.it\/#organization","name":"Bellunopress","url":"https:\/\/www.bellunopress.it\/","logo":{"@type":"ImageObject","inLanguage":"fr-FR","@id":"https:\/\/www.bellunopress.it\/#\/schema\/logo\/image\/","url":"https:\/\/www.bellunopress.it\/wp-content\/uploads\/2011\/05\/cropped-logo-bellunopress-.jpg","contentUrl":"https:\/\/www.bellunopress.it\/wp-content\/uploads\/2011\/05\/cropped-logo-bellunopress-.jpg","width":512,"height":512,"caption":"Bellunopress"},"image":{"@id":"https:\/\/www.bellunopress.it\/#\/schema\/logo\/image\/"},"sameAs":["https:\/\/www.facebook.com\/profile.php?id=100008943462799","https:\/\/x.com\/bellunopress","https:\/\/www.linkedin.com\/hp\/?dnr=JBzUWaJfMUw8vbXJJ2tVW5-I3jZKvC4wsoxE&amp;amp;amp;amp;amp;amp;trk=nav_responsive_tab_home","https:\/\/www.youtube.com\/channel\/UCxL0wu1uN0_3_7hGG0306cw"]},{"@type":"Person","@id":"https:\/\/www.bellunopress.it\/#\/schema\/person\/79bb06722b37ece1c03d3e94beb30d73","name":"r\u00e9daction","image":{"@type":"ImageObject","inLanguage":"fr-FR","@id":"https:\/\/secure.gravatar.com\/avatar\/37d968a2e67a6fd04c169c4bdef102d0bc5d31b2546345219e348575eb80e9a0?s=96&d=mm&r=g","url":"https:\/\/secure.gravatar.com\/avatar\/37d968a2e67a6fd04c169c4bdef102d0bc5d31b2546345219e348575eb80e9a0?s=96&d=mm&r=g","contentUrl":"https:\/\/secure.gravatar.com\/avatar\/37d968a2e67a6fd04c169c4bdef102d0bc5d31b2546345219e348575eb80e9a0?s=96&d=mm&r=g","caption":"redazione"},"sameAs":["http:\/\/www.bellunopress.it","https:\/\/x.com\/bellunopress"],"url":"https:\/\/www.bellunopress.it\/fr\/author\/redazione\/"}]}},"_links":{"self":[{"href":"https:\/\/www.bellunopress.it\/fr\/wp-json\/wp\/v2\/posts\/165704","targetHints":{"allow":["GET"]}}],"collection":[{"href":"https:\/\/www.bellunopress.it\/fr\/wp-json\/wp\/v2\/posts"}],"about":[{"href":"https:\/\/www.bellunopress.it\/fr\/wp-json\/wp\/v2\/types\/post"}],"author":[{"embeddable":true,"href":"https:\/\/www.bellunopress.it\/fr\/wp-json\/wp\/v2\/users\/2"}],"replies":[{"embeddable":true,"href":"https:\/\/www.bellunopress.it\/fr\/wp-json\/wp\/v2\/comments?post=165704"}],"version-history":[{"count":1,"href":"https:\/\/www.bellunopress.it\/fr\/wp-json\/wp\/v2\/posts\/165704\/revisions"}],"predecessor-version":[{"id":165705,"href":"https:\/\/www.bellunopress.it\/fr\/wp-json\/wp\/v2\/posts\/165704\/revisions\/165705"}],"wp:featuredmedia":[{"embeddable":true,"href":"https:\/\/www.bellunopress.it\/fr\/wp-json\/wp\/v2\/media\/138962"}],"wp:attachment":[{"href":"https:\/\/www.bellunopress.it\/fr\/wp-json\/wp\/v2\/media?parent=165704"}],"wp:term":[{"taxonomy":"category","embeddable":true,"href":"https:\/\/www.bellunopress.it\/fr\/wp-json\/wp\/v2\/categories?post=165704"},{"taxonomy":"post_tag","embeddable":true,"href":"https:\/\/www.bellunopress.it\/fr\/wp-json\/wp\/v2\/tags?post=165704"}],"curies":[{"name":"wp","href":"https:\/\/api.w.org\/{rel}","templated":true}]}}