{"id":165689,"date":"2025-12-12T16:07:37","date_gmt":"2025-12-12T15:07:37","guid":{"rendered":"https:\/\/www.bellunopress.it\/?p=165689"},"modified":"2025-12-12T07:13:13","modified_gmt":"2025-12-12T06:13:13","slug":"silicosi-cronache-di-una-malattia-dimenticata-martedi-il-convegno-a-feltre","status":"publish","type":"post","link":"https:\/\/www.bellunopress.it\/fr\/2025\/12\/12\/silicosi-cronache-di-una-malattia-dimenticata-martedi-il-convegno-a-feltre\/","title":{"rendered":"Silicosi: cronache di una malattia dimenticata. Marted\u00ec il convegno\u00a0a Feltre"},"content":{"rendered":"<p><img loading=\"lazy\" decoding=\"async\" class=\"aligncenter size-medium wp-image-165690\" src=\"https:\/\/www.bellunopress.it\/wp-content\/uploads\/2025\/12\/convegno-silicosi_edited-353x500.jpg\" alt=\"\" width=\"353\" height=\"500\" srcset=\"https:\/\/www.bellunopress.it\/wp-content\/uploads\/2025\/12\/convegno-silicosi_edited-353x500.jpg 353w, https:\/\/www.bellunopress.it\/wp-content\/uploads\/2025\/12\/convegno-silicosi_edited-296x420.jpg 296w, https:\/\/www.bellunopress.it\/wp-content\/uploads\/2025\/12\/convegno-silicosi_edited.jpg 562w\" sizes=\"auto, (max-width: 353px) 100vw, 353px\" \/>Il Servizio SPISAL dell\u2019Ulss Dolomiti, in collaborazione con INAIL, l\u2019Associazione Bellunesi nel Mondo, Centro Internazionale del Libro Parlato, Comitato Gemellaggi Feltre, Fondaco per Feltre e con il patrocinio del Comune di Feltre organizza il convegno \u201cSilicosi: cronache di una malattia dimenticata\u201d che si terr\u00e0 marted\u00ec 16 dicembre 2025 dalle 9.00 alle 13.00 nella sala convegni dell\u2019Ospedale di Feltre.<\/p>\n<p><strong>Silicosi: cos\u2019\u00e9?<\/strong><br \/>\nLa silicosi classica \u00e8 una patologia che interessa il polmone portando ad una insufficienza respiratoria per esposizione a polveri di silice protratte nel tempo per almeno 10 anni. Negli ultimi anni, con l\u2019affacciarsi sul mercato di marmi artificiali aventi un alto contenuto di silice, si \u00e8 assistito alla comparsa di forme accelerate in giovani lavoratori che si manifestano dopo pochi anni di esposizione e che risultano rapidamente invalidanti con una sopravvivenza media di 10 anni.<\/p>\n<p><strong>Il convegno<\/strong><br \/>\nIl convegno prevede una prima sessione, moderata da Mauro Viani del Consiglio Direttivo Fondaco per Feltre, con la presentazione del libro \u201cSilicosi. L\u2019olocausto dimenticato della montagna veneta\u201d da parte dell\u2019autore Egidio Pasuch: una ricerca storica per ripercorrere una triste pagina della stagione in cui miniere, cave e gallerie hanno segnato la vita di intere comunit\u00e0 del Bellunese.<\/p>\n<p>A seguire si terr\u00e0 una seconda sessione di tipo scientifico, moderata da Gianfranco Albertin, Direttore SPISAL dell\u2019Ulss Dolomiti. Con il Direttore della Pneumologia dell\u2019ospedale di Feltre, Cosimo Catino e il Direttore della Pneumologia dell\u2019ospedale di Belluno, Rodolfo Muzzolon saranno illustrate la sintomatologia e la diagnosi di questa patologia. Seguir\u00e0 l\u2019intervento di Ottorino Gottardo, Igienista Industriale dello SPISAL dell\u2019Ulss 6 Euganea che mostrer\u00e0 una serie di casi recenti di silicosi legati all\u2019utilizzo dei nuovi marmi artificiali che da qualche anno hanno trovato ampia diffusione nell\u2019industria dell\u2019arredamento in sostituzione delle pietre naturali. Concluderanno la mattinata Gabriele Scarpa e Lorenzo Marzemin di INAIL Belluno portando i dati dei casi che sono stati segnalati negli ultimi anni in provincia di Belluno e parlando delle forme di tutela del lavoratore.<\/p>\n<p>Per partecipare al convegno \u00e8 possibile iscriversi compilando il modulo al link <a href=\"https:\/\/forms.gle\/bXf4fJ2rmYiD534V6\">https:\/\/forms.gle\/bXf4fJ2rmYiD534V6<\/a> oppure inquadrando il QR riportato sulla locandina.<\/p>\n<p>Per informazioni \u00e8 possibile contattare la Segreteria Servizio Spisal al numero 0437 514565 o tramite e-mail spisal.bl@aulss1.veneto.it<\/p>\n<p>&nbsp;<\/p>","protected":false},"excerpt":{"rendered":"<p>Il Servizio SPISAL dell\u2019Ulss Dolomiti, in collaborazione con INAIL, l\u2019Associazione Bellunesi nel Mondo, Centro Internazionale del Libro Parlato, Comitato Gemellaggi Feltre, Fondaco per Feltre e con il patrocinio del Comune di Feltre organizza il convegno \u201cSilicosi: cronache di una malattia dimenticata\u201d che si terr\u00e0 marted\u00ec 16 dicembre 2025 dalle 9.00 alle 13.00 nella sala convegni [&hellip;]<\/p>\n","protected":false},"author":2,"featured_media":165690,"comment_status":"closed","ping_status":"open","sticky":false,"template":"","format":"standard","meta":{"footnotes":""},"categories":[25,17],"tags":[],"class_list":["post-165689","post","type-post","status-publish","format-standard","has-post-thumbnail","category-pausa-caffe","category-sanita"],"yoast_head":"<!-- This site is optimized with the Yoast SEO plugin v28.4 - https:\/\/yoast.com\/product\/yoast-seo-wordpress\/ -->\n<title>Silicosi: cronache di una malattia dimenticata. Marted\u00ec il convegno\u00a0a Feltre - Bellunopress - Dolomiti<\/title>\n<meta name=\"robots\" content=\"index, follow, max-snippet:-1, max-image-preview:large, max-video-preview:-1\" \/>\n<link rel=\"canonical\" href=\"https:\/\/www.bellunopress.it\/fr\/2025\/12\/12\/silicosi-cronache-di-una-malattia-dimenticata-martedi-il-convegno-a-feltre\/\" \/>\n<meta property=\"og:locale\" content=\"fr_FR\" \/>\n<meta property=\"og:type\" content=\"article\" \/>\n<meta property=\"og:title\" content=\"Silicosi: cronache di una malattia dimenticata. Marted\u00ec il convegno\u00a0a Feltre - Bellunopress - Dolomiti\" \/>\n<meta property=\"og:description\" content=\"Il Servizio SPISAL dell\u2019Ulss Dolomiti, in collaborazione con INAIL, l\u2019Associazione Bellunesi nel Mondo, Centro Internazionale del Libro Parlato, Comitato Gemellaggi Feltre, Fondaco per Feltre e con il patrocinio del Comune di Feltre organizza il convegno \u201cSilicosi: cronache di una malattia dimenticata\u201d che si terr\u00e0 marted\u00ec 16 dicembre 2025 dalle 9.00 alle 13.00 nella sala convegni [&hellip;]\" \/>\n<meta property=\"og:url\" content=\"https:\/\/www.bellunopress.it\/fr\/2025\/12\/12\/silicosi-cronache-di-una-malattia-dimenticata-martedi-il-convegno-a-feltre\/\" \/>\n<meta property=\"og:site_name\" content=\"Bellunopress - Dolomiti\" \/>\n<meta property=\"article:publisher\" content=\"https:\/\/www.facebook.com\/profile.php?id=100008943462799\" \/>\n<meta property=\"article:published_time\" content=\"2025-12-12T15:07:37+00:00\" \/>\n<meta property=\"og:image\" content=\"https:\/\/www.bellunopress.it\/wp-content\/uploads\/2025\/12\/convegno-silicosi_edited.jpg\" \/>\n\t<meta property=\"og:image:width\" content=\"562\" \/>\n\t<meta property=\"og:image:height\" content=\"797\" \/>\n\t<meta property=\"og:image:type\" content=\"image\/jpeg\" \/>\n<meta name=\"author\" content=\"redazione\" \/>\n<meta name=\"twitter:card\" content=\"summary_large_image\" \/>\n<meta name=\"twitter:creator\" content=\"@bellunopress\" \/>\n<meta name=\"twitter:site\" content=\"@bellunopress\" \/>\n<meta name=\"twitter:label1\" content=\"\u00c9crit par\" \/>\n\t<meta name=\"twitter:data1\" content=\"redazione\" \/>\n\t<meta name=\"twitter:label2\" content=\"Dur\u00e9e de lecture estim\u00e9e\" \/>\n\t<meta name=\"twitter:data2\" content=\"2 minutes\" \/>\n<script type=\"application\/ld+json\" class=\"yoast-schema-graph\">{\"@context\":\"https:\\\/\\\/schema.org\",\"@graph\":[{\"@type\":\"Article\",\"@id\":\"https:\\\/\\\/www.bellunopress.it\\\/2025\\\/12\\\/12\\\/silicosi-cronache-di-una-malattia-dimenticata-martedi-il-convegno-a-feltre\\\/#article\",\"isPartOf\":{\"@id\":\"https:\\\/\\\/www.bellunopress.it\\\/2025\\\/12\\\/12\\\/silicosi-cronache-di-una-malattia-dimenticata-martedi-il-convegno-a-feltre\\\/\"},\"author\":{\"name\":\"redazione\",\"@id\":\"https:\\\/\\\/www.bellunopress.it\\\/#\\\/schema\\\/person\\\/79bb06722b37ece1c03d3e94beb30d73\"},\"headline\":\"Silicosi: cronache di una malattia dimenticata. Marted\u00ec il convegno\u00a0a Feltre\",\"datePublished\":\"2025-12-12T15:07:37+00:00\",\"mainEntityOfPage\":{\"@id\":\"https:\\\/\\\/www.bellunopress.it\\\/2025\\\/12\\\/12\\\/silicosi-cronache-di-una-malattia-dimenticata-martedi-il-convegno-a-feltre\\\/\"},\"wordCount\":379,\"publisher\":{\"@id\":\"https:\\\/\\\/www.bellunopress.it\\\/#organization\"},\"image\":{\"@id\":\"https:\\\/\\\/www.bellunopress.it\\\/2025\\\/12\\\/12\\\/silicosi-cronache-di-una-malattia-dimenticata-martedi-il-convegno-a-feltre\\\/#primaryimage\"},\"thumbnailUrl\":\"https:\\\/\\\/www.bellunopress.it\\\/wp-content\\\/uploads\\\/2025\\\/12\\\/convegno-silicosi_edited.jpg\",\"articleSection\":[\"Pausa Caff\u00e8\",\"Sanit\u00e0 Medicina\"],\"inLanguage\":\"fr-FR\"},{\"@type\":\"WebPage\",\"@id\":\"https:\\\/\\\/www.bellunopress.it\\\/2025\\\/12\\\/12\\\/silicosi-cronache-di-una-malattia-dimenticata-martedi-il-convegno-a-feltre\\\/\",\"url\":\"https:\\\/\\\/www.bellunopress.it\\\/2025\\\/12\\\/12\\\/silicosi-cronache-di-una-malattia-dimenticata-martedi-il-convegno-a-feltre\\\/\",\"name\":\"Silicosi: cronache di una malattia dimenticata. Marted\u00ec il convegno\u00a0a Feltre - Bellunopress - Dolomiti\",\"isPartOf\":{\"@id\":\"https:\\\/\\\/www.bellunopress.it\\\/#website\"},\"primaryImageOfPage\":{\"@id\":\"https:\\\/\\\/www.bellunopress.it\\\/2025\\\/12\\\/12\\\/silicosi-cronache-di-una-malattia-dimenticata-martedi-il-convegno-a-feltre\\\/#primaryimage\"},\"image\":{\"@id\":\"https:\\\/\\\/www.bellunopress.it\\\/2025\\\/12\\\/12\\\/silicosi-cronache-di-una-malattia-dimenticata-martedi-il-convegno-a-feltre\\\/#primaryimage\"},\"thumbnailUrl\":\"https:\\\/\\\/www.bellunopress.it\\\/wp-content\\\/uploads\\\/2025\\\/12\\\/convegno-silicosi_edited.jpg\",\"datePublished\":\"2025-12-12T15:07:37+00:00\",\"breadcrumb\":{\"@id\":\"https:\\\/\\\/www.bellunopress.it\\\/2025\\\/12\\\/12\\\/silicosi-cronache-di-una-malattia-dimenticata-martedi-il-convegno-a-feltre\\\/#breadcrumb\"},\"inLanguage\":\"fr-FR\",\"potentialAction\":[{\"@type\":\"ReadAction\",\"target\":[\"https:\\\/\\\/www.bellunopress.it\\\/2025\\\/12\\\/12\\\/silicosi-cronache-di-una-malattia-dimenticata-martedi-il-convegno-a-feltre\\\/\"]}]},{\"@type\":\"ImageObject\",\"inLanguage\":\"fr-FR\",\"@id\":\"https:\\\/\\\/www.bellunopress.it\\\/2025\\\/12\\\/12\\\/silicosi-cronache-di-una-malattia-dimenticata-martedi-il-convegno-a-feltre\\\/#primaryimage\",\"url\":\"https:\\\/\\\/www.bellunopress.it\\\/wp-content\\\/uploads\\\/2025\\\/12\\\/convegno-silicosi_edited.jpg\",\"contentUrl\":\"https:\\\/\\\/www.bellunopress.it\\\/wp-content\\\/uploads\\\/2025\\\/12\\\/convegno-silicosi_edited.jpg\",\"width\":562,\"height\":797},{\"@type\":\"BreadcrumbList\",\"@id\":\"https:\\\/\\\/www.bellunopress.it\\\/2025\\\/12\\\/12\\\/silicosi-cronache-di-una-malattia-dimenticata-martedi-il-convegno-a-feltre\\\/#breadcrumb\",\"itemListElement\":[{\"@type\":\"ListItem\",\"position\":1,\"name\":\"Home\",\"item\":\"https:\\\/\\\/www.bellunopress.it\\\/\"},{\"@type\":\"ListItem\",\"position\":2,\"name\":\"Silicosi: cronache di una malattia dimenticata. Marted\u00ec il convegno\u00a0a Feltre\"}]},{\"@type\":\"WebSite\",\"@id\":\"https:\\\/\\\/www.bellunopress.it\\\/#website\",\"url\":\"https:\\\/\\\/www.bellunopress.it\\\/\",\"name\":\"Bellunopress - Dolomiti\",\"description\":\"e-mail: redazione@bellunopress.it\",\"publisher\":{\"@id\":\"https:\\\/\\\/www.bellunopress.it\\\/#organization\"},\"potentialAction\":[{\"@type\":\"SearchAction\",\"target\":{\"@type\":\"EntryPoint\",\"urlTemplate\":\"https:\\\/\\\/www.bellunopress.it\\\/?s={search_term_string}\"},\"query-input\":{\"@type\":\"PropertyValueSpecification\",\"valueRequired\":true,\"valueName\":\"search_term_string\"}}],\"inLanguage\":\"fr-FR\"},{\"@type\":\"Organization\",\"@id\":\"https:\\\/\\\/www.bellunopress.it\\\/#organization\",\"name\":\"Bellunopress\",\"url\":\"https:\\\/\\\/www.bellunopress.it\\\/\",\"logo\":{\"@type\":\"ImageObject\",\"inLanguage\":\"fr-FR\",\"@id\":\"https:\\\/\\\/www.bellunopress.it\\\/#\\\/schema\\\/logo\\\/image\\\/\",\"url\":\"https:\\\/\\\/www.bellunopress.it\\\/wp-content\\\/uploads\\\/2011\\\/05\\\/cropped-logo-bellunopress-.jpg\",\"contentUrl\":\"https:\\\/\\\/www.bellunopress.it\\\/wp-content\\\/uploads\\\/2011\\\/05\\\/cropped-logo-bellunopress-.jpg\",\"width\":512,\"height\":512,\"caption\":\"Bellunopress\"},\"image\":{\"@id\":\"https:\\\/\\\/www.bellunopress.it\\\/#\\\/schema\\\/logo\\\/image\\\/\"},\"sameAs\":[\"https:\\\/\\\/www.facebook.com\\\/profile.php?id=100008943462799\",\"https:\\\/\\\/x.com\\\/bellunopress\",\"https:\\\/\\\/www.linkedin.com\\\/hp\\\/?dnr=JBzUWaJfMUw8vbXJJ2tVW5-I3jZKvC4wsoxE&amp;amp;amp;amp;amp;amp;trk=nav_responsive_tab_home\",\"https:\\\/\\\/www.youtube.com\\\/channel\\\/UCxL0wu1uN0_3_7hGG0306cw\"]},{\"@type\":\"Person\",\"@id\":\"https:\\\/\\\/www.bellunopress.it\\\/#\\\/schema\\\/person\\\/79bb06722b37ece1c03d3e94beb30d73\",\"name\":\"redazione\",\"image\":{\"@type\":\"ImageObject\",\"inLanguage\":\"fr-FR\",\"@id\":\"https:\\\/\\\/secure.gravatar.com\\\/avatar\\\/37d968a2e67a6fd04c169c4bdef102d0bc5d31b2546345219e348575eb80e9a0?s=96&d=mm&r=g\",\"url\":\"https:\\\/\\\/secure.gravatar.com\\\/avatar\\\/37d968a2e67a6fd04c169c4bdef102d0bc5d31b2546345219e348575eb80e9a0?s=96&d=mm&r=g\",\"contentUrl\":\"https:\\\/\\\/secure.gravatar.com\\\/avatar\\\/37d968a2e67a6fd04c169c4bdef102d0bc5d31b2546345219e348575eb80e9a0?s=96&d=mm&r=g\",\"caption\":\"redazione\"},\"sameAs\":[\"http:\\\/\\\/www.bellunopress.it\",\"https:\\\/\\\/x.com\\\/bellunopress\"],\"url\":\"https:\\\/\\\/www.bellunopress.it\\\/fr\\\/author\\\/redazione\\\/\"}]}<\/script>\n<!-- \/ Yoast SEO plugin. -->","yoast_head_json":{"title":"Silicosi: cronache di una malattia dimenticata. Marted\u00ec il convegno\u00a0a Feltre - Bellunopress - Dolomiti","robots":{"index":"index","follow":"follow","max-snippet":"max-snippet:-1","max-image-preview":"max-image-preview:large","max-video-preview":"max-video-preview:-1"},"canonical":"https:\/\/www.bellunopress.it\/fr\/2025\/12\/12\/silicosi-cronache-di-una-malattia-dimenticata-martedi-il-convegno-a-feltre\/","og_locale":"fr_FR","og_type":"article","og_title":"Silicosi: cronache di una malattia dimenticata. Marted\u00ec il convegno\u00a0a Feltre - Bellunopress - Dolomiti","og_description":"Il Servizio SPISAL dell\u2019Ulss Dolomiti, in collaborazione con INAIL, l\u2019Associazione Bellunesi nel Mondo, Centro Internazionale del Libro Parlato, Comitato Gemellaggi Feltre, Fondaco per Feltre e con il patrocinio del Comune di Feltre organizza il convegno \u201cSilicosi: cronache di una malattia dimenticata\u201d che si terr\u00e0 marted\u00ec 16 dicembre 2025 dalle 9.00 alle 13.00 nella sala convegni [&hellip;]","og_url":"https:\/\/www.bellunopress.it\/fr\/2025\/12\/12\/silicosi-cronache-di-una-malattia-dimenticata-martedi-il-convegno-a-feltre\/","og_site_name":"Bellunopress - Dolomiti","article_publisher":"https:\/\/www.facebook.com\/profile.php?id=100008943462799","article_published_time":"2025-12-12T15:07:37+00:00","og_image":[{"width":562,"height":797,"url":"https:\/\/www.bellunopress.it\/wp-content\/uploads\/2025\/12\/convegno-silicosi_edited.jpg","type":"image\/jpeg"}],"author":"redazione","twitter_card":"summary_large_image","twitter_creator":"@bellunopress","twitter_site":"@bellunopress","twitter_misc":{"\u00c9crit par":"redazione","Dur\u00e9e de lecture estim\u00e9e":"2 minutes"},"schema":{"@context":"https:\/\/schema.org","@graph":[{"@type":"Article","@id":"https:\/\/www.bellunopress.it\/2025\/12\/12\/silicosi-cronache-di-una-malattia-dimenticata-martedi-il-convegno-a-feltre\/#article","isPartOf":{"@id":"https:\/\/www.bellunopress.it\/2025\/12\/12\/silicosi-cronache-di-una-malattia-dimenticata-martedi-il-convegno-a-feltre\/"},"author":{"name":"redazione","@id":"https:\/\/www.bellunopress.it\/#\/schema\/person\/79bb06722b37ece1c03d3e94beb30d73"},"headline":"Silicosi: cronache di una malattia dimenticata. Marted\u00ec il convegno\u00a0a Feltre","datePublished":"2025-12-12T15:07:37+00:00","mainEntityOfPage":{"@id":"https:\/\/www.bellunopress.it\/2025\/12\/12\/silicosi-cronache-di-una-malattia-dimenticata-martedi-il-convegno-a-feltre\/"},"wordCount":379,"publisher":{"@id":"https:\/\/www.bellunopress.it\/#organization"},"image":{"@id":"https:\/\/www.bellunopress.it\/2025\/12\/12\/silicosi-cronache-di-una-malattia-dimenticata-martedi-il-convegno-a-feltre\/#primaryimage"},"thumbnailUrl":"https:\/\/www.bellunopress.it\/wp-content\/uploads\/2025\/12\/convegno-silicosi_edited.jpg","articleSection":["Pausa Caff\u00e8","Sanit\u00e0 Medicina"],"inLanguage":"fr-FR"},{"@type":"WebPage","@id":"https:\/\/www.bellunopress.it\/2025\/12\/12\/silicosi-cronache-di-una-malattia-dimenticata-martedi-il-convegno-a-feltre\/","url":"https:\/\/www.bellunopress.it\/2025\/12\/12\/silicosi-cronache-di-una-malattia-dimenticata-martedi-il-convegno-a-feltre\/","name":"Silicosi: cronache di una malattia dimenticata. Marted\u00ec il convegno\u00a0a Feltre - Bellunopress - Dolomiti","isPartOf":{"@id":"https:\/\/www.bellunopress.it\/#website"},"primaryImageOfPage":{"@id":"https:\/\/www.bellunopress.it\/2025\/12\/12\/silicosi-cronache-di-una-malattia-dimenticata-martedi-il-convegno-a-feltre\/#primaryimage"},"image":{"@id":"https:\/\/www.bellunopress.it\/2025\/12\/12\/silicosi-cronache-di-una-malattia-dimenticata-martedi-il-convegno-a-feltre\/#primaryimage"},"thumbnailUrl":"https:\/\/www.bellunopress.it\/wp-content\/uploads\/2025\/12\/convegno-silicosi_edited.jpg","datePublished":"2025-12-12T15:07:37+00:00","breadcrumb":{"@id":"https:\/\/www.bellunopress.it\/2025\/12\/12\/silicosi-cronache-di-una-malattia-dimenticata-martedi-il-convegno-a-feltre\/#breadcrumb"},"inLanguage":"fr-FR","potentialAction":[{"@type":"ReadAction","target":["https:\/\/www.bellunopress.it\/2025\/12\/12\/silicosi-cronache-di-una-malattia-dimenticata-martedi-il-convegno-a-feltre\/"]}]},{"@type":"ImageObject","inLanguage":"fr-FR","@id":"https:\/\/www.bellunopress.it\/2025\/12\/12\/silicosi-cronache-di-una-malattia-dimenticata-martedi-il-convegno-a-feltre\/#primaryimage","url":"https:\/\/www.bellunopress.it\/wp-content\/uploads\/2025\/12\/convegno-silicosi_edited.jpg","contentUrl":"https:\/\/www.bellunopress.it\/wp-content\/uploads\/2025\/12\/convegno-silicosi_edited.jpg","width":562,"height":797},{"@type":"BreadcrumbList","@id":"https:\/\/www.bellunopress.it\/2025\/12\/12\/silicosi-cronache-di-una-malattia-dimenticata-martedi-il-convegno-a-feltre\/#breadcrumb","itemListElement":[{"@type":"ListItem","position":1,"name":"Home","item":"https:\/\/www.bellunopress.it\/"},{"@type":"ListItem","position":2,"name":"Silicosi: cronache di una malattia dimenticata. Marted\u00ec il convegno\u00a0a Feltre"}]},{"@type":"WebSite","@id":"https:\/\/www.bellunopress.it\/#website","url":"https:\/\/www.bellunopress.it\/","name":"Bellunopress - Dolomiti","description":"e-mail: redazione@bellunopress.it","publisher":{"@id":"https:\/\/www.bellunopress.it\/#organization"},"potentialAction":[{"@type":"SearchAction","target":{"@type":"EntryPoint","urlTemplate":"https:\/\/www.bellunopress.it\/?s={search_term_string}"},"query-input":{"@type":"PropertyValueSpecification","valueRequired":true,"valueName":"search_term_string"}}],"inLanguage":"fr-FR"},{"@type":"Organization","@id":"https:\/\/www.bellunopress.it\/#organization","name":"Bellunopress","url":"https:\/\/www.bellunopress.it\/","logo":{"@type":"ImageObject","inLanguage":"fr-FR","@id":"https:\/\/www.bellunopress.it\/#\/schema\/logo\/image\/","url":"https:\/\/www.bellunopress.it\/wp-content\/uploads\/2011\/05\/cropped-logo-bellunopress-.jpg","contentUrl":"https:\/\/www.bellunopress.it\/wp-content\/uploads\/2011\/05\/cropped-logo-bellunopress-.jpg","width":512,"height":512,"caption":"Bellunopress"},"image":{"@id":"https:\/\/www.bellunopress.it\/#\/schema\/logo\/image\/"},"sameAs":["https:\/\/www.facebook.com\/profile.php?id=100008943462799","https:\/\/x.com\/bellunopress","https:\/\/www.linkedin.com\/hp\/?dnr=JBzUWaJfMUw8vbXJJ2tVW5-I3jZKvC4wsoxE&amp;amp;amp;amp;amp;amp;trk=nav_responsive_tab_home","https:\/\/www.youtube.com\/channel\/UCxL0wu1uN0_3_7hGG0306cw"]},{"@type":"Person","@id":"https:\/\/www.bellunopress.it\/#\/schema\/person\/79bb06722b37ece1c03d3e94beb30d73","name":"r\u00e9daction","image":{"@type":"ImageObject","inLanguage":"fr-FR","@id":"https:\/\/secure.gravatar.com\/avatar\/37d968a2e67a6fd04c169c4bdef102d0bc5d31b2546345219e348575eb80e9a0?s=96&d=mm&r=g","url":"https:\/\/secure.gravatar.com\/avatar\/37d968a2e67a6fd04c169c4bdef102d0bc5d31b2546345219e348575eb80e9a0?s=96&d=mm&r=g","contentUrl":"https:\/\/secure.gravatar.com\/avatar\/37d968a2e67a6fd04c169c4bdef102d0bc5d31b2546345219e348575eb80e9a0?s=96&d=mm&r=g","caption":"redazione"},"sameAs":["http:\/\/www.bellunopress.it","https:\/\/x.com\/bellunopress"],"url":"https:\/\/www.bellunopress.it\/fr\/author\/redazione\/"}]}},"_links":{"self":[{"href":"https:\/\/www.bellunopress.it\/fr\/wp-json\/wp\/v2\/posts\/165689","targetHints":{"allow":["GET"]}}],"collection":[{"href":"https:\/\/www.bellunopress.it\/fr\/wp-json\/wp\/v2\/posts"}],"about":[{"href":"https:\/\/www.bellunopress.it\/fr\/wp-json\/wp\/v2\/types\/post"}],"author":[{"embeddable":true,"href":"https:\/\/www.bellunopress.it\/fr\/wp-json\/wp\/v2\/users\/2"}],"replies":[{"embeddable":true,"href":"https:\/\/www.bellunopress.it\/fr\/wp-json\/wp\/v2\/comments?post=165689"}],"version-history":[{"count":1,"href":"https:\/\/www.bellunopress.it\/fr\/wp-json\/wp\/v2\/posts\/165689\/revisions"}],"predecessor-version":[{"id":165691,"href":"https:\/\/www.bellunopress.it\/fr\/wp-json\/wp\/v2\/posts\/165689\/revisions\/165691"}],"wp:featuredmedia":[{"embeddable":true,"href":"https:\/\/www.bellunopress.it\/fr\/wp-json\/wp\/v2\/media\/165690"}],"wp:attachment":[{"href":"https:\/\/www.bellunopress.it\/fr\/wp-json\/wp\/v2\/media?parent=165689"}],"wp:term":[{"taxonomy":"category","embeddable":true,"href":"https:\/\/www.bellunopress.it\/fr\/wp-json\/wp\/v2\/categories?post=165689"},{"taxonomy":"post_tag","embeddable":true,"href":"https:\/\/www.bellunopress.it\/fr\/wp-json\/wp\/v2\/tags?post=165689"}],"curies":[{"name":"wp","href":"https:\/\/api.w.org\/{rel}","templated":true}]}}