{"id":165657,"date":"2025-12-11T10:45:02","date_gmt":"2025-12-11T09:45:02","guid":{"rendered":"https:\/\/www.bellunopress.it\/?p=165657"},"modified":"2025-12-11T10:45:02","modified_gmt":"2025-12-11T09:45:02","slug":"giornata-internazionale-della-montagna-campagna-respiro-dalta-quota","status":"publish","type":"post","link":"https:\/\/www.bellunopress.it\/fr\/2025\/12\/11\/giornata-internazionale-della-montagna-campagna-respiro-dalta-quota\/","title":{"rendered":"Giornata Internazionale della Montagna. Campagna &#8220;Respiro d&#8217;Alta Quota&#8221;"},"content":{"rendered":"<p><img loading=\"lazy\" decoding=\"async\" class=\"aligncenter size-medium wp-image-165658\" src=\"https:\/\/www.bellunopress.it\/wp-content\/uploads\/2025\/12\/Giornata-internazionale-della-montagna-2025_edited-351x500.jpg\" alt=\"\" width=\"351\" height=\"500\" srcset=\"https:\/\/www.bellunopress.it\/wp-content\/uploads\/2025\/12\/Giornata-internazionale-della-montagna-2025_edited-351x500.jpg 351w, https:\/\/www.bellunopress.it\/wp-content\/uploads\/2025\/12\/Giornata-internazionale-della-montagna-2025_edited-295x420.jpg 295w, https:\/\/www.bellunopress.it\/wp-content\/uploads\/2025\/12\/Giornata-internazionale-della-montagna-2025_edited.jpg 562w\" sizes=\"auto, (max-width: 351px) 100vw, 351px\" \/>In occasione della Giornata Internazionale della Montagna 2025, il Coordinamento Nazionale Docenti della Disciplina dei Diritti Umani avvia la campagna nazionale \u201cRespiro d\u2019Alta Quota\u201d, rivolta al mondo della scuola per valorizzare la montagna come ecosistema vitale, luogo di diritti e laboratorio privilegiato per educare alla sostenibilit\u00e0. La ricorrenza dell\u201911 dicembre, istituita dalle Nazioni Unite nel 2003 dopo il 2002 dedicato all\u2019Anno Internazionale della Montagna, assume oggi un significato ancora pi\u00f9 pressante alla luce delle trasformazioni climatiche che interessano i territori d\u2019alta quota.<\/p>\n<p>Il tema scelto dalla FAO per il 2025 \u2014 \u201cI ghiacciai sono importanti per l\u2019acqua, il cibo e i mezzi di sussistenza in montagna e oltre\u201d \u2014 richiama l\u2019urgenza di guardare ai ghiacciai non come elementi periferici del paesaggio, ma come componenti essenziali del sistema che sostiene le comunit\u00e0 umane. In Italia, autorevoli studi confermano la rapidit\u00e0 dei cambiamenti in corso. Un\u2019analisi riportata da AP News sullo stato del ghiacciaio Ventina mostra come esso abbia perso oltre un chilometro e mezzo di lunghezza rispetto al 1895, diventando cos\u00ec ridotto da non poter pi\u00f9 essere rilevato con i metodi tradizionali.<\/p>\n<p>Parallelamente, una ricerca pubblicata sulla rivista scientifica The Cryosphere (Copernicus) evidenzia la significativa diminuzione del numero e della superficie complessiva dei ghiacciai italiani, con un assottigliamento generalizzato e una perdita accelerata di massa glaciale. Questi dati compongono un quadro chiaro: ci\u00f2 che si trasforma in alta quota influisce profondamente sulla disponibilit\u00e0 d\u2019acqua, sulla biodiversit\u00e0, sulla sicurezza dei versanti e sugli equilibri economici e sociali delle aree a valle.<\/p>\n<p>\u00c8 in questo contesto che nasce \u201cRespiro d\u2019Alta Quota\u201d, un invito rivolto alle scuole italiane a considerare la montagna come un soggetto vivente, un patrimonio culturale, ambientale e umano da tutelare attraverso percorsi educativi innovativi. La montagna diventa cos\u00ec un osservatorio privilegiato per comprendere la connessione tra ambiente, scienza, diritti e futuro. La scuola, attraverso attivit\u00e0 interdisciplinari e riflessioni condivise, pu\u00f2 tradurre i dati scientifici in consapevolezza critica e responsabilit\u00e0 collettiva. L\u2019esperienza educativa collegata alla montagna non si limita alla contemplazione del paesaggio: include la comprensione delle dinamiche climatiche, il dialogo con le comunit\u00e0 locali, la narrazione del territorio e la capacit\u00e0 di immaginare soluzioni per una gestione sostenibile delle risorse.<\/p>\n<p>La campagna \u201cRespiro d\u2019Alta Quota\u201d invita dunque gli istituti scolastici a dare voce alle montagne e al loro respiro, oggi sempre pi\u00f9 fragile, attraverso progetti di ricerca, testimonianze dirette, iniziative artistiche e momenti di confronto aperto. Nel percorso verso le Olimpiadi Invernali del 2026, che vedranno protagoniste nuovamente le Dolomiti tra Cortina e Milano, questa sensibilizzazione diventa particolarmente significativa: la sfida non \u00e8 solo celebrare lo sport, ma proteggere i territori che lo rendono possibile.<\/p>\n<p>Il Coordinamento Nazionale Docenti della Disciplina dei Diritti Umani invita pertanto le scuole italiane a partecipare attivamente alla campagna \u201cRespiro d\u2019Alta Quota\u201d, condividendo esperienze e progetti che trasformino l\u201911 dicembre in un impegno quotidiano. Le montagne respirano, e nel loro respiro si custodisce il futuro di tutti: la scuola pu\u00f2, e deve, contribuire a proteggerlo.<\/p>\n<p>prof. Romano Pesavento<br \/>\nPresidente Nazionale CNDDU<\/p>","protected":false},"excerpt":{"rendered":"<p>In occasione della Giornata Internazionale della Montagna 2025, il Coordinamento Nazionale Docenti della Disciplina dei Diritti Umani avvia la campagna nazionale \u201cRespiro d\u2019Alta Quota\u201d, rivolta al mondo della scuola per valorizzare la montagna come ecosistema vitale, luogo di diritti e laboratorio privilegiato per educare alla sostenibilit\u00e0. La ricorrenza dell\u201911 dicembre, istituita dalle Nazioni Unite nel [&hellip;]<\/p>\n","protected":false},"author":2,"featured_media":165658,"comment_status":"closed","ping_status":"open","sticky":false,"template":"","format":"standard","meta":{"footnotes":""},"categories":[15],"tags":[],"class_list":["post-165657","post","type-post","status-publish","format-standard","has-post-thumbnail","category-scuola"],"yoast_head":"<!-- This site is optimized with the Yoast SEO plugin v28.4 - https:\/\/yoast.com\/product\/yoast-seo-wordpress\/ -->\n<title>Giornata Internazionale della Montagna. Campagna &quot;Respiro d&#039;Alta Quota&quot; - Bellunopress - Dolomiti<\/title>\n<meta name=\"robots\" content=\"index, follow, max-snippet:-1, max-image-preview:large, max-video-preview:-1\" \/>\n<link rel=\"canonical\" href=\"https:\/\/www.bellunopress.it\/fr\/2025\/12\/11\/giornata-internazionale-della-montagna-campagna-respiro-dalta-quota\/\" \/>\n<meta property=\"og:locale\" content=\"fr_FR\" \/>\n<meta property=\"og:type\" content=\"article\" \/>\n<meta property=\"og:title\" content=\"Giornata Internazionale della Montagna. Campagna &quot;Respiro d&#039;Alta Quota&quot; - Bellunopress - Dolomiti\" \/>\n<meta property=\"og:description\" content=\"In occasione della Giornata Internazionale della Montagna 2025, il Coordinamento Nazionale Docenti della Disciplina dei Diritti Umani avvia la campagna nazionale \u201cRespiro d\u2019Alta Quota\u201d, rivolta al mondo della scuola per valorizzare la montagna come ecosistema vitale, luogo di diritti e laboratorio privilegiato per educare alla sostenibilit\u00e0. La ricorrenza dell\u201911 dicembre, istituita dalle Nazioni Unite nel [&hellip;]\" \/>\n<meta property=\"og:url\" content=\"https:\/\/www.bellunopress.it\/fr\/2025\/12\/11\/giornata-internazionale-della-montagna-campagna-respiro-dalta-quota\/\" \/>\n<meta property=\"og:site_name\" content=\"Bellunopress - Dolomiti\" \/>\n<meta property=\"article:publisher\" content=\"https:\/\/www.facebook.com\/profile.php?id=100008943462799\" \/>\n<meta property=\"article:published_time\" content=\"2025-12-11T09:45:02+00:00\" \/>\n<meta property=\"og:image\" content=\"https:\/\/www.bellunopress.it\/wp-content\/uploads\/2025\/12\/Giornata-internazionale-della-montagna-2025_edited.jpg\" \/>\n\t<meta property=\"og:image:width\" content=\"562\" \/>\n\t<meta property=\"og:image:height\" content=\"800\" \/>\n\t<meta property=\"og:image:type\" content=\"image\/jpeg\" \/>\n<meta name=\"author\" content=\"redazione\" \/>\n<meta name=\"twitter:card\" content=\"summary_large_image\" \/>\n<meta name=\"twitter:creator\" content=\"@bellunopress\" \/>\n<meta name=\"twitter:site\" content=\"@bellunopress\" \/>\n<meta name=\"twitter:label1\" content=\"\u00c9crit par\" \/>\n\t<meta name=\"twitter:data1\" content=\"redazione\" \/>\n\t<meta name=\"twitter:label2\" content=\"Dur\u00e9e de lecture estim\u00e9e\" \/>\n\t<meta name=\"twitter:data2\" content=\"2 minutes\" \/>\n<script type=\"application\/ld+json\" class=\"yoast-schema-graph\">{\"@context\":\"https:\\\/\\\/schema.org\",\"@graph\":[{\"@type\":\"Article\",\"@id\":\"https:\\\/\\\/www.bellunopress.it\\\/2025\\\/12\\\/11\\\/giornata-internazionale-della-montagna-campagna-respiro-dalta-quota\\\/#article\",\"isPartOf\":{\"@id\":\"https:\\\/\\\/www.bellunopress.it\\\/2025\\\/12\\\/11\\\/giornata-internazionale-della-montagna-campagna-respiro-dalta-quota\\\/\"},\"author\":{\"name\":\"redazione\",\"@id\":\"https:\\\/\\\/www.bellunopress.it\\\/#\\\/schema\\\/person\\\/79bb06722b37ece1c03d3e94beb30d73\"},\"headline\":\"Giornata Internazionale della Montagna. Campagna &#8220;Respiro d&#8217;Alta Quota&#8221;\",\"datePublished\":\"2025-12-11T09:45:02+00:00\",\"mainEntityOfPage\":{\"@id\":\"https:\\\/\\\/www.bellunopress.it\\\/2025\\\/12\\\/11\\\/giornata-internazionale-della-montagna-campagna-respiro-dalta-quota\\\/\"},\"wordCount\":506,\"publisher\":{\"@id\":\"https:\\\/\\\/www.bellunopress.it\\\/#organization\"},\"image\":{\"@id\":\"https:\\\/\\\/www.bellunopress.it\\\/2025\\\/12\\\/11\\\/giornata-internazionale-della-montagna-campagna-respiro-dalta-quota\\\/#primaryimage\"},\"thumbnailUrl\":\"https:\\\/\\\/www.bellunopress.it\\\/wp-content\\\/uploads\\\/2025\\\/12\\\/Giornata-internazionale-della-montagna-2025_edited.jpg\",\"articleSection\":[\"Scuola\"],\"inLanguage\":\"fr-FR\"},{\"@type\":\"WebPage\",\"@id\":\"https:\\\/\\\/www.bellunopress.it\\\/2025\\\/12\\\/11\\\/giornata-internazionale-della-montagna-campagna-respiro-dalta-quota\\\/\",\"url\":\"https:\\\/\\\/www.bellunopress.it\\\/2025\\\/12\\\/11\\\/giornata-internazionale-della-montagna-campagna-respiro-dalta-quota\\\/\",\"name\":\"Giornata Internazionale della Montagna. Campagna \\\"Respiro d'Alta Quota\\\" - Bellunopress - Dolomiti\",\"isPartOf\":{\"@id\":\"https:\\\/\\\/www.bellunopress.it\\\/#website\"},\"primaryImageOfPage\":{\"@id\":\"https:\\\/\\\/www.bellunopress.it\\\/2025\\\/12\\\/11\\\/giornata-internazionale-della-montagna-campagna-respiro-dalta-quota\\\/#primaryimage\"},\"image\":{\"@id\":\"https:\\\/\\\/www.bellunopress.it\\\/2025\\\/12\\\/11\\\/giornata-internazionale-della-montagna-campagna-respiro-dalta-quota\\\/#primaryimage\"},\"thumbnailUrl\":\"https:\\\/\\\/www.bellunopress.it\\\/wp-content\\\/uploads\\\/2025\\\/12\\\/Giornata-internazionale-della-montagna-2025_edited.jpg\",\"datePublished\":\"2025-12-11T09:45:02+00:00\",\"breadcrumb\":{\"@id\":\"https:\\\/\\\/www.bellunopress.it\\\/2025\\\/12\\\/11\\\/giornata-internazionale-della-montagna-campagna-respiro-dalta-quota\\\/#breadcrumb\"},\"inLanguage\":\"fr-FR\",\"potentialAction\":[{\"@type\":\"ReadAction\",\"target\":[\"https:\\\/\\\/www.bellunopress.it\\\/2025\\\/12\\\/11\\\/giornata-internazionale-della-montagna-campagna-respiro-dalta-quota\\\/\"]}]},{\"@type\":\"ImageObject\",\"inLanguage\":\"fr-FR\",\"@id\":\"https:\\\/\\\/www.bellunopress.it\\\/2025\\\/12\\\/11\\\/giornata-internazionale-della-montagna-campagna-respiro-dalta-quota\\\/#primaryimage\",\"url\":\"https:\\\/\\\/www.bellunopress.it\\\/wp-content\\\/uploads\\\/2025\\\/12\\\/Giornata-internazionale-della-montagna-2025_edited.jpg\",\"contentUrl\":\"https:\\\/\\\/www.bellunopress.it\\\/wp-content\\\/uploads\\\/2025\\\/12\\\/Giornata-internazionale-della-montagna-2025_edited.jpg\",\"width\":562,\"height\":800},{\"@type\":\"BreadcrumbList\",\"@id\":\"https:\\\/\\\/www.bellunopress.it\\\/2025\\\/12\\\/11\\\/giornata-internazionale-della-montagna-campagna-respiro-dalta-quota\\\/#breadcrumb\",\"itemListElement\":[{\"@type\":\"ListItem\",\"position\":1,\"name\":\"Home\",\"item\":\"https:\\\/\\\/www.bellunopress.it\\\/\"},{\"@type\":\"ListItem\",\"position\":2,\"name\":\"Giornata Internazionale della Montagna. Campagna &#8220;Respiro d&#8217;Alta Quota&#8221;\"}]},{\"@type\":\"WebSite\",\"@id\":\"https:\\\/\\\/www.bellunopress.it\\\/#website\",\"url\":\"https:\\\/\\\/www.bellunopress.it\\\/\",\"name\":\"Bellunopress - Dolomiti\",\"description\":\"e-mail: redazione@bellunopress.it\",\"publisher\":{\"@id\":\"https:\\\/\\\/www.bellunopress.it\\\/#organization\"},\"potentialAction\":[{\"@type\":\"SearchAction\",\"target\":{\"@type\":\"EntryPoint\",\"urlTemplate\":\"https:\\\/\\\/www.bellunopress.it\\\/?s={search_term_string}\"},\"query-input\":{\"@type\":\"PropertyValueSpecification\",\"valueRequired\":true,\"valueName\":\"search_term_string\"}}],\"inLanguage\":\"fr-FR\"},{\"@type\":\"Organization\",\"@id\":\"https:\\\/\\\/www.bellunopress.it\\\/#organization\",\"name\":\"Bellunopress\",\"url\":\"https:\\\/\\\/www.bellunopress.it\\\/\",\"logo\":{\"@type\":\"ImageObject\",\"inLanguage\":\"fr-FR\",\"@id\":\"https:\\\/\\\/www.bellunopress.it\\\/#\\\/schema\\\/logo\\\/image\\\/\",\"url\":\"https:\\\/\\\/www.bellunopress.it\\\/wp-content\\\/uploads\\\/2011\\\/05\\\/cropped-logo-bellunopress-.jpg\",\"contentUrl\":\"https:\\\/\\\/www.bellunopress.it\\\/wp-content\\\/uploads\\\/2011\\\/05\\\/cropped-logo-bellunopress-.jpg\",\"width\":512,\"height\":512,\"caption\":\"Bellunopress\"},\"image\":{\"@id\":\"https:\\\/\\\/www.bellunopress.it\\\/#\\\/schema\\\/logo\\\/image\\\/\"},\"sameAs\":[\"https:\\\/\\\/www.facebook.com\\\/profile.php?id=100008943462799\",\"https:\\\/\\\/x.com\\\/bellunopress\",\"https:\\\/\\\/www.linkedin.com\\\/hp\\\/?dnr=JBzUWaJfMUw8vbXJJ2tVW5-I3jZKvC4wsoxE&amp;amp;amp;amp;amp;amp;trk=nav_responsive_tab_home\",\"https:\\\/\\\/www.youtube.com\\\/channel\\\/UCxL0wu1uN0_3_7hGG0306cw\"]},{\"@type\":\"Person\",\"@id\":\"https:\\\/\\\/www.bellunopress.it\\\/#\\\/schema\\\/person\\\/79bb06722b37ece1c03d3e94beb30d73\",\"name\":\"redazione\",\"image\":{\"@type\":\"ImageObject\",\"inLanguage\":\"fr-FR\",\"@id\":\"https:\\\/\\\/secure.gravatar.com\\\/avatar\\\/37d968a2e67a6fd04c169c4bdef102d0bc5d31b2546345219e348575eb80e9a0?s=96&d=mm&r=g\",\"url\":\"https:\\\/\\\/secure.gravatar.com\\\/avatar\\\/37d968a2e67a6fd04c169c4bdef102d0bc5d31b2546345219e348575eb80e9a0?s=96&d=mm&r=g\",\"contentUrl\":\"https:\\\/\\\/secure.gravatar.com\\\/avatar\\\/37d968a2e67a6fd04c169c4bdef102d0bc5d31b2546345219e348575eb80e9a0?s=96&d=mm&r=g\",\"caption\":\"redazione\"},\"sameAs\":[\"http:\\\/\\\/www.bellunopress.it\",\"https:\\\/\\\/x.com\\\/bellunopress\"],\"url\":\"https:\\\/\\\/www.bellunopress.it\\\/fr\\\/author\\\/redazione\\\/\"}]}<\/script>\n<!-- \/ Yoast SEO plugin. -->","yoast_head_json":{"title":"Giornata Internazionale della Montagna. Campagna \"Respiro d'Alta Quota\" - Bellunopress - Dolomiti","robots":{"index":"index","follow":"follow","max-snippet":"max-snippet:-1","max-image-preview":"max-image-preview:large","max-video-preview":"max-video-preview:-1"},"canonical":"https:\/\/www.bellunopress.it\/fr\/2025\/12\/11\/giornata-internazionale-della-montagna-campagna-respiro-dalta-quota\/","og_locale":"fr_FR","og_type":"article","og_title":"Giornata Internazionale della Montagna. Campagna \"Respiro d'Alta Quota\" - Bellunopress - Dolomiti","og_description":"In occasione della Giornata Internazionale della Montagna 2025, il Coordinamento Nazionale Docenti della Disciplina dei Diritti Umani avvia la campagna nazionale \u201cRespiro d\u2019Alta Quota\u201d, rivolta al mondo della scuola per valorizzare la montagna come ecosistema vitale, luogo di diritti e laboratorio privilegiato per educare alla sostenibilit\u00e0. La ricorrenza dell\u201911 dicembre, istituita dalle Nazioni Unite nel [&hellip;]","og_url":"https:\/\/www.bellunopress.it\/fr\/2025\/12\/11\/giornata-internazionale-della-montagna-campagna-respiro-dalta-quota\/","og_site_name":"Bellunopress - Dolomiti","article_publisher":"https:\/\/www.facebook.com\/profile.php?id=100008943462799","article_published_time":"2025-12-11T09:45:02+00:00","og_image":[{"width":562,"height":800,"url":"https:\/\/www.bellunopress.it\/wp-content\/uploads\/2025\/12\/Giornata-internazionale-della-montagna-2025_edited.jpg","type":"image\/jpeg"}],"author":"redazione","twitter_card":"summary_large_image","twitter_creator":"@bellunopress","twitter_site":"@bellunopress","twitter_misc":{"\u00c9crit par":"redazione","Dur\u00e9e de lecture estim\u00e9e":"2 minutes"},"schema":{"@context":"https:\/\/schema.org","@graph":[{"@type":"Article","@id":"https:\/\/www.bellunopress.it\/2025\/12\/11\/giornata-internazionale-della-montagna-campagna-respiro-dalta-quota\/#article","isPartOf":{"@id":"https:\/\/www.bellunopress.it\/2025\/12\/11\/giornata-internazionale-della-montagna-campagna-respiro-dalta-quota\/"},"author":{"name":"redazione","@id":"https:\/\/www.bellunopress.it\/#\/schema\/person\/79bb06722b37ece1c03d3e94beb30d73"},"headline":"Giornata Internazionale della Montagna. Campagna &#8220;Respiro d&#8217;Alta Quota&#8221;","datePublished":"2025-12-11T09:45:02+00:00","mainEntityOfPage":{"@id":"https:\/\/www.bellunopress.it\/2025\/12\/11\/giornata-internazionale-della-montagna-campagna-respiro-dalta-quota\/"},"wordCount":506,"publisher":{"@id":"https:\/\/www.bellunopress.it\/#organization"},"image":{"@id":"https:\/\/www.bellunopress.it\/2025\/12\/11\/giornata-internazionale-della-montagna-campagna-respiro-dalta-quota\/#primaryimage"},"thumbnailUrl":"https:\/\/www.bellunopress.it\/wp-content\/uploads\/2025\/12\/Giornata-internazionale-della-montagna-2025_edited.jpg","articleSection":["Scuola"],"inLanguage":"fr-FR"},{"@type":"WebPage","@id":"https:\/\/www.bellunopress.it\/2025\/12\/11\/giornata-internazionale-della-montagna-campagna-respiro-dalta-quota\/","url":"https:\/\/www.bellunopress.it\/2025\/12\/11\/giornata-internazionale-della-montagna-campagna-respiro-dalta-quota\/","name":"Giornata Internazionale della Montagna. Campagna \"Respiro d'Alta Quota\" - Bellunopress - Dolomiti","isPartOf":{"@id":"https:\/\/www.bellunopress.it\/#website"},"primaryImageOfPage":{"@id":"https:\/\/www.bellunopress.it\/2025\/12\/11\/giornata-internazionale-della-montagna-campagna-respiro-dalta-quota\/#primaryimage"},"image":{"@id":"https:\/\/www.bellunopress.it\/2025\/12\/11\/giornata-internazionale-della-montagna-campagna-respiro-dalta-quota\/#primaryimage"},"thumbnailUrl":"https:\/\/www.bellunopress.it\/wp-content\/uploads\/2025\/12\/Giornata-internazionale-della-montagna-2025_edited.jpg","datePublished":"2025-12-11T09:45:02+00:00","breadcrumb":{"@id":"https:\/\/www.bellunopress.it\/2025\/12\/11\/giornata-internazionale-della-montagna-campagna-respiro-dalta-quota\/#breadcrumb"},"inLanguage":"fr-FR","potentialAction":[{"@type":"ReadAction","target":["https:\/\/www.bellunopress.it\/2025\/12\/11\/giornata-internazionale-della-montagna-campagna-respiro-dalta-quota\/"]}]},{"@type":"ImageObject","inLanguage":"fr-FR","@id":"https:\/\/www.bellunopress.it\/2025\/12\/11\/giornata-internazionale-della-montagna-campagna-respiro-dalta-quota\/#primaryimage","url":"https:\/\/www.bellunopress.it\/wp-content\/uploads\/2025\/12\/Giornata-internazionale-della-montagna-2025_edited.jpg","contentUrl":"https:\/\/www.bellunopress.it\/wp-content\/uploads\/2025\/12\/Giornata-internazionale-della-montagna-2025_edited.jpg","width":562,"height":800},{"@type":"BreadcrumbList","@id":"https:\/\/www.bellunopress.it\/2025\/12\/11\/giornata-internazionale-della-montagna-campagna-respiro-dalta-quota\/#breadcrumb","itemListElement":[{"@type":"ListItem","position":1,"name":"Home","item":"https:\/\/www.bellunopress.it\/"},{"@type":"ListItem","position":2,"name":"Giornata Internazionale della Montagna. Campagna &#8220;Respiro d&#8217;Alta Quota&#8221;"}]},{"@type":"WebSite","@id":"https:\/\/www.bellunopress.it\/#website","url":"https:\/\/www.bellunopress.it\/","name":"Bellunopress - Dolomiti","description":"e-mail: redazione@bellunopress.it","publisher":{"@id":"https:\/\/www.bellunopress.it\/#organization"},"potentialAction":[{"@type":"SearchAction","target":{"@type":"EntryPoint","urlTemplate":"https:\/\/www.bellunopress.it\/?s={search_term_string}"},"query-input":{"@type":"PropertyValueSpecification","valueRequired":true,"valueName":"search_term_string"}}],"inLanguage":"fr-FR"},{"@type":"Organization","@id":"https:\/\/www.bellunopress.it\/#organization","name":"Bellunopress","url":"https:\/\/www.bellunopress.it\/","logo":{"@type":"ImageObject","inLanguage":"fr-FR","@id":"https:\/\/www.bellunopress.it\/#\/schema\/logo\/image\/","url":"https:\/\/www.bellunopress.it\/wp-content\/uploads\/2011\/05\/cropped-logo-bellunopress-.jpg","contentUrl":"https:\/\/www.bellunopress.it\/wp-content\/uploads\/2011\/05\/cropped-logo-bellunopress-.jpg","width":512,"height":512,"caption":"Bellunopress"},"image":{"@id":"https:\/\/www.bellunopress.it\/#\/schema\/logo\/image\/"},"sameAs":["https:\/\/www.facebook.com\/profile.php?id=100008943462799","https:\/\/x.com\/bellunopress","https:\/\/www.linkedin.com\/hp\/?dnr=JBzUWaJfMUw8vbXJJ2tVW5-I3jZKvC4wsoxE&amp;amp;amp;amp;amp;amp;trk=nav_responsive_tab_home","https:\/\/www.youtube.com\/channel\/UCxL0wu1uN0_3_7hGG0306cw"]},{"@type":"Person","@id":"https:\/\/www.bellunopress.it\/#\/schema\/person\/79bb06722b37ece1c03d3e94beb30d73","name":"r\u00e9daction","image":{"@type":"ImageObject","inLanguage":"fr-FR","@id":"https:\/\/secure.gravatar.com\/avatar\/37d968a2e67a6fd04c169c4bdef102d0bc5d31b2546345219e348575eb80e9a0?s=96&d=mm&r=g","url":"https:\/\/secure.gravatar.com\/avatar\/37d968a2e67a6fd04c169c4bdef102d0bc5d31b2546345219e348575eb80e9a0?s=96&d=mm&r=g","contentUrl":"https:\/\/secure.gravatar.com\/avatar\/37d968a2e67a6fd04c169c4bdef102d0bc5d31b2546345219e348575eb80e9a0?s=96&d=mm&r=g","caption":"redazione"},"sameAs":["http:\/\/www.bellunopress.it","https:\/\/x.com\/bellunopress"],"url":"https:\/\/www.bellunopress.it\/fr\/author\/redazione\/"}]}},"_links":{"self":[{"href":"https:\/\/www.bellunopress.it\/fr\/wp-json\/wp\/v2\/posts\/165657","targetHints":{"allow":["GET"]}}],"collection":[{"href":"https:\/\/www.bellunopress.it\/fr\/wp-json\/wp\/v2\/posts"}],"about":[{"href":"https:\/\/www.bellunopress.it\/fr\/wp-json\/wp\/v2\/types\/post"}],"author":[{"embeddable":true,"href":"https:\/\/www.bellunopress.it\/fr\/wp-json\/wp\/v2\/users\/2"}],"replies":[{"embeddable":true,"href":"https:\/\/www.bellunopress.it\/fr\/wp-json\/wp\/v2\/comments?post=165657"}],"version-history":[{"count":1,"href":"https:\/\/www.bellunopress.it\/fr\/wp-json\/wp\/v2\/posts\/165657\/revisions"}],"predecessor-version":[{"id":165659,"href":"https:\/\/www.bellunopress.it\/fr\/wp-json\/wp\/v2\/posts\/165657\/revisions\/165659"}],"wp:featuredmedia":[{"embeddable":true,"href":"https:\/\/www.bellunopress.it\/fr\/wp-json\/wp\/v2\/media\/165658"}],"wp:attachment":[{"href":"https:\/\/www.bellunopress.it\/fr\/wp-json\/wp\/v2\/media?parent=165657"}],"wp:term":[{"taxonomy":"category","embeddable":true,"href":"https:\/\/www.bellunopress.it\/fr\/wp-json\/wp\/v2\/categories?post=165657"},{"taxonomy":"post_tag","embeddable":true,"href":"https:\/\/www.bellunopress.it\/fr\/wp-json\/wp\/v2\/tags?post=165657"}],"curies":[{"name":"wp","href":"https:\/\/api.w.org\/{rel}","templated":true}]}}