{"id":165655,"date":"2025-12-11T10:39:46","date_gmt":"2025-12-11T09:39:46","guid":{"rendered":"https:\/\/www.bellunopress.it\/?p=165655"},"modified":"2025-12-11T10:39:46","modified_gmt":"2025-12-11T09:39:46","slug":"nelle-biblioteche-della-provincia-il-volume-per-il-60mo-anniversario-della-cementeria-di-cadola","status":"publish","type":"post","link":"https:\/\/www.bellunopress.it\/fr\/2025\/12\/11\/nelle-biblioteche-della-provincia-il-volume-per-il-60mo-anniversario-della-cementeria-di-cadola\/","title":{"rendered":"Nelle biblioteche della Provincia il volume per il 60mo anniversario della cementeria di Cadola"},"content":{"rendered":"<figure id=\"attachment_129131\" aria-describedby=\"caption-attachment-129131\" style=\"width: 500px\" class=\"wp-caption aligncenter\"><img loading=\"lazy\" decoding=\"async\" class=\"size-medium wp-image-129131\" src=\"https:\/\/www.bellunopress.it\/wp-content\/uploads\/2021\/11\/Palazzo-PIloni-sede-Provincia_edited-500x322.jpg\" alt=\"\" width=\"500\" height=\"322\" srcset=\"https:\/\/www.bellunopress.it\/wp-content\/uploads\/2021\/11\/Palazzo-PIloni-sede-Provincia_edited-500x322.jpg 500w, https:\/\/www.bellunopress.it\/wp-content\/uploads\/2021\/11\/Palazzo-PIloni-sede-Provincia_edited-696x448.jpg 696w, https:\/\/www.bellunopress.it\/wp-content\/uploads\/2021\/11\/Palazzo-PIloni-sede-Provincia_edited-652x420.jpg 652w, https:\/\/www.bellunopress.it\/wp-content\/uploads\/2021\/11\/Palazzo-PIloni-sede-Provincia_edited.jpg 800w\" sizes=\"auto, (max-width: 500px) 100vw, 500px\" \/><figcaption id=\"caption-attachment-129131\" class=\"wp-caption-text\">Palazzo Piloni, sede della Provincia<\/figcaption><\/figure>\n<p>Belluno, 11 dicembre 2025 &#8211; Sar\u00e0 presto disponibile nelle biblioteche della Provincia di Belluno il volume dedicato al sessantesimo anniversario della cementeria di Cadola di Ponte nelle Alpi. Le copie del libro sono state ufficialmente consegnate al presidente della Provincia, Roberto Padrin, per la distribuzione sull&#8217;intero territorio provinciale.<\/p>\n<p>Nel corso di un cordiale incontro nella sede della Provincia di Belluno, il capofabbrica della cementeria di Cadola, Roberto De Min, il promotore dell&#8217;iniziativa, Giuliano Gava, e l&#8217;autore del volume, Edoardo Comiotto, hanno consegnato al presidente Padrin e alla consigliera provinciale Vanessa De Francesch \u2014 con delega a turismo, istruzione e innovazione \u2014 le copie del libro &#8220;Storia d&#8217;impresa e di uomini \u2013 60 anni della Cementeria di Cadola. Le radici e il futuro&#8221;.<\/p>\n<p>Padrin ha espresso gratitudine per l&#8217;iniziativa, sottolineando come il volume rappresenti un&#8217;importante opportunit\u00e0 per approfondire una pagina significativa della storia imprenditoriale locale. Una storia che ha contribuito, grazie alla produzione di cemento di qualit\u00e0, allo sviluppo non solo dell&#8217;area circostante il sito produttivo, ma dell&#8217;intera provincia, favorendo la realizzazione di numerose opere pubbliche e private.<\/p>\n<p>La consigliera De Francesch ha evidenziato come il libro restituisca voce ai protagonisti della cementeria: da coloro che sessant&#8217;anni fa contribuirono alla sua costruzione, ai dipendenti che nel corso dei decenni ne hanno sostenuto l&#8217;operativit\u00e0 in molteplici ruoli. Un patrimonio di testimonianze che permette alle giovani generazioni di comprendere il contesto socioeconomico in cui l&#8217;impianto \u00e8 sorto e si \u00e8 trasformato nel tempo.<\/p>\n<p>L&#8217;autore, Edoardo Comiotto, ha ricordato come il volume rappresenti la testimonianza di un progetto immaginato gi\u00e0 alla fine degli anni Cinquanta e realizzato con i primi sbancamenti in localit\u00e0 Fiorane, a Ponte nelle Alpi, nei primi anni Sessanta. Il 3 maggio 1965 venne acceso il forno di cottura che segn\u00f2 l&#8217;avvio della produzione di cemento. Ma, soprattutto, il libro vuole rendere omaggio alle persone che, in diverse funzioni, hanno rappresentato l&#8217;anima della Cementeria: lavoratori e tecnici che, tra impegno, sacrificio, soddisfazioni e difficolt\u00e0, hanno contribuito a costruire una realt\u00e0 industriale centrale per la comunit\u00e0.<\/p>\n<p>Attraverso documenti, testimonianze e articoli di giornale, il volume ripercorre anche i rapporti con le amministrazioni pubbliche, in particolare con il Comune di Ponte nelle Alpi, e restituisce le preoccupazioni delle popolazioni legate ai fumi e all&#8217;impatto ambientale, evidenziando al contempo gli interventi adottati dall&#8217;azienda per mitigare tali effetti. Non mancano riflessioni sul ruolo occupazionale dell&#8217;impianto e sul contributo della cementeria allo sviluppo del comprensorio e dell&#8217;intera provincia di Belluno.<\/p>\n<p>&nbsp;<\/p>","protected":false},"excerpt":{"rendered":"<p>Belluno, 11 dicembre 2025 &#8211; Sar\u00e0 presto disponibile nelle biblioteche della Provincia di Belluno il volume dedicato al sessantesimo anniversario della cementeria di Cadola di Ponte nelle Alpi. Le copie del libro sono state ufficialmente consegnate al presidente della Provincia, Roberto Padrin, per la distribuzione sull&#8217;intero territorio provinciale. Nel corso di un cordiale incontro nella [&hellip;]<\/p>\n","protected":false},"author":2,"featured_media":129131,"comment_status":"closed","ping_status":"open","sticky":false,"template":"","format":"standard","meta":{"footnotes":""},"categories":[8],"tags":[],"class_list":["post-165655","post","type-post","status-publish","format-standard","has-post-thumbnail","category-societa-istituzioni"],"yoast_head":"<!-- This site is optimized with the Yoast SEO plugin v28.4 - https:\/\/yoast.com\/product\/yoast-seo-wordpress\/ -->\n<title>Nelle biblioteche della Provincia il volume per il 60mo anniversario della cementeria di Cadola - Bellunopress - Dolomiti<\/title>\n<meta name=\"robots\" content=\"index, follow, max-snippet:-1, max-image-preview:large, max-video-preview:-1\" \/>\n<link rel=\"canonical\" href=\"https:\/\/www.bellunopress.it\/fr\/2025\/12\/11\/nelle-biblioteche-della-provincia-il-volume-per-il-60mo-anniversario-della-cementeria-di-cadola\/\" \/>\n<meta property=\"og:locale\" content=\"fr_FR\" \/>\n<meta property=\"og:type\" content=\"article\" \/>\n<meta property=\"og:title\" content=\"Nelle biblioteche della Provincia il volume per il 60mo anniversario della cementeria di Cadola - Bellunopress - Dolomiti\" \/>\n<meta property=\"og:description\" content=\"Belluno, 11 dicembre 2025 &#8211; Sar\u00e0 presto disponibile nelle biblioteche della Provincia di Belluno il volume dedicato al sessantesimo anniversario della cementeria di Cadola di Ponte nelle Alpi. Le copie del libro sono state ufficialmente consegnate al presidente della Provincia, Roberto Padrin, per la distribuzione sull&#8217;intero territorio provinciale. Nel corso di un cordiale incontro nella [&hellip;]\" \/>\n<meta property=\"og:url\" content=\"https:\/\/www.bellunopress.it\/fr\/2025\/12\/11\/nelle-biblioteche-della-provincia-il-volume-per-il-60mo-anniversario-della-cementeria-di-cadola\/\" \/>\n<meta property=\"og:site_name\" content=\"Bellunopress - Dolomiti\" \/>\n<meta property=\"article:publisher\" content=\"https:\/\/www.facebook.com\/profile.php?id=100008943462799\" \/>\n<meta property=\"article:published_time\" content=\"2025-12-11T09:39:46+00:00\" \/>\n<meta property=\"og:image\" content=\"https:\/\/www.bellunopress.it\/wp-content\/uploads\/2021\/11\/Palazzo-PIloni-sede-Provincia_edited.jpg\" \/>\n\t<meta property=\"og:image:width\" content=\"800\" \/>\n\t<meta property=\"og:image:height\" content=\"515\" \/>\n\t<meta property=\"og:image:type\" content=\"image\/jpeg\" \/>\n<meta name=\"author\" content=\"redazione\" \/>\n<meta name=\"twitter:card\" content=\"summary_large_image\" \/>\n<meta name=\"twitter:creator\" content=\"@bellunopress\" \/>\n<meta name=\"twitter:site\" content=\"@bellunopress\" \/>\n<meta name=\"twitter:label1\" content=\"\u00c9crit par\" \/>\n\t<meta name=\"twitter:data1\" content=\"redazione\" \/>\n\t<meta name=\"twitter:label2\" content=\"Dur\u00e9e de lecture estim\u00e9e\" \/>\n\t<meta name=\"twitter:data2\" content=\"2 minutes\" \/>\n<script type=\"application\/ld+json\" class=\"yoast-schema-graph\">{\"@context\":\"https:\\\/\\\/schema.org\",\"@graph\":[{\"@type\":\"Article\",\"@id\":\"https:\\\/\\\/www.bellunopress.it\\\/2025\\\/12\\\/11\\\/nelle-biblioteche-della-provincia-il-volume-per-il-60mo-anniversario-della-cementeria-di-cadola\\\/#article\",\"isPartOf\":{\"@id\":\"https:\\\/\\\/www.bellunopress.it\\\/2025\\\/12\\\/11\\\/nelle-biblioteche-della-provincia-il-volume-per-il-60mo-anniversario-della-cementeria-di-cadola\\\/\"},\"author\":{\"name\":\"redazione\",\"@id\":\"https:\\\/\\\/www.bellunopress.it\\\/#\\\/schema\\\/person\\\/79bb06722b37ece1c03d3e94beb30d73\"},\"headline\":\"Nelle biblioteche della Provincia il volume per il 60mo anniversario della cementeria di Cadola\",\"datePublished\":\"2025-12-11T09:39:46+00:00\",\"mainEntityOfPage\":{\"@id\":\"https:\\\/\\\/www.bellunopress.it\\\/2025\\\/12\\\/11\\\/nelle-biblioteche-della-provincia-il-volume-per-il-60mo-anniversario-della-cementeria-di-cadola\\\/\"},\"wordCount\":439,\"publisher\":{\"@id\":\"https:\\\/\\\/www.bellunopress.it\\\/#organization\"},\"image\":{\"@id\":\"https:\\\/\\\/www.bellunopress.it\\\/2025\\\/12\\\/11\\\/nelle-biblioteche-della-provincia-il-volume-per-il-60mo-anniversario-della-cementeria-di-cadola\\\/#primaryimage\"},\"thumbnailUrl\":\"https:\\\/\\\/www.bellunopress.it\\\/wp-content\\\/uploads\\\/2021\\\/11\\\/Palazzo-PIloni-sede-Provincia_edited.jpg\",\"articleSection\":[\"Societ\u00e0, Associazioni, Istituzioni\"],\"inLanguage\":\"fr-FR\"},{\"@type\":\"WebPage\",\"@id\":\"https:\\\/\\\/www.bellunopress.it\\\/2025\\\/12\\\/11\\\/nelle-biblioteche-della-provincia-il-volume-per-il-60mo-anniversario-della-cementeria-di-cadola\\\/\",\"url\":\"https:\\\/\\\/www.bellunopress.it\\\/2025\\\/12\\\/11\\\/nelle-biblioteche-della-provincia-il-volume-per-il-60mo-anniversario-della-cementeria-di-cadola\\\/\",\"name\":\"Nelle biblioteche della Provincia il volume per il 60mo anniversario della cementeria di Cadola - Bellunopress - Dolomiti\",\"isPartOf\":{\"@id\":\"https:\\\/\\\/www.bellunopress.it\\\/#website\"},\"primaryImageOfPage\":{\"@id\":\"https:\\\/\\\/www.bellunopress.it\\\/2025\\\/12\\\/11\\\/nelle-biblioteche-della-provincia-il-volume-per-il-60mo-anniversario-della-cementeria-di-cadola\\\/#primaryimage\"},\"image\":{\"@id\":\"https:\\\/\\\/www.bellunopress.it\\\/2025\\\/12\\\/11\\\/nelle-biblioteche-della-provincia-il-volume-per-il-60mo-anniversario-della-cementeria-di-cadola\\\/#primaryimage\"},\"thumbnailUrl\":\"https:\\\/\\\/www.bellunopress.it\\\/wp-content\\\/uploads\\\/2021\\\/11\\\/Palazzo-PIloni-sede-Provincia_edited.jpg\",\"datePublished\":\"2025-12-11T09:39:46+00:00\",\"breadcrumb\":{\"@id\":\"https:\\\/\\\/www.bellunopress.it\\\/2025\\\/12\\\/11\\\/nelle-biblioteche-della-provincia-il-volume-per-il-60mo-anniversario-della-cementeria-di-cadola\\\/#breadcrumb\"},\"inLanguage\":\"fr-FR\",\"potentialAction\":[{\"@type\":\"ReadAction\",\"target\":[\"https:\\\/\\\/www.bellunopress.it\\\/2025\\\/12\\\/11\\\/nelle-biblioteche-della-provincia-il-volume-per-il-60mo-anniversario-della-cementeria-di-cadola\\\/\"]}]},{\"@type\":\"ImageObject\",\"inLanguage\":\"fr-FR\",\"@id\":\"https:\\\/\\\/www.bellunopress.it\\\/2025\\\/12\\\/11\\\/nelle-biblioteche-della-provincia-il-volume-per-il-60mo-anniversario-della-cementeria-di-cadola\\\/#primaryimage\",\"url\":\"https:\\\/\\\/www.bellunopress.it\\\/wp-content\\\/uploads\\\/2021\\\/11\\\/Palazzo-PIloni-sede-Provincia_edited.jpg\",\"contentUrl\":\"https:\\\/\\\/www.bellunopress.it\\\/wp-content\\\/uploads\\\/2021\\\/11\\\/Palazzo-PIloni-sede-Provincia_edited.jpg\",\"width\":800,\"height\":515,\"caption\":\"Palazzo Piloni, sede della Provincia\"},{\"@type\":\"BreadcrumbList\",\"@id\":\"https:\\\/\\\/www.bellunopress.it\\\/2025\\\/12\\\/11\\\/nelle-biblioteche-della-provincia-il-volume-per-il-60mo-anniversario-della-cementeria-di-cadola\\\/#breadcrumb\",\"itemListElement\":[{\"@type\":\"ListItem\",\"position\":1,\"name\":\"Home\",\"item\":\"https:\\\/\\\/www.bellunopress.it\\\/\"},{\"@type\":\"ListItem\",\"position\":2,\"name\":\"Nelle biblioteche della Provincia il volume per il 60mo anniversario della cementeria di Cadola\"}]},{\"@type\":\"WebSite\",\"@id\":\"https:\\\/\\\/www.bellunopress.it\\\/#website\",\"url\":\"https:\\\/\\\/www.bellunopress.it\\\/\",\"name\":\"Bellunopress - Dolomiti\",\"description\":\"e-mail: redazione@bellunopress.it\",\"publisher\":{\"@id\":\"https:\\\/\\\/www.bellunopress.it\\\/#organization\"},\"potentialAction\":[{\"@type\":\"SearchAction\",\"target\":{\"@type\":\"EntryPoint\",\"urlTemplate\":\"https:\\\/\\\/www.bellunopress.it\\\/?s={search_term_string}\"},\"query-input\":{\"@type\":\"PropertyValueSpecification\",\"valueRequired\":true,\"valueName\":\"search_term_string\"}}],\"inLanguage\":\"fr-FR\"},{\"@type\":\"Organization\",\"@id\":\"https:\\\/\\\/www.bellunopress.it\\\/#organization\",\"name\":\"Bellunopress\",\"url\":\"https:\\\/\\\/www.bellunopress.it\\\/\",\"logo\":{\"@type\":\"ImageObject\",\"inLanguage\":\"fr-FR\",\"@id\":\"https:\\\/\\\/www.bellunopress.it\\\/#\\\/schema\\\/logo\\\/image\\\/\",\"url\":\"https:\\\/\\\/www.bellunopress.it\\\/wp-content\\\/uploads\\\/2011\\\/05\\\/cropped-logo-bellunopress-.jpg\",\"contentUrl\":\"https:\\\/\\\/www.bellunopress.it\\\/wp-content\\\/uploads\\\/2011\\\/05\\\/cropped-logo-bellunopress-.jpg\",\"width\":512,\"height\":512,\"caption\":\"Bellunopress\"},\"image\":{\"@id\":\"https:\\\/\\\/www.bellunopress.it\\\/#\\\/schema\\\/logo\\\/image\\\/\"},\"sameAs\":[\"https:\\\/\\\/www.facebook.com\\\/profile.php?id=100008943462799\",\"https:\\\/\\\/x.com\\\/bellunopress\",\"https:\\\/\\\/www.linkedin.com\\\/hp\\\/?dnr=JBzUWaJfMUw8vbXJJ2tVW5-I3jZKvC4wsoxE&amp;amp;amp;amp;amp;amp;trk=nav_responsive_tab_home\",\"https:\\\/\\\/www.youtube.com\\\/channel\\\/UCxL0wu1uN0_3_7hGG0306cw\"]},{\"@type\":\"Person\",\"@id\":\"https:\\\/\\\/www.bellunopress.it\\\/#\\\/schema\\\/person\\\/79bb06722b37ece1c03d3e94beb30d73\",\"name\":\"redazione\",\"image\":{\"@type\":\"ImageObject\",\"inLanguage\":\"fr-FR\",\"@id\":\"https:\\\/\\\/secure.gravatar.com\\\/avatar\\\/37d968a2e67a6fd04c169c4bdef102d0bc5d31b2546345219e348575eb80e9a0?s=96&d=mm&r=g\",\"url\":\"https:\\\/\\\/secure.gravatar.com\\\/avatar\\\/37d968a2e67a6fd04c169c4bdef102d0bc5d31b2546345219e348575eb80e9a0?s=96&d=mm&r=g\",\"contentUrl\":\"https:\\\/\\\/secure.gravatar.com\\\/avatar\\\/37d968a2e67a6fd04c169c4bdef102d0bc5d31b2546345219e348575eb80e9a0?s=96&d=mm&r=g\",\"caption\":\"redazione\"},\"sameAs\":[\"http:\\\/\\\/www.bellunopress.it\",\"https:\\\/\\\/x.com\\\/bellunopress\"],\"url\":\"https:\\\/\\\/www.bellunopress.it\\\/fr\\\/author\\\/redazione\\\/\"}]}<\/script>\n<!-- \/ Yoast SEO plugin. -->","yoast_head_json":{"title":"Nelle biblioteche della Provincia il volume per il 60mo anniversario della cementeria di Cadola - Bellunopress - Dolomiti","robots":{"index":"index","follow":"follow","max-snippet":"max-snippet:-1","max-image-preview":"max-image-preview:large","max-video-preview":"max-video-preview:-1"},"canonical":"https:\/\/www.bellunopress.it\/fr\/2025\/12\/11\/nelle-biblioteche-della-provincia-il-volume-per-il-60mo-anniversario-della-cementeria-di-cadola\/","og_locale":"fr_FR","og_type":"article","og_title":"Nelle biblioteche della Provincia il volume per il 60mo anniversario della cementeria di Cadola - Bellunopress - Dolomiti","og_description":"Belluno, 11 dicembre 2025 &#8211; Sar\u00e0 presto disponibile nelle biblioteche della Provincia di Belluno il volume dedicato al sessantesimo anniversario della cementeria di Cadola di Ponte nelle Alpi. Le copie del libro sono state ufficialmente consegnate al presidente della Provincia, Roberto Padrin, per la distribuzione sull&#8217;intero territorio provinciale. Nel corso di un cordiale incontro nella [&hellip;]","og_url":"https:\/\/www.bellunopress.it\/fr\/2025\/12\/11\/nelle-biblioteche-della-provincia-il-volume-per-il-60mo-anniversario-della-cementeria-di-cadola\/","og_site_name":"Bellunopress - Dolomiti","article_publisher":"https:\/\/www.facebook.com\/profile.php?id=100008943462799","article_published_time":"2025-12-11T09:39:46+00:00","og_image":[{"width":800,"height":515,"url":"https:\/\/www.bellunopress.it\/wp-content\/uploads\/2021\/11\/Palazzo-PIloni-sede-Provincia_edited.jpg","type":"image\/jpeg"}],"author":"redazione","twitter_card":"summary_large_image","twitter_creator":"@bellunopress","twitter_site":"@bellunopress","twitter_misc":{"\u00c9crit par":"redazione","Dur\u00e9e de lecture estim\u00e9e":"2 minutes"},"schema":{"@context":"https:\/\/schema.org","@graph":[{"@type":"Article","@id":"https:\/\/www.bellunopress.it\/2025\/12\/11\/nelle-biblioteche-della-provincia-il-volume-per-il-60mo-anniversario-della-cementeria-di-cadola\/#article","isPartOf":{"@id":"https:\/\/www.bellunopress.it\/2025\/12\/11\/nelle-biblioteche-della-provincia-il-volume-per-il-60mo-anniversario-della-cementeria-di-cadola\/"},"author":{"name":"redazione","@id":"https:\/\/www.bellunopress.it\/#\/schema\/person\/79bb06722b37ece1c03d3e94beb30d73"},"headline":"Nelle biblioteche della Provincia il volume per il 60mo anniversario della cementeria di Cadola","datePublished":"2025-12-11T09:39:46+00:00","mainEntityOfPage":{"@id":"https:\/\/www.bellunopress.it\/2025\/12\/11\/nelle-biblioteche-della-provincia-il-volume-per-il-60mo-anniversario-della-cementeria-di-cadola\/"},"wordCount":439,"publisher":{"@id":"https:\/\/www.bellunopress.it\/#organization"},"image":{"@id":"https:\/\/www.bellunopress.it\/2025\/12\/11\/nelle-biblioteche-della-provincia-il-volume-per-il-60mo-anniversario-della-cementeria-di-cadola\/#primaryimage"},"thumbnailUrl":"https:\/\/www.bellunopress.it\/wp-content\/uploads\/2021\/11\/Palazzo-PIloni-sede-Provincia_edited.jpg","articleSection":["Societ\u00e0, Associazioni, Istituzioni"],"inLanguage":"fr-FR"},{"@type":"WebPage","@id":"https:\/\/www.bellunopress.it\/2025\/12\/11\/nelle-biblioteche-della-provincia-il-volume-per-il-60mo-anniversario-della-cementeria-di-cadola\/","url":"https:\/\/www.bellunopress.it\/2025\/12\/11\/nelle-biblioteche-della-provincia-il-volume-per-il-60mo-anniversario-della-cementeria-di-cadola\/","name":"Nelle biblioteche della Provincia il volume per il 60mo anniversario della cementeria di Cadola - Bellunopress - Dolomiti","isPartOf":{"@id":"https:\/\/www.bellunopress.it\/#website"},"primaryImageOfPage":{"@id":"https:\/\/www.bellunopress.it\/2025\/12\/11\/nelle-biblioteche-della-provincia-il-volume-per-il-60mo-anniversario-della-cementeria-di-cadola\/#primaryimage"},"image":{"@id":"https:\/\/www.bellunopress.it\/2025\/12\/11\/nelle-biblioteche-della-provincia-il-volume-per-il-60mo-anniversario-della-cementeria-di-cadola\/#primaryimage"},"thumbnailUrl":"https:\/\/www.bellunopress.it\/wp-content\/uploads\/2021\/11\/Palazzo-PIloni-sede-Provincia_edited.jpg","datePublished":"2025-12-11T09:39:46+00:00","breadcrumb":{"@id":"https:\/\/www.bellunopress.it\/2025\/12\/11\/nelle-biblioteche-della-provincia-il-volume-per-il-60mo-anniversario-della-cementeria-di-cadola\/#breadcrumb"},"inLanguage":"fr-FR","potentialAction":[{"@type":"ReadAction","target":["https:\/\/www.bellunopress.it\/2025\/12\/11\/nelle-biblioteche-della-provincia-il-volume-per-il-60mo-anniversario-della-cementeria-di-cadola\/"]}]},{"@type":"ImageObject","inLanguage":"fr-FR","@id":"https:\/\/www.bellunopress.it\/2025\/12\/11\/nelle-biblioteche-della-provincia-il-volume-per-il-60mo-anniversario-della-cementeria-di-cadola\/#primaryimage","url":"https:\/\/www.bellunopress.it\/wp-content\/uploads\/2021\/11\/Palazzo-PIloni-sede-Provincia_edited.jpg","contentUrl":"https:\/\/www.bellunopress.it\/wp-content\/uploads\/2021\/11\/Palazzo-PIloni-sede-Provincia_edited.jpg","width":800,"height":515,"caption":"Palazzo Piloni, sede della Provincia"},{"@type":"BreadcrumbList","@id":"https:\/\/www.bellunopress.it\/2025\/12\/11\/nelle-biblioteche-della-provincia-il-volume-per-il-60mo-anniversario-della-cementeria-di-cadola\/#breadcrumb","itemListElement":[{"@type":"ListItem","position":1,"name":"Home","item":"https:\/\/www.bellunopress.it\/"},{"@type":"ListItem","position":2,"name":"Nelle biblioteche della Provincia il volume per il 60mo anniversario della cementeria di Cadola"}]},{"@type":"WebSite","@id":"https:\/\/www.bellunopress.it\/#website","url":"https:\/\/www.bellunopress.it\/","name":"Bellunopress - Dolomiti","description":"e-mail: redazione@bellunopress.it","publisher":{"@id":"https:\/\/www.bellunopress.it\/#organization"},"potentialAction":[{"@type":"SearchAction","target":{"@type":"EntryPoint","urlTemplate":"https:\/\/www.bellunopress.it\/?s={search_term_string}"},"query-input":{"@type":"PropertyValueSpecification","valueRequired":true,"valueName":"search_term_string"}}],"inLanguage":"fr-FR"},{"@type":"Organization","@id":"https:\/\/www.bellunopress.it\/#organization","name":"Bellunopress","url":"https:\/\/www.bellunopress.it\/","logo":{"@type":"ImageObject","inLanguage":"fr-FR","@id":"https:\/\/www.bellunopress.it\/#\/schema\/logo\/image\/","url":"https:\/\/www.bellunopress.it\/wp-content\/uploads\/2011\/05\/cropped-logo-bellunopress-.jpg","contentUrl":"https:\/\/www.bellunopress.it\/wp-content\/uploads\/2011\/05\/cropped-logo-bellunopress-.jpg","width":512,"height":512,"caption":"Bellunopress"},"image":{"@id":"https:\/\/www.bellunopress.it\/#\/schema\/logo\/image\/"},"sameAs":["https:\/\/www.facebook.com\/profile.php?id=100008943462799","https:\/\/x.com\/bellunopress","https:\/\/www.linkedin.com\/hp\/?dnr=JBzUWaJfMUw8vbXJJ2tVW5-I3jZKvC4wsoxE&amp;amp;amp;amp;amp;amp;trk=nav_responsive_tab_home","https:\/\/www.youtube.com\/channel\/UCxL0wu1uN0_3_7hGG0306cw"]},{"@type":"Person","@id":"https:\/\/www.bellunopress.it\/#\/schema\/person\/79bb06722b37ece1c03d3e94beb30d73","name":"r\u00e9daction","image":{"@type":"ImageObject","inLanguage":"fr-FR","@id":"https:\/\/secure.gravatar.com\/avatar\/37d968a2e67a6fd04c169c4bdef102d0bc5d31b2546345219e348575eb80e9a0?s=96&d=mm&r=g","url":"https:\/\/secure.gravatar.com\/avatar\/37d968a2e67a6fd04c169c4bdef102d0bc5d31b2546345219e348575eb80e9a0?s=96&d=mm&r=g","contentUrl":"https:\/\/secure.gravatar.com\/avatar\/37d968a2e67a6fd04c169c4bdef102d0bc5d31b2546345219e348575eb80e9a0?s=96&d=mm&r=g","caption":"redazione"},"sameAs":["http:\/\/www.bellunopress.it","https:\/\/x.com\/bellunopress"],"url":"https:\/\/www.bellunopress.it\/fr\/author\/redazione\/"}]}},"_links":{"self":[{"href":"https:\/\/www.bellunopress.it\/fr\/wp-json\/wp\/v2\/posts\/165655","targetHints":{"allow":["GET"]}}],"collection":[{"href":"https:\/\/www.bellunopress.it\/fr\/wp-json\/wp\/v2\/posts"}],"about":[{"href":"https:\/\/www.bellunopress.it\/fr\/wp-json\/wp\/v2\/types\/post"}],"author":[{"embeddable":true,"href":"https:\/\/www.bellunopress.it\/fr\/wp-json\/wp\/v2\/users\/2"}],"replies":[{"embeddable":true,"href":"https:\/\/www.bellunopress.it\/fr\/wp-json\/wp\/v2\/comments?post=165655"}],"version-history":[{"count":1,"href":"https:\/\/www.bellunopress.it\/fr\/wp-json\/wp\/v2\/posts\/165655\/revisions"}],"predecessor-version":[{"id":165656,"href":"https:\/\/www.bellunopress.it\/fr\/wp-json\/wp\/v2\/posts\/165655\/revisions\/165656"}],"wp:featuredmedia":[{"embeddable":true,"href":"https:\/\/www.bellunopress.it\/fr\/wp-json\/wp\/v2\/media\/129131"}],"wp:attachment":[{"href":"https:\/\/www.bellunopress.it\/fr\/wp-json\/wp\/v2\/media?parent=165655"}],"wp:term":[{"taxonomy":"category","embeddable":true,"href":"https:\/\/www.bellunopress.it\/fr\/wp-json\/wp\/v2\/categories?post=165655"},{"taxonomy":"post_tag","embeddable":true,"href":"https:\/\/www.bellunopress.it\/fr\/wp-json\/wp\/v2\/tags?post=165655"}],"curies":[{"name":"wp","href":"https:\/\/api.w.org\/{rel}","templated":true}]}}