{"id":165611,"date":"2025-12-09T17:39:09","date_gmt":"2025-12-09T16:39:09","guid":{"rendered":"https:\/\/www.bellunopress.it\/?p=165611"},"modified":"2025-12-09T17:41:10","modified_gmt":"2025-12-09T16:41:10","slug":"unione-europea-politica-agricola-comune-pac-per-il-periodo-2028-2034","status":"publish","type":"post","link":"https:\/\/www.bellunopress.it\/fr\/2025\/12\/09\/unione-europea-politica-agricola-comune-pac-per-il-periodo-2028-2034\/","title":{"rendered":"Unione Europea: Politica Agricola Comune (PAC) per il periodo 2028-2034. Il voto degli europarlamentari italiani"},"content":{"rendered":"<figure id=\"attachment_121061\" aria-describedby=\"caption-attachment-121061\" style=\"width: 500px\" class=\"wp-caption aligncenter\"><img loading=\"lazy\" decoding=\"async\" class=\"size-medium wp-image-121061\" src=\"https:\/\/www.bellunopress.it\/wp-content\/uploads\/2021\/01\/Unione-Europea_edited-500x334.jpg\" alt=\"Europa\" width=\"500\" height=\"334\" srcset=\"https:\/\/www.bellunopress.it\/wp-content\/uploads\/2021\/01\/Unione-Europea_edited-500x334.jpg 500w, https:\/\/www.bellunopress.it\/wp-content\/uploads\/2021\/01\/Unione-Europea_edited-696x465.jpg 696w, https:\/\/www.bellunopress.it\/wp-content\/uploads\/2021\/01\/Unione-Europea_edited-629x420.jpg 629w, https:\/\/www.bellunopress.it\/wp-content\/uploads\/2021\/01\/Unione-Europea_edited.jpg 1000w\" sizes=\"auto, (max-width: 500px) 100vw, 500px\" \/><figcaption id=\"caption-attachment-121061\" class=\"wp-caption-text\">Parlamento Europeo &#8211; Strasburgo<\/figcaption><\/figure>\n<p data-path-to-node=\"0\">La Politica Agricola Comune (PAC) per il periodo 2028-2034 \u00e8 ancora in fase di elaborazione legislativa. Il voto degli europarlamentari italiani (e del Parlamento europeo in generale) non ha riguardato il testo finale della normativa, ma la posizione del Parlamento europeo (Risoluzione) e i successivi pacchetti di &#8220;semplificazione&#8221; che prefigurano l&#8217;indirizzo della futura PAC.<\/p>\n<p data-path-to-node=\"1\">Di seguito, si riepilogano cosa e come hanno votato gli europarlamentari italiani sulle questioni pi\u00f9 recenti relative alla futura PAC (post-2027).<\/p>\n<h2 data-path-to-node=\"3\">Cosa hanno votato<\/h2>\n<p data-path-to-node=\"4\">Il Parlamento europeo ha adottato, nel settembre 2025, la sua Posizione (Risoluzione) sulla futura PAC (post-2027), un documento che definisce le priorit\u00e0 politiche del Parlamento per il prossimo ciclo di programmazione.<\/p>\n<p data-path-to-node=\"5\">Il Parlamento si \u00e8 espresso a favore dei seguenti punti chiave:<\/p>\n<ol start=\"1\" data-path-to-node=\"6\">\n<li>\n<p data-path-to-node=\"6,0,0\"><b>Difesa del Bilancio:<\/b> Mantenimento di un <b>bilancio agricolo autonomo e consistente<\/b>, opponendosi a tagli e al tentativo di nazionalizzare la PAC (trasferendo la gestione in un fondo unico con la politica di coesione).<\/p>\n<\/li>\n<li>\n<p data-path-to-node=\"6,1,0\"><b>Semplificazione:<\/b> Forte richiesta di <b>ridurre gli oneri amministrativi e la burocrazia<\/b> a carico degli agricoltori.<\/p>\n<\/li>\n<li>\n<p data-path-to-node=\"6,2,0\"><b>Sostegno al Reddito:<\/b> Rafforzamento dei <b>pagamenti diretti<\/b> come strumento centrale per tutelare il reddito degli agricoltori.<\/p>\n<\/li>\n<li>\n<p data-path-to-node=\"6,3,0\"><b>Eco-Schemi:<\/b> Sostegno a <b>eco-schemi<\/b> che devono rimanere <b>volontari<\/b>, flessibili e accompagnati da un&#8217;adeguata remunerazione.<\/p>\n<\/li>\n<\/ol>\n<p data-path-to-node=\"7\">Successivamente, in una votazione separata (ottobre 2025) relativa a un <b>pacchetto di &#8220;semplificazione&#8221;<\/b> della PAC, i deputati hanno votato <b>a favore<\/b> di indebolire o abolire specifiche norme ambientali (come la GAEC 5 sull&#8217;erosione del suolo e la GAEC 9 sulle praterie Natura 2000), una mossa che ha suscitato forti critiche dalle associazioni ambientaliste ma \u00e8 stata accolta favorevolmente dalle associazioni agricole.<\/p>\n<h2 data-path-to-node=\"9\">Come hanno votato gli Europarlamentari Italiani<\/h2>\n<p data-path-to-node=\"10\">Il voto degli europarlamentari italiani riflette le divisioni politiche tra i gruppi, in particolare sul <b>bilancio<\/b> e sulle <b>misure ambientali<\/b>.<\/p>\n<table data-path-to-node=\"11\">\n<thead>\n<tr>\n<td><strong>Gruppo Politico (Italiano)<\/strong><\/td>\n<td><strong>Tendenza Generale sul Bilancio\/Sostegno Agricoltori (Settembre 2025)<\/strong><\/td>\n<td><strong>Tendenza Generale sulle Misure Ambientali (Semplificazione &#8211; Ottobre 2025)<\/strong><\/td>\n<\/tr>\n<\/thead>\n<tbody>\n<tr>\n<td><span data-path-to-node=\"11,1,0,0\"><b>PPE (Forza Italia, SVP)<\/b><\/span><\/td>\n<td><span data-path-to-node=\"11,1,1,0\">In linea con la risoluzione (Difesa del bilancio, semplificazione).<\/span><\/td>\n<td><span data-path-to-node=\"11,1,2,0\">Maggioranza <b>A Favore<\/b> della semplificazione (indebolimento norme ambientali).<\/span><\/td>\n<\/tr>\n<tr>\n<td><span data-path-to-node=\"11,2,0,0\"><b>S&amp;D (Partito Democratico)<\/b><\/span><\/td>\n<td><span data-path-to-node=\"11,2,1,0\">In linea con la risoluzione (Difesa del bilancio, enfasi sulla transizione ecologica).<\/span><\/td>\n<td><span data-path-to-node=\"11,2,2,0\">Maggioranza <b>Contraria<\/b> alla semplificazione ambientale.<\/span><\/td>\n<\/tr>\n<tr>\n<td><span data-path-to-node=\"11,3,0,0\"><b>ECR (Fratelli d&#8217;Italia)<\/b><\/span><\/td>\n<td><span data-path-to-node=\"11,3,1,0\">In linea con la risoluzione (Difesa del bilancio, semplificazione).<\/span><\/td>\n<td><span data-path-to-node=\"11,3,2,0\">Maggioranza <b>A Favore<\/b> della semplificazione (indebolimento norme ambientali).<\/span><\/td>\n<\/tr>\n<tr>\n<td><span data-path-to-node=\"11,4,0,0\"><b>ID (Lega)<\/b><\/span><\/td>\n<td><span data-path-to-node=\"11,4,1,0\">In linea con la risoluzione (Difesa del bilancio, semplificazione).<\/span><\/td>\n<td><span data-path-to-node=\"11,4,2,0\">Maggioranza <b>A Favore<\/b> della semplificazione (indebolimento norme ambientali).<\/span><\/td>\n<\/tr>\n<tr>\n<td><span data-path-to-node=\"11,5,0,0\"><b>The Left\/NI (M5S, AVS)<\/b><\/span><\/td>\n<td><span data-path-to-node=\"11,5,1,0\">Variabile. Fortemente critici sulla distribuzione iniqua dei fondi.<\/span><\/td>\n<td><span data-path-to-node=\"11,5,2,0\">Maggioranza <b>Contraria<\/b> alla semplificazione ambientale.<\/span><\/td>\n<\/tr>\n<\/tbody>\n<\/table>\n<p data-path-to-node=\"12\">In sintesi, i voti si sono polarizzati come segue:<\/p>\n<ul data-path-to-node=\"13\">\n<li>\n<p data-path-to-node=\"13,0,0\"><b>Sostegno generale al settore agricolo e richiesta di semplificazione:<\/b> Sulla posizione che difende un bilancio forte e chiede meno burocrazia, si \u00e8 registrato un <b>ampio consenso<\/b> tra gli europarlamentari italiani, in linea con l&#8217;orientamento del Governo italiano, che ha ribadito il no a tentativi di nazionalizzazione della PAC.<\/p>\n<\/li>\n<li>\n<p data-path-to-node=\"13,1,0\"><b>Misure ambientali (Semplificazione):<\/b> La divisione principale si \u00e8 manifestata sul pacchetto di semplificazione che ha indebolito le norme ambientali:<\/p>\n<ul data-path-to-node=\"13,1,1\">\n<li>\n<p data-path-to-node=\"13,1,1,0,0\">I gruppi di <b>maggioranza<\/b> di Centrodestra (<b>PPE, ECR, ID<\/b> &#8211; inclusi FI, FdI e Lega) hanno in larga parte votato <b>A FAVORE<\/b> della proposta di semplificazione (e quindi dell&#8217;eliminazione o indebolimento delle norme ambientali come le GAEC).<\/p>\n<\/li>\n<li>\n<p data-path-to-node=\"13,1,1,1,0\">I gruppi di <b>opposizione<\/b> (<b>S&amp;D, The Left, Verdi<\/b>) hanno votato <b>CONTRO<\/b> la semplificazione, difendendo il mantenimento di requisiti ambientali pi\u00f9 stringenti.<\/p>\n<\/li>\n<\/ul>\n<\/li>\n<\/ul>","protected":false},"excerpt":{"rendered":"<p>La Politica Agricola Comune (PAC) per il periodo 2028-2034 \u00e8 ancora in fase di elaborazione legislativa. Il voto degli europarlamentari italiani (e del Parlamento europeo in generale) non ha riguardato il testo finale della normativa, ma la posizione del Parlamento europeo (Risoluzione) e i successivi pacchetti di &#8220;semplificazione&#8221; che prefigurano l&#8217;indirizzo della futura PAC. Di [&hellip;]<\/p>\n","protected":false},"author":2,"featured_media":121061,"comment_status":"closed","ping_status":"open","sticky":false,"template":"","format":"standard","meta":{"footnotes":""},"categories":[5,3446],"tags":[],"class_list":["post-165611","post","type-post","status-publish","format-standard","has-post-thumbnail","category-cronaca","category-featured"],"yoast_head":"<!-- This site is optimized with the Yoast SEO plugin v28.4 - https:\/\/yoast.com\/product\/yoast-seo-wordpress\/ -->\n<title>Unione Europea: Politica Agricola Comune (PAC) per il periodo 2028-2034. Il voto degli europarlamentari italiani - Bellunopress - Dolomiti<\/title>\n<meta name=\"robots\" content=\"index, follow, max-snippet:-1, max-image-preview:large, max-video-preview:-1\" \/>\n<link rel=\"canonical\" href=\"https:\/\/www.bellunopress.it\/fr\/2025\/12\/09\/unione-europea-politica-agricola-comune-pac-per-il-periodo-2028-2034\/\" \/>\n<meta property=\"og:locale\" content=\"fr_FR\" \/>\n<meta property=\"og:type\" content=\"article\" \/>\n<meta property=\"og:title\" content=\"Unione Europea: Politica Agricola Comune (PAC) per il periodo 2028-2034. Il voto degli europarlamentari italiani - Bellunopress - Dolomiti\" \/>\n<meta property=\"og:description\" content=\"La Politica Agricola Comune (PAC) per il periodo 2028-2034 \u00e8 ancora in fase di elaborazione legislativa. Il voto degli europarlamentari italiani (e del Parlamento europeo in generale) non ha riguardato il testo finale della normativa, ma la posizione del Parlamento europeo (Risoluzione) e i successivi pacchetti di &#8220;semplificazione&#8221; che prefigurano l&#8217;indirizzo della futura PAC. Di [&hellip;]\" \/>\n<meta property=\"og:url\" content=\"https:\/\/www.bellunopress.it\/fr\/2025\/12\/09\/unione-europea-politica-agricola-comune-pac-per-il-periodo-2028-2034\/\" \/>\n<meta property=\"og:site_name\" content=\"Bellunopress - Dolomiti\" \/>\n<meta property=\"article:publisher\" content=\"https:\/\/www.facebook.com\/profile.php?id=100008943462799\" \/>\n<meta property=\"article:published_time\" content=\"2025-12-09T16:39:09+00:00\" \/>\n<meta property=\"article:modified_time\" content=\"2025-12-09T16:41:10+00:00\" \/>\n<meta property=\"og:image\" content=\"https:\/\/www.bellunopress.it\/wp-content\/uploads\/2021\/01\/Unione-Europea_edited.jpg\" \/>\n\t<meta property=\"og:image:width\" content=\"1000\" \/>\n\t<meta property=\"og:image:height\" content=\"668\" \/>\n\t<meta property=\"og:image:type\" content=\"image\/jpeg\" \/>\n<meta name=\"author\" content=\"redazione\" \/>\n<meta name=\"twitter:card\" content=\"summary_large_image\" \/>\n<meta name=\"twitter:creator\" content=\"@bellunopress\" \/>\n<meta name=\"twitter:site\" content=\"@bellunopress\" \/>\n<meta name=\"twitter:label1\" content=\"\u00c9crit par\" \/>\n\t<meta name=\"twitter:data1\" content=\"redazione\" \/>\n\t<meta name=\"twitter:label2\" content=\"Dur\u00e9e de lecture estim\u00e9e\" \/>\n\t<meta name=\"twitter:data2\" content=\"3 minutes\" \/>\n<script type=\"application\/ld+json\" class=\"yoast-schema-graph\">{\"@context\":\"https:\\\/\\\/schema.org\",\"@graph\":[{\"@type\":\"Article\",\"@id\":\"https:\\\/\\\/www.bellunopress.it\\\/2025\\\/12\\\/09\\\/unione-europea-politica-agricola-comune-pac-per-il-periodo-2028-2034\\\/#article\",\"isPartOf\":{\"@id\":\"https:\\\/\\\/www.bellunopress.it\\\/2025\\\/12\\\/09\\\/unione-europea-politica-agricola-comune-pac-per-il-periodo-2028-2034\\\/\"},\"author\":{\"name\":\"redazione\",\"@id\":\"https:\\\/\\\/www.bellunopress.it\\\/#\\\/schema\\\/person\\\/79bb06722b37ece1c03d3e94beb30d73\"},\"headline\":\"Unione Europea: Politica Agricola Comune (PAC) per il periodo 2028-2034. Il voto degli europarlamentari italiani\",\"datePublished\":\"2025-12-09T16:39:09+00:00\",\"dateModified\":\"2025-12-09T16:41:10+00:00\",\"mainEntityOfPage\":{\"@id\":\"https:\\\/\\\/www.bellunopress.it\\\/2025\\\/12\\\/09\\\/unione-europea-politica-agricola-comune-pac-per-il-periodo-2028-2034\\\/\"},\"wordCount\":562,\"publisher\":{\"@id\":\"https:\\\/\\\/www.bellunopress.it\\\/#organization\"},\"image\":{\"@id\":\"https:\\\/\\\/www.bellunopress.it\\\/2025\\\/12\\\/09\\\/unione-europea-politica-agricola-comune-pac-per-il-periodo-2028-2034\\\/#primaryimage\"},\"thumbnailUrl\":\"https:\\\/\\\/www.bellunopress.it\\\/wp-content\\\/uploads\\\/2021\\\/01\\\/Unione-Europea_edited.jpg\",\"articleSection\":[\"Cronaca\\\/Politica\",\"Featured\"],\"inLanguage\":\"fr-FR\"},{\"@type\":\"WebPage\",\"@id\":\"https:\\\/\\\/www.bellunopress.it\\\/2025\\\/12\\\/09\\\/unione-europea-politica-agricola-comune-pac-per-il-periodo-2028-2034\\\/\",\"url\":\"https:\\\/\\\/www.bellunopress.it\\\/2025\\\/12\\\/09\\\/unione-europea-politica-agricola-comune-pac-per-il-periodo-2028-2034\\\/\",\"name\":\"Unione Europea: Politica Agricola Comune (PAC) per il periodo 2028-2034. Il voto degli europarlamentari italiani - Bellunopress - Dolomiti\",\"isPartOf\":{\"@id\":\"https:\\\/\\\/www.bellunopress.it\\\/#website\"},\"primaryImageOfPage\":{\"@id\":\"https:\\\/\\\/www.bellunopress.it\\\/2025\\\/12\\\/09\\\/unione-europea-politica-agricola-comune-pac-per-il-periodo-2028-2034\\\/#primaryimage\"},\"image\":{\"@id\":\"https:\\\/\\\/www.bellunopress.it\\\/2025\\\/12\\\/09\\\/unione-europea-politica-agricola-comune-pac-per-il-periodo-2028-2034\\\/#primaryimage\"},\"thumbnailUrl\":\"https:\\\/\\\/www.bellunopress.it\\\/wp-content\\\/uploads\\\/2021\\\/01\\\/Unione-Europea_edited.jpg\",\"datePublished\":\"2025-12-09T16:39:09+00:00\",\"dateModified\":\"2025-12-09T16:41:10+00:00\",\"breadcrumb\":{\"@id\":\"https:\\\/\\\/www.bellunopress.it\\\/2025\\\/12\\\/09\\\/unione-europea-politica-agricola-comune-pac-per-il-periodo-2028-2034\\\/#breadcrumb\"},\"inLanguage\":\"fr-FR\",\"potentialAction\":[{\"@type\":\"ReadAction\",\"target\":[\"https:\\\/\\\/www.bellunopress.it\\\/2025\\\/12\\\/09\\\/unione-europea-politica-agricola-comune-pac-per-il-periodo-2028-2034\\\/\"]}]},{\"@type\":\"ImageObject\",\"inLanguage\":\"fr-FR\",\"@id\":\"https:\\\/\\\/www.bellunopress.it\\\/2025\\\/12\\\/09\\\/unione-europea-politica-agricola-comune-pac-per-il-periodo-2028-2034\\\/#primaryimage\",\"url\":\"https:\\\/\\\/www.bellunopress.it\\\/wp-content\\\/uploads\\\/2021\\\/01\\\/Unione-Europea_edited.jpg\",\"contentUrl\":\"https:\\\/\\\/www.bellunopress.it\\\/wp-content\\\/uploads\\\/2021\\\/01\\\/Unione-Europea_edited.jpg\",\"width\":1000,\"height\":668,\"caption\":\"Parlamento Europeo - Strasburgo\"},{\"@type\":\"BreadcrumbList\",\"@id\":\"https:\\\/\\\/www.bellunopress.it\\\/2025\\\/12\\\/09\\\/unione-europea-politica-agricola-comune-pac-per-il-periodo-2028-2034\\\/#breadcrumb\",\"itemListElement\":[{\"@type\":\"ListItem\",\"position\":1,\"name\":\"Home\",\"item\":\"https:\\\/\\\/www.bellunopress.it\\\/\"},{\"@type\":\"ListItem\",\"position\":2,\"name\":\"Unione Europea: Politica Agricola Comune (PAC) per il periodo 2028-2034. Il voto degli europarlamentari italiani\"}]},{\"@type\":\"WebSite\",\"@id\":\"https:\\\/\\\/www.bellunopress.it\\\/#website\",\"url\":\"https:\\\/\\\/www.bellunopress.it\\\/\",\"name\":\"Bellunopress - Dolomiti\",\"description\":\"e-mail: redazione@bellunopress.it\",\"publisher\":{\"@id\":\"https:\\\/\\\/www.bellunopress.it\\\/#organization\"},\"potentialAction\":[{\"@type\":\"SearchAction\",\"target\":{\"@type\":\"EntryPoint\",\"urlTemplate\":\"https:\\\/\\\/www.bellunopress.it\\\/?s={search_term_string}\"},\"query-input\":{\"@type\":\"PropertyValueSpecification\",\"valueRequired\":true,\"valueName\":\"search_term_string\"}}],\"inLanguage\":\"fr-FR\"},{\"@type\":\"Organization\",\"@id\":\"https:\\\/\\\/www.bellunopress.it\\\/#organization\",\"name\":\"Bellunopress\",\"url\":\"https:\\\/\\\/www.bellunopress.it\\\/\",\"logo\":{\"@type\":\"ImageObject\",\"inLanguage\":\"fr-FR\",\"@id\":\"https:\\\/\\\/www.bellunopress.it\\\/#\\\/schema\\\/logo\\\/image\\\/\",\"url\":\"https:\\\/\\\/www.bellunopress.it\\\/wp-content\\\/uploads\\\/2011\\\/05\\\/cropped-logo-bellunopress-.jpg\",\"contentUrl\":\"https:\\\/\\\/www.bellunopress.it\\\/wp-content\\\/uploads\\\/2011\\\/05\\\/cropped-logo-bellunopress-.jpg\",\"width\":512,\"height\":512,\"caption\":\"Bellunopress\"},\"image\":{\"@id\":\"https:\\\/\\\/www.bellunopress.it\\\/#\\\/schema\\\/logo\\\/image\\\/\"},\"sameAs\":[\"https:\\\/\\\/www.facebook.com\\\/profile.php?id=100008943462799\",\"https:\\\/\\\/x.com\\\/bellunopress\",\"https:\\\/\\\/www.linkedin.com\\\/hp\\\/?dnr=JBzUWaJfMUw8vbXJJ2tVW5-I3jZKvC4wsoxE&amp;amp;amp;amp;amp;amp;trk=nav_responsive_tab_home\",\"https:\\\/\\\/www.youtube.com\\\/channel\\\/UCxL0wu1uN0_3_7hGG0306cw\"]},{\"@type\":\"Person\",\"@id\":\"https:\\\/\\\/www.bellunopress.it\\\/#\\\/schema\\\/person\\\/79bb06722b37ece1c03d3e94beb30d73\",\"name\":\"redazione\",\"image\":{\"@type\":\"ImageObject\",\"inLanguage\":\"fr-FR\",\"@id\":\"https:\\\/\\\/secure.gravatar.com\\\/avatar\\\/37d968a2e67a6fd04c169c4bdef102d0bc5d31b2546345219e348575eb80e9a0?s=96&d=mm&r=g\",\"url\":\"https:\\\/\\\/secure.gravatar.com\\\/avatar\\\/37d968a2e67a6fd04c169c4bdef102d0bc5d31b2546345219e348575eb80e9a0?s=96&d=mm&r=g\",\"contentUrl\":\"https:\\\/\\\/secure.gravatar.com\\\/avatar\\\/37d968a2e67a6fd04c169c4bdef102d0bc5d31b2546345219e348575eb80e9a0?s=96&d=mm&r=g\",\"caption\":\"redazione\"},\"sameAs\":[\"http:\\\/\\\/www.bellunopress.it\",\"https:\\\/\\\/x.com\\\/bellunopress\"],\"url\":\"https:\\\/\\\/www.bellunopress.it\\\/fr\\\/author\\\/redazione\\\/\"}]}<\/script>\n<!-- \/ Yoast SEO plugin. -->","yoast_head_json":{"title":"Unione Europea: Politica Agricola Comune (PAC) per il periodo 2028-2034. Il voto degli europarlamentari italiani - Bellunopress - Dolomiti","robots":{"index":"index","follow":"follow","max-snippet":"max-snippet:-1","max-image-preview":"max-image-preview:large","max-video-preview":"max-video-preview:-1"},"canonical":"https:\/\/www.bellunopress.it\/fr\/2025\/12\/09\/unione-europea-politica-agricola-comune-pac-per-il-periodo-2028-2034\/","og_locale":"fr_FR","og_type":"article","og_title":"Unione Europea: Politica Agricola Comune (PAC) per il periodo 2028-2034. Il voto degli europarlamentari italiani - Bellunopress - Dolomiti","og_description":"La Politica Agricola Comune (PAC) per il periodo 2028-2034 \u00e8 ancora in fase di elaborazione legislativa. Il voto degli europarlamentari italiani (e del Parlamento europeo in generale) non ha riguardato il testo finale della normativa, ma la posizione del Parlamento europeo (Risoluzione) e i successivi pacchetti di &#8220;semplificazione&#8221; che prefigurano l&#8217;indirizzo della futura PAC. Di [&hellip;]","og_url":"https:\/\/www.bellunopress.it\/fr\/2025\/12\/09\/unione-europea-politica-agricola-comune-pac-per-il-periodo-2028-2034\/","og_site_name":"Bellunopress - Dolomiti","article_publisher":"https:\/\/www.facebook.com\/profile.php?id=100008943462799","article_published_time":"2025-12-09T16:39:09+00:00","article_modified_time":"2025-12-09T16:41:10+00:00","og_image":[{"width":1000,"height":668,"url":"https:\/\/www.bellunopress.it\/wp-content\/uploads\/2021\/01\/Unione-Europea_edited.jpg","type":"image\/jpeg"}],"author":"redazione","twitter_card":"summary_large_image","twitter_creator":"@bellunopress","twitter_site":"@bellunopress","twitter_misc":{"\u00c9crit par":"redazione","Dur\u00e9e de lecture estim\u00e9e":"3 minutes"},"schema":{"@context":"https:\/\/schema.org","@graph":[{"@type":"Article","@id":"https:\/\/www.bellunopress.it\/2025\/12\/09\/unione-europea-politica-agricola-comune-pac-per-il-periodo-2028-2034\/#article","isPartOf":{"@id":"https:\/\/www.bellunopress.it\/2025\/12\/09\/unione-europea-politica-agricola-comune-pac-per-il-periodo-2028-2034\/"},"author":{"name":"redazione","@id":"https:\/\/www.bellunopress.it\/#\/schema\/person\/79bb06722b37ece1c03d3e94beb30d73"},"headline":"Unione Europea: Politica Agricola Comune (PAC) per il periodo 2028-2034. Il voto degli europarlamentari italiani","datePublished":"2025-12-09T16:39:09+00:00","dateModified":"2025-12-09T16:41:10+00:00","mainEntityOfPage":{"@id":"https:\/\/www.bellunopress.it\/2025\/12\/09\/unione-europea-politica-agricola-comune-pac-per-il-periodo-2028-2034\/"},"wordCount":562,"publisher":{"@id":"https:\/\/www.bellunopress.it\/#organization"},"image":{"@id":"https:\/\/www.bellunopress.it\/2025\/12\/09\/unione-europea-politica-agricola-comune-pac-per-il-periodo-2028-2034\/#primaryimage"},"thumbnailUrl":"https:\/\/www.bellunopress.it\/wp-content\/uploads\/2021\/01\/Unione-Europea_edited.jpg","articleSection":["Cronaca\/Politica","Featured"],"inLanguage":"fr-FR"},{"@type":"WebPage","@id":"https:\/\/www.bellunopress.it\/2025\/12\/09\/unione-europea-politica-agricola-comune-pac-per-il-periodo-2028-2034\/","url":"https:\/\/www.bellunopress.it\/2025\/12\/09\/unione-europea-politica-agricola-comune-pac-per-il-periodo-2028-2034\/","name":"Unione Europea: Politica Agricola Comune (PAC) per il periodo 2028-2034. Il voto degli europarlamentari italiani - Bellunopress - Dolomiti","isPartOf":{"@id":"https:\/\/www.bellunopress.it\/#website"},"primaryImageOfPage":{"@id":"https:\/\/www.bellunopress.it\/2025\/12\/09\/unione-europea-politica-agricola-comune-pac-per-il-periodo-2028-2034\/#primaryimage"},"image":{"@id":"https:\/\/www.bellunopress.it\/2025\/12\/09\/unione-europea-politica-agricola-comune-pac-per-il-periodo-2028-2034\/#primaryimage"},"thumbnailUrl":"https:\/\/www.bellunopress.it\/wp-content\/uploads\/2021\/01\/Unione-Europea_edited.jpg","datePublished":"2025-12-09T16:39:09+00:00","dateModified":"2025-12-09T16:41:10+00:00","breadcrumb":{"@id":"https:\/\/www.bellunopress.it\/2025\/12\/09\/unione-europea-politica-agricola-comune-pac-per-il-periodo-2028-2034\/#breadcrumb"},"inLanguage":"fr-FR","potentialAction":[{"@type":"ReadAction","target":["https:\/\/www.bellunopress.it\/2025\/12\/09\/unione-europea-politica-agricola-comune-pac-per-il-periodo-2028-2034\/"]}]},{"@type":"ImageObject","inLanguage":"fr-FR","@id":"https:\/\/www.bellunopress.it\/2025\/12\/09\/unione-europea-politica-agricola-comune-pac-per-il-periodo-2028-2034\/#primaryimage","url":"https:\/\/www.bellunopress.it\/wp-content\/uploads\/2021\/01\/Unione-Europea_edited.jpg","contentUrl":"https:\/\/www.bellunopress.it\/wp-content\/uploads\/2021\/01\/Unione-Europea_edited.jpg","width":1000,"height":668,"caption":"Parlamento Europeo - Strasburgo"},{"@type":"BreadcrumbList","@id":"https:\/\/www.bellunopress.it\/2025\/12\/09\/unione-europea-politica-agricola-comune-pac-per-il-periodo-2028-2034\/#breadcrumb","itemListElement":[{"@type":"ListItem","position":1,"name":"Home","item":"https:\/\/www.bellunopress.it\/"},{"@type":"ListItem","position":2,"name":"Unione Europea: Politica Agricola Comune (PAC) per il periodo 2028-2034. Il voto degli europarlamentari italiani"}]},{"@type":"WebSite","@id":"https:\/\/www.bellunopress.it\/#website","url":"https:\/\/www.bellunopress.it\/","name":"Bellunopress - Dolomiti","description":"e-mail: redazione@bellunopress.it","publisher":{"@id":"https:\/\/www.bellunopress.it\/#organization"},"potentialAction":[{"@type":"SearchAction","target":{"@type":"EntryPoint","urlTemplate":"https:\/\/www.bellunopress.it\/?s={search_term_string}"},"query-input":{"@type":"PropertyValueSpecification","valueRequired":true,"valueName":"search_term_string"}}],"inLanguage":"fr-FR"},{"@type":"Organization","@id":"https:\/\/www.bellunopress.it\/#organization","name":"Bellunopress","url":"https:\/\/www.bellunopress.it\/","logo":{"@type":"ImageObject","inLanguage":"fr-FR","@id":"https:\/\/www.bellunopress.it\/#\/schema\/logo\/image\/","url":"https:\/\/www.bellunopress.it\/wp-content\/uploads\/2011\/05\/cropped-logo-bellunopress-.jpg","contentUrl":"https:\/\/www.bellunopress.it\/wp-content\/uploads\/2011\/05\/cropped-logo-bellunopress-.jpg","width":512,"height":512,"caption":"Bellunopress"},"image":{"@id":"https:\/\/www.bellunopress.it\/#\/schema\/logo\/image\/"},"sameAs":["https:\/\/www.facebook.com\/profile.php?id=100008943462799","https:\/\/x.com\/bellunopress","https:\/\/www.linkedin.com\/hp\/?dnr=JBzUWaJfMUw8vbXJJ2tVW5-I3jZKvC4wsoxE&amp;amp;amp;amp;amp;amp;trk=nav_responsive_tab_home","https:\/\/www.youtube.com\/channel\/UCxL0wu1uN0_3_7hGG0306cw"]},{"@type":"Person","@id":"https:\/\/www.bellunopress.it\/#\/schema\/person\/79bb06722b37ece1c03d3e94beb30d73","name":"r\u00e9daction","image":{"@type":"ImageObject","inLanguage":"fr-FR","@id":"https:\/\/secure.gravatar.com\/avatar\/37d968a2e67a6fd04c169c4bdef102d0bc5d31b2546345219e348575eb80e9a0?s=96&d=mm&r=g","url":"https:\/\/secure.gravatar.com\/avatar\/37d968a2e67a6fd04c169c4bdef102d0bc5d31b2546345219e348575eb80e9a0?s=96&d=mm&r=g","contentUrl":"https:\/\/secure.gravatar.com\/avatar\/37d968a2e67a6fd04c169c4bdef102d0bc5d31b2546345219e348575eb80e9a0?s=96&d=mm&r=g","caption":"redazione"},"sameAs":["http:\/\/www.bellunopress.it","https:\/\/x.com\/bellunopress"],"url":"https:\/\/www.bellunopress.it\/fr\/author\/redazione\/"}]}},"_links":{"self":[{"href":"https:\/\/www.bellunopress.it\/fr\/wp-json\/wp\/v2\/posts\/165611","targetHints":{"allow":["GET"]}}],"collection":[{"href":"https:\/\/www.bellunopress.it\/fr\/wp-json\/wp\/v2\/posts"}],"about":[{"href":"https:\/\/www.bellunopress.it\/fr\/wp-json\/wp\/v2\/types\/post"}],"author":[{"embeddable":true,"href":"https:\/\/www.bellunopress.it\/fr\/wp-json\/wp\/v2\/users\/2"}],"replies":[{"embeddable":true,"href":"https:\/\/www.bellunopress.it\/fr\/wp-json\/wp\/v2\/comments?post=165611"}],"version-history":[{"count":2,"href":"https:\/\/www.bellunopress.it\/fr\/wp-json\/wp\/v2\/posts\/165611\/revisions"}],"predecessor-version":[{"id":165613,"href":"https:\/\/www.bellunopress.it\/fr\/wp-json\/wp\/v2\/posts\/165611\/revisions\/165613"}],"wp:featuredmedia":[{"embeddable":true,"href":"https:\/\/www.bellunopress.it\/fr\/wp-json\/wp\/v2\/media\/121061"}],"wp:attachment":[{"href":"https:\/\/www.bellunopress.it\/fr\/wp-json\/wp\/v2\/media?parent=165611"}],"wp:term":[{"taxonomy":"category","embeddable":true,"href":"https:\/\/www.bellunopress.it\/fr\/wp-json\/wp\/v2\/categories?post=165611"},{"taxonomy":"post_tag","embeddable":true,"href":"https:\/\/www.bellunopress.it\/fr\/wp-json\/wp\/v2\/tags?post=165611"}],"curies":[{"name":"wp","href":"https:\/\/api.w.org\/{rel}","templated":true}]}}