{"id":165609,"date":"2025-12-09T16:48:32","date_gmt":"2025-12-09T15:48:32","guid":{"rendered":"https:\/\/www.bellunopress.it\/?p=165609"},"modified":"2025-12-09T16:48:32","modified_gmt":"2025-12-09T15:48:32","slug":"il-24-dicembre-2025-si-inaugura-la-nuova-stagione-dellhotel-boite-di-corte-delle-dolomiti","status":"publish","type":"post","link":"https:\/\/www.bellunopress.it\/fr\/2025\/12\/09\/il-24-dicembre-2025-si-inaugura-la-nuova-stagione-dellhotel-boite-di-corte-delle-dolomiti\/","title":{"rendered":"Il 24 dicembre 2025 si inaugura la nuova stagione dell\u2019Hotel Boite di Corte delle Dolomiti"},"content":{"rendered":"<figure id=\"attachment_146356\" aria-describedby=\"caption-attachment-146356\" style=\"width: 500px\" class=\"wp-caption aligncenter\"><img loading=\"lazy\" decoding=\"async\" class=\"size-medium wp-image-146356\" src=\"https:\/\/www.bellunopress.it\/wp-content\/uploads\/2023\/12\/Hotel-Boite-Borca-di-Cadore_edited-500x290.jpg\" alt=\"\" width=\"500\" height=\"290\" srcset=\"https:\/\/www.bellunopress.it\/wp-content\/uploads\/2023\/12\/Hotel-Boite-Borca-di-Cadore_edited-500x290.jpg 500w, https:\/\/www.bellunopress.it\/wp-content\/uploads\/2023\/12\/Hotel-Boite-Borca-di-Cadore_edited-696x403.jpg 696w, https:\/\/www.bellunopress.it\/wp-content\/uploads\/2023\/12\/Hotel-Boite-Borca-di-Cadore_edited.jpg 1000w\" sizes=\"auto, (max-width: 500px) 100vw, 500px\" \/><figcaption id=\"caption-attachment-146356\" class=\"wp-caption-text\">Hotel Boite &#8211; Borca di Cadore<\/figcaption><\/figure>\n<p><strong>Un inizio ricco di appuntamenti culturali, di benessere e festaioli per una vacanza a 360 gradi<\/strong><\/p>\n<p>Borca di Cadore, 9 dicembre 2025 \u2013 Nel mese di dicembre 2025, gi\u00e0 prima dell\u2019apertura ufficiale dell\u2019Hotel Boite, prevista per mercoled\u00ec 24, il calendario degli eventi che rende Corte delle Dolomiti a Borca di Cadore (BL) un luogo di fruizione di spunti culturali, musicali e artistici, oltre che una destinazione in cui trascorrere meravigliose vacanze, \u00e8 denso di proposte.<\/p>\n<p>A cominciare dalla celebrazione per il ventesimo anniversario di Corte SPA, gioved\u00ec 11 dicembre dalle ore 16.00 alle ore 21.00: un calice di benvenuto, un ricco healthy gourmet buffet e finger food accoglieranno gli ospiti all\u2019interno del centro benessere, mentre, a bordo piscina, dalle ore 17.00 la chitarra del musicista Andrea Andrillo intratterr\u00e0 i presenti con un repertorio di cantautorato italiano e internazionale. Un\u2019esperienza unica di relax, gusto e musica nell\u2019atmosfera rigenerante di Corte SPA. Ingresso 35,00 \u20ac. Per info e prenotazioni Tel. 0435\/700216.<\/p>\n<p>L\u2019inizio della stagione per l\u2019Hotel Boite di Corte delle Dolomiti ha una data importante, il 24 dicembre, Vigilia di Natale. La sera stessa, il Ristorante 942 dell\u2019hotel, propone ad ospiti e ad esterni il \u201cCenone della Vigilia\u201d, con antipasti, 2 primi, Guancia di manzo brasata e dessert (70,00 \u20ac a persona).<\/p>\n<p>\u201cLa cena di Natale\u201d del 25 dicembre prevede un menu molto appetitoso a base di carne: carpaccio di cervo con dadolata di zucca cbt, nocciole e pomodori confit, risotto al rag\u00f9 d\u2019anatra, costoletta di cervo e tortino di patate, uva sultanina e noci con demiglace alle castagne, insieme ad altri piatti (70,00 \u20ac a persona).<\/p>\n<p>Il 31 dicembre si festeggia Capodanno con il \u201cCenone di San Silvestro\u201d con un menu gourmet a 6 portate e dessert a sorpresa dello chef (100,00 \u20ac a persona).<\/p>\n<p>&nbsp;<\/p>\n<p><strong>Doppio appuntamento nella giornata di sabato 27 dicembre:<\/strong><\/p>\n<p>&#8211; alle ore 18.00, presso Corte SPA, il concerto di arpa e sintetizzatore a bordo piscina, un viaggio musicale tra acqua, luci e vibrazioni armoniche. In omaggio, un calice di vino a tutti i partecipanti. Ingresso 35,00 \u20ac (incluso l\u2019ingresso di 3 ore a Corte SPA). Per info e prenotazioni Tel. 0435\/700216;<\/p>\n<p>&#8211; alle ore 19.00, presso la sala conferenze dell\u2019Hotel Boite, la presentazione del prototipo delle nuove lampade progettate appositamente dallo Studio di design Mandalaki di Milano per le camere dell\u2019hotel Boite, in linea con gli arredi originali degli anni \u201960 ideati dall\u2019architetto Gellner. Presenti i designer Enrico De Lotto ed Erika Suzuki. L\u2019incontro \u00e8 aperto a tutti e ad ingresso libero.<\/p>\n<p>Il giorno successivo, domenica 28 dicembre, alle ore 18.00 nella sala conferenze dell\u2019Hotel Boite saranno presentati i primi due volumi della collana dedicata a Gellner, \u201cEdoardo Gellner Architetto\u201d: \u201cChiesa Nostra Signora di Cadore\u201d e \u201cVillaggio ENI: architettura e paesaggio\u201d. Gellner, su commissione del Presidente Enrico Mattei, ha progettato e realizzato dalla met\u00e0 degli anni \u201950 l\u2019intero Villaggio ENI a Borca di Cadore, oggi Corte delle Dolomiti. Interverranno nel corso della presentazione: Francesco Accardo, General Manager Corte delle Dolomiti, Roberto Duilio, storico dell\u2019architettura del Politecnico di Milano DABC e Oscar Ferrari, fotografo e Davide Maffei dell\u2019Associazione culturale Edoardo Gellner. L\u2019incontro \u00e8 aperto a tutti e ad ingresso libero.<\/p>\n<p>Sempre nella sala conferenze dell\u2019Hotel Boite luned\u00ec 29 dicembre alle ore 18.00 si terr\u00e0 la proiezione del documentario \u201cVillaggio ENI: un piacevole soggiorno nel futuro\u201d. Il regista Davide Maffei sar\u00e0 presente e disponibile a rispondere alle domande dei partecipanti. L\u2019incontro \u00e8 aperto a tutti e ad ingresso libero.<\/p>\n<p>Anche il 2026 inizia con una fitta agenda di appuntamenti per Corte delle Dolomiti.<\/p>\n<p>Ogni gioved\u00ec di gennaio (1, 8, 15, 22, 29) alle ore 21.00, nella lounge dell\u2019Hotel Boite avr\u00e0 luogo la Winter Edition del Dolomiti Blues&amp;Soul Festival, con gruppi d\u2019eccezione. I concerti saranno ad ingresso libero, ma per chi vorr\u00e0 approfittare del buffet salato prima dell\u2019inizio e di quello dolce alla fine, il costo \u00e8 di 15,00 \u20ac.<\/p>\n<p>Sabato 3 gennaio dalle ore 8.15 alle ore 16.00 sar\u00e0 la volta di Camminyoga, un appuntamento con yoga in spa al risveglio, colazione presso l\u2019Hotel Boite ed escursione guidata ai piedi del Monte Pelmo con possibilit\u00e0 di trascorrere la giornata sulla neve. L\u2019escursione ha una difficolt\u00e0 media (circa 8 chilometri con un dislivello di 600 metri). Per i partecipanti, \u00e8 possibile pernottare all\u2019Hotel Boite ad un prezzo agevolato. Per info e prenotazioni: @camminyogadolomiti (IG), @camminyoga (FB).<\/p>\n<p>&#8220;Manaslu 8163m. La bellezza dell\u2019insuccesso&#8221; \u00e8 il titolo dell\u2019incontro che si terr\u00e0 alla sala conferenze dell\u2019Hotel Boite alle ore 18.30 con Omar Bartoli, geologo, ricercatore dell\u2019Universit\u00e0 di Padova e scalatore, che racconta della sua singolare esperienza sul Manaslu (8000 metri), la \u201cmontagna dello spirito\u201d dell\u2019Himalaya nepalese. Quella di Bortoli \u00e8 stata un\u2019avventura al limite, senza sherpa e senza ossigeno supplementare, testimoniata da foto, video e un diario, in cui la sua grande scoperta \u00e8 stata che l\u2019obiettivo a volte non \u00e8 raggiungere la vetta, ma noi stessi.<\/p>\n<p>Elena Maierotti, istruttrice di apnea certificata Apnea Academy e Gianna De Bona, istruttrice certificata Yoga Alliance terranno un workshop dal titolo \u201cYoga e apnea\u201d, sabato 24 gennaio dalle ore 8.30 alle ore 13.30 presso Corte SPA. Per questo appuntamento sono previsti colazione, teoria dell\u2019apnea, pratica di yoga, esercizi di respirazione e rilassamento, apnea statica, brunch, possibilit\u00e0 di fermarsi nella spa in orario pomeridiano a prezzo agevolato.<\/p>\n<p>Per info e prenotazioni: 329 1119250 \u2013 340 3303125.<\/p>\n<p>Per ulteriori informazioni su Corte delle Dolomiti: cortedelledolomitiresort.it<\/p>\n<p>Corte delle Dolomiti \u00e8 un progetto di ospitalit\u00e0 diffusa situato a Borca di Cadore (BL), nel cuore delle Dolomiti Patrimonio UNESCO. Nato dal recupero e dalla valorizzazione dell\u2019ex Villaggio Eni voluto a met\u00e0 degli anni \u201950 dal Presidente Enrico Mattei e realizzato dall\u2019architetto Edoardo Gellner, il complesso rappresenta un esempio unico di integrazione tra architettura, natura e cultura alpina. Oggi, Corte delle Dolomiti propone un\u2019esperienza di soggiorno autentica e sostenibile, tra architettura, design, benessere e scoperta del territorio. Fanno parte di Corte delle Dolomiti l\u2019Hotel Boite, il Residence Corte, la Corte SPA, il Campeggio e il Corte Mountain Lab, un parco avventura nel bosco privato.<\/p>\n<p>&nbsp;<\/p>","protected":false},"excerpt":{"rendered":"<p>Un inizio ricco di appuntamenti culturali, di benessere e festaioli per una vacanza a 360 gradi Borca di Cadore, 9 dicembre 2025 \u2013 Nel mese di dicembre 2025, gi\u00e0 prima dell\u2019apertura ufficiale dell\u2019Hotel Boite, prevista per mercoled\u00ec 24, il calendario degli eventi che rende Corte delle Dolomiti a Borca di Cadore (BL) un luogo di [&hellip;]<\/p>\n","protected":false},"author":2,"featured_media":146356,"comment_status":"closed","ping_status":"open","sticky":false,"template":"","format":"standard","meta":{"footnotes":""},"categories":[3393,25],"tags":[],"class_list":["post-165609","post","type-post","status-publish","format-standard","has-post-thumbnail","category-eventi-enogastronomici","category-pausa-caffe"],"yoast_head":"<!-- This site is optimized with the Yoast SEO plugin v28.4 - https:\/\/yoast.com\/product\/yoast-seo-wordpress\/ -->\n<title>Il 24 dicembre 2025 si inaugura la nuova stagione dell\u2019Hotel Boite di Corte delle Dolomiti - Bellunopress - Dolomiti<\/title>\n<meta name=\"robots\" content=\"index, follow, max-snippet:-1, max-image-preview:large, max-video-preview:-1\" \/>\n<link rel=\"canonical\" href=\"https:\/\/www.bellunopress.it\/fr\/2025\/12\/09\/il-24-dicembre-2025-si-inaugura-la-nuova-stagione-dellhotel-boite-di-corte-delle-dolomiti\/\" \/>\n<meta property=\"og:locale\" content=\"fr_FR\" \/>\n<meta property=\"og:type\" content=\"article\" \/>\n<meta property=\"og:title\" content=\"Il 24 dicembre 2025 si inaugura la nuova stagione dell\u2019Hotel Boite di Corte delle Dolomiti - Bellunopress - Dolomiti\" \/>\n<meta property=\"og:description\" content=\"Un inizio ricco di appuntamenti culturali, di benessere e festaioli per una vacanza a 360 gradi Borca di Cadore, 9 dicembre 2025 \u2013 Nel mese di dicembre 2025, gi\u00e0 prima dell\u2019apertura ufficiale dell\u2019Hotel Boite, prevista per mercoled\u00ec 24, il calendario degli eventi che rende Corte delle Dolomiti a Borca di Cadore (BL) un luogo di [&hellip;]\" \/>\n<meta property=\"og:url\" content=\"https:\/\/www.bellunopress.it\/fr\/2025\/12\/09\/il-24-dicembre-2025-si-inaugura-la-nuova-stagione-dellhotel-boite-di-corte-delle-dolomiti\/\" \/>\n<meta property=\"og:site_name\" content=\"Bellunopress - Dolomiti\" \/>\n<meta property=\"article:publisher\" content=\"https:\/\/www.facebook.com\/profile.php?id=100008943462799\" \/>\n<meta property=\"article:published_time\" content=\"2025-12-09T15:48:32+00:00\" \/>\n<meta property=\"og:image\" content=\"https:\/\/www.bellunopress.it\/wp-content\/uploads\/2023\/12\/Hotel-Boite-Borca-di-Cadore_edited.jpg\" \/>\n\t<meta property=\"og:image:width\" content=\"1000\" \/>\n\t<meta property=\"og:image:height\" content=\"579\" \/>\n\t<meta property=\"og:image:type\" content=\"image\/jpeg\" \/>\n<meta name=\"author\" content=\"redazione\" \/>\n<meta name=\"twitter:card\" content=\"summary_large_image\" \/>\n<meta name=\"twitter:creator\" content=\"@bellunopress\" \/>\n<meta name=\"twitter:site\" content=\"@bellunopress\" \/>\n<meta name=\"twitter:label1\" content=\"\u00c9crit par\" \/>\n\t<meta name=\"twitter:data1\" content=\"redazione\" \/>\n\t<meta name=\"twitter:label2\" content=\"Dur\u00e9e de lecture estim\u00e9e\" \/>\n\t<meta name=\"twitter:data2\" content=\"5 minutes\" \/>\n<script type=\"application\/ld+json\" class=\"yoast-schema-graph\">{\"@context\":\"https:\\\/\\\/schema.org\",\"@graph\":[{\"@type\":\"Article\",\"@id\":\"https:\\\/\\\/www.bellunopress.it\\\/2025\\\/12\\\/09\\\/il-24-dicembre-2025-si-inaugura-la-nuova-stagione-dellhotel-boite-di-corte-delle-dolomiti\\\/#article\",\"isPartOf\":{\"@id\":\"https:\\\/\\\/www.bellunopress.it\\\/2025\\\/12\\\/09\\\/il-24-dicembre-2025-si-inaugura-la-nuova-stagione-dellhotel-boite-di-corte-delle-dolomiti\\\/\"},\"author\":{\"name\":\"redazione\",\"@id\":\"https:\\\/\\\/www.bellunopress.it\\\/#\\\/schema\\\/person\\\/79bb06722b37ece1c03d3e94beb30d73\"},\"headline\":\"Il 24 dicembre 2025 si inaugura la nuova stagione dell\u2019Hotel Boite di Corte delle Dolomiti\",\"datePublished\":\"2025-12-09T15:48:32+00:00\",\"mainEntityOfPage\":{\"@id\":\"https:\\\/\\\/www.bellunopress.it\\\/2025\\\/12\\\/09\\\/il-24-dicembre-2025-si-inaugura-la-nuova-stagione-dellhotel-boite-di-corte-delle-dolomiti\\\/\"},\"wordCount\":988,\"publisher\":{\"@id\":\"https:\\\/\\\/www.bellunopress.it\\\/#organization\"},\"image\":{\"@id\":\"https:\\\/\\\/www.bellunopress.it\\\/2025\\\/12\\\/09\\\/il-24-dicembre-2025-si-inaugura-la-nuova-stagione-dellhotel-boite-di-corte-delle-dolomiti\\\/#primaryimage\"},\"thumbnailUrl\":\"https:\\\/\\\/www.bellunopress.it\\\/wp-content\\\/uploads\\\/2023\\\/12\\\/Hotel-Boite-Borca-di-Cadore_edited.jpg\",\"articleSection\":[\"Eventi enogastronomici\",\"Pausa Caff\u00e8\"],\"inLanguage\":\"fr-FR\"},{\"@type\":\"WebPage\",\"@id\":\"https:\\\/\\\/www.bellunopress.it\\\/2025\\\/12\\\/09\\\/il-24-dicembre-2025-si-inaugura-la-nuova-stagione-dellhotel-boite-di-corte-delle-dolomiti\\\/\",\"url\":\"https:\\\/\\\/www.bellunopress.it\\\/2025\\\/12\\\/09\\\/il-24-dicembre-2025-si-inaugura-la-nuova-stagione-dellhotel-boite-di-corte-delle-dolomiti\\\/\",\"name\":\"Il 24 dicembre 2025 si inaugura la nuova stagione dell\u2019Hotel Boite di Corte delle Dolomiti - Bellunopress - Dolomiti\",\"isPartOf\":{\"@id\":\"https:\\\/\\\/www.bellunopress.it\\\/#website\"},\"primaryImageOfPage\":{\"@id\":\"https:\\\/\\\/www.bellunopress.it\\\/2025\\\/12\\\/09\\\/il-24-dicembre-2025-si-inaugura-la-nuova-stagione-dellhotel-boite-di-corte-delle-dolomiti\\\/#primaryimage\"},\"image\":{\"@id\":\"https:\\\/\\\/www.bellunopress.it\\\/2025\\\/12\\\/09\\\/il-24-dicembre-2025-si-inaugura-la-nuova-stagione-dellhotel-boite-di-corte-delle-dolomiti\\\/#primaryimage\"},\"thumbnailUrl\":\"https:\\\/\\\/www.bellunopress.it\\\/wp-content\\\/uploads\\\/2023\\\/12\\\/Hotel-Boite-Borca-di-Cadore_edited.jpg\",\"datePublished\":\"2025-12-09T15:48:32+00:00\",\"breadcrumb\":{\"@id\":\"https:\\\/\\\/www.bellunopress.it\\\/2025\\\/12\\\/09\\\/il-24-dicembre-2025-si-inaugura-la-nuova-stagione-dellhotel-boite-di-corte-delle-dolomiti\\\/#breadcrumb\"},\"inLanguage\":\"fr-FR\",\"potentialAction\":[{\"@type\":\"ReadAction\",\"target\":[\"https:\\\/\\\/www.bellunopress.it\\\/2025\\\/12\\\/09\\\/il-24-dicembre-2025-si-inaugura-la-nuova-stagione-dellhotel-boite-di-corte-delle-dolomiti\\\/\"]}]},{\"@type\":\"ImageObject\",\"inLanguage\":\"fr-FR\",\"@id\":\"https:\\\/\\\/www.bellunopress.it\\\/2025\\\/12\\\/09\\\/il-24-dicembre-2025-si-inaugura-la-nuova-stagione-dellhotel-boite-di-corte-delle-dolomiti\\\/#primaryimage\",\"url\":\"https:\\\/\\\/www.bellunopress.it\\\/wp-content\\\/uploads\\\/2023\\\/12\\\/Hotel-Boite-Borca-di-Cadore_edited.jpg\",\"contentUrl\":\"https:\\\/\\\/www.bellunopress.it\\\/wp-content\\\/uploads\\\/2023\\\/12\\\/Hotel-Boite-Borca-di-Cadore_edited.jpg\",\"width\":1000,\"height\":579,\"caption\":\"Hotel Boite - Borca di Cadore\"},{\"@type\":\"BreadcrumbList\",\"@id\":\"https:\\\/\\\/www.bellunopress.it\\\/2025\\\/12\\\/09\\\/il-24-dicembre-2025-si-inaugura-la-nuova-stagione-dellhotel-boite-di-corte-delle-dolomiti\\\/#breadcrumb\",\"itemListElement\":[{\"@type\":\"ListItem\",\"position\":1,\"name\":\"Home\",\"item\":\"https:\\\/\\\/www.bellunopress.it\\\/\"},{\"@type\":\"ListItem\",\"position\":2,\"name\":\"Il 24 dicembre 2025 si inaugura la nuova stagione dell\u2019Hotel Boite di Corte delle Dolomiti\"}]},{\"@type\":\"WebSite\",\"@id\":\"https:\\\/\\\/www.bellunopress.it\\\/#website\",\"url\":\"https:\\\/\\\/www.bellunopress.it\\\/\",\"name\":\"Bellunopress - Dolomiti\",\"description\":\"e-mail: redazione@bellunopress.it\",\"publisher\":{\"@id\":\"https:\\\/\\\/www.bellunopress.it\\\/#organization\"},\"potentialAction\":[{\"@type\":\"SearchAction\",\"target\":{\"@type\":\"EntryPoint\",\"urlTemplate\":\"https:\\\/\\\/www.bellunopress.it\\\/?s={search_term_string}\"},\"query-input\":{\"@type\":\"PropertyValueSpecification\",\"valueRequired\":true,\"valueName\":\"search_term_string\"}}],\"inLanguage\":\"fr-FR\"},{\"@type\":\"Organization\",\"@id\":\"https:\\\/\\\/www.bellunopress.it\\\/#organization\",\"name\":\"Bellunopress\",\"url\":\"https:\\\/\\\/www.bellunopress.it\\\/\",\"logo\":{\"@type\":\"ImageObject\",\"inLanguage\":\"fr-FR\",\"@id\":\"https:\\\/\\\/www.bellunopress.it\\\/#\\\/schema\\\/logo\\\/image\\\/\",\"url\":\"https:\\\/\\\/www.bellunopress.it\\\/wp-content\\\/uploads\\\/2011\\\/05\\\/cropped-logo-bellunopress-.jpg\",\"contentUrl\":\"https:\\\/\\\/www.bellunopress.it\\\/wp-content\\\/uploads\\\/2011\\\/05\\\/cropped-logo-bellunopress-.jpg\",\"width\":512,\"height\":512,\"caption\":\"Bellunopress\"},\"image\":{\"@id\":\"https:\\\/\\\/www.bellunopress.it\\\/#\\\/schema\\\/logo\\\/image\\\/\"},\"sameAs\":[\"https:\\\/\\\/www.facebook.com\\\/profile.php?id=100008943462799\",\"https:\\\/\\\/x.com\\\/bellunopress\",\"https:\\\/\\\/www.linkedin.com\\\/hp\\\/?dnr=JBzUWaJfMUw8vbXJJ2tVW5-I3jZKvC4wsoxE&amp;amp;amp;amp;amp;amp;trk=nav_responsive_tab_home\",\"https:\\\/\\\/www.youtube.com\\\/channel\\\/UCxL0wu1uN0_3_7hGG0306cw\"]},{\"@type\":\"Person\",\"@id\":\"https:\\\/\\\/www.bellunopress.it\\\/#\\\/schema\\\/person\\\/79bb06722b37ece1c03d3e94beb30d73\",\"name\":\"redazione\",\"image\":{\"@type\":\"ImageObject\",\"inLanguage\":\"fr-FR\",\"@id\":\"https:\\\/\\\/secure.gravatar.com\\\/avatar\\\/37d968a2e67a6fd04c169c4bdef102d0bc5d31b2546345219e348575eb80e9a0?s=96&d=mm&r=g\",\"url\":\"https:\\\/\\\/secure.gravatar.com\\\/avatar\\\/37d968a2e67a6fd04c169c4bdef102d0bc5d31b2546345219e348575eb80e9a0?s=96&d=mm&r=g\",\"contentUrl\":\"https:\\\/\\\/secure.gravatar.com\\\/avatar\\\/37d968a2e67a6fd04c169c4bdef102d0bc5d31b2546345219e348575eb80e9a0?s=96&d=mm&r=g\",\"caption\":\"redazione\"},\"sameAs\":[\"http:\\\/\\\/www.bellunopress.it\",\"https:\\\/\\\/x.com\\\/bellunopress\"],\"url\":\"https:\\\/\\\/www.bellunopress.it\\\/fr\\\/author\\\/redazione\\\/\"}]}<\/script>\n<!-- \/ Yoast SEO plugin. -->","yoast_head_json":{"title":"Il 24 dicembre 2025 si inaugura la nuova stagione dell\u2019Hotel Boite di Corte delle Dolomiti - Bellunopress - Dolomiti","robots":{"index":"index","follow":"follow","max-snippet":"max-snippet:-1","max-image-preview":"max-image-preview:large","max-video-preview":"max-video-preview:-1"},"canonical":"https:\/\/www.bellunopress.it\/fr\/2025\/12\/09\/il-24-dicembre-2025-si-inaugura-la-nuova-stagione-dellhotel-boite-di-corte-delle-dolomiti\/","og_locale":"fr_FR","og_type":"article","og_title":"Il 24 dicembre 2025 si inaugura la nuova stagione dell\u2019Hotel Boite di Corte delle Dolomiti - Bellunopress - Dolomiti","og_description":"Un inizio ricco di appuntamenti culturali, di benessere e festaioli per una vacanza a 360 gradi Borca di Cadore, 9 dicembre 2025 \u2013 Nel mese di dicembre 2025, gi\u00e0 prima dell\u2019apertura ufficiale dell\u2019Hotel Boite, prevista per mercoled\u00ec 24, il calendario degli eventi che rende Corte delle Dolomiti a Borca di Cadore (BL) un luogo di [&hellip;]","og_url":"https:\/\/www.bellunopress.it\/fr\/2025\/12\/09\/il-24-dicembre-2025-si-inaugura-la-nuova-stagione-dellhotel-boite-di-corte-delle-dolomiti\/","og_site_name":"Bellunopress - Dolomiti","article_publisher":"https:\/\/www.facebook.com\/profile.php?id=100008943462799","article_published_time":"2025-12-09T15:48:32+00:00","og_image":[{"width":1000,"height":579,"url":"https:\/\/www.bellunopress.it\/wp-content\/uploads\/2023\/12\/Hotel-Boite-Borca-di-Cadore_edited.jpg","type":"image\/jpeg"}],"author":"redazione","twitter_card":"summary_large_image","twitter_creator":"@bellunopress","twitter_site":"@bellunopress","twitter_misc":{"\u00c9crit par":"redazione","Dur\u00e9e de lecture estim\u00e9e":"5 minutes"},"schema":{"@context":"https:\/\/schema.org","@graph":[{"@type":"Article","@id":"https:\/\/www.bellunopress.it\/2025\/12\/09\/il-24-dicembre-2025-si-inaugura-la-nuova-stagione-dellhotel-boite-di-corte-delle-dolomiti\/#article","isPartOf":{"@id":"https:\/\/www.bellunopress.it\/2025\/12\/09\/il-24-dicembre-2025-si-inaugura-la-nuova-stagione-dellhotel-boite-di-corte-delle-dolomiti\/"},"author":{"name":"redazione","@id":"https:\/\/www.bellunopress.it\/#\/schema\/person\/79bb06722b37ece1c03d3e94beb30d73"},"headline":"Il 24 dicembre 2025 si inaugura la nuova stagione dell\u2019Hotel Boite di Corte delle Dolomiti","datePublished":"2025-12-09T15:48:32+00:00","mainEntityOfPage":{"@id":"https:\/\/www.bellunopress.it\/2025\/12\/09\/il-24-dicembre-2025-si-inaugura-la-nuova-stagione-dellhotel-boite-di-corte-delle-dolomiti\/"},"wordCount":988,"publisher":{"@id":"https:\/\/www.bellunopress.it\/#organization"},"image":{"@id":"https:\/\/www.bellunopress.it\/2025\/12\/09\/il-24-dicembre-2025-si-inaugura-la-nuova-stagione-dellhotel-boite-di-corte-delle-dolomiti\/#primaryimage"},"thumbnailUrl":"https:\/\/www.bellunopress.it\/wp-content\/uploads\/2023\/12\/Hotel-Boite-Borca-di-Cadore_edited.jpg","articleSection":["Eventi enogastronomici","Pausa Caff\u00e8"],"inLanguage":"fr-FR"},{"@type":"WebPage","@id":"https:\/\/www.bellunopress.it\/2025\/12\/09\/il-24-dicembre-2025-si-inaugura-la-nuova-stagione-dellhotel-boite-di-corte-delle-dolomiti\/","url":"https:\/\/www.bellunopress.it\/2025\/12\/09\/il-24-dicembre-2025-si-inaugura-la-nuova-stagione-dellhotel-boite-di-corte-delle-dolomiti\/","name":"Il 24 dicembre 2025 si inaugura la nuova stagione dell\u2019Hotel Boite di Corte delle Dolomiti - Bellunopress - Dolomiti","isPartOf":{"@id":"https:\/\/www.bellunopress.it\/#website"},"primaryImageOfPage":{"@id":"https:\/\/www.bellunopress.it\/2025\/12\/09\/il-24-dicembre-2025-si-inaugura-la-nuova-stagione-dellhotel-boite-di-corte-delle-dolomiti\/#primaryimage"},"image":{"@id":"https:\/\/www.bellunopress.it\/2025\/12\/09\/il-24-dicembre-2025-si-inaugura-la-nuova-stagione-dellhotel-boite-di-corte-delle-dolomiti\/#primaryimage"},"thumbnailUrl":"https:\/\/www.bellunopress.it\/wp-content\/uploads\/2023\/12\/Hotel-Boite-Borca-di-Cadore_edited.jpg","datePublished":"2025-12-09T15:48:32+00:00","breadcrumb":{"@id":"https:\/\/www.bellunopress.it\/2025\/12\/09\/il-24-dicembre-2025-si-inaugura-la-nuova-stagione-dellhotel-boite-di-corte-delle-dolomiti\/#breadcrumb"},"inLanguage":"fr-FR","potentialAction":[{"@type":"ReadAction","target":["https:\/\/www.bellunopress.it\/2025\/12\/09\/il-24-dicembre-2025-si-inaugura-la-nuova-stagione-dellhotel-boite-di-corte-delle-dolomiti\/"]}]},{"@type":"ImageObject","inLanguage":"fr-FR","@id":"https:\/\/www.bellunopress.it\/2025\/12\/09\/il-24-dicembre-2025-si-inaugura-la-nuova-stagione-dellhotel-boite-di-corte-delle-dolomiti\/#primaryimage","url":"https:\/\/www.bellunopress.it\/wp-content\/uploads\/2023\/12\/Hotel-Boite-Borca-di-Cadore_edited.jpg","contentUrl":"https:\/\/www.bellunopress.it\/wp-content\/uploads\/2023\/12\/Hotel-Boite-Borca-di-Cadore_edited.jpg","width":1000,"height":579,"caption":"Hotel Boite - Borca di Cadore"},{"@type":"BreadcrumbList","@id":"https:\/\/www.bellunopress.it\/2025\/12\/09\/il-24-dicembre-2025-si-inaugura-la-nuova-stagione-dellhotel-boite-di-corte-delle-dolomiti\/#breadcrumb","itemListElement":[{"@type":"ListItem","position":1,"name":"Home","item":"https:\/\/www.bellunopress.it\/"},{"@type":"ListItem","position":2,"name":"Il 24 dicembre 2025 si inaugura la nuova stagione dell\u2019Hotel Boite di Corte delle Dolomiti"}]},{"@type":"WebSite","@id":"https:\/\/www.bellunopress.it\/#website","url":"https:\/\/www.bellunopress.it\/","name":"Bellunopress - Dolomiti","description":"e-mail: redazione@bellunopress.it","publisher":{"@id":"https:\/\/www.bellunopress.it\/#organization"},"potentialAction":[{"@type":"SearchAction","target":{"@type":"EntryPoint","urlTemplate":"https:\/\/www.bellunopress.it\/?s={search_term_string}"},"query-input":{"@type":"PropertyValueSpecification","valueRequired":true,"valueName":"search_term_string"}}],"inLanguage":"fr-FR"},{"@type":"Organization","@id":"https:\/\/www.bellunopress.it\/#organization","name":"Bellunopress","url":"https:\/\/www.bellunopress.it\/","logo":{"@type":"ImageObject","inLanguage":"fr-FR","@id":"https:\/\/www.bellunopress.it\/#\/schema\/logo\/image\/","url":"https:\/\/www.bellunopress.it\/wp-content\/uploads\/2011\/05\/cropped-logo-bellunopress-.jpg","contentUrl":"https:\/\/www.bellunopress.it\/wp-content\/uploads\/2011\/05\/cropped-logo-bellunopress-.jpg","width":512,"height":512,"caption":"Bellunopress"},"image":{"@id":"https:\/\/www.bellunopress.it\/#\/schema\/logo\/image\/"},"sameAs":["https:\/\/www.facebook.com\/profile.php?id=100008943462799","https:\/\/x.com\/bellunopress","https:\/\/www.linkedin.com\/hp\/?dnr=JBzUWaJfMUw8vbXJJ2tVW5-I3jZKvC4wsoxE&amp;amp;amp;amp;amp;amp;trk=nav_responsive_tab_home","https:\/\/www.youtube.com\/channel\/UCxL0wu1uN0_3_7hGG0306cw"]},{"@type":"Person","@id":"https:\/\/www.bellunopress.it\/#\/schema\/person\/79bb06722b37ece1c03d3e94beb30d73","name":"r\u00e9daction","image":{"@type":"ImageObject","inLanguage":"fr-FR","@id":"https:\/\/secure.gravatar.com\/avatar\/37d968a2e67a6fd04c169c4bdef102d0bc5d31b2546345219e348575eb80e9a0?s=96&d=mm&r=g","url":"https:\/\/secure.gravatar.com\/avatar\/37d968a2e67a6fd04c169c4bdef102d0bc5d31b2546345219e348575eb80e9a0?s=96&d=mm&r=g","contentUrl":"https:\/\/secure.gravatar.com\/avatar\/37d968a2e67a6fd04c169c4bdef102d0bc5d31b2546345219e348575eb80e9a0?s=96&d=mm&r=g","caption":"redazione"},"sameAs":["http:\/\/www.bellunopress.it","https:\/\/x.com\/bellunopress"],"url":"https:\/\/www.bellunopress.it\/fr\/author\/redazione\/"}]}},"_links":{"self":[{"href":"https:\/\/www.bellunopress.it\/fr\/wp-json\/wp\/v2\/posts\/165609","targetHints":{"allow":["GET"]}}],"collection":[{"href":"https:\/\/www.bellunopress.it\/fr\/wp-json\/wp\/v2\/posts"}],"about":[{"href":"https:\/\/www.bellunopress.it\/fr\/wp-json\/wp\/v2\/types\/post"}],"author":[{"embeddable":true,"href":"https:\/\/www.bellunopress.it\/fr\/wp-json\/wp\/v2\/users\/2"}],"replies":[{"embeddable":true,"href":"https:\/\/www.bellunopress.it\/fr\/wp-json\/wp\/v2\/comments?post=165609"}],"version-history":[{"count":1,"href":"https:\/\/www.bellunopress.it\/fr\/wp-json\/wp\/v2\/posts\/165609\/revisions"}],"predecessor-version":[{"id":165610,"href":"https:\/\/www.bellunopress.it\/fr\/wp-json\/wp\/v2\/posts\/165609\/revisions\/165610"}],"wp:featuredmedia":[{"embeddable":true,"href":"https:\/\/www.bellunopress.it\/fr\/wp-json\/wp\/v2\/media\/146356"}],"wp:attachment":[{"href":"https:\/\/www.bellunopress.it\/fr\/wp-json\/wp\/v2\/media?parent=165609"}],"wp:term":[{"taxonomy":"category","embeddable":true,"href":"https:\/\/www.bellunopress.it\/fr\/wp-json\/wp\/v2\/categories?post=165609"},{"taxonomy":"post_tag","embeddable":true,"href":"https:\/\/www.bellunopress.it\/fr\/wp-json\/wp\/v2\/tags?post=165609"}],"curies":[{"name":"wp","href":"https:\/\/api.w.org\/{rel}","templated":true}]}}