{"id":165603,"date":"2025-12-09T14:54:15","date_gmt":"2025-12-09T13:54:15","guid":{"rendered":"https:\/\/www.bellunopress.it\/?p=165603"},"modified":"2025-12-09T14:54:15","modified_gmt":"2025-12-09T13:54:15","slug":"orientamento-universitario-comunicazione-editoria-commercio-sottotitolaggio-interpretariato","status":"publish","type":"post","link":"https:\/\/www.bellunopress.it\/fr\/2025\/12\/09\/orientamento-universitario-comunicazione-editoria-commercio-sottotitolaggio-interpretariato\/","title":{"rendered":"Orientamento universitario: comunicazione, editoria, commercio, sottotitolaggio, interpretariato"},"content":{"rendered":"<figure id=\"attachment_143804\" aria-describedby=\"caption-attachment-143804\" style=\"width: 393px\" class=\"wp-caption aligncenter\"><img loading=\"lazy\" decoding=\"async\" class=\"size-medium wp-image-143804\" src=\"https:\/\/www.bellunopress.it\/wp-content\/uploads\/2023\/08\/via-Flavio-Ostilio-test-universita-mediazione-linguistica_edited-393x500.jpg\" alt=\"SSML FUSP\" width=\"393\" height=\"500\" srcset=\"https:\/\/www.bellunopress.it\/wp-content\/uploads\/2023\/08\/via-Flavio-Ostilio-test-universita-mediazione-linguistica_edited-393x500.jpg 393w, https:\/\/www.bellunopress.it\/wp-content\/uploads\/2023\/08\/via-Flavio-Ostilio-test-universita-mediazione-linguistica_edited-330x420.jpg 330w, https:\/\/www.bellunopress.it\/wp-content\/uploads\/2023\/08\/via-Flavio-Ostilio-test-universita-mediazione-linguistica_edited.jpg 455w\" sizes=\"auto, (max-width: 393px) 100vw, 393px\" \/><figcaption id=\"caption-attachment-143804\" class=\"wp-caption-text\">SSML FUSP di Belluno via Flavio Ostilio n,8\/B<\/figcaption><\/figure>\n<p>La SSML FUSP di Belluno \u00e8 lieta di celebrare la fine del 2025 con un mese di Lauree, Open Day e Test di Accertamento.<\/p>\n<p>Il 15 dicembre ci sar\u00e0 la sessione di laurea, mentre per tutta la settimana, un referente dell\u2019orientamento sar\u00e0 a disposizione, presso la segreteria in via Flavio Ostilio n.8, per rispondere alle domande e dare tutte le informazioni in merito al percorso in mediazione linguistica (classe di laurea L-12). \u201cIl piano di studi triennale \u00e8 rivolto alla conoscenza di almeno due lingue straniere &#8211; osserva il referente delle attivit\u00e0 Alessandro Gasperin \u2013 lingue che ormai rappresentano una competenza, tra le pi\u00f9 riconosciute nel mondo del lavoro. Docenti madrelingua li preparano in diversi ambiti, come la comunicazione, l\u2019editoria, il commercio, il sottotitolaggio, l\u2019interpretariato\u2026 illustrando cos\u00ec i tantissimi settori dove poter lavorare con questa competenza trasversale.<\/p>\n<p>Per chi volesse iscriversi al primo anno \u00e8 sufficiente fissare appuntamento per sostenere il test di accertamento che prevede una prova scritta di italiano ed una prova di lingua inglese utile ad individuare il livello linguistico degli studenti qualora abbiano gi\u00e0 alcune competenze linguistiche pregresse che, comunque, non rappresentano un pre-requisito di iscrizione alla Triennale.<\/p>\n<p>Gli studenti sono iscritti all\u2019Azienda Regionale per il Diritto allo Studio Universitario ESU di Padova e possono partecipare a programmi Erasmus o beneficiare delle Borse di Studio previste. La SSML di Belluno permette agli studenti di collaborare con il Centro ONU di Bruxelles con il quale \u00e8 stata sottoscritta una convenzione per lo svolgimento dei tirocini curriculari. Questa proposta aggiunge servizi e prestigio al capoluogo e riscontra il patrocinio della Provincia di Belluno e di Confindustria Belluno Dolomiti che credono fortemente nella formazione universitaria. Per contattare la segreteria didattica t. 0437 29 16 05 oppure consultare il sito della Triennale SSML Belluno &#8211; Laurea Triennale in Mediazione Linguistica<\/p>","protected":false},"excerpt":{"rendered":"<p>La SSML FUSP di Belluno \u00e8 lieta di celebrare la fine del 2025 con un mese di Lauree, Open Day e Test di Accertamento. Il 15 dicembre ci sar\u00e0 la sessione di laurea, mentre per tutta la settimana, un referente dell\u2019orientamento sar\u00e0 a disposizione, presso la segreteria in via Flavio Ostilio n.8, per rispondere alle [&hellip;]<\/p>\n","protected":false},"author":2,"featured_media":143804,"comment_status":"closed","ping_status":"open","sticky":false,"template":"","format":"standard","meta":{"footnotes":""},"categories":[26,15],"tags":[],"class_list":["post-165603","post","type-post","status-publish","format-standard","has-post-thumbnail","category-prima-pagina","category-scuola"],"yoast_head":"<!-- This site is optimized with the Yoast SEO plugin v28.4 - https:\/\/yoast.com\/product\/yoast-seo-wordpress\/ -->\n<title>Orientamento universitario: comunicazione, editoria, commercio, sottotitolaggio, interpretariato - Bellunopress - Dolomiti<\/title>\n<meta name=\"robots\" content=\"index, follow, max-snippet:-1, max-image-preview:large, max-video-preview:-1\" \/>\n<link rel=\"canonical\" href=\"https:\/\/www.bellunopress.it\/fr\/2025\/12\/09\/orientamento-universitario-comunicazione-editoria-commercio-sottotitolaggio-interpretariato\/\" \/>\n<meta property=\"og:locale\" content=\"fr_FR\" \/>\n<meta property=\"og:type\" content=\"article\" \/>\n<meta property=\"og:title\" content=\"Orientamento universitario: comunicazione, editoria, commercio, sottotitolaggio, interpretariato - Bellunopress - Dolomiti\" \/>\n<meta property=\"og:description\" content=\"La SSML FUSP di Belluno \u00e8 lieta di celebrare la fine del 2025 con un mese di Lauree, Open Day e Test di Accertamento. Il 15 dicembre ci sar\u00e0 la sessione di laurea, mentre per tutta la settimana, un referente dell\u2019orientamento sar\u00e0 a disposizione, presso la segreteria in via Flavio Ostilio n.8, per rispondere alle [&hellip;]\" \/>\n<meta property=\"og:url\" content=\"https:\/\/www.bellunopress.it\/fr\/2025\/12\/09\/orientamento-universitario-comunicazione-editoria-commercio-sottotitolaggio-interpretariato\/\" \/>\n<meta property=\"og:site_name\" content=\"Bellunopress - Dolomiti\" \/>\n<meta property=\"article:publisher\" content=\"https:\/\/www.facebook.com\/profile.php?id=100008943462799\" \/>\n<meta property=\"article:published_time\" content=\"2025-12-09T13:54:15+00:00\" \/>\n<meta property=\"og:image\" content=\"https:\/\/www.bellunopress.it\/wp-content\/uploads\/2023\/08\/via-Flavio-Ostilio-test-universita-mediazione-linguistica_edited.jpg\" \/>\n\t<meta property=\"og:image:width\" content=\"455\" \/>\n\t<meta property=\"og:image:height\" content=\"579\" \/>\n\t<meta property=\"og:image:type\" content=\"image\/jpeg\" \/>\n<meta name=\"author\" content=\"redazione\" \/>\n<meta name=\"twitter:card\" content=\"summary_large_image\" \/>\n<meta name=\"twitter:creator\" content=\"@bellunopress\" \/>\n<meta name=\"twitter:site\" content=\"@bellunopress\" \/>\n<meta name=\"twitter:label1\" content=\"\u00c9crit par\" \/>\n\t<meta name=\"twitter:data1\" content=\"redazione\" \/>\n\t<meta name=\"twitter:label2\" content=\"Dur\u00e9e de lecture estim\u00e9e\" \/>\n\t<meta name=\"twitter:data2\" content=\"2 minutes\" \/>\n<script type=\"application\/ld+json\" class=\"yoast-schema-graph\">{\"@context\":\"https:\\\/\\\/schema.org\",\"@graph\":[{\"@type\":\"Article\",\"@id\":\"https:\\\/\\\/www.bellunopress.it\\\/2025\\\/12\\\/09\\\/orientamento-universitario-comunicazione-editoria-commercio-sottotitolaggio-interpretariato\\\/#article\",\"isPartOf\":{\"@id\":\"https:\\\/\\\/www.bellunopress.it\\\/2025\\\/12\\\/09\\\/orientamento-universitario-comunicazione-editoria-commercio-sottotitolaggio-interpretariato\\\/\"},\"author\":{\"name\":\"redazione\",\"@id\":\"https:\\\/\\\/www.bellunopress.it\\\/#\\\/schema\\\/person\\\/79bb06722b37ece1c03d3e94beb30d73\"},\"headline\":\"Orientamento universitario: comunicazione, editoria, commercio, sottotitolaggio, interpretariato\",\"datePublished\":\"2025-12-09T13:54:15+00:00\",\"mainEntityOfPage\":{\"@id\":\"https:\\\/\\\/www.bellunopress.it\\\/2025\\\/12\\\/09\\\/orientamento-universitario-comunicazione-editoria-commercio-sottotitolaggio-interpretariato\\\/\"},\"wordCount\":316,\"publisher\":{\"@id\":\"https:\\\/\\\/www.bellunopress.it\\\/#organization\"},\"image\":{\"@id\":\"https:\\\/\\\/www.bellunopress.it\\\/2025\\\/12\\\/09\\\/orientamento-universitario-comunicazione-editoria-commercio-sottotitolaggio-interpretariato\\\/#primaryimage\"},\"thumbnailUrl\":\"https:\\\/\\\/www.bellunopress.it\\\/wp-content\\\/uploads\\\/2023\\\/08\\\/via-Flavio-Ostilio-test-universita-mediazione-linguistica_edited.jpg\",\"articleSection\":[\"Prima Pagina\",\"Scuola\"],\"inLanguage\":\"fr-FR\"},{\"@type\":\"WebPage\",\"@id\":\"https:\\\/\\\/www.bellunopress.it\\\/2025\\\/12\\\/09\\\/orientamento-universitario-comunicazione-editoria-commercio-sottotitolaggio-interpretariato\\\/\",\"url\":\"https:\\\/\\\/www.bellunopress.it\\\/2025\\\/12\\\/09\\\/orientamento-universitario-comunicazione-editoria-commercio-sottotitolaggio-interpretariato\\\/\",\"name\":\"Orientamento universitario: comunicazione, editoria, commercio, sottotitolaggio, interpretariato - Bellunopress - Dolomiti\",\"isPartOf\":{\"@id\":\"https:\\\/\\\/www.bellunopress.it\\\/#website\"},\"primaryImageOfPage\":{\"@id\":\"https:\\\/\\\/www.bellunopress.it\\\/2025\\\/12\\\/09\\\/orientamento-universitario-comunicazione-editoria-commercio-sottotitolaggio-interpretariato\\\/#primaryimage\"},\"image\":{\"@id\":\"https:\\\/\\\/www.bellunopress.it\\\/2025\\\/12\\\/09\\\/orientamento-universitario-comunicazione-editoria-commercio-sottotitolaggio-interpretariato\\\/#primaryimage\"},\"thumbnailUrl\":\"https:\\\/\\\/www.bellunopress.it\\\/wp-content\\\/uploads\\\/2023\\\/08\\\/via-Flavio-Ostilio-test-universita-mediazione-linguistica_edited.jpg\",\"datePublished\":\"2025-12-09T13:54:15+00:00\",\"breadcrumb\":{\"@id\":\"https:\\\/\\\/www.bellunopress.it\\\/2025\\\/12\\\/09\\\/orientamento-universitario-comunicazione-editoria-commercio-sottotitolaggio-interpretariato\\\/#breadcrumb\"},\"inLanguage\":\"fr-FR\",\"potentialAction\":[{\"@type\":\"ReadAction\",\"target\":[\"https:\\\/\\\/www.bellunopress.it\\\/2025\\\/12\\\/09\\\/orientamento-universitario-comunicazione-editoria-commercio-sottotitolaggio-interpretariato\\\/\"]}]},{\"@type\":\"ImageObject\",\"inLanguage\":\"fr-FR\",\"@id\":\"https:\\\/\\\/www.bellunopress.it\\\/2025\\\/12\\\/09\\\/orientamento-universitario-comunicazione-editoria-commercio-sottotitolaggio-interpretariato\\\/#primaryimage\",\"url\":\"https:\\\/\\\/www.bellunopress.it\\\/wp-content\\\/uploads\\\/2023\\\/08\\\/via-Flavio-Ostilio-test-universita-mediazione-linguistica_edited.jpg\",\"contentUrl\":\"https:\\\/\\\/www.bellunopress.it\\\/wp-content\\\/uploads\\\/2023\\\/08\\\/via-Flavio-Ostilio-test-universita-mediazione-linguistica_edited.jpg\",\"width\":455,\"height\":579,\"caption\":\"SSML FUSP di Belluno via Flavio Ostilio n,8\\\/B\"},{\"@type\":\"BreadcrumbList\",\"@id\":\"https:\\\/\\\/www.bellunopress.it\\\/2025\\\/12\\\/09\\\/orientamento-universitario-comunicazione-editoria-commercio-sottotitolaggio-interpretariato\\\/#breadcrumb\",\"itemListElement\":[{\"@type\":\"ListItem\",\"position\":1,\"name\":\"Home\",\"item\":\"https:\\\/\\\/www.bellunopress.it\\\/\"},{\"@type\":\"ListItem\",\"position\":2,\"name\":\"Orientamento universitario: comunicazione, editoria, commercio, sottotitolaggio, interpretariato\"}]},{\"@type\":\"WebSite\",\"@id\":\"https:\\\/\\\/www.bellunopress.it\\\/#website\",\"url\":\"https:\\\/\\\/www.bellunopress.it\\\/\",\"name\":\"Bellunopress - Dolomiti\",\"description\":\"e-mail: redazione@bellunopress.it\",\"publisher\":{\"@id\":\"https:\\\/\\\/www.bellunopress.it\\\/#organization\"},\"potentialAction\":[{\"@type\":\"SearchAction\",\"target\":{\"@type\":\"EntryPoint\",\"urlTemplate\":\"https:\\\/\\\/www.bellunopress.it\\\/?s={search_term_string}\"},\"query-input\":{\"@type\":\"PropertyValueSpecification\",\"valueRequired\":true,\"valueName\":\"search_term_string\"}}],\"inLanguage\":\"fr-FR\"},{\"@type\":\"Organization\",\"@id\":\"https:\\\/\\\/www.bellunopress.it\\\/#organization\",\"name\":\"Bellunopress\",\"url\":\"https:\\\/\\\/www.bellunopress.it\\\/\",\"logo\":{\"@type\":\"ImageObject\",\"inLanguage\":\"fr-FR\",\"@id\":\"https:\\\/\\\/www.bellunopress.it\\\/#\\\/schema\\\/logo\\\/image\\\/\",\"url\":\"https:\\\/\\\/www.bellunopress.it\\\/wp-content\\\/uploads\\\/2011\\\/05\\\/cropped-logo-bellunopress-.jpg\",\"contentUrl\":\"https:\\\/\\\/www.bellunopress.it\\\/wp-content\\\/uploads\\\/2011\\\/05\\\/cropped-logo-bellunopress-.jpg\",\"width\":512,\"height\":512,\"caption\":\"Bellunopress\"},\"image\":{\"@id\":\"https:\\\/\\\/www.bellunopress.it\\\/#\\\/schema\\\/logo\\\/image\\\/\"},\"sameAs\":[\"https:\\\/\\\/www.facebook.com\\\/profile.php?id=100008943462799\",\"https:\\\/\\\/x.com\\\/bellunopress\",\"https:\\\/\\\/www.linkedin.com\\\/hp\\\/?dnr=JBzUWaJfMUw8vbXJJ2tVW5-I3jZKvC4wsoxE&amp;amp;amp;amp;amp;amp;trk=nav_responsive_tab_home\",\"https:\\\/\\\/www.youtube.com\\\/channel\\\/UCxL0wu1uN0_3_7hGG0306cw\"]},{\"@type\":\"Person\",\"@id\":\"https:\\\/\\\/www.bellunopress.it\\\/#\\\/schema\\\/person\\\/79bb06722b37ece1c03d3e94beb30d73\",\"name\":\"redazione\",\"image\":{\"@type\":\"ImageObject\",\"inLanguage\":\"fr-FR\",\"@id\":\"https:\\\/\\\/secure.gravatar.com\\\/avatar\\\/37d968a2e67a6fd04c169c4bdef102d0bc5d31b2546345219e348575eb80e9a0?s=96&d=mm&r=g\",\"url\":\"https:\\\/\\\/secure.gravatar.com\\\/avatar\\\/37d968a2e67a6fd04c169c4bdef102d0bc5d31b2546345219e348575eb80e9a0?s=96&d=mm&r=g\",\"contentUrl\":\"https:\\\/\\\/secure.gravatar.com\\\/avatar\\\/37d968a2e67a6fd04c169c4bdef102d0bc5d31b2546345219e348575eb80e9a0?s=96&d=mm&r=g\",\"caption\":\"redazione\"},\"sameAs\":[\"http:\\\/\\\/www.bellunopress.it\",\"https:\\\/\\\/x.com\\\/bellunopress\"],\"url\":\"https:\\\/\\\/www.bellunopress.it\\\/fr\\\/author\\\/redazione\\\/\"}]}<\/script>\n<!-- \/ Yoast SEO plugin. -->","yoast_head_json":{"title":"Orientamento universitario: comunicazione, editoria, commercio, sottotitolaggio, interpretariato - Bellunopress - Dolomiti","robots":{"index":"index","follow":"follow","max-snippet":"max-snippet:-1","max-image-preview":"max-image-preview:large","max-video-preview":"max-video-preview:-1"},"canonical":"https:\/\/www.bellunopress.it\/fr\/2025\/12\/09\/orientamento-universitario-comunicazione-editoria-commercio-sottotitolaggio-interpretariato\/","og_locale":"fr_FR","og_type":"article","og_title":"Orientamento universitario: comunicazione, editoria, commercio, sottotitolaggio, interpretariato - Bellunopress - Dolomiti","og_description":"La SSML FUSP di Belluno \u00e8 lieta di celebrare la fine del 2025 con un mese di Lauree, Open Day e Test di Accertamento. Il 15 dicembre ci sar\u00e0 la sessione di laurea, mentre per tutta la settimana, un referente dell\u2019orientamento sar\u00e0 a disposizione, presso la segreteria in via Flavio Ostilio n.8, per rispondere alle [&hellip;]","og_url":"https:\/\/www.bellunopress.it\/fr\/2025\/12\/09\/orientamento-universitario-comunicazione-editoria-commercio-sottotitolaggio-interpretariato\/","og_site_name":"Bellunopress - Dolomiti","article_publisher":"https:\/\/www.facebook.com\/profile.php?id=100008943462799","article_published_time":"2025-12-09T13:54:15+00:00","og_image":[{"width":455,"height":579,"url":"https:\/\/www.bellunopress.it\/wp-content\/uploads\/2023\/08\/via-Flavio-Ostilio-test-universita-mediazione-linguistica_edited.jpg","type":"image\/jpeg"}],"author":"redazione","twitter_card":"summary_large_image","twitter_creator":"@bellunopress","twitter_site":"@bellunopress","twitter_misc":{"\u00c9crit par":"redazione","Dur\u00e9e de lecture estim\u00e9e":"2 minutes"},"schema":{"@context":"https:\/\/schema.org","@graph":[{"@type":"Article","@id":"https:\/\/www.bellunopress.it\/2025\/12\/09\/orientamento-universitario-comunicazione-editoria-commercio-sottotitolaggio-interpretariato\/#article","isPartOf":{"@id":"https:\/\/www.bellunopress.it\/2025\/12\/09\/orientamento-universitario-comunicazione-editoria-commercio-sottotitolaggio-interpretariato\/"},"author":{"name":"redazione","@id":"https:\/\/www.bellunopress.it\/#\/schema\/person\/79bb06722b37ece1c03d3e94beb30d73"},"headline":"Orientamento universitario: comunicazione, editoria, commercio, sottotitolaggio, interpretariato","datePublished":"2025-12-09T13:54:15+00:00","mainEntityOfPage":{"@id":"https:\/\/www.bellunopress.it\/2025\/12\/09\/orientamento-universitario-comunicazione-editoria-commercio-sottotitolaggio-interpretariato\/"},"wordCount":316,"publisher":{"@id":"https:\/\/www.bellunopress.it\/#organization"},"image":{"@id":"https:\/\/www.bellunopress.it\/2025\/12\/09\/orientamento-universitario-comunicazione-editoria-commercio-sottotitolaggio-interpretariato\/#primaryimage"},"thumbnailUrl":"https:\/\/www.bellunopress.it\/wp-content\/uploads\/2023\/08\/via-Flavio-Ostilio-test-universita-mediazione-linguistica_edited.jpg","articleSection":["Prima Pagina","Scuola"],"inLanguage":"fr-FR"},{"@type":"WebPage","@id":"https:\/\/www.bellunopress.it\/2025\/12\/09\/orientamento-universitario-comunicazione-editoria-commercio-sottotitolaggio-interpretariato\/","url":"https:\/\/www.bellunopress.it\/2025\/12\/09\/orientamento-universitario-comunicazione-editoria-commercio-sottotitolaggio-interpretariato\/","name":"Orientamento universitario: comunicazione, editoria, commercio, sottotitolaggio, interpretariato - Bellunopress - Dolomiti","isPartOf":{"@id":"https:\/\/www.bellunopress.it\/#website"},"primaryImageOfPage":{"@id":"https:\/\/www.bellunopress.it\/2025\/12\/09\/orientamento-universitario-comunicazione-editoria-commercio-sottotitolaggio-interpretariato\/#primaryimage"},"image":{"@id":"https:\/\/www.bellunopress.it\/2025\/12\/09\/orientamento-universitario-comunicazione-editoria-commercio-sottotitolaggio-interpretariato\/#primaryimage"},"thumbnailUrl":"https:\/\/www.bellunopress.it\/wp-content\/uploads\/2023\/08\/via-Flavio-Ostilio-test-universita-mediazione-linguistica_edited.jpg","datePublished":"2025-12-09T13:54:15+00:00","breadcrumb":{"@id":"https:\/\/www.bellunopress.it\/2025\/12\/09\/orientamento-universitario-comunicazione-editoria-commercio-sottotitolaggio-interpretariato\/#breadcrumb"},"inLanguage":"fr-FR","potentialAction":[{"@type":"ReadAction","target":["https:\/\/www.bellunopress.it\/2025\/12\/09\/orientamento-universitario-comunicazione-editoria-commercio-sottotitolaggio-interpretariato\/"]}]},{"@type":"ImageObject","inLanguage":"fr-FR","@id":"https:\/\/www.bellunopress.it\/2025\/12\/09\/orientamento-universitario-comunicazione-editoria-commercio-sottotitolaggio-interpretariato\/#primaryimage","url":"https:\/\/www.bellunopress.it\/wp-content\/uploads\/2023\/08\/via-Flavio-Ostilio-test-universita-mediazione-linguistica_edited.jpg","contentUrl":"https:\/\/www.bellunopress.it\/wp-content\/uploads\/2023\/08\/via-Flavio-Ostilio-test-universita-mediazione-linguistica_edited.jpg","width":455,"height":579,"caption":"SSML FUSP di Belluno via Flavio Ostilio n,8\/B"},{"@type":"BreadcrumbList","@id":"https:\/\/www.bellunopress.it\/2025\/12\/09\/orientamento-universitario-comunicazione-editoria-commercio-sottotitolaggio-interpretariato\/#breadcrumb","itemListElement":[{"@type":"ListItem","position":1,"name":"Home","item":"https:\/\/www.bellunopress.it\/"},{"@type":"ListItem","position":2,"name":"Orientamento universitario: comunicazione, editoria, commercio, sottotitolaggio, interpretariato"}]},{"@type":"WebSite","@id":"https:\/\/www.bellunopress.it\/#website","url":"https:\/\/www.bellunopress.it\/","name":"Bellunopress - Dolomiti","description":"e-mail: redazione@bellunopress.it","publisher":{"@id":"https:\/\/www.bellunopress.it\/#organization"},"potentialAction":[{"@type":"SearchAction","target":{"@type":"EntryPoint","urlTemplate":"https:\/\/www.bellunopress.it\/?s={search_term_string}"},"query-input":{"@type":"PropertyValueSpecification","valueRequired":true,"valueName":"search_term_string"}}],"inLanguage":"fr-FR"},{"@type":"Organization","@id":"https:\/\/www.bellunopress.it\/#organization","name":"Bellunopress","url":"https:\/\/www.bellunopress.it\/","logo":{"@type":"ImageObject","inLanguage":"fr-FR","@id":"https:\/\/www.bellunopress.it\/#\/schema\/logo\/image\/","url":"https:\/\/www.bellunopress.it\/wp-content\/uploads\/2011\/05\/cropped-logo-bellunopress-.jpg","contentUrl":"https:\/\/www.bellunopress.it\/wp-content\/uploads\/2011\/05\/cropped-logo-bellunopress-.jpg","width":512,"height":512,"caption":"Bellunopress"},"image":{"@id":"https:\/\/www.bellunopress.it\/#\/schema\/logo\/image\/"},"sameAs":["https:\/\/www.facebook.com\/profile.php?id=100008943462799","https:\/\/x.com\/bellunopress","https:\/\/www.linkedin.com\/hp\/?dnr=JBzUWaJfMUw8vbXJJ2tVW5-I3jZKvC4wsoxE&amp;amp;amp;amp;amp;amp;trk=nav_responsive_tab_home","https:\/\/www.youtube.com\/channel\/UCxL0wu1uN0_3_7hGG0306cw"]},{"@type":"Person","@id":"https:\/\/www.bellunopress.it\/#\/schema\/person\/79bb06722b37ece1c03d3e94beb30d73","name":"r\u00e9daction","image":{"@type":"ImageObject","inLanguage":"fr-FR","@id":"https:\/\/secure.gravatar.com\/avatar\/37d968a2e67a6fd04c169c4bdef102d0bc5d31b2546345219e348575eb80e9a0?s=96&d=mm&r=g","url":"https:\/\/secure.gravatar.com\/avatar\/37d968a2e67a6fd04c169c4bdef102d0bc5d31b2546345219e348575eb80e9a0?s=96&d=mm&r=g","contentUrl":"https:\/\/secure.gravatar.com\/avatar\/37d968a2e67a6fd04c169c4bdef102d0bc5d31b2546345219e348575eb80e9a0?s=96&d=mm&r=g","caption":"redazione"},"sameAs":["http:\/\/www.bellunopress.it","https:\/\/x.com\/bellunopress"],"url":"https:\/\/www.bellunopress.it\/fr\/author\/redazione\/"}]}},"_links":{"self":[{"href":"https:\/\/www.bellunopress.it\/fr\/wp-json\/wp\/v2\/posts\/165603","targetHints":{"allow":["GET"]}}],"collection":[{"href":"https:\/\/www.bellunopress.it\/fr\/wp-json\/wp\/v2\/posts"}],"about":[{"href":"https:\/\/www.bellunopress.it\/fr\/wp-json\/wp\/v2\/types\/post"}],"author":[{"embeddable":true,"href":"https:\/\/www.bellunopress.it\/fr\/wp-json\/wp\/v2\/users\/2"}],"replies":[{"embeddable":true,"href":"https:\/\/www.bellunopress.it\/fr\/wp-json\/wp\/v2\/comments?post=165603"}],"version-history":[{"count":1,"href":"https:\/\/www.bellunopress.it\/fr\/wp-json\/wp\/v2\/posts\/165603\/revisions"}],"predecessor-version":[{"id":165604,"href":"https:\/\/www.bellunopress.it\/fr\/wp-json\/wp\/v2\/posts\/165603\/revisions\/165604"}],"wp:featuredmedia":[{"embeddable":true,"href":"https:\/\/www.bellunopress.it\/fr\/wp-json\/wp\/v2\/media\/143804"}],"wp:attachment":[{"href":"https:\/\/www.bellunopress.it\/fr\/wp-json\/wp\/v2\/media?parent=165603"}],"wp:term":[{"taxonomy":"category","embeddable":true,"href":"https:\/\/www.bellunopress.it\/fr\/wp-json\/wp\/v2\/categories?post=165603"},{"taxonomy":"post_tag","embeddable":true,"href":"https:\/\/www.bellunopress.it\/fr\/wp-json\/wp\/v2\/tags?post=165603"}],"curies":[{"name":"wp","href":"https:\/\/api.w.org\/{rel}","templated":true}]}}