{"id":165601,"date":"2025-12-09T14:43:19","date_gmt":"2025-12-09T13:43:19","guid":{"rendered":"https:\/\/www.bellunopress.it\/?p=165601"},"modified":"2025-12-09T14:43:19","modified_gmt":"2025-12-09T13:43:19","slug":"progetto-accoglienza-alla-canonica-di-cusighe-coperti-tutti-i-posti-a-disposizione-sindaco-al-lavoro-per-ulteriori-sei-posti","status":"publish","type":"post","link":"https:\/\/www.bellunopress.it\/fr\/2025\/12\/09\/progetto-accoglienza-alla-canonica-di-cusighe-coperti-tutti-i-posti-a-disposizione-sindaco-al-lavoro-per-ulteriori-sei-posti\/","title":{"rendered":"Progetto accoglienza alla canonica di Cusighe: coperti tutti i posti a disposizione. Sindaco: \u201cAl lavoro per ulteriori sei posti\u201d"},"content":{"rendered":"<figure id=\"attachment_151884\" aria-describedby=\"caption-attachment-151884\" style=\"width: 490px\" class=\"wp-caption aligncenter\"><img loading=\"lazy\" decoding=\"async\" class=\"size-medium wp-image-151884\" src=\"https:\/\/www.bellunopress.it\/wp-content\/uploads\/2024\/06\/Oscar-De-Pellegrin-sindaco_edited-490x500.jpg\" alt=\"\" width=\"490\" height=\"500\" srcset=\"https:\/\/www.bellunopress.it\/wp-content\/uploads\/2024\/06\/Oscar-De-Pellegrin-sindaco_edited-490x500.jpg 490w, https:\/\/www.bellunopress.it\/wp-content\/uploads\/2024\/06\/Oscar-De-Pellegrin-sindaco_edited-411x420.jpg 411w, https:\/\/www.bellunopress.it\/wp-content\/uploads\/2024\/06\/Oscar-De-Pellegrin-sindaco_edited-696x711.jpg 696w, https:\/\/www.bellunopress.it\/wp-content\/uploads\/2024\/06\/Oscar-De-Pellegrin-sindaco_edited.jpg 979w\" sizes=\"auto, (max-width: 490px) 100vw, 490px\" \/><figcaption id=\"caption-attachment-151884\" class=\"wp-caption-text\">Oscar De Pellegrin, sindaco di Belluno<\/figcaption><\/figure>\n<p>Belluno, 9 dicembre 2025 &#8211; Il primo passo dell\u2019ampliamento del Sistema di Accoglienza e Integrazione (SAI) del Comune di Belluno \u00e8 concluso al 100%, tutti e quattro i posti destinati a donne richiedenti asilo o rifugiate, attivati nella canonica dismessa della parrocchia di Cusighe, sono infatti stati occupati. Si tratta del primo blocco dei nuovi dieci posti complessivi previsti dal progetto.<br \/>\nResta ora da completare la seconda fase dell\u2019ampliamento, che prevede l\u2019attivazione di ulteriori sei posti, per i quali l\u2019Amministrazione sta lavorando alla ricerca di un immobile idoneo e comodo ai servizi.<\/p>\n<p>I quattro posti aggiuntivi del SAI, destinati a donne con status di richiedenti asilo o rifugiate, sono stati attivati nei mesi scorsi all\u2019interno della canonica dismessa di Cusighe. Con questo ampliamento il Comune di Belluno, che gi\u00e0 accoglie 15 uomini e 3 donne, rafforza la propria rete dell\u2019accoglienza mettendo a disposizione uno spazio situato in una fra-zione popolosa, ben servita e integrata nel contesto urbano. \u201cOgni spazio che si apre all\u2019accoglienza \u00e8 un passo in pi\u00f9 verso una comunit\u00e0 inclusiva e capace di offrire aiuto a chi ne ha bisogno \u2013 commenta il sindaco, Oscar De Pellegrin \u2013. Allestire nuovi posti significa offrire una possibilit\u00e0 concreta di ricominciare a chi ha dovuto lasciare tutto, ma anche fare la nostra parte, con responsabilit\u00e0 e umanit\u00e0, rispondendo a un bisogno reale. Crediamo con convinzione che l\u2019apertura verso persone provenienti da altri Paesi sia una risorsa e una ricchezza per l\u2019intera comunit\u00e0\u201d.<\/p>\n<p>\u201cRingrazio il parroco don Graziano, la comunit\u00e0 e la Curia, in particolare don Diego, per la disponibilit\u00e0 dimostrata nel mettere a disposizione la canonica, e desidero esprimere un sincero ringraziamento anche al personale del Comune che ha seguito con professionalit\u00e0 ogni passaggio dell\u2019iter, contribuendo in modo decisivo alla buona riuscita di questa operazione \u2013 commenta l\u2019assessore al sociale, Marco Dal Pont -. L\u2019ampliamento del progetto SAI non comporta alcun costo per il Comune, poich\u00e9 viene finanziato interamente attraverso fondi ministeriali dedicati, il nostro impegno \u00e8 far s\u00ec che ogni percorso di accoglienza si traduca in un vero processo di inclusione, capace di valorizzare le competenze e le energie delle persone accolte. L\u2019obiettivo \u00e8 arrivare a un contesto in cui, al termine dei percorsi previsti, non ci siano pi\u00f9 persone in difficolt\u00e0, ma cittadini pronti a inserirsi nel tessuto lavorativo locale, contribuendo allo sviluppo della nostra comunit\u00e0 e al potenziamento dei servizi e delle imprese. Continueremo a lavorare perch\u00e9 l\u2019accoglienza sia non solo possibile, ma dignitosa e in grado di generare integrazione reale\u201d.<\/p>\n<p>L\u2019ITER<br \/>\nIl percorso era iniziato con il confronto all\u2019interno dell\u2019assemblea parrocchiale e con la decisione condivisa di destinare la canonica all\u2019accoglienza. Dopo il sopralluogo dell\u2019ULSS e il rilascio dell\u2019idoneit\u00e0 alloggiativa, era stato incaricato un tecnico per il frazionamento degli spazi interni e per l\u2019aggiornamento catastale.<br \/>\nSono seguiti lavori di adeguamento degli impianti elettrico e idrotermo-sanitario, completati con le relative certificazioni, e il rilascio dell\u2019Attestato di Prestazione Energetica (APE), indispensabile per la locazione.<br \/>\nUna volta concluse le verifiche e i lavori, era stato firmato il contratto di locazione della durata di tre anni (rinnovabile per ulteriori due), e il Co-mune ha comunicato al Ministero dell\u2019Interno l\u2019attivazione dell\u2019alloggio.<br \/>\nLa Cooperativa Una Casa per l\u2019Uomo, incaricata della gestione del progetto SAI, ha curato l\u2019allestimento degli spazi e ora sta seguendo le atti-vit\u00e0 di accoglienza.<\/p>\n<p>PROSSIMO STEP<br \/>\nDopo aver completato il primo step dell\u2019ampliamento, il Comune \u00e8 ora impegnato a individuare una soluzione abitativa idonea per gli altri sei posti assegnati al SAI di Belluno. La ricerca si concentra in ambito urbano, non senza difficolt\u00e0 legate alla reperibilit\u00e0 di immobili adatti.<\/p>","protected":false},"excerpt":{"rendered":"<p>Belluno, 9 dicembre 2025 &#8211; Il primo passo dell\u2019ampliamento del Sistema di Accoglienza e Integrazione (SAI) del Comune di Belluno \u00e8 concluso al 100%, tutti e quattro i posti destinati a donne richiedenti asilo o rifugiate, attivati nella canonica dismessa della parrocchia di Cusighe, sono infatti stati occupati. Si tratta del primo blocco dei nuovi [&hellip;]<\/p>\n","protected":false},"author":2,"featured_media":151884,"comment_status":"closed","ping_status":"open","sticky":false,"template":"","format":"standard","meta":{"footnotes":""},"categories":[5,26],"tags":[],"class_list":["post-165601","post","type-post","status-publish","format-standard","has-post-thumbnail","category-cronaca","category-prima-pagina"],"yoast_head":"<!-- This site is optimized with the Yoast SEO plugin v28.4 - https:\/\/yoast.com\/product\/yoast-seo-wordpress\/ -->\n<title>Progetto accoglienza alla canonica di Cusighe: coperti tutti i posti a disposizione. Sindaco: \u201cAl lavoro per ulteriori sei posti\u201d - Bellunopress - Dolomiti<\/title>\n<meta name=\"robots\" content=\"index, follow, max-snippet:-1, max-image-preview:large, max-video-preview:-1\" \/>\n<link rel=\"canonical\" href=\"https:\/\/www.bellunopress.it\/fr\/2025\/12\/09\/progetto-accoglienza-alla-canonica-di-cusighe-coperti-tutti-i-posti-a-disposizione-sindaco-al-lavoro-per-ulteriori-sei-posti\/\" \/>\n<meta property=\"og:locale\" content=\"fr_FR\" \/>\n<meta property=\"og:type\" content=\"article\" \/>\n<meta property=\"og:title\" content=\"Progetto accoglienza alla canonica di Cusighe: coperti tutti i posti a disposizione. Sindaco: \u201cAl lavoro per ulteriori sei posti\u201d - Bellunopress - Dolomiti\" \/>\n<meta property=\"og:description\" content=\"Belluno, 9 dicembre 2025 &#8211; Il primo passo dell\u2019ampliamento del Sistema di Accoglienza e Integrazione (SAI) del Comune di Belluno \u00e8 concluso al 100%, tutti e quattro i posti destinati a donne richiedenti asilo o rifugiate, attivati nella canonica dismessa della parrocchia di Cusighe, sono infatti stati occupati. Si tratta del primo blocco dei nuovi [&hellip;]\" \/>\n<meta property=\"og:url\" content=\"https:\/\/www.bellunopress.it\/fr\/2025\/12\/09\/progetto-accoglienza-alla-canonica-di-cusighe-coperti-tutti-i-posti-a-disposizione-sindaco-al-lavoro-per-ulteriori-sei-posti\/\" \/>\n<meta property=\"og:site_name\" content=\"Bellunopress - Dolomiti\" \/>\n<meta property=\"article:publisher\" content=\"https:\/\/www.facebook.com\/profile.php?id=100008943462799\" \/>\n<meta property=\"article:published_time\" content=\"2025-12-09T13:43:19+00:00\" \/>\n<meta property=\"og:image\" content=\"https:\/\/www.bellunopress.it\/wp-content\/uploads\/2024\/06\/Oscar-De-Pellegrin-sindaco_edited.jpg\" \/>\n\t<meta property=\"og:image:width\" content=\"979\" \/>\n\t<meta property=\"og:image:height\" content=\"1000\" \/>\n\t<meta property=\"og:image:type\" content=\"image\/jpeg\" \/>\n<meta name=\"author\" content=\"redazione\" \/>\n<meta name=\"twitter:card\" content=\"summary_large_image\" \/>\n<meta name=\"twitter:creator\" content=\"@bellunopress\" \/>\n<meta name=\"twitter:site\" content=\"@bellunopress\" \/>\n<meta name=\"twitter:label1\" content=\"\u00c9crit par\" \/>\n\t<meta name=\"twitter:data1\" content=\"redazione\" \/>\n\t<meta name=\"twitter:label2\" content=\"Dur\u00e9e de lecture estim\u00e9e\" \/>\n\t<meta name=\"twitter:data2\" content=\"3 minutes\" \/>\n<script type=\"application\/ld+json\" class=\"yoast-schema-graph\">{\"@context\":\"https:\\\/\\\/schema.org\",\"@graph\":[{\"@type\":\"Article\",\"@id\":\"https:\\\/\\\/www.bellunopress.it\\\/2025\\\/12\\\/09\\\/progetto-accoglienza-alla-canonica-di-cusighe-coperti-tutti-i-posti-a-disposizione-sindaco-al-lavoro-per-ulteriori-sei-posti\\\/#article\",\"isPartOf\":{\"@id\":\"https:\\\/\\\/www.bellunopress.it\\\/2025\\\/12\\\/09\\\/progetto-accoglienza-alla-canonica-di-cusighe-coperti-tutti-i-posti-a-disposizione-sindaco-al-lavoro-per-ulteriori-sei-posti\\\/\"},\"author\":{\"name\":\"redazione\",\"@id\":\"https:\\\/\\\/www.bellunopress.it\\\/#\\\/schema\\\/person\\\/79bb06722b37ece1c03d3e94beb30d73\"},\"headline\":\"Progetto accoglienza alla canonica di Cusighe: coperti tutti i posti a disposizione. Sindaco: \u201cAl lavoro per ulteriori sei posti\u201d\",\"datePublished\":\"2025-12-09T13:43:19+00:00\",\"mainEntityOfPage\":{\"@id\":\"https:\\\/\\\/www.bellunopress.it\\\/2025\\\/12\\\/09\\\/progetto-accoglienza-alla-canonica-di-cusighe-coperti-tutti-i-posti-a-disposizione-sindaco-al-lavoro-per-ulteriori-sei-posti\\\/\"},\"wordCount\":637,\"publisher\":{\"@id\":\"https:\\\/\\\/www.bellunopress.it\\\/#organization\"},\"image\":{\"@id\":\"https:\\\/\\\/www.bellunopress.it\\\/2025\\\/12\\\/09\\\/progetto-accoglienza-alla-canonica-di-cusighe-coperti-tutti-i-posti-a-disposizione-sindaco-al-lavoro-per-ulteriori-sei-posti\\\/#primaryimage\"},\"thumbnailUrl\":\"https:\\\/\\\/www.bellunopress.it\\\/wp-content\\\/uploads\\\/2024\\\/06\\\/Oscar-De-Pellegrin-sindaco_edited.jpg\",\"articleSection\":[\"Cronaca\\\/Politica\",\"Prima Pagina\"],\"inLanguage\":\"fr-FR\"},{\"@type\":\"WebPage\",\"@id\":\"https:\\\/\\\/www.bellunopress.it\\\/2025\\\/12\\\/09\\\/progetto-accoglienza-alla-canonica-di-cusighe-coperti-tutti-i-posti-a-disposizione-sindaco-al-lavoro-per-ulteriori-sei-posti\\\/\",\"url\":\"https:\\\/\\\/www.bellunopress.it\\\/2025\\\/12\\\/09\\\/progetto-accoglienza-alla-canonica-di-cusighe-coperti-tutti-i-posti-a-disposizione-sindaco-al-lavoro-per-ulteriori-sei-posti\\\/\",\"name\":\"Progetto accoglienza alla canonica di Cusighe: coperti tutti i posti a disposizione. Sindaco: \u201cAl lavoro per ulteriori sei posti\u201d - Bellunopress - Dolomiti\",\"isPartOf\":{\"@id\":\"https:\\\/\\\/www.bellunopress.it\\\/#website\"},\"primaryImageOfPage\":{\"@id\":\"https:\\\/\\\/www.bellunopress.it\\\/2025\\\/12\\\/09\\\/progetto-accoglienza-alla-canonica-di-cusighe-coperti-tutti-i-posti-a-disposizione-sindaco-al-lavoro-per-ulteriori-sei-posti\\\/#primaryimage\"},\"image\":{\"@id\":\"https:\\\/\\\/www.bellunopress.it\\\/2025\\\/12\\\/09\\\/progetto-accoglienza-alla-canonica-di-cusighe-coperti-tutti-i-posti-a-disposizione-sindaco-al-lavoro-per-ulteriori-sei-posti\\\/#primaryimage\"},\"thumbnailUrl\":\"https:\\\/\\\/www.bellunopress.it\\\/wp-content\\\/uploads\\\/2024\\\/06\\\/Oscar-De-Pellegrin-sindaco_edited.jpg\",\"datePublished\":\"2025-12-09T13:43:19+00:00\",\"breadcrumb\":{\"@id\":\"https:\\\/\\\/www.bellunopress.it\\\/2025\\\/12\\\/09\\\/progetto-accoglienza-alla-canonica-di-cusighe-coperti-tutti-i-posti-a-disposizione-sindaco-al-lavoro-per-ulteriori-sei-posti\\\/#breadcrumb\"},\"inLanguage\":\"fr-FR\",\"potentialAction\":[{\"@type\":\"ReadAction\",\"target\":[\"https:\\\/\\\/www.bellunopress.it\\\/2025\\\/12\\\/09\\\/progetto-accoglienza-alla-canonica-di-cusighe-coperti-tutti-i-posti-a-disposizione-sindaco-al-lavoro-per-ulteriori-sei-posti\\\/\"]}]},{\"@type\":\"ImageObject\",\"inLanguage\":\"fr-FR\",\"@id\":\"https:\\\/\\\/www.bellunopress.it\\\/2025\\\/12\\\/09\\\/progetto-accoglienza-alla-canonica-di-cusighe-coperti-tutti-i-posti-a-disposizione-sindaco-al-lavoro-per-ulteriori-sei-posti\\\/#primaryimage\",\"url\":\"https:\\\/\\\/www.bellunopress.it\\\/wp-content\\\/uploads\\\/2024\\\/06\\\/Oscar-De-Pellegrin-sindaco_edited.jpg\",\"contentUrl\":\"https:\\\/\\\/www.bellunopress.it\\\/wp-content\\\/uploads\\\/2024\\\/06\\\/Oscar-De-Pellegrin-sindaco_edited.jpg\",\"width\":979,\"height\":1000,\"caption\":\"Oscar De Pellegrin, sindaco di Belluno\"},{\"@type\":\"BreadcrumbList\",\"@id\":\"https:\\\/\\\/www.bellunopress.it\\\/2025\\\/12\\\/09\\\/progetto-accoglienza-alla-canonica-di-cusighe-coperti-tutti-i-posti-a-disposizione-sindaco-al-lavoro-per-ulteriori-sei-posti\\\/#breadcrumb\",\"itemListElement\":[{\"@type\":\"ListItem\",\"position\":1,\"name\":\"Home\",\"item\":\"https:\\\/\\\/www.bellunopress.it\\\/\"},{\"@type\":\"ListItem\",\"position\":2,\"name\":\"Progetto accoglienza alla canonica di Cusighe: coperti tutti i posti a disposizione. Sindaco: \u201cAl lavoro per ulteriori sei posti\u201d\"}]},{\"@type\":\"WebSite\",\"@id\":\"https:\\\/\\\/www.bellunopress.it\\\/#website\",\"url\":\"https:\\\/\\\/www.bellunopress.it\\\/\",\"name\":\"Bellunopress - Dolomiti\",\"description\":\"e-mail: redazione@bellunopress.it\",\"publisher\":{\"@id\":\"https:\\\/\\\/www.bellunopress.it\\\/#organization\"},\"potentialAction\":[{\"@type\":\"SearchAction\",\"target\":{\"@type\":\"EntryPoint\",\"urlTemplate\":\"https:\\\/\\\/www.bellunopress.it\\\/?s={search_term_string}\"},\"query-input\":{\"@type\":\"PropertyValueSpecification\",\"valueRequired\":true,\"valueName\":\"search_term_string\"}}],\"inLanguage\":\"fr-FR\"},{\"@type\":\"Organization\",\"@id\":\"https:\\\/\\\/www.bellunopress.it\\\/#organization\",\"name\":\"Bellunopress\",\"url\":\"https:\\\/\\\/www.bellunopress.it\\\/\",\"logo\":{\"@type\":\"ImageObject\",\"inLanguage\":\"fr-FR\",\"@id\":\"https:\\\/\\\/www.bellunopress.it\\\/#\\\/schema\\\/logo\\\/image\\\/\",\"url\":\"https:\\\/\\\/www.bellunopress.it\\\/wp-content\\\/uploads\\\/2011\\\/05\\\/cropped-logo-bellunopress-.jpg\",\"contentUrl\":\"https:\\\/\\\/www.bellunopress.it\\\/wp-content\\\/uploads\\\/2011\\\/05\\\/cropped-logo-bellunopress-.jpg\",\"width\":512,\"height\":512,\"caption\":\"Bellunopress\"},\"image\":{\"@id\":\"https:\\\/\\\/www.bellunopress.it\\\/#\\\/schema\\\/logo\\\/image\\\/\"},\"sameAs\":[\"https:\\\/\\\/www.facebook.com\\\/profile.php?id=100008943462799\",\"https:\\\/\\\/x.com\\\/bellunopress\",\"https:\\\/\\\/www.linkedin.com\\\/hp\\\/?dnr=JBzUWaJfMUw8vbXJJ2tVW5-I3jZKvC4wsoxE&amp;amp;amp;amp;amp;amp;trk=nav_responsive_tab_home\",\"https:\\\/\\\/www.youtube.com\\\/channel\\\/UCxL0wu1uN0_3_7hGG0306cw\"]},{\"@type\":\"Person\",\"@id\":\"https:\\\/\\\/www.bellunopress.it\\\/#\\\/schema\\\/person\\\/79bb06722b37ece1c03d3e94beb30d73\",\"name\":\"redazione\",\"image\":{\"@type\":\"ImageObject\",\"inLanguage\":\"fr-FR\",\"@id\":\"https:\\\/\\\/secure.gravatar.com\\\/avatar\\\/37d968a2e67a6fd04c169c4bdef102d0bc5d31b2546345219e348575eb80e9a0?s=96&d=mm&r=g\",\"url\":\"https:\\\/\\\/secure.gravatar.com\\\/avatar\\\/37d968a2e67a6fd04c169c4bdef102d0bc5d31b2546345219e348575eb80e9a0?s=96&d=mm&r=g\",\"contentUrl\":\"https:\\\/\\\/secure.gravatar.com\\\/avatar\\\/37d968a2e67a6fd04c169c4bdef102d0bc5d31b2546345219e348575eb80e9a0?s=96&d=mm&r=g\",\"caption\":\"redazione\"},\"sameAs\":[\"http:\\\/\\\/www.bellunopress.it\",\"https:\\\/\\\/x.com\\\/bellunopress\"],\"url\":\"https:\\\/\\\/www.bellunopress.it\\\/fr\\\/author\\\/redazione\\\/\"}]}<\/script>\n<!-- \/ Yoast SEO plugin. -->","yoast_head_json":{"title":"Progetto accoglienza alla canonica di Cusighe: coperti tutti i posti a disposizione. Sindaco: \u201cAl lavoro per ulteriori sei posti\u201d - Bellunopress - Dolomiti","robots":{"index":"index","follow":"follow","max-snippet":"max-snippet:-1","max-image-preview":"max-image-preview:large","max-video-preview":"max-video-preview:-1"},"canonical":"https:\/\/www.bellunopress.it\/fr\/2025\/12\/09\/progetto-accoglienza-alla-canonica-di-cusighe-coperti-tutti-i-posti-a-disposizione-sindaco-al-lavoro-per-ulteriori-sei-posti\/","og_locale":"fr_FR","og_type":"article","og_title":"Progetto accoglienza alla canonica di Cusighe: coperti tutti i posti a disposizione. Sindaco: \u201cAl lavoro per ulteriori sei posti\u201d - Bellunopress - Dolomiti","og_description":"Belluno, 9 dicembre 2025 &#8211; Il primo passo dell\u2019ampliamento del Sistema di Accoglienza e Integrazione (SAI) del Comune di Belluno \u00e8 concluso al 100%, tutti e quattro i posti destinati a donne richiedenti asilo o rifugiate, attivati nella canonica dismessa della parrocchia di Cusighe, sono infatti stati occupati. Si tratta del primo blocco dei nuovi [&hellip;]","og_url":"https:\/\/www.bellunopress.it\/fr\/2025\/12\/09\/progetto-accoglienza-alla-canonica-di-cusighe-coperti-tutti-i-posti-a-disposizione-sindaco-al-lavoro-per-ulteriori-sei-posti\/","og_site_name":"Bellunopress - Dolomiti","article_publisher":"https:\/\/www.facebook.com\/profile.php?id=100008943462799","article_published_time":"2025-12-09T13:43:19+00:00","og_image":[{"width":979,"height":1000,"url":"https:\/\/www.bellunopress.it\/wp-content\/uploads\/2024\/06\/Oscar-De-Pellegrin-sindaco_edited.jpg","type":"image\/jpeg"}],"author":"redazione","twitter_card":"summary_large_image","twitter_creator":"@bellunopress","twitter_site":"@bellunopress","twitter_misc":{"\u00c9crit par":"redazione","Dur\u00e9e de lecture estim\u00e9e":"3 minutes"},"schema":{"@context":"https:\/\/schema.org","@graph":[{"@type":"Article","@id":"https:\/\/www.bellunopress.it\/2025\/12\/09\/progetto-accoglienza-alla-canonica-di-cusighe-coperti-tutti-i-posti-a-disposizione-sindaco-al-lavoro-per-ulteriori-sei-posti\/#article","isPartOf":{"@id":"https:\/\/www.bellunopress.it\/2025\/12\/09\/progetto-accoglienza-alla-canonica-di-cusighe-coperti-tutti-i-posti-a-disposizione-sindaco-al-lavoro-per-ulteriori-sei-posti\/"},"author":{"name":"redazione","@id":"https:\/\/www.bellunopress.it\/#\/schema\/person\/79bb06722b37ece1c03d3e94beb30d73"},"headline":"Progetto accoglienza alla canonica di Cusighe: coperti tutti i posti a disposizione. Sindaco: \u201cAl lavoro per ulteriori sei posti\u201d","datePublished":"2025-12-09T13:43:19+00:00","mainEntityOfPage":{"@id":"https:\/\/www.bellunopress.it\/2025\/12\/09\/progetto-accoglienza-alla-canonica-di-cusighe-coperti-tutti-i-posti-a-disposizione-sindaco-al-lavoro-per-ulteriori-sei-posti\/"},"wordCount":637,"publisher":{"@id":"https:\/\/www.bellunopress.it\/#organization"},"image":{"@id":"https:\/\/www.bellunopress.it\/2025\/12\/09\/progetto-accoglienza-alla-canonica-di-cusighe-coperti-tutti-i-posti-a-disposizione-sindaco-al-lavoro-per-ulteriori-sei-posti\/#primaryimage"},"thumbnailUrl":"https:\/\/www.bellunopress.it\/wp-content\/uploads\/2024\/06\/Oscar-De-Pellegrin-sindaco_edited.jpg","articleSection":["Cronaca\/Politica","Prima Pagina"],"inLanguage":"fr-FR"},{"@type":"WebPage","@id":"https:\/\/www.bellunopress.it\/2025\/12\/09\/progetto-accoglienza-alla-canonica-di-cusighe-coperti-tutti-i-posti-a-disposizione-sindaco-al-lavoro-per-ulteriori-sei-posti\/","url":"https:\/\/www.bellunopress.it\/2025\/12\/09\/progetto-accoglienza-alla-canonica-di-cusighe-coperti-tutti-i-posti-a-disposizione-sindaco-al-lavoro-per-ulteriori-sei-posti\/","name":"Progetto accoglienza alla canonica di Cusighe: coperti tutti i posti a disposizione. Sindaco: \u201cAl lavoro per ulteriori sei posti\u201d - Bellunopress - Dolomiti","isPartOf":{"@id":"https:\/\/www.bellunopress.it\/#website"},"primaryImageOfPage":{"@id":"https:\/\/www.bellunopress.it\/2025\/12\/09\/progetto-accoglienza-alla-canonica-di-cusighe-coperti-tutti-i-posti-a-disposizione-sindaco-al-lavoro-per-ulteriori-sei-posti\/#primaryimage"},"image":{"@id":"https:\/\/www.bellunopress.it\/2025\/12\/09\/progetto-accoglienza-alla-canonica-di-cusighe-coperti-tutti-i-posti-a-disposizione-sindaco-al-lavoro-per-ulteriori-sei-posti\/#primaryimage"},"thumbnailUrl":"https:\/\/www.bellunopress.it\/wp-content\/uploads\/2024\/06\/Oscar-De-Pellegrin-sindaco_edited.jpg","datePublished":"2025-12-09T13:43:19+00:00","breadcrumb":{"@id":"https:\/\/www.bellunopress.it\/2025\/12\/09\/progetto-accoglienza-alla-canonica-di-cusighe-coperti-tutti-i-posti-a-disposizione-sindaco-al-lavoro-per-ulteriori-sei-posti\/#breadcrumb"},"inLanguage":"fr-FR","potentialAction":[{"@type":"ReadAction","target":["https:\/\/www.bellunopress.it\/2025\/12\/09\/progetto-accoglienza-alla-canonica-di-cusighe-coperti-tutti-i-posti-a-disposizione-sindaco-al-lavoro-per-ulteriori-sei-posti\/"]}]},{"@type":"ImageObject","inLanguage":"fr-FR","@id":"https:\/\/www.bellunopress.it\/2025\/12\/09\/progetto-accoglienza-alla-canonica-di-cusighe-coperti-tutti-i-posti-a-disposizione-sindaco-al-lavoro-per-ulteriori-sei-posti\/#primaryimage","url":"https:\/\/www.bellunopress.it\/wp-content\/uploads\/2024\/06\/Oscar-De-Pellegrin-sindaco_edited.jpg","contentUrl":"https:\/\/www.bellunopress.it\/wp-content\/uploads\/2024\/06\/Oscar-De-Pellegrin-sindaco_edited.jpg","width":979,"height":1000,"caption":"Oscar De Pellegrin, sindaco di Belluno"},{"@type":"BreadcrumbList","@id":"https:\/\/www.bellunopress.it\/2025\/12\/09\/progetto-accoglienza-alla-canonica-di-cusighe-coperti-tutti-i-posti-a-disposizione-sindaco-al-lavoro-per-ulteriori-sei-posti\/#breadcrumb","itemListElement":[{"@type":"ListItem","position":1,"name":"Home","item":"https:\/\/www.bellunopress.it\/"},{"@type":"ListItem","position":2,"name":"Progetto accoglienza alla canonica di Cusighe: coperti tutti i posti a disposizione. Sindaco: \u201cAl lavoro per ulteriori sei posti\u201d"}]},{"@type":"WebSite","@id":"https:\/\/www.bellunopress.it\/#website","url":"https:\/\/www.bellunopress.it\/","name":"Bellunopress - Dolomiti","description":"e-mail: redazione@bellunopress.it","publisher":{"@id":"https:\/\/www.bellunopress.it\/#organization"},"potentialAction":[{"@type":"SearchAction","target":{"@type":"EntryPoint","urlTemplate":"https:\/\/www.bellunopress.it\/?s={search_term_string}"},"query-input":{"@type":"PropertyValueSpecification","valueRequired":true,"valueName":"search_term_string"}}],"inLanguage":"fr-FR"},{"@type":"Organization","@id":"https:\/\/www.bellunopress.it\/#organization","name":"Bellunopress","url":"https:\/\/www.bellunopress.it\/","logo":{"@type":"ImageObject","inLanguage":"fr-FR","@id":"https:\/\/www.bellunopress.it\/#\/schema\/logo\/image\/","url":"https:\/\/www.bellunopress.it\/wp-content\/uploads\/2011\/05\/cropped-logo-bellunopress-.jpg","contentUrl":"https:\/\/www.bellunopress.it\/wp-content\/uploads\/2011\/05\/cropped-logo-bellunopress-.jpg","width":512,"height":512,"caption":"Bellunopress"},"image":{"@id":"https:\/\/www.bellunopress.it\/#\/schema\/logo\/image\/"},"sameAs":["https:\/\/www.facebook.com\/profile.php?id=100008943462799","https:\/\/x.com\/bellunopress","https:\/\/www.linkedin.com\/hp\/?dnr=JBzUWaJfMUw8vbXJJ2tVW5-I3jZKvC4wsoxE&amp;amp;amp;amp;amp;amp;trk=nav_responsive_tab_home","https:\/\/www.youtube.com\/channel\/UCxL0wu1uN0_3_7hGG0306cw"]},{"@type":"Person","@id":"https:\/\/www.bellunopress.it\/#\/schema\/person\/79bb06722b37ece1c03d3e94beb30d73","name":"r\u00e9daction","image":{"@type":"ImageObject","inLanguage":"fr-FR","@id":"https:\/\/secure.gravatar.com\/avatar\/37d968a2e67a6fd04c169c4bdef102d0bc5d31b2546345219e348575eb80e9a0?s=96&d=mm&r=g","url":"https:\/\/secure.gravatar.com\/avatar\/37d968a2e67a6fd04c169c4bdef102d0bc5d31b2546345219e348575eb80e9a0?s=96&d=mm&r=g","contentUrl":"https:\/\/secure.gravatar.com\/avatar\/37d968a2e67a6fd04c169c4bdef102d0bc5d31b2546345219e348575eb80e9a0?s=96&d=mm&r=g","caption":"redazione"},"sameAs":["http:\/\/www.bellunopress.it","https:\/\/x.com\/bellunopress"],"url":"https:\/\/www.bellunopress.it\/fr\/author\/redazione\/"}]}},"_links":{"self":[{"href":"https:\/\/www.bellunopress.it\/fr\/wp-json\/wp\/v2\/posts\/165601","targetHints":{"allow":["GET"]}}],"collection":[{"href":"https:\/\/www.bellunopress.it\/fr\/wp-json\/wp\/v2\/posts"}],"about":[{"href":"https:\/\/www.bellunopress.it\/fr\/wp-json\/wp\/v2\/types\/post"}],"author":[{"embeddable":true,"href":"https:\/\/www.bellunopress.it\/fr\/wp-json\/wp\/v2\/users\/2"}],"replies":[{"embeddable":true,"href":"https:\/\/www.bellunopress.it\/fr\/wp-json\/wp\/v2\/comments?post=165601"}],"version-history":[{"count":1,"href":"https:\/\/www.bellunopress.it\/fr\/wp-json\/wp\/v2\/posts\/165601\/revisions"}],"predecessor-version":[{"id":165602,"href":"https:\/\/www.bellunopress.it\/fr\/wp-json\/wp\/v2\/posts\/165601\/revisions\/165602"}],"wp:featuredmedia":[{"embeddable":true,"href":"https:\/\/www.bellunopress.it\/fr\/wp-json\/wp\/v2\/media\/151884"}],"wp:attachment":[{"href":"https:\/\/www.bellunopress.it\/fr\/wp-json\/wp\/v2\/media?parent=165601"}],"wp:term":[{"taxonomy":"category","embeddable":true,"href":"https:\/\/www.bellunopress.it\/fr\/wp-json\/wp\/v2\/categories?post=165601"},{"taxonomy":"post_tag","embeddable":true,"href":"https:\/\/www.bellunopress.it\/fr\/wp-json\/wp\/v2\/tags?post=165601"}],"curies":[{"name":"wp","href":"https:\/\/api.w.org\/{rel}","templated":true}]}}