{"id":165508,"date":"2025-12-04T22:31:59","date_gmt":"2025-12-04T21:31:59","guid":{"rendered":"https:\/\/www.bellunopress.it\/?p=165508"},"modified":"2025-12-04T22:31:59","modified_gmt":"2025-12-04T21:31:59","slug":"boom-di-nascite-a-novembre-allospedale-di-feltre-10-rispetto-alla-media-annuale","status":"publish","type":"post","link":"https:\/\/www.bellunopress.it\/fr\/2025\/12\/04\/boom-di-nascite-a-novembre-allospedale-di-feltre-10-rispetto-alla-media-annuale\/","title":{"rendered":"Boom di nascite a novembre all&#8217;ospedale di Feltre: +10% rispetto alla media annuale"},"content":{"rendered":"<figure id=\"attachment_165509\" aria-describedby=\"caption-attachment-165509\" style=\"width: 478px\" class=\"wp-caption alignleft\"><img loading=\"lazy\" decoding=\"async\" class=\"size-medium wp-image-165509\" src=\"https:\/\/www.bellunopress.it\/wp-content\/uploads\/2025\/12\/Ulss-1-Dolomiti-Urp-e-Comunicazione_edited-478x500.jpg\" alt=\"\" width=\"478\" height=\"500\" srcset=\"https:\/\/www.bellunopress.it\/wp-content\/uploads\/2025\/12\/Ulss-1-Dolomiti-Urp-e-Comunicazione_edited-478x500.jpg 478w, https:\/\/www.bellunopress.it\/wp-content\/uploads\/2025\/12\/Ulss-1-Dolomiti-Urp-e-Comunicazione_edited-402x420.jpg 402w, https:\/\/www.bellunopress.it\/wp-content\/uploads\/2025\/12\/Ulss-1-Dolomiti-Urp-e-Comunicazione_edited-696x728.jpg 696w, https:\/\/www.bellunopress.it\/wp-content\/uploads\/2025\/12\/Ulss-1-Dolomiti-Urp-e-Comunicazione_edited.jpg 765w\" sizes=\"auto, (max-width: 478px) 100vw, 478px\" \/><figcaption id=\"caption-attachment-165509\" class=\"wp-caption-text\">Il direttore generale Giuseppe Dal Ben con lo staff Urp e Comunicazione dell&#8217;Ulss 1 Dolomiti<\/figcaption><\/figure>\n<p>Novembre da record all&#8217;ospedale di Feltre, dove si \u00e8 registrato un significativo incremento delle nascite: 70 i bambini venuti alla luce durante il mese, pari a un aumento del 20% rispetto allo stesso mese dello scorso anno.<\/p>\n<p>Un dato in controtendenza rispetto all&#8217;andamento stabile che ha caratterizzato tutto il 2025, fatta eccezione per il mese di febbraio, quando \u2013 come avvenuto in numerosi altri ospedali \u2013 si \u00e8 verificata una diminuzione dei parti.<br \/>\nL&#8217;impennata di novembre coincide con lo svolgimento a Feltre di un importante convegno dedicato al tema della nascita. L&#8217;incontro, dal titolo &#8220;La nascita: conoscere, riconoscere ed accogliere&#8221;, si \u00e8 tenuto il 21 novembre e ha richiamato medici, ostetriche e professionisti da tutto il Veneto, registrando il tutto esaurito. Diversi i relatori di rilievo provenienti da varie realt\u00e0 italiane, impegnati a confrontarsi su percorsi, buone pratiche e nuove prospettive in ambito ostetrico.<\/p>\n<p>A dare il benvenuto ai partecipanti \u00e8 stato il direttore generale Giuseppe Dal Ben, che ha sottolineato come l&#8217;evento, fortemente sostenuto e promosso dalla Direzione, rappresenti un ulteriore tassello dell&#8217;impegno aziendale sui temi legati alla maternit\u00e0 e alla prima infanzia. &#8220;Questo appuntamento \u2013 ha ricordato Dal Ben \u2013 testimonia l&#8217;attenzione continua che dedichiamo ai percorsi nascita e al benessere delle famiglie&#8221;.<\/p>\n<p>Il successo del convegno e il dato positivo delle nascite contribuiscono a tracciare un quadro incoraggiante per l&#8217;ospedale di Feltre, confermando il ruolo centrale del punto nascita nel territorio e l&#8217;interesse crescente verso la qualit\u00e0 dell&#8217;assistenza per mamme e neonati.<\/p>","protected":false},"excerpt":{"rendered":"<p>Novembre da record all&#8217;ospedale di Feltre, dove si \u00e8 registrato un significativo incremento delle nascite: 70 i bambini venuti alla luce durante il mese, pari a un aumento del 20% rispetto allo stesso mese dello scorso anno. Un dato in controtendenza rispetto all&#8217;andamento stabile che ha caratterizzato tutto il 2025, fatta eccezione per il mese [&hellip;]<\/p>\n","protected":false},"author":2,"featured_media":165509,"comment_status":"closed","ping_status":"open","sticky":false,"template":"","format":"standard","meta":{"footnotes":""},"categories":[17],"tags":[],"class_list":["post-165508","post","type-post","status-publish","format-standard","has-post-thumbnail","category-sanita"],"yoast_head":"<!-- This site is optimized with the Yoast SEO plugin v28.4 - https:\/\/yoast.com\/product\/yoast-seo-wordpress\/ -->\n<title>Boom di nascite a novembre all&#039;ospedale di Feltre: +10% rispetto alla media annuale - Bellunopress - Dolomiti<\/title>\n<meta name=\"robots\" content=\"index, follow, max-snippet:-1, max-image-preview:large, max-video-preview:-1\" \/>\n<link rel=\"canonical\" href=\"https:\/\/www.bellunopress.it\/fr\/2025\/12\/04\/boom-di-nascite-a-novembre-allospedale-di-feltre-10-rispetto-alla-media-annuale\/\" \/>\n<meta property=\"og:locale\" content=\"fr_FR\" \/>\n<meta property=\"og:type\" content=\"article\" \/>\n<meta property=\"og:title\" content=\"Boom di nascite a novembre all&#039;ospedale di Feltre: +10% rispetto alla media annuale - Bellunopress - Dolomiti\" \/>\n<meta property=\"og:description\" content=\"Novembre da record all&#8217;ospedale di Feltre, dove si \u00e8 registrato un significativo incremento delle nascite: 70 i bambini venuti alla luce durante il mese, pari a un aumento del 20% rispetto allo stesso mese dello scorso anno. Un dato in controtendenza rispetto all&#8217;andamento stabile che ha caratterizzato tutto il 2025, fatta eccezione per il mese [&hellip;]\" \/>\n<meta property=\"og:url\" content=\"https:\/\/www.bellunopress.it\/fr\/2025\/12\/04\/boom-di-nascite-a-novembre-allospedale-di-feltre-10-rispetto-alla-media-annuale\/\" \/>\n<meta property=\"og:site_name\" content=\"Bellunopress - Dolomiti\" \/>\n<meta property=\"article:publisher\" content=\"https:\/\/www.facebook.com\/profile.php?id=100008943462799\" \/>\n<meta property=\"article:published_time\" content=\"2025-12-04T21:31:59+00:00\" \/>\n<meta property=\"og:image\" content=\"https:\/\/www.bellunopress.it\/wp-content\/uploads\/2025\/12\/Ulss-1-Dolomiti-Urp-e-Comunicazione_edited.jpg\" \/>\n\t<meta property=\"og:image:width\" content=\"765\" \/>\n\t<meta property=\"og:image:height\" content=\"800\" \/>\n\t<meta property=\"og:image:type\" content=\"image\/jpeg\" \/>\n<meta name=\"author\" content=\"redazione\" \/>\n<meta name=\"twitter:card\" content=\"summary_large_image\" \/>\n<meta name=\"twitter:creator\" content=\"@bellunopress\" \/>\n<meta name=\"twitter:site\" content=\"@bellunopress\" \/>\n<meta name=\"twitter:label1\" content=\"\u00c9crit par\" \/>\n\t<meta name=\"twitter:data1\" content=\"redazione\" \/>\n\t<meta name=\"twitter:label2\" content=\"Dur\u00e9e de lecture estim\u00e9e\" \/>\n\t<meta name=\"twitter:data2\" content=\"1 minute\" \/>\n<script type=\"application\/ld+json\" class=\"yoast-schema-graph\">{\"@context\":\"https:\\\/\\\/schema.org\",\"@graph\":[{\"@type\":\"Article\",\"@id\":\"https:\\\/\\\/www.bellunopress.it\\\/2025\\\/12\\\/04\\\/boom-di-nascite-a-novembre-allospedale-di-feltre-10-rispetto-alla-media-annuale\\\/#article\",\"isPartOf\":{\"@id\":\"https:\\\/\\\/www.bellunopress.it\\\/2025\\\/12\\\/04\\\/boom-di-nascite-a-novembre-allospedale-di-feltre-10-rispetto-alla-media-annuale\\\/\"},\"author\":{\"name\":\"redazione\",\"@id\":\"https:\\\/\\\/www.bellunopress.it\\\/#\\\/schema\\\/person\\\/79bb06722b37ece1c03d3e94beb30d73\"},\"headline\":\"Boom di nascite a novembre all&#8217;ospedale di Feltre: +10% rispetto alla media annuale\",\"datePublished\":\"2025-12-04T21:31:59+00:00\",\"mainEntityOfPage\":{\"@id\":\"https:\\\/\\\/www.bellunopress.it\\\/2025\\\/12\\\/04\\\/boom-di-nascite-a-novembre-allospedale-di-feltre-10-rispetto-alla-media-annuale\\\/\"},\"wordCount\":278,\"publisher\":{\"@id\":\"https:\\\/\\\/www.bellunopress.it\\\/#organization\"},\"image\":{\"@id\":\"https:\\\/\\\/www.bellunopress.it\\\/2025\\\/12\\\/04\\\/boom-di-nascite-a-novembre-allospedale-di-feltre-10-rispetto-alla-media-annuale\\\/#primaryimage\"},\"thumbnailUrl\":\"https:\\\/\\\/www.bellunopress.it\\\/wp-content\\\/uploads\\\/2025\\\/12\\\/Ulss-1-Dolomiti-Urp-e-Comunicazione_edited.jpg\",\"articleSection\":[\"Sanit\u00e0 Medicina\"],\"inLanguage\":\"fr-FR\"},{\"@type\":\"WebPage\",\"@id\":\"https:\\\/\\\/www.bellunopress.it\\\/2025\\\/12\\\/04\\\/boom-di-nascite-a-novembre-allospedale-di-feltre-10-rispetto-alla-media-annuale\\\/\",\"url\":\"https:\\\/\\\/www.bellunopress.it\\\/2025\\\/12\\\/04\\\/boom-di-nascite-a-novembre-allospedale-di-feltre-10-rispetto-alla-media-annuale\\\/\",\"name\":\"Boom di nascite a novembre all'ospedale di Feltre: +10% rispetto alla media annuale - Bellunopress - Dolomiti\",\"isPartOf\":{\"@id\":\"https:\\\/\\\/www.bellunopress.it\\\/#website\"},\"primaryImageOfPage\":{\"@id\":\"https:\\\/\\\/www.bellunopress.it\\\/2025\\\/12\\\/04\\\/boom-di-nascite-a-novembre-allospedale-di-feltre-10-rispetto-alla-media-annuale\\\/#primaryimage\"},\"image\":{\"@id\":\"https:\\\/\\\/www.bellunopress.it\\\/2025\\\/12\\\/04\\\/boom-di-nascite-a-novembre-allospedale-di-feltre-10-rispetto-alla-media-annuale\\\/#primaryimage\"},\"thumbnailUrl\":\"https:\\\/\\\/www.bellunopress.it\\\/wp-content\\\/uploads\\\/2025\\\/12\\\/Ulss-1-Dolomiti-Urp-e-Comunicazione_edited.jpg\",\"datePublished\":\"2025-12-04T21:31:59+00:00\",\"breadcrumb\":{\"@id\":\"https:\\\/\\\/www.bellunopress.it\\\/2025\\\/12\\\/04\\\/boom-di-nascite-a-novembre-allospedale-di-feltre-10-rispetto-alla-media-annuale\\\/#breadcrumb\"},\"inLanguage\":\"fr-FR\",\"potentialAction\":[{\"@type\":\"ReadAction\",\"target\":[\"https:\\\/\\\/www.bellunopress.it\\\/2025\\\/12\\\/04\\\/boom-di-nascite-a-novembre-allospedale-di-feltre-10-rispetto-alla-media-annuale\\\/\"]}]},{\"@type\":\"ImageObject\",\"inLanguage\":\"fr-FR\",\"@id\":\"https:\\\/\\\/www.bellunopress.it\\\/2025\\\/12\\\/04\\\/boom-di-nascite-a-novembre-allospedale-di-feltre-10-rispetto-alla-media-annuale\\\/#primaryimage\",\"url\":\"https:\\\/\\\/www.bellunopress.it\\\/wp-content\\\/uploads\\\/2025\\\/12\\\/Ulss-1-Dolomiti-Urp-e-Comunicazione_edited.jpg\",\"contentUrl\":\"https:\\\/\\\/www.bellunopress.it\\\/wp-content\\\/uploads\\\/2025\\\/12\\\/Ulss-1-Dolomiti-Urp-e-Comunicazione_edited.jpg\",\"width\":765,\"height\":800,\"caption\":\"Il direttore generale Giuseppe Dal Ben con lo staff Urp e Comunicazione dell'Ulss 1 Dolomiti\"},{\"@type\":\"BreadcrumbList\",\"@id\":\"https:\\\/\\\/www.bellunopress.it\\\/2025\\\/12\\\/04\\\/boom-di-nascite-a-novembre-allospedale-di-feltre-10-rispetto-alla-media-annuale\\\/#breadcrumb\",\"itemListElement\":[{\"@type\":\"ListItem\",\"position\":1,\"name\":\"Home\",\"item\":\"https:\\\/\\\/www.bellunopress.it\\\/\"},{\"@type\":\"ListItem\",\"position\":2,\"name\":\"Boom di nascite a novembre all&#8217;ospedale di Feltre: +10% rispetto alla media annuale\"}]},{\"@type\":\"WebSite\",\"@id\":\"https:\\\/\\\/www.bellunopress.it\\\/#website\",\"url\":\"https:\\\/\\\/www.bellunopress.it\\\/\",\"name\":\"Bellunopress - Dolomiti\",\"description\":\"e-mail: redazione@bellunopress.it\",\"publisher\":{\"@id\":\"https:\\\/\\\/www.bellunopress.it\\\/#organization\"},\"potentialAction\":[{\"@type\":\"SearchAction\",\"target\":{\"@type\":\"EntryPoint\",\"urlTemplate\":\"https:\\\/\\\/www.bellunopress.it\\\/?s={search_term_string}\"},\"query-input\":{\"@type\":\"PropertyValueSpecification\",\"valueRequired\":true,\"valueName\":\"search_term_string\"}}],\"inLanguage\":\"fr-FR\"},{\"@type\":\"Organization\",\"@id\":\"https:\\\/\\\/www.bellunopress.it\\\/#organization\",\"name\":\"Bellunopress\",\"url\":\"https:\\\/\\\/www.bellunopress.it\\\/\",\"logo\":{\"@type\":\"ImageObject\",\"inLanguage\":\"fr-FR\",\"@id\":\"https:\\\/\\\/www.bellunopress.it\\\/#\\\/schema\\\/logo\\\/image\\\/\",\"url\":\"https:\\\/\\\/www.bellunopress.it\\\/wp-content\\\/uploads\\\/2011\\\/05\\\/cropped-logo-bellunopress-.jpg\",\"contentUrl\":\"https:\\\/\\\/www.bellunopress.it\\\/wp-content\\\/uploads\\\/2011\\\/05\\\/cropped-logo-bellunopress-.jpg\",\"width\":512,\"height\":512,\"caption\":\"Bellunopress\"},\"image\":{\"@id\":\"https:\\\/\\\/www.bellunopress.it\\\/#\\\/schema\\\/logo\\\/image\\\/\"},\"sameAs\":[\"https:\\\/\\\/www.facebook.com\\\/profile.php?id=100008943462799\",\"https:\\\/\\\/x.com\\\/bellunopress\",\"https:\\\/\\\/www.linkedin.com\\\/hp\\\/?dnr=JBzUWaJfMUw8vbXJJ2tVW5-I3jZKvC4wsoxE&amp;amp;amp;amp;amp;amp;trk=nav_responsive_tab_home\",\"https:\\\/\\\/www.youtube.com\\\/channel\\\/UCxL0wu1uN0_3_7hGG0306cw\"]},{\"@type\":\"Person\",\"@id\":\"https:\\\/\\\/www.bellunopress.it\\\/#\\\/schema\\\/person\\\/79bb06722b37ece1c03d3e94beb30d73\",\"name\":\"redazione\",\"image\":{\"@type\":\"ImageObject\",\"inLanguage\":\"fr-FR\",\"@id\":\"https:\\\/\\\/secure.gravatar.com\\\/avatar\\\/37d968a2e67a6fd04c169c4bdef102d0bc5d31b2546345219e348575eb80e9a0?s=96&d=mm&r=g\",\"url\":\"https:\\\/\\\/secure.gravatar.com\\\/avatar\\\/37d968a2e67a6fd04c169c4bdef102d0bc5d31b2546345219e348575eb80e9a0?s=96&d=mm&r=g\",\"contentUrl\":\"https:\\\/\\\/secure.gravatar.com\\\/avatar\\\/37d968a2e67a6fd04c169c4bdef102d0bc5d31b2546345219e348575eb80e9a0?s=96&d=mm&r=g\",\"caption\":\"redazione\"},\"sameAs\":[\"http:\\\/\\\/www.bellunopress.it\",\"https:\\\/\\\/x.com\\\/bellunopress\"],\"url\":\"https:\\\/\\\/www.bellunopress.it\\\/fr\\\/author\\\/redazione\\\/\"}]}<\/script>\n<!-- \/ Yoast SEO plugin. -->","yoast_head_json":{"title":"Boom di nascite a novembre all'ospedale di Feltre: +10% rispetto alla media annuale - Bellunopress - Dolomiti","robots":{"index":"index","follow":"follow","max-snippet":"max-snippet:-1","max-image-preview":"max-image-preview:large","max-video-preview":"max-video-preview:-1"},"canonical":"https:\/\/www.bellunopress.it\/fr\/2025\/12\/04\/boom-di-nascite-a-novembre-allospedale-di-feltre-10-rispetto-alla-media-annuale\/","og_locale":"fr_FR","og_type":"article","og_title":"Boom di nascite a novembre all'ospedale di Feltre: +10% rispetto alla media annuale - Bellunopress - Dolomiti","og_description":"Novembre da record all&#8217;ospedale di Feltre, dove si \u00e8 registrato un significativo incremento delle nascite: 70 i bambini venuti alla luce durante il mese, pari a un aumento del 20% rispetto allo stesso mese dello scorso anno. Un dato in controtendenza rispetto all&#8217;andamento stabile che ha caratterizzato tutto il 2025, fatta eccezione per il mese [&hellip;]","og_url":"https:\/\/www.bellunopress.it\/fr\/2025\/12\/04\/boom-di-nascite-a-novembre-allospedale-di-feltre-10-rispetto-alla-media-annuale\/","og_site_name":"Bellunopress - Dolomiti","article_publisher":"https:\/\/www.facebook.com\/profile.php?id=100008943462799","article_published_time":"2025-12-04T21:31:59+00:00","og_image":[{"width":765,"height":800,"url":"https:\/\/www.bellunopress.it\/wp-content\/uploads\/2025\/12\/Ulss-1-Dolomiti-Urp-e-Comunicazione_edited.jpg","type":"image\/jpeg"}],"author":"redazione","twitter_card":"summary_large_image","twitter_creator":"@bellunopress","twitter_site":"@bellunopress","twitter_misc":{"\u00c9crit par":"redazione","Dur\u00e9e de lecture estim\u00e9e":"1 minute"},"schema":{"@context":"https:\/\/schema.org","@graph":[{"@type":"Article","@id":"https:\/\/www.bellunopress.it\/2025\/12\/04\/boom-di-nascite-a-novembre-allospedale-di-feltre-10-rispetto-alla-media-annuale\/#article","isPartOf":{"@id":"https:\/\/www.bellunopress.it\/2025\/12\/04\/boom-di-nascite-a-novembre-allospedale-di-feltre-10-rispetto-alla-media-annuale\/"},"author":{"name":"redazione","@id":"https:\/\/www.bellunopress.it\/#\/schema\/person\/79bb06722b37ece1c03d3e94beb30d73"},"headline":"Boom di nascite a novembre all&#8217;ospedale di Feltre: +10% rispetto alla media annuale","datePublished":"2025-12-04T21:31:59+00:00","mainEntityOfPage":{"@id":"https:\/\/www.bellunopress.it\/2025\/12\/04\/boom-di-nascite-a-novembre-allospedale-di-feltre-10-rispetto-alla-media-annuale\/"},"wordCount":278,"publisher":{"@id":"https:\/\/www.bellunopress.it\/#organization"},"image":{"@id":"https:\/\/www.bellunopress.it\/2025\/12\/04\/boom-di-nascite-a-novembre-allospedale-di-feltre-10-rispetto-alla-media-annuale\/#primaryimage"},"thumbnailUrl":"https:\/\/www.bellunopress.it\/wp-content\/uploads\/2025\/12\/Ulss-1-Dolomiti-Urp-e-Comunicazione_edited.jpg","articleSection":["Sanit\u00e0 Medicina"],"inLanguage":"fr-FR"},{"@type":"WebPage","@id":"https:\/\/www.bellunopress.it\/2025\/12\/04\/boom-di-nascite-a-novembre-allospedale-di-feltre-10-rispetto-alla-media-annuale\/","url":"https:\/\/www.bellunopress.it\/2025\/12\/04\/boom-di-nascite-a-novembre-allospedale-di-feltre-10-rispetto-alla-media-annuale\/","name":"Boom di nascite a novembre all'ospedale di Feltre: +10% rispetto alla media annuale - Bellunopress - Dolomiti","isPartOf":{"@id":"https:\/\/www.bellunopress.it\/#website"},"primaryImageOfPage":{"@id":"https:\/\/www.bellunopress.it\/2025\/12\/04\/boom-di-nascite-a-novembre-allospedale-di-feltre-10-rispetto-alla-media-annuale\/#primaryimage"},"image":{"@id":"https:\/\/www.bellunopress.it\/2025\/12\/04\/boom-di-nascite-a-novembre-allospedale-di-feltre-10-rispetto-alla-media-annuale\/#primaryimage"},"thumbnailUrl":"https:\/\/www.bellunopress.it\/wp-content\/uploads\/2025\/12\/Ulss-1-Dolomiti-Urp-e-Comunicazione_edited.jpg","datePublished":"2025-12-04T21:31:59+00:00","breadcrumb":{"@id":"https:\/\/www.bellunopress.it\/2025\/12\/04\/boom-di-nascite-a-novembre-allospedale-di-feltre-10-rispetto-alla-media-annuale\/#breadcrumb"},"inLanguage":"fr-FR","potentialAction":[{"@type":"ReadAction","target":["https:\/\/www.bellunopress.it\/2025\/12\/04\/boom-di-nascite-a-novembre-allospedale-di-feltre-10-rispetto-alla-media-annuale\/"]}]},{"@type":"ImageObject","inLanguage":"fr-FR","@id":"https:\/\/www.bellunopress.it\/2025\/12\/04\/boom-di-nascite-a-novembre-allospedale-di-feltre-10-rispetto-alla-media-annuale\/#primaryimage","url":"https:\/\/www.bellunopress.it\/wp-content\/uploads\/2025\/12\/Ulss-1-Dolomiti-Urp-e-Comunicazione_edited.jpg","contentUrl":"https:\/\/www.bellunopress.it\/wp-content\/uploads\/2025\/12\/Ulss-1-Dolomiti-Urp-e-Comunicazione_edited.jpg","width":765,"height":800,"caption":"Il direttore generale Giuseppe Dal Ben con lo staff Urp e Comunicazione dell'Ulss 1 Dolomiti"},{"@type":"BreadcrumbList","@id":"https:\/\/www.bellunopress.it\/2025\/12\/04\/boom-di-nascite-a-novembre-allospedale-di-feltre-10-rispetto-alla-media-annuale\/#breadcrumb","itemListElement":[{"@type":"ListItem","position":1,"name":"Home","item":"https:\/\/www.bellunopress.it\/"},{"@type":"ListItem","position":2,"name":"Boom di nascite a novembre all&#8217;ospedale di Feltre: +10% rispetto alla media annuale"}]},{"@type":"WebSite","@id":"https:\/\/www.bellunopress.it\/#website","url":"https:\/\/www.bellunopress.it\/","name":"Bellunopress - Dolomiti","description":"e-mail: redazione@bellunopress.it","publisher":{"@id":"https:\/\/www.bellunopress.it\/#organization"},"potentialAction":[{"@type":"SearchAction","target":{"@type":"EntryPoint","urlTemplate":"https:\/\/www.bellunopress.it\/?s={search_term_string}"},"query-input":{"@type":"PropertyValueSpecification","valueRequired":true,"valueName":"search_term_string"}}],"inLanguage":"fr-FR"},{"@type":"Organization","@id":"https:\/\/www.bellunopress.it\/#organization","name":"Bellunopress","url":"https:\/\/www.bellunopress.it\/","logo":{"@type":"ImageObject","inLanguage":"fr-FR","@id":"https:\/\/www.bellunopress.it\/#\/schema\/logo\/image\/","url":"https:\/\/www.bellunopress.it\/wp-content\/uploads\/2011\/05\/cropped-logo-bellunopress-.jpg","contentUrl":"https:\/\/www.bellunopress.it\/wp-content\/uploads\/2011\/05\/cropped-logo-bellunopress-.jpg","width":512,"height":512,"caption":"Bellunopress"},"image":{"@id":"https:\/\/www.bellunopress.it\/#\/schema\/logo\/image\/"},"sameAs":["https:\/\/www.facebook.com\/profile.php?id=100008943462799","https:\/\/x.com\/bellunopress","https:\/\/www.linkedin.com\/hp\/?dnr=JBzUWaJfMUw8vbXJJ2tVW5-I3jZKvC4wsoxE&amp;amp;amp;amp;amp;amp;trk=nav_responsive_tab_home","https:\/\/www.youtube.com\/channel\/UCxL0wu1uN0_3_7hGG0306cw"]},{"@type":"Person","@id":"https:\/\/www.bellunopress.it\/#\/schema\/person\/79bb06722b37ece1c03d3e94beb30d73","name":"r\u00e9daction","image":{"@type":"ImageObject","inLanguage":"fr-FR","@id":"https:\/\/secure.gravatar.com\/avatar\/37d968a2e67a6fd04c169c4bdef102d0bc5d31b2546345219e348575eb80e9a0?s=96&d=mm&r=g","url":"https:\/\/secure.gravatar.com\/avatar\/37d968a2e67a6fd04c169c4bdef102d0bc5d31b2546345219e348575eb80e9a0?s=96&d=mm&r=g","contentUrl":"https:\/\/secure.gravatar.com\/avatar\/37d968a2e67a6fd04c169c4bdef102d0bc5d31b2546345219e348575eb80e9a0?s=96&d=mm&r=g","caption":"redazione"},"sameAs":["http:\/\/www.bellunopress.it","https:\/\/x.com\/bellunopress"],"url":"https:\/\/www.bellunopress.it\/fr\/author\/redazione\/"}]}},"_links":{"self":[{"href":"https:\/\/www.bellunopress.it\/fr\/wp-json\/wp\/v2\/posts\/165508","targetHints":{"allow":["GET"]}}],"collection":[{"href":"https:\/\/www.bellunopress.it\/fr\/wp-json\/wp\/v2\/posts"}],"about":[{"href":"https:\/\/www.bellunopress.it\/fr\/wp-json\/wp\/v2\/types\/post"}],"author":[{"embeddable":true,"href":"https:\/\/www.bellunopress.it\/fr\/wp-json\/wp\/v2\/users\/2"}],"replies":[{"embeddable":true,"href":"https:\/\/www.bellunopress.it\/fr\/wp-json\/wp\/v2\/comments?post=165508"}],"version-history":[{"count":1,"href":"https:\/\/www.bellunopress.it\/fr\/wp-json\/wp\/v2\/posts\/165508\/revisions"}],"predecessor-version":[{"id":165510,"href":"https:\/\/www.bellunopress.it\/fr\/wp-json\/wp\/v2\/posts\/165508\/revisions\/165510"}],"wp:featuredmedia":[{"embeddable":true,"href":"https:\/\/www.bellunopress.it\/fr\/wp-json\/wp\/v2\/media\/165509"}],"wp:attachment":[{"href":"https:\/\/www.bellunopress.it\/fr\/wp-json\/wp\/v2\/media?parent=165508"}],"wp:term":[{"taxonomy":"category","embeddable":true,"href":"https:\/\/www.bellunopress.it\/fr\/wp-json\/wp\/v2\/categories?post=165508"},{"taxonomy":"post_tag","embeddable":true,"href":"https:\/\/www.bellunopress.it\/fr\/wp-json\/wp\/v2\/tags?post=165508"}],"curies":[{"name":"wp","href":"https:\/\/api.w.org\/{rel}","templated":true}]}}