{"id":165406,"date":"2025-12-02T08:34:52","date_gmt":"2025-12-02T07:34:52","guid":{"rendered":"https:\/\/www.bellunopress.it\/?p=165406"},"modified":"2025-12-02T08:34:52","modified_gmt":"2025-12-02T07:34:52","slug":"le-poesie-di-edoardo-comiotto-con-acquerelli-di-cristina-tres","status":"publish","type":"post","link":"https:\/\/www.bellunopress.it\/fr\/2025\/12\/02\/le-poesie-di-edoardo-comiotto-con-acquerelli-di-cristina-tres\/","title":{"rendered":"Le poesie di Edoardo Comiotto con acquerelli di Cristina Tres"},"content":{"rendered":"<p><img loading=\"lazy\" decoding=\"async\" class=\"alignleft size-medium wp-image-165407\" src=\"https:\/\/www.bellunopress.it\/wp-content\/uploads\/2025\/12\/Frusio-di-stagioni-Edoardo-Comiotto-349x500.jpg\" alt=\"\" width=\"349\" height=\"500\" srcset=\"https:\/\/www.bellunopress.it\/wp-content\/uploads\/2025\/12\/Frusio-di-stagioni-Edoardo-Comiotto-349x500.jpg 349w, https:\/\/www.bellunopress.it\/wp-content\/uploads\/2025\/12\/Frusio-di-stagioni-Edoardo-Comiotto-293x420.jpg 293w, https:\/\/www.bellunopress.it\/wp-content\/uploads\/2025\/12\/Frusio-di-stagioni-Edoardo-Comiotto.jpg 559w\" sizes=\"auto, (max-width: 349px) 100vw, 349px\" \/>Domenica 7 dicembre 2025 alle ore 16.00, nel Salone degli Affreschi di Palazzo Municipale a Mel, si terr\u00e0 la presentazione del nuovo libro di Edoardo Comiotto con acquerelli di Cristina Tres \u201cFrusc\u00eco di STAGIONI\u201d.<\/p>\n<p>Il libro e la presentazione godono del Patrocinio della Provincia di Belluno, del Comune di Borgo Valbelluna e dell\u2019Auser di Mel.<br \/>\nMel si trasformer\u00e0 in un piccolo tempio della Bellezza. Nel Salone degli Affreschi, dove la storia sembra ancora sussurrare dalle pareti, verr\u00e0 presentato \u201cFruscio di Stagioni\u201d, l\u2019opera in cui la poesia di Edoardo Comiotto attraversa il tempo come un vento gentile che conosce tutte le vie dell\u2019anima.<br \/>\nUn libro che non si legge soltanto: si ascolta, si respira, si attraversa. Come scrive la prof.ssa Paola Brunello, \u201c\u00e8 l\u2019apertura di una porta su un orto segreto dove il giardiniere \u00e8 il tempo\u201d.<br \/>\nUn viaggio circolare \u2013 come la vita stessa \u2013 in cui Primavera, Estate, Autunno e Inverno non sono capitoli, ma stati dell\u2019essere, emozioni che ciascuno riconosce nel profondo.<br \/>\nNella Primavera presente nel libro c\u2019\u00e8 il miracolo del risveglio; nell\u2019Estate la pienezza ardente del desiderio; nell\u2019Autunno il lento posarsi dei ricordi; nell\u2019Inverno la forza silenziosa che prepara un nuovo inizio.<br \/>\nI versi di Comiotto profumano di terra, di luce, di vento: sono un dialogo segreto con la natura, che diventa viva, umana, capace di parlare attraverso immagini limpide e struggenti.<br \/>\nA dare colore a queste emozioni, gli acquerelli di Cristina Tres: tocchi leggeri che sembrano nati dallo stesso respiro delle poesie, luci che non svaniscono nemmeno nel gelo dell\u2019inverno.<br \/>\nIn questo pomeriggio di arte e armonia la presentazione vedr\u00e0 gli interventi di Dino Bridda, giornalista e scrittore e della Prof.ssa Paola Brunello.<br \/>\nCi saranno momenti di musica barocca, offerti dall\u2019Associazione Arte Nuova, che faranno vibrare l\u2019aria grazie al quartetto d\u2019archi formato da: Svetlana Pletnova, docente, e degli allievi Arianna Ren, Fabienne Guglielminetti e Giulia De Mari<br \/>\nLa voce di Giancarlo Dal Mut, del Gruppo Teatrale Zumellese, accompagner\u00e0 il pubblico dentro i versi, facendoli risuonare come se fossero dettati in quell\u2019istante dalla natura stessa.<br \/>\nAl termine, un brindisi conviviale e fil\u00f2 a cura dell\u2019Auser \u201cIl Sole\u201d di Mel: un cerchio di umanit\u00e0, come quelli di una volta, dove la poesia continua a vivere nelle parole condivise.<br \/>\nIngresso libero<\/p>","protected":false},"excerpt":{"rendered":"<p>Domenica 7 dicembre 2025 alle ore 16.00, nel Salone degli Affreschi di Palazzo Municipale a Mel, si terr\u00e0 la presentazione del nuovo libro di Edoardo Comiotto con acquerelli di Cristina Tres \u201cFrusc\u00eco di STAGIONI\u201d. Il libro e la presentazione godono del Patrocinio della Provincia di Belluno, del Comune di Borgo Valbelluna e dell\u2019Auser di Mel. [&hellip;]<\/p>\n","protected":false},"author":2,"featured_media":165407,"comment_status":"closed","ping_status":"open","sticky":false,"template":"","format":"standard","meta":{"footnotes":""},"categories":[27,25],"tags":[],"class_list":["post-165406","post","type-post","status-publish","format-standard","has-post-thumbnail","category-appuntamenti","category-pausa-caffe"],"yoast_head":"<!-- This site is optimized with the Yoast SEO plugin v28.4 - https:\/\/yoast.com\/product\/yoast-seo-wordpress\/ -->\n<title>Le poesie di Edoardo Comiotto con acquerelli di Cristina Tres - Bellunopress - Dolomiti<\/title>\n<meta name=\"robots\" content=\"index, follow, max-snippet:-1, max-image-preview:large, max-video-preview:-1\" \/>\n<link rel=\"canonical\" href=\"https:\/\/www.bellunopress.it\/fr\/2025\/12\/02\/le-poesie-di-edoardo-comiotto-con-acquerelli-di-cristina-tres\/\" \/>\n<meta property=\"og:locale\" content=\"fr_FR\" \/>\n<meta property=\"og:type\" content=\"article\" \/>\n<meta property=\"og:title\" content=\"Le poesie di Edoardo Comiotto con acquerelli di Cristina Tres - Bellunopress - Dolomiti\" \/>\n<meta property=\"og:description\" content=\"Domenica 7 dicembre 2025 alle ore 16.00, nel Salone degli Affreschi di Palazzo Municipale a Mel, si terr\u00e0 la presentazione del nuovo libro di Edoardo Comiotto con acquerelli di Cristina Tres \u201cFrusc\u00eco di STAGIONI\u201d. Il libro e la presentazione godono del Patrocinio della Provincia di Belluno, del Comune di Borgo Valbelluna e dell\u2019Auser di Mel. [&hellip;]\" \/>\n<meta property=\"og:url\" content=\"https:\/\/www.bellunopress.it\/fr\/2025\/12\/02\/le-poesie-di-edoardo-comiotto-con-acquerelli-di-cristina-tres\/\" \/>\n<meta property=\"og:site_name\" content=\"Bellunopress - Dolomiti\" \/>\n<meta property=\"article:publisher\" content=\"https:\/\/www.facebook.com\/profile.php?id=100008943462799\" \/>\n<meta property=\"article:published_time\" content=\"2025-12-02T07:34:52+00:00\" \/>\n<meta property=\"og:image\" content=\"https:\/\/www.bellunopress.it\/wp-content\/uploads\/2025\/12\/Frusio-di-stagioni-Edoardo-Comiotto.jpg\" \/>\n\t<meta property=\"og:image:width\" content=\"559\" \/>\n\t<meta property=\"og:image:height\" content=\"800\" \/>\n\t<meta property=\"og:image:type\" content=\"image\/jpeg\" \/>\n<meta name=\"author\" content=\"redazione\" \/>\n<meta name=\"twitter:card\" content=\"summary_large_image\" \/>\n<meta name=\"twitter:creator\" content=\"@bellunopress\" \/>\n<meta name=\"twitter:site\" content=\"@bellunopress\" \/>\n<meta name=\"twitter:label1\" content=\"\u00c9crit par\" \/>\n\t<meta name=\"twitter:data1\" content=\"redazione\" \/>\n\t<meta name=\"twitter:label2\" content=\"Dur\u00e9e de lecture estim\u00e9e\" \/>\n\t<meta name=\"twitter:data2\" content=\"2 minutes\" \/>\n<script type=\"application\/ld+json\" class=\"yoast-schema-graph\">{\"@context\":\"https:\\\/\\\/schema.org\",\"@graph\":[{\"@type\":\"Article\",\"@id\":\"https:\\\/\\\/www.bellunopress.it\\\/2025\\\/12\\\/02\\\/le-poesie-di-edoardo-comiotto-con-acquerelli-di-cristina-tres\\\/#article\",\"isPartOf\":{\"@id\":\"https:\\\/\\\/www.bellunopress.it\\\/2025\\\/12\\\/02\\\/le-poesie-di-edoardo-comiotto-con-acquerelli-di-cristina-tres\\\/\"},\"author\":{\"name\":\"redazione\",\"@id\":\"https:\\\/\\\/www.bellunopress.it\\\/#\\\/schema\\\/person\\\/79bb06722b37ece1c03d3e94beb30d73\"},\"headline\":\"Le poesie di Edoardo Comiotto con acquerelli di Cristina Tres\",\"datePublished\":\"2025-12-02T07:34:52+00:00\",\"mainEntityOfPage\":{\"@id\":\"https:\\\/\\\/www.bellunopress.it\\\/2025\\\/12\\\/02\\\/le-poesie-di-edoardo-comiotto-con-acquerelli-di-cristina-tres\\\/\"},\"wordCount\":392,\"publisher\":{\"@id\":\"https:\\\/\\\/www.bellunopress.it\\\/#organization\"},\"image\":{\"@id\":\"https:\\\/\\\/www.bellunopress.it\\\/2025\\\/12\\\/02\\\/le-poesie-di-edoardo-comiotto-con-acquerelli-di-cristina-tres\\\/#primaryimage\"},\"thumbnailUrl\":\"https:\\\/\\\/www.bellunopress.it\\\/wp-content\\\/uploads\\\/2025\\\/12\\\/Frusio-di-stagioni-Edoardo-Comiotto.jpg\",\"articleSection\":[\"Appuntamenti, Eventi\",\"Pausa Caff\u00e8\"],\"inLanguage\":\"fr-FR\"},{\"@type\":\"WebPage\",\"@id\":\"https:\\\/\\\/www.bellunopress.it\\\/2025\\\/12\\\/02\\\/le-poesie-di-edoardo-comiotto-con-acquerelli-di-cristina-tres\\\/\",\"url\":\"https:\\\/\\\/www.bellunopress.it\\\/2025\\\/12\\\/02\\\/le-poesie-di-edoardo-comiotto-con-acquerelli-di-cristina-tres\\\/\",\"name\":\"Le poesie di Edoardo Comiotto con acquerelli di Cristina Tres - Bellunopress - Dolomiti\",\"isPartOf\":{\"@id\":\"https:\\\/\\\/www.bellunopress.it\\\/#website\"},\"primaryImageOfPage\":{\"@id\":\"https:\\\/\\\/www.bellunopress.it\\\/2025\\\/12\\\/02\\\/le-poesie-di-edoardo-comiotto-con-acquerelli-di-cristina-tres\\\/#primaryimage\"},\"image\":{\"@id\":\"https:\\\/\\\/www.bellunopress.it\\\/2025\\\/12\\\/02\\\/le-poesie-di-edoardo-comiotto-con-acquerelli-di-cristina-tres\\\/#primaryimage\"},\"thumbnailUrl\":\"https:\\\/\\\/www.bellunopress.it\\\/wp-content\\\/uploads\\\/2025\\\/12\\\/Frusio-di-stagioni-Edoardo-Comiotto.jpg\",\"datePublished\":\"2025-12-02T07:34:52+00:00\",\"breadcrumb\":{\"@id\":\"https:\\\/\\\/www.bellunopress.it\\\/2025\\\/12\\\/02\\\/le-poesie-di-edoardo-comiotto-con-acquerelli-di-cristina-tres\\\/#breadcrumb\"},\"inLanguage\":\"fr-FR\",\"potentialAction\":[{\"@type\":\"ReadAction\",\"target\":[\"https:\\\/\\\/www.bellunopress.it\\\/2025\\\/12\\\/02\\\/le-poesie-di-edoardo-comiotto-con-acquerelli-di-cristina-tres\\\/\"]}]},{\"@type\":\"ImageObject\",\"inLanguage\":\"fr-FR\",\"@id\":\"https:\\\/\\\/www.bellunopress.it\\\/2025\\\/12\\\/02\\\/le-poesie-di-edoardo-comiotto-con-acquerelli-di-cristina-tres\\\/#primaryimage\",\"url\":\"https:\\\/\\\/www.bellunopress.it\\\/wp-content\\\/uploads\\\/2025\\\/12\\\/Frusio-di-stagioni-Edoardo-Comiotto.jpg\",\"contentUrl\":\"https:\\\/\\\/www.bellunopress.it\\\/wp-content\\\/uploads\\\/2025\\\/12\\\/Frusio-di-stagioni-Edoardo-Comiotto.jpg\",\"width\":559,\"height\":800},{\"@type\":\"BreadcrumbList\",\"@id\":\"https:\\\/\\\/www.bellunopress.it\\\/2025\\\/12\\\/02\\\/le-poesie-di-edoardo-comiotto-con-acquerelli-di-cristina-tres\\\/#breadcrumb\",\"itemListElement\":[{\"@type\":\"ListItem\",\"position\":1,\"name\":\"Home\",\"item\":\"https:\\\/\\\/www.bellunopress.it\\\/\"},{\"@type\":\"ListItem\",\"position\":2,\"name\":\"Le poesie di Edoardo Comiotto con acquerelli di Cristina Tres\"}]},{\"@type\":\"WebSite\",\"@id\":\"https:\\\/\\\/www.bellunopress.it\\\/#website\",\"url\":\"https:\\\/\\\/www.bellunopress.it\\\/\",\"name\":\"Bellunopress - Dolomiti\",\"description\":\"e-mail: redazione@bellunopress.it\",\"publisher\":{\"@id\":\"https:\\\/\\\/www.bellunopress.it\\\/#organization\"},\"potentialAction\":[{\"@type\":\"SearchAction\",\"target\":{\"@type\":\"EntryPoint\",\"urlTemplate\":\"https:\\\/\\\/www.bellunopress.it\\\/?s={search_term_string}\"},\"query-input\":{\"@type\":\"PropertyValueSpecification\",\"valueRequired\":true,\"valueName\":\"search_term_string\"}}],\"inLanguage\":\"fr-FR\"},{\"@type\":\"Organization\",\"@id\":\"https:\\\/\\\/www.bellunopress.it\\\/#organization\",\"name\":\"Bellunopress\",\"url\":\"https:\\\/\\\/www.bellunopress.it\\\/\",\"logo\":{\"@type\":\"ImageObject\",\"inLanguage\":\"fr-FR\",\"@id\":\"https:\\\/\\\/www.bellunopress.it\\\/#\\\/schema\\\/logo\\\/image\\\/\",\"url\":\"https:\\\/\\\/www.bellunopress.it\\\/wp-content\\\/uploads\\\/2011\\\/05\\\/cropped-logo-bellunopress-.jpg\",\"contentUrl\":\"https:\\\/\\\/www.bellunopress.it\\\/wp-content\\\/uploads\\\/2011\\\/05\\\/cropped-logo-bellunopress-.jpg\",\"width\":512,\"height\":512,\"caption\":\"Bellunopress\"},\"image\":{\"@id\":\"https:\\\/\\\/www.bellunopress.it\\\/#\\\/schema\\\/logo\\\/image\\\/\"},\"sameAs\":[\"https:\\\/\\\/www.facebook.com\\\/profile.php?id=100008943462799\",\"https:\\\/\\\/x.com\\\/bellunopress\",\"https:\\\/\\\/www.linkedin.com\\\/hp\\\/?dnr=JBzUWaJfMUw8vbXJJ2tVW5-I3jZKvC4wsoxE&amp;amp;amp;amp;amp;amp;trk=nav_responsive_tab_home\",\"https:\\\/\\\/www.youtube.com\\\/channel\\\/UCxL0wu1uN0_3_7hGG0306cw\"]},{\"@type\":\"Person\",\"@id\":\"https:\\\/\\\/www.bellunopress.it\\\/#\\\/schema\\\/person\\\/79bb06722b37ece1c03d3e94beb30d73\",\"name\":\"redazione\",\"image\":{\"@type\":\"ImageObject\",\"inLanguage\":\"fr-FR\",\"@id\":\"https:\\\/\\\/secure.gravatar.com\\\/avatar\\\/37d968a2e67a6fd04c169c4bdef102d0bc5d31b2546345219e348575eb80e9a0?s=96&d=mm&r=g\",\"url\":\"https:\\\/\\\/secure.gravatar.com\\\/avatar\\\/37d968a2e67a6fd04c169c4bdef102d0bc5d31b2546345219e348575eb80e9a0?s=96&d=mm&r=g\",\"contentUrl\":\"https:\\\/\\\/secure.gravatar.com\\\/avatar\\\/37d968a2e67a6fd04c169c4bdef102d0bc5d31b2546345219e348575eb80e9a0?s=96&d=mm&r=g\",\"caption\":\"redazione\"},\"sameAs\":[\"http:\\\/\\\/www.bellunopress.it\",\"https:\\\/\\\/x.com\\\/bellunopress\"],\"url\":\"https:\\\/\\\/www.bellunopress.it\\\/fr\\\/author\\\/redazione\\\/\"}]}<\/script>\n<!-- \/ Yoast SEO plugin. -->","yoast_head_json":{"title":"Le poesie di Edoardo Comiotto con acquerelli di Cristina Tres - Bellunopress - Dolomiti","robots":{"index":"index","follow":"follow","max-snippet":"max-snippet:-1","max-image-preview":"max-image-preview:large","max-video-preview":"max-video-preview:-1"},"canonical":"https:\/\/www.bellunopress.it\/fr\/2025\/12\/02\/le-poesie-di-edoardo-comiotto-con-acquerelli-di-cristina-tres\/","og_locale":"fr_FR","og_type":"article","og_title":"Le poesie di Edoardo Comiotto con acquerelli di Cristina Tres - Bellunopress - Dolomiti","og_description":"Domenica 7 dicembre 2025 alle ore 16.00, nel Salone degli Affreschi di Palazzo Municipale a Mel, si terr\u00e0 la presentazione del nuovo libro di Edoardo Comiotto con acquerelli di Cristina Tres \u201cFrusc\u00eco di STAGIONI\u201d. Il libro e la presentazione godono del Patrocinio della Provincia di Belluno, del Comune di Borgo Valbelluna e dell\u2019Auser di Mel. [&hellip;]","og_url":"https:\/\/www.bellunopress.it\/fr\/2025\/12\/02\/le-poesie-di-edoardo-comiotto-con-acquerelli-di-cristina-tres\/","og_site_name":"Bellunopress - Dolomiti","article_publisher":"https:\/\/www.facebook.com\/profile.php?id=100008943462799","article_published_time":"2025-12-02T07:34:52+00:00","og_image":[{"width":559,"height":800,"url":"https:\/\/www.bellunopress.it\/wp-content\/uploads\/2025\/12\/Frusio-di-stagioni-Edoardo-Comiotto.jpg","type":"image\/jpeg"}],"author":"redazione","twitter_card":"summary_large_image","twitter_creator":"@bellunopress","twitter_site":"@bellunopress","twitter_misc":{"\u00c9crit par":"redazione","Dur\u00e9e de lecture estim\u00e9e":"2 minutes"},"schema":{"@context":"https:\/\/schema.org","@graph":[{"@type":"Article","@id":"https:\/\/www.bellunopress.it\/2025\/12\/02\/le-poesie-di-edoardo-comiotto-con-acquerelli-di-cristina-tres\/#article","isPartOf":{"@id":"https:\/\/www.bellunopress.it\/2025\/12\/02\/le-poesie-di-edoardo-comiotto-con-acquerelli-di-cristina-tres\/"},"author":{"name":"redazione","@id":"https:\/\/www.bellunopress.it\/#\/schema\/person\/79bb06722b37ece1c03d3e94beb30d73"},"headline":"Le poesie di Edoardo Comiotto con acquerelli di Cristina Tres","datePublished":"2025-12-02T07:34:52+00:00","mainEntityOfPage":{"@id":"https:\/\/www.bellunopress.it\/2025\/12\/02\/le-poesie-di-edoardo-comiotto-con-acquerelli-di-cristina-tres\/"},"wordCount":392,"publisher":{"@id":"https:\/\/www.bellunopress.it\/#organization"},"image":{"@id":"https:\/\/www.bellunopress.it\/2025\/12\/02\/le-poesie-di-edoardo-comiotto-con-acquerelli-di-cristina-tres\/#primaryimage"},"thumbnailUrl":"https:\/\/www.bellunopress.it\/wp-content\/uploads\/2025\/12\/Frusio-di-stagioni-Edoardo-Comiotto.jpg","articleSection":["Appuntamenti, Eventi","Pausa Caff\u00e8"],"inLanguage":"fr-FR"},{"@type":"WebPage","@id":"https:\/\/www.bellunopress.it\/2025\/12\/02\/le-poesie-di-edoardo-comiotto-con-acquerelli-di-cristina-tres\/","url":"https:\/\/www.bellunopress.it\/2025\/12\/02\/le-poesie-di-edoardo-comiotto-con-acquerelli-di-cristina-tres\/","name":"Le poesie di Edoardo Comiotto con acquerelli di Cristina Tres - Bellunopress - Dolomiti","isPartOf":{"@id":"https:\/\/www.bellunopress.it\/#website"},"primaryImageOfPage":{"@id":"https:\/\/www.bellunopress.it\/2025\/12\/02\/le-poesie-di-edoardo-comiotto-con-acquerelli-di-cristina-tres\/#primaryimage"},"image":{"@id":"https:\/\/www.bellunopress.it\/2025\/12\/02\/le-poesie-di-edoardo-comiotto-con-acquerelli-di-cristina-tres\/#primaryimage"},"thumbnailUrl":"https:\/\/www.bellunopress.it\/wp-content\/uploads\/2025\/12\/Frusio-di-stagioni-Edoardo-Comiotto.jpg","datePublished":"2025-12-02T07:34:52+00:00","breadcrumb":{"@id":"https:\/\/www.bellunopress.it\/2025\/12\/02\/le-poesie-di-edoardo-comiotto-con-acquerelli-di-cristina-tres\/#breadcrumb"},"inLanguage":"fr-FR","potentialAction":[{"@type":"ReadAction","target":["https:\/\/www.bellunopress.it\/2025\/12\/02\/le-poesie-di-edoardo-comiotto-con-acquerelli-di-cristina-tres\/"]}]},{"@type":"ImageObject","inLanguage":"fr-FR","@id":"https:\/\/www.bellunopress.it\/2025\/12\/02\/le-poesie-di-edoardo-comiotto-con-acquerelli-di-cristina-tres\/#primaryimage","url":"https:\/\/www.bellunopress.it\/wp-content\/uploads\/2025\/12\/Frusio-di-stagioni-Edoardo-Comiotto.jpg","contentUrl":"https:\/\/www.bellunopress.it\/wp-content\/uploads\/2025\/12\/Frusio-di-stagioni-Edoardo-Comiotto.jpg","width":559,"height":800},{"@type":"BreadcrumbList","@id":"https:\/\/www.bellunopress.it\/2025\/12\/02\/le-poesie-di-edoardo-comiotto-con-acquerelli-di-cristina-tres\/#breadcrumb","itemListElement":[{"@type":"ListItem","position":1,"name":"Home","item":"https:\/\/www.bellunopress.it\/"},{"@type":"ListItem","position":2,"name":"Le poesie di Edoardo Comiotto con acquerelli di Cristina Tres"}]},{"@type":"WebSite","@id":"https:\/\/www.bellunopress.it\/#website","url":"https:\/\/www.bellunopress.it\/","name":"Bellunopress - Dolomiti","description":"e-mail: redazione@bellunopress.it","publisher":{"@id":"https:\/\/www.bellunopress.it\/#organization"},"potentialAction":[{"@type":"SearchAction","target":{"@type":"EntryPoint","urlTemplate":"https:\/\/www.bellunopress.it\/?s={search_term_string}"},"query-input":{"@type":"PropertyValueSpecification","valueRequired":true,"valueName":"search_term_string"}}],"inLanguage":"fr-FR"},{"@type":"Organization","@id":"https:\/\/www.bellunopress.it\/#organization","name":"Bellunopress","url":"https:\/\/www.bellunopress.it\/","logo":{"@type":"ImageObject","inLanguage":"fr-FR","@id":"https:\/\/www.bellunopress.it\/#\/schema\/logo\/image\/","url":"https:\/\/www.bellunopress.it\/wp-content\/uploads\/2011\/05\/cropped-logo-bellunopress-.jpg","contentUrl":"https:\/\/www.bellunopress.it\/wp-content\/uploads\/2011\/05\/cropped-logo-bellunopress-.jpg","width":512,"height":512,"caption":"Bellunopress"},"image":{"@id":"https:\/\/www.bellunopress.it\/#\/schema\/logo\/image\/"},"sameAs":["https:\/\/www.facebook.com\/profile.php?id=100008943462799","https:\/\/x.com\/bellunopress","https:\/\/www.linkedin.com\/hp\/?dnr=JBzUWaJfMUw8vbXJJ2tVW5-I3jZKvC4wsoxE&amp;amp;amp;amp;amp;amp;trk=nav_responsive_tab_home","https:\/\/www.youtube.com\/channel\/UCxL0wu1uN0_3_7hGG0306cw"]},{"@type":"Person","@id":"https:\/\/www.bellunopress.it\/#\/schema\/person\/79bb06722b37ece1c03d3e94beb30d73","name":"r\u00e9daction","image":{"@type":"ImageObject","inLanguage":"fr-FR","@id":"https:\/\/secure.gravatar.com\/avatar\/37d968a2e67a6fd04c169c4bdef102d0bc5d31b2546345219e348575eb80e9a0?s=96&d=mm&r=g","url":"https:\/\/secure.gravatar.com\/avatar\/37d968a2e67a6fd04c169c4bdef102d0bc5d31b2546345219e348575eb80e9a0?s=96&d=mm&r=g","contentUrl":"https:\/\/secure.gravatar.com\/avatar\/37d968a2e67a6fd04c169c4bdef102d0bc5d31b2546345219e348575eb80e9a0?s=96&d=mm&r=g","caption":"redazione"},"sameAs":["http:\/\/www.bellunopress.it","https:\/\/x.com\/bellunopress"],"url":"https:\/\/www.bellunopress.it\/fr\/author\/redazione\/"}]}},"_links":{"self":[{"href":"https:\/\/www.bellunopress.it\/fr\/wp-json\/wp\/v2\/posts\/165406","targetHints":{"allow":["GET"]}}],"collection":[{"href":"https:\/\/www.bellunopress.it\/fr\/wp-json\/wp\/v2\/posts"}],"about":[{"href":"https:\/\/www.bellunopress.it\/fr\/wp-json\/wp\/v2\/types\/post"}],"author":[{"embeddable":true,"href":"https:\/\/www.bellunopress.it\/fr\/wp-json\/wp\/v2\/users\/2"}],"replies":[{"embeddable":true,"href":"https:\/\/www.bellunopress.it\/fr\/wp-json\/wp\/v2\/comments?post=165406"}],"version-history":[{"count":1,"href":"https:\/\/www.bellunopress.it\/fr\/wp-json\/wp\/v2\/posts\/165406\/revisions"}],"predecessor-version":[{"id":165408,"href":"https:\/\/www.bellunopress.it\/fr\/wp-json\/wp\/v2\/posts\/165406\/revisions\/165408"}],"wp:featuredmedia":[{"embeddable":true,"href":"https:\/\/www.bellunopress.it\/fr\/wp-json\/wp\/v2\/media\/165407"}],"wp:attachment":[{"href":"https:\/\/www.bellunopress.it\/fr\/wp-json\/wp\/v2\/media?parent=165406"}],"wp:term":[{"taxonomy":"category","embeddable":true,"href":"https:\/\/www.bellunopress.it\/fr\/wp-json\/wp\/v2\/categories?post=165406"},{"taxonomy":"post_tag","embeddable":true,"href":"https:\/\/www.bellunopress.it\/fr\/wp-json\/wp\/v2\/tags?post=165406"}],"curies":[{"name":"wp","href":"https:\/\/api.w.org\/{rel}","templated":true}]}}