{"id":165397,"date":"2025-12-01T16:42:08","date_gmt":"2025-12-01T15:42:08","guid":{"rendered":"https:\/\/www.bellunopress.it\/?p=165397"},"modified":"2025-12-01T16:42:08","modified_gmt":"2025-12-01T15:42:08","slug":"1224-restaurant-cortina-apertura-ufficiale-il-5-dicembre-2025","status":"publish","type":"post","link":"https:\/\/www.bellunopress.it\/fr\/2025\/12\/01\/1224-restaurant-cortina-apertura-ufficiale-il-5-dicembre-2025\/","title":{"rendered":"1224 Restaurant Cortina: apertura ufficiale il 5 dicembre 2025"},"content":{"rendered":"<figure id=\"attachment_165398\" aria-describedby=\"caption-attachment-165398\" style=\"width: 500px\" class=\"wp-caption alignleft\"><img loading=\"lazy\" decoding=\"async\" class=\"size-medium wp-image-165398\" src=\"https:\/\/www.bellunopress.it\/wp-content\/uploads\/2025\/12\/Baita-Pie-Tofana_edited-500x333.jpg\" alt=\"\" width=\"500\" height=\"333\" srcset=\"https:\/\/www.bellunopress.it\/wp-content\/uploads\/2025\/12\/Baita-Pie-Tofana_edited-500x333.jpg 500w, https:\/\/www.bellunopress.it\/wp-content\/uploads\/2025\/12\/Baita-Pie-Tofana_edited-630x420.jpg 630w, https:\/\/www.bellunopress.it\/wp-content\/uploads\/2025\/12\/Baita-Pie-Tofana_edited-696x464.jpg 696w, https:\/\/www.bellunopress.it\/wp-content\/uploads\/2025\/12\/Baita-Pie-Tofana_edited.jpg 800w\" sizes=\"auto, (max-width: 500px) 100vw, 500px\" \/><figcaption id=\"caption-attachment-165398\" class=\"wp-caption-text\">Da sinistra: Michel Oberhammer, Federico Rovacchi, Elisa Prudente, Nicole Groff (Foto: Alex Moling)<\/figcaption><\/figure>\n<p><strong>La cucina di Federico Rovacchi e l&#8217;ospitalit\u00e0 del team di Baita Pi\u00e8 Tofana approdano nel cuore di Cortina d&#8217;Ampezzo, negli spazi del Grand Hotel Savoia<\/strong><\/p>\n<p>Cortina d&#8217;Ampezzo, dicembre 2025 \u2013 \u00c8 fissata per venerd\u00ec 5 dicembre 2025 la data di apertura ufficiale del nuovo 1224 Restaurant Cortina, che porta il team di Baita Pi\u00e8 Tofana nel cuore di Cortina d&#8217;Ampezzo all&#8217;interno dello storico Grand Hotel Savoia \u2013 A Radisson Collection.<\/p>\n<p>La cucina dello chef Federico Rovacchi, con il patron Michel Oberhammer e la ma\u00eetre Elisa Prudente, \u00e8 pronta a dare vita a una nuova fase per la scena gastronomica di Cortina d&#8217;Ampezzo.<\/p>\n<p>Al 1224 Restaurant Cortina lo chef Federico Rovacchi continuer\u00e0 a proporre una cucina personale, raffinata e contemporanea, aperta al dialogo tra territorio e influenze internazionali. Tra le proposte simbolo spiccano il Rossini al mare, reinterpretazione del grande classico francese con suggestioni marine, la celebre Lumaca con note terrose e profonde, e l&#8217;iconico Cappelletto al Parmigiano, omaggio alle origini emiliane dello chef.<\/p>\n<p>&#8220;Cambia il luogo, ma non cambia la nostra anima&#8221; sottolinea lo chef Rovacchi. &#8220;Il 1224 sar\u00e0 un laboratorio di idee, un luogo dove raccontare il gusto attraverso esperienze capaci di sorprendere, emozionare e far stare bene.&#8221;<\/p>\n<p>Con lui, la stessa squadra che ha fatto di Baita Pi\u00e8 Tofana un riferimento della scena gastronomica ampezzana: la sous chef Nicole Groff, la ma\u00eetre Elisa Prudente e il sommelier Paolo Cantafio, pronti a guidare gli ospiti in un percorso gastronomico ed enologico coerente e ricercato, supportato da una carta vini con oltre 700 etichette italiane e internazionali.<\/p>\n<p>Nel frattempo, Baita Pi\u00e8 Tofana continuer\u00e0 a far parte della visione del gruppo e torner\u00e0 ad accogliere gli ospiti nella stagione estiva 2026.<\/p>","protected":false},"excerpt":{"rendered":"<p>La cucina di Federico Rovacchi e l&#8217;ospitalit\u00e0 del team di Baita Pi\u00e8 Tofana approdano nel cuore di Cortina d&#8217;Ampezzo, negli spazi del Grand Hotel Savoia Cortina d&#8217;Ampezzo, dicembre 2025 \u2013 \u00c8 fissata per venerd\u00ec 5 dicembre 2025 la data di apertura ufficiale del nuovo 1224 Restaurant Cortina, che porta il team di Baita Pi\u00e8 Tofana [&hellip;]<\/p>\n","protected":false},"author":2,"featured_media":165398,"comment_status":"closed","ping_status":"open","sticky":false,"template":"","format":"standard","meta":{"footnotes":""},"categories":[3393,25],"tags":[],"class_list":["post-165397","post","type-post","status-publish","format-standard","has-post-thumbnail","category-eventi-enogastronomici","category-pausa-caffe"],"yoast_head":"<!-- This site is optimized with the Yoast SEO plugin v28.4 - https:\/\/yoast.com\/product\/yoast-seo-wordpress\/ -->\n<title>1224 Restaurant Cortina: apertura ufficiale il 5 dicembre 2025 - Bellunopress - Dolomiti<\/title>\n<meta name=\"robots\" content=\"index, follow, max-snippet:-1, max-image-preview:large, max-video-preview:-1\" \/>\n<link rel=\"canonical\" href=\"https:\/\/www.bellunopress.it\/fr\/2025\/12\/01\/1224-restaurant-cortina-apertura-ufficiale-il-5-dicembre-2025\/\" \/>\n<meta property=\"og:locale\" content=\"fr_FR\" \/>\n<meta property=\"og:type\" content=\"article\" \/>\n<meta property=\"og:title\" content=\"1224 Restaurant Cortina: apertura ufficiale il 5 dicembre 2025 - Bellunopress - Dolomiti\" \/>\n<meta property=\"og:description\" content=\"La cucina di Federico Rovacchi e l&#8217;ospitalit\u00e0 del team di Baita Pi\u00e8 Tofana approdano nel cuore di Cortina d&#8217;Ampezzo, negli spazi del Grand Hotel Savoia Cortina d&#8217;Ampezzo, dicembre 2025 \u2013 \u00c8 fissata per venerd\u00ec 5 dicembre 2025 la data di apertura ufficiale del nuovo 1224 Restaurant Cortina, che porta il team di Baita Pi\u00e8 Tofana [&hellip;]\" \/>\n<meta property=\"og:url\" content=\"https:\/\/www.bellunopress.it\/fr\/2025\/12\/01\/1224-restaurant-cortina-apertura-ufficiale-il-5-dicembre-2025\/\" \/>\n<meta property=\"og:site_name\" content=\"Bellunopress - Dolomiti\" \/>\n<meta property=\"article:publisher\" content=\"https:\/\/www.facebook.com\/profile.php?id=100008943462799\" \/>\n<meta property=\"article:published_time\" content=\"2025-12-01T15:42:08+00:00\" \/>\n<meta property=\"og:image\" content=\"https:\/\/www.bellunopress.it\/wp-content\/uploads\/2025\/12\/Baita-Pie-Tofana_edited.jpg\" \/>\n\t<meta property=\"og:image:width\" content=\"800\" \/>\n\t<meta property=\"og:image:height\" content=\"533\" \/>\n\t<meta property=\"og:image:type\" content=\"image\/jpeg\" \/>\n<meta name=\"author\" content=\"redazione\" \/>\n<meta name=\"twitter:card\" content=\"summary_large_image\" \/>\n<meta name=\"twitter:creator\" content=\"@bellunopress\" \/>\n<meta name=\"twitter:site\" content=\"@bellunopress\" \/>\n<meta name=\"twitter:label1\" content=\"Written by\" \/>\n\t<meta name=\"twitter:data1\" content=\"redazione\" \/>\n\t<meta name=\"twitter:label2\" content=\"Est. reading time\" \/>\n\t<meta name=\"twitter:data2\" content=\"1 minute\" \/>\n<script type=\"application\/ld+json\" class=\"yoast-schema-graph\">{\"@context\":\"https:\\\/\\\/schema.org\",\"@graph\":[{\"@type\":\"Article\",\"@id\":\"https:\\\/\\\/www.bellunopress.it\\\/2025\\\/12\\\/01\\\/1224-restaurant-cortina-apertura-ufficiale-il-5-dicembre-2025\\\/#article\",\"isPartOf\":{\"@id\":\"https:\\\/\\\/www.bellunopress.it\\\/2025\\\/12\\\/01\\\/1224-restaurant-cortina-apertura-ufficiale-il-5-dicembre-2025\\\/\"},\"author\":{\"name\":\"redazione\",\"@id\":\"https:\\\/\\\/www.bellunopress.it\\\/#\\\/schema\\\/person\\\/79bb06722b37ece1c03d3e94beb30d73\"},\"headline\":\"1224 Restaurant Cortina: apertura ufficiale il 5 dicembre 2025\",\"datePublished\":\"2025-12-01T15:42:08+00:00\",\"mainEntityOfPage\":{\"@id\":\"https:\\\/\\\/www.bellunopress.it\\\/2025\\\/12\\\/01\\\/1224-restaurant-cortina-apertura-ufficiale-il-5-dicembre-2025\\\/\"},\"wordCount\":303,\"publisher\":{\"@id\":\"https:\\\/\\\/www.bellunopress.it\\\/#organization\"},\"image\":{\"@id\":\"https:\\\/\\\/www.bellunopress.it\\\/2025\\\/12\\\/01\\\/1224-restaurant-cortina-apertura-ufficiale-il-5-dicembre-2025\\\/#primaryimage\"},\"thumbnailUrl\":\"https:\\\/\\\/www.bellunopress.it\\\/wp-content\\\/uploads\\\/2025\\\/12\\\/Baita-Pie-Tofana_edited.jpg\",\"articleSection\":[\"Eventi enogastronomici\",\"Pausa Caff\u00e8\"],\"inLanguage\":\"fr-FR\"},{\"@type\":\"WebPage\",\"@id\":\"https:\\\/\\\/www.bellunopress.it\\\/2025\\\/12\\\/01\\\/1224-restaurant-cortina-apertura-ufficiale-il-5-dicembre-2025\\\/\",\"url\":\"https:\\\/\\\/www.bellunopress.it\\\/2025\\\/12\\\/01\\\/1224-restaurant-cortina-apertura-ufficiale-il-5-dicembre-2025\\\/\",\"name\":\"1224 Restaurant Cortina: apertura ufficiale il 5 dicembre 2025 - Bellunopress - Dolomiti\",\"isPartOf\":{\"@id\":\"https:\\\/\\\/www.bellunopress.it\\\/#website\"},\"primaryImageOfPage\":{\"@id\":\"https:\\\/\\\/www.bellunopress.it\\\/2025\\\/12\\\/01\\\/1224-restaurant-cortina-apertura-ufficiale-il-5-dicembre-2025\\\/#primaryimage\"},\"image\":{\"@id\":\"https:\\\/\\\/www.bellunopress.it\\\/2025\\\/12\\\/01\\\/1224-restaurant-cortina-apertura-ufficiale-il-5-dicembre-2025\\\/#primaryimage\"},\"thumbnailUrl\":\"https:\\\/\\\/www.bellunopress.it\\\/wp-content\\\/uploads\\\/2025\\\/12\\\/Baita-Pie-Tofana_edited.jpg\",\"datePublished\":\"2025-12-01T15:42:08+00:00\",\"breadcrumb\":{\"@id\":\"https:\\\/\\\/www.bellunopress.it\\\/2025\\\/12\\\/01\\\/1224-restaurant-cortina-apertura-ufficiale-il-5-dicembre-2025\\\/#breadcrumb\"},\"inLanguage\":\"fr-FR\",\"potentialAction\":[{\"@type\":\"ReadAction\",\"target\":[\"https:\\\/\\\/www.bellunopress.it\\\/2025\\\/12\\\/01\\\/1224-restaurant-cortina-apertura-ufficiale-il-5-dicembre-2025\\\/\"]}]},{\"@type\":\"ImageObject\",\"inLanguage\":\"fr-FR\",\"@id\":\"https:\\\/\\\/www.bellunopress.it\\\/2025\\\/12\\\/01\\\/1224-restaurant-cortina-apertura-ufficiale-il-5-dicembre-2025\\\/#primaryimage\",\"url\":\"https:\\\/\\\/www.bellunopress.it\\\/wp-content\\\/uploads\\\/2025\\\/12\\\/Baita-Pie-Tofana_edited.jpg\",\"contentUrl\":\"https:\\\/\\\/www.bellunopress.it\\\/wp-content\\\/uploads\\\/2025\\\/12\\\/Baita-Pie-Tofana_edited.jpg\",\"width\":800,\"height\":533,\"caption\":\"Da sinistra: Michel Oberhammer, Federico Rovacchi, Elisa Prudente, Nicole Groff (Foto: Alex Moling)\"},{\"@type\":\"BreadcrumbList\",\"@id\":\"https:\\\/\\\/www.bellunopress.it\\\/2025\\\/12\\\/01\\\/1224-restaurant-cortina-apertura-ufficiale-il-5-dicembre-2025\\\/#breadcrumb\",\"itemListElement\":[{\"@type\":\"ListItem\",\"position\":1,\"name\":\"Home\",\"item\":\"https:\\\/\\\/www.bellunopress.it\\\/\"},{\"@type\":\"ListItem\",\"position\":2,\"name\":\"1224 Restaurant Cortina: apertura ufficiale il 5 dicembre 2025\"}]},{\"@type\":\"WebSite\",\"@id\":\"https:\\\/\\\/www.bellunopress.it\\\/#website\",\"url\":\"https:\\\/\\\/www.bellunopress.it\\\/\",\"name\":\"Bellunopress - Dolomiti\",\"description\":\"e-mail: redazione@bellunopress.it\",\"publisher\":{\"@id\":\"https:\\\/\\\/www.bellunopress.it\\\/#organization\"},\"potentialAction\":[{\"@type\":\"SearchAction\",\"target\":{\"@type\":\"EntryPoint\",\"urlTemplate\":\"https:\\\/\\\/www.bellunopress.it\\\/?s={search_term_string}\"},\"query-input\":{\"@type\":\"PropertyValueSpecification\",\"valueRequired\":true,\"valueName\":\"search_term_string\"}}],\"inLanguage\":\"fr-FR\"},{\"@type\":\"Organization\",\"@id\":\"https:\\\/\\\/www.bellunopress.it\\\/#organization\",\"name\":\"Bellunopress\",\"url\":\"https:\\\/\\\/www.bellunopress.it\\\/\",\"logo\":{\"@type\":\"ImageObject\",\"inLanguage\":\"fr-FR\",\"@id\":\"https:\\\/\\\/www.bellunopress.it\\\/#\\\/schema\\\/logo\\\/image\\\/\",\"url\":\"https:\\\/\\\/www.bellunopress.it\\\/wp-content\\\/uploads\\\/2011\\\/05\\\/cropped-logo-bellunopress-.jpg\",\"contentUrl\":\"https:\\\/\\\/www.bellunopress.it\\\/wp-content\\\/uploads\\\/2011\\\/05\\\/cropped-logo-bellunopress-.jpg\",\"width\":512,\"height\":512,\"caption\":\"Bellunopress\"},\"image\":{\"@id\":\"https:\\\/\\\/www.bellunopress.it\\\/#\\\/schema\\\/logo\\\/image\\\/\"},\"sameAs\":[\"https:\\\/\\\/www.facebook.com\\\/profile.php?id=100008943462799\",\"https:\\\/\\\/x.com\\\/bellunopress\",\"https:\\\/\\\/www.linkedin.com\\\/hp\\\/?dnr=JBzUWaJfMUw8vbXJJ2tVW5-I3jZKvC4wsoxE&amp;amp;amp;amp;amp;amp;trk=nav_responsive_tab_home\",\"https:\\\/\\\/www.youtube.com\\\/channel\\\/UCxL0wu1uN0_3_7hGG0306cw\"]},{\"@type\":\"Person\",\"@id\":\"https:\\\/\\\/www.bellunopress.it\\\/#\\\/schema\\\/person\\\/79bb06722b37ece1c03d3e94beb30d73\",\"name\":\"redazione\",\"image\":{\"@type\":\"ImageObject\",\"inLanguage\":\"fr-FR\",\"@id\":\"https:\\\/\\\/secure.gravatar.com\\\/avatar\\\/37d968a2e67a6fd04c169c4bdef102d0bc5d31b2546345219e348575eb80e9a0?s=96&d=mm&r=g\",\"url\":\"https:\\\/\\\/secure.gravatar.com\\\/avatar\\\/37d968a2e67a6fd04c169c4bdef102d0bc5d31b2546345219e348575eb80e9a0?s=96&d=mm&r=g\",\"contentUrl\":\"https:\\\/\\\/secure.gravatar.com\\\/avatar\\\/37d968a2e67a6fd04c169c4bdef102d0bc5d31b2546345219e348575eb80e9a0?s=96&d=mm&r=g\",\"caption\":\"redazione\"},\"sameAs\":[\"http:\\\/\\\/www.bellunopress.it\",\"https:\\\/\\\/x.com\\\/bellunopress\"],\"url\":\"https:\\\/\\\/www.bellunopress.it\\\/fr\\\/author\\\/redazione\\\/\"}]}<\/script>\n<!-- \/ Yoast SEO plugin. -->","yoast_head_json":{"title":"1224 Restaurant Cortina: apertura ufficiale il 5 dicembre 2025 - Bellunopress - Dolomiti","robots":{"index":"index","follow":"follow","max-snippet":"max-snippet:-1","max-image-preview":"max-image-preview:large","max-video-preview":"max-video-preview:-1"},"canonical":"https:\/\/www.bellunopress.it\/fr\/2025\/12\/01\/1224-restaurant-cortina-apertura-ufficiale-il-5-dicembre-2025\/","og_locale":"fr_FR","og_type":"article","og_title":"1224 Restaurant Cortina: apertura ufficiale il 5 dicembre 2025 - Bellunopress - Dolomiti","og_description":"La cucina di Federico Rovacchi e l&#8217;ospitalit\u00e0 del team di Baita Pi\u00e8 Tofana approdano nel cuore di Cortina d&#8217;Ampezzo, negli spazi del Grand Hotel Savoia Cortina d&#8217;Ampezzo, dicembre 2025 \u2013 \u00c8 fissata per venerd\u00ec 5 dicembre 2025 la data di apertura ufficiale del nuovo 1224 Restaurant Cortina, che porta il team di Baita Pi\u00e8 Tofana [&hellip;]","og_url":"https:\/\/www.bellunopress.it\/fr\/2025\/12\/01\/1224-restaurant-cortina-apertura-ufficiale-il-5-dicembre-2025\/","og_site_name":"Bellunopress - Dolomiti","article_publisher":"https:\/\/www.facebook.com\/profile.php?id=100008943462799","article_published_time":"2025-12-01T15:42:08+00:00","og_image":[{"width":800,"height":533,"url":"https:\/\/www.bellunopress.it\/wp-content\/uploads\/2025\/12\/Baita-Pie-Tofana_edited.jpg","type":"image\/jpeg"}],"author":"redazione","twitter_card":"summary_large_image","twitter_creator":"@bellunopress","twitter_site":"@bellunopress","twitter_misc":{"Written by":"redazione","Est. reading time":"1 minute"},"schema":{"@context":"https:\/\/schema.org","@graph":[{"@type":"Article","@id":"https:\/\/www.bellunopress.it\/2025\/12\/01\/1224-restaurant-cortina-apertura-ufficiale-il-5-dicembre-2025\/#article","isPartOf":{"@id":"https:\/\/www.bellunopress.it\/2025\/12\/01\/1224-restaurant-cortina-apertura-ufficiale-il-5-dicembre-2025\/"},"author":{"name":"redazione","@id":"https:\/\/www.bellunopress.it\/#\/schema\/person\/79bb06722b37ece1c03d3e94beb30d73"},"headline":"1224 Restaurant Cortina: apertura ufficiale il 5 dicembre 2025","datePublished":"2025-12-01T15:42:08+00:00","mainEntityOfPage":{"@id":"https:\/\/www.bellunopress.it\/2025\/12\/01\/1224-restaurant-cortina-apertura-ufficiale-il-5-dicembre-2025\/"},"wordCount":303,"publisher":{"@id":"https:\/\/www.bellunopress.it\/#organization"},"image":{"@id":"https:\/\/www.bellunopress.it\/2025\/12\/01\/1224-restaurant-cortina-apertura-ufficiale-il-5-dicembre-2025\/#primaryimage"},"thumbnailUrl":"https:\/\/www.bellunopress.it\/wp-content\/uploads\/2025\/12\/Baita-Pie-Tofana_edited.jpg","articleSection":["Eventi enogastronomici","Pausa Caff\u00e8"],"inLanguage":"fr-FR"},{"@type":"WebPage","@id":"https:\/\/www.bellunopress.it\/2025\/12\/01\/1224-restaurant-cortina-apertura-ufficiale-il-5-dicembre-2025\/","url":"https:\/\/www.bellunopress.it\/2025\/12\/01\/1224-restaurant-cortina-apertura-ufficiale-il-5-dicembre-2025\/","name":"1224 Restaurant Cortina: apertura ufficiale il 5 dicembre 2025 - Bellunopress - Dolomiti","isPartOf":{"@id":"https:\/\/www.bellunopress.it\/#website"},"primaryImageOfPage":{"@id":"https:\/\/www.bellunopress.it\/2025\/12\/01\/1224-restaurant-cortina-apertura-ufficiale-il-5-dicembre-2025\/#primaryimage"},"image":{"@id":"https:\/\/www.bellunopress.it\/2025\/12\/01\/1224-restaurant-cortina-apertura-ufficiale-il-5-dicembre-2025\/#primaryimage"},"thumbnailUrl":"https:\/\/www.bellunopress.it\/wp-content\/uploads\/2025\/12\/Baita-Pie-Tofana_edited.jpg","datePublished":"2025-12-01T15:42:08+00:00","breadcrumb":{"@id":"https:\/\/www.bellunopress.it\/2025\/12\/01\/1224-restaurant-cortina-apertura-ufficiale-il-5-dicembre-2025\/#breadcrumb"},"inLanguage":"fr-FR","potentialAction":[{"@type":"ReadAction","target":["https:\/\/www.bellunopress.it\/2025\/12\/01\/1224-restaurant-cortina-apertura-ufficiale-il-5-dicembre-2025\/"]}]},{"@type":"ImageObject","inLanguage":"fr-FR","@id":"https:\/\/www.bellunopress.it\/2025\/12\/01\/1224-restaurant-cortina-apertura-ufficiale-il-5-dicembre-2025\/#primaryimage","url":"https:\/\/www.bellunopress.it\/wp-content\/uploads\/2025\/12\/Baita-Pie-Tofana_edited.jpg","contentUrl":"https:\/\/www.bellunopress.it\/wp-content\/uploads\/2025\/12\/Baita-Pie-Tofana_edited.jpg","width":800,"height":533,"caption":"Da sinistra: Michel Oberhammer, Federico Rovacchi, Elisa Prudente, Nicole Groff (Foto: Alex Moling)"},{"@type":"BreadcrumbList","@id":"https:\/\/www.bellunopress.it\/2025\/12\/01\/1224-restaurant-cortina-apertura-ufficiale-il-5-dicembre-2025\/#breadcrumb","itemListElement":[{"@type":"ListItem","position":1,"name":"Home","item":"https:\/\/www.bellunopress.it\/"},{"@type":"ListItem","position":2,"name":"1224 Restaurant Cortina: apertura ufficiale il 5 dicembre 2025"}]},{"@type":"WebSite","@id":"https:\/\/www.bellunopress.it\/#website","url":"https:\/\/www.bellunopress.it\/","name":"Bellunopress - Dolomiti","description":"e-mail: redazione@bellunopress.it","publisher":{"@id":"https:\/\/www.bellunopress.it\/#organization"},"potentialAction":[{"@type":"SearchAction","target":{"@type":"EntryPoint","urlTemplate":"https:\/\/www.bellunopress.it\/?s={search_term_string}"},"query-input":{"@type":"PropertyValueSpecification","valueRequired":true,"valueName":"search_term_string"}}],"inLanguage":"fr-FR"},{"@type":"Organization","@id":"https:\/\/www.bellunopress.it\/#organization","name":"Bellunopress","url":"https:\/\/www.bellunopress.it\/","logo":{"@type":"ImageObject","inLanguage":"fr-FR","@id":"https:\/\/www.bellunopress.it\/#\/schema\/logo\/image\/","url":"https:\/\/www.bellunopress.it\/wp-content\/uploads\/2011\/05\/cropped-logo-bellunopress-.jpg","contentUrl":"https:\/\/www.bellunopress.it\/wp-content\/uploads\/2011\/05\/cropped-logo-bellunopress-.jpg","width":512,"height":512,"caption":"Bellunopress"},"image":{"@id":"https:\/\/www.bellunopress.it\/#\/schema\/logo\/image\/"},"sameAs":["https:\/\/www.facebook.com\/profile.php?id=100008943462799","https:\/\/x.com\/bellunopress","https:\/\/www.linkedin.com\/hp\/?dnr=JBzUWaJfMUw8vbXJJ2tVW5-I3jZKvC4wsoxE&amp;amp;amp;amp;amp;amp;trk=nav_responsive_tab_home","https:\/\/www.youtube.com\/channel\/UCxL0wu1uN0_3_7hGG0306cw"]},{"@type":"Person","@id":"https:\/\/www.bellunopress.it\/#\/schema\/person\/79bb06722b37ece1c03d3e94beb30d73","name":"r\u00e9daction","image":{"@type":"ImageObject","inLanguage":"fr-FR","@id":"https:\/\/secure.gravatar.com\/avatar\/37d968a2e67a6fd04c169c4bdef102d0bc5d31b2546345219e348575eb80e9a0?s=96&d=mm&r=g","url":"https:\/\/secure.gravatar.com\/avatar\/37d968a2e67a6fd04c169c4bdef102d0bc5d31b2546345219e348575eb80e9a0?s=96&d=mm&r=g","contentUrl":"https:\/\/secure.gravatar.com\/avatar\/37d968a2e67a6fd04c169c4bdef102d0bc5d31b2546345219e348575eb80e9a0?s=96&d=mm&r=g","caption":"redazione"},"sameAs":["http:\/\/www.bellunopress.it","https:\/\/x.com\/bellunopress"],"url":"https:\/\/www.bellunopress.it\/fr\/author\/redazione\/"}]}},"_links":{"self":[{"href":"https:\/\/www.bellunopress.it\/fr\/wp-json\/wp\/v2\/posts\/165397","targetHints":{"allow":["GET"]}}],"collection":[{"href":"https:\/\/www.bellunopress.it\/fr\/wp-json\/wp\/v2\/posts"}],"about":[{"href":"https:\/\/www.bellunopress.it\/fr\/wp-json\/wp\/v2\/types\/post"}],"author":[{"embeddable":true,"href":"https:\/\/www.bellunopress.it\/fr\/wp-json\/wp\/v2\/users\/2"}],"replies":[{"embeddable":true,"href":"https:\/\/www.bellunopress.it\/fr\/wp-json\/wp\/v2\/comments?post=165397"}],"version-history":[{"count":1,"href":"https:\/\/www.bellunopress.it\/fr\/wp-json\/wp\/v2\/posts\/165397\/revisions"}],"predecessor-version":[{"id":165399,"href":"https:\/\/www.bellunopress.it\/fr\/wp-json\/wp\/v2\/posts\/165397\/revisions\/165399"}],"wp:featuredmedia":[{"embeddable":true,"href":"https:\/\/www.bellunopress.it\/fr\/wp-json\/wp\/v2\/media\/165398"}],"wp:attachment":[{"href":"https:\/\/www.bellunopress.it\/fr\/wp-json\/wp\/v2\/media?parent=165397"}],"wp:term":[{"taxonomy":"category","embeddable":true,"href":"https:\/\/www.bellunopress.it\/fr\/wp-json\/wp\/v2\/categories?post=165397"},{"taxonomy":"post_tag","embeddable":true,"href":"https:\/\/www.bellunopress.it\/fr\/wp-json\/wp\/v2\/tags?post=165397"}],"curies":[{"name":"wp","href":"https:\/\/api.w.org\/{rel}","templated":true}]}}