{"id":165394,"date":"2025-12-01T16:34:48","date_gmt":"2025-12-01T15:34:48","guid":{"rendered":"https:\/\/www.bellunopress.it\/?p=165394"},"modified":"2025-12-01T16:34:48","modified_gmt":"2025-12-01T15:34:48","slug":"il-gelato-day-incontra-leurovision","status":"publish","type":"post","link":"https:\/\/www.bellunopress.it\/fr\/2025\/12\/01\/il-gelato-day-incontra-leurovision\/","title":{"rendered":"Il Gelato Day incontra L&#8217;Eurovision"},"content":{"rendered":"<p><strong><img loading=\"lazy\" decoding=\"async\" class=\"alignleft size-medium wp-image-165395\" src=\"https:\/\/www.bellunopress.it\/wp-content\/uploads\/2025\/12\/Gelato-Day_Artglace-Longarone-500x375.jpg\" alt=\"\" width=\"500\" height=\"375\" srcset=\"https:\/\/www.bellunopress.it\/wp-content\/uploads\/2025\/12\/Gelato-Day_Artglace-Longarone-500x375.jpg 500w, https:\/\/www.bellunopress.it\/wp-content\/uploads\/2025\/12\/Gelato-Day_Artglace-Longarone-560x420.jpg 560w, https:\/\/www.bellunopress.it\/wp-content\/uploads\/2025\/12\/Gelato-Day_Artglace-Longarone-80x60.jpg 80w, https:\/\/www.bellunopress.it\/wp-content\/uploads\/2025\/12\/Gelato-Day_Artglace-Longarone-696x522.jpg 696w, https:\/\/www.bellunopress.it\/wp-content\/uploads\/2025\/12\/Gelato-Day_Artglace-Longarone.jpg 800w\" sizes=\"auto, (max-width: 500px) 100vw, 500px\" \/>L&#8217;annuncio alla Mig Experience 2025 di Longarone<\/strong><\/p>\n<p><em>Longarone, 1\u00b0 dicembre 2025<\/em> \u2013 La Giornata Europea del Gelato Artigianale \u00e8 pronta a tornare con una nuova edizione unica nel suo genere, che unisce due grandi simboli della cultura europea: l\u2019arte del gelato artigianale e la potenza espressiva della musica internazionale dell\u2019Eurovision Song Contest, che nel 2026 si terr\u00e0 a Vienna dal 12 al 16 maggio. Nel corso dell\u2019assemblea Artglace, svoltasi oggi durante l\u2019evento MIG EXPERIENCE a Longarone, \u00e8 stato ufficialmente annunciato il tema di questa XIV edizione: \u201cIl Gelato che Fa Cantare l\u2019Europa\u201d.<\/p>\n<p>Durante l\u2019assemblea \u00e8 stato inoltre rieletto il vicepresidente di Artglace, lo spagnolo Mario Masi\u00e0. L\u2019incontro si \u00e8 aperto con un minuto di silenzio in ricordo di Jos\u00e9 Gisbert Valls, che in passato ha ricoperto la carica di presidente di Artglace, recentemente scomparso.<\/p>\n<p>Un ponte ideale tra gusto e musica che celebra lo spirito di condivisione, creativit\u00e0 e diversit\u00e0 che accomuna l\u2019Eurovision e il Gelato Day, l\u2019unica giornata che il Parlamento Europeo abbia mai dedicato a un alimento: celebrata ogni anno il 24 marzo, ha l\u2019obiettivo di diffondere e valorizzare la cultura del gelato artigianale, simbolo della tradizione gastronomica europea, coinvolgendo ogni anno migliaia di gelaterie, operatori del settore, appassionati e turisti con eventi, degustazioni e iniziative creative in tutta Europa. Accanto ai suoi ideatori \u2013 Longarone Fiere Dolomiti e Artglace \u2013 il Gelato Day vede il supporto delle principali associazioni e istituzioni del settore.<\/p>\n<p><strong>IL GUSTO DELL\u2019ANNO 2026: MELODY. <\/strong>Come da tradizione, protagonista degli eventi del Gelato Day sar\u00e0 il Gusto dell\u2019Anno, che per il 2026 sar\u00e0 \u201cMelody\u201d: un gelato pensato come una vera e propria composizione armonica, capace di rappresentare l\u2019Europa attraverso i suoi sapori. La ricetta ufficiale sar\u00e0 scelta attraverso un concorso europeo che si terr\u00e0 durante SIGEP WORLD \u2013 The World Expo For Foodservice Excellence, in programma dal 16 al 20 gennaio 2026 a Rimini Fiera, dove i mastri gelatieri da tutto il continente si sfideranno reinterpretando il tema musicale dell\u2019edizione. La creazione dovr\u00e0 celebrare ingredienti provenienti da diversi Paesi europei, utilizzando materie prime facilmente reperibili, valorizzando le produzioni locali e le interpretazioni personali dei gelatieri, chiamati a raccontare un\u2019Europa fatta di gusti, ritmi e contaminazioni.<\/p>\n<p>Il 24 marzo 2026 Melody sar\u00e0 il protagonista assoluto non solo di coni e coppette, ma anche delle molteplici iniziative che saranno organizzate in tutta Italia ed Europa per promuovere e valorizzare la qualit\u00e0 delle produzioni, la cultura gastronomica, la creativit\u00e0 artigianale e lo spirito europeo.<\/p>\n<p><strong>GELATO DAY 2026: VIENNA CAPITALE DEL GUSTO E DELLA MUSICA<\/strong><\/p>\n<p>Ma non solo. La collaborazione con l\u2019Eurovision rafforzer\u00e0 il messaggio di un\u2019Europa unita attraverso l\u2019arte del gusto e della musica, celebrando professionalit\u00e0, talento e condivisione, anche con eventi che proseguiranno nel mese di maggio a Vienna. In linea con il legame di questa edizione con l\u2019Eurovision, infatti, la capitale austriaca si prepara ad accogliere una serie di iniziative dedicate al Gelato Day.<\/p>\n<p><em>\u00abCon l\u2019edizione 2026 vogliamo celebrare un\u2019Europa che si esprime attraverso gusto, creativit\u00e0 e condivisione, unendo due linguaggi universali: il gusto e la musica. Il legame con l\u2019Eurovision Song Contest ci permette di raccontare il gelato artigianale in una chiave nuova, pop e profondamente europea. \u201cMelody\u201d incarner\u00e0 questa visione: un gusto che rappresenta armonia, dialogo e diversit\u00e0, proprio come la musica che unisce milioni di persone<\/em> \u2013 commenta Domenico Belmonte, presidente Artglace. <em>Invitiamo tutti i gelatieri a farsi ambasciatori di questo spirito, portando il Gelato Day 2026 in ogni angolo del continente e partecipando anche al concorso europeo in programma a SIGEP World di Rimini, un appuntamento fondamentale di confronto e valorizzazione del talento artigianale\u00bb.<\/em><\/p>\n<p>Tutti gli aggiornamenti sulla quattordicesima edizione del Gelato Day sono disponibili sul <strong>sito <\/strong><a href=\"http:\/\/www.gelato-day.com\"><strong>www.gelato-day.com<\/strong><\/a> e sulle<strong> pagine ufficiali del Gelato Day su Facebook<\/strong> (<a href=\"http:\/\/www.facebook.com\/24MarzoEuropeanGelatoDay\">@24MarzoEuropeanGelatoDay<\/a>), <strong>Instagram <\/strong>(<a href=\"https:\/\/www.instagram.com\/gelato_day\/\">@Gelato_Day<\/a>) e <strong>YouTube<\/strong> (<a href=\"https:\/\/www.youtube.com\/c\/GelatoDay\">https:\/\/www.youtube.com\/c\/GelatoDay<\/a>).<\/p>\n<p>Tutte le gelaterie d\u2019Italia e d\u2019Europa sono invitate a aderire all\u2019edizione 2026 del Gelato Day registrandosi sul sito <a href=\"http:\/\/www.gelato-day.com\">www.gelato-day.com<\/a> e segnalando tutte le iniziative in programma per il 24 marzo 2026.<\/p>\n<p>La <strong>Giornata Europea del Gelato Artigianale<\/strong> \u00e8 l\u2019unica giornata che il Parlamento Europeo abbia finora dedicato ad un alimento. Celebrata il 24 marzo di ogni anno in tutti i Paesi europei, con eventi, incontri ed iniziative volti a diffondere la cultura del gelato artigianale, quella del \u201cGelato Day\u201d \u00e8 un\u2019occasione unica per contribuire alla valorizzazione di questo prodotto, alla promozione del sapere artigiano e allo sviluppo della tradizione gastronomica del settore. Peculiarit\u00e0 del \u201cGelato Day\u201d \u00e8 il \u201cGusto dell\u2019Anno\u201d: per la quattordicesima edizione del Gelato Day del 24 marzo 2026 sar\u00e0 \u201c<em>Melody\u201d<\/em>, dedicato all\u2019Eurovision Song Contest, che nel 2026 si terr\u00e0 a Vienna. L\u2019edizione unisce due mondi simbolo della cultura europea: la gastronomia artigianale e l\u2019espressione artistica.<\/p>\n<p>Accanto ai suoi ideatori, Longarone Fiere Dolomiti e Artglace, il Gelato Day vede come partner dell\u2019edizione 2026: ACOMAG &#8211; Associazione Nazionale Costruttori Macchine Arredamenti Attrezzature per Gelato, Associazione Italiana Gelatieri, CNA, Comitato Gelatieri Campani, Confartigianato, Conpait Gelato \u2013 Confederazione Pasticceri Italiani, Federazione Italiana Gelatieri, G.A. &#8211; Comitato Nazionale per la Difesa e la Diffusione del Gelato Artigianale e di produzione propria, DMED \u2013 Salone della Dieta Mediterranea, G.A.T. \u2013 Gelatieri Artigianali del Triveneto, Ilgelatoartigianale.info, Maestri della Gelateria Italiana, SIGEP WORLD \u2013 The World Expo For Foodservice Excellence e Caff\u00e8 di Italian Exhibition Group.<\/p>","protected":false},"excerpt":{"rendered":"<p>L&#8217;annuncio alla Mig Experience 2025 di Longarone Longarone, 1\u00b0 dicembre 2025 \u2013 La Giornata Europea del Gelato Artigianale \u00e8 pronta a tornare con una nuova edizione unica nel suo genere, che unisce due grandi simboli della cultura europea: l\u2019arte del gelato artigianale e la potenza espressiva della musica internazionale dell\u2019Eurovision Song Contest, che nel 2026 [&hellip;]<\/p>\n","protected":false},"author":2,"featured_media":165395,"comment_status":"closed","ping_status":"open","sticky":false,"template":"","format":"standard","meta":{"footnotes":""},"categories":[36],"tags":[],"class_list":["post-165394","post","type-post","status-publish","format-standard","has-post-thumbnail","category-lavoro-economia"],"yoast_head":"<!-- This site is optimized with the Yoast SEO plugin v28.4 - https:\/\/yoast.com\/product\/yoast-seo-wordpress\/ -->\n<title>Il Gelato Day incontra L&#039;Eurovision - Bellunopress - Dolomiti<\/title>\n<meta name=\"robots\" content=\"index, follow, max-snippet:-1, max-image-preview:large, max-video-preview:-1\" \/>\n<link rel=\"canonical\" href=\"https:\/\/www.bellunopress.it\/fr\/2025\/12\/01\/il-gelato-day-incontra-leurovision\/\" \/>\n<meta property=\"og:locale\" content=\"fr_FR\" \/>\n<meta property=\"og:type\" content=\"article\" \/>\n<meta property=\"og:title\" content=\"Il Gelato Day incontra L&#039;Eurovision - Bellunopress - Dolomiti\" \/>\n<meta property=\"og:description\" content=\"L&#8217;annuncio alla Mig Experience 2025 di Longarone Longarone, 1\u00b0 dicembre 2025 \u2013 La Giornata Europea del Gelato Artigianale \u00e8 pronta a tornare con una nuova edizione unica nel suo genere, che unisce due grandi simboli della cultura europea: l\u2019arte del gelato artigianale e la potenza espressiva della musica internazionale dell\u2019Eurovision Song Contest, che nel 2026 [&hellip;]\" \/>\n<meta property=\"og:url\" content=\"https:\/\/www.bellunopress.it\/fr\/2025\/12\/01\/il-gelato-day-incontra-leurovision\/\" \/>\n<meta property=\"og:site_name\" content=\"Bellunopress - Dolomiti\" \/>\n<meta property=\"article:publisher\" content=\"https:\/\/www.facebook.com\/profile.php?id=100008943462799\" \/>\n<meta property=\"article:published_time\" content=\"2025-12-01T15:34:48+00:00\" \/>\n<meta property=\"og:image\" content=\"https:\/\/www.bellunopress.it\/wp-content\/uploads\/2025\/12\/Gelato-Day_Artglace-Longarone.jpg\" \/>\n\t<meta property=\"og:image:width\" content=\"800\" \/>\n\t<meta property=\"og:image:height\" content=\"600\" \/>\n\t<meta property=\"og:image:type\" content=\"image\/jpeg\" \/>\n<meta name=\"author\" content=\"redazione\" \/>\n<meta name=\"twitter:card\" content=\"summary_large_image\" \/>\n<meta name=\"twitter:creator\" content=\"@bellunopress\" \/>\n<meta name=\"twitter:site\" content=\"@bellunopress\" \/>\n<meta name=\"twitter:label1\" content=\"\u00c9crit par\" \/>\n\t<meta name=\"twitter:data1\" content=\"redazione\" \/>\n\t<meta name=\"twitter:label2\" content=\"Dur\u00e9e de lecture estim\u00e9e\" \/>\n\t<meta name=\"twitter:data2\" content=\"4 minutes\" \/>\n<script type=\"application\/ld+json\" class=\"yoast-schema-graph\">{\"@context\":\"https:\\\/\\\/schema.org\",\"@graph\":[{\"@type\":\"Article\",\"@id\":\"https:\\\/\\\/www.bellunopress.it\\\/2025\\\/12\\\/01\\\/il-gelato-day-incontra-leurovision\\\/#article\",\"isPartOf\":{\"@id\":\"https:\\\/\\\/www.bellunopress.it\\\/2025\\\/12\\\/01\\\/il-gelato-day-incontra-leurovision\\\/\"},\"author\":{\"name\":\"redazione\",\"@id\":\"https:\\\/\\\/www.bellunopress.it\\\/#\\\/schema\\\/person\\\/79bb06722b37ece1c03d3e94beb30d73\"},\"headline\":\"Il Gelato Day incontra L&#8217;Eurovision\",\"datePublished\":\"2025-12-01T15:34:48+00:00\",\"mainEntityOfPage\":{\"@id\":\"https:\\\/\\\/www.bellunopress.it\\\/2025\\\/12\\\/01\\\/il-gelato-day-incontra-leurovision\\\/\"},\"wordCount\":875,\"publisher\":{\"@id\":\"https:\\\/\\\/www.bellunopress.it\\\/#organization\"},\"image\":{\"@id\":\"https:\\\/\\\/www.bellunopress.it\\\/2025\\\/12\\\/01\\\/il-gelato-day-incontra-leurovision\\\/#primaryimage\"},\"thumbnailUrl\":\"https:\\\/\\\/www.bellunopress.it\\\/wp-content\\\/uploads\\\/2025\\\/12\\\/Gelato-Day_Artglace-Longarone.jpg\",\"articleSection\":[\"Lavoro, Economia, Turismo\"],\"inLanguage\":\"fr-FR\"},{\"@type\":\"WebPage\",\"@id\":\"https:\\\/\\\/www.bellunopress.it\\\/2025\\\/12\\\/01\\\/il-gelato-day-incontra-leurovision\\\/\",\"url\":\"https:\\\/\\\/www.bellunopress.it\\\/2025\\\/12\\\/01\\\/il-gelato-day-incontra-leurovision\\\/\",\"name\":\"Il Gelato Day incontra L'Eurovision - Bellunopress - Dolomiti\",\"isPartOf\":{\"@id\":\"https:\\\/\\\/www.bellunopress.it\\\/#website\"},\"primaryImageOfPage\":{\"@id\":\"https:\\\/\\\/www.bellunopress.it\\\/2025\\\/12\\\/01\\\/il-gelato-day-incontra-leurovision\\\/#primaryimage\"},\"image\":{\"@id\":\"https:\\\/\\\/www.bellunopress.it\\\/2025\\\/12\\\/01\\\/il-gelato-day-incontra-leurovision\\\/#primaryimage\"},\"thumbnailUrl\":\"https:\\\/\\\/www.bellunopress.it\\\/wp-content\\\/uploads\\\/2025\\\/12\\\/Gelato-Day_Artglace-Longarone.jpg\",\"datePublished\":\"2025-12-01T15:34:48+00:00\",\"breadcrumb\":{\"@id\":\"https:\\\/\\\/www.bellunopress.it\\\/2025\\\/12\\\/01\\\/il-gelato-day-incontra-leurovision\\\/#breadcrumb\"},\"inLanguage\":\"fr-FR\",\"potentialAction\":[{\"@type\":\"ReadAction\",\"target\":[\"https:\\\/\\\/www.bellunopress.it\\\/2025\\\/12\\\/01\\\/il-gelato-day-incontra-leurovision\\\/\"]}]},{\"@type\":\"ImageObject\",\"inLanguage\":\"fr-FR\",\"@id\":\"https:\\\/\\\/www.bellunopress.it\\\/2025\\\/12\\\/01\\\/il-gelato-day-incontra-leurovision\\\/#primaryimage\",\"url\":\"https:\\\/\\\/www.bellunopress.it\\\/wp-content\\\/uploads\\\/2025\\\/12\\\/Gelato-Day_Artglace-Longarone.jpg\",\"contentUrl\":\"https:\\\/\\\/www.bellunopress.it\\\/wp-content\\\/uploads\\\/2025\\\/12\\\/Gelato-Day_Artglace-Longarone.jpg\",\"width\":800,\"height\":600},{\"@type\":\"BreadcrumbList\",\"@id\":\"https:\\\/\\\/www.bellunopress.it\\\/2025\\\/12\\\/01\\\/il-gelato-day-incontra-leurovision\\\/#breadcrumb\",\"itemListElement\":[{\"@type\":\"ListItem\",\"position\":1,\"name\":\"Home\",\"item\":\"https:\\\/\\\/www.bellunopress.it\\\/\"},{\"@type\":\"ListItem\",\"position\":2,\"name\":\"Il Gelato Day incontra L&#8217;Eurovision\"}]},{\"@type\":\"WebSite\",\"@id\":\"https:\\\/\\\/www.bellunopress.it\\\/#website\",\"url\":\"https:\\\/\\\/www.bellunopress.it\\\/\",\"name\":\"Bellunopress - Dolomiti\",\"description\":\"e-mail: redazione@bellunopress.it\",\"publisher\":{\"@id\":\"https:\\\/\\\/www.bellunopress.it\\\/#organization\"},\"potentialAction\":[{\"@type\":\"SearchAction\",\"target\":{\"@type\":\"EntryPoint\",\"urlTemplate\":\"https:\\\/\\\/www.bellunopress.it\\\/?s={search_term_string}\"},\"query-input\":{\"@type\":\"PropertyValueSpecification\",\"valueRequired\":true,\"valueName\":\"search_term_string\"}}],\"inLanguage\":\"fr-FR\"},{\"@type\":\"Organization\",\"@id\":\"https:\\\/\\\/www.bellunopress.it\\\/#organization\",\"name\":\"Bellunopress\",\"url\":\"https:\\\/\\\/www.bellunopress.it\\\/\",\"logo\":{\"@type\":\"ImageObject\",\"inLanguage\":\"fr-FR\",\"@id\":\"https:\\\/\\\/www.bellunopress.it\\\/#\\\/schema\\\/logo\\\/image\\\/\",\"url\":\"https:\\\/\\\/www.bellunopress.it\\\/wp-content\\\/uploads\\\/2011\\\/05\\\/cropped-logo-bellunopress-.jpg\",\"contentUrl\":\"https:\\\/\\\/www.bellunopress.it\\\/wp-content\\\/uploads\\\/2011\\\/05\\\/cropped-logo-bellunopress-.jpg\",\"width\":512,\"height\":512,\"caption\":\"Bellunopress\"},\"image\":{\"@id\":\"https:\\\/\\\/www.bellunopress.it\\\/#\\\/schema\\\/logo\\\/image\\\/\"},\"sameAs\":[\"https:\\\/\\\/www.facebook.com\\\/profile.php?id=100008943462799\",\"https:\\\/\\\/x.com\\\/bellunopress\",\"https:\\\/\\\/www.linkedin.com\\\/hp\\\/?dnr=JBzUWaJfMUw8vbXJJ2tVW5-I3jZKvC4wsoxE&amp;amp;amp;amp;amp;amp;trk=nav_responsive_tab_home\",\"https:\\\/\\\/www.youtube.com\\\/channel\\\/UCxL0wu1uN0_3_7hGG0306cw\"]},{\"@type\":\"Person\",\"@id\":\"https:\\\/\\\/www.bellunopress.it\\\/#\\\/schema\\\/person\\\/79bb06722b37ece1c03d3e94beb30d73\",\"name\":\"redazione\",\"image\":{\"@type\":\"ImageObject\",\"inLanguage\":\"fr-FR\",\"@id\":\"https:\\\/\\\/secure.gravatar.com\\\/avatar\\\/37d968a2e67a6fd04c169c4bdef102d0bc5d31b2546345219e348575eb80e9a0?s=96&d=mm&r=g\",\"url\":\"https:\\\/\\\/secure.gravatar.com\\\/avatar\\\/37d968a2e67a6fd04c169c4bdef102d0bc5d31b2546345219e348575eb80e9a0?s=96&d=mm&r=g\",\"contentUrl\":\"https:\\\/\\\/secure.gravatar.com\\\/avatar\\\/37d968a2e67a6fd04c169c4bdef102d0bc5d31b2546345219e348575eb80e9a0?s=96&d=mm&r=g\",\"caption\":\"redazione\"},\"sameAs\":[\"http:\\\/\\\/www.bellunopress.it\",\"https:\\\/\\\/x.com\\\/bellunopress\"],\"url\":\"https:\\\/\\\/www.bellunopress.it\\\/fr\\\/author\\\/redazione\\\/\"}]}<\/script>\n<!-- \/ Yoast SEO plugin. -->","yoast_head_json":{"title":"Il Gelato Day incontra L'Eurovision - Bellunopress - Dolomiti","robots":{"index":"index","follow":"follow","max-snippet":"max-snippet:-1","max-image-preview":"max-image-preview:large","max-video-preview":"max-video-preview:-1"},"canonical":"https:\/\/www.bellunopress.it\/fr\/2025\/12\/01\/il-gelato-day-incontra-leurovision\/","og_locale":"fr_FR","og_type":"article","og_title":"Il Gelato Day incontra L'Eurovision - Bellunopress - Dolomiti","og_description":"L&#8217;annuncio alla Mig Experience 2025 di Longarone Longarone, 1\u00b0 dicembre 2025 \u2013 La Giornata Europea del Gelato Artigianale \u00e8 pronta a tornare con una nuova edizione unica nel suo genere, che unisce due grandi simboli della cultura europea: l\u2019arte del gelato artigianale e la potenza espressiva della musica internazionale dell\u2019Eurovision Song Contest, che nel 2026 [&hellip;]","og_url":"https:\/\/www.bellunopress.it\/fr\/2025\/12\/01\/il-gelato-day-incontra-leurovision\/","og_site_name":"Bellunopress - Dolomiti","article_publisher":"https:\/\/www.facebook.com\/profile.php?id=100008943462799","article_published_time":"2025-12-01T15:34:48+00:00","og_image":[{"width":800,"height":600,"url":"https:\/\/www.bellunopress.it\/wp-content\/uploads\/2025\/12\/Gelato-Day_Artglace-Longarone.jpg","type":"image\/jpeg"}],"author":"redazione","twitter_card":"summary_large_image","twitter_creator":"@bellunopress","twitter_site":"@bellunopress","twitter_misc":{"\u00c9crit par":"redazione","Dur\u00e9e de lecture estim\u00e9e":"4 minutes"},"schema":{"@context":"https:\/\/schema.org","@graph":[{"@type":"Article","@id":"https:\/\/www.bellunopress.it\/2025\/12\/01\/il-gelato-day-incontra-leurovision\/#article","isPartOf":{"@id":"https:\/\/www.bellunopress.it\/2025\/12\/01\/il-gelato-day-incontra-leurovision\/"},"author":{"name":"redazione","@id":"https:\/\/www.bellunopress.it\/#\/schema\/person\/79bb06722b37ece1c03d3e94beb30d73"},"headline":"Il Gelato Day incontra L&#8217;Eurovision","datePublished":"2025-12-01T15:34:48+00:00","mainEntityOfPage":{"@id":"https:\/\/www.bellunopress.it\/2025\/12\/01\/il-gelato-day-incontra-leurovision\/"},"wordCount":875,"publisher":{"@id":"https:\/\/www.bellunopress.it\/#organization"},"image":{"@id":"https:\/\/www.bellunopress.it\/2025\/12\/01\/il-gelato-day-incontra-leurovision\/#primaryimage"},"thumbnailUrl":"https:\/\/www.bellunopress.it\/wp-content\/uploads\/2025\/12\/Gelato-Day_Artglace-Longarone.jpg","articleSection":["Lavoro, Economia, Turismo"],"inLanguage":"fr-FR"},{"@type":"WebPage","@id":"https:\/\/www.bellunopress.it\/2025\/12\/01\/il-gelato-day-incontra-leurovision\/","url":"https:\/\/www.bellunopress.it\/2025\/12\/01\/il-gelato-day-incontra-leurovision\/","name":"Il Gelato Day incontra L'Eurovision - Bellunopress - Dolomiti","isPartOf":{"@id":"https:\/\/www.bellunopress.it\/#website"},"primaryImageOfPage":{"@id":"https:\/\/www.bellunopress.it\/2025\/12\/01\/il-gelato-day-incontra-leurovision\/#primaryimage"},"image":{"@id":"https:\/\/www.bellunopress.it\/2025\/12\/01\/il-gelato-day-incontra-leurovision\/#primaryimage"},"thumbnailUrl":"https:\/\/www.bellunopress.it\/wp-content\/uploads\/2025\/12\/Gelato-Day_Artglace-Longarone.jpg","datePublished":"2025-12-01T15:34:48+00:00","breadcrumb":{"@id":"https:\/\/www.bellunopress.it\/2025\/12\/01\/il-gelato-day-incontra-leurovision\/#breadcrumb"},"inLanguage":"fr-FR","potentialAction":[{"@type":"ReadAction","target":["https:\/\/www.bellunopress.it\/2025\/12\/01\/il-gelato-day-incontra-leurovision\/"]}]},{"@type":"ImageObject","inLanguage":"fr-FR","@id":"https:\/\/www.bellunopress.it\/2025\/12\/01\/il-gelato-day-incontra-leurovision\/#primaryimage","url":"https:\/\/www.bellunopress.it\/wp-content\/uploads\/2025\/12\/Gelato-Day_Artglace-Longarone.jpg","contentUrl":"https:\/\/www.bellunopress.it\/wp-content\/uploads\/2025\/12\/Gelato-Day_Artglace-Longarone.jpg","width":800,"height":600},{"@type":"BreadcrumbList","@id":"https:\/\/www.bellunopress.it\/2025\/12\/01\/il-gelato-day-incontra-leurovision\/#breadcrumb","itemListElement":[{"@type":"ListItem","position":1,"name":"Home","item":"https:\/\/www.bellunopress.it\/"},{"@type":"ListItem","position":2,"name":"Il Gelato Day incontra L&#8217;Eurovision"}]},{"@type":"WebSite","@id":"https:\/\/www.bellunopress.it\/#website","url":"https:\/\/www.bellunopress.it\/","name":"Bellunopress - Dolomiti","description":"e-mail: redazione@bellunopress.it","publisher":{"@id":"https:\/\/www.bellunopress.it\/#organization"},"potentialAction":[{"@type":"SearchAction","target":{"@type":"EntryPoint","urlTemplate":"https:\/\/www.bellunopress.it\/?s={search_term_string}"},"query-input":{"@type":"PropertyValueSpecification","valueRequired":true,"valueName":"search_term_string"}}],"inLanguage":"fr-FR"},{"@type":"Organization","@id":"https:\/\/www.bellunopress.it\/#organization","name":"Bellunopress","url":"https:\/\/www.bellunopress.it\/","logo":{"@type":"ImageObject","inLanguage":"fr-FR","@id":"https:\/\/www.bellunopress.it\/#\/schema\/logo\/image\/","url":"https:\/\/www.bellunopress.it\/wp-content\/uploads\/2011\/05\/cropped-logo-bellunopress-.jpg","contentUrl":"https:\/\/www.bellunopress.it\/wp-content\/uploads\/2011\/05\/cropped-logo-bellunopress-.jpg","width":512,"height":512,"caption":"Bellunopress"},"image":{"@id":"https:\/\/www.bellunopress.it\/#\/schema\/logo\/image\/"},"sameAs":["https:\/\/www.facebook.com\/profile.php?id=100008943462799","https:\/\/x.com\/bellunopress","https:\/\/www.linkedin.com\/hp\/?dnr=JBzUWaJfMUw8vbXJJ2tVW5-I3jZKvC4wsoxE&amp;amp;amp;amp;amp;amp;trk=nav_responsive_tab_home","https:\/\/www.youtube.com\/channel\/UCxL0wu1uN0_3_7hGG0306cw"]},{"@type":"Person","@id":"https:\/\/www.bellunopress.it\/#\/schema\/person\/79bb06722b37ece1c03d3e94beb30d73","name":"r\u00e9daction","image":{"@type":"ImageObject","inLanguage":"fr-FR","@id":"https:\/\/secure.gravatar.com\/avatar\/37d968a2e67a6fd04c169c4bdef102d0bc5d31b2546345219e348575eb80e9a0?s=96&d=mm&r=g","url":"https:\/\/secure.gravatar.com\/avatar\/37d968a2e67a6fd04c169c4bdef102d0bc5d31b2546345219e348575eb80e9a0?s=96&d=mm&r=g","contentUrl":"https:\/\/secure.gravatar.com\/avatar\/37d968a2e67a6fd04c169c4bdef102d0bc5d31b2546345219e348575eb80e9a0?s=96&d=mm&r=g","caption":"redazione"},"sameAs":["http:\/\/www.bellunopress.it","https:\/\/x.com\/bellunopress"],"url":"https:\/\/www.bellunopress.it\/fr\/author\/redazione\/"}]}},"_links":{"self":[{"href":"https:\/\/www.bellunopress.it\/fr\/wp-json\/wp\/v2\/posts\/165394","targetHints":{"allow":["GET"]}}],"collection":[{"href":"https:\/\/www.bellunopress.it\/fr\/wp-json\/wp\/v2\/posts"}],"about":[{"href":"https:\/\/www.bellunopress.it\/fr\/wp-json\/wp\/v2\/types\/post"}],"author":[{"embeddable":true,"href":"https:\/\/www.bellunopress.it\/fr\/wp-json\/wp\/v2\/users\/2"}],"replies":[{"embeddable":true,"href":"https:\/\/www.bellunopress.it\/fr\/wp-json\/wp\/v2\/comments?post=165394"}],"version-history":[{"count":1,"href":"https:\/\/www.bellunopress.it\/fr\/wp-json\/wp\/v2\/posts\/165394\/revisions"}],"predecessor-version":[{"id":165396,"href":"https:\/\/www.bellunopress.it\/fr\/wp-json\/wp\/v2\/posts\/165394\/revisions\/165396"}],"wp:featuredmedia":[{"embeddable":true,"href":"https:\/\/www.bellunopress.it\/fr\/wp-json\/wp\/v2\/media\/165395"}],"wp:attachment":[{"href":"https:\/\/www.bellunopress.it\/fr\/wp-json\/wp\/v2\/media?parent=165394"}],"wp:term":[{"taxonomy":"category","embeddable":true,"href":"https:\/\/www.bellunopress.it\/fr\/wp-json\/wp\/v2\/categories?post=165394"},{"taxonomy":"post_tag","embeddable":true,"href":"https:\/\/www.bellunopress.it\/fr\/wp-json\/wp\/v2\/tags?post=165394"}],"curies":[{"name":"wp","href":"https:\/\/api.w.org\/{rel}","templated":true}]}}