{"id":165391,"date":"2025-12-01T16:27:49","date_gmt":"2025-12-01T15:27:49","guid":{"rendered":"https:\/\/www.bellunopress.it\/?p=165391"},"modified":"2025-12-01T16:27:49","modified_gmt":"2025-12-01T15:27:49","slug":"premiate-le-classi-4bg-e-4ag-del-catullo-al-salone-job-orienta-di-verona","status":"publish","type":"post","link":"https:\/\/www.bellunopress.it\/fr\/2025\/12\/01\/premiate-le-classi-4bg-e-4ag-del-catullo-al-salone-job-orienta-di-verona\/","title":{"rendered":"Premiate le classi 4BG e 4AG del Catullo al Salone Job Orienta di Verona"},"content":{"rendered":"<figure id=\"attachment_165392\" aria-describedby=\"caption-attachment-165392\" style=\"width: 500px\" class=\"wp-caption alignleft\"><img loading=\"lazy\" decoding=\"async\" class=\"size-medium wp-image-165392\" src=\"https:\/\/www.bellunopress.it\/wp-content\/uploads\/2025\/12\/Gruppo-Catullo-premiato-Salone-Job-Orienta-di-Verona--500x284.jpg\" alt=\"\" width=\"500\" height=\"284\" srcset=\"https:\/\/www.bellunopress.it\/wp-content\/uploads\/2025\/12\/Gruppo-Catullo-premiato-Salone-Job-Orienta-di-Verona--500x284.jpg 500w, https:\/\/www.bellunopress.it\/wp-content\/uploads\/2025\/12\/Gruppo-Catullo-premiato-Salone-Job-Orienta-di-Verona--738x420.jpg 738w, https:\/\/www.bellunopress.it\/wp-content\/uploads\/2025\/12\/Gruppo-Catullo-premiato-Salone-Job-Orienta-di-Verona--696x396.jpg 696w, https:\/\/www.bellunopress.it\/wp-content\/uploads\/2025\/12\/Gruppo-Catullo-premiato-Salone-Job-Orienta-di-Verona-.jpg 800w\" sizes=\"auto, (max-width: 500px) 100vw, 500px\" \/><figcaption id=\"caption-attachment-165392\" class=\"wp-caption-text\">Gruppo Catullo premiato Salone Job Orienta di Verona<\/figcaption><\/figure>\n<p>Le classi 4BG E 4AG dell\u2019Istituto \u201cCatullo\u201d di Belluno sono state premiate a Verona, al salone Job Orienta, all\u2019interno di un concorso promosso dalle Camere di commercio di Mantova, Treviso-Belluno, Verona e Vicenza.<\/p>\n<p>Il progetto dal titolo \u201cGiovani Protagonisti \u2013 Buone pratiche territoriali\u201d sostenuto da Fondazione Cariverona, si \u00e8 sviluppato in un Hackathon dal titolo \u201cEconomia Circolare: Conosci, Comunica e Cambia\u201d. L\u2019evento si \u00e8 strutturato in tre fasi: la prima su una piattaforma e-learning, con attivit\u00e0 di approfondimento e di produzione dedicate al tema dell\u2019Economia Circolare; la seconda con la realizzazione di un video su un tema legato all\u2019Economia Circolare; la terza incentrata sullo sviluppo di un\u2019attivit\u00e0 finalizzata a raccogliere e diffondere le idee imprenditoriali su proposte concrete e realizzabili, in grado di promuovere il cambiamento verso la sostenibilit\u00e0 ambientale.<\/p>\n<p>L\u2019importante lavoro di rete tra PromoImpresa \u2013 Borsa Merci, Rete Alternanza\/PCTO e LTO Mantova ha permesso di accompagnare gli studenti coinvolti verso la certificazione delle competenze promossa da Unioncamere e dal Sistema Camerale.<br \/>\nL\u2019iniziativa si inserisce nella recente attivazione da parte della Commissione europea di \u201cGreenComp. The European sustainability competence framework\u201d. L\u2019obiettivo di GreenComp \u00e8 promuovere una mentalit\u00e0 orientata alla sostenibilit\u00e0, aiutando gli utenti a sviluppare conoscenze, capacit\u00e0 e attitudini a pensare, pianificare e agire con empatia, responsabilit\u00e0 e cura per il nostro pianeta.<\/p>\n<p>Tre gruppi delle due classi sono risultati vincitori della fase provinciale, aggiudicandosi complessivamente un premio di euro 2000,00.<\/p>\n<p>Primo posto: Agnese Morgan, Arianna Colle, Alessia Canzan e Greta D\u2019Inc\u00e0.<br \/>\nSecondo posto: Giada Fontanarosa, Federico Dal Santo, Davide Epifani, Matilde Paniz e Chiara Resca.<br \/>\nTerzo posto: Nicol\u00f2 Dal Col, Elisa Gatto, Veronica Gentilin, Giada Limana e Giorgia Zerbinati.<\/p>\n<p>I tre gruppi hanno poi partecipato alla fase regionale ed il gruppo della classe 4BG composto dagli studenti Agnese Morgan, Arianna Colle, Alessia Canzan e Greta D\u2019Inc\u00e0, si \u00e8 aggiudicato il secondo posto con il progetto: \u201cScarta e Pianta\u201d.<br \/>\nTale progetto vuole trasformare la carta da regalo in un\u2019 esperienza sostenibile: una volta scartato il regalo, la carta si pianta e si trasforma in fiori, erbe o piante. Si tratta di carta realizzata a mano con materiali riciclati e biodegradabili; contiene semi selezionati adatti alla crescita in vaso o in giardino e pu\u00f2 essere usata anche per biglietti d\u2019auguri, etichette o confezioni.<\/p>","protected":false},"excerpt":{"rendered":"<p>Le classi 4BG E 4AG dell\u2019Istituto \u201cCatullo\u201d di Belluno sono state premiate a Verona, al salone Job Orienta, all\u2019interno di un concorso promosso dalle Camere di commercio di Mantova, Treviso-Belluno, Verona e Vicenza. Il progetto dal titolo \u201cGiovani Protagonisti \u2013 Buone pratiche territoriali\u201d sostenuto da Fondazione Cariverona, si \u00e8 sviluppato in un Hackathon dal titolo [&hellip;]<\/p>\n","protected":false},"author":2,"featured_media":165392,"comment_status":"closed","ping_status":"open","sticky":false,"template":"","format":"standard","meta":{"footnotes":""},"categories":[26,15],"tags":[],"class_list":["post-165391","post","type-post","status-publish","format-standard","has-post-thumbnail","category-prima-pagina","category-scuola"],"yoast_head":"<!-- This site is optimized with the Yoast SEO plugin v28.4 - https:\/\/yoast.com\/product\/yoast-seo-wordpress\/ -->\n<title>Premiate le classi 4BG e 4AG del Catullo al Salone Job Orienta di Verona - Bellunopress - Dolomiti<\/title>\n<meta name=\"robots\" content=\"index, follow, max-snippet:-1, max-image-preview:large, max-video-preview:-1\" \/>\n<link rel=\"canonical\" href=\"https:\/\/www.bellunopress.it\/fr\/2025\/12\/01\/premiate-le-classi-4bg-e-4ag-del-catullo-al-salone-job-orienta-di-verona\/\" \/>\n<meta property=\"og:locale\" content=\"fr_FR\" \/>\n<meta property=\"og:type\" content=\"article\" \/>\n<meta property=\"og:title\" content=\"Premiate le classi 4BG e 4AG del Catullo al Salone Job Orienta di Verona - Bellunopress - Dolomiti\" \/>\n<meta property=\"og:description\" content=\"Le classi 4BG E 4AG dell\u2019Istituto \u201cCatullo\u201d di Belluno sono state premiate a Verona, al salone Job Orienta, all\u2019interno di un concorso promosso dalle Camere di commercio di Mantova, Treviso-Belluno, Verona e Vicenza. Il progetto dal titolo \u201cGiovani Protagonisti \u2013 Buone pratiche territoriali\u201d sostenuto da Fondazione Cariverona, si \u00e8 sviluppato in un Hackathon dal titolo [&hellip;]\" \/>\n<meta property=\"og:url\" content=\"https:\/\/www.bellunopress.it\/fr\/2025\/12\/01\/premiate-le-classi-4bg-e-4ag-del-catullo-al-salone-job-orienta-di-verona\/\" \/>\n<meta property=\"og:site_name\" content=\"Bellunopress - Dolomiti\" \/>\n<meta property=\"article:publisher\" content=\"https:\/\/www.facebook.com\/profile.php?id=100008943462799\" \/>\n<meta property=\"article:published_time\" content=\"2025-12-01T15:27:49+00:00\" \/>\n<meta property=\"og:image\" content=\"https:\/\/www.bellunopress.it\/wp-content\/uploads\/2025\/12\/Gruppo-Catullo-premiato-Salone-Job-Orienta-di-Verona-.jpg\" \/>\n\t<meta property=\"og:image:width\" content=\"800\" \/>\n\t<meta property=\"og:image:height\" content=\"455\" \/>\n\t<meta property=\"og:image:type\" content=\"image\/jpeg\" \/>\n<meta name=\"author\" content=\"redazione\" \/>\n<meta name=\"twitter:card\" content=\"summary_large_image\" \/>\n<meta name=\"twitter:creator\" content=\"@bellunopress\" \/>\n<meta name=\"twitter:site\" content=\"@bellunopress\" \/>\n<meta name=\"twitter:label1\" content=\"\u00c9crit par\" \/>\n\t<meta name=\"twitter:data1\" content=\"redazione\" \/>\n\t<meta name=\"twitter:label2\" content=\"Dur\u00e9e de lecture estim\u00e9e\" \/>\n\t<meta name=\"twitter:data2\" content=\"2 minutes\" \/>\n<script type=\"application\/ld+json\" class=\"yoast-schema-graph\">{\"@context\":\"https:\\\/\\\/schema.org\",\"@graph\":[{\"@type\":\"Article\",\"@id\":\"https:\\\/\\\/www.bellunopress.it\\\/2025\\\/12\\\/01\\\/premiate-le-classi-4bg-e-4ag-del-catullo-al-salone-job-orienta-di-verona\\\/#article\",\"isPartOf\":{\"@id\":\"https:\\\/\\\/www.bellunopress.it\\\/2025\\\/12\\\/01\\\/premiate-le-classi-4bg-e-4ag-del-catullo-al-salone-job-orienta-di-verona\\\/\"},\"author\":{\"name\":\"redazione\",\"@id\":\"https:\\\/\\\/www.bellunopress.it\\\/#\\\/schema\\\/person\\\/79bb06722b37ece1c03d3e94beb30d73\"},\"headline\":\"Premiate le classi 4BG e 4AG del Catullo al Salone Job Orienta di Verona\",\"datePublished\":\"2025-12-01T15:27:49+00:00\",\"mainEntityOfPage\":{\"@id\":\"https:\\\/\\\/www.bellunopress.it\\\/2025\\\/12\\\/01\\\/premiate-le-classi-4bg-e-4ag-del-catullo-al-salone-job-orienta-di-verona\\\/\"},\"wordCount\":408,\"publisher\":{\"@id\":\"https:\\\/\\\/www.bellunopress.it\\\/#organization\"},\"image\":{\"@id\":\"https:\\\/\\\/www.bellunopress.it\\\/2025\\\/12\\\/01\\\/premiate-le-classi-4bg-e-4ag-del-catullo-al-salone-job-orienta-di-verona\\\/#primaryimage\"},\"thumbnailUrl\":\"https:\\\/\\\/www.bellunopress.it\\\/wp-content\\\/uploads\\\/2025\\\/12\\\/Gruppo-Catullo-premiato-Salone-Job-Orienta-di-Verona-.jpg\",\"articleSection\":[\"Prima Pagina\",\"Scuola\"],\"inLanguage\":\"fr-FR\"},{\"@type\":\"WebPage\",\"@id\":\"https:\\\/\\\/www.bellunopress.it\\\/2025\\\/12\\\/01\\\/premiate-le-classi-4bg-e-4ag-del-catullo-al-salone-job-orienta-di-verona\\\/\",\"url\":\"https:\\\/\\\/www.bellunopress.it\\\/2025\\\/12\\\/01\\\/premiate-le-classi-4bg-e-4ag-del-catullo-al-salone-job-orienta-di-verona\\\/\",\"name\":\"Premiate le classi 4BG e 4AG del Catullo al Salone Job Orienta di Verona - Bellunopress - Dolomiti\",\"isPartOf\":{\"@id\":\"https:\\\/\\\/www.bellunopress.it\\\/#website\"},\"primaryImageOfPage\":{\"@id\":\"https:\\\/\\\/www.bellunopress.it\\\/2025\\\/12\\\/01\\\/premiate-le-classi-4bg-e-4ag-del-catullo-al-salone-job-orienta-di-verona\\\/#primaryimage\"},\"image\":{\"@id\":\"https:\\\/\\\/www.bellunopress.it\\\/2025\\\/12\\\/01\\\/premiate-le-classi-4bg-e-4ag-del-catullo-al-salone-job-orienta-di-verona\\\/#primaryimage\"},\"thumbnailUrl\":\"https:\\\/\\\/www.bellunopress.it\\\/wp-content\\\/uploads\\\/2025\\\/12\\\/Gruppo-Catullo-premiato-Salone-Job-Orienta-di-Verona-.jpg\",\"datePublished\":\"2025-12-01T15:27:49+00:00\",\"breadcrumb\":{\"@id\":\"https:\\\/\\\/www.bellunopress.it\\\/2025\\\/12\\\/01\\\/premiate-le-classi-4bg-e-4ag-del-catullo-al-salone-job-orienta-di-verona\\\/#breadcrumb\"},\"inLanguage\":\"fr-FR\",\"potentialAction\":[{\"@type\":\"ReadAction\",\"target\":[\"https:\\\/\\\/www.bellunopress.it\\\/2025\\\/12\\\/01\\\/premiate-le-classi-4bg-e-4ag-del-catullo-al-salone-job-orienta-di-verona\\\/\"]}]},{\"@type\":\"ImageObject\",\"inLanguage\":\"fr-FR\",\"@id\":\"https:\\\/\\\/www.bellunopress.it\\\/2025\\\/12\\\/01\\\/premiate-le-classi-4bg-e-4ag-del-catullo-al-salone-job-orienta-di-verona\\\/#primaryimage\",\"url\":\"https:\\\/\\\/www.bellunopress.it\\\/wp-content\\\/uploads\\\/2025\\\/12\\\/Gruppo-Catullo-premiato-Salone-Job-Orienta-di-Verona-.jpg\",\"contentUrl\":\"https:\\\/\\\/www.bellunopress.it\\\/wp-content\\\/uploads\\\/2025\\\/12\\\/Gruppo-Catullo-premiato-Salone-Job-Orienta-di-Verona-.jpg\",\"width\":800,\"height\":455,\"caption\":\"Gruppo Catullo premiato Salone Job Orienta di Verona\"},{\"@type\":\"BreadcrumbList\",\"@id\":\"https:\\\/\\\/www.bellunopress.it\\\/2025\\\/12\\\/01\\\/premiate-le-classi-4bg-e-4ag-del-catullo-al-salone-job-orienta-di-verona\\\/#breadcrumb\",\"itemListElement\":[{\"@type\":\"ListItem\",\"position\":1,\"name\":\"Home\",\"item\":\"https:\\\/\\\/www.bellunopress.it\\\/\"},{\"@type\":\"ListItem\",\"position\":2,\"name\":\"Premiate le classi 4BG e 4AG del Catullo al Salone Job Orienta di Verona\"}]},{\"@type\":\"WebSite\",\"@id\":\"https:\\\/\\\/www.bellunopress.it\\\/#website\",\"url\":\"https:\\\/\\\/www.bellunopress.it\\\/\",\"name\":\"Bellunopress - Dolomiti\",\"description\":\"e-mail: redazione@bellunopress.it\",\"publisher\":{\"@id\":\"https:\\\/\\\/www.bellunopress.it\\\/#organization\"},\"potentialAction\":[{\"@type\":\"SearchAction\",\"target\":{\"@type\":\"EntryPoint\",\"urlTemplate\":\"https:\\\/\\\/www.bellunopress.it\\\/?s={search_term_string}\"},\"query-input\":{\"@type\":\"PropertyValueSpecification\",\"valueRequired\":true,\"valueName\":\"search_term_string\"}}],\"inLanguage\":\"fr-FR\"},{\"@type\":\"Organization\",\"@id\":\"https:\\\/\\\/www.bellunopress.it\\\/#organization\",\"name\":\"Bellunopress\",\"url\":\"https:\\\/\\\/www.bellunopress.it\\\/\",\"logo\":{\"@type\":\"ImageObject\",\"inLanguage\":\"fr-FR\",\"@id\":\"https:\\\/\\\/www.bellunopress.it\\\/#\\\/schema\\\/logo\\\/image\\\/\",\"url\":\"https:\\\/\\\/www.bellunopress.it\\\/wp-content\\\/uploads\\\/2011\\\/05\\\/cropped-logo-bellunopress-.jpg\",\"contentUrl\":\"https:\\\/\\\/www.bellunopress.it\\\/wp-content\\\/uploads\\\/2011\\\/05\\\/cropped-logo-bellunopress-.jpg\",\"width\":512,\"height\":512,\"caption\":\"Bellunopress\"},\"image\":{\"@id\":\"https:\\\/\\\/www.bellunopress.it\\\/#\\\/schema\\\/logo\\\/image\\\/\"},\"sameAs\":[\"https:\\\/\\\/www.facebook.com\\\/profile.php?id=100008943462799\",\"https:\\\/\\\/x.com\\\/bellunopress\",\"https:\\\/\\\/www.linkedin.com\\\/hp\\\/?dnr=JBzUWaJfMUw8vbXJJ2tVW5-I3jZKvC4wsoxE&amp;amp;amp;amp;amp;amp;trk=nav_responsive_tab_home\",\"https:\\\/\\\/www.youtube.com\\\/channel\\\/UCxL0wu1uN0_3_7hGG0306cw\"]},{\"@type\":\"Person\",\"@id\":\"https:\\\/\\\/www.bellunopress.it\\\/#\\\/schema\\\/person\\\/79bb06722b37ece1c03d3e94beb30d73\",\"name\":\"redazione\",\"image\":{\"@type\":\"ImageObject\",\"inLanguage\":\"fr-FR\",\"@id\":\"https:\\\/\\\/secure.gravatar.com\\\/avatar\\\/37d968a2e67a6fd04c169c4bdef102d0bc5d31b2546345219e348575eb80e9a0?s=96&d=mm&r=g\",\"url\":\"https:\\\/\\\/secure.gravatar.com\\\/avatar\\\/37d968a2e67a6fd04c169c4bdef102d0bc5d31b2546345219e348575eb80e9a0?s=96&d=mm&r=g\",\"contentUrl\":\"https:\\\/\\\/secure.gravatar.com\\\/avatar\\\/37d968a2e67a6fd04c169c4bdef102d0bc5d31b2546345219e348575eb80e9a0?s=96&d=mm&r=g\",\"caption\":\"redazione\"},\"sameAs\":[\"http:\\\/\\\/www.bellunopress.it\",\"https:\\\/\\\/x.com\\\/bellunopress\"],\"url\":\"https:\\\/\\\/www.bellunopress.it\\\/fr\\\/author\\\/redazione\\\/\"}]}<\/script>\n<!-- \/ Yoast SEO plugin. -->","yoast_head_json":{"title":"Premiate le classi 4BG e 4AG del Catullo al Salone Job Orienta di Verona - Bellunopress - Dolomiti","robots":{"index":"index","follow":"follow","max-snippet":"max-snippet:-1","max-image-preview":"max-image-preview:large","max-video-preview":"max-video-preview:-1"},"canonical":"https:\/\/www.bellunopress.it\/fr\/2025\/12\/01\/premiate-le-classi-4bg-e-4ag-del-catullo-al-salone-job-orienta-di-verona\/","og_locale":"fr_FR","og_type":"article","og_title":"Premiate le classi 4BG e 4AG del Catullo al Salone Job Orienta di Verona - Bellunopress - Dolomiti","og_description":"Le classi 4BG E 4AG dell\u2019Istituto \u201cCatullo\u201d di Belluno sono state premiate a Verona, al salone Job Orienta, all\u2019interno di un concorso promosso dalle Camere di commercio di Mantova, Treviso-Belluno, Verona e Vicenza. Il progetto dal titolo \u201cGiovani Protagonisti \u2013 Buone pratiche territoriali\u201d sostenuto da Fondazione Cariverona, si \u00e8 sviluppato in un Hackathon dal titolo [&hellip;]","og_url":"https:\/\/www.bellunopress.it\/fr\/2025\/12\/01\/premiate-le-classi-4bg-e-4ag-del-catullo-al-salone-job-orienta-di-verona\/","og_site_name":"Bellunopress - Dolomiti","article_publisher":"https:\/\/www.facebook.com\/profile.php?id=100008943462799","article_published_time":"2025-12-01T15:27:49+00:00","og_image":[{"width":800,"height":455,"url":"https:\/\/www.bellunopress.it\/wp-content\/uploads\/2025\/12\/Gruppo-Catullo-premiato-Salone-Job-Orienta-di-Verona-.jpg","type":"image\/jpeg"}],"author":"redazione","twitter_card":"summary_large_image","twitter_creator":"@bellunopress","twitter_site":"@bellunopress","twitter_misc":{"\u00c9crit par":"redazione","Dur\u00e9e de lecture estim\u00e9e":"2 minutes"},"schema":{"@context":"https:\/\/schema.org","@graph":[{"@type":"Article","@id":"https:\/\/www.bellunopress.it\/2025\/12\/01\/premiate-le-classi-4bg-e-4ag-del-catullo-al-salone-job-orienta-di-verona\/#article","isPartOf":{"@id":"https:\/\/www.bellunopress.it\/2025\/12\/01\/premiate-le-classi-4bg-e-4ag-del-catullo-al-salone-job-orienta-di-verona\/"},"author":{"name":"redazione","@id":"https:\/\/www.bellunopress.it\/#\/schema\/person\/79bb06722b37ece1c03d3e94beb30d73"},"headline":"Premiate le classi 4BG e 4AG del Catullo al Salone Job Orienta di Verona","datePublished":"2025-12-01T15:27:49+00:00","mainEntityOfPage":{"@id":"https:\/\/www.bellunopress.it\/2025\/12\/01\/premiate-le-classi-4bg-e-4ag-del-catullo-al-salone-job-orienta-di-verona\/"},"wordCount":408,"publisher":{"@id":"https:\/\/www.bellunopress.it\/#organization"},"image":{"@id":"https:\/\/www.bellunopress.it\/2025\/12\/01\/premiate-le-classi-4bg-e-4ag-del-catullo-al-salone-job-orienta-di-verona\/#primaryimage"},"thumbnailUrl":"https:\/\/www.bellunopress.it\/wp-content\/uploads\/2025\/12\/Gruppo-Catullo-premiato-Salone-Job-Orienta-di-Verona-.jpg","articleSection":["Prima Pagina","Scuola"],"inLanguage":"fr-FR"},{"@type":"WebPage","@id":"https:\/\/www.bellunopress.it\/2025\/12\/01\/premiate-le-classi-4bg-e-4ag-del-catullo-al-salone-job-orienta-di-verona\/","url":"https:\/\/www.bellunopress.it\/2025\/12\/01\/premiate-le-classi-4bg-e-4ag-del-catullo-al-salone-job-orienta-di-verona\/","name":"Premiate le classi 4BG e 4AG del Catullo al Salone Job Orienta di Verona - Bellunopress - Dolomiti","isPartOf":{"@id":"https:\/\/www.bellunopress.it\/#website"},"primaryImageOfPage":{"@id":"https:\/\/www.bellunopress.it\/2025\/12\/01\/premiate-le-classi-4bg-e-4ag-del-catullo-al-salone-job-orienta-di-verona\/#primaryimage"},"image":{"@id":"https:\/\/www.bellunopress.it\/2025\/12\/01\/premiate-le-classi-4bg-e-4ag-del-catullo-al-salone-job-orienta-di-verona\/#primaryimage"},"thumbnailUrl":"https:\/\/www.bellunopress.it\/wp-content\/uploads\/2025\/12\/Gruppo-Catullo-premiato-Salone-Job-Orienta-di-Verona-.jpg","datePublished":"2025-12-01T15:27:49+00:00","breadcrumb":{"@id":"https:\/\/www.bellunopress.it\/2025\/12\/01\/premiate-le-classi-4bg-e-4ag-del-catullo-al-salone-job-orienta-di-verona\/#breadcrumb"},"inLanguage":"fr-FR","potentialAction":[{"@type":"ReadAction","target":["https:\/\/www.bellunopress.it\/2025\/12\/01\/premiate-le-classi-4bg-e-4ag-del-catullo-al-salone-job-orienta-di-verona\/"]}]},{"@type":"ImageObject","inLanguage":"fr-FR","@id":"https:\/\/www.bellunopress.it\/2025\/12\/01\/premiate-le-classi-4bg-e-4ag-del-catullo-al-salone-job-orienta-di-verona\/#primaryimage","url":"https:\/\/www.bellunopress.it\/wp-content\/uploads\/2025\/12\/Gruppo-Catullo-premiato-Salone-Job-Orienta-di-Verona-.jpg","contentUrl":"https:\/\/www.bellunopress.it\/wp-content\/uploads\/2025\/12\/Gruppo-Catullo-premiato-Salone-Job-Orienta-di-Verona-.jpg","width":800,"height":455,"caption":"Gruppo Catullo premiato Salone Job Orienta di Verona"},{"@type":"BreadcrumbList","@id":"https:\/\/www.bellunopress.it\/2025\/12\/01\/premiate-le-classi-4bg-e-4ag-del-catullo-al-salone-job-orienta-di-verona\/#breadcrumb","itemListElement":[{"@type":"ListItem","position":1,"name":"Home","item":"https:\/\/www.bellunopress.it\/"},{"@type":"ListItem","position":2,"name":"Premiate le classi 4BG e 4AG del Catullo al Salone Job Orienta di Verona"}]},{"@type":"WebSite","@id":"https:\/\/www.bellunopress.it\/#website","url":"https:\/\/www.bellunopress.it\/","name":"Bellunopress - Dolomiti","description":"e-mail: redazione@bellunopress.it","publisher":{"@id":"https:\/\/www.bellunopress.it\/#organization"},"potentialAction":[{"@type":"SearchAction","target":{"@type":"EntryPoint","urlTemplate":"https:\/\/www.bellunopress.it\/?s={search_term_string}"},"query-input":{"@type":"PropertyValueSpecification","valueRequired":true,"valueName":"search_term_string"}}],"inLanguage":"fr-FR"},{"@type":"Organization","@id":"https:\/\/www.bellunopress.it\/#organization","name":"Bellunopress","url":"https:\/\/www.bellunopress.it\/","logo":{"@type":"ImageObject","inLanguage":"fr-FR","@id":"https:\/\/www.bellunopress.it\/#\/schema\/logo\/image\/","url":"https:\/\/www.bellunopress.it\/wp-content\/uploads\/2011\/05\/cropped-logo-bellunopress-.jpg","contentUrl":"https:\/\/www.bellunopress.it\/wp-content\/uploads\/2011\/05\/cropped-logo-bellunopress-.jpg","width":512,"height":512,"caption":"Bellunopress"},"image":{"@id":"https:\/\/www.bellunopress.it\/#\/schema\/logo\/image\/"},"sameAs":["https:\/\/www.facebook.com\/profile.php?id=100008943462799","https:\/\/x.com\/bellunopress","https:\/\/www.linkedin.com\/hp\/?dnr=JBzUWaJfMUw8vbXJJ2tVW5-I3jZKvC4wsoxE&amp;amp;amp;amp;amp;amp;trk=nav_responsive_tab_home","https:\/\/www.youtube.com\/channel\/UCxL0wu1uN0_3_7hGG0306cw"]},{"@type":"Person","@id":"https:\/\/www.bellunopress.it\/#\/schema\/person\/79bb06722b37ece1c03d3e94beb30d73","name":"r\u00e9daction","image":{"@type":"ImageObject","inLanguage":"fr-FR","@id":"https:\/\/secure.gravatar.com\/avatar\/37d968a2e67a6fd04c169c4bdef102d0bc5d31b2546345219e348575eb80e9a0?s=96&d=mm&r=g","url":"https:\/\/secure.gravatar.com\/avatar\/37d968a2e67a6fd04c169c4bdef102d0bc5d31b2546345219e348575eb80e9a0?s=96&d=mm&r=g","contentUrl":"https:\/\/secure.gravatar.com\/avatar\/37d968a2e67a6fd04c169c4bdef102d0bc5d31b2546345219e348575eb80e9a0?s=96&d=mm&r=g","caption":"redazione"},"sameAs":["http:\/\/www.bellunopress.it","https:\/\/x.com\/bellunopress"],"url":"https:\/\/www.bellunopress.it\/fr\/author\/redazione\/"}]}},"_links":{"self":[{"href":"https:\/\/www.bellunopress.it\/fr\/wp-json\/wp\/v2\/posts\/165391","targetHints":{"allow":["GET"]}}],"collection":[{"href":"https:\/\/www.bellunopress.it\/fr\/wp-json\/wp\/v2\/posts"}],"about":[{"href":"https:\/\/www.bellunopress.it\/fr\/wp-json\/wp\/v2\/types\/post"}],"author":[{"embeddable":true,"href":"https:\/\/www.bellunopress.it\/fr\/wp-json\/wp\/v2\/users\/2"}],"replies":[{"embeddable":true,"href":"https:\/\/www.bellunopress.it\/fr\/wp-json\/wp\/v2\/comments?post=165391"}],"version-history":[{"count":1,"href":"https:\/\/www.bellunopress.it\/fr\/wp-json\/wp\/v2\/posts\/165391\/revisions"}],"predecessor-version":[{"id":165393,"href":"https:\/\/www.bellunopress.it\/fr\/wp-json\/wp\/v2\/posts\/165391\/revisions\/165393"}],"wp:featuredmedia":[{"embeddable":true,"href":"https:\/\/www.bellunopress.it\/fr\/wp-json\/wp\/v2\/media\/165392"}],"wp:attachment":[{"href":"https:\/\/www.bellunopress.it\/fr\/wp-json\/wp\/v2\/media?parent=165391"}],"wp:term":[{"taxonomy":"category","embeddable":true,"href":"https:\/\/www.bellunopress.it\/fr\/wp-json\/wp\/v2\/categories?post=165391"},{"taxonomy":"post_tag","embeddable":true,"href":"https:\/\/www.bellunopress.it\/fr\/wp-json\/wp\/v2\/tags?post=165391"}],"curies":[{"name":"wp","href":"https:\/\/api.w.org\/{rel}","templated":true}]}}