{"id":165378,"date":"2025-12-01T10:21:31","date_gmt":"2025-12-01T09:21:31","guid":{"rendered":"https:\/\/www.bellunopress.it\/?p=165378"},"modified":"2025-12-01T10:21:31","modified_gmt":"2025-12-01T09:21:31","slug":"il-programma-delle-manifestazioni-di-fine-anno-nelle-frazioni-di-ponte-nelle-alpi","status":"publish","type":"post","link":"https:\/\/www.bellunopress.it\/fr\/2025\/12\/01\/il-programma-delle-manifestazioni-di-fine-anno-nelle-frazioni-di-ponte-nelle-alpi\/","title":{"rendered":"Il programma delle manifestazioni di fine anno nelle frazioni di Ponte nelle Alpi"},"content":{"rendered":"<figure id=\"attachment_64110\" aria-describedby=\"caption-attachment-64110\" style=\"width: 290px\" class=\"wp-caption alignleft\"><img loading=\"lazy\" decoding=\"async\" class=\"size-full wp-image-64110\" src=\"https:\/\/www.bellunopress.it\/wp-content\/uploads\/2014\/11\/ponte-nelle-alpi-1.jpg\" alt=\"\" width=\"290\" height=\"218\" \/><figcaption id=\"caption-attachment-64110\" class=\"wp-caption-text\">Ponte Santa Caterina &#8211; Ponte nelle Alpi<\/figcaption><\/figure>\n<p><strong>Eventi itineranti tra le Frazioni del Comune di Ponte nelle Alpi\u00a0<\/strong><\/p>\n<p>Ponte nelle Alpi, 1\u00b0 dicembre 2025 &#8211; Ecco il programma completo delle manifestazioni che si terranno prossimamente nelle frazioni del Comune di Ponte nelle Alpi.<\/p>\n<p>&nbsp;<\/p>\n<p>&nbsp;<\/p>\n<p>Gioved\u00ec 2 dicembre: Presentazione del libro \u201cCome i bucaneve d\u2019inverno\u201d di Simonetta Sogne<\/p>\n<p>Luogo: Sala Tina Merlin, Biblioteca<\/p>\n<p>Orario: 18:30<\/p>\n<p>Venerd\u00ec 5 dicembre: <em>San Nicol\u00f2<\/em> arriva nelle frazioni del Comune di Ponte nelle Alpi!<\/p>\n<p>Domenica 7 dicembre: \u201c<em>Boschi a Natale\u201d &#8211; passeggiata organizzata dalla Pro Loco tra le localit\u00e0 di Losego e Quantin <\/em><\/p>\n<p>Luogo: partenza dalla ex Latteria di Losego<\/p>\n<p>Orario: 10:00<\/p>\n<p>Domenica 7 dicembre: \u201c<em>Riaccendiamo il Natale!\u201d <\/em>&#8211; Accensione dell\u2019albero con il Coro del Nevegal<\/p>\n<p>Luogo: Frazione di Vich, partendo da \u201cla Giasena\u201d, il \u201cCoro del Nevegal\u201d scende in paese intonando canti natalizi alla luce delle fiaccole. I visitatori sono invitati ad unirsi.<\/p>\n<p>Orario: 17:45<\/p>\n<p>Seguir\u00e0 momento conviviale.<\/p>\n<p>Luned\u00ec 8 dicembre: <em>Festa dell\u2019Immacolata Concezione<\/em><\/p>\n<p>Questa giornata \u00e8 dedicata alle iniziative promosse autonomamente dalle frazioni in occasione della Festa dell\u2019Immacolata Concezione.<\/p>\n<p>Marted\u00ec 9 dicembre: Accensione dell\u2019albero a Polpet<\/p>\n<p>Luogo: In piazza a Polpet i bambini della scuola elementare \u201cArrigo Boito\u201d intonano dei canti per l\u2019accensione dell\u2019albero.<\/p>\n<p>Orario: 17:00<\/p>\n<p>Venerd\u00ec 12 dicembre:<em> \u201cIlluminiamo S. Lucia<\/em> &#8211; Il giorno pi\u00f9 corto che ci sia!\u201d<\/p>\n<p>Luogo: Frazione di Col di Cugnan<\/p>\n<p>Orario: merenda alle 17:00 e condivisione di un momento magico con l\u2019accensione di tante lanterne cinesi che illumineranno il cielo con i propri desideri alle 18:00<\/p>\n<p>Sabato 13 dicembre: Laboratorio di manualit\u00e0 creativa per bambini (max. 10 posti) &#8211; <em>Ass. Accanto all\u2019Anziano e\u2026<\/em><\/p>\n<p>Luogo: Fil\u00f2 Sant\u2019Andrea<\/p>\n<p>Orario: Dalle 14:30 alle 17:30<\/p>\n<p>Necessario accompagnamento di un adulto, seguir\u00e0 merenda e dimostrazione di ricamo.<\/p>\n<p>Per info e iscrizioni al laboratorio contattare l\u2019Associazione al: 327 484 2289<\/p>\n<p>Sabato 13 dicembre: Mercatino Solidale a Soccher<\/p>\n<p>Luogo: Cooperativa di Soccher<\/p>\n<p>Orario: dalle 15:30<\/p>\n<p>Domenica 14 dicembre: <em>\u201cCon un filo di passione a Natale\u201d<\/em> &#8211; Mostra Mercato di Natale del gruppo \u201cCon un filo di passione\u201d del Circolo Astra Ponte nelle Alpi.<\/p>\n<p>Luogo: Canonica di Cadola<\/p>\n<p>Orario: dalle 9:30 alle 18:30<\/p>\n<p>Marted\u00ec 16 dicembre: Laboratorio in biblioteca con Lorena Scremin<\/p>\n<p>Orario: 17:00<\/p>\n<p>Mercoled\u00ec 17 dicembre: Accensione dell\u2019albero e scambio degli Auguri di Natale presso la Sede dell\u2019<em>Ass. Due Ruote Sport <\/em><\/p>\n<p>Luogo: Via Cal di Mezzo 14, Paiane (di fronte al supermercato)<\/p>\n<p>Orario: 18:30<\/p>\n<p>Gioved\u00ec 18 dicembre: Laboratorio in biblioteca con Lorena Scremin<\/p>\n<p>Orario: 17:00<\/p>\n<p>Sabato 20 dicembre: <em>\u201cGnomi in corsa &#8211; Sgambada de Nadal!\u201d<\/em><\/p>\n<p>Corsa e camminata non competitiva a tema gnomi e gnome.<\/p>\n<p>Un percorso ludico-motorio tra le vie del paese e la natura di Arsi\u00e8, immersi nella magia del bosco e dello spirito natalizio!<\/p>\n<p>A seguire momento conviviale e mercatino di artigianato locale!<\/p>\n<p>A cura di: Comune di Ponte nelle Alpi, Consulta Comunale dei Giovani, GS Quantin, Frazione di Arsi\u00e8.<\/p>\n<p>Luogo: Frazione di Arsi\u00e8<\/p>\n<p>Orario: ritrovo alle 14:00, partenza alle 15:00<\/p>\n<p>Seguir\u00e0 momento conviviale.<\/p>\n<p>Sabato 20 dicembre: Presepe Vivente!<\/p>\n<p>Luogo: Frazione di Losego<\/p>\n<p>Orario: 17:30<\/p>\n<p>A seguire scambio di Auguri nella zona dell\u2019ex bocciofila.<\/p>\n<p>Sabato 20 dicembre: <em>\u201cGran Gal\u00e0 di Natale 2025\u201d<\/em> &#8211; A cura del <em>Coro Monte Dolada <\/em><\/p>\n<p>Luogo: Chiesa parrocchiale di Cadola<\/p>\n<p>Orario: 20:30<\/p>\n<p>Ulteriori informazioni: <a href=\"http:\/\/www.coromontedolada.it\">www.coromontedolada.it<\/a><\/p>\n<p>Domenica 21 dicembre: Mercatino di Natale di Vich &#8211; <em>2^ Edizione <\/em><\/p>\n<p>Luogo: Frazione di Vich<\/p>\n<p>Orario: dalle 10:00 alle 16:00<\/p>\n<p>Dalle ore : Laboratorio <em>\u201cPiega, Taglia, Crea! &#8211; Decoriamo con la carta\u201d <\/em>a cura di UN LIBRO SUL COMO\u2019 &#8211; Legatoria artigianale di Daniela De Col. L\u2019attivit\u00e0 si tiene all\u2019interno dei locali dell\u2019ex Latteria e ha durata di 2 ore (costo: 20 euro a persona).<\/p>\n<p>Maggiori informazioni in loco o sulla pagina Instagram della Frazione: frazione_vich<\/p>\n<p>Luned\u00ec 22 dicembre: Accensione dell\u2019Albero e del Presepe di Paiane<\/p>\n<p>Gli alunni della scuola primaria dell\u2019Oltrerai allieteranno il pubblico con canti e poesie.<\/p>\n<p>A seguire passeggiata di Natale per le vie del paese addobbato a tema.<\/p>\n<p>L\u2019evento si concluder\u00e0 ritornando al presepe dove, con un caldo ristoro, ci si scambieranno gli auguri di liete festivit\u00e0.<\/p>\n<p>Luogo: Frazione di Paiane, spazio antistante il Piccolo Teatro G. Pierobon<\/p>\n<p>Orario: 16:45<\/p>\n<p>Luned\u00ec 22 dicembre: \u201cSul Sentiero dei Pastori\u201d &#8211; Concerto di Natale del gruppo folk Rudem\u00e0<\/p>\n<p>Luogo: Biblioteca<\/p>\n<p>Orario: 20:30<\/p>\n<p>Marted\u00ec 23 dicembre: Concerto di Natale della Banda Val Cantuna con la partecipazione degli alunni dell\u2019indirizzo musicale della scuola S. Pertini di Canevoi.<\/p>\n<p>Luogo: Teatro Pierobon<\/p>\n<p>Orario: 18:30<\/p>\n<p>Seguir\u00e0 brindisi di Natale aperto alla cittadinanza presso la sede dell&#8217;<em>Ass. Amici della Musica <\/em>a Paiane.<\/p>\n<p>Mercoled\u00ec 31 dicembre: <em>\u201cL\u2019ultimo de l\u2019an?&#8230; Cori a Cugnan\u201d<\/em><\/p>\n<p>Corsa non competitiva tra i sentieri di Cugnan.<\/p>\n<p>Luogo: Frazione di Cugnan, ritrovo in piazza bar<\/p>\n<p>Orario: 15:00<\/p>\n<p>Sabato 3 gennaio: Proiezione per bambini!<\/p>\n<p>Luogo: Frazione di Lastreghe<\/p>\n<p>L\u2019evento si tiene al campetto, sotto al tendone riscaldato. Pop corn e Zucchero filato per i partecipanti.<\/p>\n<p>Orario: 17:00<\/p>\n<p>Luned\u00ec 5 gennaio: Evento conclusivo del Calendario dell\u2019Avvento delle Frazioni 2025 con\u00a0 \u201cLa Luce del Re\u201d &#8211; Concerto organizzato dal <em>Comitato per l\u2019Organo dei Coi de Pera <\/em>con premiazioni finali dei Presepi!<\/p>\n<p>Luogo: Chiesa parrocchiale di Col di Cugnan<\/p>\n<p>Orario: 20:30<\/p>\n<p>Al termine del concerto, si terr\u00e0 la premiazione dei tre presepi frazionali pi\u00f9 belli, selezionati dalla giuria itinerante.<\/p>\n<p>&nbsp;<\/p>\n<p><strong>Altre attivit\u00e0:<\/strong><\/p>\n<p>\u201cGara dei Presepi\u201d: Dal 15 dicembre al 1\u00b0 gennaio, una giuria visiter\u00e0 i presepi allestiti nelle frazioni per valutare creativit\u00e0, cura e originalit\u00e0. Il 5 gennaio verranno premiati i tre presepi pi\u00f9 belli, scelti tra tutte le proposte.<\/p>\n<p>&nbsp;<\/p>\n<p>\u201cLa via dei presepi\u201d: Dal 24 dicembre al 30 gennaio sar\u00e0 possibile visitare vari presepi lungo le vie della Borgata Paradisi-Cassani!<\/p>\n<p>\u201cLa Via degli Gnomi\u201d: Dall\u20198 dicembre fino all\u2019Epifania, lungo la via centrale del paese, a partire dal Monumento ai Caduti e fino al suo termine in localit\u00e0 &#8220;Menarei&#8221;, delle coppie di gnomi accompagnano i visitatori lungo la passeggiata dei viandanti.<\/p>\n<p>La passeggiata \u00e8 molto suggestiva anche al buio, essendo gli gnomi illuminati!<\/p>\n<p>\u201cLa Via delle Casette\u201d: Dal 13 dicembre al 7 gennaio sar\u00e0 possibile fare un breve percorso a Soccher tra le casette artigianali illuminate. Durante le serate si potr\u00e0 anche ammirare il Castello di San Giorgio illuminato!<\/p>\n<p>&nbsp;<\/p>\n<p>Tutte le frazioni fanno San Nicol\u00f2 e in alcune frazioni fanno anche il Natale dei nonni, consegnando ai pi\u00f9 anziani del paese dei pensierini.<\/p>\n<p><strong><u>\u00a0<\/u><\/strong><\/p>\n<p><strong><u>Tutte le Frazioni partecipano all\u2019iniziativa del concorso dei presepi!<\/u><\/strong><\/p>\n<p><strong><u>Ogni frazione, oltre alle decorazioni consuete, far\u00e0 un presepe che parteciper\u00e0 al concorso. <\/u><\/strong><\/p>\n<p><strong>\u00a0<\/strong><\/p>\n<p><strong>\u00a0<\/strong><\/p>\n<p>&nbsp;<\/p>\n<p>&nbsp;<\/p>\n<p>&nbsp;<\/p>\n<p>&nbsp;<\/p>\n<p>&nbsp;<\/p>","protected":false},"excerpt":{"rendered":"<p>Eventi itineranti tra le Frazioni del Comune di Ponte nelle Alpi\u00a0 Ponte nelle Alpi, 1\u00b0 dicembre 2025 &#8211; Ecco il programma completo delle manifestazioni che si terranno prossimamente nelle frazioni del Comune di Ponte nelle Alpi. &nbsp; &nbsp; Gioved\u00ec 2 dicembre: Presentazione del libro \u201cCome i bucaneve d\u2019inverno\u201d di Simonetta Sogne Luogo: Sala Tina Merlin, [&hellip;]<\/p>\n","protected":false},"author":2,"featured_media":128925,"comment_status":"closed","ping_status":"open","sticky":false,"template":"","format":"standard","meta":{"footnotes":""},"categories":[27,25],"tags":[],"class_list":["post-165378","post","type-post","status-publish","format-standard","has-post-thumbnail","category-appuntamenti","category-pausa-caffe"],"yoast_head":"<!-- This site is optimized with the Yoast SEO plugin v28.4 - https:\/\/yoast.com\/product\/yoast-seo-wordpress\/ -->\n<title>Il programma delle manifestazioni di fine anno nelle frazioni di Ponte nelle Alpi - Bellunopress - Dolomiti<\/title>\n<meta name=\"robots\" content=\"index, follow, max-snippet:-1, max-image-preview:large, max-video-preview:-1\" \/>\n<link rel=\"canonical\" href=\"https:\/\/www.bellunopress.it\/fr\/2025\/12\/01\/il-programma-delle-manifestazioni-di-fine-anno-nelle-frazioni-di-ponte-nelle-alpi\/\" \/>\n<meta property=\"og:locale\" content=\"fr_FR\" \/>\n<meta property=\"og:type\" content=\"article\" \/>\n<meta property=\"og:title\" content=\"Il programma delle manifestazioni di fine anno nelle frazioni di Ponte nelle Alpi - Bellunopress - Dolomiti\" \/>\n<meta property=\"og:description\" content=\"Eventi itineranti tra le Frazioni del Comune di Ponte nelle Alpi\u00a0 Ponte nelle Alpi, 1\u00b0 dicembre 2025 &#8211; Ecco il programma completo delle manifestazioni che si terranno prossimamente nelle frazioni del Comune di Ponte nelle Alpi. &nbsp; &nbsp; Gioved\u00ec 2 dicembre: Presentazione del libro \u201cCome i bucaneve d\u2019inverno\u201d di Simonetta Sogne Luogo: Sala Tina Merlin, [&hellip;]\" \/>\n<meta property=\"og:url\" content=\"https:\/\/www.bellunopress.it\/fr\/2025\/12\/01\/il-programma-delle-manifestazioni-di-fine-anno-nelle-frazioni-di-ponte-nelle-alpi\/\" \/>\n<meta property=\"og:site_name\" content=\"Bellunopress - Dolomiti\" \/>\n<meta property=\"article:publisher\" content=\"https:\/\/www.facebook.com\/profile.php?id=100008943462799\" \/>\n<meta property=\"article:published_time\" content=\"2025-12-01T09:21:31+00:00\" \/>\n<meta property=\"og:image\" content=\"https:\/\/www.bellunopress.it\/wp-content\/uploads\/2021\/10\/Ponte-nelle-Alpi-Municipio-Cadola_edited.jpg\" \/>\n\t<meta property=\"og:image:width\" content=\"718\" \/>\n\t<meta property=\"og:image:height\" content=\"504\" \/>\n\t<meta property=\"og:image:type\" content=\"image\/jpeg\" \/>\n<meta name=\"author\" content=\"redazione\" \/>\n<meta name=\"twitter:card\" content=\"summary_large_image\" \/>\n<meta name=\"twitter:creator\" content=\"@bellunopress\" \/>\n<meta name=\"twitter:site\" content=\"@bellunopress\" \/>\n<meta name=\"twitter:label1\" content=\"\u00c9crit par\" \/>\n\t<meta name=\"twitter:data1\" content=\"redazione\" \/>\n\t<meta name=\"twitter:label2\" content=\"Dur\u00e9e de lecture estim\u00e9e\" \/>\n\t<meta name=\"twitter:data2\" content=\"5 minutes\" \/>\n<script type=\"application\/ld+json\" class=\"yoast-schema-graph\">{\"@context\":\"https:\\\/\\\/schema.org\",\"@graph\":[{\"@type\":\"Article\",\"@id\":\"https:\\\/\\\/www.bellunopress.it\\\/2025\\\/12\\\/01\\\/il-programma-delle-manifestazioni-di-fine-anno-nelle-frazioni-di-ponte-nelle-alpi\\\/#article\",\"isPartOf\":{\"@id\":\"https:\\\/\\\/www.bellunopress.it\\\/2025\\\/12\\\/01\\\/il-programma-delle-manifestazioni-di-fine-anno-nelle-frazioni-di-ponte-nelle-alpi\\\/\"},\"author\":{\"name\":\"redazione\",\"@id\":\"https:\\\/\\\/www.bellunopress.it\\\/#\\\/schema\\\/person\\\/79bb06722b37ece1c03d3e94beb30d73\"},\"headline\":\"Il programma delle manifestazioni di fine anno nelle frazioni di Ponte nelle Alpi\",\"datePublished\":\"2025-12-01T09:21:31+00:00\",\"mainEntityOfPage\":{\"@id\":\"https:\\\/\\\/www.bellunopress.it\\\/2025\\\/12\\\/01\\\/il-programma-delle-manifestazioni-di-fine-anno-nelle-frazioni-di-ponte-nelle-alpi\\\/\"},\"wordCount\":1034,\"publisher\":{\"@id\":\"https:\\\/\\\/www.bellunopress.it\\\/#organization\"},\"image\":{\"@id\":\"https:\\\/\\\/www.bellunopress.it\\\/2025\\\/12\\\/01\\\/il-programma-delle-manifestazioni-di-fine-anno-nelle-frazioni-di-ponte-nelle-alpi\\\/#primaryimage\"},\"thumbnailUrl\":\"https:\\\/\\\/www.bellunopress.it\\\/wp-content\\\/uploads\\\/2021\\\/10\\\/Ponte-nelle-Alpi-Municipio-Cadola_edited.jpg\",\"articleSection\":[\"Appuntamenti, Eventi\",\"Pausa Caff\u00e8\"],\"inLanguage\":\"fr-FR\"},{\"@type\":\"WebPage\",\"@id\":\"https:\\\/\\\/www.bellunopress.it\\\/2025\\\/12\\\/01\\\/il-programma-delle-manifestazioni-di-fine-anno-nelle-frazioni-di-ponte-nelle-alpi\\\/\",\"url\":\"https:\\\/\\\/www.bellunopress.it\\\/2025\\\/12\\\/01\\\/il-programma-delle-manifestazioni-di-fine-anno-nelle-frazioni-di-ponte-nelle-alpi\\\/\",\"name\":\"Il programma delle manifestazioni di fine anno nelle frazioni di Ponte nelle Alpi - Bellunopress - Dolomiti\",\"isPartOf\":{\"@id\":\"https:\\\/\\\/www.bellunopress.it\\\/#website\"},\"primaryImageOfPage\":{\"@id\":\"https:\\\/\\\/www.bellunopress.it\\\/2025\\\/12\\\/01\\\/il-programma-delle-manifestazioni-di-fine-anno-nelle-frazioni-di-ponte-nelle-alpi\\\/#primaryimage\"},\"image\":{\"@id\":\"https:\\\/\\\/www.bellunopress.it\\\/2025\\\/12\\\/01\\\/il-programma-delle-manifestazioni-di-fine-anno-nelle-frazioni-di-ponte-nelle-alpi\\\/#primaryimage\"},\"thumbnailUrl\":\"https:\\\/\\\/www.bellunopress.it\\\/wp-content\\\/uploads\\\/2021\\\/10\\\/Ponte-nelle-Alpi-Municipio-Cadola_edited.jpg\",\"datePublished\":\"2025-12-01T09:21:31+00:00\",\"breadcrumb\":{\"@id\":\"https:\\\/\\\/www.bellunopress.it\\\/2025\\\/12\\\/01\\\/il-programma-delle-manifestazioni-di-fine-anno-nelle-frazioni-di-ponte-nelle-alpi\\\/#breadcrumb\"},\"inLanguage\":\"fr-FR\",\"potentialAction\":[{\"@type\":\"ReadAction\",\"target\":[\"https:\\\/\\\/www.bellunopress.it\\\/2025\\\/12\\\/01\\\/il-programma-delle-manifestazioni-di-fine-anno-nelle-frazioni-di-ponte-nelle-alpi\\\/\"]}]},{\"@type\":\"ImageObject\",\"inLanguage\":\"fr-FR\",\"@id\":\"https:\\\/\\\/www.bellunopress.it\\\/2025\\\/12\\\/01\\\/il-programma-delle-manifestazioni-di-fine-anno-nelle-frazioni-di-ponte-nelle-alpi\\\/#primaryimage\",\"url\":\"https:\\\/\\\/www.bellunopress.it\\\/wp-content\\\/uploads\\\/2021\\\/10\\\/Ponte-nelle-Alpi-Municipio-Cadola_edited.jpg\",\"contentUrl\":\"https:\\\/\\\/www.bellunopress.it\\\/wp-content\\\/uploads\\\/2021\\\/10\\\/Ponte-nelle-Alpi-Municipio-Cadola_edited.jpg\",\"width\":718,\"height\":504,\"caption\":\"Ponte nelle Alpi, Municipio\"},{\"@type\":\"BreadcrumbList\",\"@id\":\"https:\\\/\\\/www.bellunopress.it\\\/2025\\\/12\\\/01\\\/il-programma-delle-manifestazioni-di-fine-anno-nelle-frazioni-di-ponte-nelle-alpi\\\/#breadcrumb\",\"itemListElement\":[{\"@type\":\"ListItem\",\"position\":1,\"name\":\"Home\",\"item\":\"https:\\\/\\\/www.bellunopress.it\\\/\"},{\"@type\":\"ListItem\",\"position\":2,\"name\":\"Il programma delle manifestazioni di fine anno nelle frazioni di Ponte nelle Alpi\"}]},{\"@type\":\"WebSite\",\"@id\":\"https:\\\/\\\/www.bellunopress.it\\\/#website\",\"url\":\"https:\\\/\\\/www.bellunopress.it\\\/\",\"name\":\"Bellunopress - Dolomiti\",\"description\":\"e-mail: redazione@bellunopress.it\",\"publisher\":{\"@id\":\"https:\\\/\\\/www.bellunopress.it\\\/#organization\"},\"potentialAction\":[{\"@type\":\"SearchAction\",\"target\":{\"@type\":\"EntryPoint\",\"urlTemplate\":\"https:\\\/\\\/www.bellunopress.it\\\/?s={search_term_string}\"},\"query-input\":{\"@type\":\"PropertyValueSpecification\",\"valueRequired\":true,\"valueName\":\"search_term_string\"}}],\"inLanguage\":\"fr-FR\"},{\"@type\":\"Organization\",\"@id\":\"https:\\\/\\\/www.bellunopress.it\\\/#organization\",\"name\":\"Bellunopress\",\"url\":\"https:\\\/\\\/www.bellunopress.it\\\/\",\"logo\":{\"@type\":\"ImageObject\",\"inLanguage\":\"fr-FR\",\"@id\":\"https:\\\/\\\/www.bellunopress.it\\\/#\\\/schema\\\/logo\\\/image\\\/\",\"url\":\"https:\\\/\\\/www.bellunopress.it\\\/wp-content\\\/uploads\\\/2011\\\/05\\\/cropped-logo-bellunopress-.jpg\",\"contentUrl\":\"https:\\\/\\\/www.bellunopress.it\\\/wp-content\\\/uploads\\\/2011\\\/05\\\/cropped-logo-bellunopress-.jpg\",\"width\":512,\"height\":512,\"caption\":\"Bellunopress\"},\"image\":{\"@id\":\"https:\\\/\\\/www.bellunopress.it\\\/#\\\/schema\\\/logo\\\/image\\\/\"},\"sameAs\":[\"https:\\\/\\\/www.facebook.com\\\/profile.php?id=100008943462799\",\"https:\\\/\\\/x.com\\\/bellunopress\",\"https:\\\/\\\/www.linkedin.com\\\/hp\\\/?dnr=JBzUWaJfMUw8vbXJJ2tVW5-I3jZKvC4wsoxE&amp;amp;amp;amp;amp;amp;trk=nav_responsive_tab_home\",\"https:\\\/\\\/www.youtube.com\\\/channel\\\/UCxL0wu1uN0_3_7hGG0306cw\"]},{\"@type\":\"Person\",\"@id\":\"https:\\\/\\\/www.bellunopress.it\\\/#\\\/schema\\\/person\\\/79bb06722b37ece1c03d3e94beb30d73\",\"name\":\"redazione\",\"image\":{\"@type\":\"ImageObject\",\"inLanguage\":\"fr-FR\",\"@id\":\"https:\\\/\\\/secure.gravatar.com\\\/avatar\\\/37d968a2e67a6fd04c169c4bdef102d0bc5d31b2546345219e348575eb80e9a0?s=96&d=mm&r=g\",\"url\":\"https:\\\/\\\/secure.gravatar.com\\\/avatar\\\/37d968a2e67a6fd04c169c4bdef102d0bc5d31b2546345219e348575eb80e9a0?s=96&d=mm&r=g\",\"contentUrl\":\"https:\\\/\\\/secure.gravatar.com\\\/avatar\\\/37d968a2e67a6fd04c169c4bdef102d0bc5d31b2546345219e348575eb80e9a0?s=96&d=mm&r=g\",\"caption\":\"redazione\"},\"sameAs\":[\"http:\\\/\\\/www.bellunopress.it\",\"https:\\\/\\\/x.com\\\/bellunopress\"],\"url\":\"https:\\\/\\\/www.bellunopress.it\\\/fr\\\/author\\\/redazione\\\/\"}]}<\/script>\n<!-- \/ Yoast SEO plugin. -->","yoast_head_json":{"title":"Il programma delle manifestazioni di fine anno nelle frazioni di Ponte nelle Alpi - Bellunopress - Dolomiti","robots":{"index":"index","follow":"follow","max-snippet":"max-snippet:-1","max-image-preview":"max-image-preview:large","max-video-preview":"max-video-preview:-1"},"canonical":"https:\/\/www.bellunopress.it\/fr\/2025\/12\/01\/il-programma-delle-manifestazioni-di-fine-anno-nelle-frazioni-di-ponte-nelle-alpi\/","og_locale":"fr_FR","og_type":"article","og_title":"Il programma delle manifestazioni di fine anno nelle frazioni di Ponte nelle Alpi - Bellunopress - Dolomiti","og_description":"Eventi itineranti tra le Frazioni del Comune di Ponte nelle Alpi\u00a0 Ponte nelle Alpi, 1\u00b0 dicembre 2025 &#8211; Ecco il programma completo delle manifestazioni che si terranno prossimamente nelle frazioni del Comune di Ponte nelle Alpi. &nbsp; &nbsp; Gioved\u00ec 2 dicembre: Presentazione del libro \u201cCome i bucaneve d\u2019inverno\u201d di Simonetta Sogne Luogo: Sala Tina Merlin, [&hellip;]","og_url":"https:\/\/www.bellunopress.it\/fr\/2025\/12\/01\/il-programma-delle-manifestazioni-di-fine-anno-nelle-frazioni-di-ponte-nelle-alpi\/","og_site_name":"Bellunopress - Dolomiti","article_publisher":"https:\/\/www.facebook.com\/profile.php?id=100008943462799","article_published_time":"2025-12-01T09:21:31+00:00","og_image":[{"width":718,"height":504,"url":"https:\/\/www.bellunopress.it\/wp-content\/uploads\/2021\/10\/Ponte-nelle-Alpi-Municipio-Cadola_edited.jpg","type":"image\/jpeg"}],"author":"redazione","twitter_card":"summary_large_image","twitter_creator":"@bellunopress","twitter_site":"@bellunopress","twitter_misc":{"\u00c9crit par":"redazione","Dur\u00e9e de lecture estim\u00e9e":"5 minutes"},"schema":{"@context":"https:\/\/schema.org","@graph":[{"@type":"Article","@id":"https:\/\/www.bellunopress.it\/2025\/12\/01\/il-programma-delle-manifestazioni-di-fine-anno-nelle-frazioni-di-ponte-nelle-alpi\/#article","isPartOf":{"@id":"https:\/\/www.bellunopress.it\/2025\/12\/01\/il-programma-delle-manifestazioni-di-fine-anno-nelle-frazioni-di-ponte-nelle-alpi\/"},"author":{"name":"redazione","@id":"https:\/\/www.bellunopress.it\/#\/schema\/person\/79bb06722b37ece1c03d3e94beb30d73"},"headline":"Il programma delle manifestazioni di fine anno nelle frazioni di Ponte nelle Alpi","datePublished":"2025-12-01T09:21:31+00:00","mainEntityOfPage":{"@id":"https:\/\/www.bellunopress.it\/2025\/12\/01\/il-programma-delle-manifestazioni-di-fine-anno-nelle-frazioni-di-ponte-nelle-alpi\/"},"wordCount":1034,"publisher":{"@id":"https:\/\/www.bellunopress.it\/#organization"},"image":{"@id":"https:\/\/www.bellunopress.it\/2025\/12\/01\/il-programma-delle-manifestazioni-di-fine-anno-nelle-frazioni-di-ponte-nelle-alpi\/#primaryimage"},"thumbnailUrl":"https:\/\/www.bellunopress.it\/wp-content\/uploads\/2021\/10\/Ponte-nelle-Alpi-Municipio-Cadola_edited.jpg","articleSection":["Appuntamenti, Eventi","Pausa Caff\u00e8"],"inLanguage":"fr-FR"},{"@type":"WebPage","@id":"https:\/\/www.bellunopress.it\/2025\/12\/01\/il-programma-delle-manifestazioni-di-fine-anno-nelle-frazioni-di-ponte-nelle-alpi\/","url":"https:\/\/www.bellunopress.it\/2025\/12\/01\/il-programma-delle-manifestazioni-di-fine-anno-nelle-frazioni-di-ponte-nelle-alpi\/","name":"Il programma delle manifestazioni di fine anno nelle frazioni di Ponte nelle Alpi - Bellunopress - Dolomiti","isPartOf":{"@id":"https:\/\/www.bellunopress.it\/#website"},"primaryImageOfPage":{"@id":"https:\/\/www.bellunopress.it\/2025\/12\/01\/il-programma-delle-manifestazioni-di-fine-anno-nelle-frazioni-di-ponte-nelle-alpi\/#primaryimage"},"image":{"@id":"https:\/\/www.bellunopress.it\/2025\/12\/01\/il-programma-delle-manifestazioni-di-fine-anno-nelle-frazioni-di-ponte-nelle-alpi\/#primaryimage"},"thumbnailUrl":"https:\/\/www.bellunopress.it\/wp-content\/uploads\/2021\/10\/Ponte-nelle-Alpi-Municipio-Cadola_edited.jpg","datePublished":"2025-12-01T09:21:31+00:00","breadcrumb":{"@id":"https:\/\/www.bellunopress.it\/2025\/12\/01\/il-programma-delle-manifestazioni-di-fine-anno-nelle-frazioni-di-ponte-nelle-alpi\/#breadcrumb"},"inLanguage":"fr-FR","potentialAction":[{"@type":"ReadAction","target":["https:\/\/www.bellunopress.it\/2025\/12\/01\/il-programma-delle-manifestazioni-di-fine-anno-nelle-frazioni-di-ponte-nelle-alpi\/"]}]},{"@type":"ImageObject","inLanguage":"fr-FR","@id":"https:\/\/www.bellunopress.it\/2025\/12\/01\/il-programma-delle-manifestazioni-di-fine-anno-nelle-frazioni-di-ponte-nelle-alpi\/#primaryimage","url":"https:\/\/www.bellunopress.it\/wp-content\/uploads\/2021\/10\/Ponte-nelle-Alpi-Municipio-Cadola_edited.jpg","contentUrl":"https:\/\/www.bellunopress.it\/wp-content\/uploads\/2021\/10\/Ponte-nelle-Alpi-Municipio-Cadola_edited.jpg","width":718,"height":504,"caption":"Ponte nelle Alpi, Municipio"},{"@type":"BreadcrumbList","@id":"https:\/\/www.bellunopress.it\/2025\/12\/01\/il-programma-delle-manifestazioni-di-fine-anno-nelle-frazioni-di-ponte-nelle-alpi\/#breadcrumb","itemListElement":[{"@type":"ListItem","position":1,"name":"Home","item":"https:\/\/www.bellunopress.it\/"},{"@type":"ListItem","position":2,"name":"Il programma delle manifestazioni di fine anno nelle frazioni di Ponte nelle Alpi"}]},{"@type":"WebSite","@id":"https:\/\/www.bellunopress.it\/#website","url":"https:\/\/www.bellunopress.it\/","name":"Bellunopress - Dolomiti","description":"e-mail: redazione@bellunopress.it","publisher":{"@id":"https:\/\/www.bellunopress.it\/#organization"},"potentialAction":[{"@type":"SearchAction","target":{"@type":"EntryPoint","urlTemplate":"https:\/\/www.bellunopress.it\/?s={search_term_string}"},"query-input":{"@type":"PropertyValueSpecification","valueRequired":true,"valueName":"search_term_string"}}],"inLanguage":"fr-FR"},{"@type":"Organization","@id":"https:\/\/www.bellunopress.it\/#organization","name":"Bellunopress","url":"https:\/\/www.bellunopress.it\/","logo":{"@type":"ImageObject","inLanguage":"fr-FR","@id":"https:\/\/www.bellunopress.it\/#\/schema\/logo\/image\/","url":"https:\/\/www.bellunopress.it\/wp-content\/uploads\/2011\/05\/cropped-logo-bellunopress-.jpg","contentUrl":"https:\/\/www.bellunopress.it\/wp-content\/uploads\/2011\/05\/cropped-logo-bellunopress-.jpg","width":512,"height":512,"caption":"Bellunopress"},"image":{"@id":"https:\/\/www.bellunopress.it\/#\/schema\/logo\/image\/"},"sameAs":["https:\/\/www.facebook.com\/profile.php?id=100008943462799","https:\/\/x.com\/bellunopress","https:\/\/www.linkedin.com\/hp\/?dnr=JBzUWaJfMUw8vbXJJ2tVW5-I3jZKvC4wsoxE&amp;amp;amp;amp;amp;amp;trk=nav_responsive_tab_home","https:\/\/www.youtube.com\/channel\/UCxL0wu1uN0_3_7hGG0306cw"]},{"@type":"Person","@id":"https:\/\/www.bellunopress.it\/#\/schema\/person\/79bb06722b37ece1c03d3e94beb30d73","name":"r\u00e9daction","image":{"@type":"ImageObject","inLanguage":"fr-FR","@id":"https:\/\/secure.gravatar.com\/avatar\/37d968a2e67a6fd04c169c4bdef102d0bc5d31b2546345219e348575eb80e9a0?s=96&d=mm&r=g","url":"https:\/\/secure.gravatar.com\/avatar\/37d968a2e67a6fd04c169c4bdef102d0bc5d31b2546345219e348575eb80e9a0?s=96&d=mm&r=g","contentUrl":"https:\/\/secure.gravatar.com\/avatar\/37d968a2e67a6fd04c169c4bdef102d0bc5d31b2546345219e348575eb80e9a0?s=96&d=mm&r=g","caption":"redazione"},"sameAs":["http:\/\/www.bellunopress.it","https:\/\/x.com\/bellunopress"],"url":"https:\/\/www.bellunopress.it\/fr\/author\/redazione\/"}]}},"_links":{"self":[{"href":"https:\/\/www.bellunopress.it\/fr\/wp-json\/wp\/v2\/posts\/165378","targetHints":{"allow":["GET"]}}],"collection":[{"href":"https:\/\/www.bellunopress.it\/fr\/wp-json\/wp\/v2\/posts"}],"about":[{"href":"https:\/\/www.bellunopress.it\/fr\/wp-json\/wp\/v2\/types\/post"}],"author":[{"embeddable":true,"href":"https:\/\/www.bellunopress.it\/fr\/wp-json\/wp\/v2\/users\/2"}],"replies":[{"embeddable":true,"href":"https:\/\/www.bellunopress.it\/fr\/wp-json\/wp\/v2\/comments?post=165378"}],"version-history":[{"count":1,"href":"https:\/\/www.bellunopress.it\/fr\/wp-json\/wp\/v2\/posts\/165378\/revisions"}],"predecessor-version":[{"id":165379,"href":"https:\/\/www.bellunopress.it\/fr\/wp-json\/wp\/v2\/posts\/165378\/revisions\/165379"}],"wp:featuredmedia":[{"embeddable":true,"href":"https:\/\/www.bellunopress.it\/fr\/wp-json\/wp\/v2\/media\/128925"}],"wp:attachment":[{"href":"https:\/\/www.bellunopress.it\/fr\/wp-json\/wp\/v2\/media?parent=165378"}],"wp:term":[{"taxonomy":"category","embeddable":true,"href":"https:\/\/www.bellunopress.it\/fr\/wp-json\/wp\/v2\/categories?post=165378"},{"taxonomy":"post_tag","embeddable":true,"href":"https:\/\/www.bellunopress.it\/fr\/wp-json\/wp\/v2\/tags?post=165378"}],"curies":[{"name":"wp","href":"https:\/\/api.w.org\/{rel}","templated":true}]}}