{"id":165370,"date":"2025-12-01T10:03:07","date_gmt":"2025-12-01T09:03:07","guid":{"rendered":"https:\/\/www.bellunopress.it\/?p=165370"},"modified":"2026-03-17T13:18:21","modified_gmt":"2026-03-17T12:18:21","slug":"la-signora-con-due-pistole","status":"publish","type":"post","link":"https:\/\/www.bellunopress.it\/fr\/2025\/12\/01\/la-signora-con-due-pistole\/","title":{"rendered":"La signora con due pistole. L&#8217;ultimo libro di De Nart su un delitto di un secolo fa"},"content":{"rendered":"<div class=\"youtube-embed\" data-video_id=\"\"><iframe loading=\"lazy\" title=\"video la signora con 2 pistole\" width=\"563\" height=\"1000\" src=\"https:\/\/www.youtube.com\/embed\/DRX_bptAJNc?feature=oembed&#038;enablejsapi=1\" frameborder=\"0\" allow=\"accelerometer; autoplay; clipboard-write; encrypted-media; gyroscope; picture-in-picture; web-share\" referrerpolicy=\"strict-origin-when-cross-origin\" allowfullscreen><\/iframe><\/div>\n<p><img loading=\"lazy\" decoding=\"async\" class=\"alignleft wp-image-165375\" src=\"https:\/\/www.bellunopress.it\/wp-content\/uploads\/2025\/12\/La-signora-con-due-pistole-5_edited-500x313.jpg\" alt=\"\" width=\"324\" height=\"203\" srcset=\"https:\/\/www.bellunopress.it\/wp-content\/uploads\/2025\/12\/La-signora-con-due-pistole-5_edited-500x313.jpg 500w, https:\/\/www.bellunopress.it\/wp-content\/uploads\/2025\/12\/La-signora-con-due-pistole-5_edited-672x420.jpg 672w, https:\/\/www.bellunopress.it\/wp-content\/uploads\/2025\/12\/La-signora-con-due-pistole-5_edited-696x435.jpg 696w, https:\/\/www.bellunopress.it\/wp-content\/uploads\/2025\/12\/La-signora-con-due-pistole-5_edited.jpg 800w\" sizes=\"auto, (max-width: 324px) 100vw, 324px\" \/>\u201cLa signora con due pistole\u201d \u00e8 il titolo dell\u2019ultimo libro di Roberto De Nart, con prefazione della criminologa Silvia Dariz, che racconta di un <a href=\"https:\/\/www.thrillermagazine.it\/19114\/due-casi-per-roberto-de-nart?fbclid=IwY2xjawO9vpJleHRuA2FlbQIxMQBzcnRjBmFwcF9pZBAyMjIwMzkxNzg4MjAwODkyAAEeBjJ9FkAZdwBmx7GpLaps0F2hwQOE2HWwaXuNL9ODZ5c4RxKl5KkNl8cAjRE_aem_t-0oT9Nk_zubgtsS-_ktNQ\">delitto avvenuto ad Alleghe<\/a> pi\u00f9 di un secolo fa, ricostruito attraverso gli archivi storici dei giornali e il fascicolo processuale del Tribunale di Belluno. Questo \u00e8 l\u2019ottavo caso di omicidio legato al territorio bellunese pubblicato dall\u2019autore. Un episodio di sangue che si differenzia dai precedenti, poich\u00e9 la vittima questa volta \u00e8 l\u2019uomo che viene ucciso dal proprio coniuge. Si tratta di un caso molto raro, se pensiamo che secondo i dati Istat, l\u2019omicida \u00e8 nel 94-95% delle volte un uomo.<\/p>\n<figure id=\"attachment_156279\" aria-describedby=\"caption-attachment-156279\" style=\"width: 500px\" class=\"wp-caption alignleft\"><img loading=\"lazy\" decoding=\"async\" class=\"size-medium wp-image-156279\" src=\"https:\/\/www.bellunopress.it\/wp-content\/uploads\/2024\/12\/Albergo-Polo-Nord-Alleghe_edited-500x319.jpg\" alt=\"\" width=\"500\" height=\"319\" srcset=\"https:\/\/www.bellunopress.it\/wp-content\/uploads\/2024\/12\/Albergo-Polo-Nord-Alleghe_edited-500x319.jpg 500w, https:\/\/www.bellunopress.it\/wp-content\/uploads\/2024\/12\/Albergo-Polo-Nord-Alleghe_edited-659x420.jpg 659w, https:\/\/www.bellunopress.it\/wp-content\/uploads\/2024\/12\/Albergo-Polo-Nord-Alleghe_edited-696x443.jpg 696w, https:\/\/www.bellunopress.it\/wp-content\/uploads\/2024\/12\/Albergo-Polo-Nord-Alleghe_edited.jpg 1000w\" sizes=\"auto, (max-width: 500px) 100vw, 500px\" \/><figcaption id=\"caption-attachment-156279\" class=\"wp-caption-text\">Albergo Polo Nord di Alleghe (cartolina dell&#8217;epoca)<\/figcaption><\/figure>\n<figure id=\"attachment_165374\" aria-describedby=\"caption-attachment-165374\" style=\"width: 500px\" class=\"wp-caption alignleft\"><img loading=\"lazy\" decoding=\"async\" class=\"size-medium wp-image-165374\" src=\"https:\/\/www.bellunopress.it\/wp-content\/uploads\/2025\/12\/Albergo-Polo-Nord-Alleghe-particolare-cartolina_edited-500x341.jpg\" alt=\"\" width=\"500\" height=\"341\" srcset=\"https:\/\/www.bellunopress.it\/wp-content\/uploads\/2025\/12\/Albergo-Polo-Nord-Alleghe-particolare-cartolina_edited-500x341.jpg 500w, https:\/\/www.bellunopress.it\/wp-content\/uploads\/2025\/12\/Albergo-Polo-Nord-Alleghe-particolare-cartolina_edited-615x420.jpg 615w, https:\/\/www.bellunopress.it\/wp-content\/uploads\/2025\/12\/Albergo-Polo-Nord-Alleghe-particolare-cartolina_edited-218x150.jpg 218w, https:\/\/www.bellunopress.it\/wp-content\/uploads\/2025\/12\/Albergo-Polo-Nord-Alleghe-particolare-cartolina_edited-696x475.jpg 696w, https:\/\/www.bellunopress.it\/wp-content\/uploads\/2025\/12\/Albergo-Polo-Nord-Alleghe-particolare-cartolina_edited.jpg 788w\" sizes=\"auto, (max-width: 500px) 100vw, 500px\" \/><figcaption id=\"caption-attachment-165374\" class=\"wp-caption-text\">Albergo Polo Nord di Alleghe (particolare da una cartolina d&#8217;epoca)<\/figcaption><\/figure>\n<p>Il delitto avviene il 7 novembre del 1922 nell\u2019Albergo Polo Nord di Alleghe (Belluno), Elisa Gabrieli, all\u2019epoca del fatto non ancora 40enne, originaria di Rocca Pietore (Belluno) uccide il marito Dino De Nicolao con tre colpi di pistola calibro 6,35 esplosi a distanza ravvicinata. E\u2019 l\u2019epilogo di una serie di episodi di gelosia per i continui tradimenti, presunti o reali, del marito. La coppia \u00e8 domiciliata a Padova, dove Dino \u00e8 proprietario di una lussuosa pasticceria. Il procuratore generale sostiene la seminfermit\u00e0 mentale della donna e la preterintenzionalit\u00e0 del fatto. I giurati negano l\u2019irresponsabilit\u00e0 totale della donna, ma ammettono il vizio parziale di mente, l\u2019impeto d\u2019ira, la grave provocazione e concedono le attenuanti. Il 22 marzo 1924, dopo quattro giorni di dibattimento, il presidente della Corte d\u2019Assise di Belluno pronuncia una sentenza mite di condanna, accogliendo in parte la richiesta della difesa.<\/p>\n<p>Nelle librerie di Belluno e su <a href=\"https:\/\/www.amazon.it\/signora-due-pistole-Omicidio-allAlbergo\/dp\/B0G1K3JKXF\/ref=sr_1_2?_encoding=UTF8&amp;dib=eyJ2IjoiMSJ9.4ApaYMSyV352hSKnHrk3vQy0m4OJ_0eAhTYgk9JyRZDz9s36U4w5gfmjfXS21-jfo6RjwtBygHwwwqFpxM4I_HpkK9TGsPFzd3aHyV2njJC5TINUAhXExMrLSOXhT4rTVRl888weefzOEm2PNIec4LNUtn3CpGCEBjctIvUqs9MbUev82TQxzOvEszNFfZp7PAOY-pe6BTbt5PL5q9mdf6kmpxnjhUMpeLglVFUst4Y.bdXE8EryVhniADcNIzNnwZs5XHJu8XAOQUGqhIqN8Us&amp;dib_tag=se&amp;keywords=B00FNQEXS6&amp;qid=1763798103&amp;s=books&amp;shoppingPortalEnabled=true&amp;sr=1-2&amp;tag=operapc-def-sp-co2-it-21\">Amazon\u00a0<\/a><\/p>\n<p><strong>Nelle sette pubblicazioni precedenti di De Nart, la vittima \u00e8 sempre una donna:<\/strong><\/p>\n<ul>\n<li>Nel 1926 a Pontevigodarzere (Padova) Margonari Flaminio 43enne, nato a Belluno uccide per strangolamento Pagani Gemma, 48enne di Parma che aveva promesso di sposare. Omicidio premeditato a scopo di rapina.<\/li>\n<li>Nel 1933, nella frazione di Sant\u2019Antonio di Tortal (Borgo Valbelluna \u2013 Belluno), succede un orrendo femminicidio. Abele De Barba 22enne uccide barbaramente la sua coetanea ed ex fidanzata Emma Canton, incinta di 2 mesi, abitante nella frazione di Confos. Omicidio premeditato.<\/li>\n<li>Nel 1936 a Mellame di Arsie (Belluno) avviene un altro efferato femminicidio. Giovanni Mores, definito dal Tribunale di Belluno come \u201cozioso, vagabondo e bestiale\u201d accoltella e uccide la moglie Maria Gasperin di 26 anni dalla quale aveva avuto due figlie. Omicidio premeditato.<\/li>\n<li>Marta Kusch, conosciuta come \u201cla Contessa\u201d per la sua relazione con il conte Marco Ottaviano Borgoncelli, trov\u00f2 una morte brutale il 5 maggio 1945 a Pedavena (Belluno), a guerra ormai conclusa, per mano dei partigiani. Omicidio premeditato a scopo di rapina.<\/li>\n<li>Nella gelida notte del 17 dicembre 1946 a Belluno, \u00e8 la professoressa 23enne Lea Luzzatto a morire. La ragazza viene trovata esanime in casa, riversa in una pozza di sangue con il cranio: Un delitto rimasto irrisolto.<\/li>\n<li>L\u20198 maggio 1947, al largo de Ca\u2019 La Bricola n.21 a Venezia, la rete a strascico dei pescatori si incaglia in un baule legato a due macigni che contiene il corpo di Linda Cimetta, 45enne originaria di Vittorio Veneto, titolare del Caff\u00e8 Vittoria di Belluno. Omicidio premeditato a scopo di rapina, condannati Toma e Sardi.<\/li>\n<li>Nel 1951 a Busto Arsizio l\u2019incredibile vicenda di Silvia Da Pont, 21enne cameriera di Cesiomaggiore (Belluno) fatta morire lentamente dall\u2019insospettabile cavalier Carlo Candiani. Che l\u2019ha \u201ctenuta nascosta, come una sorta di bambola vivente tutta per s\u00e9 per oltre un mese e mezzo alimentandola solo con qualche cucchiaino di vino e latte\u201d, come scriver\u00e0 Dino Buzzati sul Corriere della Sera.<\/li>\n<\/ul>\n<p>Roberto De Nart, giornalista, nel 2009 ha fondato il quotidiano online Bellunopress. E\u2019 direttore responsabile dei periodici Fil\u00f2 (rivista di turismo), Atelier (rivista di architettura, design e arte) e Cortina Magazine (storica rivista di Cortina d\u2019Ampezzo). Nel corso degli anni 2000 e 2010 ha collaborato con i quotidiani Il Gazzettino e Corriere delle Alpi, ed \u00e8 stato direttore del tabloid La Pagina dal 2007 al 2010. Collabora con i mensili locali Mensile News, Feltrino News, Valsugana News.<\/p>\n<p><a href=\"https:\/\/www.robertodenart.com\/\">https:\/\/www.robertodenart.com\/<\/a><\/p>\n<p>&nbsp;<\/p>\n<p>\u300a\u5e26\u7740\u4e24\u628a\u624b\u67aa\u7684\u5973\u4eba\u300b\u2014\u2014 \u7f57\u4f2f\u6258\u00b7\u5fb7\u00b7\u7eb3\u7279 (Roberto De Nart) \u8457\u6545\u4e8b\u53d1\u751f\u5728\u610f\u5927\u5229\u591a\u6d1b\u7c73\u8482\u5c71\u8109\u7684\u8d1d\u5362\u8bfa\u7701 (Belluno) \u30021922\u5e7411\u67087\u65e5\uff0c\u5728\u963f\u83b1\u76d6 (Alleghe) \u7684\u5317\u6781\u65c5\u9986 (Albergo Polo Nord)\uff0c\u6765\u81ea\u7f57\u5361\u00b7\u76ae\u8036\u6258\u96f7 (Rocca Pietore) \u768439\u5c81\u5973\u5b50\u57c3\u8389\u8428\u00b7\u52a0\u5e03\u91cc\u57c3\u5229 (Elisa Gabrieli) \u5f00\u67aa\u51fb\u4e2d\u4e08\u592b\u8fea\u8bfa\u00b7\u5fb7\u00b7\u5c3c\u79d1\u52b3 (Dino De Nicolao) \u4e09\u5f39\uff0c\u81f4\u5176\u6b7b\u4ea1\u3002\u8fd9\u8d77\u60e8\u6848\u662f\u56e0\u4e08\u592b\u4e0d\u65ad\u51fa\u8f68\u800c\u5f15\u53d1\u7684\u4e00\u7cfb\u5217\u5ac9\u5992\u4e8b\u4ef6\u7684\u7ec8\u7ed3\u3002\u8fd9\u5bf9\u592b\u5987\u5b9a\u5c45\u5728\u5e15\u591a\u74e6 (Padova)\uff0c\u8fea\u8bfa\u00b7\u5fb7\u00b7\u5c3c\u79d1\u52b3\u5728\u90a3\u91cc\u62e5\u6709\u4e00\u5bb6\u8c6a\u534e\u7cd5\u70b9\u5e97\u3002\u52a0\u5e03\u91cc\u57c3\u5229\u6700\u540e\u4e00\u6b21\u5ac9\u5992\u7206\u53d1\u662f\u57281922\u5e7410\u670831\u65e5\uff0c\u5f53\u65f6\u5979\u6307\u8d23\u4e08\u592b\u4e0e\u5973\u4f63\u6709\u67d3\u3002\u8fea\u8bfa\u00b7\u5fb7\u00b7\u5c3c\u79d1\u52b3\u7d20\u6709\u201c\u5510\u749c\u201d\u4e4b\u79f0\uff0c\u98ce\u6d41\u6210\u6027\u3002\u4e8b\u5b9e\u4e0a\uff0c\u65e9\u57281914\u5e74\u59bb\u5b50\u5ea6\u5047\u671f\u95f4\uff0c\u8fea\u8bfa\u5c31\u4f3c\u4e4e\u4e0e\u5176\u4ed6\u5973\u6027\u4fdd\u6301\u7740\u5173\u7cfb\u3002\u5f53\u65f6\u300a\u65b0\u95fb\u62a5\u300b(La Stampa) \u7684\u4e00\u7bc7\u62a5\u9053\u6307\u51fa\uff1a\u201c\u5728\u5e15\u591a\u74e6\u3001\u6469\u5fb7\u7eb3\u3001\u5a01\u5c3c\u65af\u7b49\u5730\uff0c\u8bf1\u5978\u548c\u4f01\u56fe\u8bf1\u5978\u7684\u884c\u4e3a\u5c61\u89c1\u4e0d\u9c9c\u3002\u201d\u57c3\u8389\u8428\u00b7\u52a0\u5e03\u91cc\u57c3\u5229\u5728\u54ed\u6ce3\u4e2d\u4f9b\u8ba4\u4e86\u81ea\u5df1\u7684\u7f6a\u884c\u3002\u88ab\u544a\u8fa9\u62a4\u5f8b\u5e08\u6bd4\u5b89\u79d1 (Bianco) \u4e3b\u5f20\u5176\u5f53\u4e8b\u4eba\u5b8c\u5168\u60a3\u6709\u7cbe\u795e\u75be\u75c5\u3002\u68c0\u5bdf\u5b98\u5219\u4e3b\u5f20\u5176\u4e3a\u90e8\u5206\u7cbe\u795e\u969c\u788d\u53ca\u8fc7\u5931\u6740\u4eba\u3002\u966a\u5ba1\u5458\u5426\u5b9a\u4e86\u8be5\u5973\u5b50\u5b8c\u5168\u65e0\u9700\u8d1f\u8d23\u7684\u8bf4\u6cd5\uff0c\u4f46\u627f\u8ba4\u5176\u60a3\u6709\u5c40\u90e8\u7cbe\u795e\u7f3a\u9677\u3001\u7531\u4e8e\u6124\u6012\u51b2\u52a8\u548c\u4e25\u91cd\u6311\u8845\u800c\u72af\u7f6a\uff0c\u5e76\u7ed9\u4e88\u4e86\u51cf\u8f7b\u5904\u7f5a\u30021924\u5e743\u670822\u65e5\uff0c\u7ecf\u8fc7\u56db\u5929\u7684\u5ead\u5ba1\uff0c\u8d1d\u5362\u8bfa\u5de1\u56de\u6cd5\u9662\u9662\u957f\u5ba3\u5224\u4e86\u8f7b\u5224\uff0c\u90e8\u5206\u91c7\u7eb3\u4e86\u8fa9\u62a4\u65b9\u7684\u8981\u6c42\u3002\u672c\u4e66\u5728\u4e9a\u9a6c\u900a (Amazon) \u63d0\u4f9b\u7535\u5b50\u7248\u548c\u7eb8\u8d28\u7248\u4e24\u79cd\u683c\u5f0f\u3002<\/p>\n<p>&nbsp;<\/p>","protected":false},"excerpt":{"rendered":"<p>\u201cLa signora con due pistole\u201d \u00e8 il titolo dell\u2019ultimo libro di Roberto De Nart, con prefazione della criminologa Silvia Dariz, che racconta di un delitto avvenuto ad Alleghe pi\u00f9 di un secolo fa, ricostruito attraverso gli archivi storici dei giornali e il fascicolo processuale del Tribunale di Belluno. Questo \u00e8 l\u2019ottavo caso di omicidio legato [&hellip;]<\/p>\n","protected":false},"author":2,"featured_media":165375,"comment_status":"closed","ping_status":"open","sticky":false,"template":"","format":"standard","meta":{"footnotes":""},"categories":[3,3446,25],"tags":[3746,3738,100],"class_list":["post-165370","post","type-post","status-publish","format-standard","has-post-thumbnail","category-arte-cultura-spettacoli-scienza-archivi","category-featured","category-pausa-caffe","tag-delitto-alleghe","tag-la-signora-con-due-pistole","tag-roberto-de-nart"],"yoast_head":"<!-- This site is optimized with the Yoast SEO plugin v28.4 - https:\/\/yoast.com\/product\/yoast-seo-wordpress\/ -->\n<title>La signora con due pistole. L&#039;ultimo libro di De Nart su un delitto di un secolo fa - Bellunopress - Dolomiti<\/title>\n<meta name=\"robots\" content=\"index, follow, max-snippet:-1, max-image-preview:large, max-video-preview:-1\" \/>\n<link rel=\"canonical\" href=\"https:\/\/www.bellunopress.it\/fr\/2025\/12\/01\/la-signora-con-due-pistole\/\" \/>\n<meta property=\"og:locale\" content=\"fr_FR\" \/>\n<meta property=\"og:type\" content=\"article\" \/>\n<meta property=\"og:title\" content=\"La signora con due pistole. L&#039;ultimo libro di De Nart su un delitto di un secolo fa - Bellunopress - Dolomiti\" \/>\n<meta property=\"og:description\" content=\"\u201cLa signora con due pistole\u201d \u00e8 il titolo dell\u2019ultimo libro di Roberto De Nart, con prefazione della criminologa Silvia Dariz, che racconta di un delitto avvenuto ad Alleghe pi\u00f9 di un secolo fa, ricostruito attraverso gli archivi storici dei giornali e il fascicolo processuale del Tribunale di Belluno. Questo \u00e8 l\u2019ottavo caso di omicidio legato [&hellip;]\" \/>\n<meta property=\"og:url\" content=\"https:\/\/www.bellunopress.it\/fr\/2025\/12\/01\/la-signora-con-due-pistole\/\" \/>\n<meta property=\"og:site_name\" content=\"Bellunopress - Dolomiti\" \/>\n<meta property=\"article:publisher\" content=\"https:\/\/www.facebook.com\/profile.php?id=100008943462799\" \/>\n<meta property=\"article:published_time\" content=\"2025-12-01T09:03:07+00:00\" \/>\n<meta property=\"article:modified_time\" content=\"2026-03-17T12:18:21+00:00\" \/>\n<meta property=\"og:image\" content=\"https:\/\/www.bellunopress.it\/wp-content\/uploads\/2025\/12\/La-signora-con-due-pistole-5_edited.jpg\" \/>\n\t<meta property=\"og:image:width\" content=\"800\" \/>\n\t<meta property=\"og:image:height\" content=\"500\" \/>\n\t<meta property=\"og:image:type\" content=\"image\/jpeg\" \/>\n<meta name=\"author\" content=\"redazione\" \/>\n<meta name=\"twitter:card\" content=\"summary_large_image\" \/>\n<meta name=\"twitter:creator\" content=\"@bellunopress\" \/>\n<meta name=\"twitter:site\" content=\"@bellunopress\" \/>\n<meta name=\"twitter:label1\" content=\"\u00c9crit par\" \/>\n\t<meta name=\"twitter:data1\" content=\"redazione\" \/>\n\t<meta name=\"twitter:label2\" content=\"Dur\u00e9e de lecture estim\u00e9e\" \/>\n\t<meta name=\"twitter:data2\" content=\"3 minutes\" \/>\n<script type=\"application\/ld+json\" class=\"yoast-schema-graph\">{\"@context\":\"https:\\\/\\\/schema.org\",\"@graph\":[{\"@type\":\"Article\",\"@id\":\"https:\\\/\\\/www.bellunopress.it\\\/2025\\\/12\\\/01\\\/la-signora-con-due-pistole\\\/#article\",\"isPartOf\":{\"@id\":\"https:\\\/\\\/www.bellunopress.it\\\/2025\\\/12\\\/01\\\/la-signora-con-due-pistole\\\/\"},\"author\":{\"name\":\"redazione\",\"@id\":\"https:\\\/\\\/www.bellunopress.it\\\/#\\\/schema\\\/person\\\/79bb06722b37ece1c03d3e94beb30d73\"},\"headline\":\"La signora con due pistole. L&#8217;ultimo libro di De Nart su un delitto di un secolo fa\",\"datePublished\":\"2025-12-01T09:03:07+00:00\",\"dateModified\":\"2026-03-17T12:18:21+00:00\",\"mainEntityOfPage\":{\"@id\":\"https:\\\/\\\/www.bellunopress.it\\\/2025\\\/12\\\/01\\\/la-signora-con-due-pistole\\\/\"},\"wordCount\":718,\"publisher\":{\"@id\":\"https:\\\/\\\/www.bellunopress.it\\\/#organization\"},\"image\":{\"@id\":\"https:\\\/\\\/www.bellunopress.it\\\/2025\\\/12\\\/01\\\/la-signora-con-due-pistole\\\/#primaryimage\"},\"thumbnailUrl\":\"https:\\\/\\\/www.bellunopress.it\\\/wp-content\\\/uploads\\\/2025\\\/12\\\/La-signora-con-due-pistole-5_edited.jpg\",\"keywords\":[\"delitto Alleghe\",\"La signora con due pistole\",\"Roberto De Nart\"],\"articleSection\":[\"Arte, Cultura, Spettacoli, Scienza\",\"Featured\",\"Pausa Caff\u00e8\"],\"inLanguage\":\"fr-FR\"},{\"@type\":\"WebPage\",\"@id\":\"https:\\\/\\\/www.bellunopress.it\\\/2025\\\/12\\\/01\\\/la-signora-con-due-pistole\\\/\",\"url\":\"https:\\\/\\\/www.bellunopress.it\\\/2025\\\/12\\\/01\\\/la-signora-con-due-pistole\\\/\",\"name\":\"La signora con due pistole. L'ultimo libro di De Nart su un delitto di un secolo fa - Bellunopress - Dolomiti\",\"isPartOf\":{\"@id\":\"https:\\\/\\\/www.bellunopress.it\\\/#website\"},\"primaryImageOfPage\":{\"@id\":\"https:\\\/\\\/www.bellunopress.it\\\/2025\\\/12\\\/01\\\/la-signora-con-due-pistole\\\/#primaryimage\"},\"image\":{\"@id\":\"https:\\\/\\\/www.bellunopress.it\\\/2025\\\/12\\\/01\\\/la-signora-con-due-pistole\\\/#primaryimage\"},\"thumbnailUrl\":\"https:\\\/\\\/www.bellunopress.it\\\/wp-content\\\/uploads\\\/2025\\\/12\\\/La-signora-con-due-pistole-5_edited.jpg\",\"datePublished\":\"2025-12-01T09:03:07+00:00\",\"dateModified\":\"2026-03-17T12:18:21+00:00\",\"breadcrumb\":{\"@id\":\"https:\\\/\\\/www.bellunopress.it\\\/2025\\\/12\\\/01\\\/la-signora-con-due-pistole\\\/#breadcrumb\"},\"inLanguage\":\"fr-FR\",\"potentialAction\":[{\"@type\":\"ReadAction\",\"target\":[\"https:\\\/\\\/www.bellunopress.it\\\/2025\\\/12\\\/01\\\/la-signora-con-due-pistole\\\/\"]}]},{\"@type\":\"ImageObject\",\"inLanguage\":\"fr-FR\",\"@id\":\"https:\\\/\\\/www.bellunopress.it\\\/2025\\\/12\\\/01\\\/la-signora-con-due-pistole\\\/#primaryimage\",\"url\":\"https:\\\/\\\/www.bellunopress.it\\\/wp-content\\\/uploads\\\/2025\\\/12\\\/La-signora-con-due-pistole-5_edited.jpg\",\"contentUrl\":\"https:\\\/\\\/www.bellunopress.it\\\/wp-content\\\/uploads\\\/2025\\\/12\\\/La-signora-con-due-pistole-5_edited.jpg\",\"width\":800,\"height\":500},{\"@type\":\"BreadcrumbList\",\"@id\":\"https:\\\/\\\/www.bellunopress.it\\\/2025\\\/12\\\/01\\\/la-signora-con-due-pistole\\\/#breadcrumb\",\"itemListElement\":[{\"@type\":\"ListItem\",\"position\":1,\"name\":\"Home\",\"item\":\"https:\\\/\\\/www.bellunopress.it\\\/\"},{\"@type\":\"ListItem\",\"position\":2,\"name\":\"La signora con due pistole. L&#8217;ultimo libro di De Nart su un delitto di un secolo fa\"}]},{\"@type\":\"WebSite\",\"@id\":\"https:\\\/\\\/www.bellunopress.it\\\/#website\",\"url\":\"https:\\\/\\\/www.bellunopress.it\\\/\",\"name\":\"Bellunopress - Dolomiti\",\"description\":\"e-mail: redazione@bellunopress.it\",\"publisher\":{\"@id\":\"https:\\\/\\\/www.bellunopress.it\\\/#organization\"},\"potentialAction\":[{\"@type\":\"SearchAction\",\"target\":{\"@type\":\"EntryPoint\",\"urlTemplate\":\"https:\\\/\\\/www.bellunopress.it\\\/?s={search_term_string}\"},\"query-input\":{\"@type\":\"PropertyValueSpecification\",\"valueRequired\":true,\"valueName\":\"search_term_string\"}}],\"inLanguage\":\"fr-FR\"},{\"@type\":\"Organization\",\"@id\":\"https:\\\/\\\/www.bellunopress.it\\\/#organization\",\"name\":\"Bellunopress\",\"url\":\"https:\\\/\\\/www.bellunopress.it\\\/\",\"logo\":{\"@type\":\"ImageObject\",\"inLanguage\":\"fr-FR\",\"@id\":\"https:\\\/\\\/www.bellunopress.it\\\/#\\\/schema\\\/logo\\\/image\\\/\",\"url\":\"https:\\\/\\\/www.bellunopress.it\\\/wp-content\\\/uploads\\\/2011\\\/05\\\/cropped-logo-bellunopress-.jpg\",\"contentUrl\":\"https:\\\/\\\/www.bellunopress.it\\\/wp-content\\\/uploads\\\/2011\\\/05\\\/cropped-logo-bellunopress-.jpg\",\"width\":512,\"height\":512,\"caption\":\"Bellunopress\"},\"image\":{\"@id\":\"https:\\\/\\\/www.bellunopress.it\\\/#\\\/schema\\\/logo\\\/image\\\/\"},\"sameAs\":[\"https:\\\/\\\/www.facebook.com\\\/profile.php?id=100008943462799\",\"https:\\\/\\\/x.com\\\/bellunopress\",\"https:\\\/\\\/www.linkedin.com\\\/hp\\\/?dnr=JBzUWaJfMUw8vbXJJ2tVW5-I3jZKvC4wsoxE&amp;amp;amp;amp;amp;amp;trk=nav_responsive_tab_home\",\"https:\\\/\\\/www.youtube.com\\\/channel\\\/UCxL0wu1uN0_3_7hGG0306cw\"]},{\"@type\":\"Person\",\"@id\":\"https:\\\/\\\/www.bellunopress.it\\\/#\\\/schema\\\/person\\\/79bb06722b37ece1c03d3e94beb30d73\",\"name\":\"redazione\",\"image\":{\"@type\":\"ImageObject\",\"inLanguage\":\"fr-FR\",\"@id\":\"https:\\\/\\\/secure.gravatar.com\\\/avatar\\\/37d968a2e67a6fd04c169c4bdef102d0bc5d31b2546345219e348575eb80e9a0?s=96&d=mm&r=g\",\"url\":\"https:\\\/\\\/secure.gravatar.com\\\/avatar\\\/37d968a2e67a6fd04c169c4bdef102d0bc5d31b2546345219e348575eb80e9a0?s=96&d=mm&r=g\",\"contentUrl\":\"https:\\\/\\\/secure.gravatar.com\\\/avatar\\\/37d968a2e67a6fd04c169c4bdef102d0bc5d31b2546345219e348575eb80e9a0?s=96&d=mm&r=g\",\"caption\":\"redazione\"},\"sameAs\":[\"http:\\\/\\\/www.bellunopress.it\",\"https:\\\/\\\/x.com\\\/bellunopress\"],\"url\":\"https:\\\/\\\/www.bellunopress.it\\\/fr\\\/author\\\/redazione\\\/\"}]}<\/script>\n<!-- \/ Yoast SEO plugin. -->","yoast_head_json":{"title":"La signora con due pistole. L'ultimo libro di De Nart su un delitto di un secolo fa - Bellunopress - Dolomiti","robots":{"index":"index","follow":"follow","max-snippet":"max-snippet:-1","max-image-preview":"max-image-preview:large","max-video-preview":"max-video-preview:-1"},"canonical":"https:\/\/www.bellunopress.it\/fr\/2025\/12\/01\/la-signora-con-due-pistole\/","og_locale":"fr_FR","og_type":"article","og_title":"La signora con due pistole. L'ultimo libro di De Nart su un delitto di un secolo fa - Bellunopress - Dolomiti","og_description":"\u201cLa signora con due pistole\u201d \u00e8 il titolo dell\u2019ultimo libro di Roberto De Nart, con prefazione della criminologa Silvia Dariz, che racconta di un delitto avvenuto ad Alleghe pi\u00f9 di un secolo fa, ricostruito attraverso gli archivi storici dei giornali e il fascicolo processuale del Tribunale di Belluno. Questo \u00e8 l\u2019ottavo caso di omicidio legato [&hellip;]","og_url":"https:\/\/www.bellunopress.it\/fr\/2025\/12\/01\/la-signora-con-due-pistole\/","og_site_name":"Bellunopress - Dolomiti","article_publisher":"https:\/\/www.facebook.com\/profile.php?id=100008943462799","article_published_time":"2025-12-01T09:03:07+00:00","article_modified_time":"2026-03-17T12:18:21+00:00","og_image":[{"width":800,"height":500,"url":"https:\/\/www.bellunopress.it\/wp-content\/uploads\/2025\/12\/La-signora-con-due-pistole-5_edited.jpg","type":"image\/jpeg"}],"author":"redazione","twitter_card":"summary_large_image","twitter_creator":"@bellunopress","twitter_site":"@bellunopress","twitter_misc":{"\u00c9crit par":"redazione","Dur\u00e9e de lecture estim\u00e9e":"3 minutes"},"schema":{"@context":"https:\/\/schema.org","@graph":[{"@type":"Article","@id":"https:\/\/www.bellunopress.it\/2025\/12\/01\/la-signora-con-due-pistole\/#article","isPartOf":{"@id":"https:\/\/www.bellunopress.it\/2025\/12\/01\/la-signora-con-due-pistole\/"},"author":{"name":"redazione","@id":"https:\/\/www.bellunopress.it\/#\/schema\/person\/79bb06722b37ece1c03d3e94beb30d73"},"headline":"La signora con due pistole. L&#8217;ultimo libro di De Nart su un delitto di un secolo fa","datePublished":"2025-12-01T09:03:07+00:00","dateModified":"2026-03-17T12:18:21+00:00","mainEntityOfPage":{"@id":"https:\/\/www.bellunopress.it\/2025\/12\/01\/la-signora-con-due-pistole\/"},"wordCount":718,"publisher":{"@id":"https:\/\/www.bellunopress.it\/#organization"},"image":{"@id":"https:\/\/www.bellunopress.it\/2025\/12\/01\/la-signora-con-due-pistole\/#primaryimage"},"thumbnailUrl":"https:\/\/www.bellunopress.it\/wp-content\/uploads\/2025\/12\/La-signora-con-due-pistole-5_edited.jpg","keywords":["delitto Alleghe","La signora con due pistole","Roberto De Nart"],"articleSection":["Arte, Cultura, Spettacoli, Scienza","Featured","Pausa Caff\u00e8"],"inLanguage":"fr-FR"},{"@type":"WebPage","@id":"https:\/\/www.bellunopress.it\/2025\/12\/01\/la-signora-con-due-pistole\/","url":"https:\/\/www.bellunopress.it\/2025\/12\/01\/la-signora-con-due-pistole\/","name":"La signora con due pistole. L'ultimo libro di De Nart su un delitto di un secolo fa - Bellunopress - Dolomiti","isPartOf":{"@id":"https:\/\/www.bellunopress.it\/#website"},"primaryImageOfPage":{"@id":"https:\/\/www.bellunopress.it\/2025\/12\/01\/la-signora-con-due-pistole\/#primaryimage"},"image":{"@id":"https:\/\/www.bellunopress.it\/2025\/12\/01\/la-signora-con-due-pistole\/#primaryimage"},"thumbnailUrl":"https:\/\/www.bellunopress.it\/wp-content\/uploads\/2025\/12\/La-signora-con-due-pistole-5_edited.jpg","datePublished":"2025-12-01T09:03:07+00:00","dateModified":"2026-03-17T12:18:21+00:00","breadcrumb":{"@id":"https:\/\/www.bellunopress.it\/2025\/12\/01\/la-signora-con-due-pistole\/#breadcrumb"},"inLanguage":"fr-FR","potentialAction":[{"@type":"ReadAction","target":["https:\/\/www.bellunopress.it\/2025\/12\/01\/la-signora-con-due-pistole\/"]}]},{"@type":"ImageObject","inLanguage":"fr-FR","@id":"https:\/\/www.bellunopress.it\/2025\/12\/01\/la-signora-con-due-pistole\/#primaryimage","url":"https:\/\/www.bellunopress.it\/wp-content\/uploads\/2025\/12\/La-signora-con-due-pistole-5_edited.jpg","contentUrl":"https:\/\/www.bellunopress.it\/wp-content\/uploads\/2025\/12\/La-signora-con-due-pistole-5_edited.jpg","width":800,"height":500},{"@type":"BreadcrumbList","@id":"https:\/\/www.bellunopress.it\/2025\/12\/01\/la-signora-con-due-pistole\/#breadcrumb","itemListElement":[{"@type":"ListItem","position":1,"name":"Home","item":"https:\/\/www.bellunopress.it\/"},{"@type":"ListItem","position":2,"name":"La signora con due pistole. L&#8217;ultimo libro di De Nart su un delitto di un secolo fa"}]},{"@type":"WebSite","@id":"https:\/\/www.bellunopress.it\/#website","url":"https:\/\/www.bellunopress.it\/","name":"Bellunopress - Dolomiti","description":"e-mail: redazione@bellunopress.it","publisher":{"@id":"https:\/\/www.bellunopress.it\/#organization"},"potentialAction":[{"@type":"SearchAction","target":{"@type":"EntryPoint","urlTemplate":"https:\/\/www.bellunopress.it\/?s={search_term_string}"},"query-input":{"@type":"PropertyValueSpecification","valueRequired":true,"valueName":"search_term_string"}}],"inLanguage":"fr-FR"},{"@type":"Organization","@id":"https:\/\/www.bellunopress.it\/#organization","name":"Bellunopress","url":"https:\/\/www.bellunopress.it\/","logo":{"@type":"ImageObject","inLanguage":"fr-FR","@id":"https:\/\/www.bellunopress.it\/#\/schema\/logo\/image\/","url":"https:\/\/www.bellunopress.it\/wp-content\/uploads\/2011\/05\/cropped-logo-bellunopress-.jpg","contentUrl":"https:\/\/www.bellunopress.it\/wp-content\/uploads\/2011\/05\/cropped-logo-bellunopress-.jpg","width":512,"height":512,"caption":"Bellunopress"},"image":{"@id":"https:\/\/www.bellunopress.it\/#\/schema\/logo\/image\/"},"sameAs":["https:\/\/www.facebook.com\/profile.php?id=100008943462799","https:\/\/x.com\/bellunopress","https:\/\/www.linkedin.com\/hp\/?dnr=JBzUWaJfMUw8vbXJJ2tVW5-I3jZKvC4wsoxE&amp;amp;amp;amp;amp;amp;trk=nav_responsive_tab_home","https:\/\/www.youtube.com\/channel\/UCxL0wu1uN0_3_7hGG0306cw"]},{"@type":"Person","@id":"https:\/\/www.bellunopress.it\/#\/schema\/person\/79bb06722b37ece1c03d3e94beb30d73","name":"r\u00e9daction","image":{"@type":"ImageObject","inLanguage":"fr-FR","@id":"https:\/\/secure.gravatar.com\/avatar\/37d968a2e67a6fd04c169c4bdef102d0bc5d31b2546345219e348575eb80e9a0?s=96&d=mm&r=g","url":"https:\/\/secure.gravatar.com\/avatar\/37d968a2e67a6fd04c169c4bdef102d0bc5d31b2546345219e348575eb80e9a0?s=96&d=mm&r=g","contentUrl":"https:\/\/secure.gravatar.com\/avatar\/37d968a2e67a6fd04c169c4bdef102d0bc5d31b2546345219e348575eb80e9a0?s=96&d=mm&r=g","caption":"redazione"},"sameAs":["http:\/\/www.bellunopress.it","https:\/\/x.com\/bellunopress"],"url":"https:\/\/www.bellunopress.it\/fr\/author\/redazione\/"}]}},"_links":{"self":[{"href":"https:\/\/www.bellunopress.it\/fr\/wp-json\/wp\/v2\/posts\/165370","targetHints":{"allow":["GET"]}}],"collection":[{"href":"https:\/\/www.bellunopress.it\/fr\/wp-json\/wp\/v2\/posts"}],"about":[{"href":"https:\/\/www.bellunopress.it\/fr\/wp-json\/wp\/v2\/types\/post"}],"author":[{"embeddable":true,"href":"https:\/\/www.bellunopress.it\/fr\/wp-json\/wp\/v2\/users\/2"}],"replies":[{"embeddable":true,"href":"https:\/\/www.bellunopress.it\/fr\/wp-json\/wp\/v2\/comments?post=165370"}],"version-history":[{"count":6,"href":"https:\/\/www.bellunopress.it\/fr\/wp-json\/wp\/v2\/posts\/165370\/revisions"}],"predecessor-version":[{"id":168246,"href":"https:\/\/www.bellunopress.it\/fr\/wp-json\/wp\/v2\/posts\/165370\/revisions\/168246"}],"wp:featuredmedia":[{"embeddable":true,"href":"https:\/\/www.bellunopress.it\/fr\/wp-json\/wp\/v2\/media\/165375"}],"wp:attachment":[{"href":"https:\/\/www.bellunopress.it\/fr\/wp-json\/wp\/v2\/media?parent=165370"}],"wp:term":[{"taxonomy":"category","embeddable":true,"href":"https:\/\/www.bellunopress.it\/fr\/wp-json\/wp\/v2\/categories?post=165370"},{"taxonomy":"post_tag","embeddable":true,"href":"https:\/\/www.bellunopress.it\/fr\/wp-json\/wp\/v2\/tags?post=165370"}],"curies":[{"name":"wp","href":"https:\/\/api.w.org\/{rel}","templated":true}]}}