{"id":165334,"date":"2025-11-29T21:35:53","date_gmt":"2025-11-29T20:35:53","guid":{"rendered":"https:\/\/www.bellunopress.it\/?p=165334"},"modified":"2025-11-29T21:35:53","modified_gmt":"2025-11-29T20:35:53","slug":"area-pedonale-urbana-di-polpet-controllata-da-varchi-elettronici","status":"publish","type":"post","link":"https:\/\/www.bellunopress.it\/fr\/2025\/11\/29\/area-pedonale-urbana-di-polpet-controllata-da-varchi-elettronici\/","title":{"rendered":"Area pedonale urbana di Polpet controllata da varchi elettronici"},"content":{"rendered":"<figure id=\"attachment_154149\" aria-describedby=\"caption-attachment-154149\" style=\"width: 500px\" class=\"wp-caption alignleft\"><img loading=\"lazy\" decoding=\"async\" class=\"size-medium wp-image-154149\" src=\"https:\/\/www.bellunopress.it\/wp-content\/uploads\/2024\/09\/angelo-levis_edited-500x282.jpg\" alt=\"\" width=\"500\" height=\"282\" srcset=\"https:\/\/www.bellunopress.it\/wp-content\/uploads\/2024\/09\/angelo-levis_edited-500x282.jpg 500w, https:\/\/www.bellunopress.it\/wp-content\/uploads\/2024\/09\/angelo-levis_edited-745x420.jpg 745w, https:\/\/www.bellunopress.it\/wp-content\/uploads\/2024\/09\/angelo-levis_edited-696x393.jpg 696w, https:\/\/www.bellunopress.it\/wp-content\/uploads\/2024\/09\/angelo-levis_edited.jpg 1000w\" sizes=\"auto, (max-width: 500px) 100vw, 500px\" \/><figcaption id=\"caption-attachment-154149\" class=\"wp-caption-text\">Angelo Levis, vicesindaco di Ponte nelle Alpi<\/figcaption><\/figure>\n<p><strong>Approvato l\u2019atto di indirizzo per costituirla<\/strong><\/p>\n<p>Ponte nelle Alpi, 29 novembre 2025 &#8211; Era nel programma elettorale di R-innovare insieme: la risoluzione della problematica del traffico nell\u2019area urbana di Polpet. Il traffico intenso e caotico lamentato \u00e8 di tipo ultraterritoriale, in quanto gli utenti della strada che si riversano nella frazione si servono del percorso quale itinerario alternativo alle arterie principali, S.S. 51 &#8220;di Alemagna&#8221; e S.S. 50 &#8220;del Grappa e Passo Rolle&#8221;, per effettuare il tragitto casa\/lavoro e lavoro\/casa che congiunge Belluno alla zona industriale di Longarone e viceversa durante determinate fasce orarie. Le strutture viarie nel centro storico sono inadeguate alla mole di traffico che lo interessa, perch\u00e9 strette e piene di accessi a raso sugli ingressi delle abitazioni.<\/p>\n<p>C\u2019era stato un primo incontro con gli abitanti della frazione a novembre 2024 in cui erano state illustrate possibili soluzioni e per contro recepite molte indicazioni. In quest\u2019anno l\u2019amministrazione ha lavorato e convenuto che la soluzione, definitiva e meno impattante per i residenti, fosse l\u2019istituzione di un\u2019area pedonale. Il controllo di accesso all\u2019APU (area pedonale urbana) sar\u00e0 effettuato da varchi elettronici che consentono l&#8217;automatica attivazione delle procedure sanzionatorie nei confronti dei veicoli non autorizzati che accedono. Il primo passo operativo era stato compiuto durante il Consiglio Comunale del 30 settembre 2025, dove era stata approvata una variazione al bilancio di previsione 2025\/2027 assegnando le risorse necessarie all\u2019attuazione<\/p>\n<p>Nell\u2019assemblea frazionale di domenica 16 novembre 2025 l\u2019amministrazione ha presentato la bozza di progetto ed interagito con i numerosi presenti per recepire eventuali osservazioni\/suggerimenti. Il 26 novembre la giunta, a seguito di questo periodo di concertazione, ha cosi approvato l\u2019atto di indirizzo per la costituzione dell\u2019area pedonale urbana di Polpet stabilendo quanto a seguire:<br \/>\nl\u2019&#8217;APU verter\u00e0 su tutta la lunghezza di Via R. Fiori, su un breve tratto di Via Cadore e su una parte di Via S. Andrea, i varchi saranno posizionati in:<br \/>\n&#8211; n. 1 in Piazza A. Boito per l&#8217;accesso a Via R. Fiori;<br \/>\n&#8211; n. 1 in Via Cadore per l&#8217;accesso a Via R. Fiori;<br \/>\n&#8211; n. 1 in via S. Andrea per limitare il traffico su Via R. Costantini che altrimenti verrebbe utilizzata come alternativa a Via R. Fiori andando a creare le stesse criticit\u00e0 dell&#8217;attuale ZTL<br \/>\nL\u2019APU sar\u00e0 attiva con orario dalle 07:00 alle ore 08:30 del mattino e dalle ore 16:30 alle ore 18:30 del pomeriggio nei giorni feriali dal luned\u00ec al venerd\u00ec. Tutte le aree di prossimit\u00e0 saranno preventivamente segnalate da opportuna cartellonistica stradale. I tempi per l\u2019attivazione\/attuazione non sono ancora definiti, dipenderanno dalle tempistiche di affidamento e realizzazione delle opere necessarie, presumibilmente primavera 2026.<br \/>\nCon la creazione dell&#8217;area pedonale urbana risulta indispensabile modificare la viabilit\u00e0 sui tratti laterali a Via R. Fiori e quindi verranno istituiti dei sensi unici su Via F. Cesa, Via G. Leopardi e Via S. Felice su tronconi delle predette vie.<\/p>\n<p>L&#8217;accesso all&#8217;area pedonale urbana c.d. &#8220;ATTIVA&#8221; \u00e8 consentita previo rilascio di permesso alle seguenti categorie di veicoli:<br \/>\n&#8211; veicoli dei residenti o domiciliati nelle seguenti vie:<br \/>\nVia R. Fiori;<br \/>\nVia S. Andrea;<br \/>\nVia Cadore;<br \/>\nVia S. Felice;<br \/>\nVia F. Cesa;<br \/>\nVia G. Leopardi;<br \/>\nPiazza A. Boito;<br \/>\nVia S. Antonio;<br \/>\nVia R. Costantini;<br \/>\nVia G. Cesare;<br \/>\nVia T. Vecellio;<br \/>\nVia Borgo Livinal;<br \/>\nVia dei Borghi;<br \/>\nVia Monte Frusseda;<br \/>\nVia Madonna di Vedoia;<br \/>\nVia Belluno;<br \/>\nVia Monte Serva;<br \/>\nVia Nuova Erto;<br \/>\nVia L. Barattin;<br \/>\n&#8211; veicoli di proprietari o comunque aventi titolo, di cortili\/box\/autorimesse private;<br \/>\n&#8211; veicoli adibiti a servizio sanitario (ambulanze, altri mezzi, etc.) che svolgono servizio non in stato di emergenza;<br \/>\n&#8211; veicoli in dotazione all\u2019Amministrazione Comunale;<br \/>\n&#8211; veicoli per servizio scolastico;<br \/>\n&#8211; veicoli per conto della Fondazione \u201cCasa del Sole\u201d;<br \/>\n&#8211; veicoli per la manutenzione delle aree, pulizia, sgombero neve, illuminazione, lavori edili, stradali, traslochi e simili;<br \/>\n&#8211; veicoli per la raccolta dei rifiuti urbani;<br \/>\n&#8211; veicoli adibiti al trasporto pubblico locale ed extra urbano;<br \/>\n&#8211; veicoli adibiti a servizio pubblico non di linea, taxi e noleggio con conducente;<br \/>\n&#8211; veicoli che per comprovata oggettiva necessit\u00e0 di accesso e\/o sosta necessitano dell\u2019autorizzazione (es. traslochi, interventi di edilizia, etc.);<br \/>\n&#8211; veicoli ad emissioni zero aventi ingombro e velocit\u00e0 tali da poter essere assimilati ai velocipedi;<br \/>\n&#8211; veicoli a servizio di istituti di vigilanza pubblica e privata;<br \/>\n&#8211; veicoli in servizio pubblico per utenze quali luce, gas, telecomunicazioni, fognature e simili;<br \/>\n&#8211; veicoli per operazioni di carico, scarico e consegna merci con sosta operosa nell\u2019APU;<br \/>\n&#8211; veicoli adibiti al servizio postale e corrieri per consegna da effettuarsi nell\u2019APU;<br \/>\n&#8211; veicoli per servizi funebri;<br \/>\n&#8211; veicoli adibiti al servizio di rimozione e soccorso stradale che devono intervenire nell\u2019APU;<br \/>\ne non necessitano di autorizzazione e possono circolare liberamente nell\u2019APU durante i giorni feriali e negli orari di vigenza del divieto le seguenti categorie di veicoli:<br \/>\n&#8211; veicoli in emergenza adibiti a servizi di polizia, antincendio, ambulanze, protezione civile e simili;<br \/>\n&#8211; velocipedi;<br \/>\n&#8211; veicoli a servizio delle persone invalide muniti di apposito contrassegno di cui al D.P.R. 16.12.1992 n. 495;<br \/>\n&#8211; macchine agricole;<\/p>\n<p>I permessi saranno rilasciati o rinnovati a coloro che ne hanno diritto ai sensi delle presenti disposizioni e che ne facciano espressamente richiesta tramite la modalit\u00e0 on-line, mediante piattaforma raggiungibile attraverso appositi link predisposti sulle pagine web del sito comunale. Non vi sono costi per il rilascio del permesso.<br \/>\nL\u2019istanza per il rilascio delle autorizzazioni dovr\u00e0 essere presentata dalla persona avente titolo oppure da persona delegata.<br \/>\nIn via eccezionale e per casi straordinari le richieste potranno essere inviate all\u2019indirizzo PEC del Comune o a quello di posta elettronica della Polizia Locale.<br \/>\nLa circolazione veicolare sar\u00e0 liberamente consentita a tutti i veicoli, autorizzati e non, nei giorni e nelle fasce orarie in cui l&#8217;area pedonale \u00e8 &#8220;NON ATTIVA<br \/>\nL\u2019accesso all\u2019area esteso ai residenti\/domiciliati di TUTTA l\u2019area urbana di Polpet recepisce cos\u00ec le istanze proposte nell\u2019assemblea frazionale. Un ringraziamento agli agenti della Polizia Locale, in particolare alla Comandante Eddy De Bona per l\u2019impegno profuso per la predisposizione e per le successive fasi di adempimento necessarie per questa importante pianificazione.<br \/>\nUn\u2019 importante progetto, che siamo certi risolver\u00e0 definitivamente il traffico a POLPET restituendo alla frazione quella vivibilit\u00e0 e sostenibilit\u00e0 che merita.<br \/>\nUn\u2019altra promessa elettorale trova compimento.<\/p>\n<p><strong>Angelo Levis<\/strong><br \/>\n<strong>Vice sindaco Ponte nelle Alpi<\/strong><\/p>\n<p>&nbsp;<\/p>","protected":false},"excerpt":{"rendered":"<p>Approvato l\u2019atto di indirizzo per costituirla Ponte nelle Alpi, 29 novembre 2025 &#8211; Era nel programma elettorale di R-innovare insieme: la risoluzione della problematica del traffico nell\u2019area urbana di Polpet. Il traffico intenso e caotico lamentato \u00e8 di tipo ultraterritoriale, in quanto gli utenti della strada che si riversano nella frazione si servono del percorso [&hellip;]<\/p>\n","protected":false},"author":2,"featured_media":154149,"comment_status":"closed","ping_status":"open","sticky":false,"template":"","format":"standard","meta":{"footnotes":""},"categories":[26,8],"tags":[],"class_list":["post-165334","post","type-post","status-publish","format-standard","has-post-thumbnail","category-prima-pagina","category-societa-istituzioni"],"yoast_head":"<!-- This site is optimized with the Yoast SEO plugin v28.4 - https:\/\/yoast.com\/product\/yoast-seo-wordpress\/ -->\n<title>Area pedonale urbana di Polpet controllata da varchi elettronici - Bellunopress - Dolomiti<\/title>\n<meta name=\"robots\" content=\"index, follow, max-snippet:-1, max-image-preview:large, max-video-preview:-1\" \/>\n<link rel=\"canonical\" href=\"https:\/\/www.bellunopress.it\/fr\/2025\/11\/29\/area-pedonale-urbana-di-polpet-controllata-da-varchi-elettronici\/\" \/>\n<meta property=\"og:locale\" content=\"fr_FR\" \/>\n<meta property=\"og:type\" content=\"article\" \/>\n<meta property=\"og:title\" content=\"Area pedonale urbana di Polpet controllata da varchi elettronici - Bellunopress - Dolomiti\" \/>\n<meta property=\"og:description\" content=\"Approvato l\u2019atto di indirizzo per costituirla Ponte nelle Alpi, 29 novembre 2025 &#8211; Era nel programma elettorale di R-innovare insieme: la risoluzione della problematica del traffico nell\u2019area urbana di Polpet. Il traffico intenso e caotico lamentato \u00e8 di tipo ultraterritoriale, in quanto gli utenti della strada che si riversano nella frazione si servono del percorso [&hellip;]\" \/>\n<meta property=\"og:url\" content=\"https:\/\/www.bellunopress.it\/fr\/2025\/11\/29\/area-pedonale-urbana-di-polpet-controllata-da-varchi-elettronici\/\" \/>\n<meta property=\"og:site_name\" content=\"Bellunopress - Dolomiti\" \/>\n<meta property=\"article:publisher\" content=\"https:\/\/www.facebook.com\/profile.php?id=100008943462799\" \/>\n<meta property=\"article:published_time\" content=\"2025-11-29T20:35:53+00:00\" \/>\n<meta property=\"og:image\" content=\"https:\/\/www.bellunopress.it\/wp-content\/uploads\/2024\/09\/angelo-levis_edited.jpg\" \/>\n\t<meta property=\"og:image:width\" content=\"1000\" \/>\n\t<meta property=\"og:image:height\" content=\"564\" \/>\n\t<meta property=\"og:image:type\" content=\"image\/jpeg\" \/>\n<meta name=\"author\" content=\"redazione\" \/>\n<meta name=\"twitter:card\" content=\"summary_large_image\" \/>\n<meta name=\"twitter:creator\" content=\"@bellunopress\" \/>\n<meta name=\"twitter:site\" content=\"@bellunopress\" \/>\n<meta name=\"twitter:label1\" content=\"\u00c9crit par\" \/>\n\t<meta name=\"twitter:data1\" content=\"redazione\" \/>\n\t<meta name=\"twitter:label2\" content=\"Dur\u00e9e de lecture estim\u00e9e\" \/>\n\t<meta name=\"twitter:data2\" content=\"5 minutes\" \/>\n<script type=\"application\/ld+json\" class=\"yoast-schema-graph\">{\"@context\":\"https:\\\/\\\/schema.org\",\"@graph\":[{\"@type\":\"Article\",\"@id\":\"https:\\\/\\\/www.bellunopress.it\\\/2025\\\/11\\\/29\\\/area-pedonale-urbana-di-polpet-controllata-da-varchi-elettronici\\\/#article\",\"isPartOf\":{\"@id\":\"https:\\\/\\\/www.bellunopress.it\\\/2025\\\/11\\\/29\\\/area-pedonale-urbana-di-polpet-controllata-da-varchi-elettronici\\\/\"},\"author\":{\"name\":\"redazione\",\"@id\":\"https:\\\/\\\/www.bellunopress.it\\\/#\\\/schema\\\/person\\\/79bb06722b37ece1c03d3e94beb30d73\"},\"headline\":\"Area pedonale urbana di Polpet controllata da varchi elettronici\",\"datePublished\":\"2025-11-29T20:35:53+00:00\",\"mainEntityOfPage\":{\"@id\":\"https:\\\/\\\/www.bellunopress.it\\\/2025\\\/11\\\/29\\\/area-pedonale-urbana-di-polpet-controllata-da-varchi-elettronici\\\/\"},\"wordCount\":1073,\"publisher\":{\"@id\":\"https:\\\/\\\/www.bellunopress.it\\\/#organization\"},\"image\":{\"@id\":\"https:\\\/\\\/www.bellunopress.it\\\/2025\\\/11\\\/29\\\/area-pedonale-urbana-di-polpet-controllata-da-varchi-elettronici\\\/#primaryimage\"},\"thumbnailUrl\":\"https:\\\/\\\/www.bellunopress.it\\\/wp-content\\\/uploads\\\/2024\\\/09\\\/angelo-levis_edited.jpg\",\"articleSection\":[\"Prima Pagina\",\"Societ\u00e0, Associazioni, Istituzioni\"],\"inLanguage\":\"fr-FR\"},{\"@type\":\"WebPage\",\"@id\":\"https:\\\/\\\/www.bellunopress.it\\\/2025\\\/11\\\/29\\\/area-pedonale-urbana-di-polpet-controllata-da-varchi-elettronici\\\/\",\"url\":\"https:\\\/\\\/www.bellunopress.it\\\/2025\\\/11\\\/29\\\/area-pedonale-urbana-di-polpet-controllata-da-varchi-elettronici\\\/\",\"name\":\"Area pedonale urbana di Polpet controllata da varchi elettronici - Bellunopress - Dolomiti\",\"isPartOf\":{\"@id\":\"https:\\\/\\\/www.bellunopress.it\\\/#website\"},\"primaryImageOfPage\":{\"@id\":\"https:\\\/\\\/www.bellunopress.it\\\/2025\\\/11\\\/29\\\/area-pedonale-urbana-di-polpet-controllata-da-varchi-elettronici\\\/#primaryimage\"},\"image\":{\"@id\":\"https:\\\/\\\/www.bellunopress.it\\\/2025\\\/11\\\/29\\\/area-pedonale-urbana-di-polpet-controllata-da-varchi-elettronici\\\/#primaryimage\"},\"thumbnailUrl\":\"https:\\\/\\\/www.bellunopress.it\\\/wp-content\\\/uploads\\\/2024\\\/09\\\/angelo-levis_edited.jpg\",\"datePublished\":\"2025-11-29T20:35:53+00:00\",\"breadcrumb\":{\"@id\":\"https:\\\/\\\/www.bellunopress.it\\\/2025\\\/11\\\/29\\\/area-pedonale-urbana-di-polpet-controllata-da-varchi-elettronici\\\/#breadcrumb\"},\"inLanguage\":\"fr-FR\",\"potentialAction\":[{\"@type\":\"ReadAction\",\"target\":[\"https:\\\/\\\/www.bellunopress.it\\\/2025\\\/11\\\/29\\\/area-pedonale-urbana-di-polpet-controllata-da-varchi-elettronici\\\/\"]}]},{\"@type\":\"ImageObject\",\"inLanguage\":\"fr-FR\",\"@id\":\"https:\\\/\\\/www.bellunopress.it\\\/2025\\\/11\\\/29\\\/area-pedonale-urbana-di-polpet-controllata-da-varchi-elettronici\\\/#primaryimage\",\"url\":\"https:\\\/\\\/www.bellunopress.it\\\/wp-content\\\/uploads\\\/2024\\\/09\\\/angelo-levis_edited.jpg\",\"contentUrl\":\"https:\\\/\\\/www.bellunopress.it\\\/wp-content\\\/uploads\\\/2024\\\/09\\\/angelo-levis_edited.jpg\",\"width\":1000,\"height\":564,\"caption\":\"Angelo Levis, vicesindaco di Ponte nelle Alpi\"},{\"@type\":\"BreadcrumbList\",\"@id\":\"https:\\\/\\\/www.bellunopress.it\\\/2025\\\/11\\\/29\\\/area-pedonale-urbana-di-polpet-controllata-da-varchi-elettronici\\\/#breadcrumb\",\"itemListElement\":[{\"@type\":\"ListItem\",\"position\":1,\"name\":\"Home\",\"item\":\"https:\\\/\\\/www.bellunopress.it\\\/\"},{\"@type\":\"ListItem\",\"position\":2,\"name\":\"Area pedonale urbana di Polpet controllata da varchi elettronici\"}]},{\"@type\":\"WebSite\",\"@id\":\"https:\\\/\\\/www.bellunopress.it\\\/#website\",\"url\":\"https:\\\/\\\/www.bellunopress.it\\\/\",\"name\":\"Bellunopress - Dolomiti\",\"description\":\"e-mail: redazione@bellunopress.it\",\"publisher\":{\"@id\":\"https:\\\/\\\/www.bellunopress.it\\\/#organization\"},\"potentialAction\":[{\"@type\":\"SearchAction\",\"target\":{\"@type\":\"EntryPoint\",\"urlTemplate\":\"https:\\\/\\\/www.bellunopress.it\\\/?s={search_term_string}\"},\"query-input\":{\"@type\":\"PropertyValueSpecification\",\"valueRequired\":true,\"valueName\":\"search_term_string\"}}],\"inLanguage\":\"fr-FR\"},{\"@type\":\"Organization\",\"@id\":\"https:\\\/\\\/www.bellunopress.it\\\/#organization\",\"name\":\"Bellunopress\",\"url\":\"https:\\\/\\\/www.bellunopress.it\\\/\",\"logo\":{\"@type\":\"ImageObject\",\"inLanguage\":\"fr-FR\",\"@id\":\"https:\\\/\\\/www.bellunopress.it\\\/#\\\/schema\\\/logo\\\/image\\\/\",\"url\":\"https:\\\/\\\/www.bellunopress.it\\\/wp-content\\\/uploads\\\/2011\\\/05\\\/cropped-logo-bellunopress-.jpg\",\"contentUrl\":\"https:\\\/\\\/www.bellunopress.it\\\/wp-content\\\/uploads\\\/2011\\\/05\\\/cropped-logo-bellunopress-.jpg\",\"width\":512,\"height\":512,\"caption\":\"Bellunopress\"},\"image\":{\"@id\":\"https:\\\/\\\/www.bellunopress.it\\\/#\\\/schema\\\/logo\\\/image\\\/\"},\"sameAs\":[\"https:\\\/\\\/www.facebook.com\\\/profile.php?id=100008943462799\",\"https:\\\/\\\/x.com\\\/bellunopress\",\"https:\\\/\\\/www.linkedin.com\\\/hp\\\/?dnr=JBzUWaJfMUw8vbXJJ2tVW5-I3jZKvC4wsoxE&amp;amp;amp;amp;amp;amp;trk=nav_responsive_tab_home\",\"https:\\\/\\\/www.youtube.com\\\/channel\\\/UCxL0wu1uN0_3_7hGG0306cw\"]},{\"@type\":\"Person\",\"@id\":\"https:\\\/\\\/www.bellunopress.it\\\/#\\\/schema\\\/person\\\/79bb06722b37ece1c03d3e94beb30d73\",\"name\":\"redazione\",\"image\":{\"@type\":\"ImageObject\",\"inLanguage\":\"fr-FR\",\"@id\":\"https:\\\/\\\/secure.gravatar.com\\\/avatar\\\/37d968a2e67a6fd04c169c4bdef102d0bc5d31b2546345219e348575eb80e9a0?s=96&d=mm&r=g\",\"url\":\"https:\\\/\\\/secure.gravatar.com\\\/avatar\\\/37d968a2e67a6fd04c169c4bdef102d0bc5d31b2546345219e348575eb80e9a0?s=96&d=mm&r=g\",\"contentUrl\":\"https:\\\/\\\/secure.gravatar.com\\\/avatar\\\/37d968a2e67a6fd04c169c4bdef102d0bc5d31b2546345219e348575eb80e9a0?s=96&d=mm&r=g\",\"caption\":\"redazione\"},\"sameAs\":[\"http:\\\/\\\/www.bellunopress.it\",\"https:\\\/\\\/x.com\\\/bellunopress\"],\"url\":\"https:\\\/\\\/www.bellunopress.it\\\/fr\\\/author\\\/redazione\\\/\"}]}<\/script>\n<!-- \/ Yoast SEO plugin. -->","yoast_head_json":{"title":"Area pedonale urbana di Polpet controllata da varchi elettronici - Bellunopress - Dolomiti","robots":{"index":"index","follow":"follow","max-snippet":"max-snippet:-1","max-image-preview":"max-image-preview:large","max-video-preview":"max-video-preview:-1"},"canonical":"https:\/\/www.bellunopress.it\/fr\/2025\/11\/29\/area-pedonale-urbana-di-polpet-controllata-da-varchi-elettronici\/","og_locale":"fr_FR","og_type":"article","og_title":"Area pedonale urbana di Polpet controllata da varchi elettronici - Bellunopress - Dolomiti","og_description":"Approvato l\u2019atto di indirizzo per costituirla Ponte nelle Alpi, 29 novembre 2025 &#8211; Era nel programma elettorale di R-innovare insieme: la risoluzione della problematica del traffico nell\u2019area urbana di Polpet. Il traffico intenso e caotico lamentato \u00e8 di tipo ultraterritoriale, in quanto gli utenti della strada che si riversano nella frazione si servono del percorso [&hellip;]","og_url":"https:\/\/www.bellunopress.it\/fr\/2025\/11\/29\/area-pedonale-urbana-di-polpet-controllata-da-varchi-elettronici\/","og_site_name":"Bellunopress - Dolomiti","article_publisher":"https:\/\/www.facebook.com\/profile.php?id=100008943462799","article_published_time":"2025-11-29T20:35:53+00:00","og_image":[{"width":1000,"height":564,"url":"https:\/\/www.bellunopress.it\/wp-content\/uploads\/2024\/09\/angelo-levis_edited.jpg","type":"image\/jpeg"}],"author":"redazione","twitter_card":"summary_large_image","twitter_creator":"@bellunopress","twitter_site":"@bellunopress","twitter_misc":{"\u00c9crit par":"redazione","Dur\u00e9e de lecture estim\u00e9e":"5 minutes"},"schema":{"@context":"https:\/\/schema.org","@graph":[{"@type":"Article","@id":"https:\/\/www.bellunopress.it\/2025\/11\/29\/area-pedonale-urbana-di-polpet-controllata-da-varchi-elettronici\/#article","isPartOf":{"@id":"https:\/\/www.bellunopress.it\/2025\/11\/29\/area-pedonale-urbana-di-polpet-controllata-da-varchi-elettronici\/"},"author":{"name":"redazione","@id":"https:\/\/www.bellunopress.it\/#\/schema\/person\/79bb06722b37ece1c03d3e94beb30d73"},"headline":"Area pedonale urbana di Polpet controllata da varchi elettronici","datePublished":"2025-11-29T20:35:53+00:00","mainEntityOfPage":{"@id":"https:\/\/www.bellunopress.it\/2025\/11\/29\/area-pedonale-urbana-di-polpet-controllata-da-varchi-elettronici\/"},"wordCount":1073,"publisher":{"@id":"https:\/\/www.bellunopress.it\/#organization"},"image":{"@id":"https:\/\/www.bellunopress.it\/2025\/11\/29\/area-pedonale-urbana-di-polpet-controllata-da-varchi-elettronici\/#primaryimage"},"thumbnailUrl":"https:\/\/www.bellunopress.it\/wp-content\/uploads\/2024\/09\/angelo-levis_edited.jpg","articleSection":["Prima Pagina","Societ\u00e0, Associazioni, Istituzioni"],"inLanguage":"fr-FR"},{"@type":"WebPage","@id":"https:\/\/www.bellunopress.it\/2025\/11\/29\/area-pedonale-urbana-di-polpet-controllata-da-varchi-elettronici\/","url":"https:\/\/www.bellunopress.it\/2025\/11\/29\/area-pedonale-urbana-di-polpet-controllata-da-varchi-elettronici\/","name":"Area pedonale urbana di Polpet controllata da varchi elettronici - Bellunopress - Dolomiti","isPartOf":{"@id":"https:\/\/www.bellunopress.it\/#website"},"primaryImageOfPage":{"@id":"https:\/\/www.bellunopress.it\/2025\/11\/29\/area-pedonale-urbana-di-polpet-controllata-da-varchi-elettronici\/#primaryimage"},"image":{"@id":"https:\/\/www.bellunopress.it\/2025\/11\/29\/area-pedonale-urbana-di-polpet-controllata-da-varchi-elettronici\/#primaryimage"},"thumbnailUrl":"https:\/\/www.bellunopress.it\/wp-content\/uploads\/2024\/09\/angelo-levis_edited.jpg","datePublished":"2025-11-29T20:35:53+00:00","breadcrumb":{"@id":"https:\/\/www.bellunopress.it\/2025\/11\/29\/area-pedonale-urbana-di-polpet-controllata-da-varchi-elettronici\/#breadcrumb"},"inLanguage":"fr-FR","potentialAction":[{"@type":"ReadAction","target":["https:\/\/www.bellunopress.it\/2025\/11\/29\/area-pedonale-urbana-di-polpet-controllata-da-varchi-elettronici\/"]}]},{"@type":"ImageObject","inLanguage":"fr-FR","@id":"https:\/\/www.bellunopress.it\/2025\/11\/29\/area-pedonale-urbana-di-polpet-controllata-da-varchi-elettronici\/#primaryimage","url":"https:\/\/www.bellunopress.it\/wp-content\/uploads\/2024\/09\/angelo-levis_edited.jpg","contentUrl":"https:\/\/www.bellunopress.it\/wp-content\/uploads\/2024\/09\/angelo-levis_edited.jpg","width":1000,"height":564,"caption":"Angelo Levis, vicesindaco di Ponte nelle Alpi"},{"@type":"BreadcrumbList","@id":"https:\/\/www.bellunopress.it\/2025\/11\/29\/area-pedonale-urbana-di-polpet-controllata-da-varchi-elettronici\/#breadcrumb","itemListElement":[{"@type":"ListItem","position":1,"name":"Home","item":"https:\/\/www.bellunopress.it\/"},{"@type":"ListItem","position":2,"name":"Area pedonale urbana di Polpet controllata da varchi elettronici"}]},{"@type":"WebSite","@id":"https:\/\/www.bellunopress.it\/#website","url":"https:\/\/www.bellunopress.it\/","name":"Bellunopress - Dolomiti","description":"e-mail: redazione@bellunopress.it","publisher":{"@id":"https:\/\/www.bellunopress.it\/#organization"},"potentialAction":[{"@type":"SearchAction","target":{"@type":"EntryPoint","urlTemplate":"https:\/\/www.bellunopress.it\/?s={search_term_string}"},"query-input":{"@type":"PropertyValueSpecification","valueRequired":true,"valueName":"search_term_string"}}],"inLanguage":"fr-FR"},{"@type":"Organization","@id":"https:\/\/www.bellunopress.it\/#organization","name":"Bellunopress","url":"https:\/\/www.bellunopress.it\/","logo":{"@type":"ImageObject","inLanguage":"fr-FR","@id":"https:\/\/www.bellunopress.it\/#\/schema\/logo\/image\/","url":"https:\/\/www.bellunopress.it\/wp-content\/uploads\/2011\/05\/cropped-logo-bellunopress-.jpg","contentUrl":"https:\/\/www.bellunopress.it\/wp-content\/uploads\/2011\/05\/cropped-logo-bellunopress-.jpg","width":512,"height":512,"caption":"Bellunopress"},"image":{"@id":"https:\/\/www.bellunopress.it\/#\/schema\/logo\/image\/"},"sameAs":["https:\/\/www.facebook.com\/profile.php?id=100008943462799","https:\/\/x.com\/bellunopress","https:\/\/www.linkedin.com\/hp\/?dnr=JBzUWaJfMUw8vbXJJ2tVW5-I3jZKvC4wsoxE&amp;amp;amp;amp;amp;amp;trk=nav_responsive_tab_home","https:\/\/www.youtube.com\/channel\/UCxL0wu1uN0_3_7hGG0306cw"]},{"@type":"Person","@id":"https:\/\/www.bellunopress.it\/#\/schema\/person\/79bb06722b37ece1c03d3e94beb30d73","name":"r\u00e9daction","image":{"@type":"ImageObject","inLanguage":"fr-FR","@id":"https:\/\/secure.gravatar.com\/avatar\/37d968a2e67a6fd04c169c4bdef102d0bc5d31b2546345219e348575eb80e9a0?s=96&d=mm&r=g","url":"https:\/\/secure.gravatar.com\/avatar\/37d968a2e67a6fd04c169c4bdef102d0bc5d31b2546345219e348575eb80e9a0?s=96&d=mm&r=g","contentUrl":"https:\/\/secure.gravatar.com\/avatar\/37d968a2e67a6fd04c169c4bdef102d0bc5d31b2546345219e348575eb80e9a0?s=96&d=mm&r=g","caption":"redazione"},"sameAs":["http:\/\/www.bellunopress.it","https:\/\/x.com\/bellunopress"],"url":"https:\/\/www.bellunopress.it\/fr\/author\/redazione\/"}]}},"_links":{"self":[{"href":"https:\/\/www.bellunopress.it\/fr\/wp-json\/wp\/v2\/posts\/165334","targetHints":{"allow":["GET"]}}],"collection":[{"href":"https:\/\/www.bellunopress.it\/fr\/wp-json\/wp\/v2\/posts"}],"about":[{"href":"https:\/\/www.bellunopress.it\/fr\/wp-json\/wp\/v2\/types\/post"}],"author":[{"embeddable":true,"href":"https:\/\/www.bellunopress.it\/fr\/wp-json\/wp\/v2\/users\/2"}],"replies":[{"embeddable":true,"href":"https:\/\/www.bellunopress.it\/fr\/wp-json\/wp\/v2\/comments?post=165334"}],"version-history":[{"count":1,"href":"https:\/\/www.bellunopress.it\/fr\/wp-json\/wp\/v2\/posts\/165334\/revisions"}],"predecessor-version":[{"id":165335,"href":"https:\/\/www.bellunopress.it\/fr\/wp-json\/wp\/v2\/posts\/165334\/revisions\/165335"}],"wp:featuredmedia":[{"embeddable":true,"href":"https:\/\/www.bellunopress.it\/fr\/wp-json\/wp\/v2\/media\/154149"}],"wp:attachment":[{"href":"https:\/\/www.bellunopress.it\/fr\/wp-json\/wp\/v2\/media?parent=165334"}],"wp:term":[{"taxonomy":"category","embeddable":true,"href":"https:\/\/www.bellunopress.it\/fr\/wp-json\/wp\/v2\/categories?post=165334"},{"taxonomy":"post_tag","embeddable":true,"href":"https:\/\/www.bellunopress.it\/fr\/wp-json\/wp\/v2\/tags?post=165334"}],"curies":[{"name":"wp","href":"https:\/\/api.w.org\/{rel}","templated":true}]}}