{"id":16533,"date":"2010-06-22T12:47:04","date_gmt":"2010-06-22T11:47:04","guid":{"rendered":"http:\/\/www.bellunopress.it\/?p=16533"},"modified":"2010-06-22T12:47:04","modified_gmt":"2010-06-22T11:47:04","slug":"massaro-cestinate-larticolo-10-del-dl-782010-che-toglie-lassegno-di-invalidita-a-numerose-categorie-di-malati","status":"publish","type":"post","link":"https:\/\/www.bellunopress.it\/fr\/2010\/06\/22\/massaro-cestinate-larticolo-10-del-dl-782010-che-toglie-lassegno-di-invalidita-a-numerose-categorie-di-malati\/","title":{"rendered":"Massaro: cestinate l&#8217;articolo 10 del D.L. 78\/2010 che toglie l&#8217;assegno di invalidit\u00e0 a numerose categorie di malati!"},"content":{"rendered":"<figure id=\"attachment_5648\" aria-describedby=\"caption-attachment-5648\" style=\"width: 270px\" class=\"wp-caption alignleft\"><a href=\"http:\/\/www.bellunopress.it\/wp-content\/uploads\/2009\/07\/iacopo-massaro-2-270x180.jpg\"><img loading=\"lazy\" decoding=\"async\" class=\"size-medium wp-image-5648\" title=\"iacopo-massaro-2-270x180\" src=\"http:\/\/www.bellunopress.it\/wp-content\/uploads\/2009\/07\/iacopo-massaro-2-270x180.jpg\" alt=\"Iacopo Massaro capogruppo Pd in consiglio comunale di Belluno\" width=\"270\" height=\"180\" \/><\/a><figcaption id=\"caption-attachment-5648\" class=\"wp-caption-text\">Iacopo Massaro capogruppo Pd in consiglio comunale di Belluno<\/figcaption><\/figure>\n<p>Il capogruppo del PD in Comune di Belluno, Jacopo Massaro, interviene duramente sul Decreto del Governo (l&#8217;articolo 10 del D.L. 78\/2010) che toglie l&#8217;assegno di invalidit\u00e0 a numerose categorie di malati:<br \/>\n&lt;&lt;Le persone toccate da questo provvedimento sono quelle in et\u00e0 lavorativa (tra i 18 ed i 65 anni) con un reddito inferiore a \u20ac 4.408 annui (lo ripeto: annui!). Il \u201cbeneficio economico\u201d (se cos\u00ec poteva essere chiamato) consisteva in un assegno mensile di \u20ac 256, elevabile di ben ulteriori \u20ac 10 per coloro che sono completamente soli&gt;&gt;. L&#8217;attuale sistema di calcolo delle percentuali di invalidit\u00e0, regolato da decreto ministeriale, stabilisce, per ciascuna patologia riconosciuta, una percentuale d&#8217;invalidit\u00e0 fissa, oppure la possibilit\u00e0 per la Commissione Invalidi di attribuire una percentuale compresa in un range (un minimo e un massimo) prestabilito. Prima si accedeva all&#8217;assegno col 75% di invalidit\u00e0, mentre ora il governo ha stabilito che occorra raggiungere l&#8217;85%. &lt;&lt;Vi sono 19 patologie &#8211; spiega Massaro &#8211; che che danno punteggi superiori al 75% ma inferiori all&#8217;85%; per cui prima davano diritto ad assegno di invalidit\u00e0, ma oggi, col Decreto del Governo, non pi\u00f9. Tra le malattie escluse dall&#8217;assegno d&#8217;invalidit\u00e0 vi sono la sindrome di Down, la psicosi ossessiva, la schizofrenia con gravi disturbi del comportamento, la laringectomia totale e\/o con tracheostomia definitiva (il posizionamento di una cannula nella trachea per consentire la respirazione), il sordomutismo, la bronchiectasia associata a mucoviscidosi (la fibrosi cistica), la paresi dell&#8217;arto inferiore con deficit di forza grave associata all&#8217;incontinenza sintetica grave (tipico degli esiti da ictus), la tetraparesi con deficit di forza medio, amputazione di braccio e spalle e varie patologie con insufficienza cardiaca grave. La norma \u00e8 rivoltante anche sotto il profilo del metodo &#8211; attacca Massaro &#8211; infatti viene stabilito un discrimine tra chi ha presentato domanda d&#8217;invalidit\u00e0 prima del 1\u00b0 giugno 2010 (che mantiene l&#8217;assegno di invalidit\u00e0) e chi l&#8217;ha presentata dopo (perdendolo). Ne consegue che vi saranno, a parit\u00e0 di patologia, due categorie di cittadini: quelli che accedono ai benefici economici e quelli \u201cdi serie B\u201d, che non ne avranno diritto. Questo rappresenta una grave violazione del principio di eguaglianza (che dovrebbe essere insito in tutti noi cittadini, prima che nella Costituzione!) e , si configura come una sorta di \u201cricatto indiretto\u201d a chi oggi riceve l&#8217;assegno, che teme, protestando, di essere \u201cequiparato\u201d ai nuovi malati con conseguenza di perdita di un beneficio. E ricordiamoci che stiamo parlando di un assegno che, seppur irrisorio, per alcune persone in estrema difficolt\u00e0 rappresenta l&#8217;unica modalit\u00e0 di sopravvivenza. La nostra Comunit\u00e0 &#8211; conclude Massaro &#8211; deve mobilitarsi per opporsi a questa barbarie sociale effettuata in nome dei \u201cnecessari sacrifici\u201d. Far passare una misura come questa significherebbe certificare che nelle coscienze degli italiani non vi sono pi\u00f9 n\u00e9 solidariet\u00e0 n\u00e9 carit\u00e0. E questo non \u00e8 possibile, o comunque io non ci credo&gt;&gt;.\u00a0 Oggi il Decreto Legge non \u00e8 ancora convertito, e vi sono quindi gli spazi di manovra per cestinare la norma: &lt;&lt;ho presentato una mozione in Comune di Belluno &#8211; conclude Massaro &#8211; affinch\u00e9 si esprima con fermezza e faccia da capofila in questa battaglia di civilt\u00e0&gt;&gt;.<\/p>","protected":false},"excerpt":{"rendered":"<p>Il capogruppo del PD in Comune di Belluno, Jacopo Massaro, interviene duramente sul Decreto del Governo (l&#8217;articolo 10 del D.L. 78\/2010) che toglie l&#8217;assegno di invalidit\u00e0 a numerose categorie di malati: &lt;&lt;Le persone toccate da questo provvedimento sono quelle in et\u00e0 lavorativa (tra i 18 ed i 65 anni) con un reddito inferiore a \u20ac [&hellip;]<\/p>\n","protected":false},"author":2,"featured_media":0,"comment_status":"closed","ping_status":"open","sticky":false,"template":"","format":"standard","meta":{"footnotes":""},"categories":[5,26,17],"tags":[1909],"class_list":["post-16533","post","type-post","status-publish","format-standard","category-cronaca","category-prima-pagina","category-sanita","tag-massaro-cestinate-larticolo-10-del-dl-782010-che-toglie-lassegno-di-invalidita-a-numerose-categorie-di-malati"],"yoast_head":"<!-- This site is optimized with the Yoast SEO plugin v28.4 - https:\/\/yoast.com\/product\/yoast-seo-wordpress\/ -->\n<title>Massaro: cestinate l&#039;articolo 10 del D.L. 78\/2010 che toglie l&#039;assegno di invalidit\u00e0 a numerose categorie di malati!  - Bellunopress - Dolomiti<\/title>\n<meta name=\"robots\" content=\"index, follow, max-snippet:-1, max-image-preview:large, max-video-preview:-1\" \/>\n<link rel=\"canonical\" href=\"https:\/\/www.bellunopress.it\/fr\/2010\/06\/22\/massaro-cestinate-larticolo-10-del-dl-782010-che-toglie-lassegno-di-invalidita-a-numerose-categorie-di-malati\/\" \/>\n<meta property=\"og:locale\" content=\"fr_FR\" \/>\n<meta property=\"og:type\" content=\"article\" \/>\n<meta property=\"og:title\" content=\"Massaro: cestinate l&#039;articolo 10 del D.L. 78\/2010 che toglie l&#039;assegno di invalidit\u00e0 a numerose categorie di malati!  - Bellunopress - Dolomiti\" \/>\n<meta property=\"og:description\" content=\"Il capogruppo del PD in Comune di Belluno, Jacopo Massaro, interviene duramente sul Decreto del Governo (l&#8217;articolo 10 del D.L. 78\/2010) che toglie l&#8217;assegno di invalidit\u00e0 a numerose categorie di malati: &lt;&lt;Le persone toccate da questo provvedimento sono quelle in et\u00e0 lavorativa (tra i 18 ed i 65 anni) con un reddito inferiore a \u20ac [&hellip;]\" \/>\n<meta property=\"og:url\" content=\"https:\/\/www.bellunopress.it\/fr\/2010\/06\/22\/massaro-cestinate-larticolo-10-del-dl-782010-che-toglie-lassegno-di-invalidita-a-numerose-categorie-di-malati\/\" \/>\n<meta property=\"og:site_name\" content=\"Bellunopress - Dolomiti\" \/>\n<meta property=\"article:publisher\" content=\"https:\/\/www.facebook.com\/profile.php?id=100008943462799\" \/>\n<meta property=\"article:published_time\" content=\"2010-06-22T11:47:04+00:00\" \/>\n<meta property=\"og:image\" content=\"http:\/\/www.bellunopress.it\/wp-content\/uploads\/2009\/07\/iacopo-massaro-2-270x180.jpg\" \/>\n<meta name=\"author\" content=\"redazione\" \/>\n<meta name=\"twitter:card\" content=\"summary_large_image\" \/>\n<meta name=\"twitter:creator\" content=\"@bellunopress\" \/>\n<meta name=\"twitter:site\" content=\"@bellunopress\" \/>\n<meta name=\"twitter:label1\" content=\"\u00c9crit par\" \/>\n\t<meta name=\"twitter:data1\" content=\"redazione\" \/>\n\t<meta name=\"twitter:label2\" content=\"Dur\u00e9e de lecture estim\u00e9e\" \/>\n\t<meta name=\"twitter:data2\" content=\"3 minutes\" \/>\n<script type=\"application\/ld+json\" class=\"yoast-schema-graph\">{\"@context\":\"https:\\\/\\\/schema.org\",\"@graph\":[{\"@type\":\"Article\",\"@id\":\"https:\\\/\\\/www.bellunopress.it\\\/2010\\\/06\\\/22\\\/massaro-cestinate-larticolo-10-del-dl-782010-che-toglie-lassegno-di-invalidita-a-numerose-categorie-di-malati\\\/#article\",\"isPartOf\":{\"@id\":\"https:\\\/\\\/www.bellunopress.it\\\/2010\\\/06\\\/22\\\/massaro-cestinate-larticolo-10-del-dl-782010-che-toglie-lassegno-di-invalidita-a-numerose-categorie-di-malati\\\/\"},\"author\":{\"name\":\"redazione\",\"@id\":\"https:\\\/\\\/www.bellunopress.it\\\/#\\\/schema\\\/person\\\/79bb06722b37ece1c03d3e94beb30d73\"},\"headline\":\"Massaro: cestinate l&#8217;articolo 10 del D.L. 78\\\/2010 che toglie l&#8217;assegno di invalidit\u00e0 a numerose categorie di malati!\",\"datePublished\":\"2010-06-22T11:47:04+00:00\",\"mainEntityOfPage\":{\"@id\":\"https:\\\/\\\/www.bellunopress.it\\\/2010\\\/06\\\/22\\\/massaro-cestinate-larticolo-10-del-dl-782010-che-toglie-lassegno-di-invalidita-a-numerose-categorie-di-malati\\\/\"},\"wordCount\":557,\"publisher\":{\"@id\":\"https:\\\/\\\/www.bellunopress.it\\\/#organization\"},\"image\":{\"@id\":\"https:\\\/\\\/www.bellunopress.it\\\/2010\\\/06\\\/22\\\/massaro-cestinate-larticolo-10-del-dl-782010-che-toglie-lassegno-di-invalidita-a-numerose-categorie-di-malati\\\/#primaryimage\"},\"thumbnailUrl\":\"http:\\\/\\\/www.bellunopress.it\\\/wp-content\\\/uploads\\\/2009\\\/07\\\/iacopo-massaro-2-270x180.jpg\",\"keywords\":[\"Massaro: cestinate l'articolo 10 del D.L. 78\\\/2010 che toglie l'assegno di invalidit\u00e0 a numerose categorie di malati!\"],\"articleSection\":[\"Cronaca\\\/Politica\",\"Prima Pagina\",\"Sanit\u00e0 Medicina\"],\"inLanguage\":\"fr-FR\"},{\"@type\":\"WebPage\",\"@id\":\"https:\\\/\\\/www.bellunopress.it\\\/2010\\\/06\\\/22\\\/massaro-cestinate-larticolo-10-del-dl-782010-che-toglie-lassegno-di-invalidita-a-numerose-categorie-di-malati\\\/\",\"url\":\"https:\\\/\\\/www.bellunopress.it\\\/2010\\\/06\\\/22\\\/massaro-cestinate-larticolo-10-del-dl-782010-che-toglie-lassegno-di-invalidita-a-numerose-categorie-di-malati\\\/\",\"name\":\"Massaro: cestinate l'articolo 10 del D.L. 78\\\/2010 che toglie l'assegno di invalidit\u00e0 a numerose categorie di malati! - Bellunopress - Dolomiti\",\"isPartOf\":{\"@id\":\"https:\\\/\\\/www.bellunopress.it\\\/#website\"},\"primaryImageOfPage\":{\"@id\":\"https:\\\/\\\/www.bellunopress.it\\\/2010\\\/06\\\/22\\\/massaro-cestinate-larticolo-10-del-dl-782010-che-toglie-lassegno-di-invalidita-a-numerose-categorie-di-malati\\\/#primaryimage\"},\"image\":{\"@id\":\"https:\\\/\\\/www.bellunopress.it\\\/2010\\\/06\\\/22\\\/massaro-cestinate-larticolo-10-del-dl-782010-che-toglie-lassegno-di-invalidita-a-numerose-categorie-di-malati\\\/#primaryimage\"},\"thumbnailUrl\":\"http:\\\/\\\/www.bellunopress.it\\\/wp-content\\\/uploads\\\/2009\\\/07\\\/iacopo-massaro-2-270x180.jpg\",\"datePublished\":\"2010-06-22T11:47:04+00:00\",\"breadcrumb\":{\"@id\":\"https:\\\/\\\/www.bellunopress.it\\\/2010\\\/06\\\/22\\\/massaro-cestinate-larticolo-10-del-dl-782010-che-toglie-lassegno-di-invalidita-a-numerose-categorie-di-malati\\\/#breadcrumb\"},\"inLanguage\":\"fr-FR\",\"potentialAction\":[{\"@type\":\"ReadAction\",\"target\":[\"https:\\\/\\\/www.bellunopress.it\\\/2010\\\/06\\\/22\\\/massaro-cestinate-larticolo-10-del-dl-782010-che-toglie-lassegno-di-invalidita-a-numerose-categorie-di-malati\\\/\"]}]},{\"@type\":\"ImageObject\",\"inLanguage\":\"fr-FR\",\"@id\":\"https:\\\/\\\/www.bellunopress.it\\\/2010\\\/06\\\/22\\\/massaro-cestinate-larticolo-10-del-dl-782010-che-toglie-lassegno-di-invalidita-a-numerose-categorie-di-malati\\\/#primaryimage\",\"url\":\"http:\\\/\\\/www.bellunopress.it\\\/wp-content\\\/uploads\\\/2009\\\/07\\\/iacopo-massaro-2-270x180.jpg\",\"contentUrl\":\"http:\\\/\\\/www.bellunopress.it\\\/wp-content\\\/uploads\\\/2009\\\/07\\\/iacopo-massaro-2-270x180.jpg\"},{\"@type\":\"BreadcrumbList\",\"@id\":\"https:\\\/\\\/www.bellunopress.it\\\/2010\\\/06\\\/22\\\/massaro-cestinate-larticolo-10-del-dl-782010-che-toglie-lassegno-di-invalidita-a-numerose-categorie-di-malati\\\/#breadcrumb\",\"itemListElement\":[{\"@type\":\"ListItem\",\"position\":1,\"name\":\"Home\",\"item\":\"https:\\\/\\\/www.bellunopress.it\\\/\"},{\"@type\":\"ListItem\",\"position\":2,\"name\":\"Massaro: cestinate l&#8217;articolo 10 del D.L. 78\\\/2010 che toglie l&#8217;assegno di invalidit\u00e0 a numerose categorie di malati!\"}]},{\"@type\":\"WebSite\",\"@id\":\"https:\\\/\\\/www.bellunopress.it\\\/#website\",\"url\":\"https:\\\/\\\/www.bellunopress.it\\\/\",\"name\":\"Bellunopress - Dolomiti\",\"description\":\"e-mail: redazione@bellunopress.it\",\"publisher\":{\"@id\":\"https:\\\/\\\/www.bellunopress.it\\\/#organization\"},\"potentialAction\":[{\"@type\":\"SearchAction\",\"target\":{\"@type\":\"EntryPoint\",\"urlTemplate\":\"https:\\\/\\\/www.bellunopress.it\\\/?s={search_term_string}\"},\"query-input\":{\"@type\":\"PropertyValueSpecification\",\"valueRequired\":true,\"valueName\":\"search_term_string\"}}],\"inLanguage\":\"fr-FR\"},{\"@type\":\"Organization\",\"@id\":\"https:\\\/\\\/www.bellunopress.it\\\/#organization\",\"name\":\"Bellunopress\",\"url\":\"https:\\\/\\\/www.bellunopress.it\\\/\",\"logo\":{\"@type\":\"ImageObject\",\"inLanguage\":\"fr-FR\",\"@id\":\"https:\\\/\\\/www.bellunopress.it\\\/#\\\/schema\\\/logo\\\/image\\\/\",\"url\":\"https:\\\/\\\/www.bellunopress.it\\\/wp-content\\\/uploads\\\/2011\\\/05\\\/cropped-logo-bellunopress-.jpg\",\"contentUrl\":\"https:\\\/\\\/www.bellunopress.it\\\/wp-content\\\/uploads\\\/2011\\\/05\\\/cropped-logo-bellunopress-.jpg\",\"width\":512,\"height\":512,\"caption\":\"Bellunopress\"},\"image\":{\"@id\":\"https:\\\/\\\/www.bellunopress.it\\\/#\\\/schema\\\/logo\\\/image\\\/\"},\"sameAs\":[\"https:\\\/\\\/www.facebook.com\\\/profile.php?id=100008943462799\",\"https:\\\/\\\/x.com\\\/bellunopress\",\"https:\\\/\\\/www.linkedin.com\\\/hp\\\/?dnr=JBzUWaJfMUw8vbXJJ2tVW5-I3jZKvC4wsoxE&amp;amp;amp;amp;amp;amp;trk=nav_responsive_tab_home\",\"https:\\\/\\\/www.youtube.com\\\/channel\\\/UCxL0wu1uN0_3_7hGG0306cw\"]},{\"@type\":\"Person\",\"@id\":\"https:\\\/\\\/www.bellunopress.it\\\/#\\\/schema\\\/person\\\/79bb06722b37ece1c03d3e94beb30d73\",\"name\":\"redazione\",\"image\":{\"@type\":\"ImageObject\",\"inLanguage\":\"fr-FR\",\"@id\":\"https:\\\/\\\/secure.gravatar.com\\\/avatar\\\/37d968a2e67a6fd04c169c4bdef102d0bc5d31b2546345219e348575eb80e9a0?s=96&d=mm&r=g\",\"url\":\"https:\\\/\\\/secure.gravatar.com\\\/avatar\\\/37d968a2e67a6fd04c169c4bdef102d0bc5d31b2546345219e348575eb80e9a0?s=96&d=mm&r=g\",\"contentUrl\":\"https:\\\/\\\/secure.gravatar.com\\\/avatar\\\/37d968a2e67a6fd04c169c4bdef102d0bc5d31b2546345219e348575eb80e9a0?s=96&d=mm&r=g\",\"caption\":\"redazione\"},\"sameAs\":[\"http:\\\/\\\/www.bellunopress.it\",\"https:\\\/\\\/x.com\\\/bellunopress\"],\"url\":\"https:\\\/\\\/www.bellunopress.it\\\/fr\\\/author\\\/redazione\\\/\"}]}<\/script>\n<!-- \/ Yoast SEO plugin. -->","yoast_head_json":{"title":"Massaro: cestinate l'articolo 10 del D.L. 78\/2010 che toglie l'assegno di invalidit\u00e0 a numerose categorie di malati!  - Bellunopress - Dolomiti","robots":{"index":"index","follow":"follow","max-snippet":"max-snippet:-1","max-image-preview":"max-image-preview:large","max-video-preview":"max-video-preview:-1"},"canonical":"https:\/\/www.bellunopress.it\/fr\/2010\/06\/22\/massaro-cestinate-larticolo-10-del-dl-782010-che-toglie-lassegno-di-invalidita-a-numerose-categorie-di-malati\/","og_locale":"fr_FR","og_type":"article","og_title":"Massaro: cestinate l'articolo 10 del D.L. 78\/2010 che toglie l'assegno di invalidit\u00e0 a numerose categorie di malati!  - Bellunopress - Dolomiti","og_description":"Il capogruppo del PD in Comune di Belluno, Jacopo Massaro, interviene duramente sul Decreto del Governo (l&#8217;articolo 10 del D.L. 78\/2010) che toglie l&#8217;assegno di invalidit\u00e0 a numerose categorie di malati: &lt;&lt;Le persone toccate da questo provvedimento sono quelle in et\u00e0 lavorativa (tra i 18 ed i 65 anni) con un reddito inferiore a \u20ac [&hellip;]","og_url":"https:\/\/www.bellunopress.it\/fr\/2010\/06\/22\/massaro-cestinate-larticolo-10-del-dl-782010-che-toglie-lassegno-di-invalidita-a-numerose-categorie-di-malati\/","og_site_name":"Bellunopress - Dolomiti","article_publisher":"https:\/\/www.facebook.com\/profile.php?id=100008943462799","article_published_time":"2010-06-22T11:47:04+00:00","og_image":[{"url":"http:\/\/www.bellunopress.it\/wp-content\/uploads\/2009\/07\/iacopo-massaro-2-270x180.jpg","type":"","width":"","height":""}],"author":"redazione","twitter_card":"summary_large_image","twitter_creator":"@bellunopress","twitter_site":"@bellunopress","twitter_misc":{"\u00c9crit par":"redazione","Dur\u00e9e de lecture estim\u00e9e":"3 minutes"},"schema":{"@context":"https:\/\/schema.org","@graph":[{"@type":"Article","@id":"https:\/\/www.bellunopress.it\/2010\/06\/22\/massaro-cestinate-larticolo-10-del-dl-782010-che-toglie-lassegno-di-invalidita-a-numerose-categorie-di-malati\/#article","isPartOf":{"@id":"https:\/\/www.bellunopress.it\/2010\/06\/22\/massaro-cestinate-larticolo-10-del-dl-782010-che-toglie-lassegno-di-invalidita-a-numerose-categorie-di-malati\/"},"author":{"name":"redazione","@id":"https:\/\/www.bellunopress.it\/#\/schema\/person\/79bb06722b37ece1c03d3e94beb30d73"},"headline":"Massaro: cestinate l&#8217;articolo 10 del D.L. 78\/2010 che toglie l&#8217;assegno di invalidit\u00e0 a numerose categorie di malati!","datePublished":"2010-06-22T11:47:04+00:00","mainEntityOfPage":{"@id":"https:\/\/www.bellunopress.it\/2010\/06\/22\/massaro-cestinate-larticolo-10-del-dl-782010-che-toglie-lassegno-di-invalidita-a-numerose-categorie-di-malati\/"},"wordCount":557,"publisher":{"@id":"https:\/\/www.bellunopress.it\/#organization"},"image":{"@id":"https:\/\/www.bellunopress.it\/2010\/06\/22\/massaro-cestinate-larticolo-10-del-dl-782010-che-toglie-lassegno-di-invalidita-a-numerose-categorie-di-malati\/#primaryimage"},"thumbnailUrl":"http:\/\/www.bellunopress.it\/wp-content\/uploads\/2009\/07\/iacopo-massaro-2-270x180.jpg","keywords":["Massaro: cestinate l'articolo 10 del D.L. 78\/2010 che toglie l'assegno di invalidit\u00e0 a numerose categorie di malati!"],"articleSection":["Cronaca\/Politica","Prima Pagina","Sanit\u00e0 Medicina"],"inLanguage":"fr-FR"},{"@type":"WebPage","@id":"https:\/\/www.bellunopress.it\/2010\/06\/22\/massaro-cestinate-larticolo-10-del-dl-782010-che-toglie-lassegno-di-invalidita-a-numerose-categorie-di-malati\/","url":"https:\/\/www.bellunopress.it\/2010\/06\/22\/massaro-cestinate-larticolo-10-del-dl-782010-che-toglie-lassegno-di-invalidita-a-numerose-categorie-di-malati\/","name":"Massaro: cestinate l'articolo 10 del D.L. 78\/2010 che toglie l'assegno di invalidit\u00e0 a numerose categorie di malati! - Bellunopress - Dolomiti","isPartOf":{"@id":"https:\/\/www.bellunopress.it\/#website"},"primaryImageOfPage":{"@id":"https:\/\/www.bellunopress.it\/2010\/06\/22\/massaro-cestinate-larticolo-10-del-dl-782010-che-toglie-lassegno-di-invalidita-a-numerose-categorie-di-malati\/#primaryimage"},"image":{"@id":"https:\/\/www.bellunopress.it\/2010\/06\/22\/massaro-cestinate-larticolo-10-del-dl-782010-che-toglie-lassegno-di-invalidita-a-numerose-categorie-di-malati\/#primaryimage"},"thumbnailUrl":"http:\/\/www.bellunopress.it\/wp-content\/uploads\/2009\/07\/iacopo-massaro-2-270x180.jpg","datePublished":"2010-06-22T11:47:04+00:00","breadcrumb":{"@id":"https:\/\/www.bellunopress.it\/2010\/06\/22\/massaro-cestinate-larticolo-10-del-dl-782010-che-toglie-lassegno-di-invalidita-a-numerose-categorie-di-malati\/#breadcrumb"},"inLanguage":"fr-FR","potentialAction":[{"@type":"ReadAction","target":["https:\/\/www.bellunopress.it\/2010\/06\/22\/massaro-cestinate-larticolo-10-del-dl-782010-che-toglie-lassegno-di-invalidita-a-numerose-categorie-di-malati\/"]}]},{"@type":"ImageObject","inLanguage":"fr-FR","@id":"https:\/\/www.bellunopress.it\/2010\/06\/22\/massaro-cestinate-larticolo-10-del-dl-782010-che-toglie-lassegno-di-invalidita-a-numerose-categorie-di-malati\/#primaryimage","url":"http:\/\/www.bellunopress.it\/wp-content\/uploads\/2009\/07\/iacopo-massaro-2-270x180.jpg","contentUrl":"http:\/\/www.bellunopress.it\/wp-content\/uploads\/2009\/07\/iacopo-massaro-2-270x180.jpg"},{"@type":"BreadcrumbList","@id":"https:\/\/www.bellunopress.it\/2010\/06\/22\/massaro-cestinate-larticolo-10-del-dl-782010-che-toglie-lassegno-di-invalidita-a-numerose-categorie-di-malati\/#breadcrumb","itemListElement":[{"@type":"ListItem","position":1,"name":"Home","item":"https:\/\/www.bellunopress.it\/"},{"@type":"ListItem","position":2,"name":"Massaro: cestinate l&#8217;articolo 10 del D.L. 78\/2010 che toglie l&#8217;assegno di invalidit\u00e0 a numerose categorie di malati!"}]},{"@type":"WebSite","@id":"https:\/\/www.bellunopress.it\/#website","url":"https:\/\/www.bellunopress.it\/","name":"Bellunopress - Dolomiti","description":"e-mail: redazione@bellunopress.it","publisher":{"@id":"https:\/\/www.bellunopress.it\/#organization"},"potentialAction":[{"@type":"SearchAction","target":{"@type":"EntryPoint","urlTemplate":"https:\/\/www.bellunopress.it\/?s={search_term_string}"},"query-input":{"@type":"PropertyValueSpecification","valueRequired":true,"valueName":"search_term_string"}}],"inLanguage":"fr-FR"},{"@type":"Organization","@id":"https:\/\/www.bellunopress.it\/#organization","name":"Bellunopress","url":"https:\/\/www.bellunopress.it\/","logo":{"@type":"ImageObject","inLanguage":"fr-FR","@id":"https:\/\/www.bellunopress.it\/#\/schema\/logo\/image\/","url":"https:\/\/www.bellunopress.it\/wp-content\/uploads\/2011\/05\/cropped-logo-bellunopress-.jpg","contentUrl":"https:\/\/www.bellunopress.it\/wp-content\/uploads\/2011\/05\/cropped-logo-bellunopress-.jpg","width":512,"height":512,"caption":"Bellunopress"},"image":{"@id":"https:\/\/www.bellunopress.it\/#\/schema\/logo\/image\/"},"sameAs":["https:\/\/www.facebook.com\/profile.php?id=100008943462799","https:\/\/x.com\/bellunopress","https:\/\/www.linkedin.com\/hp\/?dnr=JBzUWaJfMUw8vbXJJ2tVW5-I3jZKvC4wsoxE&amp;amp;amp;amp;amp;amp;trk=nav_responsive_tab_home","https:\/\/www.youtube.com\/channel\/UCxL0wu1uN0_3_7hGG0306cw"]},{"@type":"Person","@id":"https:\/\/www.bellunopress.it\/#\/schema\/person\/79bb06722b37ece1c03d3e94beb30d73","name":"r\u00e9daction","image":{"@type":"ImageObject","inLanguage":"fr-FR","@id":"https:\/\/secure.gravatar.com\/avatar\/37d968a2e67a6fd04c169c4bdef102d0bc5d31b2546345219e348575eb80e9a0?s=96&d=mm&r=g","url":"https:\/\/secure.gravatar.com\/avatar\/37d968a2e67a6fd04c169c4bdef102d0bc5d31b2546345219e348575eb80e9a0?s=96&d=mm&r=g","contentUrl":"https:\/\/secure.gravatar.com\/avatar\/37d968a2e67a6fd04c169c4bdef102d0bc5d31b2546345219e348575eb80e9a0?s=96&d=mm&r=g","caption":"redazione"},"sameAs":["http:\/\/www.bellunopress.it","https:\/\/x.com\/bellunopress"],"url":"https:\/\/www.bellunopress.it\/fr\/author\/redazione\/"}]}},"_links":{"self":[{"href":"https:\/\/www.bellunopress.it\/fr\/wp-json\/wp\/v2\/posts\/16533","targetHints":{"allow":["GET"]}}],"collection":[{"href":"https:\/\/www.bellunopress.it\/fr\/wp-json\/wp\/v2\/posts"}],"about":[{"href":"https:\/\/www.bellunopress.it\/fr\/wp-json\/wp\/v2\/types\/post"}],"author":[{"embeddable":true,"href":"https:\/\/www.bellunopress.it\/fr\/wp-json\/wp\/v2\/users\/2"}],"replies":[{"embeddable":true,"href":"https:\/\/www.bellunopress.it\/fr\/wp-json\/wp\/v2\/comments?post=16533"}],"version-history":[{"count":1,"href":"https:\/\/www.bellunopress.it\/fr\/wp-json\/wp\/v2\/posts\/16533\/revisions"}],"predecessor-version":[{"id":16534,"href":"https:\/\/www.bellunopress.it\/fr\/wp-json\/wp\/v2\/posts\/16533\/revisions\/16534"}],"wp:attachment":[{"href":"https:\/\/www.bellunopress.it\/fr\/wp-json\/wp\/v2\/media?parent=16533"}],"wp:term":[{"taxonomy":"category","embeddable":true,"href":"https:\/\/www.bellunopress.it\/fr\/wp-json\/wp\/v2\/categories?post=16533"},{"taxonomy":"post_tag","embeddable":true,"href":"https:\/\/www.bellunopress.it\/fr\/wp-json\/wp\/v2\/tags?post=16533"}],"curies":[{"name":"wp","href":"https:\/\/api.w.org\/{rel}","templated":true}]}}