{"id":165300,"date":"2025-11-28T16:31:38","date_gmt":"2025-11-28T15:31:38","guid":{"rendered":"https:\/\/www.bellunopress.it\/?p=165300"},"modified":"2025-11-28T16:31:39","modified_gmt":"2025-11-28T15:31:39","slug":"patata-di-cesio-e-arte-del-cibo-le-produzioni-bellunesi-raccontate-ai-bambini","status":"publish","type":"post","link":"https:\/\/www.bellunopress.it\/fr\/2025\/11\/28\/patata-di-cesio-e-arte-del-cibo-le-produzioni-bellunesi-raccontate-ai-bambini\/","title":{"rendered":"Patata di Cesio e arte del cibo. Le produzioni bellunesi raccontate ai bambini"},"content":{"rendered":"<p><img loading=\"lazy\" decoding=\"async\" class=\"alignleft  wp-image-165301\" src=\"https:\/\/www.bellunopress.it\/wp-content\/uploads\/2025\/11\/la-cucina-spiegata-ai-bambini-500x410.jpg\" alt=\"Associazione Comunit\u00e0 del Cibo e della biodiversit\u00e0 Montagna Bellunese\" width=\"309\" height=\"253\" srcset=\"https:\/\/www.bellunopress.it\/wp-content\/uploads\/2025\/11\/la-cucina-spiegata-ai-bambini-500x410.jpg 500w, https:\/\/www.bellunopress.it\/wp-content\/uploads\/2025\/11\/la-cucina-spiegata-ai-bambini-512x420.jpg 512w, https:\/\/www.bellunopress.it\/wp-content\/uploads\/2025\/11\/la-cucina-spiegata-ai-bambini-696x571.jpg 696w, https:\/\/www.bellunopress.it\/wp-content\/uploads\/2025\/11\/la-cucina-spiegata-ai-bambini.jpg 800w\" sizes=\"auto, (max-width: 309px) 100vw, 309px\" \/>All\u2019interno delle attivit\u00e0 di animazione coordinate da Casartigiani Belluno Dolomiti per il Natale 2025, l\u2019Associazione Comunit\u00e0 del Cibo e della biodiversit\u00e0 Montagna Bellunese con il supporto tecnico della Cooperativa La Fiorita e il sostegno di Cortina Banca ha programmato due eventi didattici per valorizzare le produzioni bellunesi in particolare la Patata DECO di Cesio e un laboratorio tra arte e cibo.<\/p>\n<p>L\u2019evento, rivolto ai bambini delle scuole elementari, prevede una seduta teorico pratica attraverso la quale far conoscere le nostre produzioni bellunesi coinvolgendo i bambini nella preparazione di piatti del territorio.<\/p>\n<p>La prima giornata ha visto protagoniste le classi terze delle elementari Agosti. Una quarantina di bambini hanno potuto \u201cmettere le mani in pasta\u201d nella preparazione degli gnocchi di patate seguiti dagli esperti della Fiorita, Ennio e Walter. Sono state utilizzate le patate di Cesio, variet\u00e0 rossa, molto adatte per gli gnocchi, i bambini hanno potuto esercitarsi a tagliare gli gnocchi e a riporli in un apposito contenitore che hanno portato a casa dai loro genitori per la degustazione. I cuochi hanno raccontato come si prepara l\u2019impasto, utilizzando, le patate, la farina, il bovis, le uova, il sale, elaborando una ricetta che \u00e8 stata regalata a ciascun alunno per promuovere la preparazione degli gnocchi in casa utilizzando le patate prodotte sul nostro territorio. Molte le domande da parte degli alunni che con le loro suggestioni hanno decisamente animato l\u2019evento. Con tali iniziative si cerca di sensibilizzare, attraverso i bambini, le famiglie all\u2019utilizzo di prodotti del territorio che hanno certamente un gusto e una qualit\u00e0 superiore ai prodotti industriali che acquistiamo nei supermercati.<\/p>\n<p>La seconda giornata didattica, prevista per il 23 dicembre sempre presso l\u2019Urban Hud di Belluno, sar\u00e0 dedicata a \u201ci colori dei sapori: laboratorio tra arte e cibo\u201d. L\u2019attivit\u00e0 andr\u00e0 ad esplorare la biodiversit\u00e0 attraverso l\u2019uso dei sensi, esperimenti con colori naturali e creativit\u00e0 artistica legata al cibo. Protagonisti saranno sempre i bambini della scuola elementare Agosti di Belluno.<\/p>\n<p>Ricordiamo che i prodotti tipici bellunesi saranno venduti nella casetta di Casartigiani Belluno all\u2019interno di \u201cNatale a Belluno\u201d organizzato da Belluno Viva e che il ricavato verr\u00e0 dato in beneficienza all\u2019associazione ADOS \u2013Associazione Donne operate al Seno, Societ\u00e0 Nuova e all\u2019Asilo don Bosco.<\/p>","protected":false},"excerpt":{"rendered":"<p>All\u2019interno delle attivit\u00e0 di animazione coordinate da Casartigiani Belluno Dolomiti per il Natale 2025, l\u2019Associazione Comunit\u00e0 del Cibo e della biodiversit\u00e0 Montagna Bellunese con il supporto tecnico della Cooperativa La Fiorita e il sostegno di Cortina Banca ha programmato due eventi didattici per valorizzare le produzioni bellunesi in particolare la Patata DECO di Cesio e [&hellip;]<\/p>\n","protected":false},"author":2,"featured_media":165301,"comment_status":"closed","ping_status":"open","sticky":false,"template":"","format":"standard","meta":{"footnotes":""},"categories":[25,15],"tags":[],"class_list":["post-165300","post","type-post","status-publish","format-standard","has-post-thumbnail","category-pausa-caffe","category-scuola"],"yoast_head":"<!-- This site is optimized with the Yoast SEO plugin v28.4 - https:\/\/yoast.com\/product\/yoast-seo-wordpress\/ -->\n<title>Patata di Cesio e arte del cibo. Le produzioni bellunesi raccontate ai bambini - Bellunopress - Dolomiti<\/title>\n<meta name=\"robots\" content=\"index, follow, max-snippet:-1, max-image-preview:large, max-video-preview:-1\" \/>\n<link rel=\"canonical\" href=\"https:\/\/www.bellunopress.it\/fr\/2025\/11\/28\/patata-di-cesio-e-arte-del-cibo-le-produzioni-bellunesi-raccontate-ai-bambini\/\" \/>\n<meta property=\"og:locale\" content=\"fr_FR\" \/>\n<meta property=\"og:type\" content=\"article\" \/>\n<meta property=\"og:title\" content=\"Patata di Cesio e arte del cibo. Le produzioni bellunesi raccontate ai bambini - Bellunopress - Dolomiti\" \/>\n<meta property=\"og:description\" content=\"All\u2019interno delle attivit\u00e0 di animazione coordinate da Casartigiani Belluno Dolomiti per il Natale 2025, l\u2019Associazione Comunit\u00e0 del Cibo e della biodiversit\u00e0 Montagna Bellunese con il supporto tecnico della Cooperativa La Fiorita e il sostegno di Cortina Banca ha programmato due eventi didattici per valorizzare le produzioni bellunesi in particolare la Patata DECO di Cesio e [&hellip;]\" \/>\n<meta property=\"og:url\" content=\"https:\/\/www.bellunopress.it\/fr\/2025\/11\/28\/patata-di-cesio-e-arte-del-cibo-le-produzioni-bellunesi-raccontate-ai-bambini\/\" \/>\n<meta property=\"og:site_name\" content=\"Bellunopress - Dolomiti\" \/>\n<meta property=\"article:publisher\" content=\"https:\/\/www.facebook.com\/profile.php?id=100008943462799\" \/>\n<meta property=\"article:published_time\" content=\"2025-11-28T15:31:38+00:00\" \/>\n<meta property=\"article:modified_time\" content=\"2025-11-28T15:31:39+00:00\" \/>\n<meta property=\"og:image\" content=\"https:\/\/www.bellunopress.it\/wp-content\/uploads\/2025\/11\/la-cucina-spiegata-ai-bambini.jpg\" \/>\n\t<meta property=\"og:image:width\" content=\"800\" \/>\n\t<meta property=\"og:image:height\" content=\"656\" \/>\n\t<meta property=\"og:image:type\" content=\"image\/jpeg\" \/>\n<meta name=\"author\" content=\"redazione\" \/>\n<meta name=\"twitter:card\" content=\"summary_large_image\" \/>\n<meta name=\"twitter:creator\" content=\"@bellunopress\" \/>\n<meta name=\"twitter:site\" content=\"@bellunopress\" \/>\n<meta name=\"twitter:label1\" content=\"\u00c9crit par\" \/>\n\t<meta name=\"twitter:data1\" content=\"redazione\" \/>\n\t<meta name=\"twitter:label2\" content=\"Dur\u00e9e de lecture estim\u00e9e\" \/>\n\t<meta name=\"twitter:data2\" content=\"2 minutes\" \/>\n<script type=\"application\/ld+json\" class=\"yoast-schema-graph\">{\"@context\":\"https:\\\/\\\/schema.org\",\"@graph\":[{\"@type\":\"Article\",\"@id\":\"https:\\\/\\\/www.bellunopress.it\\\/2025\\\/11\\\/28\\\/patata-di-cesio-e-arte-del-cibo-le-produzioni-bellunesi-raccontate-ai-bambini\\\/#article\",\"isPartOf\":{\"@id\":\"https:\\\/\\\/www.bellunopress.it\\\/2025\\\/11\\\/28\\\/patata-di-cesio-e-arte-del-cibo-le-produzioni-bellunesi-raccontate-ai-bambini\\\/\"},\"author\":{\"name\":\"redazione\",\"@id\":\"https:\\\/\\\/www.bellunopress.it\\\/#\\\/schema\\\/person\\\/79bb06722b37ece1c03d3e94beb30d73\"},\"headline\":\"Patata di Cesio e arte del cibo. Le produzioni bellunesi raccontate ai bambini\",\"datePublished\":\"2025-11-28T15:31:38+00:00\",\"dateModified\":\"2025-11-28T15:31:39+00:00\",\"mainEntityOfPage\":{\"@id\":\"https:\\\/\\\/www.bellunopress.it\\\/2025\\\/11\\\/28\\\/patata-di-cesio-e-arte-del-cibo-le-produzioni-bellunesi-raccontate-ai-bambini\\\/\"},\"wordCount\":385,\"publisher\":{\"@id\":\"https:\\\/\\\/www.bellunopress.it\\\/#organization\"},\"image\":{\"@id\":\"https:\\\/\\\/www.bellunopress.it\\\/2025\\\/11\\\/28\\\/patata-di-cesio-e-arte-del-cibo-le-produzioni-bellunesi-raccontate-ai-bambini\\\/#primaryimage\"},\"thumbnailUrl\":\"https:\\\/\\\/www.bellunopress.it\\\/wp-content\\\/uploads\\\/2025\\\/11\\\/la-cucina-spiegata-ai-bambini.jpg\",\"articleSection\":[\"Pausa Caff\u00e8\",\"Scuola\"],\"inLanguage\":\"fr-FR\"},{\"@type\":\"WebPage\",\"@id\":\"https:\\\/\\\/www.bellunopress.it\\\/2025\\\/11\\\/28\\\/patata-di-cesio-e-arte-del-cibo-le-produzioni-bellunesi-raccontate-ai-bambini\\\/\",\"url\":\"https:\\\/\\\/www.bellunopress.it\\\/2025\\\/11\\\/28\\\/patata-di-cesio-e-arte-del-cibo-le-produzioni-bellunesi-raccontate-ai-bambini\\\/\",\"name\":\"Patata di Cesio e arte del cibo. Le produzioni bellunesi raccontate ai bambini - Bellunopress - Dolomiti\",\"isPartOf\":{\"@id\":\"https:\\\/\\\/www.bellunopress.it\\\/#website\"},\"primaryImageOfPage\":{\"@id\":\"https:\\\/\\\/www.bellunopress.it\\\/2025\\\/11\\\/28\\\/patata-di-cesio-e-arte-del-cibo-le-produzioni-bellunesi-raccontate-ai-bambini\\\/#primaryimage\"},\"image\":{\"@id\":\"https:\\\/\\\/www.bellunopress.it\\\/2025\\\/11\\\/28\\\/patata-di-cesio-e-arte-del-cibo-le-produzioni-bellunesi-raccontate-ai-bambini\\\/#primaryimage\"},\"thumbnailUrl\":\"https:\\\/\\\/www.bellunopress.it\\\/wp-content\\\/uploads\\\/2025\\\/11\\\/la-cucina-spiegata-ai-bambini.jpg\",\"datePublished\":\"2025-11-28T15:31:38+00:00\",\"dateModified\":\"2025-11-28T15:31:39+00:00\",\"breadcrumb\":{\"@id\":\"https:\\\/\\\/www.bellunopress.it\\\/2025\\\/11\\\/28\\\/patata-di-cesio-e-arte-del-cibo-le-produzioni-bellunesi-raccontate-ai-bambini\\\/#breadcrumb\"},\"inLanguage\":\"fr-FR\",\"potentialAction\":[{\"@type\":\"ReadAction\",\"target\":[\"https:\\\/\\\/www.bellunopress.it\\\/2025\\\/11\\\/28\\\/patata-di-cesio-e-arte-del-cibo-le-produzioni-bellunesi-raccontate-ai-bambini\\\/\"]}]},{\"@type\":\"ImageObject\",\"inLanguage\":\"fr-FR\",\"@id\":\"https:\\\/\\\/www.bellunopress.it\\\/2025\\\/11\\\/28\\\/patata-di-cesio-e-arte-del-cibo-le-produzioni-bellunesi-raccontate-ai-bambini\\\/#primaryimage\",\"url\":\"https:\\\/\\\/www.bellunopress.it\\\/wp-content\\\/uploads\\\/2025\\\/11\\\/la-cucina-spiegata-ai-bambini.jpg\",\"contentUrl\":\"https:\\\/\\\/www.bellunopress.it\\\/wp-content\\\/uploads\\\/2025\\\/11\\\/la-cucina-spiegata-ai-bambini.jpg\",\"width\":800,\"height\":656,\"caption\":\"Associazione Comunit\u00e0 del Cibo e della biodiversit\u00e0 Montagna Bellunese\"},{\"@type\":\"BreadcrumbList\",\"@id\":\"https:\\\/\\\/www.bellunopress.it\\\/2025\\\/11\\\/28\\\/patata-di-cesio-e-arte-del-cibo-le-produzioni-bellunesi-raccontate-ai-bambini\\\/#breadcrumb\",\"itemListElement\":[{\"@type\":\"ListItem\",\"position\":1,\"name\":\"Home\",\"item\":\"https:\\\/\\\/www.bellunopress.it\\\/\"},{\"@type\":\"ListItem\",\"position\":2,\"name\":\"Patata di Cesio e arte del cibo. Le produzioni bellunesi raccontate ai bambini\"}]},{\"@type\":\"WebSite\",\"@id\":\"https:\\\/\\\/www.bellunopress.it\\\/#website\",\"url\":\"https:\\\/\\\/www.bellunopress.it\\\/\",\"name\":\"Bellunopress - Dolomiti\",\"description\":\"e-mail: redazione@bellunopress.it\",\"publisher\":{\"@id\":\"https:\\\/\\\/www.bellunopress.it\\\/#organization\"},\"potentialAction\":[{\"@type\":\"SearchAction\",\"target\":{\"@type\":\"EntryPoint\",\"urlTemplate\":\"https:\\\/\\\/www.bellunopress.it\\\/?s={search_term_string}\"},\"query-input\":{\"@type\":\"PropertyValueSpecification\",\"valueRequired\":true,\"valueName\":\"search_term_string\"}}],\"inLanguage\":\"fr-FR\"},{\"@type\":\"Organization\",\"@id\":\"https:\\\/\\\/www.bellunopress.it\\\/#organization\",\"name\":\"Bellunopress\",\"url\":\"https:\\\/\\\/www.bellunopress.it\\\/\",\"logo\":{\"@type\":\"ImageObject\",\"inLanguage\":\"fr-FR\",\"@id\":\"https:\\\/\\\/www.bellunopress.it\\\/#\\\/schema\\\/logo\\\/image\\\/\",\"url\":\"https:\\\/\\\/www.bellunopress.it\\\/wp-content\\\/uploads\\\/2011\\\/05\\\/cropped-logo-bellunopress-.jpg\",\"contentUrl\":\"https:\\\/\\\/www.bellunopress.it\\\/wp-content\\\/uploads\\\/2011\\\/05\\\/cropped-logo-bellunopress-.jpg\",\"width\":512,\"height\":512,\"caption\":\"Bellunopress\"},\"image\":{\"@id\":\"https:\\\/\\\/www.bellunopress.it\\\/#\\\/schema\\\/logo\\\/image\\\/\"},\"sameAs\":[\"https:\\\/\\\/www.facebook.com\\\/profile.php?id=100008943462799\",\"https:\\\/\\\/x.com\\\/bellunopress\",\"https:\\\/\\\/www.linkedin.com\\\/hp\\\/?dnr=JBzUWaJfMUw8vbXJJ2tVW5-I3jZKvC4wsoxE&amp;amp;amp;amp;amp;amp;trk=nav_responsive_tab_home\",\"https:\\\/\\\/www.youtube.com\\\/channel\\\/UCxL0wu1uN0_3_7hGG0306cw\"]},{\"@type\":\"Person\",\"@id\":\"https:\\\/\\\/www.bellunopress.it\\\/#\\\/schema\\\/person\\\/79bb06722b37ece1c03d3e94beb30d73\",\"name\":\"redazione\",\"image\":{\"@type\":\"ImageObject\",\"inLanguage\":\"fr-FR\",\"@id\":\"https:\\\/\\\/secure.gravatar.com\\\/avatar\\\/37d968a2e67a6fd04c169c4bdef102d0bc5d31b2546345219e348575eb80e9a0?s=96&d=mm&r=g\",\"url\":\"https:\\\/\\\/secure.gravatar.com\\\/avatar\\\/37d968a2e67a6fd04c169c4bdef102d0bc5d31b2546345219e348575eb80e9a0?s=96&d=mm&r=g\",\"contentUrl\":\"https:\\\/\\\/secure.gravatar.com\\\/avatar\\\/37d968a2e67a6fd04c169c4bdef102d0bc5d31b2546345219e348575eb80e9a0?s=96&d=mm&r=g\",\"caption\":\"redazione\"},\"sameAs\":[\"http:\\\/\\\/www.bellunopress.it\",\"https:\\\/\\\/x.com\\\/bellunopress\"],\"url\":\"https:\\\/\\\/www.bellunopress.it\\\/fr\\\/author\\\/redazione\\\/\"}]}<\/script>\n<!-- \/ Yoast SEO plugin. -->","yoast_head_json":{"title":"Patata di Cesio e arte del cibo. Le produzioni bellunesi raccontate ai bambini - Bellunopress - Dolomiti","robots":{"index":"index","follow":"follow","max-snippet":"max-snippet:-1","max-image-preview":"max-image-preview:large","max-video-preview":"max-video-preview:-1"},"canonical":"https:\/\/www.bellunopress.it\/fr\/2025\/11\/28\/patata-di-cesio-e-arte-del-cibo-le-produzioni-bellunesi-raccontate-ai-bambini\/","og_locale":"fr_FR","og_type":"article","og_title":"Patata di Cesio e arte del cibo. Le produzioni bellunesi raccontate ai bambini - Bellunopress - Dolomiti","og_description":"All\u2019interno delle attivit\u00e0 di animazione coordinate da Casartigiani Belluno Dolomiti per il Natale 2025, l\u2019Associazione Comunit\u00e0 del Cibo e della biodiversit\u00e0 Montagna Bellunese con il supporto tecnico della Cooperativa La Fiorita e il sostegno di Cortina Banca ha programmato due eventi didattici per valorizzare le produzioni bellunesi in particolare la Patata DECO di Cesio e [&hellip;]","og_url":"https:\/\/www.bellunopress.it\/fr\/2025\/11\/28\/patata-di-cesio-e-arte-del-cibo-le-produzioni-bellunesi-raccontate-ai-bambini\/","og_site_name":"Bellunopress - Dolomiti","article_publisher":"https:\/\/www.facebook.com\/profile.php?id=100008943462799","article_published_time":"2025-11-28T15:31:38+00:00","article_modified_time":"2025-11-28T15:31:39+00:00","og_image":[{"width":800,"height":656,"url":"https:\/\/www.bellunopress.it\/wp-content\/uploads\/2025\/11\/la-cucina-spiegata-ai-bambini.jpg","type":"image\/jpeg"}],"author":"redazione","twitter_card":"summary_large_image","twitter_creator":"@bellunopress","twitter_site":"@bellunopress","twitter_misc":{"\u00c9crit par":"redazione","Dur\u00e9e de lecture estim\u00e9e":"2 minutes"},"schema":{"@context":"https:\/\/schema.org","@graph":[{"@type":"Article","@id":"https:\/\/www.bellunopress.it\/2025\/11\/28\/patata-di-cesio-e-arte-del-cibo-le-produzioni-bellunesi-raccontate-ai-bambini\/#article","isPartOf":{"@id":"https:\/\/www.bellunopress.it\/2025\/11\/28\/patata-di-cesio-e-arte-del-cibo-le-produzioni-bellunesi-raccontate-ai-bambini\/"},"author":{"name":"redazione","@id":"https:\/\/www.bellunopress.it\/#\/schema\/person\/79bb06722b37ece1c03d3e94beb30d73"},"headline":"Patata di Cesio e arte del cibo. Le produzioni bellunesi raccontate ai bambini","datePublished":"2025-11-28T15:31:38+00:00","dateModified":"2025-11-28T15:31:39+00:00","mainEntityOfPage":{"@id":"https:\/\/www.bellunopress.it\/2025\/11\/28\/patata-di-cesio-e-arte-del-cibo-le-produzioni-bellunesi-raccontate-ai-bambini\/"},"wordCount":385,"publisher":{"@id":"https:\/\/www.bellunopress.it\/#organization"},"image":{"@id":"https:\/\/www.bellunopress.it\/2025\/11\/28\/patata-di-cesio-e-arte-del-cibo-le-produzioni-bellunesi-raccontate-ai-bambini\/#primaryimage"},"thumbnailUrl":"https:\/\/www.bellunopress.it\/wp-content\/uploads\/2025\/11\/la-cucina-spiegata-ai-bambini.jpg","articleSection":["Pausa Caff\u00e8","Scuola"],"inLanguage":"fr-FR"},{"@type":"WebPage","@id":"https:\/\/www.bellunopress.it\/2025\/11\/28\/patata-di-cesio-e-arte-del-cibo-le-produzioni-bellunesi-raccontate-ai-bambini\/","url":"https:\/\/www.bellunopress.it\/2025\/11\/28\/patata-di-cesio-e-arte-del-cibo-le-produzioni-bellunesi-raccontate-ai-bambini\/","name":"Patata di Cesio e arte del cibo. Le produzioni bellunesi raccontate ai bambini - Bellunopress - Dolomiti","isPartOf":{"@id":"https:\/\/www.bellunopress.it\/#website"},"primaryImageOfPage":{"@id":"https:\/\/www.bellunopress.it\/2025\/11\/28\/patata-di-cesio-e-arte-del-cibo-le-produzioni-bellunesi-raccontate-ai-bambini\/#primaryimage"},"image":{"@id":"https:\/\/www.bellunopress.it\/2025\/11\/28\/patata-di-cesio-e-arte-del-cibo-le-produzioni-bellunesi-raccontate-ai-bambini\/#primaryimage"},"thumbnailUrl":"https:\/\/www.bellunopress.it\/wp-content\/uploads\/2025\/11\/la-cucina-spiegata-ai-bambini.jpg","datePublished":"2025-11-28T15:31:38+00:00","dateModified":"2025-11-28T15:31:39+00:00","breadcrumb":{"@id":"https:\/\/www.bellunopress.it\/2025\/11\/28\/patata-di-cesio-e-arte-del-cibo-le-produzioni-bellunesi-raccontate-ai-bambini\/#breadcrumb"},"inLanguage":"fr-FR","potentialAction":[{"@type":"ReadAction","target":["https:\/\/www.bellunopress.it\/2025\/11\/28\/patata-di-cesio-e-arte-del-cibo-le-produzioni-bellunesi-raccontate-ai-bambini\/"]}]},{"@type":"ImageObject","inLanguage":"fr-FR","@id":"https:\/\/www.bellunopress.it\/2025\/11\/28\/patata-di-cesio-e-arte-del-cibo-le-produzioni-bellunesi-raccontate-ai-bambini\/#primaryimage","url":"https:\/\/www.bellunopress.it\/wp-content\/uploads\/2025\/11\/la-cucina-spiegata-ai-bambini.jpg","contentUrl":"https:\/\/www.bellunopress.it\/wp-content\/uploads\/2025\/11\/la-cucina-spiegata-ai-bambini.jpg","width":800,"height":656,"caption":"Associazione Comunit\u00e0 del Cibo e della biodiversit\u00e0 Montagna Bellunese"},{"@type":"BreadcrumbList","@id":"https:\/\/www.bellunopress.it\/2025\/11\/28\/patata-di-cesio-e-arte-del-cibo-le-produzioni-bellunesi-raccontate-ai-bambini\/#breadcrumb","itemListElement":[{"@type":"ListItem","position":1,"name":"Home","item":"https:\/\/www.bellunopress.it\/"},{"@type":"ListItem","position":2,"name":"Patata di Cesio e arte del cibo. Le produzioni bellunesi raccontate ai bambini"}]},{"@type":"WebSite","@id":"https:\/\/www.bellunopress.it\/#website","url":"https:\/\/www.bellunopress.it\/","name":"Bellunopress - Dolomiti","description":"e-mail: redazione@bellunopress.it","publisher":{"@id":"https:\/\/www.bellunopress.it\/#organization"},"potentialAction":[{"@type":"SearchAction","target":{"@type":"EntryPoint","urlTemplate":"https:\/\/www.bellunopress.it\/?s={search_term_string}"},"query-input":{"@type":"PropertyValueSpecification","valueRequired":true,"valueName":"search_term_string"}}],"inLanguage":"fr-FR"},{"@type":"Organization","@id":"https:\/\/www.bellunopress.it\/#organization","name":"Bellunopress","url":"https:\/\/www.bellunopress.it\/","logo":{"@type":"ImageObject","inLanguage":"fr-FR","@id":"https:\/\/www.bellunopress.it\/#\/schema\/logo\/image\/","url":"https:\/\/www.bellunopress.it\/wp-content\/uploads\/2011\/05\/cropped-logo-bellunopress-.jpg","contentUrl":"https:\/\/www.bellunopress.it\/wp-content\/uploads\/2011\/05\/cropped-logo-bellunopress-.jpg","width":512,"height":512,"caption":"Bellunopress"},"image":{"@id":"https:\/\/www.bellunopress.it\/#\/schema\/logo\/image\/"},"sameAs":["https:\/\/www.facebook.com\/profile.php?id=100008943462799","https:\/\/x.com\/bellunopress","https:\/\/www.linkedin.com\/hp\/?dnr=JBzUWaJfMUw8vbXJJ2tVW5-I3jZKvC4wsoxE&amp;amp;amp;amp;amp;amp;trk=nav_responsive_tab_home","https:\/\/www.youtube.com\/channel\/UCxL0wu1uN0_3_7hGG0306cw"]},{"@type":"Person","@id":"https:\/\/www.bellunopress.it\/#\/schema\/person\/79bb06722b37ece1c03d3e94beb30d73","name":"r\u00e9daction","image":{"@type":"ImageObject","inLanguage":"fr-FR","@id":"https:\/\/secure.gravatar.com\/avatar\/37d968a2e67a6fd04c169c4bdef102d0bc5d31b2546345219e348575eb80e9a0?s=96&d=mm&r=g","url":"https:\/\/secure.gravatar.com\/avatar\/37d968a2e67a6fd04c169c4bdef102d0bc5d31b2546345219e348575eb80e9a0?s=96&d=mm&r=g","contentUrl":"https:\/\/secure.gravatar.com\/avatar\/37d968a2e67a6fd04c169c4bdef102d0bc5d31b2546345219e348575eb80e9a0?s=96&d=mm&r=g","caption":"redazione"},"sameAs":["http:\/\/www.bellunopress.it","https:\/\/x.com\/bellunopress"],"url":"https:\/\/www.bellunopress.it\/fr\/author\/redazione\/"}]}},"_links":{"self":[{"href":"https:\/\/www.bellunopress.it\/fr\/wp-json\/wp\/v2\/posts\/165300","targetHints":{"allow":["GET"]}}],"collection":[{"href":"https:\/\/www.bellunopress.it\/fr\/wp-json\/wp\/v2\/posts"}],"about":[{"href":"https:\/\/www.bellunopress.it\/fr\/wp-json\/wp\/v2\/types\/post"}],"author":[{"embeddable":true,"href":"https:\/\/www.bellunopress.it\/fr\/wp-json\/wp\/v2\/users\/2"}],"replies":[{"embeddable":true,"href":"https:\/\/www.bellunopress.it\/fr\/wp-json\/wp\/v2\/comments?post=165300"}],"version-history":[{"count":1,"href":"https:\/\/www.bellunopress.it\/fr\/wp-json\/wp\/v2\/posts\/165300\/revisions"}],"predecessor-version":[{"id":165302,"href":"https:\/\/www.bellunopress.it\/fr\/wp-json\/wp\/v2\/posts\/165300\/revisions\/165302"}],"wp:featuredmedia":[{"embeddable":true,"href":"https:\/\/www.bellunopress.it\/fr\/wp-json\/wp\/v2\/media\/165301"}],"wp:attachment":[{"href":"https:\/\/www.bellunopress.it\/fr\/wp-json\/wp\/v2\/media?parent=165300"}],"wp:term":[{"taxonomy":"category","embeddable":true,"href":"https:\/\/www.bellunopress.it\/fr\/wp-json\/wp\/v2\/categories?post=165300"},{"taxonomy":"post_tag","embeddable":true,"href":"https:\/\/www.bellunopress.it\/fr\/wp-json\/wp\/v2\/tags?post=165300"}],"curies":[{"name":"wp","href":"https:\/\/api.w.org\/{rel}","templated":true}]}}