{"id":165287,"date":"2025-11-29T10:00:45","date_gmt":"2025-11-29T09:00:45","guid":{"rendered":"https:\/\/www.bellunopress.it\/?p=165287"},"modified":"2025-11-28T14:36:28","modified_gmt":"2025-11-28T13:36:28","slug":"domenica-a-bribano-i-60-presepi-della-scuola-dinfanzia-don-modesto-sorio","status":"publish","type":"post","link":"https:\/\/www.bellunopress.it\/fr\/2025\/11\/29\/domenica-a-bribano-i-60-presepi-della-scuola-dinfanzia-don-modesto-sorio\/","title":{"rendered":"Domenica a Bribano i 60 presepi della Scuola d&#8217;Infanzia &#8220;Don Modesto Sorio&#8221;"},"content":{"rendered":"<p><img loading=\"lazy\" decoding=\"async\" class=\"alignleft size-medium wp-image-165288\" src=\"https:\/\/www.bellunopress.it\/wp-content\/uploads\/2025\/11\/presepi-scuola-dinfanzia-Bribano-354x500.jpg\" alt=\"\" width=\"354\" height=\"500\" srcset=\"https:\/\/www.bellunopress.it\/wp-content\/uploads\/2025\/11\/presepi-scuola-dinfanzia-Bribano-354x500.jpg 354w, https:\/\/www.bellunopress.it\/wp-content\/uploads\/2025\/11\/presepi-scuola-dinfanzia-Bribano-297x420.jpg 297w, https:\/\/www.bellunopress.it\/wp-content\/uploads\/2025\/11\/presepi-scuola-dinfanzia-Bribano.jpg 566w\" sizes=\"auto, (max-width: 354px) 100vw, 354px\" \/>Domenica 30 novembre, a partire dalle ore 16 a Bribano (Sedico), nel parco antistante la scuola, in Piazza S. Nicol\u00f2 1, verr\u00e0 inaugurato, come da tradizione, il Parco dei Presepi. Sessanta opere realizzate dai bambini insieme alle loro famiglie con tema &#8220;Il Presepe di Greccio&#8221;, in onore degli 800 anni dalla morte di San Francesco, che saranno ricordati nel 2026.<\/p>\n<p>Il programma del pomeriggio prevede alle ore 16 il ritrovo nel parco della scuola e l&#8217;apertura del Mercatino di Natale. Alle 16.30 i bambini, insieme alle insegnanti, presenteranno l&#8217;esperienza vissuta in queste settimane per prepararsi al vero spirito delle feste con il Presepe di Greccio. Alle 17.15 verr\u00e0 benedetto ed inaugurato il parco dei presepi e verranno accese le luminarie. La festa si concluder\u00e0 con un piccolo momento conviviale.<\/p>\n<p>Luned\u00ec 1 dicembre, poi, con inizio alle ore 18, si terr\u00e0 Porte Aperte, occasione in cui verr\u00e0 presentato il pensiero pedagogico-didattico della scuola in vista dell&#8217;apertura delle iscrizioni per il prossimo anno scolastico.<\/p>\n<p>L&#8217;iniziativa \u00e8 della Scuola dell&#8217;infanzia paritaria &#8220;don Modesto Sorio&#8221; di Bribano.<\/p>","protected":false},"excerpt":{"rendered":"<p>Domenica 30 novembre, a partire dalle ore 16 a Bribano (Sedico), nel parco antistante la scuola, in Piazza S. Nicol\u00f2 1, verr\u00e0 inaugurato, come da tradizione, il Parco dei Presepi. Sessanta opere realizzate dai bambini insieme alle loro famiglie con tema &#8220;Il Presepe di Greccio&#8221;, in onore degli 800 anni dalla morte di San Francesco, [&hellip;]<\/p>\n","protected":false},"author":2,"featured_media":165288,"comment_status":"closed","ping_status":"open","sticky":false,"template":"","format":"standard","meta":{"footnotes":""},"categories":[25,15],"tags":[],"class_list":["post-165287","post","type-post","status-publish","format-standard","has-post-thumbnail","category-pausa-caffe","category-scuola"],"yoast_head":"<!-- This site is optimized with the Yoast SEO plugin v28.4 - https:\/\/yoast.com\/product\/yoast-seo-wordpress\/ -->\n<title>Domenica a Bribano i 60 presepi della Scuola d&#039;Infanzia &quot;Don Modesto Sorio&quot; - Bellunopress - Dolomiti<\/title>\n<meta name=\"robots\" content=\"index, follow, max-snippet:-1, max-image-preview:large, max-video-preview:-1\" \/>\n<link rel=\"canonical\" href=\"https:\/\/www.bellunopress.it\/fr\/2025\/11\/29\/domenica-a-bribano-i-60-presepi-della-scuola-dinfanzia-don-modesto-sorio\/\" \/>\n<meta property=\"og:locale\" content=\"fr_FR\" \/>\n<meta property=\"og:type\" content=\"article\" \/>\n<meta property=\"og:title\" content=\"Domenica a Bribano i 60 presepi della Scuola d&#039;Infanzia &quot;Don Modesto Sorio&quot; - Bellunopress - Dolomiti\" \/>\n<meta property=\"og:description\" content=\"Domenica 30 novembre, a partire dalle ore 16 a Bribano (Sedico), nel parco antistante la scuola, in Piazza S. Nicol\u00f2 1, verr\u00e0 inaugurato, come da tradizione, il Parco dei Presepi. Sessanta opere realizzate dai bambini insieme alle loro famiglie con tema &#8220;Il Presepe di Greccio&#8221;, in onore degli 800 anni dalla morte di San Francesco, [&hellip;]\" \/>\n<meta property=\"og:url\" content=\"https:\/\/www.bellunopress.it\/fr\/2025\/11\/29\/domenica-a-bribano-i-60-presepi-della-scuola-dinfanzia-don-modesto-sorio\/\" \/>\n<meta property=\"og:site_name\" content=\"Bellunopress - Dolomiti\" \/>\n<meta property=\"article:publisher\" content=\"https:\/\/www.facebook.com\/profile.php?id=100008943462799\" \/>\n<meta property=\"article:published_time\" content=\"2025-11-29T09:00:45+00:00\" \/>\n<meta property=\"og:image\" content=\"https:\/\/www.bellunopress.it\/wp-content\/uploads\/2025\/11\/presepi-scuola-dinfanzia-Bribano.jpg\" \/>\n\t<meta property=\"og:image:width\" content=\"566\" \/>\n\t<meta property=\"og:image:height\" content=\"800\" \/>\n\t<meta property=\"og:image:type\" content=\"image\/jpeg\" \/>\n<meta name=\"author\" content=\"redazione\" \/>\n<meta name=\"twitter:card\" content=\"summary_large_image\" \/>\n<meta name=\"twitter:creator\" content=\"@bellunopress\" \/>\n<meta name=\"twitter:site\" content=\"@bellunopress\" \/>\n<meta name=\"twitter:label1\" content=\"\u00c9crit par\" \/>\n\t<meta name=\"twitter:data1\" content=\"redazione\" \/>\n\t<meta name=\"twitter:label2\" content=\"Dur\u00e9e de lecture estim\u00e9e\" \/>\n\t<meta name=\"twitter:data2\" content=\"1 minute\" \/>\n<script type=\"application\/ld+json\" class=\"yoast-schema-graph\">{\"@context\":\"https:\\\/\\\/schema.org\",\"@graph\":[{\"@type\":\"Article\",\"@id\":\"https:\\\/\\\/www.bellunopress.it\\\/2025\\\/11\\\/29\\\/domenica-a-bribano-i-60-presepi-della-scuola-dinfanzia-don-modesto-sorio\\\/#article\",\"isPartOf\":{\"@id\":\"https:\\\/\\\/www.bellunopress.it\\\/2025\\\/11\\\/29\\\/domenica-a-bribano-i-60-presepi-della-scuola-dinfanzia-don-modesto-sorio\\\/\"},\"author\":{\"name\":\"redazione\",\"@id\":\"https:\\\/\\\/www.bellunopress.it\\\/#\\\/schema\\\/person\\\/79bb06722b37ece1c03d3e94beb30d73\"},\"headline\":\"Domenica a Bribano i 60 presepi della Scuola d&#8217;Infanzia &#8220;Don Modesto Sorio&#8221;\",\"datePublished\":\"2025-11-29T09:00:45+00:00\",\"mainEntityOfPage\":{\"@id\":\"https:\\\/\\\/www.bellunopress.it\\\/2025\\\/11\\\/29\\\/domenica-a-bribano-i-60-presepi-della-scuola-dinfanzia-don-modesto-sorio\\\/\"},\"wordCount\":179,\"publisher\":{\"@id\":\"https:\\\/\\\/www.bellunopress.it\\\/#organization\"},\"image\":{\"@id\":\"https:\\\/\\\/www.bellunopress.it\\\/2025\\\/11\\\/29\\\/domenica-a-bribano-i-60-presepi-della-scuola-dinfanzia-don-modesto-sorio\\\/#primaryimage\"},\"thumbnailUrl\":\"https:\\\/\\\/www.bellunopress.it\\\/wp-content\\\/uploads\\\/2025\\\/11\\\/presepi-scuola-dinfanzia-Bribano.jpg\",\"articleSection\":[\"Pausa Caff\u00e8\",\"Scuola\"],\"inLanguage\":\"fr-FR\"},{\"@type\":\"WebPage\",\"@id\":\"https:\\\/\\\/www.bellunopress.it\\\/2025\\\/11\\\/29\\\/domenica-a-bribano-i-60-presepi-della-scuola-dinfanzia-don-modesto-sorio\\\/\",\"url\":\"https:\\\/\\\/www.bellunopress.it\\\/2025\\\/11\\\/29\\\/domenica-a-bribano-i-60-presepi-della-scuola-dinfanzia-don-modesto-sorio\\\/\",\"name\":\"Domenica a Bribano i 60 presepi della Scuola d'Infanzia \\\"Don Modesto Sorio\\\" - Bellunopress - Dolomiti\",\"isPartOf\":{\"@id\":\"https:\\\/\\\/www.bellunopress.it\\\/#website\"},\"primaryImageOfPage\":{\"@id\":\"https:\\\/\\\/www.bellunopress.it\\\/2025\\\/11\\\/29\\\/domenica-a-bribano-i-60-presepi-della-scuola-dinfanzia-don-modesto-sorio\\\/#primaryimage\"},\"image\":{\"@id\":\"https:\\\/\\\/www.bellunopress.it\\\/2025\\\/11\\\/29\\\/domenica-a-bribano-i-60-presepi-della-scuola-dinfanzia-don-modesto-sorio\\\/#primaryimage\"},\"thumbnailUrl\":\"https:\\\/\\\/www.bellunopress.it\\\/wp-content\\\/uploads\\\/2025\\\/11\\\/presepi-scuola-dinfanzia-Bribano.jpg\",\"datePublished\":\"2025-11-29T09:00:45+00:00\",\"breadcrumb\":{\"@id\":\"https:\\\/\\\/www.bellunopress.it\\\/2025\\\/11\\\/29\\\/domenica-a-bribano-i-60-presepi-della-scuola-dinfanzia-don-modesto-sorio\\\/#breadcrumb\"},\"inLanguage\":\"fr-FR\",\"potentialAction\":[{\"@type\":\"ReadAction\",\"target\":[\"https:\\\/\\\/www.bellunopress.it\\\/2025\\\/11\\\/29\\\/domenica-a-bribano-i-60-presepi-della-scuola-dinfanzia-don-modesto-sorio\\\/\"]}]},{\"@type\":\"ImageObject\",\"inLanguage\":\"fr-FR\",\"@id\":\"https:\\\/\\\/www.bellunopress.it\\\/2025\\\/11\\\/29\\\/domenica-a-bribano-i-60-presepi-della-scuola-dinfanzia-don-modesto-sorio\\\/#primaryimage\",\"url\":\"https:\\\/\\\/www.bellunopress.it\\\/wp-content\\\/uploads\\\/2025\\\/11\\\/presepi-scuola-dinfanzia-Bribano.jpg\",\"contentUrl\":\"https:\\\/\\\/www.bellunopress.it\\\/wp-content\\\/uploads\\\/2025\\\/11\\\/presepi-scuola-dinfanzia-Bribano.jpg\",\"width\":566,\"height\":800},{\"@type\":\"BreadcrumbList\",\"@id\":\"https:\\\/\\\/www.bellunopress.it\\\/2025\\\/11\\\/29\\\/domenica-a-bribano-i-60-presepi-della-scuola-dinfanzia-don-modesto-sorio\\\/#breadcrumb\",\"itemListElement\":[{\"@type\":\"ListItem\",\"position\":1,\"name\":\"Home\",\"item\":\"https:\\\/\\\/www.bellunopress.it\\\/\"},{\"@type\":\"ListItem\",\"position\":2,\"name\":\"Domenica a Bribano i 60 presepi della Scuola d&#8217;Infanzia &#8220;Don Modesto Sorio&#8221;\"}]},{\"@type\":\"WebSite\",\"@id\":\"https:\\\/\\\/www.bellunopress.it\\\/#website\",\"url\":\"https:\\\/\\\/www.bellunopress.it\\\/\",\"name\":\"Bellunopress - Dolomiti\",\"description\":\"e-mail: redazione@bellunopress.it\",\"publisher\":{\"@id\":\"https:\\\/\\\/www.bellunopress.it\\\/#organization\"},\"potentialAction\":[{\"@type\":\"SearchAction\",\"target\":{\"@type\":\"EntryPoint\",\"urlTemplate\":\"https:\\\/\\\/www.bellunopress.it\\\/?s={search_term_string}\"},\"query-input\":{\"@type\":\"PropertyValueSpecification\",\"valueRequired\":true,\"valueName\":\"search_term_string\"}}],\"inLanguage\":\"fr-FR\"},{\"@type\":\"Organization\",\"@id\":\"https:\\\/\\\/www.bellunopress.it\\\/#organization\",\"name\":\"Bellunopress\",\"url\":\"https:\\\/\\\/www.bellunopress.it\\\/\",\"logo\":{\"@type\":\"ImageObject\",\"inLanguage\":\"fr-FR\",\"@id\":\"https:\\\/\\\/www.bellunopress.it\\\/#\\\/schema\\\/logo\\\/image\\\/\",\"url\":\"https:\\\/\\\/www.bellunopress.it\\\/wp-content\\\/uploads\\\/2011\\\/05\\\/cropped-logo-bellunopress-.jpg\",\"contentUrl\":\"https:\\\/\\\/www.bellunopress.it\\\/wp-content\\\/uploads\\\/2011\\\/05\\\/cropped-logo-bellunopress-.jpg\",\"width\":512,\"height\":512,\"caption\":\"Bellunopress\"},\"image\":{\"@id\":\"https:\\\/\\\/www.bellunopress.it\\\/#\\\/schema\\\/logo\\\/image\\\/\"},\"sameAs\":[\"https:\\\/\\\/www.facebook.com\\\/profile.php?id=100008943462799\",\"https:\\\/\\\/x.com\\\/bellunopress\",\"https:\\\/\\\/www.linkedin.com\\\/hp\\\/?dnr=JBzUWaJfMUw8vbXJJ2tVW5-I3jZKvC4wsoxE&amp;amp;amp;amp;amp;amp;trk=nav_responsive_tab_home\",\"https:\\\/\\\/www.youtube.com\\\/channel\\\/UCxL0wu1uN0_3_7hGG0306cw\"]},{\"@type\":\"Person\",\"@id\":\"https:\\\/\\\/www.bellunopress.it\\\/#\\\/schema\\\/person\\\/79bb06722b37ece1c03d3e94beb30d73\",\"name\":\"redazione\",\"image\":{\"@type\":\"ImageObject\",\"inLanguage\":\"fr-FR\",\"@id\":\"https:\\\/\\\/secure.gravatar.com\\\/avatar\\\/37d968a2e67a6fd04c169c4bdef102d0bc5d31b2546345219e348575eb80e9a0?s=96&d=mm&r=g\",\"url\":\"https:\\\/\\\/secure.gravatar.com\\\/avatar\\\/37d968a2e67a6fd04c169c4bdef102d0bc5d31b2546345219e348575eb80e9a0?s=96&d=mm&r=g\",\"contentUrl\":\"https:\\\/\\\/secure.gravatar.com\\\/avatar\\\/37d968a2e67a6fd04c169c4bdef102d0bc5d31b2546345219e348575eb80e9a0?s=96&d=mm&r=g\",\"caption\":\"redazione\"},\"sameAs\":[\"http:\\\/\\\/www.bellunopress.it\",\"https:\\\/\\\/x.com\\\/bellunopress\"],\"url\":\"https:\\\/\\\/www.bellunopress.it\\\/fr\\\/author\\\/redazione\\\/\"}]}<\/script>\n<!-- \/ Yoast SEO plugin. -->","yoast_head_json":{"title":"Domenica a Bribano i 60 presepi della Scuola d'Infanzia \"Don Modesto Sorio\" - Bellunopress - Dolomiti","robots":{"index":"index","follow":"follow","max-snippet":"max-snippet:-1","max-image-preview":"max-image-preview:large","max-video-preview":"max-video-preview:-1"},"canonical":"https:\/\/www.bellunopress.it\/fr\/2025\/11\/29\/domenica-a-bribano-i-60-presepi-della-scuola-dinfanzia-don-modesto-sorio\/","og_locale":"fr_FR","og_type":"article","og_title":"Domenica a Bribano i 60 presepi della Scuola d'Infanzia \"Don Modesto Sorio\" - Bellunopress - Dolomiti","og_description":"Domenica 30 novembre, a partire dalle ore 16 a Bribano (Sedico), nel parco antistante la scuola, in Piazza S. Nicol\u00f2 1, verr\u00e0 inaugurato, come da tradizione, il Parco dei Presepi. Sessanta opere realizzate dai bambini insieme alle loro famiglie con tema &#8220;Il Presepe di Greccio&#8221;, in onore degli 800 anni dalla morte di San Francesco, [&hellip;]","og_url":"https:\/\/www.bellunopress.it\/fr\/2025\/11\/29\/domenica-a-bribano-i-60-presepi-della-scuola-dinfanzia-don-modesto-sorio\/","og_site_name":"Bellunopress - Dolomiti","article_publisher":"https:\/\/www.facebook.com\/profile.php?id=100008943462799","article_published_time":"2025-11-29T09:00:45+00:00","og_image":[{"width":566,"height":800,"url":"https:\/\/www.bellunopress.it\/wp-content\/uploads\/2025\/11\/presepi-scuola-dinfanzia-Bribano.jpg","type":"image\/jpeg"}],"author":"redazione","twitter_card":"summary_large_image","twitter_creator":"@bellunopress","twitter_site":"@bellunopress","twitter_misc":{"\u00c9crit par":"redazione","Dur\u00e9e de lecture estim\u00e9e":"1 minute"},"schema":{"@context":"https:\/\/schema.org","@graph":[{"@type":"Article","@id":"https:\/\/www.bellunopress.it\/2025\/11\/29\/domenica-a-bribano-i-60-presepi-della-scuola-dinfanzia-don-modesto-sorio\/#article","isPartOf":{"@id":"https:\/\/www.bellunopress.it\/2025\/11\/29\/domenica-a-bribano-i-60-presepi-della-scuola-dinfanzia-don-modesto-sorio\/"},"author":{"name":"redazione","@id":"https:\/\/www.bellunopress.it\/#\/schema\/person\/79bb06722b37ece1c03d3e94beb30d73"},"headline":"Domenica a Bribano i 60 presepi della Scuola d&#8217;Infanzia &#8220;Don Modesto Sorio&#8221;","datePublished":"2025-11-29T09:00:45+00:00","mainEntityOfPage":{"@id":"https:\/\/www.bellunopress.it\/2025\/11\/29\/domenica-a-bribano-i-60-presepi-della-scuola-dinfanzia-don-modesto-sorio\/"},"wordCount":179,"publisher":{"@id":"https:\/\/www.bellunopress.it\/#organization"},"image":{"@id":"https:\/\/www.bellunopress.it\/2025\/11\/29\/domenica-a-bribano-i-60-presepi-della-scuola-dinfanzia-don-modesto-sorio\/#primaryimage"},"thumbnailUrl":"https:\/\/www.bellunopress.it\/wp-content\/uploads\/2025\/11\/presepi-scuola-dinfanzia-Bribano.jpg","articleSection":["Pausa Caff\u00e8","Scuola"],"inLanguage":"fr-FR"},{"@type":"WebPage","@id":"https:\/\/www.bellunopress.it\/2025\/11\/29\/domenica-a-bribano-i-60-presepi-della-scuola-dinfanzia-don-modesto-sorio\/","url":"https:\/\/www.bellunopress.it\/2025\/11\/29\/domenica-a-bribano-i-60-presepi-della-scuola-dinfanzia-don-modesto-sorio\/","name":"Domenica a Bribano i 60 presepi della Scuola d'Infanzia \"Don Modesto Sorio\" - Bellunopress - Dolomiti","isPartOf":{"@id":"https:\/\/www.bellunopress.it\/#website"},"primaryImageOfPage":{"@id":"https:\/\/www.bellunopress.it\/2025\/11\/29\/domenica-a-bribano-i-60-presepi-della-scuola-dinfanzia-don-modesto-sorio\/#primaryimage"},"image":{"@id":"https:\/\/www.bellunopress.it\/2025\/11\/29\/domenica-a-bribano-i-60-presepi-della-scuola-dinfanzia-don-modesto-sorio\/#primaryimage"},"thumbnailUrl":"https:\/\/www.bellunopress.it\/wp-content\/uploads\/2025\/11\/presepi-scuola-dinfanzia-Bribano.jpg","datePublished":"2025-11-29T09:00:45+00:00","breadcrumb":{"@id":"https:\/\/www.bellunopress.it\/2025\/11\/29\/domenica-a-bribano-i-60-presepi-della-scuola-dinfanzia-don-modesto-sorio\/#breadcrumb"},"inLanguage":"fr-FR","potentialAction":[{"@type":"ReadAction","target":["https:\/\/www.bellunopress.it\/2025\/11\/29\/domenica-a-bribano-i-60-presepi-della-scuola-dinfanzia-don-modesto-sorio\/"]}]},{"@type":"ImageObject","inLanguage":"fr-FR","@id":"https:\/\/www.bellunopress.it\/2025\/11\/29\/domenica-a-bribano-i-60-presepi-della-scuola-dinfanzia-don-modesto-sorio\/#primaryimage","url":"https:\/\/www.bellunopress.it\/wp-content\/uploads\/2025\/11\/presepi-scuola-dinfanzia-Bribano.jpg","contentUrl":"https:\/\/www.bellunopress.it\/wp-content\/uploads\/2025\/11\/presepi-scuola-dinfanzia-Bribano.jpg","width":566,"height":800},{"@type":"BreadcrumbList","@id":"https:\/\/www.bellunopress.it\/2025\/11\/29\/domenica-a-bribano-i-60-presepi-della-scuola-dinfanzia-don-modesto-sorio\/#breadcrumb","itemListElement":[{"@type":"ListItem","position":1,"name":"Home","item":"https:\/\/www.bellunopress.it\/"},{"@type":"ListItem","position":2,"name":"Domenica a Bribano i 60 presepi della Scuola d&#8217;Infanzia &#8220;Don Modesto Sorio&#8221;"}]},{"@type":"WebSite","@id":"https:\/\/www.bellunopress.it\/#website","url":"https:\/\/www.bellunopress.it\/","name":"Bellunopress - Dolomiti","description":"e-mail: redazione@bellunopress.it","publisher":{"@id":"https:\/\/www.bellunopress.it\/#organization"},"potentialAction":[{"@type":"SearchAction","target":{"@type":"EntryPoint","urlTemplate":"https:\/\/www.bellunopress.it\/?s={search_term_string}"},"query-input":{"@type":"PropertyValueSpecification","valueRequired":true,"valueName":"search_term_string"}}],"inLanguage":"fr-FR"},{"@type":"Organization","@id":"https:\/\/www.bellunopress.it\/#organization","name":"Bellunopress","url":"https:\/\/www.bellunopress.it\/","logo":{"@type":"ImageObject","inLanguage":"fr-FR","@id":"https:\/\/www.bellunopress.it\/#\/schema\/logo\/image\/","url":"https:\/\/www.bellunopress.it\/wp-content\/uploads\/2011\/05\/cropped-logo-bellunopress-.jpg","contentUrl":"https:\/\/www.bellunopress.it\/wp-content\/uploads\/2011\/05\/cropped-logo-bellunopress-.jpg","width":512,"height":512,"caption":"Bellunopress"},"image":{"@id":"https:\/\/www.bellunopress.it\/#\/schema\/logo\/image\/"},"sameAs":["https:\/\/www.facebook.com\/profile.php?id=100008943462799","https:\/\/x.com\/bellunopress","https:\/\/www.linkedin.com\/hp\/?dnr=JBzUWaJfMUw8vbXJJ2tVW5-I3jZKvC4wsoxE&amp;amp;amp;amp;amp;amp;trk=nav_responsive_tab_home","https:\/\/www.youtube.com\/channel\/UCxL0wu1uN0_3_7hGG0306cw"]},{"@type":"Person","@id":"https:\/\/www.bellunopress.it\/#\/schema\/person\/79bb06722b37ece1c03d3e94beb30d73","name":"r\u00e9daction","image":{"@type":"ImageObject","inLanguage":"fr-FR","@id":"https:\/\/secure.gravatar.com\/avatar\/37d968a2e67a6fd04c169c4bdef102d0bc5d31b2546345219e348575eb80e9a0?s=96&d=mm&r=g","url":"https:\/\/secure.gravatar.com\/avatar\/37d968a2e67a6fd04c169c4bdef102d0bc5d31b2546345219e348575eb80e9a0?s=96&d=mm&r=g","contentUrl":"https:\/\/secure.gravatar.com\/avatar\/37d968a2e67a6fd04c169c4bdef102d0bc5d31b2546345219e348575eb80e9a0?s=96&d=mm&r=g","caption":"redazione"},"sameAs":["http:\/\/www.bellunopress.it","https:\/\/x.com\/bellunopress"],"url":"https:\/\/www.bellunopress.it\/fr\/author\/redazione\/"}]}},"_links":{"self":[{"href":"https:\/\/www.bellunopress.it\/fr\/wp-json\/wp\/v2\/posts\/165287","targetHints":{"allow":["GET"]}}],"collection":[{"href":"https:\/\/www.bellunopress.it\/fr\/wp-json\/wp\/v2\/posts"}],"about":[{"href":"https:\/\/www.bellunopress.it\/fr\/wp-json\/wp\/v2\/types\/post"}],"author":[{"embeddable":true,"href":"https:\/\/www.bellunopress.it\/fr\/wp-json\/wp\/v2\/users\/2"}],"replies":[{"embeddable":true,"href":"https:\/\/www.bellunopress.it\/fr\/wp-json\/wp\/v2\/comments?post=165287"}],"version-history":[{"count":1,"href":"https:\/\/www.bellunopress.it\/fr\/wp-json\/wp\/v2\/posts\/165287\/revisions"}],"predecessor-version":[{"id":165289,"href":"https:\/\/www.bellunopress.it\/fr\/wp-json\/wp\/v2\/posts\/165287\/revisions\/165289"}],"wp:featuredmedia":[{"embeddable":true,"href":"https:\/\/www.bellunopress.it\/fr\/wp-json\/wp\/v2\/media\/165288"}],"wp:attachment":[{"href":"https:\/\/www.bellunopress.it\/fr\/wp-json\/wp\/v2\/media?parent=165287"}],"wp:term":[{"taxonomy":"category","embeddable":true,"href":"https:\/\/www.bellunopress.it\/fr\/wp-json\/wp\/v2\/categories?post=165287"},{"taxonomy":"post_tag","embeddable":true,"href":"https:\/\/www.bellunopress.it\/fr\/wp-json\/wp\/v2\/tags?post=165287"}],"curies":[{"name":"wp","href":"https:\/\/api.w.org\/{rel}","templated":true}]}}