{"id":165255,"date":"2025-11-28T09:00:18","date_gmt":"2025-11-28T08:00:18","guid":{"rendered":"https:\/\/www.bellunopress.it\/?p=165255"},"modified":"2025-11-27T17:42:23","modified_gmt":"2025-11-27T16:42:23","slug":"piccoli-erboristi-crescono-a-borgo-valbelluna-la-scuola-primaria-unisce-didattica-e-mondo-del-lavoro","status":"publish","type":"post","link":"https:\/\/www.bellunopress.it\/fr\/2025\/11\/28\/piccoli-erboristi-crescono-a-borgo-valbelluna-la-scuola-primaria-unisce-didattica-e-mondo-del-lavoro\/","title":{"rendered":"Piccoli erboristi crescono: a Borgo Valbelluna la scuola primaria unisce didattica e mondo del lavoro"},"content":{"rendered":"<p><img loading=\"lazy\" decoding=\"async\" class=\"alignleft size-medium wp-image-165256\" src=\"https:\/\/www.bellunopress.it\/wp-content\/uploads\/2025\/11\/lavanda_edited-500x231.jpg\" alt=\"\" width=\"500\" height=\"231\" srcset=\"https:\/\/www.bellunopress.it\/wp-content\/uploads\/2025\/11\/lavanda_edited-500x231.jpg 500w, https:\/\/www.bellunopress.it\/wp-content\/uploads\/2025\/11\/lavanda_edited-696x321.jpg 696w, https:\/\/www.bellunopress.it\/wp-content\/uploads\/2025\/11\/lavanda_edited.jpg 800w\" sizes=\"auto, (max-width: 500px) 100vw, 500px\" \/>Borgo Valbelluna, 28 novembre 2025 &#8211; Orientarsi nel vasto panorama delle opportunit\u00e0 che la societ\u00e0 contemporanea offre \u00e8 una sfida che si affronta sin dalla tenera et\u00e0. Ed \u00e8 proprio per offrire una bussola ai pi\u00f9 piccoli che alcune realt\u00e0 scolastiche locali stanno trasformando i semplici laboratori in veri e propri percorsi di orientamento al mondo del lavoro. Un esempio virtuoso arriva dalla scuola primaria di Villa di Villa (Borgo Valbelluna), dove sessanta alunni hanno indossato i panni di &#8220;Piccoli Erboristi&#8221;, scoprendo i segreti della cosmesi naturale e dell&#8217;agricoltura locale.<\/p>\n<p>L&#8217;iniziativa, che si inserisce da anni nell&#8217;offerta formativa dell&#8217;istituto, ha visto la preziosa collaborazione di Rossella Bernardi dell&#8217;azienda agricola Arca Prealpina, realt\u00e0 che a Rive di Villa di Villa unisce agriturismo e produzione di cosmetici naturali. L&#8217;obiettivo: mostrare ai bambini il percorso che porta &#8220;dalla coltura alla produzione&#8221;, valorizzando le risorse del territorio.<\/p>\n<p>L&#8217;esperienza si \u00e8 sviluppata in due fasi distinte e complementari. La prima, tenutasi all&#8217;inizio dell&#8217;anno scolastico, ha portato i bambini direttamente in visita all&#8217;azienda. Qui, oltre ad incontrare le simpatiche caprette, gli alunni hanno potuto vedere con i propri occhi i campi dedicati alla crescita delle erbe officinali e apprendere le tecniche di conservazione di fiori e foglie, sempre nel rispetto dei ritmi naturali.<\/p>\n<p>Il culmine del progetto \u00e8 arrivato con l&#8217;intervento in classe di Rossella Bernardi, trasformando per due ore l&#8217;aula in un vero e proprio laboratorio artigianale. Divisi in gruppi, i sessanta bimbi si sono cimentati nella realizzazione pratica di prodotti naturali: hanno imparato a mescolare olio e cera per creare unguenti a base di alloro e hanno utilizzato i fiori di lavanda per confezionare incensi, sacchettini profumati e morbidi cuscini.<\/p>\n<p>L&#8217;entusiasmo dei giovani partecipanti era palpabile. &#8220;\u00c8 un\u2019esperienza che li ha particolarmente affascinati perch\u00e9 spesso ci si dimentica come la natura sia parte integrante della nostra vita,&#8221; spiega un&#8217;insegnante.<\/p>\n<p>Ogni piccolo prodotto realizzato \u00e8 stato un tangibile ricordo da portare a casa, ma il vero valore formativo risiede nell&#8217;aver dato un contesto, una storia e una provenienza a prodotti che siamo abituati a vedere sulle nostre tavole o nelle nostre case. L&#8217;iniziativa non \u00e8 stata solo didattica, ma anche un concreto passo verso l&#8217;orientamento professionale, mostrando come una risorsa del territorio possa trasformarsi in una possibile opportunit\u00e0 lavorativa per i giovani scolari di domani.<\/p>","protected":false},"excerpt":{"rendered":"<p>Borgo Valbelluna, 28 novembre 2025 &#8211; Orientarsi nel vasto panorama delle opportunit\u00e0 che la societ\u00e0 contemporanea offre \u00e8 una sfida che si affronta sin dalla tenera et\u00e0. Ed \u00e8 proprio per offrire una bussola ai pi\u00f9 piccoli che alcune realt\u00e0 scolastiche locali stanno trasformando i semplici laboratori in veri e propri percorsi di orientamento al [&hellip;]<\/p>\n","protected":false},"author":2,"featured_media":165256,"comment_status":"closed","ping_status":"open","sticky":false,"template":"","format":"standard","meta":{"footnotes":""},"categories":[15],"tags":[],"class_list":["post-165255","post","type-post","status-publish","format-standard","has-post-thumbnail","category-scuola"],"yoast_head":"<!-- This site is optimized with the Yoast SEO plugin v28.4 - https:\/\/yoast.com\/product\/yoast-seo-wordpress\/ -->\n<title>Piccoli erboristi crescono: a Borgo Valbelluna la scuola primaria unisce didattica e mondo del lavoro - Bellunopress - Dolomiti<\/title>\n<meta name=\"robots\" content=\"index, follow, max-snippet:-1, max-image-preview:large, max-video-preview:-1\" \/>\n<link rel=\"canonical\" href=\"https:\/\/www.bellunopress.it\/fr\/2025\/11\/28\/piccoli-erboristi-crescono-a-borgo-valbelluna-la-scuola-primaria-unisce-didattica-e-mondo-del-lavoro\/\" \/>\n<meta property=\"og:locale\" content=\"fr_FR\" \/>\n<meta property=\"og:type\" content=\"article\" \/>\n<meta property=\"og:title\" content=\"Piccoli erboristi crescono: a Borgo Valbelluna la scuola primaria unisce didattica e mondo del lavoro - Bellunopress - Dolomiti\" \/>\n<meta property=\"og:description\" content=\"Borgo Valbelluna, 28 novembre 2025 &#8211; Orientarsi nel vasto panorama delle opportunit\u00e0 che la societ\u00e0 contemporanea offre \u00e8 una sfida che si affronta sin dalla tenera et\u00e0. Ed \u00e8 proprio per offrire una bussola ai pi\u00f9 piccoli che alcune realt\u00e0 scolastiche locali stanno trasformando i semplici laboratori in veri e propri percorsi di orientamento al [&hellip;]\" \/>\n<meta property=\"og:url\" content=\"https:\/\/www.bellunopress.it\/fr\/2025\/11\/28\/piccoli-erboristi-crescono-a-borgo-valbelluna-la-scuola-primaria-unisce-didattica-e-mondo-del-lavoro\/\" \/>\n<meta property=\"og:site_name\" content=\"Bellunopress - Dolomiti\" \/>\n<meta property=\"article:publisher\" content=\"https:\/\/www.facebook.com\/profile.php?id=100008943462799\" \/>\n<meta property=\"article:published_time\" content=\"2025-11-28T08:00:18+00:00\" \/>\n<meta property=\"og:image\" content=\"https:\/\/www.bellunopress.it\/wp-content\/uploads\/2025\/11\/lavanda_edited.jpg\" \/>\n\t<meta property=\"og:image:width\" content=\"800\" \/>\n\t<meta property=\"og:image:height\" content=\"369\" \/>\n\t<meta property=\"og:image:type\" content=\"image\/jpeg\" \/>\n<meta name=\"author\" content=\"redazione\" \/>\n<meta name=\"twitter:card\" content=\"summary_large_image\" \/>\n<meta name=\"twitter:creator\" content=\"@bellunopress\" \/>\n<meta name=\"twitter:site\" content=\"@bellunopress\" \/>\n<meta name=\"twitter:label1\" content=\"\u00c9crit par\" \/>\n\t<meta name=\"twitter:data1\" content=\"redazione\" \/>\n\t<meta name=\"twitter:label2\" content=\"Dur\u00e9e de lecture estim\u00e9e\" \/>\n\t<meta name=\"twitter:data2\" content=\"2 minutes\" \/>\n<script type=\"application\/ld+json\" class=\"yoast-schema-graph\">{\"@context\":\"https:\\\/\\\/schema.org\",\"@graph\":[{\"@type\":\"Article\",\"@id\":\"https:\\\/\\\/www.bellunopress.it\\\/2025\\\/11\\\/28\\\/piccoli-erboristi-crescono-a-borgo-valbelluna-la-scuola-primaria-unisce-didattica-e-mondo-del-lavoro\\\/#article\",\"isPartOf\":{\"@id\":\"https:\\\/\\\/www.bellunopress.it\\\/2025\\\/11\\\/28\\\/piccoli-erboristi-crescono-a-borgo-valbelluna-la-scuola-primaria-unisce-didattica-e-mondo-del-lavoro\\\/\"},\"author\":{\"name\":\"redazione\",\"@id\":\"https:\\\/\\\/www.bellunopress.it\\\/#\\\/schema\\\/person\\\/79bb06722b37ece1c03d3e94beb30d73\"},\"headline\":\"Piccoli erboristi crescono: a Borgo Valbelluna la scuola primaria unisce didattica e mondo del lavoro\",\"datePublished\":\"2025-11-28T08:00:18+00:00\",\"mainEntityOfPage\":{\"@id\":\"https:\\\/\\\/www.bellunopress.it\\\/2025\\\/11\\\/28\\\/piccoli-erboristi-crescono-a-borgo-valbelluna-la-scuola-primaria-unisce-didattica-e-mondo-del-lavoro\\\/\"},\"wordCount\":404,\"publisher\":{\"@id\":\"https:\\\/\\\/www.bellunopress.it\\\/#organization\"},\"image\":{\"@id\":\"https:\\\/\\\/www.bellunopress.it\\\/2025\\\/11\\\/28\\\/piccoli-erboristi-crescono-a-borgo-valbelluna-la-scuola-primaria-unisce-didattica-e-mondo-del-lavoro\\\/#primaryimage\"},\"thumbnailUrl\":\"https:\\\/\\\/www.bellunopress.it\\\/wp-content\\\/uploads\\\/2025\\\/11\\\/lavanda_edited.jpg\",\"articleSection\":[\"Scuola\"],\"inLanguage\":\"fr-FR\"},{\"@type\":\"WebPage\",\"@id\":\"https:\\\/\\\/www.bellunopress.it\\\/2025\\\/11\\\/28\\\/piccoli-erboristi-crescono-a-borgo-valbelluna-la-scuola-primaria-unisce-didattica-e-mondo-del-lavoro\\\/\",\"url\":\"https:\\\/\\\/www.bellunopress.it\\\/2025\\\/11\\\/28\\\/piccoli-erboristi-crescono-a-borgo-valbelluna-la-scuola-primaria-unisce-didattica-e-mondo-del-lavoro\\\/\",\"name\":\"Piccoli erboristi crescono: a Borgo Valbelluna la scuola primaria unisce didattica e mondo del lavoro - Bellunopress - Dolomiti\",\"isPartOf\":{\"@id\":\"https:\\\/\\\/www.bellunopress.it\\\/#website\"},\"primaryImageOfPage\":{\"@id\":\"https:\\\/\\\/www.bellunopress.it\\\/2025\\\/11\\\/28\\\/piccoli-erboristi-crescono-a-borgo-valbelluna-la-scuola-primaria-unisce-didattica-e-mondo-del-lavoro\\\/#primaryimage\"},\"image\":{\"@id\":\"https:\\\/\\\/www.bellunopress.it\\\/2025\\\/11\\\/28\\\/piccoli-erboristi-crescono-a-borgo-valbelluna-la-scuola-primaria-unisce-didattica-e-mondo-del-lavoro\\\/#primaryimage\"},\"thumbnailUrl\":\"https:\\\/\\\/www.bellunopress.it\\\/wp-content\\\/uploads\\\/2025\\\/11\\\/lavanda_edited.jpg\",\"datePublished\":\"2025-11-28T08:00:18+00:00\",\"breadcrumb\":{\"@id\":\"https:\\\/\\\/www.bellunopress.it\\\/2025\\\/11\\\/28\\\/piccoli-erboristi-crescono-a-borgo-valbelluna-la-scuola-primaria-unisce-didattica-e-mondo-del-lavoro\\\/#breadcrumb\"},\"inLanguage\":\"fr-FR\",\"potentialAction\":[{\"@type\":\"ReadAction\",\"target\":[\"https:\\\/\\\/www.bellunopress.it\\\/2025\\\/11\\\/28\\\/piccoli-erboristi-crescono-a-borgo-valbelluna-la-scuola-primaria-unisce-didattica-e-mondo-del-lavoro\\\/\"]}]},{\"@type\":\"ImageObject\",\"inLanguage\":\"fr-FR\",\"@id\":\"https:\\\/\\\/www.bellunopress.it\\\/2025\\\/11\\\/28\\\/piccoli-erboristi-crescono-a-borgo-valbelluna-la-scuola-primaria-unisce-didattica-e-mondo-del-lavoro\\\/#primaryimage\",\"url\":\"https:\\\/\\\/www.bellunopress.it\\\/wp-content\\\/uploads\\\/2025\\\/11\\\/lavanda_edited.jpg\",\"contentUrl\":\"https:\\\/\\\/www.bellunopress.it\\\/wp-content\\\/uploads\\\/2025\\\/11\\\/lavanda_edited.jpg\",\"width\":800,\"height\":369},{\"@type\":\"BreadcrumbList\",\"@id\":\"https:\\\/\\\/www.bellunopress.it\\\/2025\\\/11\\\/28\\\/piccoli-erboristi-crescono-a-borgo-valbelluna-la-scuola-primaria-unisce-didattica-e-mondo-del-lavoro\\\/#breadcrumb\",\"itemListElement\":[{\"@type\":\"ListItem\",\"position\":1,\"name\":\"Home\",\"item\":\"https:\\\/\\\/www.bellunopress.it\\\/\"},{\"@type\":\"ListItem\",\"position\":2,\"name\":\"Piccoli erboristi crescono: a Borgo Valbelluna la scuola primaria unisce didattica e mondo del lavoro\"}]},{\"@type\":\"WebSite\",\"@id\":\"https:\\\/\\\/www.bellunopress.it\\\/#website\",\"url\":\"https:\\\/\\\/www.bellunopress.it\\\/\",\"name\":\"Bellunopress - Dolomiti\",\"description\":\"e-mail: redazione@bellunopress.it\",\"publisher\":{\"@id\":\"https:\\\/\\\/www.bellunopress.it\\\/#organization\"},\"potentialAction\":[{\"@type\":\"SearchAction\",\"target\":{\"@type\":\"EntryPoint\",\"urlTemplate\":\"https:\\\/\\\/www.bellunopress.it\\\/?s={search_term_string}\"},\"query-input\":{\"@type\":\"PropertyValueSpecification\",\"valueRequired\":true,\"valueName\":\"search_term_string\"}}],\"inLanguage\":\"fr-FR\"},{\"@type\":\"Organization\",\"@id\":\"https:\\\/\\\/www.bellunopress.it\\\/#organization\",\"name\":\"Bellunopress\",\"url\":\"https:\\\/\\\/www.bellunopress.it\\\/\",\"logo\":{\"@type\":\"ImageObject\",\"inLanguage\":\"fr-FR\",\"@id\":\"https:\\\/\\\/www.bellunopress.it\\\/#\\\/schema\\\/logo\\\/image\\\/\",\"url\":\"https:\\\/\\\/www.bellunopress.it\\\/wp-content\\\/uploads\\\/2011\\\/05\\\/cropped-logo-bellunopress-.jpg\",\"contentUrl\":\"https:\\\/\\\/www.bellunopress.it\\\/wp-content\\\/uploads\\\/2011\\\/05\\\/cropped-logo-bellunopress-.jpg\",\"width\":512,\"height\":512,\"caption\":\"Bellunopress\"},\"image\":{\"@id\":\"https:\\\/\\\/www.bellunopress.it\\\/#\\\/schema\\\/logo\\\/image\\\/\"},\"sameAs\":[\"https:\\\/\\\/www.facebook.com\\\/profile.php?id=100008943462799\",\"https:\\\/\\\/x.com\\\/bellunopress\",\"https:\\\/\\\/www.linkedin.com\\\/hp\\\/?dnr=JBzUWaJfMUw8vbXJJ2tVW5-I3jZKvC4wsoxE&amp;amp;amp;amp;amp;amp;trk=nav_responsive_tab_home\",\"https:\\\/\\\/www.youtube.com\\\/channel\\\/UCxL0wu1uN0_3_7hGG0306cw\"]},{\"@type\":\"Person\",\"@id\":\"https:\\\/\\\/www.bellunopress.it\\\/#\\\/schema\\\/person\\\/79bb06722b37ece1c03d3e94beb30d73\",\"name\":\"redazione\",\"image\":{\"@type\":\"ImageObject\",\"inLanguage\":\"fr-FR\",\"@id\":\"https:\\\/\\\/secure.gravatar.com\\\/avatar\\\/37d968a2e67a6fd04c169c4bdef102d0bc5d31b2546345219e348575eb80e9a0?s=96&d=mm&r=g\",\"url\":\"https:\\\/\\\/secure.gravatar.com\\\/avatar\\\/37d968a2e67a6fd04c169c4bdef102d0bc5d31b2546345219e348575eb80e9a0?s=96&d=mm&r=g\",\"contentUrl\":\"https:\\\/\\\/secure.gravatar.com\\\/avatar\\\/37d968a2e67a6fd04c169c4bdef102d0bc5d31b2546345219e348575eb80e9a0?s=96&d=mm&r=g\",\"caption\":\"redazione\"},\"sameAs\":[\"http:\\\/\\\/www.bellunopress.it\",\"https:\\\/\\\/x.com\\\/bellunopress\"],\"url\":\"https:\\\/\\\/www.bellunopress.it\\\/fr\\\/author\\\/redazione\\\/\"}]}<\/script>\n<!-- \/ Yoast SEO plugin. -->","yoast_head_json":{"title":"Piccoli erboristi crescono: a Borgo Valbelluna la scuola primaria unisce didattica e mondo del lavoro - Bellunopress - Dolomiti","robots":{"index":"index","follow":"follow","max-snippet":"max-snippet:-1","max-image-preview":"max-image-preview:large","max-video-preview":"max-video-preview:-1"},"canonical":"https:\/\/www.bellunopress.it\/fr\/2025\/11\/28\/piccoli-erboristi-crescono-a-borgo-valbelluna-la-scuola-primaria-unisce-didattica-e-mondo-del-lavoro\/","og_locale":"fr_FR","og_type":"article","og_title":"Piccoli erboristi crescono: a Borgo Valbelluna la scuola primaria unisce didattica e mondo del lavoro - Bellunopress - Dolomiti","og_description":"Borgo Valbelluna, 28 novembre 2025 &#8211; Orientarsi nel vasto panorama delle opportunit\u00e0 che la societ\u00e0 contemporanea offre \u00e8 una sfida che si affronta sin dalla tenera et\u00e0. Ed \u00e8 proprio per offrire una bussola ai pi\u00f9 piccoli che alcune realt\u00e0 scolastiche locali stanno trasformando i semplici laboratori in veri e propri percorsi di orientamento al [&hellip;]","og_url":"https:\/\/www.bellunopress.it\/fr\/2025\/11\/28\/piccoli-erboristi-crescono-a-borgo-valbelluna-la-scuola-primaria-unisce-didattica-e-mondo-del-lavoro\/","og_site_name":"Bellunopress - Dolomiti","article_publisher":"https:\/\/www.facebook.com\/profile.php?id=100008943462799","article_published_time":"2025-11-28T08:00:18+00:00","og_image":[{"width":800,"height":369,"url":"https:\/\/www.bellunopress.it\/wp-content\/uploads\/2025\/11\/lavanda_edited.jpg","type":"image\/jpeg"}],"author":"redazione","twitter_card":"summary_large_image","twitter_creator":"@bellunopress","twitter_site":"@bellunopress","twitter_misc":{"\u00c9crit par":"redazione","Dur\u00e9e de lecture estim\u00e9e":"2 minutes"},"schema":{"@context":"https:\/\/schema.org","@graph":[{"@type":"Article","@id":"https:\/\/www.bellunopress.it\/2025\/11\/28\/piccoli-erboristi-crescono-a-borgo-valbelluna-la-scuola-primaria-unisce-didattica-e-mondo-del-lavoro\/#article","isPartOf":{"@id":"https:\/\/www.bellunopress.it\/2025\/11\/28\/piccoli-erboristi-crescono-a-borgo-valbelluna-la-scuola-primaria-unisce-didattica-e-mondo-del-lavoro\/"},"author":{"name":"redazione","@id":"https:\/\/www.bellunopress.it\/#\/schema\/person\/79bb06722b37ece1c03d3e94beb30d73"},"headline":"Piccoli erboristi crescono: a Borgo Valbelluna la scuola primaria unisce didattica e mondo del lavoro","datePublished":"2025-11-28T08:00:18+00:00","mainEntityOfPage":{"@id":"https:\/\/www.bellunopress.it\/2025\/11\/28\/piccoli-erboristi-crescono-a-borgo-valbelluna-la-scuola-primaria-unisce-didattica-e-mondo-del-lavoro\/"},"wordCount":404,"publisher":{"@id":"https:\/\/www.bellunopress.it\/#organization"},"image":{"@id":"https:\/\/www.bellunopress.it\/2025\/11\/28\/piccoli-erboristi-crescono-a-borgo-valbelluna-la-scuola-primaria-unisce-didattica-e-mondo-del-lavoro\/#primaryimage"},"thumbnailUrl":"https:\/\/www.bellunopress.it\/wp-content\/uploads\/2025\/11\/lavanda_edited.jpg","articleSection":["Scuola"],"inLanguage":"fr-FR"},{"@type":"WebPage","@id":"https:\/\/www.bellunopress.it\/2025\/11\/28\/piccoli-erboristi-crescono-a-borgo-valbelluna-la-scuola-primaria-unisce-didattica-e-mondo-del-lavoro\/","url":"https:\/\/www.bellunopress.it\/2025\/11\/28\/piccoli-erboristi-crescono-a-borgo-valbelluna-la-scuola-primaria-unisce-didattica-e-mondo-del-lavoro\/","name":"Piccoli erboristi crescono: a Borgo Valbelluna la scuola primaria unisce didattica e mondo del lavoro - Bellunopress - Dolomiti","isPartOf":{"@id":"https:\/\/www.bellunopress.it\/#website"},"primaryImageOfPage":{"@id":"https:\/\/www.bellunopress.it\/2025\/11\/28\/piccoli-erboristi-crescono-a-borgo-valbelluna-la-scuola-primaria-unisce-didattica-e-mondo-del-lavoro\/#primaryimage"},"image":{"@id":"https:\/\/www.bellunopress.it\/2025\/11\/28\/piccoli-erboristi-crescono-a-borgo-valbelluna-la-scuola-primaria-unisce-didattica-e-mondo-del-lavoro\/#primaryimage"},"thumbnailUrl":"https:\/\/www.bellunopress.it\/wp-content\/uploads\/2025\/11\/lavanda_edited.jpg","datePublished":"2025-11-28T08:00:18+00:00","breadcrumb":{"@id":"https:\/\/www.bellunopress.it\/2025\/11\/28\/piccoli-erboristi-crescono-a-borgo-valbelluna-la-scuola-primaria-unisce-didattica-e-mondo-del-lavoro\/#breadcrumb"},"inLanguage":"fr-FR","potentialAction":[{"@type":"ReadAction","target":["https:\/\/www.bellunopress.it\/2025\/11\/28\/piccoli-erboristi-crescono-a-borgo-valbelluna-la-scuola-primaria-unisce-didattica-e-mondo-del-lavoro\/"]}]},{"@type":"ImageObject","inLanguage":"fr-FR","@id":"https:\/\/www.bellunopress.it\/2025\/11\/28\/piccoli-erboristi-crescono-a-borgo-valbelluna-la-scuola-primaria-unisce-didattica-e-mondo-del-lavoro\/#primaryimage","url":"https:\/\/www.bellunopress.it\/wp-content\/uploads\/2025\/11\/lavanda_edited.jpg","contentUrl":"https:\/\/www.bellunopress.it\/wp-content\/uploads\/2025\/11\/lavanda_edited.jpg","width":800,"height":369},{"@type":"BreadcrumbList","@id":"https:\/\/www.bellunopress.it\/2025\/11\/28\/piccoli-erboristi-crescono-a-borgo-valbelluna-la-scuola-primaria-unisce-didattica-e-mondo-del-lavoro\/#breadcrumb","itemListElement":[{"@type":"ListItem","position":1,"name":"Home","item":"https:\/\/www.bellunopress.it\/"},{"@type":"ListItem","position":2,"name":"Piccoli erboristi crescono: a Borgo Valbelluna la scuola primaria unisce didattica e mondo del lavoro"}]},{"@type":"WebSite","@id":"https:\/\/www.bellunopress.it\/#website","url":"https:\/\/www.bellunopress.it\/","name":"Bellunopress - Dolomiti","description":"e-mail: redazione@bellunopress.it","publisher":{"@id":"https:\/\/www.bellunopress.it\/#organization"},"potentialAction":[{"@type":"SearchAction","target":{"@type":"EntryPoint","urlTemplate":"https:\/\/www.bellunopress.it\/?s={search_term_string}"},"query-input":{"@type":"PropertyValueSpecification","valueRequired":true,"valueName":"search_term_string"}}],"inLanguage":"fr-FR"},{"@type":"Organization","@id":"https:\/\/www.bellunopress.it\/#organization","name":"Bellunopress","url":"https:\/\/www.bellunopress.it\/","logo":{"@type":"ImageObject","inLanguage":"fr-FR","@id":"https:\/\/www.bellunopress.it\/#\/schema\/logo\/image\/","url":"https:\/\/www.bellunopress.it\/wp-content\/uploads\/2011\/05\/cropped-logo-bellunopress-.jpg","contentUrl":"https:\/\/www.bellunopress.it\/wp-content\/uploads\/2011\/05\/cropped-logo-bellunopress-.jpg","width":512,"height":512,"caption":"Bellunopress"},"image":{"@id":"https:\/\/www.bellunopress.it\/#\/schema\/logo\/image\/"},"sameAs":["https:\/\/www.facebook.com\/profile.php?id=100008943462799","https:\/\/x.com\/bellunopress","https:\/\/www.linkedin.com\/hp\/?dnr=JBzUWaJfMUw8vbXJJ2tVW5-I3jZKvC4wsoxE&amp;amp;amp;amp;amp;amp;trk=nav_responsive_tab_home","https:\/\/www.youtube.com\/channel\/UCxL0wu1uN0_3_7hGG0306cw"]},{"@type":"Person","@id":"https:\/\/www.bellunopress.it\/#\/schema\/person\/79bb06722b37ece1c03d3e94beb30d73","name":"r\u00e9daction","image":{"@type":"ImageObject","inLanguage":"fr-FR","@id":"https:\/\/secure.gravatar.com\/avatar\/37d968a2e67a6fd04c169c4bdef102d0bc5d31b2546345219e348575eb80e9a0?s=96&d=mm&r=g","url":"https:\/\/secure.gravatar.com\/avatar\/37d968a2e67a6fd04c169c4bdef102d0bc5d31b2546345219e348575eb80e9a0?s=96&d=mm&r=g","contentUrl":"https:\/\/secure.gravatar.com\/avatar\/37d968a2e67a6fd04c169c4bdef102d0bc5d31b2546345219e348575eb80e9a0?s=96&d=mm&r=g","caption":"redazione"},"sameAs":["http:\/\/www.bellunopress.it","https:\/\/x.com\/bellunopress"],"url":"https:\/\/www.bellunopress.it\/fr\/author\/redazione\/"}]}},"_links":{"self":[{"href":"https:\/\/www.bellunopress.it\/fr\/wp-json\/wp\/v2\/posts\/165255","targetHints":{"allow":["GET"]}}],"collection":[{"href":"https:\/\/www.bellunopress.it\/fr\/wp-json\/wp\/v2\/posts"}],"about":[{"href":"https:\/\/www.bellunopress.it\/fr\/wp-json\/wp\/v2\/types\/post"}],"author":[{"embeddable":true,"href":"https:\/\/www.bellunopress.it\/fr\/wp-json\/wp\/v2\/users\/2"}],"replies":[{"embeddable":true,"href":"https:\/\/www.bellunopress.it\/fr\/wp-json\/wp\/v2\/comments?post=165255"}],"version-history":[{"count":1,"href":"https:\/\/www.bellunopress.it\/fr\/wp-json\/wp\/v2\/posts\/165255\/revisions"}],"predecessor-version":[{"id":165257,"href":"https:\/\/www.bellunopress.it\/fr\/wp-json\/wp\/v2\/posts\/165255\/revisions\/165257"}],"wp:featuredmedia":[{"embeddable":true,"href":"https:\/\/www.bellunopress.it\/fr\/wp-json\/wp\/v2\/media\/165256"}],"wp:attachment":[{"href":"https:\/\/www.bellunopress.it\/fr\/wp-json\/wp\/v2\/media?parent=165255"}],"wp:term":[{"taxonomy":"category","embeddable":true,"href":"https:\/\/www.bellunopress.it\/fr\/wp-json\/wp\/v2\/categories?post=165255"},{"taxonomy":"post_tag","embeddable":true,"href":"https:\/\/www.bellunopress.it\/fr\/wp-json\/wp\/v2\/tags?post=165255"}],"curies":[{"name":"wp","href":"https:\/\/api.w.org\/{rel}","templated":true}]}}