{"id":165242,"date":"2025-11-27T14:09:39","date_gmt":"2025-11-27T13:09:39","guid":{"rendered":"https:\/\/www.bellunopress.it\/?p=165242"},"modified":"2025-11-27T14:09:39","modified_gmt":"2025-11-27T13:09:39","slug":"belluno-botti-al-via-la-campagna-di-sensibilizzazione-del-comune-di-belluno","status":"publish","type":"post","link":"https:\/\/www.bellunopress.it\/fr\/2025\/11\/27\/belluno-botti-al-via-la-campagna-di-sensibilizzazione-del-comune-di-belluno\/","title":{"rendered":"BelluNO Botti. Al via la campagna di sensibilizzazione del Comune di Belluno"},"content":{"rendered":"<p><img loading=\"lazy\" decoding=\"async\" class=\"alignleft size-medium wp-image-165243\" src=\"https:\/\/www.bellunopress.it\/wp-content\/uploads\/2025\/11\/BelluNO-Botti_edited-350x500.jpg\" alt=\"\" width=\"350\" height=\"500\" srcset=\"https:\/\/www.bellunopress.it\/wp-content\/uploads\/2025\/11\/BelluNO-Botti_edited-350x500.jpg 350w, https:\/\/www.bellunopress.it\/wp-content\/uploads\/2025\/11\/BelluNO-Botti_edited-294x420.jpg 294w, https:\/\/www.bellunopress.it\/wp-content\/uploads\/2025\/11\/BelluNO-Botti_edited.jpg 560w\" sizes=\"auto, (max-width: 350px) 100vw, 350px\" \/>Belluno, 27 novembre 2025 &#8211;\u00a0Parte oggi la nuova edizione della campagna di sensibilizzazione \u201cBelluNO Botti\u201d, promossa dal Comune di Belluno per invitare la cittadinanza a vivere le festivit\u00e0 nel segno del rispetto e della consapevolezza.<\/p>\n<p>Anche quest\u2019anno, manifesti e materiali informativi saranno affissi in Citt\u00e0 per richiamare l\u2019attenzione sui rischi legati all\u2019uso di petardi e botti, non solo per gli animali ma anche per le persone pi\u00f9 fragili, come chi vive con disturbi dello spettro autistico o particolari sensibilit\u00e0 sensoriali. \u201cCon BelluNO Botti vogliamo ribadire che il rispetto non si impone, ma si costruisce con consapevolezza \u2013 sottolinea il Sindaco Oscar De Pellegrin \u2013. Le esplosioni dei botti possono rappresentare per molti un momento di festa, ma per altri e penso agli animali ma anche ai bambini piccoli, agli anziani o alle persone con particolari fragilit\u00e0, possono essere un\u2019esperienza dolorosa e destabilizzante. Scegliere di rinunciarvi significa compiere un gesto di civilt\u00e0 e di empatia verso chi ci vive accanto\u201d.<\/p>\n<p>Il progetto, giunto alla sua terza edizione, rinnova l\u2019impegno dell\u2019Amministrazione comunale nel promuovere un cambiamento culturale fondato sulla responsabilit\u00e0 individuale e collettiva. L\u2019obiettivo \u00e8 ridurre progressivamente l\u2019utilizzo di materiale pirotecnico, potenziale causa di danni alla fauna e rischi conseguenti per la popolazione: paura e stress per gli animali domestici e selvatici, fuga di cani dalle abitazioni, inquinamento acustico e atmosferico, ma anche episodi di forte disagio per persone che possono vivere il rumore improvviso come un trauma o una minaccia.<br \/>\nLa campagna si muove in continuit\u00e0 con l\u2019aggiornamento al Regolamento per il Benessere Animale. Nel nuovo testo, all\u2019articolo 9 comma 22, oltre a scoraggiare l\u2019utilizzo di articoli pirotecnici durante tutto l\u2019anno per i rischi e lo stress che causano agli animali, si stabilisce che sia vietato far esplodere botti e petardi entro un raggio di 200 metri da canili, colonie feline e ricoveri per animali. Una disposizione che rafforza la tutela delle aree pi\u00f9 sensibili e si inserisce pienamente nel percorso culturale avviato in questi anni.<\/p>\n<p>La grafica dei manifesti, curata da Chiara Pollet, unisce immagini evocative e messaggi diretti per invitare tutti a festeggiare il periodo natalizio pensando anche a chi, dei botti, ne farebbe volentieri a meno.<br \/>\nAnche il consigliere Lorenzo Bortoluzzi della Commissione Benessere Animale evidenzia come il percorso avviato negli anni scorsi stia consolidando una nuova sensibilit\u00e0. \u201cL\u2019attenzione verso il benessere animale si allarga quest\u2019anno a quello verso le persone pi\u00f9 vulnerabili, perch\u00e9 la cura del nostro ambiente di vita \u00e8 un valore che riguarda tutti \u2013 spiega \u2013. Una comunit\u00e0 che rispetta gli altri, in tutte le loro forme, \u00e8 una comunit\u00e0 pi\u00f9 serena e inclusiva\u201d.<\/p>\n<p>Confermata anche per questa edizione la collaborazione con la LAV \u2013 Lega Anti Vivisezione, che ha messo a disposizione il materiale informativo e continua a promuovere attivit\u00e0 educative nelle scuole cittadine. Nei laboratori proposti in collaborazione con il Comune bambini e ragazzi riflettono sul tema dei botti attraverso il libretto \u201cBasta Botti\u201d, realizzato da LAV in collaborazione con il Ministero dell\u2019Istruzione e patrocinato dal Comune di Belluno.<br \/>\nUn percorso che mira a sviluppare, fin dalla giovane et\u00e0, una cultura del rispetto verso gli animali, le persone e l\u2019ambiente.<\/p>","protected":false},"excerpt":{"rendered":"<p>Belluno, 27 novembre 2025 &#8211;\u00a0Parte oggi la nuova edizione della campagna di sensibilizzazione \u201cBelluNO Botti\u201d, promossa dal Comune di Belluno per invitare la cittadinanza a vivere le festivit\u00e0 nel segno del rispetto e della consapevolezza. Anche quest\u2019anno, manifesti e materiali informativi saranno affissi in Citt\u00e0 per richiamare l\u2019attenzione sui rischi legati all\u2019uso di petardi e [&hellip;]<\/p>\n","protected":false},"author":2,"featured_media":165243,"comment_status":"closed","ping_status":"open","sticky":false,"template":"","format":"standard","meta":{"footnotes":""},"categories":[38,8],"tags":[],"class_list":["post-165242","post","type-post","status-publish","format-standard","has-post-thumbnail","category-natura-ambiente","category-societa-istituzioni"],"yoast_head":"<!-- This site is optimized with the Yoast SEO plugin v28.4 - https:\/\/yoast.com\/product\/yoast-seo-wordpress\/ -->\n<title>BelluNO Botti. Al via la campagna di sensibilizzazione del Comune di Belluno - Bellunopress - Dolomiti<\/title>\n<meta name=\"robots\" content=\"index, follow, max-snippet:-1, max-image-preview:large, max-video-preview:-1\" \/>\n<link rel=\"canonical\" href=\"https:\/\/www.bellunopress.it\/fr\/2025\/11\/27\/belluno-botti-al-via-la-campagna-di-sensibilizzazione-del-comune-di-belluno\/\" \/>\n<meta property=\"og:locale\" content=\"fr_FR\" \/>\n<meta property=\"og:type\" content=\"article\" \/>\n<meta property=\"og:title\" content=\"BelluNO Botti. Al via la campagna di sensibilizzazione del Comune di Belluno - Bellunopress - Dolomiti\" \/>\n<meta property=\"og:description\" content=\"Belluno, 27 novembre 2025 &#8211;\u00a0Parte oggi la nuova edizione della campagna di sensibilizzazione \u201cBelluNO Botti\u201d, promossa dal Comune di Belluno per invitare la cittadinanza a vivere le festivit\u00e0 nel segno del rispetto e della consapevolezza. Anche quest\u2019anno, manifesti e materiali informativi saranno affissi in Citt\u00e0 per richiamare l\u2019attenzione sui rischi legati all\u2019uso di petardi e [&hellip;]\" \/>\n<meta property=\"og:url\" content=\"https:\/\/www.bellunopress.it\/fr\/2025\/11\/27\/belluno-botti-al-via-la-campagna-di-sensibilizzazione-del-comune-di-belluno\/\" \/>\n<meta property=\"og:site_name\" content=\"Bellunopress - Dolomiti\" \/>\n<meta property=\"article:publisher\" content=\"https:\/\/www.facebook.com\/profile.php?id=100008943462799\" \/>\n<meta property=\"article:published_time\" content=\"2025-11-27T13:09:39+00:00\" \/>\n<meta property=\"og:image\" content=\"https:\/\/www.bellunopress.it\/wp-content\/uploads\/2025\/11\/BelluNO-Botti_edited.jpg\" \/>\n\t<meta property=\"og:image:width\" content=\"560\" \/>\n\t<meta property=\"og:image:height\" content=\"800\" \/>\n\t<meta property=\"og:image:type\" content=\"image\/jpeg\" \/>\n<meta name=\"author\" content=\"redazione\" \/>\n<meta name=\"twitter:card\" content=\"summary_large_image\" \/>\n<meta name=\"twitter:creator\" content=\"@bellunopress\" \/>\n<meta name=\"twitter:site\" content=\"@bellunopress\" \/>\n<meta name=\"twitter:label1\" content=\"\u00c9crit par\" \/>\n\t<meta name=\"twitter:data1\" content=\"redazione\" \/>\n\t<meta name=\"twitter:label2\" content=\"Dur\u00e9e de lecture estim\u00e9e\" \/>\n\t<meta name=\"twitter:data2\" content=\"3 minutes\" \/>\n<script type=\"application\/ld+json\" class=\"yoast-schema-graph\">{\"@context\":\"https:\\\/\\\/schema.org\",\"@graph\":[{\"@type\":\"Article\",\"@id\":\"https:\\\/\\\/www.bellunopress.it\\\/2025\\\/11\\\/27\\\/belluno-botti-al-via-la-campagna-di-sensibilizzazione-del-comune-di-belluno\\\/#article\",\"isPartOf\":{\"@id\":\"https:\\\/\\\/www.bellunopress.it\\\/2025\\\/11\\\/27\\\/belluno-botti-al-via-la-campagna-di-sensibilizzazione-del-comune-di-belluno\\\/\"},\"author\":{\"name\":\"redazione\",\"@id\":\"https:\\\/\\\/www.bellunopress.it\\\/#\\\/schema\\\/person\\\/79bb06722b37ece1c03d3e94beb30d73\"},\"headline\":\"BelluNO Botti. Al via la campagna di sensibilizzazione del Comune di Belluno\",\"datePublished\":\"2025-11-27T13:09:39+00:00\",\"mainEntityOfPage\":{\"@id\":\"https:\\\/\\\/www.bellunopress.it\\\/2025\\\/11\\\/27\\\/belluno-botti-al-via-la-campagna-di-sensibilizzazione-del-comune-di-belluno\\\/\"},\"wordCount\":534,\"publisher\":{\"@id\":\"https:\\\/\\\/www.bellunopress.it\\\/#organization\"},\"image\":{\"@id\":\"https:\\\/\\\/www.bellunopress.it\\\/2025\\\/11\\\/27\\\/belluno-botti-al-via-la-campagna-di-sensibilizzazione-del-comune-di-belluno\\\/#primaryimage\"},\"thumbnailUrl\":\"https:\\\/\\\/www.bellunopress.it\\\/wp-content\\\/uploads\\\/2025\\\/11\\\/BelluNO-Botti_edited.jpg\",\"articleSection\":[\"Meteo, natura, ambiente, animali\",\"Societ\u00e0, Associazioni, Istituzioni\"],\"inLanguage\":\"fr-FR\"},{\"@type\":\"WebPage\",\"@id\":\"https:\\\/\\\/www.bellunopress.it\\\/2025\\\/11\\\/27\\\/belluno-botti-al-via-la-campagna-di-sensibilizzazione-del-comune-di-belluno\\\/\",\"url\":\"https:\\\/\\\/www.bellunopress.it\\\/2025\\\/11\\\/27\\\/belluno-botti-al-via-la-campagna-di-sensibilizzazione-del-comune-di-belluno\\\/\",\"name\":\"BelluNO Botti. Al via la campagna di sensibilizzazione del Comune di Belluno - Bellunopress - Dolomiti\",\"isPartOf\":{\"@id\":\"https:\\\/\\\/www.bellunopress.it\\\/#website\"},\"primaryImageOfPage\":{\"@id\":\"https:\\\/\\\/www.bellunopress.it\\\/2025\\\/11\\\/27\\\/belluno-botti-al-via-la-campagna-di-sensibilizzazione-del-comune-di-belluno\\\/#primaryimage\"},\"image\":{\"@id\":\"https:\\\/\\\/www.bellunopress.it\\\/2025\\\/11\\\/27\\\/belluno-botti-al-via-la-campagna-di-sensibilizzazione-del-comune-di-belluno\\\/#primaryimage\"},\"thumbnailUrl\":\"https:\\\/\\\/www.bellunopress.it\\\/wp-content\\\/uploads\\\/2025\\\/11\\\/BelluNO-Botti_edited.jpg\",\"datePublished\":\"2025-11-27T13:09:39+00:00\",\"breadcrumb\":{\"@id\":\"https:\\\/\\\/www.bellunopress.it\\\/2025\\\/11\\\/27\\\/belluno-botti-al-via-la-campagna-di-sensibilizzazione-del-comune-di-belluno\\\/#breadcrumb\"},\"inLanguage\":\"fr-FR\",\"potentialAction\":[{\"@type\":\"ReadAction\",\"target\":[\"https:\\\/\\\/www.bellunopress.it\\\/2025\\\/11\\\/27\\\/belluno-botti-al-via-la-campagna-di-sensibilizzazione-del-comune-di-belluno\\\/\"]}]},{\"@type\":\"ImageObject\",\"inLanguage\":\"fr-FR\",\"@id\":\"https:\\\/\\\/www.bellunopress.it\\\/2025\\\/11\\\/27\\\/belluno-botti-al-via-la-campagna-di-sensibilizzazione-del-comune-di-belluno\\\/#primaryimage\",\"url\":\"https:\\\/\\\/www.bellunopress.it\\\/wp-content\\\/uploads\\\/2025\\\/11\\\/BelluNO-Botti_edited.jpg\",\"contentUrl\":\"https:\\\/\\\/www.bellunopress.it\\\/wp-content\\\/uploads\\\/2025\\\/11\\\/BelluNO-Botti_edited.jpg\",\"width\":560,\"height\":800},{\"@type\":\"BreadcrumbList\",\"@id\":\"https:\\\/\\\/www.bellunopress.it\\\/2025\\\/11\\\/27\\\/belluno-botti-al-via-la-campagna-di-sensibilizzazione-del-comune-di-belluno\\\/#breadcrumb\",\"itemListElement\":[{\"@type\":\"ListItem\",\"position\":1,\"name\":\"Home\",\"item\":\"https:\\\/\\\/www.bellunopress.it\\\/\"},{\"@type\":\"ListItem\",\"position\":2,\"name\":\"BelluNO Botti. Al via la campagna di sensibilizzazione del Comune di Belluno\"}]},{\"@type\":\"WebSite\",\"@id\":\"https:\\\/\\\/www.bellunopress.it\\\/#website\",\"url\":\"https:\\\/\\\/www.bellunopress.it\\\/\",\"name\":\"Bellunopress - Dolomiti\",\"description\":\"e-mail: redazione@bellunopress.it\",\"publisher\":{\"@id\":\"https:\\\/\\\/www.bellunopress.it\\\/#organization\"},\"potentialAction\":[{\"@type\":\"SearchAction\",\"target\":{\"@type\":\"EntryPoint\",\"urlTemplate\":\"https:\\\/\\\/www.bellunopress.it\\\/?s={search_term_string}\"},\"query-input\":{\"@type\":\"PropertyValueSpecification\",\"valueRequired\":true,\"valueName\":\"search_term_string\"}}],\"inLanguage\":\"fr-FR\"},{\"@type\":\"Organization\",\"@id\":\"https:\\\/\\\/www.bellunopress.it\\\/#organization\",\"name\":\"Bellunopress\",\"url\":\"https:\\\/\\\/www.bellunopress.it\\\/\",\"logo\":{\"@type\":\"ImageObject\",\"inLanguage\":\"fr-FR\",\"@id\":\"https:\\\/\\\/www.bellunopress.it\\\/#\\\/schema\\\/logo\\\/image\\\/\",\"url\":\"https:\\\/\\\/www.bellunopress.it\\\/wp-content\\\/uploads\\\/2011\\\/05\\\/cropped-logo-bellunopress-.jpg\",\"contentUrl\":\"https:\\\/\\\/www.bellunopress.it\\\/wp-content\\\/uploads\\\/2011\\\/05\\\/cropped-logo-bellunopress-.jpg\",\"width\":512,\"height\":512,\"caption\":\"Bellunopress\"},\"image\":{\"@id\":\"https:\\\/\\\/www.bellunopress.it\\\/#\\\/schema\\\/logo\\\/image\\\/\"},\"sameAs\":[\"https:\\\/\\\/www.facebook.com\\\/profile.php?id=100008943462799\",\"https:\\\/\\\/x.com\\\/bellunopress\",\"https:\\\/\\\/www.linkedin.com\\\/hp\\\/?dnr=JBzUWaJfMUw8vbXJJ2tVW5-I3jZKvC4wsoxE&amp;amp;amp;amp;amp;amp;trk=nav_responsive_tab_home\",\"https:\\\/\\\/www.youtube.com\\\/channel\\\/UCxL0wu1uN0_3_7hGG0306cw\"]},{\"@type\":\"Person\",\"@id\":\"https:\\\/\\\/www.bellunopress.it\\\/#\\\/schema\\\/person\\\/79bb06722b37ece1c03d3e94beb30d73\",\"name\":\"redazione\",\"image\":{\"@type\":\"ImageObject\",\"inLanguage\":\"fr-FR\",\"@id\":\"https:\\\/\\\/secure.gravatar.com\\\/avatar\\\/37d968a2e67a6fd04c169c4bdef102d0bc5d31b2546345219e348575eb80e9a0?s=96&d=mm&r=g\",\"url\":\"https:\\\/\\\/secure.gravatar.com\\\/avatar\\\/37d968a2e67a6fd04c169c4bdef102d0bc5d31b2546345219e348575eb80e9a0?s=96&d=mm&r=g\",\"contentUrl\":\"https:\\\/\\\/secure.gravatar.com\\\/avatar\\\/37d968a2e67a6fd04c169c4bdef102d0bc5d31b2546345219e348575eb80e9a0?s=96&d=mm&r=g\",\"caption\":\"redazione\"},\"sameAs\":[\"http:\\\/\\\/www.bellunopress.it\",\"https:\\\/\\\/x.com\\\/bellunopress\"],\"url\":\"https:\\\/\\\/www.bellunopress.it\\\/fr\\\/author\\\/redazione\\\/\"}]}<\/script>\n<!-- \/ Yoast SEO plugin. -->","yoast_head_json":{"title":"BelluNO Botti. Al via la campagna di sensibilizzazione del Comune di Belluno - Bellunopress - Dolomiti","robots":{"index":"index","follow":"follow","max-snippet":"max-snippet:-1","max-image-preview":"max-image-preview:large","max-video-preview":"max-video-preview:-1"},"canonical":"https:\/\/www.bellunopress.it\/fr\/2025\/11\/27\/belluno-botti-al-via-la-campagna-di-sensibilizzazione-del-comune-di-belluno\/","og_locale":"fr_FR","og_type":"article","og_title":"BelluNO Botti. Al via la campagna di sensibilizzazione del Comune di Belluno - Bellunopress - Dolomiti","og_description":"Belluno, 27 novembre 2025 &#8211;\u00a0Parte oggi la nuova edizione della campagna di sensibilizzazione \u201cBelluNO Botti\u201d, promossa dal Comune di Belluno per invitare la cittadinanza a vivere le festivit\u00e0 nel segno del rispetto e della consapevolezza. Anche quest\u2019anno, manifesti e materiali informativi saranno affissi in Citt\u00e0 per richiamare l\u2019attenzione sui rischi legati all\u2019uso di petardi e [&hellip;]","og_url":"https:\/\/www.bellunopress.it\/fr\/2025\/11\/27\/belluno-botti-al-via-la-campagna-di-sensibilizzazione-del-comune-di-belluno\/","og_site_name":"Bellunopress - Dolomiti","article_publisher":"https:\/\/www.facebook.com\/profile.php?id=100008943462799","article_published_time":"2025-11-27T13:09:39+00:00","og_image":[{"width":560,"height":800,"url":"https:\/\/www.bellunopress.it\/wp-content\/uploads\/2025\/11\/BelluNO-Botti_edited.jpg","type":"image\/jpeg"}],"author":"redazione","twitter_card":"summary_large_image","twitter_creator":"@bellunopress","twitter_site":"@bellunopress","twitter_misc":{"\u00c9crit par":"redazione","Dur\u00e9e de lecture estim\u00e9e":"3 minutes"},"schema":{"@context":"https:\/\/schema.org","@graph":[{"@type":"Article","@id":"https:\/\/www.bellunopress.it\/2025\/11\/27\/belluno-botti-al-via-la-campagna-di-sensibilizzazione-del-comune-di-belluno\/#article","isPartOf":{"@id":"https:\/\/www.bellunopress.it\/2025\/11\/27\/belluno-botti-al-via-la-campagna-di-sensibilizzazione-del-comune-di-belluno\/"},"author":{"name":"redazione","@id":"https:\/\/www.bellunopress.it\/#\/schema\/person\/79bb06722b37ece1c03d3e94beb30d73"},"headline":"BelluNO Botti. Al via la campagna di sensibilizzazione del Comune di Belluno","datePublished":"2025-11-27T13:09:39+00:00","mainEntityOfPage":{"@id":"https:\/\/www.bellunopress.it\/2025\/11\/27\/belluno-botti-al-via-la-campagna-di-sensibilizzazione-del-comune-di-belluno\/"},"wordCount":534,"publisher":{"@id":"https:\/\/www.bellunopress.it\/#organization"},"image":{"@id":"https:\/\/www.bellunopress.it\/2025\/11\/27\/belluno-botti-al-via-la-campagna-di-sensibilizzazione-del-comune-di-belluno\/#primaryimage"},"thumbnailUrl":"https:\/\/www.bellunopress.it\/wp-content\/uploads\/2025\/11\/BelluNO-Botti_edited.jpg","articleSection":["Meteo, natura, ambiente, animali","Societ\u00e0, Associazioni, Istituzioni"],"inLanguage":"fr-FR"},{"@type":"WebPage","@id":"https:\/\/www.bellunopress.it\/2025\/11\/27\/belluno-botti-al-via-la-campagna-di-sensibilizzazione-del-comune-di-belluno\/","url":"https:\/\/www.bellunopress.it\/2025\/11\/27\/belluno-botti-al-via-la-campagna-di-sensibilizzazione-del-comune-di-belluno\/","name":"BelluNO Botti. Al via la campagna di sensibilizzazione del Comune di Belluno - Bellunopress - Dolomiti","isPartOf":{"@id":"https:\/\/www.bellunopress.it\/#website"},"primaryImageOfPage":{"@id":"https:\/\/www.bellunopress.it\/2025\/11\/27\/belluno-botti-al-via-la-campagna-di-sensibilizzazione-del-comune-di-belluno\/#primaryimage"},"image":{"@id":"https:\/\/www.bellunopress.it\/2025\/11\/27\/belluno-botti-al-via-la-campagna-di-sensibilizzazione-del-comune-di-belluno\/#primaryimage"},"thumbnailUrl":"https:\/\/www.bellunopress.it\/wp-content\/uploads\/2025\/11\/BelluNO-Botti_edited.jpg","datePublished":"2025-11-27T13:09:39+00:00","breadcrumb":{"@id":"https:\/\/www.bellunopress.it\/2025\/11\/27\/belluno-botti-al-via-la-campagna-di-sensibilizzazione-del-comune-di-belluno\/#breadcrumb"},"inLanguage":"fr-FR","potentialAction":[{"@type":"ReadAction","target":["https:\/\/www.bellunopress.it\/2025\/11\/27\/belluno-botti-al-via-la-campagna-di-sensibilizzazione-del-comune-di-belluno\/"]}]},{"@type":"ImageObject","inLanguage":"fr-FR","@id":"https:\/\/www.bellunopress.it\/2025\/11\/27\/belluno-botti-al-via-la-campagna-di-sensibilizzazione-del-comune-di-belluno\/#primaryimage","url":"https:\/\/www.bellunopress.it\/wp-content\/uploads\/2025\/11\/BelluNO-Botti_edited.jpg","contentUrl":"https:\/\/www.bellunopress.it\/wp-content\/uploads\/2025\/11\/BelluNO-Botti_edited.jpg","width":560,"height":800},{"@type":"BreadcrumbList","@id":"https:\/\/www.bellunopress.it\/2025\/11\/27\/belluno-botti-al-via-la-campagna-di-sensibilizzazione-del-comune-di-belluno\/#breadcrumb","itemListElement":[{"@type":"ListItem","position":1,"name":"Home","item":"https:\/\/www.bellunopress.it\/"},{"@type":"ListItem","position":2,"name":"BelluNO Botti. Al via la campagna di sensibilizzazione del Comune di Belluno"}]},{"@type":"WebSite","@id":"https:\/\/www.bellunopress.it\/#website","url":"https:\/\/www.bellunopress.it\/","name":"Bellunopress - Dolomiti","description":"e-mail: redazione@bellunopress.it","publisher":{"@id":"https:\/\/www.bellunopress.it\/#organization"},"potentialAction":[{"@type":"SearchAction","target":{"@type":"EntryPoint","urlTemplate":"https:\/\/www.bellunopress.it\/?s={search_term_string}"},"query-input":{"@type":"PropertyValueSpecification","valueRequired":true,"valueName":"search_term_string"}}],"inLanguage":"fr-FR"},{"@type":"Organization","@id":"https:\/\/www.bellunopress.it\/#organization","name":"Bellunopress","url":"https:\/\/www.bellunopress.it\/","logo":{"@type":"ImageObject","inLanguage":"fr-FR","@id":"https:\/\/www.bellunopress.it\/#\/schema\/logo\/image\/","url":"https:\/\/www.bellunopress.it\/wp-content\/uploads\/2011\/05\/cropped-logo-bellunopress-.jpg","contentUrl":"https:\/\/www.bellunopress.it\/wp-content\/uploads\/2011\/05\/cropped-logo-bellunopress-.jpg","width":512,"height":512,"caption":"Bellunopress"},"image":{"@id":"https:\/\/www.bellunopress.it\/#\/schema\/logo\/image\/"},"sameAs":["https:\/\/www.facebook.com\/profile.php?id=100008943462799","https:\/\/x.com\/bellunopress","https:\/\/www.linkedin.com\/hp\/?dnr=JBzUWaJfMUw8vbXJJ2tVW5-I3jZKvC4wsoxE&amp;amp;amp;amp;amp;amp;trk=nav_responsive_tab_home","https:\/\/www.youtube.com\/channel\/UCxL0wu1uN0_3_7hGG0306cw"]},{"@type":"Person","@id":"https:\/\/www.bellunopress.it\/#\/schema\/person\/79bb06722b37ece1c03d3e94beb30d73","name":"r\u00e9daction","image":{"@type":"ImageObject","inLanguage":"fr-FR","@id":"https:\/\/secure.gravatar.com\/avatar\/37d968a2e67a6fd04c169c4bdef102d0bc5d31b2546345219e348575eb80e9a0?s=96&d=mm&r=g","url":"https:\/\/secure.gravatar.com\/avatar\/37d968a2e67a6fd04c169c4bdef102d0bc5d31b2546345219e348575eb80e9a0?s=96&d=mm&r=g","contentUrl":"https:\/\/secure.gravatar.com\/avatar\/37d968a2e67a6fd04c169c4bdef102d0bc5d31b2546345219e348575eb80e9a0?s=96&d=mm&r=g","caption":"redazione"},"sameAs":["http:\/\/www.bellunopress.it","https:\/\/x.com\/bellunopress"],"url":"https:\/\/www.bellunopress.it\/fr\/author\/redazione\/"}]}},"_links":{"self":[{"href":"https:\/\/www.bellunopress.it\/fr\/wp-json\/wp\/v2\/posts\/165242","targetHints":{"allow":["GET"]}}],"collection":[{"href":"https:\/\/www.bellunopress.it\/fr\/wp-json\/wp\/v2\/posts"}],"about":[{"href":"https:\/\/www.bellunopress.it\/fr\/wp-json\/wp\/v2\/types\/post"}],"author":[{"embeddable":true,"href":"https:\/\/www.bellunopress.it\/fr\/wp-json\/wp\/v2\/users\/2"}],"replies":[{"embeddable":true,"href":"https:\/\/www.bellunopress.it\/fr\/wp-json\/wp\/v2\/comments?post=165242"}],"version-history":[{"count":1,"href":"https:\/\/www.bellunopress.it\/fr\/wp-json\/wp\/v2\/posts\/165242\/revisions"}],"predecessor-version":[{"id":165244,"href":"https:\/\/www.bellunopress.it\/fr\/wp-json\/wp\/v2\/posts\/165242\/revisions\/165244"}],"wp:featuredmedia":[{"embeddable":true,"href":"https:\/\/www.bellunopress.it\/fr\/wp-json\/wp\/v2\/media\/165243"}],"wp:attachment":[{"href":"https:\/\/www.bellunopress.it\/fr\/wp-json\/wp\/v2\/media?parent=165242"}],"wp:term":[{"taxonomy":"category","embeddable":true,"href":"https:\/\/www.bellunopress.it\/fr\/wp-json\/wp\/v2\/categories?post=165242"},{"taxonomy":"post_tag","embeddable":true,"href":"https:\/\/www.bellunopress.it\/fr\/wp-json\/wp\/v2\/tags?post=165242"}],"curies":[{"name":"wp","href":"https:\/\/api.w.org\/{rel}","templated":true}]}}