{"id":165239,"date":"2025-11-27T09:43:42","date_gmt":"2025-11-27T08:43:42","guid":{"rendered":"https:\/\/www.bellunopress.it\/?p=165239"},"modified":"2025-11-27T13:48:44","modified_gmt":"2025-11-27T12:48:44","slug":"dal-salone-a-casa-come-trasformare-la-tua-haircare-routine","status":"publish","type":"post","link":"https:\/\/www.bellunopress.it\/fr\/2025\/11\/27\/dal-salone-a-casa-come-trasformare-la-tua-haircare-routine\/","title":{"rendered":"Dal salone a casa: come trasformare la tua haircare routine"},"content":{"rendered":"<p><img loading=\"lazy\" decoding=\"async\" class=\"alignleft size-medium wp-image-165240\" src=\"https:\/\/www.bellunopress.it\/wp-content\/uploads\/2025\/11\/Voglia-di-un-nuovo-look-500x451.jpg\" alt=\"\" width=\"500\" height=\"451\" srcset=\"https:\/\/www.bellunopress.it\/wp-content\/uploads\/2025\/11\/Voglia-di-un-nuovo-look-500x451.jpg 500w, https:\/\/www.bellunopress.it\/wp-content\/uploads\/2025\/11\/Voglia-di-un-nuovo-look-466x420.jpg 466w, https:\/\/www.bellunopress.it\/wp-content\/uploads\/2025\/11\/Voglia-di-un-nuovo-look.jpg 561w\" sizes=\"auto, (max-width: 500px) 100vw, 500px\" \/>Portare l\u2019esperienza di un trattamento professionale tra le mura domestiche non \u00e8 un sogno riservato agli esperti del settore, ma un gesto alla portata di tutti. La differenza sta nella consapevolezza: <strong>imparare a leggere le esigenze del proprio capello, scegliere prodotti di qualit\u00e0 e riprodurre i gesti del salone con attenzione e costanza<\/strong>. Con gli strumenti giusti e una routine personalizzata, \u00e8 possibile ottenere risultati visibili, come morbidezza, luminosit\u00e0 e disciplina, senza dover rinunciare al piacere e al relax di un momento dedicato a s\u00e9.<\/p>\n<h3><strong>Dall\u2019esperienza del salone ai gesti quotidiani<\/strong><\/h3>\n<p>Il primo passo per ricreare a casa l\u2019effetto \u201cappena uscita dal salone\u201d \u00e8 imparare a rispettare la struttura naturale del capello. Ogni lavaggio deve diventare un rituale: dalla scelta dello shampoo alla modalit\u00e0 di applicazione, fino alla posa di un conditioner o di una maschera. \u00c8 importante dedicare il giusto tempo a ogni fase, massaggiando delicatamente il cuoio capelluto per stimolare la microcircolazione e distribuendo il prodotto in modo uniforme.<\/p>\n<p>A questo si aggiungono i <a href=\"https:\/\/it.davines.com\/collections\/trattamenti-capelli\"><strong>trattamenti per capelli offerti da Davines<\/strong><\/a>, pensati per unire efficacia professionale e gestualit\u00e0 quotidiana. Le loro formulazioni, ricche di ingredienti naturali e performanti, permettono di riprodurre a casa l\u2019effetto di un trattamento in salone, restituendo corpo, lucentezza e morbidezza anche ai capelli pi\u00f9 stressati.<\/p>\n<h3><strong>Strumenti professionali per risultati visibili<\/strong><\/h3>\n<p>Il modo in cui si asciugano e si modellano i capelli incide quanto la scelta dei prodotti. Un phon con diffusore, ad esempio, \u00e8 ideale per mantenere la definizione dei capelli ricci o mossi, mentre una piastra di nuova generazione con controllo della temperatura permette di lisciare o creare onde morbide senza danneggiare la fibra. Gli strumenti professionali oggi sono pi\u00f9 accessibili e intuitivi, progettati per garantire un risultato di alta qualit\u00e0 anche nell\u2019uso quotidiano.<\/p>\n<p>L\u2019obiettivo \u00e8 quello di ottenere capelli ben pettinabili, elastici e disciplinati, senza dover ricorrere a sedute troppo frequenti in salone. Basta imparare a utilizzare la giusta combinazione di calore e movimento, proteggendo sempre i capelli con uno spray termo-protettivo prima dello styling.<\/p>\n<h3><strong>Rituali di trattamento ispirati al salone<\/strong><\/h3>\n<p>Ricreare l\u2019atmosfera del salone significa anche prendersi il tempo per coccolare i capelli con gesti mirati. Una volta a settimana, dedicarsi a un impacco nutriente o a una maschera rigenerante aiuta a mantenere la fibra compatta e luminosa. Questi momenti di trattamento possono diventare veri e propri rituali di benessere: applicare la maschera, avvolgere i capelli in un asciugamano tiepido e lasciarla agire qualche minuto in tranquillit\u00e0 trasforma un gesto comune in un\u2019esperienza sensoriale.<\/p>\n<p><strong>L\u2019uso regolare di un siero o di una lozione specifica per le lunghezze <\/strong>contribuisce a prolungare gli effetti dei trattamenti professionali, migliorando la resistenza del capello alle sollecitazioni quotidiane. Anche il massaggio del cuoio capelluto, spesso trascurato, aiuta a stimolare la crescita e favorire l\u2019assorbimento dei principi attivi, proprio come accade in salone.<\/p>\n<h3><strong>Creare un ambiente e un tempo dedicato alla cura dei capelli<\/strong><\/h3>\n<p>Un aspetto spesso sottovalutato dell\u2019esperienza in salone \u00e8 la dimensione sensoriale: l\u2019aroma dei prodotti, la musica di sottofondo, la ritualit\u00e0 del gesto. Riprodurre tutto questo a casa \u00e8 possibile, trasformando la routine in un momento di benessere personale. Scegliere fragranze delicate, accendere una candela, ascoltare la propria musica preferita durante l\u2019applicazione della maschera: sono dettagli semplici, ma capaci di rendere la haircare routine un\u2019esperienza gratificante e rigenerante.<\/p>\n<h3><strong>Il lusso quotidiano di una chioma luminosa<\/strong><\/h3>\n<p>Portare il lusso del salone nella quotidianit\u00e0 non significa replicare trattamenti complessi, ma imparare a valorizzare ogni gesto. La costanza, la scelta di prodotti di qualit\u00e0 e l\u2019attenzione ai dettagli sono ci\u00f2 che distingue una routine qualunque da una routine trasformativa. Prendersi cura dei capelli con dedizione \u00e8 un atto di bellezza autentico: un modo per sentirsi bene ogni giorno, con la consapevolezza che il vero lusso \u00e8 la semplicit\u00e0 fatta con cura.<\/p>\n<p>&nbsp;<\/p>","protected":false},"excerpt":{"rendered":"<p>Portare l\u2019esperienza di un trattamento professionale tra le mura domestiche non \u00e8 un sogno riservato agli esperti del settore, ma un gesto alla portata di tutti. La differenza sta nella consapevolezza: imparare a leggere le esigenze del proprio capello, scegliere prodotti di qualit\u00e0 e riprodurre i gesti del salone con attenzione e costanza. Con gli [&hellip;]<\/p>\n","protected":false},"author":2,"featured_media":165240,"comment_status":"closed","ping_status":"open","sticky":false,"template":"","format":"standard","meta":{"footnotes":""},"categories":[4],"tags":[],"class_list":["post-165239","post","type-post","status-publish","format-standard","has-post-thumbnail","category-sport"],"yoast_head":"<!-- This site is optimized with the Yoast SEO plugin v28.4 - https:\/\/yoast.com\/product\/yoast-seo-wordpress\/ -->\n<title>Dal salone a casa: come trasformare la tua haircare routine - Bellunopress - Dolomiti<\/title>\n<meta name=\"robots\" content=\"index, follow, max-snippet:-1, max-image-preview:large, max-video-preview:-1\" \/>\n<link rel=\"canonical\" href=\"https:\/\/www.bellunopress.it\/fr\/2025\/11\/27\/dal-salone-a-casa-come-trasformare-la-tua-haircare-routine\/\" \/>\n<meta property=\"og:locale\" content=\"fr_FR\" \/>\n<meta property=\"og:type\" content=\"article\" \/>\n<meta property=\"og:title\" content=\"Dal salone a casa: come trasformare la tua haircare routine - Bellunopress - Dolomiti\" \/>\n<meta property=\"og:description\" content=\"Portare l\u2019esperienza di un trattamento professionale tra le mura domestiche non \u00e8 un sogno riservato agli esperti del settore, ma un gesto alla portata di tutti. La differenza sta nella consapevolezza: imparare a leggere le esigenze del proprio capello, scegliere prodotti di qualit\u00e0 e riprodurre i gesti del salone con attenzione e costanza. Con gli [&hellip;]\" \/>\n<meta property=\"og:url\" content=\"https:\/\/www.bellunopress.it\/fr\/2025\/11\/27\/dal-salone-a-casa-come-trasformare-la-tua-haircare-routine\/\" \/>\n<meta property=\"og:site_name\" content=\"Bellunopress - Dolomiti\" \/>\n<meta property=\"article:publisher\" content=\"https:\/\/www.facebook.com\/profile.php?id=100008943462799\" \/>\n<meta property=\"article:published_time\" content=\"2025-11-27T08:43:42+00:00\" \/>\n<meta property=\"article:modified_time\" content=\"2025-11-27T12:48:44+00:00\" \/>\n<meta property=\"og:image\" content=\"https:\/\/www.bellunopress.it\/wp-content\/uploads\/2025\/11\/Voglia-di-un-nuovo-look.jpg\" \/>\n\t<meta property=\"og:image:width\" content=\"561\" \/>\n\t<meta property=\"og:image:height\" content=\"506\" \/>\n\t<meta property=\"og:image:type\" content=\"image\/jpeg\" \/>\n<meta name=\"author\" content=\"redazione\" \/>\n<meta name=\"twitter:card\" content=\"summary_large_image\" \/>\n<meta name=\"twitter:creator\" content=\"@bellunopress\" \/>\n<meta name=\"twitter:site\" content=\"@bellunopress\" \/>\n<meta name=\"twitter:label1\" content=\"\u00c9crit par\" \/>\n\t<meta name=\"twitter:data1\" content=\"redazione\" \/>\n\t<meta name=\"twitter:label2\" content=\"Dur\u00e9e de lecture estim\u00e9e\" \/>\n\t<meta name=\"twitter:data2\" content=\"3 minutes\" \/>\n<script type=\"application\/ld+json\" class=\"yoast-schema-graph\">{\"@context\":\"https:\\\/\\\/schema.org\",\"@graph\":[{\"@type\":\"Article\",\"@id\":\"https:\\\/\\\/www.bellunopress.it\\\/2025\\\/11\\\/27\\\/dal-salone-a-casa-come-trasformare-la-tua-haircare-routine\\\/#article\",\"isPartOf\":{\"@id\":\"https:\\\/\\\/www.bellunopress.it\\\/2025\\\/11\\\/27\\\/dal-salone-a-casa-come-trasformare-la-tua-haircare-routine\\\/\"},\"author\":{\"name\":\"redazione\",\"@id\":\"https:\\\/\\\/www.bellunopress.it\\\/#\\\/schema\\\/person\\\/79bb06722b37ece1c03d3e94beb30d73\"},\"headline\":\"Dal salone a casa: come trasformare la tua haircare routine\",\"datePublished\":\"2025-11-27T08:43:42+00:00\",\"dateModified\":\"2025-11-27T12:48:44+00:00\",\"mainEntityOfPage\":{\"@id\":\"https:\\\/\\\/www.bellunopress.it\\\/2025\\\/11\\\/27\\\/dal-salone-a-casa-come-trasformare-la-tua-haircare-routine\\\/\"},\"wordCount\":639,\"publisher\":{\"@id\":\"https:\\\/\\\/www.bellunopress.it\\\/#organization\"},\"image\":{\"@id\":\"https:\\\/\\\/www.bellunopress.it\\\/2025\\\/11\\\/27\\\/dal-salone-a-casa-come-trasformare-la-tua-haircare-routine\\\/#primaryimage\"},\"thumbnailUrl\":\"https:\\\/\\\/www.bellunopress.it\\\/wp-content\\\/uploads\\\/2025\\\/11\\\/Voglia-di-un-nuovo-look.jpg\",\"articleSection\":[\"Sport, tempo libero\"],\"inLanguage\":\"fr-FR\"},{\"@type\":\"WebPage\",\"@id\":\"https:\\\/\\\/www.bellunopress.it\\\/2025\\\/11\\\/27\\\/dal-salone-a-casa-come-trasformare-la-tua-haircare-routine\\\/\",\"url\":\"https:\\\/\\\/www.bellunopress.it\\\/2025\\\/11\\\/27\\\/dal-salone-a-casa-come-trasformare-la-tua-haircare-routine\\\/\",\"name\":\"Dal salone a casa: come trasformare la tua haircare routine - Bellunopress - Dolomiti\",\"isPartOf\":{\"@id\":\"https:\\\/\\\/www.bellunopress.it\\\/#website\"},\"primaryImageOfPage\":{\"@id\":\"https:\\\/\\\/www.bellunopress.it\\\/2025\\\/11\\\/27\\\/dal-salone-a-casa-come-trasformare-la-tua-haircare-routine\\\/#primaryimage\"},\"image\":{\"@id\":\"https:\\\/\\\/www.bellunopress.it\\\/2025\\\/11\\\/27\\\/dal-salone-a-casa-come-trasformare-la-tua-haircare-routine\\\/#primaryimage\"},\"thumbnailUrl\":\"https:\\\/\\\/www.bellunopress.it\\\/wp-content\\\/uploads\\\/2025\\\/11\\\/Voglia-di-un-nuovo-look.jpg\",\"datePublished\":\"2025-11-27T08:43:42+00:00\",\"dateModified\":\"2025-11-27T12:48:44+00:00\",\"breadcrumb\":{\"@id\":\"https:\\\/\\\/www.bellunopress.it\\\/2025\\\/11\\\/27\\\/dal-salone-a-casa-come-trasformare-la-tua-haircare-routine\\\/#breadcrumb\"},\"inLanguage\":\"fr-FR\",\"potentialAction\":[{\"@type\":\"ReadAction\",\"target\":[\"https:\\\/\\\/www.bellunopress.it\\\/2025\\\/11\\\/27\\\/dal-salone-a-casa-come-trasformare-la-tua-haircare-routine\\\/\"]}]},{\"@type\":\"ImageObject\",\"inLanguage\":\"fr-FR\",\"@id\":\"https:\\\/\\\/www.bellunopress.it\\\/2025\\\/11\\\/27\\\/dal-salone-a-casa-come-trasformare-la-tua-haircare-routine\\\/#primaryimage\",\"url\":\"https:\\\/\\\/www.bellunopress.it\\\/wp-content\\\/uploads\\\/2025\\\/11\\\/Voglia-di-un-nuovo-look.jpg\",\"contentUrl\":\"https:\\\/\\\/www.bellunopress.it\\\/wp-content\\\/uploads\\\/2025\\\/11\\\/Voglia-di-un-nuovo-look.jpg\",\"width\":561,\"height\":506},{\"@type\":\"BreadcrumbList\",\"@id\":\"https:\\\/\\\/www.bellunopress.it\\\/2025\\\/11\\\/27\\\/dal-salone-a-casa-come-trasformare-la-tua-haircare-routine\\\/#breadcrumb\",\"itemListElement\":[{\"@type\":\"ListItem\",\"position\":1,\"name\":\"Home\",\"item\":\"https:\\\/\\\/www.bellunopress.it\\\/\"},{\"@type\":\"ListItem\",\"position\":2,\"name\":\"Dal salone a casa: come trasformare la tua haircare routine\"}]},{\"@type\":\"WebSite\",\"@id\":\"https:\\\/\\\/www.bellunopress.it\\\/#website\",\"url\":\"https:\\\/\\\/www.bellunopress.it\\\/\",\"name\":\"Bellunopress - Dolomiti\",\"description\":\"e-mail: redazione@bellunopress.it\",\"publisher\":{\"@id\":\"https:\\\/\\\/www.bellunopress.it\\\/#organization\"},\"potentialAction\":[{\"@type\":\"SearchAction\",\"target\":{\"@type\":\"EntryPoint\",\"urlTemplate\":\"https:\\\/\\\/www.bellunopress.it\\\/?s={search_term_string}\"},\"query-input\":{\"@type\":\"PropertyValueSpecification\",\"valueRequired\":true,\"valueName\":\"search_term_string\"}}],\"inLanguage\":\"fr-FR\"},{\"@type\":\"Organization\",\"@id\":\"https:\\\/\\\/www.bellunopress.it\\\/#organization\",\"name\":\"Bellunopress\",\"url\":\"https:\\\/\\\/www.bellunopress.it\\\/\",\"logo\":{\"@type\":\"ImageObject\",\"inLanguage\":\"fr-FR\",\"@id\":\"https:\\\/\\\/www.bellunopress.it\\\/#\\\/schema\\\/logo\\\/image\\\/\",\"url\":\"https:\\\/\\\/www.bellunopress.it\\\/wp-content\\\/uploads\\\/2011\\\/05\\\/cropped-logo-bellunopress-.jpg\",\"contentUrl\":\"https:\\\/\\\/www.bellunopress.it\\\/wp-content\\\/uploads\\\/2011\\\/05\\\/cropped-logo-bellunopress-.jpg\",\"width\":512,\"height\":512,\"caption\":\"Bellunopress\"},\"image\":{\"@id\":\"https:\\\/\\\/www.bellunopress.it\\\/#\\\/schema\\\/logo\\\/image\\\/\"},\"sameAs\":[\"https:\\\/\\\/www.facebook.com\\\/profile.php?id=100008943462799\",\"https:\\\/\\\/x.com\\\/bellunopress\",\"https:\\\/\\\/www.linkedin.com\\\/hp\\\/?dnr=JBzUWaJfMUw8vbXJJ2tVW5-I3jZKvC4wsoxE&amp;amp;amp;amp;amp;amp;trk=nav_responsive_tab_home\",\"https:\\\/\\\/www.youtube.com\\\/channel\\\/UCxL0wu1uN0_3_7hGG0306cw\"]},{\"@type\":\"Person\",\"@id\":\"https:\\\/\\\/www.bellunopress.it\\\/#\\\/schema\\\/person\\\/79bb06722b37ece1c03d3e94beb30d73\",\"name\":\"redazione\",\"image\":{\"@type\":\"ImageObject\",\"inLanguage\":\"fr-FR\",\"@id\":\"https:\\\/\\\/secure.gravatar.com\\\/avatar\\\/37d968a2e67a6fd04c169c4bdef102d0bc5d31b2546345219e348575eb80e9a0?s=96&d=mm&r=g\",\"url\":\"https:\\\/\\\/secure.gravatar.com\\\/avatar\\\/37d968a2e67a6fd04c169c4bdef102d0bc5d31b2546345219e348575eb80e9a0?s=96&d=mm&r=g\",\"contentUrl\":\"https:\\\/\\\/secure.gravatar.com\\\/avatar\\\/37d968a2e67a6fd04c169c4bdef102d0bc5d31b2546345219e348575eb80e9a0?s=96&d=mm&r=g\",\"caption\":\"redazione\"},\"sameAs\":[\"http:\\\/\\\/www.bellunopress.it\",\"https:\\\/\\\/x.com\\\/bellunopress\"],\"url\":\"https:\\\/\\\/www.bellunopress.it\\\/fr\\\/author\\\/redazione\\\/\"}]}<\/script>\n<!-- \/ Yoast SEO plugin. -->","yoast_head_json":{"title":"Dal salone a casa: come trasformare la tua haircare routine - Bellunopress - Dolomiti","robots":{"index":"index","follow":"follow","max-snippet":"max-snippet:-1","max-image-preview":"max-image-preview:large","max-video-preview":"max-video-preview:-1"},"canonical":"https:\/\/www.bellunopress.it\/fr\/2025\/11\/27\/dal-salone-a-casa-come-trasformare-la-tua-haircare-routine\/","og_locale":"fr_FR","og_type":"article","og_title":"Dal salone a casa: come trasformare la tua haircare routine - Bellunopress - Dolomiti","og_description":"Portare l\u2019esperienza di un trattamento professionale tra le mura domestiche non \u00e8 un sogno riservato agli esperti del settore, ma un gesto alla portata di tutti. La differenza sta nella consapevolezza: imparare a leggere le esigenze del proprio capello, scegliere prodotti di qualit\u00e0 e riprodurre i gesti del salone con attenzione e costanza. Con gli [&hellip;]","og_url":"https:\/\/www.bellunopress.it\/fr\/2025\/11\/27\/dal-salone-a-casa-come-trasformare-la-tua-haircare-routine\/","og_site_name":"Bellunopress - Dolomiti","article_publisher":"https:\/\/www.facebook.com\/profile.php?id=100008943462799","article_published_time":"2025-11-27T08:43:42+00:00","article_modified_time":"2025-11-27T12:48:44+00:00","og_image":[{"width":561,"height":506,"url":"https:\/\/www.bellunopress.it\/wp-content\/uploads\/2025\/11\/Voglia-di-un-nuovo-look.jpg","type":"image\/jpeg"}],"author":"redazione","twitter_card":"summary_large_image","twitter_creator":"@bellunopress","twitter_site":"@bellunopress","twitter_misc":{"\u00c9crit par":"redazione","Dur\u00e9e de lecture estim\u00e9e":"3 minutes"},"schema":{"@context":"https:\/\/schema.org","@graph":[{"@type":"Article","@id":"https:\/\/www.bellunopress.it\/2025\/11\/27\/dal-salone-a-casa-come-trasformare-la-tua-haircare-routine\/#article","isPartOf":{"@id":"https:\/\/www.bellunopress.it\/2025\/11\/27\/dal-salone-a-casa-come-trasformare-la-tua-haircare-routine\/"},"author":{"name":"redazione","@id":"https:\/\/www.bellunopress.it\/#\/schema\/person\/79bb06722b37ece1c03d3e94beb30d73"},"headline":"Dal salone a casa: come trasformare la tua haircare routine","datePublished":"2025-11-27T08:43:42+00:00","dateModified":"2025-11-27T12:48:44+00:00","mainEntityOfPage":{"@id":"https:\/\/www.bellunopress.it\/2025\/11\/27\/dal-salone-a-casa-come-trasformare-la-tua-haircare-routine\/"},"wordCount":639,"publisher":{"@id":"https:\/\/www.bellunopress.it\/#organization"},"image":{"@id":"https:\/\/www.bellunopress.it\/2025\/11\/27\/dal-salone-a-casa-come-trasformare-la-tua-haircare-routine\/#primaryimage"},"thumbnailUrl":"https:\/\/www.bellunopress.it\/wp-content\/uploads\/2025\/11\/Voglia-di-un-nuovo-look.jpg","articleSection":["Sport, tempo libero"],"inLanguage":"fr-FR"},{"@type":"WebPage","@id":"https:\/\/www.bellunopress.it\/2025\/11\/27\/dal-salone-a-casa-come-trasformare-la-tua-haircare-routine\/","url":"https:\/\/www.bellunopress.it\/2025\/11\/27\/dal-salone-a-casa-come-trasformare-la-tua-haircare-routine\/","name":"Dal salone a casa: come trasformare la tua haircare routine - Bellunopress - Dolomiti","isPartOf":{"@id":"https:\/\/www.bellunopress.it\/#website"},"primaryImageOfPage":{"@id":"https:\/\/www.bellunopress.it\/2025\/11\/27\/dal-salone-a-casa-come-trasformare-la-tua-haircare-routine\/#primaryimage"},"image":{"@id":"https:\/\/www.bellunopress.it\/2025\/11\/27\/dal-salone-a-casa-come-trasformare-la-tua-haircare-routine\/#primaryimage"},"thumbnailUrl":"https:\/\/www.bellunopress.it\/wp-content\/uploads\/2025\/11\/Voglia-di-un-nuovo-look.jpg","datePublished":"2025-11-27T08:43:42+00:00","dateModified":"2025-11-27T12:48:44+00:00","breadcrumb":{"@id":"https:\/\/www.bellunopress.it\/2025\/11\/27\/dal-salone-a-casa-come-trasformare-la-tua-haircare-routine\/#breadcrumb"},"inLanguage":"fr-FR","potentialAction":[{"@type":"ReadAction","target":["https:\/\/www.bellunopress.it\/2025\/11\/27\/dal-salone-a-casa-come-trasformare-la-tua-haircare-routine\/"]}]},{"@type":"ImageObject","inLanguage":"fr-FR","@id":"https:\/\/www.bellunopress.it\/2025\/11\/27\/dal-salone-a-casa-come-trasformare-la-tua-haircare-routine\/#primaryimage","url":"https:\/\/www.bellunopress.it\/wp-content\/uploads\/2025\/11\/Voglia-di-un-nuovo-look.jpg","contentUrl":"https:\/\/www.bellunopress.it\/wp-content\/uploads\/2025\/11\/Voglia-di-un-nuovo-look.jpg","width":561,"height":506},{"@type":"BreadcrumbList","@id":"https:\/\/www.bellunopress.it\/2025\/11\/27\/dal-salone-a-casa-come-trasformare-la-tua-haircare-routine\/#breadcrumb","itemListElement":[{"@type":"ListItem","position":1,"name":"Home","item":"https:\/\/www.bellunopress.it\/"},{"@type":"ListItem","position":2,"name":"Dal salone a casa: come trasformare la tua haircare routine"}]},{"@type":"WebSite","@id":"https:\/\/www.bellunopress.it\/#website","url":"https:\/\/www.bellunopress.it\/","name":"Bellunopress - Dolomiti","description":"e-mail: redazione@bellunopress.it","publisher":{"@id":"https:\/\/www.bellunopress.it\/#organization"},"potentialAction":[{"@type":"SearchAction","target":{"@type":"EntryPoint","urlTemplate":"https:\/\/www.bellunopress.it\/?s={search_term_string}"},"query-input":{"@type":"PropertyValueSpecification","valueRequired":true,"valueName":"search_term_string"}}],"inLanguage":"fr-FR"},{"@type":"Organization","@id":"https:\/\/www.bellunopress.it\/#organization","name":"Bellunopress","url":"https:\/\/www.bellunopress.it\/","logo":{"@type":"ImageObject","inLanguage":"fr-FR","@id":"https:\/\/www.bellunopress.it\/#\/schema\/logo\/image\/","url":"https:\/\/www.bellunopress.it\/wp-content\/uploads\/2011\/05\/cropped-logo-bellunopress-.jpg","contentUrl":"https:\/\/www.bellunopress.it\/wp-content\/uploads\/2011\/05\/cropped-logo-bellunopress-.jpg","width":512,"height":512,"caption":"Bellunopress"},"image":{"@id":"https:\/\/www.bellunopress.it\/#\/schema\/logo\/image\/"},"sameAs":["https:\/\/www.facebook.com\/profile.php?id=100008943462799","https:\/\/x.com\/bellunopress","https:\/\/www.linkedin.com\/hp\/?dnr=JBzUWaJfMUw8vbXJJ2tVW5-I3jZKvC4wsoxE&amp;amp;amp;amp;amp;amp;trk=nav_responsive_tab_home","https:\/\/www.youtube.com\/channel\/UCxL0wu1uN0_3_7hGG0306cw"]},{"@type":"Person","@id":"https:\/\/www.bellunopress.it\/#\/schema\/person\/79bb06722b37ece1c03d3e94beb30d73","name":"r\u00e9daction","image":{"@type":"ImageObject","inLanguage":"fr-FR","@id":"https:\/\/secure.gravatar.com\/avatar\/37d968a2e67a6fd04c169c4bdef102d0bc5d31b2546345219e348575eb80e9a0?s=96&d=mm&r=g","url":"https:\/\/secure.gravatar.com\/avatar\/37d968a2e67a6fd04c169c4bdef102d0bc5d31b2546345219e348575eb80e9a0?s=96&d=mm&r=g","contentUrl":"https:\/\/secure.gravatar.com\/avatar\/37d968a2e67a6fd04c169c4bdef102d0bc5d31b2546345219e348575eb80e9a0?s=96&d=mm&r=g","caption":"redazione"},"sameAs":["http:\/\/www.bellunopress.it","https:\/\/x.com\/bellunopress"],"url":"https:\/\/www.bellunopress.it\/fr\/author\/redazione\/"}]}},"_links":{"self":[{"href":"https:\/\/www.bellunopress.it\/fr\/wp-json\/wp\/v2\/posts\/165239","targetHints":{"allow":["GET"]}}],"collection":[{"href":"https:\/\/www.bellunopress.it\/fr\/wp-json\/wp\/v2\/posts"}],"about":[{"href":"https:\/\/www.bellunopress.it\/fr\/wp-json\/wp\/v2\/types\/post"}],"author":[{"embeddable":true,"href":"https:\/\/www.bellunopress.it\/fr\/wp-json\/wp\/v2\/users\/2"}],"replies":[{"embeddable":true,"href":"https:\/\/www.bellunopress.it\/fr\/wp-json\/wp\/v2\/comments?post=165239"}],"version-history":[{"count":1,"href":"https:\/\/www.bellunopress.it\/fr\/wp-json\/wp\/v2\/posts\/165239\/revisions"}],"predecessor-version":[{"id":165241,"href":"https:\/\/www.bellunopress.it\/fr\/wp-json\/wp\/v2\/posts\/165239\/revisions\/165241"}],"wp:featuredmedia":[{"embeddable":true,"href":"https:\/\/www.bellunopress.it\/fr\/wp-json\/wp\/v2\/media\/165240"}],"wp:attachment":[{"href":"https:\/\/www.bellunopress.it\/fr\/wp-json\/wp\/v2\/media?parent=165239"}],"wp:term":[{"taxonomy":"category","embeddable":true,"href":"https:\/\/www.bellunopress.it\/fr\/wp-json\/wp\/v2\/categories?post=165239"},{"taxonomy":"post_tag","embeddable":true,"href":"https:\/\/www.bellunopress.it\/fr\/wp-json\/wp\/v2\/tags?post=165239"}],"curies":[{"name":"wp","href":"https:\/\/api.w.org\/{rel}","templated":true}]}}