{"id":165234,"date":"2025-11-27T09:51:25","date_gmt":"2025-11-27T08:51:25","guid":{"rendered":"https:\/\/www.bellunopress.it\/?p=165234"},"modified":"2025-11-27T09:51:25","modified_gmt":"2025-11-27T08:51:25","slug":"venerdi-a-sospirolo-va-in-scena-il-gatto-nero-tratto-da-un-racconto-di-edgar-allan-poe","status":"publish","type":"post","link":"https:\/\/www.bellunopress.it\/fr\/2025\/11\/27\/venerdi-a-sospirolo-va-in-scena-il-gatto-nero-tratto-da-un-racconto-di-edgar-allan-poe\/","title":{"rendered":"Venerd\u00ec a Sospirolo va in scena Il Gatto Nero, tratto da un racconto di Edgar Allan Poe"},"content":{"rendered":"<p><strong><img loading=\"lazy\" decoding=\"async\" class=\"alignleft size-medium wp-image-165235\" src=\"https:\/\/www.bellunopress.it\/wp-content\/uploads\/2025\/11\/Il-Gatto-nero-500x386.jpg\" alt=\"\" width=\"500\" height=\"386\" srcset=\"https:\/\/www.bellunopress.it\/wp-content\/uploads\/2025\/11\/Il-Gatto-nero-500x386.jpg 500w, https:\/\/www.bellunopress.it\/wp-content\/uploads\/2025\/11\/Il-Gatto-nero-545x420.jpg 545w, https:\/\/www.bellunopress.it\/wp-content\/uploads\/2025\/11\/Il-Gatto-nero-696x537.jpg 696w, https:\/\/www.bellunopress.it\/wp-content\/uploads\/2025\/11\/Il-Gatto-nero.jpg 800w\" sizes=\"auto, (max-width: 500px) 100vw, 500px\" \/>La Pro Loco Monti del Sole di Sospirolo, con il patrocinio del Comune di Sospirolo,\u00a0propone venerd\u00ec 28 novembre alle ore 20.45 al Centro civico di Sospirolo \u201cIl Gatto nero\u201d, spettacolo d\u2019ombre per un pubblico adulto, con Nicola Pauletti e l\u2019accompagnamento musicale di Nelso Salton a ingresso libero.<\/strong><\/p>\n<p>Spettacolo legato al tema guida degli eventi 2025 di Spettacoli di Mistero: \u201cSe il diavolo ci mette la coda\u201d .<\/p>\n<p>Al Centro civico di Sospirolo viene proposto \u201cIl Gatto nero\u201d, un racconto fra i pi\u00f9 celebri della produzione di Edgar Allan Poe, scritto nel 1843, con uno spettacolo d\u2019ombre che lo narra in modo inconsueto.<\/p>\n<p>Le vicende sono narrate secondo la prospettiva dell&#8217;assassino, un omicida condannato a morte che, pur sapendo di non essere creduto, vuole rivelare quanto gli \u00e8 successo, per alleggerirsi la coscienza e spiegare cosa l&#8217;ha portato alla condanna. L\u2019omicida dice di essere stato terrorizzato da alcuni fatti, apparentemente sovrumani, e di voler raccontare come sono andati, sperando che qualche lettore trovi una spiegazione pi\u00f9 logica della sua.<\/p>\n<p>Il linguaggio e la tecnica usati hanno un grande impatto sul pubblico. Il fulcro della scena \u00e8 un piccolo schermo montato su aste. Non ci sono schermature o paraventi. Il manipolatore \u00e8 a vista ed \u00e8 parte integrante dello spettacolo che si ripropone di riportare il protagonista su diversi livelli: video, silhouettes, ombra corporea, manipolatore.<\/p>\n<p>Sullo schermo si fondono e si intervallano le retroproiezioni con la video proiezione frontale. Il video crea I&#8217;ossatura dello spettacolo riportando lo sguardo del pubblico sul viso del narratore<\/p>\n<p>L&#8217;ambiente sonoro \u00e8 affidato ad un basso elettrico e a una loop station. Le azioni musicali di Nelso Salton seguono dal vivo lo sviluppo della storia completando e arricchendo l&#8217;espressivit\u00e0 delle immagini.<\/p>\n<p>Conclude la serata, il dialogo degli artisti, Nicola Pauletti e Nelso Salton con il pubblico.<\/p>\n<p>&nbsp;<\/p>","protected":false},"excerpt":{"rendered":"<p>La Pro Loco Monti del Sole di Sospirolo, con il patrocinio del Comune di Sospirolo,\u00a0propone venerd\u00ec 28 novembre alle ore 20.45 al Centro civico di Sospirolo \u201cIl Gatto nero\u201d, spettacolo d\u2019ombre per un pubblico adulto, con Nicola Pauletti e l\u2019accompagnamento musicale di Nelso Salton a ingresso libero. Spettacolo legato al tema guida degli eventi 2025 [&hellip;]<\/p>\n","protected":false},"author":2,"featured_media":165235,"comment_status":"closed","ping_status":"open","sticky":false,"template":"","format":"standard","meta":{"footnotes":""},"categories":[27,3,25],"tags":[],"class_list":["post-165234","post","type-post","status-publish","format-standard","has-post-thumbnail","category-appuntamenti","category-arte-cultura-spettacoli-scienza-archivi","category-pausa-caffe"],"yoast_head":"<!-- This site is optimized with the Yoast SEO plugin v28.4 - https:\/\/yoast.com\/product\/yoast-seo-wordpress\/ -->\n<title>Venerd\u00ec a Sospirolo va in scena Il Gatto Nero, tratto da un racconto di Edgar Allan Poe - Bellunopress - Dolomiti<\/title>\n<meta name=\"robots\" content=\"index, follow, max-snippet:-1, max-image-preview:large, max-video-preview:-1\" \/>\n<link rel=\"canonical\" href=\"https:\/\/www.bellunopress.it\/fr\/2025\/11\/27\/venerdi-a-sospirolo-va-in-scena-il-gatto-nero-tratto-da-un-racconto-di-edgar-allan-poe\/\" \/>\n<meta property=\"og:locale\" content=\"fr_FR\" \/>\n<meta property=\"og:type\" content=\"article\" \/>\n<meta property=\"og:title\" content=\"Venerd\u00ec a Sospirolo va in scena Il Gatto Nero, tratto da un racconto di Edgar Allan Poe - Bellunopress - Dolomiti\" \/>\n<meta property=\"og:description\" content=\"La Pro Loco Monti del Sole di Sospirolo, con il patrocinio del Comune di Sospirolo,\u00a0propone venerd\u00ec 28 novembre alle ore 20.45 al Centro civico di Sospirolo \u201cIl Gatto nero\u201d, spettacolo d\u2019ombre per un pubblico adulto, con Nicola Pauletti e l\u2019accompagnamento musicale di Nelso Salton a ingresso libero. Spettacolo legato al tema guida degli eventi 2025 [&hellip;]\" \/>\n<meta property=\"og:url\" content=\"https:\/\/www.bellunopress.it\/fr\/2025\/11\/27\/venerdi-a-sospirolo-va-in-scena-il-gatto-nero-tratto-da-un-racconto-di-edgar-allan-poe\/\" \/>\n<meta property=\"og:site_name\" content=\"Bellunopress - Dolomiti\" \/>\n<meta property=\"article:publisher\" content=\"https:\/\/www.facebook.com\/profile.php?id=100008943462799\" \/>\n<meta property=\"article:published_time\" content=\"2025-11-27T08:51:25+00:00\" \/>\n<meta property=\"og:image\" content=\"https:\/\/www.bellunopress.it\/wp-content\/uploads\/2025\/11\/Il-Gatto-nero.jpg\" \/>\n\t<meta property=\"og:image:width\" content=\"800\" \/>\n\t<meta property=\"og:image:height\" content=\"617\" \/>\n\t<meta property=\"og:image:type\" content=\"image\/jpeg\" \/>\n<meta name=\"author\" content=\"redazione\" \/>\n<meta name=\"twitter:card\" content=\"summary_large_image\" \/>\n<meta name=\"twitter:creator\" content=\"@bellunopress\" \/>\n<meta name=\"twitter:site\" content=\"@bellunopress\" \/>\n<meta name=\"twitter:label1\" content=\"\u00c9crit par\" \/>\n\t<meta name=\"twitter:data1\" content=\"redazione\" \/>\n\t<meta name=\"twitter:label2\" content=\"Dur\u00e9e de lecture estim\u00e9e\" \/>\n\t<meta name=\"twitter:data2\" content=\"1 minute\" \/>\n<script type=\"application\/ld+json\" class=\"yoast-schema-graph\">{\"@context\":\"https:\\\/\\\/schema.org\",\"@graph\":[{\"@type\":\"Article\",\"@id\":\"https:\\\/\\\/www.bellunopress.it\\\/2025\\\/11\\\/27\\\/venerdi-a-sospirolo-va-in-scena-il-gatto-nero-tratto-da-un-racconto-di-edgar-allan-poe\\\/#article\",\"isPartOf\":{\"@id\":\"https:\\\/\\\/www.bellunopress.it\\\/2025\\\/11\\\/27\\\/venerdi-a-sospirolo-va-in-scena-il-gatto-nero-tratto-da-un-racconto-di-edgar-allan-poe\\\/\"},\"author\":{\"name\":\"redazione\",\"@id\":\"https:\\\/\\\/www.bellunopress.it\\\/#\\\/schema\\\/person\\\/79bb06722b37ece1c03d3e94beb30d73\"},\"headline\":\"Venerd\u00ec a Sospirolo va in scena Il Gatto Nero, tratto da un racconto di Edgar Allan Poe\",\"datePublished\":\"2025-11-27T08:51:25+00:00\",\"mainEntityOfPage\":{\"@id\":\"https:\\\/\\\/www.bellunopress.it\\\/2025\\\/11\\\/27\\\/venerdi-a-sospirolo-va-in-scena-il-gatto-nero-tratto-da-un-racconto-di-edgar-allan-poe\\\/\"},\"wordCount\":317,\"publisher\":{\"@id\":\"https:\\\/\\\/www.bellunopress.it\\\/#organization\"},\"image\":{\"@id\":\"https:\\\/\\\/www.bellunopress.it\\\/2025\\\/11\\\/27\\\/venerdi-a-sospirolo-va-in-scena-il-gatto-nero-tratto-da-un-racconto-di-edgar-allan-poe\\\/#primaryimage\"},\"thumbnailUrl\":\"https:\\\/\\\/www.bellunopress.it\\\/wp-content\\\/uploads\\\/2025\\\/11\\\/Il-Gatto-nero.jpg\",\"articleSection\":[\"Appuntamenti, Eventi\",\"Arte, Cultura, Spettacoli, Scienza\",\"Pausa Caff\u00e8\"],\"inLanguage\":\"fr-FR\"},{\"@type\":\"WebPage\",\"@id\":\"https:\\\/\\\/www.bellunopress.it\\\/2025\\\/11\\\/27\\\/venerdi-a-sospirolo-va-in-scena-il-gatto-nero-tratto-da-un-racconto-di-edgar-allan-poe\\\/\",\"url\":\"https:\\\/\\\/www.bellunopress.it\\\/2025\\\/11\\\/27\\\/venerdi-a-sospirolo-va-in-scena-il-gatto-nero-tratto-da-un-racconto-di-edgar-allan-poe\\\/\",\"name\":\"Venerd\u00ec a Sospirolo va in scena Il Gatto Nero, tratto da un racconto di Edgar Allan Poe - Bellunopress - Dolomiti\",\"isPartOf\":{\"@id\":\"https:\\\/\\\/www.bellunopress.it\\\/#website\"},\"primaryImageOfPage\":{\"@id\":\"https:\\\/\\\/www.bellunopress.it\\\/2025\\\/11\\\/27\\\/venerdi-a-sospirolo-va-in-scena-il-gatto-nero-tratto-da-un-racconto-di-edgar-allan-poe\\\/#primaryimage\"},\"image\":{\"@id\":\"https:\\\/\\\/www.bellunopress.it\\\/2025\\\/11\\\/27\\\/venerdi-a-sospirolo-va-in-scena-il-gatto-nero-tratto-da-un-racconto-di-edgar-allan-poe\\\/#primaryimage\"},\"thumbnailUrl\":\"https:\\\/\\\/www.bellunopress.it\\\/wp-content\\\/uploads\\\/2025\\\/11\\\/Il-Gatto-nero.jpg\",\"datePublished\":\"2025-11-27T08:51:25+00:00\",\"breadcrumb\":{\"@id\":\"https:\\\/\\\/www.bellunopress.it\\\/2025\\\/11\\\/27\\\/venerdi-a-sospirolo-va-in-scena-il-gatto-nero-tratto-da-un-racconto-di-edgar-allan-poe\\\/#breadcrumb\"},\"inLanguage\":\"fr-FR\",\"potentialAction\":[{\"@type\":\"ReadAction\",\"target\":[\"https:\\\/\\\/www.bellunopress.it\\\/2025\\\/11\\\/27\\\/venerdi-a-sospirolo-va-in-scena-il-gatto-nero-tratto-da-un-racconto-di-edgar-allan-poe\\\/\"]}]},{\"@type\":\"ImageObject\",\"inLanguage\":\"fr-FR\",\"@id\":\"https:\\\/\\\/www.bellunopress.it\\\/2025\\\/11\\\/27\\\/venerdi-a-sospirolo-va-in-scena-il-gatto-nero-tratto-da-un-racconto-di-edgar-allan-poe\\\/#primaryimage\",\"url\":\"https:\\\/\\\/www.bellunopress.it\\\/wp-content\\\/uploads\\\/2025\\\/11\\\/Il-Gatto-nero.jpg\",\"contentUrl\":\"https:\\\/\\\/www.bellunopress.it\\\/wp-content\\\/uploads\\\/2025\\\/11\\\/Il-Gatto-nero.jpg\",\"width\":800,\"height\":617},{\"@type\":\"BreadcrumbList\",\"@id\":\"https:\\\/\\\/www.bellunopress.it\\\/2025\\\/11\\\/27\\\/venerdi-a-sospirolo-va-in-scena-il-gatto-nero-tratto-da-un-racconto-di-edgar-allan-poe\\\/#breadcrumb\",\"itemListElement\":[{\"@type\":\"ListItem\",\"position\":1,\"name\":\"Home\",\"item\":\"https:\\\/\\\/www.bellunopress.it\\\/\"},{\"@type\":\"ListItem\",\"position\":2,\"name\":\"Venerd\u00ec a Sospirolo va in scena Il Gatto Nero, tratto da un racconto di Edgar Allan Poe\"}]},{\"@type\":\"WebSite\",\"@id\":\"https:\\\/\\\/www.bellunopress.it\\\/#website\",\"url\":\"https:\\\/\\\/www.bellunopress.it\\\/\",\"name\":\"Bellunopress - Dolomiti\",\"description\":\"e-mail: redazione@bellunopress.it\",\"publisher\":{\"@id\":\"https:\\\/\\\/www.bellunopress.it\\\/#organization\"},\"potentialAction\":[{\"@type\":\"SearchAction\",\"target\":{\"@type\":\"EntryPoint\",\"urlTemplate\":\"https:\\\/\\\/www.bellunopress.it\\\/?s={search_term_string}\"},\"query-input\":{\"@type\":\"PropertyValueSpecification\",\"valueRequired\":true,\"valueName\":\"search_term_string\"}}],\"inLanguage\":\"fr-FR\"},{\"@type\":\"Organization\",\"@id\":\"https:\\\/\\\/www.bellunopress.it\\\/#organization\",\"name\":\"Bellunopress\",\"url\":\"https:\\\/\\\/www.bellunopress.it\\\/\",\"logo\":{\"@type\":\"ImageObject\",\"inLanguage\":\"fr-FR\",\"@id\":\"https:\\\/\\\/www.bellunopress.it\\\/#\\\/schema\\\/logo\\\/image\\\/\",\"url\":\"https:\\\/\\\/www.bellunopress.it\\\/wp-content\\\/uploads\\\/2011\\\/05\\\/cropped-logo-bellunopress-.jpg\",\"contentUrl\":\"https:\\\/\\\/www.bellunopress.it\\\/wp-content\\\/uploads\\\/2011\\\/05\\\/cropped-logo-bellunopress-.jpg\",\"width\":512,\"height\":512,\"caption\":\"Bellunopress\"},\"image\":{\"@id\":\"https:\\\/\\\/www.bellunopress.it\\\/#\\\/schema\\\/logo\\\/image\\\/\"},\"sameAs\":[\"https:\\\/\\\/www.facebook.com\\\/profile.php?id=100008943462799\",\"https:\\\/\\\/x.com\\\/bellunopress\",\"https:\\\/\\\/www.linkedin.com\\\/hp\\\/?dnr=JBzUWaJfMUw8vbXJJ2tVW5-I3jZKvC4wsoxE&amp;amp;amp;amp;amp;amp;trk=nav_responsive_tab_home\",\"https:\\\/\\\/www.youtube.com\\\/channel\\\/UCxL0wu1uN0_3_7hGG0306cw\"]},{\"@type\":\"Person\",\"@id\":\"https:\\\/\\\/www.bellunopress.it\\\/#\\\/schema\\\/person\\\/79bb06722b37ece1c03d3e94beb30d73\",\"name\":\"redazione\",\"image\":{\"@type\":\"ImageObject\",\"inLanguage\":\"fr-FR\",\"@id\":\"https:\\\/\\\/secure.gravatar.com\\\/avatar\\\/37d968a2e67a6fd04c169c4bdef102d0bc5d31b2546345219e348575eb80e9a0?s=96&d=mm&r=g\",\"url\":\"https:\\\/\\\/secure.gravatar.com\\\/avatar\\\/37d968a2e67a6fd04c169c4bdef102d0bc5d31b2546345219e348575eb80e9a0?s=96&d=mm&r=g\",\"contentUrl\":\"https:\\\/\\\/secure.gravatar.com\\\/avatar\\\/37d968a2e67a6fd04c169c4bdef102d0bc5d31b2546345219e348575eb80e9a0?s=96&d=mm&r=g\",\"caption\":\"redazione\"},\"sameAs\":[\"http:\\\/\\\/www.bellunopress.it\",\"https:\\\/\\\/x.com\\\/bellunopress\"],\"url\":\"https:\\\/\\\/www.bellunopress.it\\\/fr\\\/author\\\/redazione\\\/\"}]}<\/script>\n<!-- \/ Yoast SEO plugin. -->","yoast_head_json":{"title":"Venerd\u00ec a Sospirolo va in scena Il Gatto Nero, tratto da un racconto di Edgar Allan Poe - Bellunopress - Dolomiti","robots":{"index":"index","follow":"follow","max-snippet":"max-snippet:-1","max-image-preview":"max-image-preview:large","max-video-preview":"max-video-preview:-1"},"canonical":"https:\/\/www.bellunopress.it\/fr\/2025\/11\/27\/venerdi-a-sospirolo-va-in-scena-il-gatto-nero-tratto-da-un-racconto-di-edgar-allan-poe\/","og_locale":"fr_FR","og_type":"article","og_title":"Venerd\u00ec a Sospirolo va in scena Il Gatto Nero, tratto da un racconto di Edgar Allan Poe - Bellunopress - Dolomiti","og_description":"La Pro Loco Monti del Sole di Sospirolo, con il patrocinio del Comune di Sospirolo,\u00a0propone venerd\u00ec 28 novembre alle ore 20.45 al Centro civico di Sospirolo \u201cIl Gatto nero\u201d, spettacolo d\u2019ombre per un pubblico adulto, con Nicola Pauletti e l\u2019accompagnamento musicale di Nelso Salton a ingresso libero. Spettacolo legato al tema guida degli eventi 2025 [&hellip;]","og_url":"https:\/\/www.bellunopress.it\/fr\/2025\/11\/27\/venerdi-a-sospirolo-va-in-scena-il-gatto-nero-tratto-da-un-racconto-di-edgar-allan-poe\/","og_site_name":"Bellunopress - Dolomiti","article_publisher":"https:\/\/www.facebook.com\/profile.php?id=100008943462799","article_published_time":"2025-11-27T08:51:25+00:00","og_image":[{"width":800,"height":617,"url":"https:\/\/www.bellunopress.it\/wp-content\/uploads\/2025\/11\/Il-Gatto-nero.jpg","type":"image\/jpeg"}],"author":"redazione","twitter_card":"summary_large_image","twitter_creator":"@bellunopress","twitter_site":"@bellunopress","twitter_misc":{"\u00c9crit par":"redazione","Dur\u00e9e de lecture estim\u00e9e":"1 minute"},"schema":{"@context":"https:\/\/schema.org","@graph":[{"@type":"Article","@id":"https:\/\/www.bellunopress.it\/2025\/11\/27\/venerdi-a-sospirolo-va-in-scena-il-gatto-nero-tratto-da-un-racconto-di-edgar-allan-poe\/#article","isPartOf":{"@id":"https:\/\/www.bellunopress.it\/2025\/11\/27\/venerdi-a-sospirolo-va-in-scena-il-gatto-nero-tratto-da-un-racconto-di-edgar-allan-poe\/"},"author":{"name":"redazione","@id":"https:\/\/www.bellunopress.it\/#\/schema\/person\/79bb06722b37ece1c03d3e94beb30d73"},"headline":"Venerd\u00ec a Sospirolo va in scena Il Gatto Nero, tratto da un racconto di Edgar Allan Poe","datePublished":"2025-11-27T08:51:25+00:00","mainEntityOfPage":{"@id":"https:\/\/www.bellunopress.it\/2025\/11\/27\/venerdi-a-sospirolo-va-in-scena-il-gatto-nero-tratto-da-un-racconto-di-edgar-allan-poe\/"},"wordCount":317,"publisher":{"@id":"https:\/\/www.bellunopress.it\/#organization"},"image":{"@id":"https:\/\/www.bellunopress.it\/2025\/11\/27\/venerdi-a-sospirolo-va-in-scena-il-gatto-nero-tratto-da-un-racconto-di-edgar-allan-poe\/#primaryimage"},"thumbnailUrl":"https:\/\/www.bellunopress.it\/wp-content\/uploads\/2025\/11\/Il-Gatto-nero.jpg","articleSection":["Appuntamenti, Eventi","Arte, Cultura, Spettacoli, Scienza","Pausa Caff\u00e8"],"inLanguage":"fr-FR"},{"@type":"WebPage","@id":"https:\/\/www.bellunopress.it\/2025\/11\/27\/venerdi-a-sospirolo-va-in-scena-il-gatto-nero-tratto-da-un-racconto-di-edgar-allan-poe\/","url":"https:\/\/www.bellunopress.it\/2025\/11\/27\/venerdi-a-sospirolo-va-in-scena-il-gatto-nero-tratto-da-un-racconto-di-edgar-allan-poe\/","name":"Venerd\u00ec a Sospirolo va in scena Il Gatto Nero, tratto da un racconto di Edgar Allan Poe - Bellunopress - Dolomiti","isPartOf":{"@id":"https:\/\/www.bellunopress.it\/#website"},"primaryImageOfPage":{"@id":"https:\/\/www.bellunopress.it\/2025\/11\/27\/venerdi-a-sospirolo-va-in-scena-il-gatto-nero-tratto-da-un-racconto-di-edgar-allan-poe\/#primaryimage"},"image":{"@id":"https:\/\/www.bellunopress.it\/2025\/11\/27\/venerdi-a-sospirolo-va-in-scena-il-gatto-nero-tratto-da-un-racconto-di-edgar-allan-poe\/#primaryimage"},"thumbnailUrl":"https:\/\/www.bellunopress.it\/wp-content\/uploads\/2025\/11\/Il-Gatto-nero.jpg","datePublished":"2025-11-27T08:51:25+00:00","breadcrumb":{"@id":"https:\/\/www.bellunopress.it\/2025\/11\/27\/venerdi-a-sospirolo-va-in-scena-il-gatto-nero-tratto-da-un-racconto-di-edgar-allan-poe\/#breadcrumb"},"inLanguage":"fr-FR","potentialAction":[{"@type":"ReadAction","target":["https:\/\/www.bellunopress.it\/2025\/11\/27\/venerdi-a-sospirolo-va-in-scena-il-gatto-nero-tratto-da-un-racconto-di-edgar-allan-poe\/"]}]},{"@type":"ImageObject","inLanguage":"fr-FR","@id":"https:\/\/www.bellunopress.it\/2025\/11\/27\/venerdi-a-sospirolo-va-in-scena-il-gatto-nero-tratto-da-un-racconto-di-edgar-allan-poe\/#primaryimage","url":"https:\/\/www.bellunopress.it\/wp-content\/uploads\/2025\/11\/Il-Gatto-nero.jpg","contentUrl":"https:\/\/www.bellunopress.it\/wp-content\/uploads\/2025\/11\/Il-Gatto-nero.jpg","width":800,"height":617},{"@type":"BreadcrumbList","@id":"https:\/\/www.bellunopress.it\/2025\/11\/27\/venerdi-a-sospirolo-va-in-scena-il-gatto-nero-tratto-da-un-racconto-di-edgar-allan-poe\/#breadcrumb","itemListElement":[{"@type":"ListItem","position":1,"name":"Home","item":"https:\/\/www.bellunopress.it\/"},{"@type":"ListItem","position":2,"name":"Venerd\u00ec a Sospirolo va in scena Il Gatto Nero, tratto da un racconto di Edgar Allan Poe"}]},{"@type":"WebSite","@id":"https:\/\/www.bellunopress.it\/#website","url":"https:\/\/www.bellunopress.it\/","name":"Bellunopress - Dolomiti","description":"e-mail: redazione@bellunopress.it","publisher":{"@id":"https:\/\/www.bellunopress.it\/#organization"},"potentialAction":[{"@type":"SearchAction","target":{"@type":"EntryPoint","urlTemplate":"https:\/\/www.bellunopress.it\/?s={search_term_string}"},"query-input":{"@type":"PropertyValueSpecification","valueRequired":true,"valueName":"search_term_string"}}],"inLanguage":"fr-FR"},{"@type":"Organization","@id":"https:\/\/www.bellunopress.it\/#organization","name":"Bellunopress","url":"https:\/\/www.bellunopress.it\/","logo":{"@type":"ImageObject","inLanguage":"fr-FR","@id":"https:\/\/www.bellunopress.it\/#\/schema\/logo\/image\/","url":"https:\/\/www.bellunopress.it\/wp-content\/uploads\/2011\/05\/cropped-logo-bellunopress-.jpg","contentUrl":"https:\/\/www.bellunopress.it\/wp-content\/uploads\/2011\/05\/cropped-logo-bellunopress-.jpg","width":512,"height":512,"caption":"Bellunopress"},"image":{"@id":"https:\/\/www.bellunopress.it\/#\/schema\/logo\/image\/"},"sameAs":["https:\/\/www.facebook.com\/profile.php?id=100008943462799","https:\/\/x.com\/bellunopress","https:\/\/www.linkedin.com\/hp\/?dnr=JBzUWaJfMUw8vbXJJ2tVW5-I3jZKvC4wsoxE&amp;amp;amp;amp;amp;amp;trk=nav_responsive_tab_home","https:\/\/www.youtube.com\/channel\/UCxL0wu1uN0_3_7hGG0306cw"]},{"@type":"Person","@id":"https:\/\/www.bellunopress.it\/#\/schema\/person\/79bb06722b37ece1c03d3e94beb30d73","name":"r\u00e9daction","image":{"@type":"ImageObject","inLanguage":"fr-FR","@id":"https:\/\/secure.gravatar.com\/avatar\/37d968a2e67a6fd04c169c4bdef102d0bc5d31b2546345219e348575eb80e9a0?s=96&d=mm&r=g","url":"https:\/\/secure.gravatar.com\/avatar\/37d968a2e67a6fd04c169c4bdef102d0bc5d31b2546345219e348575eb80e9a0?s=96&d=mm&r=g","contentUrl":"https:\/\/secure.gravatar.com\/avatar\/37d968a2e67a6fd04c169c4bdef102d0bc5d31b2546345219e348575eb80e9a0?s=96&d=mm&r=g","caption":"redazione"},"sameAs":["http:\/\/www.bellunopress.it","https:\/\/x.com\/bellunopress"],"url":"https:\/\/www.bellunopress.it\/fr\/author\/redazione\/"}]}},"_links":{"self":[{"href":"https:\/\/www.bellunopress.it\/fr\/wp-json\/wp\/v2\/posts\/165234","targetHints":{"allow":["GET"]}}],"collection":[{"href":"https:\/\/www.bellunopress.it\/fr\/wp-json\/wp\/v2\/posts"}],"about":[{"href":"https:\/\/www.bellunopress.it\/fr\/wp-json\/wp\/v2\/types\/post"}],"author":[{"embeddable":true,"href":"https:\/\/www.bellunopress.it\/fr\/wp-json\/wp\/v2\/users\/2"}],"replies":[{"embeddable":true,"href":"https:\/\/www.bellunopress.it\/fr\/wp-json\/wp\/v2\/comments?post=165234"}],"version-history":[{"count":1,"href":"https:\/\/www.bellunopress.it\/fr\/wp-json\/wp\/v2\/posts\/165234\/revisions"}],"predecessor-version":[{"id":165236,"href":"https:\/\/www.bellunopress.it\/fr\/wp-json\/wp\/v2\/posts\/165234\/revisions\/165236"}],"wp:featuredmedia":[{"embeddable":true,"href":"https:\/\/www.bellunopress.it\/fr\/wp-json\/wp\/v2\/media\/165235"}],"wp:attachment":[{"href":"https:\/\/www.bellunopress.it\/fr\/wp-json\/wp\/v2\/media?parent=165234"}],"wp:term":[{"taxonomy":"category","embeddable":true,"href":"https:\/\/www.bellunopress.it\/fr\/wp-json\/wp\/v2\/categories?post=165234"},{"taxonomy":"post_tag","embeddable":true,"href":"https:\/\/www.bellunopress.it\/fr\/wp-json\/wp\/v2\/tags?post=165234"}],"curies":[{"name":"wp","href":"https:\/\/api.w.org\/{rel}","templated":true}]}}