{"id":165228,"date":"2025-11-27T08:58:49","date_gmt":"2025-11-27T07:58:49","guid":{"rendered":"https:\/\/www.bellunopress.it\/?p=165228"},"modified":"2025-11-27T10:02:20","modified_gmt":"2025-11-27T09:02:20","slug":"il-dono-il-cortometraggio-di-fontana-sullimportanza-della-donazione-di-midollo-osseo","status":"publish","type":"post","link":"https:\/\/www.bellunopress.it\/fr\/2025\/11\/27\/il-dono-il-cortometraggio-di-fontana-sullimportanza-della-donazione-di-midollo-osseo\/","title":{"rendered":"Il Dono, il cortometraggio di Fontana sull&#8217;importanza della donazione di midollo osseo"},"content":{"rendered":"<figure id=\"attachment_165229\" aria-describedby=\"caption-attachment-165229\" style=\"width: 500px\" class=\"wp-caption alignleft\"><img loading=\"lazy\" decoding=\"async\" class=\"size-medium wp-image-165229\" src=\"https:\/\/www.bellunopress.it\/wp-content\/uploads\/2025\/11\/Il-Dono-cortometraggio-Franco-Fontana-500x333.jpg\" alt=\"\" width=\"500\" height=\"333\" srcset=\"https:\/\/www.bellunopress.it\/wp-content\/uploads\/2025\/11\/Il-Dono-cortometraggio-Franco-Fontana-500x333.jpg 500w, https:\/\/www.bellunopress.it\/wp-content\/uploads\/2025\/11\/Il-Dono-cortometraggio-Franco-Fontana-632x420.jpg 632w, https:\/\/www.bellunopress.it\/wp-content\/uploads\/2025\/11\/Il-Dono-cortometraggio-Franco-Fontana-696x463.jpg 696w, https:\/\/www.bellunopress.it\/wp-content\/uploads\/2025\/11\/Il-Dono-cortometraggio-Franco-Fontana.jpg 800w\" sizes=\"auto, (max-width: 500px) 100vw, 500px\" \/><figcaption id=\"caption-attachment-165229\" class=\"wp-caption-text\">Francesca Piva, Luca Fontana e Franco Fontana durante una scena del lungometraggio in Cansiglio<\/figcaption><\/figure>\n<p>Belluno, 27 dicembre 2025 &#8211; L\u2019Associazione Culturale Belluno Ciak a.p.s., in collaborazione con ADMO Veneto \u2013 Associazione Donatori Midollo Osseo, presenta il cortometraggio \u201cIL DONO\u201d, un progetto di sensibilizzazione sul tema della donazione del midollo osseo, realizzato con la regia di Franco Fontana.<\/p>\n<p>Il film nasce con l\u2019obiettivo di accompagnare i volontari ADMO negli incontri che ogni anno<br \/>\nsi tengono con gli studenti delle classi quinte delle scuole superiori, per informare e<br \/>\nsensibilizzare i giovani sull\u2019importanza di diventare potenziali donatori.<br \/>\nUn tema che tocca da vicino il regista e presidente dell\u2019Associazione Belluno Ciak, Franco<br \/>\nFontana, che dieci anni fa ha affrontato la leucemia e ha potuto rinascere grazie al dono<br \/>\ndel midollo ricevuto dal figlio Luca. Da questa esperienza di vita \u00e8 nato il desiderio di<br \/>\nraccontare, attraverso il linguaggio universale del cinema, la potenza e la bellezza di un<br \/>\ngesto che pu\u00f2 salvare una vita.<\/p>\n<p>Girato nella suggestiva foresta del Cansiglio (luogo scelto per la sua bellezza naturale e<br \/>\nper la sua forte simbologia legata alla vita e al respiro) e in parte anche presso il reparto di<br \/>\nematologia dell\u2019ospedale di Belluno, il cortometraggio vede come protagoniste Giulia<br \/>\nPivetta Stefani, nei panni di una donna malata di leucemia, e Alice Nicolini, una giovane<br \/>\nche, comprendendo il valore profondo del dono, decide di iscriversi al registro dei donatori.<br \/>\nLa colonna sonora originale \u00e8 firmata dal musicista e compositore Diego De Pasqual, che<br \/>\nha saputo accompagnare le immagini con un tappeto sonoro capace di esaltare la<br \/>\ndelicatezza e l\u2019intensit\u00e0 della narrazione.<\/p>\n<p>Il messaggio che \u201cIL DONO\u201d vuole trasmettere \u00e8 semplice ma potentissimo: donare una<br \/>\nparte di s\u00e9 significa regalare speranza, significa amore. \u00c8 un invito rivolto ai giovani a<br \/>\ninformarsi, a compiere un gesto concreto, a diventare protagonisti della solidariet\u00e0<br \/>\nattraverso la tipizzazione e l\u2019iscrizione ad ADMO.<br \/>\nIl cortometraggio sar\u00e0 presentato in anteprima agli studenti delle classi quinte delle scuole<br \/>\nsuperiori di Belluno nella mattinata di gioved\u00ec 4 dicembre (in due turni) nella sala Teatro<br \/>\ndel Centro Giovanni XXIII e a quelli di Feltre (sempre in due turni) l\u201911 dicembre,<br \/>\nall\u2019Officinema.<\/p>\n<p>La presentazione ufficiale alla cittadinanza si terr\u00e0 gioved\u00ec 4 dicembre alle ore 18.00,<br \/>\npresso la Sala Teatro del Centro Giovanni XXIII di Belluno. Saranno presenti Franco<br \/>\nFontana, regista e presidente dell\u2019Associazione Culturale Belluno Ciak a.p.s., il dott.<br \/>\nMassimo Forni, medico del Centro trasfusionale di Belluno e i Volontari ADMO.<\/p>\n<p><strong>STAFF TECNICO<\/strong><br \/>\nRegia e sceneggiatura FRANCO FONTANA<br \/>\nFotografia LUCA FONTANA e MICHEL ALEJANDRO PEREZ NAVARRO<br \/>\nMontaggio GUIDO VROLA<br \/>\nAiuto Regia FRANCESCA PIVA<br \/>\nMusiche DIEGO DE PASQUAL<br \/>\nSegreteria di edizione MARA ULIANA<br \/>\nTrucco GRAZIANO ROMBALDI<br \/>\nFoto di backstage DANIELE DE BIASIO<br \/>\nGrafica GIANLUCA COMETTO<br \/>\nATTORI PROTAGONISTI<br \/>\nGiulia GIULIA PIVETTA STEFANI<br \/>\nChristian CHRISTIAN KLEY<br \/>\nAlice ALICE NICOLINI<br \/>\nAndrea ANDREA ZANIN<br \/>\nMedico FRANCESCO PORTUNATO<br \/>\nBambino MATTIA DALLA ROSA<br \/>\nInfermiera SARA DA ROLT<br \/>\nIl cortometraggio \u00e8 stato realizzato anche grazie al contributo di: M.I.T.A., SPRINGO E<br \/>\nVERNICIATURE BELLUNESI ed ha ricevuto il patrocinio della ULSS 1 Dolomiti.<\/p>","protected":false},"excerpt":{"rendered":"<p>Belluno, 27 dicembre 2025 &#8211; L\u2019Associazione Culturale Belluno Ciak a.p.s., in collaborazione con ADMO Veneto \u2013 Associazione Donatori Midollo Osseo, presenta il cortometraggio \u201cIL DONO\u201d, un progetto di sensibilizzazione sul tema della donazione del midollo osseo, realizzato con la regia di Franco Fontana. Il film nasce con l\u2019obiettivo di accompagnare i volontari ADMO negli incontri [&hellip;]<\/p>\n","protected":false},"author":2,"featured_media":165229,"comment_status":"closed","ping_status":"open","sticky":false,"template":"","format":"standard","meta":{"footnotes":""},"categories":[27,3,3446,25],"tags":[],"class_list":["post-165228","post","type-post","status-publish","format-standard","has-post-thumbnail","category-appuntamenti","category-arte-cultura-spettacoli-scienza-archivi","category-featured","category-pausa-caffe"],"yoast_head":"<!-- This site is optimized with the Yoast SEO plugin v28.4 - https:\/\/yoast.com\/product\/yoast-seo-wordpress\/ -->\n<title>Il Dono, il cortometraggio di Fontana sull&#039;importanza della donazione di midollo osseo - Bellunopress - Dolomiti<\/title>\n<meta name=\"robots\" content=\"index, follow, max-snippet:-1, max-image-preview:large, max-video-preview:-1\" \/>\n<link rel=\"canonical\" href=\"https:\/\/www.bellunopress.it\/fr\/2025\/11\/27\/il-dono-il-cortometraggio-di-fontana-sullimportanza-della-donazione-di-midollo-osseo\/\" \/>\n<meta property=\"og:locale\" content=\"fr_FR\" \/>\n<meta property=\"og:type\" content=\"article\" \/>\n<meta property=\"og:title\" content=\"Il Dono, il cortometraggio di Fontana sull&#039;importanza della donazione di midollo osseo - Bellunopress - Dolomiti\" \/>\n<meta property=\"og:description\" content=\"Belluno, 27 dicembre 2025 &#8211; L\u2019Associazione Culturale Belluno Ciak a.p.s., in collaborazione con ADMO Veneto \u2013 Associazione Donatori Midollo Osseo, presenta il cortometraggio \u201cIL DONO\u201d, un progetto di sensibilizzazione sul tema della donazione del midollo osseo, realizzato con la regia di Franco Fontana. Il film nasce con l\u2019obiettivo di accompagnare i volontari ADMO negli incontri [&hellip;]\" \/>\n<meta property=\"og:url\" content=\"https:\/\/www.bellunopress.it\/fr\/2025\/11\/27\/il-dono-il-cortometraggio-di-fontana-sullimportanza-della-donazione-di-midollo-osseo\/\" \/>\n<meta property=\"og:site_name\" content=\"Bellunopress - Dolomiti\" \/>\n<meta property=\"article:publisher\" content=\"https:\/\/www.facebook.com\/profile.php?id=100008943462799\" \/>\n<meta property=\"article:published_time\" content=\"2025-11-27T07:58:49+00:00\" \/>\n<meta property=\"article:modified_time\" content=\"2025-11-27T09:02:20+00:00\" \/>\n<meta property=\"og:image\" content=\"https:\/\/www.bellunopress.it\/wp-content\/uploads\/2025\/11\/Il-Dono-cortometraggio-Franco-Fontana.jpg\" \/>\n\t<meta property=\"og:image:width\" content=\"800\" \/>\n\t<meta property=\"og:image:height\" content=\"532\" \/>\n\t<meta property=\"og:image:type\" content=\"image\/jpeg\" \/>\n<meta name=\"author\" content=\"redazione\" \/>\n<meta name=\"twitter:card\" content=\"summary_large_image\" \/>\n<meta name=\"twitter:creator\" content=\"@bellunopress\" \/>\n<meta name=\"twitter:site\" content=\"@bellunopress\" \/>\n<meta name=\"twitter:label1\" content=\"\u00c9crit par\" \/>\n\t<meta name=\"twitter:data1\" content=\"redazione\" \/>\n\t<meta name=\"twitter:label2\" content=\"Dur\u00e9e de lecture estim\u00e9e\" \/>\n\t<meta name=\"twitter:data2\" content=\"3 minutes\" \/>\n<script type=\"application\/ld+json\" class=\"yoast-schema-graph\">{\"@context\":\"https:\\\/\\\/schema.org\",\"@graph\":[{\"@type\":\"Article\",\"@id\":\"https:\\\/\\\/www.bellunopress.it\\\/2025\\\/11\\\/27\\\/il-dono-il-cortometraggio-di-fontana-sullimportanza-della-donazione-di-midollo-osseo\\\/#article\",\"isPartOf\":{\"@id\":\"https:\\\/\\\/www.bellunopress.it\\\/2025\\\/11\\\/27\\\/il-dono-il-cortometraggio-di-fontana-sullimportanza-della-donazione-di-midollo-osseo\\\/\"},\"author\":{\"name\":\"redazione\",\"@id\":\"https:\\\/\\\/www.bellunopress.it\\\/#\\\/schema\\\/person\\\/79bb06722b37ece1c03d3e94beb30d73\"},\"headline\":\"Il Dono, il cortometraggio di Fontana sull&#8217;importanza della donazione di midollo osseo\",\"datePublished\":\"2025-11-27T07:58:49+00:00\",\"dateModified\":\"2025-11-27T09:02:20+00:00\",\"mainEntityOfPage\":{\"@id\":\"https:\\\/\\\/www.bellunopress.it\\\/2025\\\/11\\\/27\\\/il-dono-il-cortometraggio-di-fontana-sullimportanza-della-donazione-di-midollo-osseo\\\/\"},\"wordCount\":520,\"publisher\":{\"@id\":\"https:\\\/\\\/www.bellunopress.it\\\/#organization\"},\"image\":{\"@id\":\"https:\\\/\\\/www.bellunopress.it\\\/2025\\\/11\\\/27\\\/il-dono-il-cortometraggio-di-fontana-sullimportanza-della-donazione-di-midollo-osseo\\\/#primaryimage\"},\"thumbnailUrl\":\"https:\\\/\\\/www.bellunopress.it\\\/wp-content\\\/uploads\\\/2025\\\/11\\\/Il-Dono-cortometraggio-Franco-Fontana.jpg\",\"articleSection\":[\"Appuntamenti, Eventi\",\"Arte, Cultura, Spettacoli, Scienza\",\"Featured\",\"Pausa Caff\u00e8\"],\"inLanguage\":\"fr-FR\"},{\"@type\":\"WebPage\",\"@id\":\"https:\\\/\\\/www.bellunopress.it\\\/2025\\\/11\\\/27\\\/il-dono-il-cortometraggio-di-fontana-sullimportanza-della-donazione-di-midollo-osseo\\\/\",\"url\":\"https:\\\/\\\/www.bellunopress.it\\\/2025\\\/11\\\/27\\\/il-dono-il-cortometraggio-di-fontana-sullimportanza-della-donazione-di-midollo-osseo\\\/\",\"name\":\"Il Dono, il cortometraggio di Fontana sull'importanza della donazione di midollo osseo - Bellunopress - Dolomiti\",\"isPartOf\":{\"@id\":\"https:\\\/\\\/www.bellunopress.it\\\/#website\"},\"primaryImageOfPage\":{\"@id\":\"https:\\\/\\\/www.bellunopress.it\\\/2025\\\/11\\\/27\\\/il-dono-il-cortometraggio-di-fontana-sullimportanza-della-donazione-di-midollo-osseo\\\/#primaryimage\"},\"image\":{\"@id\":\"https:\\\/\\\/www.bellunopress.it\\\/2025\\\/11\\\/27\\\/il-dono-il-cortometraggio-di-fontana-sullimportanza-della-donazione-di-midollo-osseo\\\/#primaryimage\"},\"thumbnailUrl\":\"https:\\\/\\\/www.bellunopress.it\\\/wp-content\\\/uploads\\\/2025\\\/11\\\/Il-Dono-cortometraggio-Franco-Fontana.jpg\",\"datePublished\":\"2025-11-27T07:58:49+00:00\",\"dateModified\":\"2025-11-27T09:02:20+00:00\",\"breadcrumb\":{\"@id\":\"https:\\\/\\\/www.bellunopress.it\\\/2025\\\/11\\\/27\\\/il-dono-il-cortometraggio-di-fontana-sullimportanza-della-donazione-di-midollo-osseo\\\/#breadcrumb\"},\"inLanguage\":\"fr-FR\",\"potentialAction\":[{\"@type\":\"ReadAction\",\"target\":[\"https:\\\/\\\/www.bellunopress.it\\\/2025\\\/11\\\/27\\\/il-dono-il-cortometraggio-di-fontana-sullimportanza-della-donazione-di-midollo-osseo\\\/\"]}]},{\"@type\":\"ImageObject\",\"inLanguage\":\"fr-FR\",\"@id\":\"https:\\\/\\\/www.bellunopress.it\\\/2025\\\/11\\\/27\\\/il-dono-il-cortometraggio-di-fontana-sullimportanza-della-donazione-di-midollo-osseo\\\/#primaryimage\",\"url\":\"https:\\\/\\\/www.bellunopress.it\\\/wp-content\\\/uploads\\\/2025\\\/11\\\/Il-Dono-cortometraggio-Franco-Fontana.jpg\",\"contentUrl\":\"https:\\\/\\\/www.bellunopress.it\\\/wp-content\\\/uploads\\\/2025\\\/11\\\/Il-Dono-cortometraggio-Franco-Fontana.jpg\",\"width\":800,\"height\":532,\"caption\":\"Francesca Piva, Luca Fontana e Franco Fontana durante una scena del lungometraggio in Cansiglio\"},{\"@type\":\"BreadcrumbList\",\"@id\":\"https:\\\/\\\/www.bellunopress.it\\\/2025\\\/11\\\/27\\\/il-dono-il-cortometraggio-di-fontana-sullimportanza-della-donazione-di-midollo-osseo\\\/#breadcrumb\",\"itemListElement\":[{\"@type\":\"ListItem\",\"position\":1,\"name\":\"Home\",\"item\":\"https:\\\/\\\/www.bellunopress.it\\\/\"},{\"@type\":\"ListItem\",\"position\":2,\"name\":\"Il Dono, il cortometraggio di Fontana sull&#8217;importanza della donazione di midollo osseo\"}]},{\"@type\":\"WebSite\",\"@id\":\"https:\\\/\\\/www.bellunopress.it\\\/#website\",\"url\":\"https:\\\/\\\/www.bellunopress.it\\\/\",\"name\":\"Bellunopress - Dolomiti\",\"description\":\"e-mail: redazione@bellunopress.it\",\"publisher\":{\"@id\":\"https:\\\/\\\/www.bellunopress.it\\\/#organization\"},\"potentialAction\":[{\"@type\":\"SearchAction\",\"target\":{\"@type\":\"EntryPoint\",\"urlTemplate\":\"https:\\\/\\\/www.bellunopress.it\\\/?s={search_term_string}\"},\"query-input\":{\"@type\":\"PropertyValueSpecification\",\"valueRequired\":true,\"valueName\":\"search_term_string\"}}],\"inLanguage\":\"fr-FR\"},{\"@type\":\"Organization\",\"@id\":\"https:\\\/\\\/www.bellunopress.it\\\/#organization\",\"name\":\"Bellunopress\",\"url\":\"https:\\\/\\\/www.bellunopress.it\\\/\",\"logo\":{\"@type\":\"ImageObject\",\"inLanguage\":\"fr-FR\",\"@id\":\"https:\\\/\\\/www.bellunopress.it\\\/#\\\/schema\\\/logo\\\/image\\\/\",\"url\":\"https:\\\/\\\/www.bellunopress.it\\\/wp-content\\\/uploads\\\/2011\\\/05\\\/cropped-logo-bellunopress-.jpg\",\"contentUrl\":\"https:\\\/\\\/www.bellunopress.it\\\/wp-content\\\/uploads\\\/2011\\\/05\\\/cropped-logo-bellunopress-.jpg\",\"width\":512,\"height\":512,\"caption\":\"Bellunopress\"},\"image\":{\"@id\":\"https:\\\/\\\/www.bellunopress.it\\\/#\\\/schema\\\/logo\\\/image\\\/\"},\"sameAs\":[\"https:\\\/\\\/www.facebook.com\\\/profile.php?id=100008943462799\",\"https:\\\/\\\/x.com\\\/bellunopress\",\"https:\\\/\\\/www.linkedin.com\\\/hp\\\/?dnr=JBzUWaJfMUw8vbXJJ2tVW5-I3jZKvC4wsoxE&amp;amp;amp;amp;amp;amp;trk=nav_responsive_tab_home\",\"https:\\\/\\\/www.youtube.com\\\/channel\\\/UCxL0wu1uN0_3_7hGG0306cw\"]},{\"@type\":\"Person\",\"@id\":\"https:\\\/\\\/www.bellunopress.it\\\/#\\\/schema\\\/person\\\/79bb06722b37ece1c03d3e94beb30d73\",\"name\":\"redazione\",\"image\":{\"@type\":\"ImageObject\",\"inLanguage\":\"fr-FR\",\"@id\":\"https:\\\/\\\/secure.gravatar.com\\\/avatar\\\/37d968a2e67a6fd04c169c4bdef102d0bc5d31b2546345219e348575eb80e9a0?s=96&d=mm&r=g\",\"url\":\"https:\\\/\\\/secure.gravatar.com\\\/avatar\\\/37d968a2e67a6fd04c169c4bdef102d0bc5d31b2546345219e348575eb80e9a0?s=96&d=mm&r=g\",\"contentUrl\":\"https:\\\/\\\/secure.gravatar.com\\\/avatar\\\/37d968a2e67a6fd04c169c4bdef102d0bc5d31b2546345219e348575eb80e9a0?s=96&d=mm&r=g\",\"caption\":\"redazione\"},\"sameAs\":[\"http:\\\/\\\/www.bellunopress.it\",\"https:\\\/\\\/x.com\\\/bellunopress\"],\"url\":\"https:\\\/\\\/www.bellunopress.it\\\/fr\\\/author\\\/redazione\\\/\"}]}<\/script>\n<!-- \/ Yoast SEO plugin. -->","yoast_head_json":{"title":"Il Dono, il cortometraggio di Fontana sull'importanza della donazione di midollo osseo - Bellunopress - Dolomiti","robots":{"index":"index","follow":"follow","max-snippet":"max-snippet:-1","max-image-preview":"max-image-preview:large","max-video-preview":"max-video-preview:-1"},"canonical":"https:\/\/www.bellunopress.it\/fr\/2025\/11\/27\/il-dono-il-cortometraggio-di-fontana-sullimportanza-della-donazione-di-midollo-osseo\/","og_locale":"fr_FR","og_type":"article","og_title":"Il Dono, il cortometraggio di Fontana sull'importanza della donazione di midollo osseo - Bellunopress - Dolomiti","og_description":"Belluno, 27 dicembre 2025 &#8211; L\u2019Associazione Culturale Belluno Ciak a.p.s., in collaborazione con ADMO Veneto \u2013 Associazione Donatori Midollo Osseo, presenta il cortometraggio \u201cIL DONO\u201d, un progetto di sensibilizzazione sul tema della donazione del midollo osseo, realizzato con la regia di Franco Fontana. Il film nasce con l\u2019obiettivo di accompagnare i volontari ADMO negli incontri [&hellip;]","og_url":"https:\/\/www.bellunopress.it\/fr\/2025\/11\/27\/il-dono-il-cortometraggio-di-fontana-sullimportanza-della-donazione-di-midollo-osseo\/","og_site_name":"Bellunopress - Dolomiti","article_publisher":"https:\/\/www.facebook.com\/profile.php?id=100008943462799","article_published_time":"2025-11-27T07:58:49+00:00","article_modified_time":"2025-11-27T09:02:20+00:00","og_image":[{"width":800,"height":532,"url":"https:\/\/www.bellunopress.it\/wp-content\/uploads\/2025\/11\/Il-Dono-cortometraggio-Franco-Fontana.jpg","type":"image\/jpeg"}],"author":"redazione","twitter_card":"summary_large_image","twitter_creator":"@bellunopress","twitter_site":"@bellunopress","twitter_misc":{"\u00c9crit par":"redazione","Dur\u00e9e de lecture estim\u00e9e":"3 minutes"},"schema":{"@context":"https:\/\/schema.org","@graph":[{"@type":"Article","@id":"https:\/\/www.bellunopress.it\/2025\/11\/27\/il-dono-il-cortometraggio-di-fontana-sullimportanza-della-donazione-di-midollo-osseo\/#article","isPartOf":{"@id":"https:\/\/www.bellunopress.it\/2025\/11\/27\/il-dono-il-cortometraggio-di-fontana-sullimportanza-della-donazione-di-midollo-osseo\/"},"author":{"name":"redazione","@id":"https:\/\/www.bellunopress.it\/#\/schema\/person\/79bb06722b37ece1c03d3e94beb30d73"},"headline":"Il Dono, il cortometraggio di Fontana sull&#8217;importanza della donazione di midollo osseo","datePublished":"2025-11-27T07:58:49+00:00","dateModified":"2025-11-27T09:02:20+00:00","mainEntityOfPage":{"@id":"https:\/\/www.bellunopress.it\/2025\/11\/27\/il-dono-il-cortometraggio-di-fontana-sullimportanza-della-donazione-di-midollo-osseo\/"},"wordCount":520,"publisher":{"@id":"https:\/\/www.bellunopress.it\/#organization"},"image":{"@id":"https:\/\/www.bellunopress.it\/2025\/11\/27\/il-dono-il-cortometraggio-di-fontana-sullimportanza-della-donazione-di-midollo-osseo\/#primaryimage"},"thumbnailUrl":"https:\/\/www.bellunopress.it\/wp-content\/uploads\/2025\/11\/Il-Dono-cortometraggio-Franco-Fontana.jpg","articleSection":["Appuntamenti, Eventi","Arte, Cultura, Spettacoli, Scienza","Featured","Pausa Caff\u00e8"],"inLanguage":"fr-FR"},{"@type":"WebPage","@id":"https:\/\/www.bellunopress.it\/2025\/11\/27\/il-dono-il-cortometraggio-di-fontana-sullimportanza-della-donazione-di-midollo-osseo\/","url":"https:\/\/www.bellunopress.it\/2025\/11\/27\/il-dono-il-cortometraggio-di-fontana-sullimportanza-della-donazione-di-midollo-osseo\/","name":"Il Dono, il cortometraggio di Fontana sull'importanza della donazione di midollo osseo - Bellunopress - Dolomiti","isPartOf":{"@id":"https:\/\/www.bellunopress.it\/#website"},"primaryImageOfPage":{"@id":"https:\/\/www.bellunopress.it\/2025\/11\/27\/il-dono-il-cortometraggio-di-fontana-sullimportanza-della-donazione-di-midollo-osseo\/#primaryimage"},"image":{"@id":"https:\/\/www.bellunopress.it\/2025\/11\/27\/il-dono-il-cortometraggio-di-fontana-sullimportanza-della-donazione-di-midollo-osseo\/#primaryimage"},"thumbnailUrl":"https:\/\/www.bellunopress.it\/wp-content\/uploads\/2025\/11\/Il-Dono-cortometraggio-Franco-Fontana.jpg","datePublished":"2025-11-27T07:58:49+00:00","dateModified":"2025-11-27T09:02:20+00:00","breadcrumb":{"@id":"https:\/\/www.bellunopress.it\/2025\/11\/27\/il-dono-il-cortometraggio-di-fontana-sullimportanza-della-donazione-di-midollo-osseo\/#breadcrumb"},"inLanguage":"fr-FR","potentialAction":[{"@type":"ReadAction","target":["https:\/\/www.bellunopress.it\/2025\/11\/27\/il-dono-il-cortometraggio-di-fontana-sullimportanza-della-donazione-di-midollo-osseo\/"]}]},{"@type":"ImageObject","inLanguage":"fr-FR","@id":"https:\/\/www.bellunopress.it\/2025\/11\/27\/il-dono-il-cortometraggio-di-fontana-sullimportanza-della-donazione-di-midollo-osseo\/#primaryimage","url":"https:\/\/www.bellunopress.it\/wp-content\/uploads\/2025\/11\/Il-Dono-cortometraggio-Franco-Fontana.jpg","contentUrl":"https:\/\/www.bellunopress.it\/wp-content\/uploads\/2025\/11\/Il-Dono-cortometraggio-Franco-Fontana.jpg","width":800,"height":532,"caption":"Francesca Piva, Luca Fontana e Franco Fontana durante una scena del lungometraggio in Cansiglio"},{"@type":"BreadcrumbList","@id":"https:\/\/www.bellunopress.it\/2025\/11\/27\/il-dono-il-cortometraggio-di-fontana-sullimportanza-della-donazione-di-midollo-osseo\/#breadcrumb","itemListElement":[{"@type":"ListItem","position":1,"name":"Home","item":"https:\/\/www.bellunopress.it\/"},{"@type":"ListItem","position":2,"name":"Il Dono, il cortometraggio di Fontana sull&#8217;importanza della donazione di midollo osseo"}]},{"@type":"WebSite","@id":"https:\/\/www.bellunopress.it\/#website","url":"https:\/\/www.bellunopress.it\/","name":"Bellunopress - Dolomiti","description":"e-mail: redazione@bellunopress.it","publisher":{"@id":"https:\/\/www.bellunopress.it\/#organization"},"potentialAction":[{"@type":"SearchAction","target":{"@type":"EntryPoint","urlTemplate":"https:\/\/www.bellunopress.it\/?s={search_term_string}"},"query-input":{"@type":"PropertyValueSpecification","valueRequired":true,"valueName":"search_term_string"}}],"inLanguage":"fr-FR"},{"@type":"Organization","@id":"https:\/\/www.bellunopress.it\/#organization","name":"Bellunopress","url":"https:\/\/www.bellunopress.it\/","logo":{"@type":"ImageObject","inLanguage":"fr-FR","@id":"https:\/\/www.bellunopress.it\/#\/schema\/logo\/image\/","url":"https:\/\/www.bellunopress.it\/wp-content\/uploads\/2011\/05\/cropped-logo-bellunopress-.jpg","contentUrl":"https:\/\/www.bellunopress.it\/wp-content\/uploads\/2011\/05\/cropped-logo-bellunopress-.jpg","width":512,"height":512,"caption":"Bellunopress"},"image":{"@id":"https:\/\/www.bellunopress.it\/#\/schema\/logo\/image\/"},"sameAs":["https:\/\/www.facebook.com\/profile.php?id=100008943462799","https:\/\/x.com\/bellunopress","https:\/\/www.linkedin.com\/hp\/?dnr=JBzUWaJfMUw8vbXJJ2tVW5-I3jZKvC4wsoxE&amp;amp;amp;amp;amp;amp;trk=nav_responsive_tab_home","https:\/\/www.youtube.com\/channel\/UCxL0wu1uN0_3_7hGG0306cw"]},{"@type":"Person","@id":"https:\/\/www.bellunopress.it\/#\/schema\/person\/79bb06722b37ece1c03d3e94beb30d73","name":"r\u00e9daction","image":{"@type":"ImageObject","inLanguage":"fr-FR","@id":"https:\/\/secure.gravatar.com\/avatar\/37d968a2e67a6fd04c169c4bdef102d0bc5d31b2546345219e348575eb80e9a0?s=96&d=mm&r=g","url":"https:\/\/secure.gravatar.com\/avatar\/37d968a2e67a6fd04c169c4bdef102d0bc5d31b2546345219e348575eb80e9a0?s=96&d=mm&r=g","contentUrl":"https:\/\/secure.gravatar.com\/avatar\/37d968a2e67a6fd04c169c4bdef102d0bc5d31b2546345219e348575eb80e9a0?s=96&d=mm&r=g","caption":"redazione"},"sameAs":["http:\/\/www.bellunopress.it","https:\/\/x.com\/bellunopress"],"url":"https:\/\/www.bellunopress.it\/fr\/author\/redazione\/"}]}},"_links":{"self":[{"href":"https:\/\/www.bellunopress.it\/fr\/wp-json\/wp\/v2\/posts\/165228","targetHints":{"allow":["GET"]}}],"collection":[{"href":"https:\/\/www.bellunopress.it\/fr\/wp-json\/wp\/v2\/posts"}],"about":[{"href":"https:\/\/www.bellunopress.it\/fr\/wp-json\/wp\/v2\/types\/post"}],"author":[{"embeddable":true,"href":"https:\/\/www.bellunopress.it\/fr\/wp-json\/wp\/v2\/users\/2"}],"replies":[{"embeddable":true,"href":"https:\/\/www.bellunopress.it\/fr\/wp-json\/wp\/v2\/comments?post=165228"}],"version-history":[{"count":1,"href":"https:\/\/www.bellunopress.it\/fr\/wp-json\/wp\/v2\/posts\/165228\/revisions"}],"predecessor-version":[{"id":165230,"href":"https:\/\/www.bellunopress.it\/fr\/wp-json\/wp\/v2\/posts\/165228\/revisions\/165230"}],"wp:featuredmedia":[{"embeddable":true,"href":"https:\/\/www.bellunopress.it\/fr\/wp-json\/wp\/v2\/media\/165229"}],"wp:attachment":[{"href":"https:\/\/www.bellunopress.it\/fr\/wp-json\/wp\/v2\/media?parent=165228"}],"wp:term":[{"taxonomy":"category","embeddable":true,"href":"https:\/\/www.bellunopress.it\/fr\/wp-json\/wp\/v2\/categories?post=165228"},{"taxonomy":"post_tag","embeddable":true,"href":"https:\/\/www.bellunopress.it\/fr\/wp-json\/wp\/v2\/tags?post=165228"}],"curies":[{"name":"wp","href":"https:\/\/api.w.org\/{rel}","templated":true}]}}