{"id":165160,"date":"2025-11-24T22:07:17","date_gmt":"2025-11-24T21:07:17","guid":{"rendered":"https:\/\/www.bellunopress.it\/?p=165160"},"modified":"2025-11-24T22:07:17","modified_gmt":"2025-11-24T21:07:17","slug":"londa-szumski-la-rivincita-del-voto-libero","status":"publish","type":"post","link":"https:\/\/www.bellunopress.it\/fr\/2025\/11\/24\/londa-szumski-la-rivincita-del-voto-libero\/","title":{"rendered":"L&#8217;onda Szumski: la rivincita del voto libero"},"content":{"rendered":"<p><img loading=\"lazy\" decoding=\"async\" class=\"aligncenter size-full wp-image-131668\" src=\"https:\/\/www.bellunopress.it\/wp-content\/uploads\/2022\/02\/no-greenpass-31-Riccardo-SZUMSKI_edited.jpg\" alt=\"\" width=\"1000\" height=\"849\" srcset=\"https:\/\/www.bellunopress.it\/wp-content\/uploads\/2022\/02\/no-greenpass-31-Riccardo-SZUMSKI_edited.jpg 1000w, https:\/\/www.bellunopress.it\/wp-content\/uploads\/2022\/02\/no-greenpass-31-Riccardo-SZUMSKI_edited-500x425.jpg 500w, https:\/\/www.bellunopress.it\/wp-content\/uploads\/2022\/02\/no-greenpass-31-Riccardo-SZUMSKI_edited-696x591.jpg 696w, https:\/\/www.bellunopress.it\/wp-content\/uploads\/2022\/02\/no-greenpass-31-Riccardo-SZUMSKI_edited-495x420.jpg 495w\" sizes=\"auto, (max-width: 1000px) 100vw, 1000px\" \/>L&#8217;esito delle recenti elezioni regionali in Veneto non \u00e8 stato soltanto la riaffermazione di una maggioranza, ma ha partorito una storia politica degna di nota: l&#8217;elezione del dottor Riccardo Szumski a consigliere regionale. Candidato indipendente, Szumski non faceva parte di nessuna delle grandi coalizioni che dominano la scena veneta, eppure ha conquistato un risultato straordinario, prima raccogliendo le firme per poter presentare la sua candidatura e poi portando a casa un sorprendente 6,52% di consensi. Questa percentuale non \u00e8 un semplice numero statistico; \u00e8 un messaggio forte inviato dal corpo elettorale, un segnale che l&#8217;elettore veneto \u00e8 in cerca di voci autentiche e non allineate.<\/p>\n<p>In un sistema elettorale dove l&#8217;accesso alle risorse e l&#8217;esposizione mediatica sono quasi interamente monopolizzati dai partiti, il successo di Szumski \u00e8 un fatto eccezionale. Il 6,52% \u00e8 il frutto di una campagna elettorale atipica, basata sull&#8217;attivismo civico e sul contatto diretto con i cittadini. Ha saputo mobilitare una fetta dell&#8217;elettorato che si sente non rappresentata dalle formazioni tradizionali, trasformando la sua indipendenza da potenziale debolezza a catalizzatore di fiducia. La sua elezione dimostra che \u00e8 ancora possibile tracciare un percorso politico fuori dai radar dei partiti, a patto di incarnare una chiara e riconoscibile istanza popolare.<\/p>\n<p>Ma chi \u00e8 Riccardo Szumski?<\/p>\n<p>Il suo profilo \u00e8 indissolubilmente legato alla sua professione di medico e alle sue posizioni spesso critiche nei confronti della gestione sanitaria, in particolare durante il periodo delle vaccinazioni anti-Covid. Szumski \u00e8 emerso nel dibattito pubblico non come un politico di professione, ma come un tecnico che ha espresso forti riserve, spesso in contrasto con la narrazione dominante, riguardo l&#8217;obbligatoriet\u00e0 e la rapidit\u00e0 di alcune decisioni sanitarie.<\/p>\n<p>Questo posizionamento non ha mancato di suscitare dibattito e a volte anche forti reazioni. Tuttavia, \u00e8 proprio questo spirito critico e la sua capacit\u00e0 di dare voce ai dubbi e alle preoccupazioni di una parte della popolazione \u2013 quella che si sentiva ignorata o etichettata \u2013 ad avergli garantito la sua base elettorale. Egli non ha promesso poltrone o grandi opere, ma ha promesso di portare la ragione del professionista e il diritto alla libera scelta all&#8217;interno dell&#8217;istituzione.<\/p>\n<p>Con il suo ingresso in Consiglio, Szumski rappresenta ora un punto di frizione e un pungolo necessario all&#8217;interno dell&#8217;assemblea legislativa veneta. La sua presenza garantisce che temi come la trasparenza nelle politiche sanitarie, la libert\u00e0 terapeutica, e la critica costruttiva al modus operandi del sistema non vengano messi a tacere. Il suo mandato sar\u00e0 osservato con attenzione: dovr\u00e0 dimostrare che l&#8217;onda di consenso generata dalle sue posizioni critiche pu\u00f2 tradursi in proposte concrete e in un lavoro istituzionale efficace a beneficio di tutti i veneti.<\/p>\n<p>Il 6,52% del dottor Szumski non \u00e8 solo un dato elettorale; \u00e8 un monito per la politica: la delega in bianco \u00e8 finita. Il Veneto ha scelto di dare spazio a una voce &#8220;altra&#8221;, premiando il coraggio di chi, anche in sanit\u00e0, ha sfidato il mainstream. Ed \u00e8 da queste vittorie inattese che la democrazia trae nuova linfa e si prepara a ridefinire il suo futuro.<\/p>","protected":false},"excerpt":{"rendered":"<p>L&#8217;esito delle recenti elezioni regionali in Veneto non \u00e8 stato soltanto la riaffermazione di una maggioranza, ma ha partorito una storia politica degna di nota: l&#8217;elezione del dottor Riccardo Szumski a consigliere regionale. Candidato indipendente, Szumski non faceva parte di nessuna delle grandi coalizioni che dominano la scena veneta, eppure ha conquistato un risultato straordinario, [&hellip;]<\/p>\n","protected":false},"author":2,"featured_media":131668,"comment_status":"closed","ping_status":"open","sticky":false,"template":"","format":"standard","meta":{"footnotes":""},"categories":[5,26,17],"tags":[],"class_list":["post-165160","post","type-post","status-publish","format-standard","has-post-thumbnail","category-cronaca","category-prima-pagina","category-sanita"],"yoast_head":"<!-- This site is optimized with the Yoast SEO plugin v28.4 - https:\/\/yoast.com\/product\/yoast-seo-wordpress\/ -->\n<title>L&#039;onda Szumski: la rivincita del voto libero - Bellunopress - Dolomiti<\/title>\n<meta name=\"robots\" content=\"index, follow, max-snippet:-1, max-image-preview:large, max-video-preview:-1\" \/>\n<link rel=\"canonical\" href=\"https:\/\/www.bellunopress.it\/fr\/2025\/11\/24\/londa-szumski-la-rivincita-del-voto-libero\/\" \/>\n<meta property=\"og:locale\" content=\"fr_FR\" \/>\n<meta property=\"og:type\" content=\"article\" \/>\n<meta property=\"og:title\" content=\"L&#039;onda Szumski: la rivincita del voto libero - Bellunopress - Dolomiti\" \/>\n<meta property=\"og:description\" content=\"L&#8217;esito delle recenti elezioni regionali in Veneto non \u00e8 stato soltanto la riaffermazione di una maggioranza, ma ha partorito una storia politica degna di nota: l&#8217;elezione del dottor Riccardo Szumski a consigliere regionale. Candidato indipendente, Szumski non faceva parte di nessuna delle grandi coalizioni che dominano la scena veneta, eppure ha conquistato un risultato straordinario, [&hellip;]\" \/>\n<meta property=\"og:url\" content=\"https:\/\/www.bellunopress.it\/fr\/2025\/11\/24\/londa-szumski-la-rivincita-del-voto-libero\/\" \/>\n<meta property=\"og:site_name\" content=\"Bellunopress - Dolomiti\" \/>\n<meta property=\"article:publisher\" content=\"https:\/\/www.facebook.com\/profile.php?id=100008943462799\" \/>\n<meta property=\"article:published_time\" content=\"2025-11-24T21:07:17+00:00\" \/>\n<meta property=\"og:image\" content=\"https:\/\/www.bellunopress.it\/wp-content\/uploads\/2022\/02\/no-greenpass-31-Riccardo-SZUMSKI_edited.jpg\" \/>\n\t<meta property=\"og:image:width\" content=\"1000\" \/>\n\t<meta property=\"og:image:height\" content=\"849\" \/>\n\t<meta property=\"og:image:type\" content=\"image\/jpeg\" \/>\n<meta name=\"author\" content=\"redazione\" \/>\n<meta name=\"twitter:card\" content=\"summary_large_image\" \/>\n<meta name=\"twitter:creator\" content=\"@bellunopress\" \/>\n<meta name=\"twitter:site\" content=\"@bellunopress\" \/>\n<meta name=\"twitter:label1\" content=\"\u00c9crit par\" \/>\n\t<meta name=\"twitter:data1\" content=\"redazione\" \/>\n\t<meta name=\"twitter:label2\" content=\"Dur\u00e9e de lecture estim\u00e9e\" \/>\n\t<meta name=\"twitter:data2\" content=\"2 minutes\" \/>\n<script type=\"application\/ld+json\" class=\"yoast-schema-graph\">{\"@context\":\"https:\\\/\\\/schema.org\",\"@graph\":[{\"@type\":\"Article\",\"@id\":\"https:\\\/\\\/www.bellunopress.it\\\/2025\\\/11\\\/24\\\/londa-szumski-la-rivincita-del-voto-libero\\\/#article\",\"isPartOf\":{\"@id\":\"https:\\\/\\\/www.bellunopress.it\\\/2025\\\/11\\\/24\\\/londa-szumski-la-rivincita-del-voto-libero\\\/\"},\"author\":{\"name\":\"redazione\",\"@id\":\"https:\\\/\\\/www.bellunopress.it\\\/#\\\/schema\\\/person\\\/79bb06722b37ece1c03d3e94beb30d73\"},\"headline\":\"L&#8217;onda Szumski: la rivincita del voto libero\",\"datePublished\":\"2025-11-24T21:07:17+00:00\",\"mainEntityOfPage\":{\"@id\":\"https:\\\/\\\/www.bellunopress.it\\\/2025\\\/11\\\/24\\\/londa-szumski-la-rivincita-del-voto-libero\\\/\"},\"wordCount\":504,\"publisher\":{\"@id\":\"https:\\\/\\\/www.bellunopress.it\\\/#organization\"},\"image\":{\"@id\":\"https:\\\/\\\/www.bellunopress.it\\\/2025\\\/11\\\/24\\\/londa-szumski-la-rivincita-del-voto-libero\\\/#primaryimage\"},\"thumbnailUrl\":\"https:\\\/\\\/www.bellunopress.it\\\/wp-content\\\/uploads\\\/2022\\\/02\\\/no-greenpass-31-Riccardo-SZUMSKI_edited.jpg\",\"articleSection\":[\"Cronaca\\\/Politica\",\"Prima Pagina\",\"Sanit\u00e0 Medicina\"],\"inLanguage\":\"fr-FR\"},{\"@type\":\"WebPage\",\"@id\":\"https:\\\/\\\/www.bellunopress.it\\\/2025\\\/11\\\/24\\\/londa-szumski-la-rivincita-del-voto-libero\\\/\",\"url\":\"https:\\\/\\\/www.bellunopress.it\\\/2025\\\/11\\\/24\\\/londa-szumski-la-rivincita-del-voto-libero\\\/\",\"name\":\"L'onda Szumski: la rivincita del voto libero - Bellunopress - Dolomiti\",\"isPartOf\":{\"@id\":\"https:\\\/\\\/www.bellunopress.it\\\/#website\"},\"primaryImageOfPage\":{\"@id\":\"https:\\\/\\\/www.bellunopress.it\\\/2025\\\/11\\\/24\\\/londa-szumski-la-rivincita-del-voto-libero\\\/#primaryimage\"},\"image\":{\"@id\":\"https:\\\/\\\/www.bellunopress.it\\\/2025\\\/11\\\/24\\\/londa-szumski-la-rivincita-del-voto-libero\\\/#primaryimage\"},\"thumbnailUrl\":\"https:\\\/\\\/www.bellunopress.it\\\/wp-content\\\/uploads\\\/2022\\\/02\\\/no-greenpass-31-Riccardo-SZUMSKI_edited.jpg\",\"datePublished\":\"2025-11-24T21:07:17+00:00\",\"breadcrumb\":{\"@id\":\"https:\\\/\\\/www.bellunopress.it\\\/2025\\\/11\\\/24\\\/londa-szumski-la-rivincita-del-voto-libero\\\/#breadcrumb\"},\"inLanguage\":\"fr-FR\",\"potentialAction\":[{\"@type\":\"ReadAction\",\"target\":[\"https:\\\/\\\/www.bellunopress.it\\\/2025\\\/11\\\/24\\\/londa-szumski-la-rivincita-del-voto-libero\\\/\"]}]},{\"@type\":\"ImageObject\",\"inLanguage\":\"fr-FR\",\"@id\":\"https:\\\/\\\/www.bellunopress.it\\\/2025\\\/11\\\/24\\\/londa-szumski-la-rivincita-del-voto-libero\\\/#primaryimage\",\"url\":\"https:\\\/\\\/www.bellunopress.it\\\/wp-content\\\/uploads\\\/2022\\\/02\\\/no-greenpass-31-Riccardo-SZUMSKI_edited.jpg\",\"contentUrl\":\"https:\\\/\\\/www.bellunopress.it\\\/wp-content\\\/uploads\\\/2022\\\/02\\\/no-greenpass-31-Riccardo-SZUMSKI_edited.jpg\",\"width\":1000,\"height\":849},{\"@type\":\"BreadcrumbList\",\"@id\":\"https:\\\/\\\/www.bellunopress.it\\\/2025\\\/11\\\/24\\\/londa-szumski-la-rivincita-del-voto-libero\\\/#breadcrumb\",\"itemListElement\":[{\"@type\":\"ListItem\",\"position\":1,\"name\":\"Home\",\"item\":\"https:\\\/\\\/www.bellunopress.it\\\/\"},{\"@type\":\"ListItem\",\"position\":2,\"name\":\"L&#8217;onda Szumski: la rivincita del voto libero\"}]},{\"@type\":\"WebSite\",\"@id\":\"https:\\\/\\\/www.bellunopress.it\\\/#website\",\"url\":\"https:\\\/\\\/www.bellunopress.it\\\/\",\"name\":\"Bellunopress - Dolomiti\",\"description\":\"e-mail: redazione@bellunopress.it\",\"publisher\":{\"@id\":\"https:\\\/\\\/www.bellunopress.it\\\/#organization\"},\"potentialAction\":[{\"@type\":\"SearchAction\",\"target\":{\"@type\":\"EntryPoint\",\"urlTemplate\":\"https:\\\/\\\/www.bellunopress.it\\\/?s={search_term_string}\"},\"query-input\":{\"@type\":\"PropertyValueSpecification\",\"valueRequired\":true,\"valueName\":\"search_term_string\"}}],\"inLanguage\":\"fr-FR\"},{\"@type\":\"Organization\",\"@id\":\"https:\\\/\\\/www.bellunopress.it\\\/#organization\",\"name\":\"Bellunopress\",\"url\":\"https:\\\/\\\/www.bellunopress.it\\\/\",\"logo\":{\"@type\":\"ImageObject\",\"inLanguage\":\"fr-FR\",\"@id\":\"https:\\\/\\\/www.bellunopress.it\\\/#\\\/schema\\\/logo\\\/image\\\/\",\"url\":\"https:\\\/\\\/www.bellunopress.it\\\/wp-content\\\/uploads\\\/2011\\\/05\\\/cropped-logo-bellunopress-.jpg\",\"contentUrl\":\"https:\\\/\\\/www.bellunopress.it\\\/wp-content\\\/uploads\\\/2011\\\/05\\\/cropped-logo-bellunopress-.jpg\",\"width\":512,\"height\":512,\"caption\":\"Bellunopress\"},\"image\":{\"@id\":\"https:\\\/\\\/www.bellunopress.it\\\/#\\\/schema\\\/logo\\\/image\\\/\"},\"sameAs\":[\"https:\\\/\\\/www.facebook.com\\\/profile.php?id=100008943462799\",\"https:\\\/\\\/x.com\\\/bellunopress\",\"https:\\\/\\\/www.linkedin.com\\\/hp\\\/?dnr=JBzUWaJfMUw8vbXJJ2tVW5-I3jZKvC4wsoxE&amp;amp;amp;amp;amp;amp;trk=nav_responsive_tab_home\",\"https:\\\/\\\/www.youtube.com\\\/channel\\\/UCxL0wu1uN0_3_7hGG0306cw\"]},{\"@type\":\"Person\",\"@id\":\"https:\\\/\\\/www.bellunopress.it\\\/#\\\/schema\\\/person\\\/79bb06722b37ece1c03d3e94beb30d73\",\"name\":\"redazione\",\"image\":{\"@type\":\"ImageObject\",\"inLanguage\":\"fr-FR\",\"@id\":\"https:\\\/\\\/secure.gravatar.com\\\/avatar\\\/37d968a2e67a6fd04c169c4bdef102d0bc5d31b2546345219e348575eb80e9a0?s=96&d=mm&r=g\",\"url\":\"https:\\\/\\\/secure.gravatar.com\\\/avatar\\\/37d968a2e67a6fd04c169c4bdef102d0bc5d31b2546345219e348575eb80e9a0?s=96&d=mm&r=g\",\"contentUrl\":\"https:\\\/\\\/secure.gravatar.com\\\/avatar\\\/37d968a2e67a6fd04c169c4bdef102d0bc5d31b2546345219e348575eb80e9a0?s=96&d=mm&r=g\",\"caption\":\"redazione\"},\"sameAs\":[\"http:\\\/\\\/www.bellunopress.it\",\"https:\\\/\\\/x.com\\\/bellunopress\"],\"url\":\"https:\\\/\\\/www.bellunopress.it\\\/fr\\\/author\\\/redazione\\\/\"}]}<\/script>\n<!-- \/ Yoast SEO plugin. -->","yoast_head_json":{"title":"L'onda Szumski: la rivincita del voto libero - Bellunopress - Dolomiti","robots":{"index":"index","follow":"follow","max-snippet":"max-snippet:-1","max-image-preview":"max-image-preview:large","max-video-preview":"max-video-preview:-1"},"canonical":"https:\/\/www.bellunopress.it\/fr\/2025\/11\/24\/londa-szumski-la-rivincita-del-voto-libero\/","og_locale":"fr_FR","og_type":"article","og_title":"L'onda Szumski: la rivincita del voto libero - Bellunopress - Dolomiti","og_description":"L&#8217;esito delle recenti elezioni regionali in Veneto non \u00e8 stato soltanto la riaffermazione di una maggioranza, ma ha partorito una storia politica degna di nota: l&#8217;elezione del dottor Riccardo Szumski a consigliere regionale. Candidato indipendente, Szumski non faceva parte di nessuna delle grandi coalizioni che dominano la scena veneta, eppure ha conquistato un risultato straordinario, [&hellip;]","og_url":"https:\/\/www.bellunopress.it\/fr\/2025\/11\/24\/londa-szumski-la-rivincita-del-voto-libero\/","og_site_name":"Bellunopress - Dolomiti","article_publisher":"https:\/\/www.facebook.com\/profile.php?id=100008943462799","article_published_time":"2025-11-24T21:07:17+00:00","og_image":[{"width":1000,"height":849,"url":"https:\/\/www.bellunopress.it\/wp-content\/uploads\/2022\/02\/no-greenpass-31-Riccardo-SZUMSKI_edited.jpg","type":"image\/jpeg"}],"author":"redazione","twitter_card":"summary_large_image","twitter_creator":"@bellunopress","twitter_site":"@bellunopress","twitter_misc":{"\u00c9crit par":"redazione","Dur\u00e9e de lecture estim\u00e9e":"2 minutes"},"schema":{"@context":"https:\/\/schema.org","@graph":[{"@type":"Article","@id":"https:\/\/www.bellunopress.it\/2025\/11\/24\/londa-szumski-la-rivincita-del-voto-libero\/#article","isPartOf":{"@id":"https:\/\/www.bellunopress.it\/2025\/11\/24\/londa-szumski-la-rivincita-del-voto-libero\/"},"author":{"name":"redazione","@id":"https:\/\/www.bellunopress.it\/#\/schema\/person\/79bb06722b37ece1c03d3e94beb30d73"},"headline":"L&#8217;onda Szumski: la rivincita del voto libero","datePublished":"2025-11-24T21:07:17+00:00","mainEntityOfPage":{"@id":"https:\/\/www.bellunopress.it\/2025\/11\/24\/londa-szumski-la-rivincita-del-voto-libero\/"},"wordCount":504,"publisher":{"@id":"https:\/\/www.bellunopress.it\/#organization"},"image":{"@id":"https:\/\/www.bellunopress.it\/2025\/11\/24\/londa-szumski-la-rivincita-del-voto-libero\/#primaryimage"},"thumbnailUrl":"https:\/\/www.bellunopress.it\/wp-content\/uploads\/2022\/02\/no-greenpass-31-Riccardo-SZUMSKI_edited.jpg","articleSection":["Cronaca\/Politica","Prima Pagina","Sanit\u00e0 Medicina"],"inLanguage":"fr-FR"},{"@type":"WebPage","@id":"https:\/\/www.bellunopress.it\/2025\/11\/24\/londa-szumski-la-rivincita-del-voto-libero\/","url":"https:\/\/www.bellunopress.it\/2025\/11\/24\/londa-szumski-la-rivincita-del-voto-libero\/","name":"L'onda Szumski: la rivincita del voto libero - Bellunopress - Dolomiti","isPartOf":{"@id":"https:\/\/www.bellunopress.it\/#website"},"primaryImageOfPage":{"@id":"https:\/\/www.bellunopress.it\/2025\/11\/24\/londa-szumski-la-rivincita-del-voto-libero\/#primaryimage"},"image":{"@id":"https:\/\/www.bellunopress.it\/2025\/11\/24\/londa-szumski-la-rivincita-del-voto-libero\/#primaryimage"},"thumbnailUrl":"https:\/\/www.bellunopress.it\/wp-content\/uploads\/2022\/02\/no-greenpass-31-Riccardo-SZUMSKI_edited.jpg","datePublished":"2025-11-24T21:07:17+00:00","breadcrumb":{"@id":"https:\/\/www.bellunopress.it\/2025\/11\/24\/londa-szumski-la-rivincita-del-voto-libero\/#breadcrumb"},"inLanguage":"fr-FR","potentialAction":[{"@type":"ReadAction","target":["https:\/\/www.bellunopress.it\/2025\/11\/24\/londa-szumski-la-rivincita-del-voto-libero\/"]}]},{"@type":"ImageObject","inLanguage":"fr-FR","@id":"https:\/\/www.bellunopress.it\/2025\/11\/24\/londa-szumski-la-rivincita-del-voto-libero\/#primaryimage","url":"https:\/\/www.bellunopress.it\/wp-content\/uploads\/2022\/02\/no-greenpass-31-Riccardo-SZUMSKI_edited.jpg","contentUrl":"https:\/\/www.bellunopress.it\/wp-content\/uploads\/2022\/02\/no-greenpass-31-Riccardo-SZUMSKI_edited.jpg","width":1000,"height":849},{"@type":"BreadcrumbList","@id":"https:\/\/www.bellunopress.it\/2025\/11\/24\/londa-szumski-la-rivincita-del-voto-libero\/#breadcrumb","itemListElement":[{"@type":"ListItem","position":1,"name":"Home","item":"https:\/\/www.bellunopress.it\/"},{"@type":"ListItem","position":2,"name":"L&#8217;onda Szumski: la rivincita del voto libero"}]},{"@type":"WebSite","@id":"https:\/\/www.bellunopress.it\/#website","url":"https:\/\/www.bellunopress.it\/","name":"Bellunopress - Dolomiti","description":"e-mail: redazione@bellunopress.it","publisher":{"@id":"https:\/\/www.bellunopress.it\/#organization"},"potentialAction":[{"@type":"SearchAction","target":{"@type":"EntryPoint","urlTemplate":"https:\/\/www.bellunopress.it\/?s={search_term_string}"},"query-input":{"@type":"PropertyValueSpecification","valueRequired":true,"valueName":"search_term_string"}}],"inLanguage":"fr-FR"},{"@type":"Organization","@id":"https:\/\/www.bellunopress.it\/#organization","name":"Bellunopress","url":"https:\/\/www.bellunopress.it\/","logo":{"@type":"ImageObject","inLanguage":"fr-FR","@id":"https:\/\/www.bellunopress.it\/#\/schema\/logo\/image\/","url":"https:\/\/www.bellunopress.it\/wp-content\/uploads\/2011\/05\/cropped-logo-bellunopress-.jpg","contentUrl":"https:\/\/www.bellunopress.it\/wp-content\/uploads\/2011\/05\/cropped-logo-bellunopress-.jpg","width":512,"height":512,"caption":"Bellunopress"},"image":{"@id":"https:\/\/www.bellunopress.it\/#\/schema\/logo\/image\/"},"sameAs":["https:\/\/www.facebook.com\/profile.php?id=100008943462799","https:\/\/x.com\/bellunopress","https:\/\/www.linkedin.com\/hp\/?dnr=JBzUWaJfMUw8vbXJJ2tVW5-I3jZKvC4wsoxE&amp;amp;amp;amp;amp;amp;trk=nav_responsive_tab_home","https:\/\/www.youtube.com\/channel\/UCxL0wu1uN0_3_7hGG0306cw"]},{"@type":"Person","@id":"https:\/\/www.bellunopress.it\/#\/schema\/person\/79bb06722b37ece1c03d3e94beb30d73","name":"r\u00e9daction","image":{"@type":"ImageObject","inLanguage":"fr-FR","@id":"https:\/\/secure.gravatar.com\/avatar\/37d968a2e67a6fd04c169c4bdef102d0bc5d31b2546345219e348575eb80e9a0?s=96&d=mm&r=g","url":"https:\/\/secure.gravatar.com\/avatar\/37d968a2e67a6fd04c169c4bdef102d0bc5d31b2546345219e348575eb80e9a0?s=96&d=mm&r=g","contentUrl":"https:\/\/secure.gravatar.com\/avatar\/37d968a2e67a6fd04c169c4bdef102d0bc5d31b2546345219e348575eb80e9a0?s=96&d=mm&r=g","caption":"redazione"},"sameAs":["http:\/\/www.bellunopress.it","https:\/\/x.com\/bellunopress"],"url":"https:\/\/www.bellunopress.it\/fr\/author\/redazione\/"}]}},"_links":{"self":[{"href":"https:\/\/www.bellunopress.it\/fr\/wp-json\/wp\/v2\/posts\/165160","targetHints":{"allow":["GET"]}}],"collection":[{"href":"https:\/\/www.bellunopress.it\/fr\/wp-json\/wp\/v2\/posts"}],"about":[{"href":"https:\/\/www.bellunopress.it\/fr\/wp-json\/wp\/v2\/types\/post"}],"author":[{"embeddable":true,"href":"https:\/\/www.bellunopress.it\/fr\/wp-json\/wp\/v2\/users\/2"}],"replies":[{"embeddable":true,"href":"https:\/\/www.bellunopress.it\/fr\/wp-json\/wp\/v2\/comments?post=165160"}],"version-history":[{"count":1,"href":"https:\/\/www.bellunopress.it\/fr\/wp-json\/wp\/v2\/posts\/165160\/revisions"}],"predecessor-version":[{"id":165161,"href":"https:\/\/www.bellunopress.it\/fr\/wp-json\/wp\/v2\/posts\/165160\/revisions\/165161"}],"wp:featuredmedia":[{"embeddable":true,"href":"https:\/\/www.bellunopress.it\/fr\/wp-json\/wp\/v2\/media\/131668"}],"wp:attachment":[{"href":"https:\/\/www.bellunopress.it\/fr\/wp-json\/wp\/v2\/media?parent=165160"}],"wp:term":[{"taxonomy":"category","embeddable":true,"href":"https:\/\/www.bellunopress.it\/fr\/wp-json\/wp\/v2\/categories?post=165160"},{"taxonomy":"post_tag","embeddable":true,"href":"https:\/\/www.bellunopress.it\/fr\/wp-json\/wp\/v2\/tags?post=165160"}],"curies":[{"name":"wp","href":"https:\/\/api.w.org\/{rel}","templated":true}]}}