{"id":165143,"date":"2025-11-24T14:07:36","date_gmt":"2025-11-24T13:07:36","guid":{"rendered":"https:\/\/www.bellunopress.it\/?p=165143"},"modified":"2025-11-24T14:07:36","modified_gmt":"2025-11-24T13:07:36","slug":"belluno-unita-contro-la-violenza-istituzioni-e-studenti-in-campo-per-la-giornata-del-25-novembre","status":"publish","type":"post","link":"https:\/\/www.bellunopress.it\/fr\/2025\/11\/24\/belluno-unita-contro-la-violenza-istituzioni-e-studenti-in-campo-per-la-giornata-del-25-novembre\/","title":{"rendered":"Belluno unita contro la violenza: Istituzioni e studenti in campo per la Giornata del 25 novembre"},"content":{"rendered":"<figure id=\"attachment_149981\" aria-describedby=\"caption-attachment-149981\" style=\"width: 1000px\" class=\"wp-caption aligncenter\"><img loading=\"lazy\" decoding=\"async\" class=\"size-full wp-image-149981\" src=\"https:\/\/www.bellunopress.it\/wp-content\/uploads\/2024\/04\/teatro-comunale-3_edited.jpg\" alt=\"\" width=\"1000\" height=\"628\" srcset=\"https:\/\/www.bellunopress.it\/wp-content\/uploads\/2024\/04\/teatro-comunale-3_edited.jpg 1000w, https:\/\/www.bellunopress.it\/wp-content\/uploads\/2024\/04\/teatro-comunale-3_edited-500x314.jpg 500w, https:\/\/www.bellunopress.it\/wp-content\/uploads\/2024\/04\/teatro-comunale-3_edited-669x420.jpg 669w, https:\/\/www.bellunopress.it\/wp-content\/uploads\/2024\/04\/teatro-comunale-3_edited-696x437.jpg 696w\" sizes=\"auto, (max-width: 1000px) 100vw, 1000px\" \/><figcaption id=\"caption-attachment-149981\" class=\"wp-caption-text\">Teatro Comunale &#8220;Dino Buzzati&#8221; di Belluno<\/figcaption><\/figure>\n<p><img loading=\"lazy\" decoding=\"async\" class=\"aligncenter size-full wp-image-165144\" src=\"https:\/\/www.bellunopress.it\/wp-content\/uploads\/2025\/11\/femminicidi-dati-statistici-carabinieri_edited.jpg\" alt=\"\" width=\"800\" height=\"423\" srcset=\"https:\/\/www.bellunopress.it\/wp-content\/uploads\/2025\/11\/femminicidi-dati-statistici-carabinieri_edited.jpg 800w, https:\/\/www.bellunopress.it\/wp-content\/uploads\/2025\/11\/femminicidi-dati-statistici-carabinieri_edited-500x264.jpg 500w, https:\/\/www.bellunopress.it\/wp-content\/uploads\/2025\/11\/femminicidi-dati-statistici-carabinieri_edited-794x420.jpg 794w, https:\/\/www.bellunopress.it\/wp-content\/uploads\/2025\/11\/femminicidi-dati-statistici-carabinieri_edited-696x368.jpg 696w\" sizes=\"auto, (max-width: 800px) 100vw, 800px\" \/><\/p>\n<p>Belluno, 24 novembre 2025 \u2013 Le istituzioni, la Magistratura, i Carabinieri e le scuole si sono uniti in un evento corale, dal titolo &#8220;Insieme contro la violenza di genere&#8221;, che si \u00e8 tenuto stamattina al Teatro Dino Buzzati di Belluno. L&#8217;iniziativa, promossa in vista della Giornata internazionale contro la violenza sulle donne (25 novembre), \u00e8 nata dalla collaborazione tra il Comando Provinciale Carabinieri Belluno, il Comune di Belluno, la Procura della Repubblica, l&#8217;Ufficio Scolastico Provinciale e il Soroptimist Club Belluno-Feltre.<\/p>\n<p>L&#8217;evento ha visto una ricca scaletta che ha alternato momenti istituzionali e interventi di sensibilizzazione con performance musicali e artistiche realizzate dagli studenti locali.<\/p>\n<p><strong>I numeri del dramma<\/strong><br \/>\nA dare il via al dibattito \u00e8 stato il colonnello Carmelo Rustico, Comandante Provinciale dei Carabinieri di Belluno, che ha fornito un inquadramento generale del fenomeno, esponendo dati statistici. I dati sui femminicidi, forniti dal Ministero dell&#8217;Interno e citati nell&#8217;incontro, hanno evidenziato la gravit\u00e0 del problema a livello nazionale:<\/p>\n<p>Nel 2022 sono state uccise 130 donne (61 dal partner o ex partner).<\/p>\n<p>Nel 2023 si contano 120 donne uccise (64 dal partner o ex partner).<\/p>\n<p>Nel 2024 le vittime sono state 111 (59 dal partner o ex partner).<\/p>\n<p>Nel periodo gennaio-settembre 2025 sono state registrate 73 donne uccise (44 dal partner o ex partner).<\/p>\n<p>Si stima che in un anno si registrino circa 80.000 reati sentinella.<\/p>\n<p><strong>L&#8217;impegno dell&#8217;Arma: le 4 &#8220;P&#8221;<\/strong><br \/>\nIl Colonnello Rustico ha poi illustrato le strategie adottate dai Carabinieri per contrastare il fenomeno, sintetizzate nelle quattro &#8220;P&#8221;:<\/p>\n<p>Prevenire i reati.<\/p>\n<p>Perseguire gli autori dei reati.<\/p>\n<p>Proteggere le vittime.<\/p>\n<p>Politiche integrate per fare rete.<\/p>\n<p>Il tenente Francesca Tilocca, Comandante del Nucleo Investigativo e referente provinciale per la rete contro la violenza di genere, ha descritto le diverse tipologie di violenza, offrendo consigli pratici per riconoscerle.<\/p>\n<p><strong>Il fronte della Giustizia<\/strong><br \/>\nL&#8217;impegno della Magistratura \u00e8 stato illustrato dal Sostituto Procuratore della Repubblica di Belluno, Dott. Alberto Primavera. Il Dott. Primavera ha descritto le principali figure delittuose come atti persecutori (stalking), maltrattamenti e il neo-introdotto reato di femminicidio, e gli strumenti di contrasto, tra cui l&#8217;allontanamento dalla casa familiare, il divieto di avvicinamento e l&#8217;uso del braccialetto elettronico.<\/p>\n<p><strong>Arte e musica dagli studenti<\/strong><br \/>\nL&#8217;aspetto emotivo e di sensibilizzazione \u00e8 stato affidato agli studenti del Liceo Renier e del Liceo Catullo.<\/p>\n<p>Gli studenti del Liceo Renier hanno eseguito brani di impatto. Tra questi, il &#8220;Preludio&#8221; di Dimitri \u0160ostakovi\u010d , un estratto del libro su Francesca Alinovi , e i brani musicali come &#8220;Gli uomini non cambiano&#8221; di Mia Martini \u2013 che denuncia il rapporto malato che gli uomini spesso instaurano con le donne \u2013 e &#8220;Quello che le donne non dicono&#8221; di Fiorella Mannoia.<\/p>\n<p>Gli studenti del Liceo Catullo hanno presentato le loro opere grafiche e cortometraggi di video art.<\/p>\n<p>L&#8217;evento si \u00e8 concluso con la consegna di una targa ricordo al Liceo Catullo, donata dal Soroptimist Club Belluno-Feltre, alla presenza del Prefetto Antonello Roccoberton e della Presidente del Club Soroptimist, Graziella De Pra, un gesto che simboleggia l&#8217;unione di intenti di tutta la comunit\u00e0.<\/p>","protected":false},"excerpt":{"rendered":"<p>Belluno, 24 novembre 2025 \u2013 Le istituzioni, la Magistratura, i Carabinieri e le scuole si sono uniti in un evento corale, dal titolo &#8220;Insieme contro la violenza di genere&#8221;, che si \u00e8 tenuto stamattina al Teatro Dino Buzzati di Belluno. L&#8217;iniziativa, promossa in vista della Giornata internazionale contro la violenza sulle donne (25 novembre), \u00e8 [&hellip;]<\/p>\n","protected":false},"author":2,"featured_media":165144,"comment_status":"closed","ping_status":"open","sticky":false,"template":"","format":"standard","meta":{"footnotes":""},"categories":[26,15,8],"tags":[],"class_list":["post-165143","post","type-post","status-publish","format-standard","has-post-thumbnail","category-prima-pagina","category-scuola","category-societa-istituzioni"],"yoast_head":"<!-- This site is optimized with the Yoast SEO plugin v28.4 - https:\/\/yoast.com\/product\/yoast-seo-wordpress\/ -->\n<title>Belluno unita contro la violenza: Istituzioni e studenti in campo per la Giornata del 25 novembre - Bellunopress - Dolomiti<\/title>\n<meta name=\"robots\" content=\"index, follow, max-snippet:-1, max-image-preview:large, max-video-preview:-1\" \/>\n<link rel=\"canonical\" href=\"https:\/\/www.bellunopress.it\/fr\/2025\/11\/24\/belluno-unita-contro-la-violenza-istituzioni-e-studenti-in-campo-per-la-giornata-del-25-novembre\/\" \/>\n<meta property=\"og:locale\" content=\"fr_FR\" \/>\n<meta property=\"og:type\" content=\"article\" \/>\n<meta property=\"og:title\" content=\"Belluno unita contro la violenza: Istituzioni e studenti in campo per la Giornata del 25 novembre - Bellunopress - Dolomiti\" \/>\n<meta property=\"og:description\" content=\"Belluno, 24 novembre 2025 \u2013 Le istituzioni, la Magistratura, i Carabinieri e le scuole si sono uniti in un evento corale, dal titolo &#8220;Insieme contro la violenza di genere&#8221;, che si \u00e8 tenuto stamattina al Teatro Dino Buzzati di Belluno. L&#8217;iniziativa, promossa in vista della Giornata internazionale contro la violenza sulle donne (25 novembre), \u00e8 [&hellip;]\" \/>\n<meta property=\"og:url\" content=\"https:\/\/www.bellunopress.it\/fr\/2025\/11\/24\/belluno-unita-contro-la-violenza-istituzioni-e-studenti-in-campo-per-la-giornata-del-25-novembre\/\" \/>\n<meta property=\"og:site_name\" content=\"Bellunopress - Dolomiti\" \/>\n<meta property=\"article:publisher\" content=\"https:\/\/www.facebook.com\/profile.php?id=100008943462799\" \/>\n<meta property=\"article:published_time\" content=\"2025-11-24T13:07:36+00:00\" \/>\n<meta property=\"og:image\" content=\"https:\/\/www.bellunopress.it\/wp-content\/uploads\/2025\/11\/femminicidi-dati-statistici-carabinieri_edited.jpg\" \/>\n\t<meta property=\"og:image:width\" content=\"800\" \/>\n\t<meta property=\"og:image:height\" content=\"423\" \/>\n\t<meta property=\"og:image:type\" content=\"image\/jpeg\" \/>\n<meta name=\"author\" content=\"redazione\" \/>\n<meta name=\"twitter:card\" content=\"summary_large_image\" \/>\n<meta name=\"twitter:creator\" content=\"@bellunopress\" \/>\n<meta name=\"twitter:site\" content=\"@bellunopress\" \/>\n<meta name=\"twitter:label1\" content=\"\u00c9crit par\" \/>\n\t<meta name=\"twitter:data1\" content=\"redazione\" \/>\n\t<meta name=\"twitter:label2\" content=\"Dur\u00e9e de lecture estim\u00e9e\" \/>\n\t<meta name=\"twitter:data2\" content=\"2 minutes\" \/>\n<script type=\"application\/ld+json\" class=\"yoast-schema-graph\">{\"@context\":\"https:\\\/\\\/schema.org\",\"@graph\":[{\"@type\":\"Article\",\"@id\":\"https:\\\/\\\/www.bellunopress.it\\\/2025\\\/11\\\/24\\\/belluno-unita-contro-la-violenza-istituzioni-e-studenti-in-campo-per-la-giornata-del-25-novembre\\\/#article\",\"isPartOf\":{\"@id\":\"https:\\\/\\\/www.bellunopress.it\\\/2025\\\/11\\\/24\\\/belluno-unita-contro-la-violenza-istituzioni-e-studenti-in-campo-per-la-giornata-del-25-novembre\\\/\"},\"author\":{\"name\":\"redazione\",\"@id\":\"https:\\\/\\\/www.bellunopress.it\\\/#\\\/schema\\\/person\\\/79bb06722b37ece1c03d3e94beb30d73\"},\"headline\":\"Belluno unita contro la violenza: Istituzioni e studenti in campo per la Giornata del 25 novembre\",\"datePublished\":\"2025-11-24T13:07:36+00:00\",\"mainEntityOfPage\":{\"@id\":\"https:\\\/\\\/www.bellunopress.it\\\/2025\\\/11\\\/24\\\/belluno-unita-contro-la-violenza-istituzioni-e-studenti-in-campo-per-la-giornata-del-25-novembre\\\/\"},\"wordCount\":514,\"publisher\":{\"@id\":\"https:\\\/\\\/www.bellunopress.it\\\/#organization\"},\"image\":{\"@id\":\"https:\\\/\\\/www.bellunopress.it\\\/2025\\\/11\\\/24\\\/belluno-unita-contro-la-violenza-istituzioni-e-studenti-in-campo-per-la-giornata-del-25-novembre\\\/#primaryimage\"},\"thumbnailUrl\":\"https:\\\/\\\/www.bellunopress.it\\\/wp-content\\\/uploads\\\/2025\\\/11\\\/femminicidi-dati-statistici-carabinieri_edited.jpg\",\"articleSection\":[\"Prima Pagina\",\"Scuola\",\"Societ\u00e0, Associazioni, Istituzioni\"],\"inLanguage\":\"fr-FR\"},{\"@type\":\"WebPage\",\"@id\":\"https:\\\/\\\/www.bellunopress.it\\\/2025\\\/11\\\/24\\\/belluno-unita-contro-la-violenza-istituzioni-e-studenti-in-campo-per-la-giornata-del-25-novembre\\\/\",\"url\":\"https:\\\/\\\/www.bellunopress.it\\\/2025\\\/11\\\/24\\\/belluno-unita-contro-la-violenza-istituzioni-e-studenti-in-campo-per-la-giornata-del-25-novembre\\\/\",\"name\":\"Belluno unita contro la violenza: Istituzioni e studenti in campo per la Giornata del 25 novembre - Bellunopress - Dolomiti\",\"isPartOf\":{\"@id\":\"https:\\\/\\\/www.bellunopress.it\\\/#website\"},\"primaryImageOfPage\":{\"@id\":\"https:\\\/\\\/www.bellunopress.it\\\/2025\\\/11\\\/24\\\/belluno-unita-contro-la-violenza-istituzioni-e-studenti-in-campo-per-la-giornata-del-25-novembre\\\/#primaryimage\"},\"image\":{\"@id\":\"https:\\\/\\\/www.bellunopress.it\\\/2025\\\/11\\\/24\\\/belluno-unita-contro-la-violenza-istituzioni-e-studenti-in-campo-per-la-giornata-del-25-novembre\\\/#primaryimage\"},\"thumbnailUrl\":\"https:\\\/\\\/www.bellunopress.it\\\/wp-content\\\/uploads\\\/2025\\\/11\\\/femminicidi-dati-statistici-carabinieri_edited.jpg\",\"datePublished\":\"2025-11-24T13:07:36+00:00\",\"breadcrumb\":{\"@id\":\"https:\\\/\\\/www.bellunopress.it\\\/2025\\\/11\\\/24\\\/belluno-unita-contro-la-violenza-istituzioni-e-studenti-in-campo-per-la-giornata-del-25-novembre\\\/#breadcrumb\"},\"inLanguage\":\"fr-FR\",\"potentialAction\":[{\"@type\":\"ReadAction\",\"target\":[\"https:\\\/\\\/www.bellunopress.it\\\/2025\\\/11\\\/24\\\/belluno-unita-contro-la-violenza-istituzioni-e-studenti-in-campo-per-la-giornata-del-25-novembre\\\/\"]}]},{\"@type\":\"ImageObject\",\"inLanguage\":\"fr-FR\",\"@id\":\"https:\\\/\\\/www.bellunopress.it\\\/2025\\\/11\\\/24\\\/belluno-unita-contro-la-violenza-istituzioni-e-studenti-in-campo-per-la-giornata-del-25-novembre\\\/#primaryimage\",\"url\":\"https:\\\/\\\/www.bellunopress.it\\\/wp-content\\\/uploads\\\/2025\\\/11\\\/femminicidi-dati-statistici-carabinieri_edited.jpg\",\"contentUrl\":\"https:\\\/\\\/www.bellunopress.it\\\/wp-content\\\/uploads\\\/2025\\\/11\\\/femminicidi-dati-statistici-carabinieri_edited.jpg\",\"width\":800,\"height\":423},{\"@type\":\"BreadcrumbList\",\"@id\":\"https:\\\/\\\/www.bellunopress.it\\\/2025\\\/11\\\/24\\\/belluno-unita-contro-la-violenza-istituzioni-e-studenti-in-campo-per-la-giornata-del-25-novembre\\\/#breadcrumb\",\"itemListElement\":[{\"@type\":\"ListItem\",\"position\":1,\"name\":\"Home\",\"item\":\"https:\\\/\\\/www.bellunopress.it\\\/\"},{\"@type\":\"ListItem\",\"position\":2,\"name\":\"Belluno unita contro la violenza: Istituzioni e studenti in campo per la Giornata del 25 novembre\"}]},{\"@type\":\"WebSite\",\"@id\":\"https:\\\/\\\/www.bellunopress.it\\\/#website\",\"url\":\"https:\\\/\\\/www.bellunopress.it\\\/\",\"name\":\"Bellunopress - Dolomiti\",\"description\":\"e-mail: redazione@bellunopress.it\",\"publisher\":{\"@id\":\"https:\\\/\\\/www.bellunopress.it\\\/#organization\"},\"potentialAction\":[{\"@type\":\"SearchAction\",\"target\":{\"@type\":\"EntryPoint\",\"urlTemplate\":\"https:\\\/\\\/www.bellunopress.it\\\/?s={search_term_string}\"},\"query-input\":{\"@type\":\"PropertyValueSpecification\",\"valueRequired\":true,\"valueName\":\"search_term_string\"}}],\"inLanguage\":\"fr-FR\"},{\"@type\":\"Organization\",\"@id\":\"https:\\\/\\\/www.bellunopress.it\\\/#organization\",\"name\":\"Bellunopress\",\"url\":\"https:\\\/\\\/www.bellunopress.it\\\/\",\"logo\":{\"@type\":\"ImageObject\",\"inLanguage\":\"fr-FR\",\"@id\":\"https:\\\/\\\/www.bellunopress.it\\\/#\\\/schema\\\/logo\\\/image\\\/\",\"url\":\"https:\\\/\\\/www.bellunopress.it\\\/wp-content\\\/uploads\\\/2011\\\/05\\\/cropped-logo-bellunopress-.jpg\",\"contentUrl\":\"https:\\\/\\\/www.bellunopress.it\\\/wp-content\\\/uploads\\\/2011\\\/05\\\/cropped-logo-bellunopress-.jpg\",\"width\":512,\"height\":512,\"caption\":\"Bellunopress\"},\"image\":{\"@id\":\"https:\\\/\\\/www.bellunopress.it\\\/#\\\/schema\\\/logo\\\/image\\\/\"},\"sameAs\":[\"https:\\\/\\\/www.facebook.com\\\/profile.php?id=100008943462799\",\"https:\\\/\\\/x.com\\\/bellunopress\",\"https:\\\/\\\/www.linkedin.com\\\/hp\\\/?dnr=JBzUWaJfMUw8vbXJJ2tVW5-I3jZKvC4wsoxE&amp;amp;amp;amp;amp;amp;trk=nav_responsive_tab_home\",\"https:\\\/\\\/www.youtube.com\\\/channel\\\/UCxL0wu1uN0_3_7hGG0306cw\"]},{\"@type\":\"Person\",\"@id\":\"https:\\\/\\\/www.bellunopress.it\\\/#\\\/schema\\\/person\\\/79bb06722b37ece1c03d3e94beb30d73\",\"name\":\"redazione\",\"image\":{\"@type\":\"ImageObject\",\"inLanguage\":\"fr-FR\",\"@id\":\"https:\\\/\\\/secure.gravatar.com\\\/avatar\\\/37d968a2e67a6fd04c169c4bdef102d0bc5d31b2546345219e348575eb80e9a0?s=96&d=mm&r=g\",\"url\":\"https:\\\/\\\/secure.gravatar.com\\\/avatar\\\/37d968a2e67a6fd04c169c4bdef102d0bc5d31b2546345219e348575eb80e9a0?s=96&d=mm&r=g\",\"contentUrl\":\"https:\\\/\\\/secure.gravatar.com\\\/avatar\\\/37d968a2e67a6fd04c169c4bdef102d0bc5d31b2546345219e348575eb80e9a0?s=96&d=mm&r=g\",\"caption\":\"redazione\"},\"sameAs\":[\"http:\\\/\\\/www.bellunopress.it\",\"https:\\\/\\\/x.com\\\/bellunopress\"],\"url\":\"https:\\\/\\\/www.bellunopress.it\\\/fr\\\/author\\\/redazione\\\/\"}]}<\/script>\n<!-- \/ Yoast SEO plugin. -->","yoast_head_json":{"title":"Belluno unita contro la violenza: Istituzioni e studenti in campo per la Giornata del 25 novembre - Bellunopress - Dolomiti","robots":{"index":"index","follow":"follow","max-snippet":"max-snippet:-1","max-image-preview":"max-image-preview:large","max-video-preview":"max-video-preview:-1"},"canonical":"https:\/\/www.bellunopress.it\/fr\/2025\/11\/24\/belluno-unita-contro-la-violenza-istituzioni-e-studenti-in-campo-per-la-giornata-del-25-novembre\/","og_locale":"fr_FR","og_type":"article","og_title":"Belluno unita contro la violenza: Istituzioni e studenti in campo per la Giornata del 25 novembre - Bellunopress - Dolomiti","og_description":"Belluno, 24 novembre 2025 \u2013 Le istituzioni, la Magistratura, i Carabinieri e le scuole si sono uniti in un evento corale, dal titolo &#8220;Insieme contro la violenza di genere&#8221;, che si \u00e8 tenuto stamattina al Teatro Dino Buzzati di Belluno. L&#8217;iniziativa, promossa in vista della Giornata internazionale contro la violenza sulle donne (25 novembre), \u00e8 [&hellip;]","og_url":"https:\/\/www.bellunopress.it\/fr\/2025\/11\/24\/belluno-unita-contro-la-violenza-istituzioni-e-studenti-in-campo-per-la-giornata-del-25-novembre\/","og_site_name":"Bellunopress - Dolomiti","article_publisher":"https:\/\/www.facebook.com\/profile.php?id=100008943462799","article_published_time":"2025-11-24T13:07:36+00:00","og_image":[{"width":800,"height":423,"url":"https:\/\/www.bellunopress.it\/wp-content\/uploads\/2025\/11\/femminicidi-dati-statistici-carabinieri_edited.jpg","type":"image\/jpeg"}],"author":"redazione","twitter_card":"summary_large_image","twitter_creator":"@bellunopress","twitter_site":"@bellunopress","twitter_misc":{"\u00c9crit par":"redazione","Dur\u00e9e de lecture estim\u00e9e":"2 minutes"},"schema":{"@context":"https:\/\/schema.org","@graph":[{"@type":"Article","@id":"https:\/\/www.bellunopress.it\/2025\/11\/24\/belluno-unita-contro-la-violenza-istituzioni-e-studenti-in-campo-per-la-giornata-del-25-novembre\/#article","isPartOf":{"@id":"https:\/\/www.bellunopress.it\/2025\/11\/24\/belluno-unita-contro-la-violenza-istituzioni-e-studenti-in-campo-per-la-giornata-del-25-novembre\/"},"author":{"name":"redazione","@id":"https:\/\/www.bellunopress.it\/#\/schema\/person\/79bb06722b37ece1c03d3e94beb30d73"},"headline":"Belluno unita contro la violenza: Istituzioni e studenti in campo per la Giornata del 25 novembre","datePublished":"2025-11-24T13:07:36+00:00","mainEntityOfPage":{"@id":"https:\/\/www.bellunopress.it\/2025\/11\/24\/belluno-unita-contro-la-violenza-istituzioni-e-studenti-in-campo-per-la-giornata-del-25-novembre\/"},"wordCount":514,"publisher":{"@id":"https:\/\/www.bellunopress.it\/#organization"},"image":{"@id":"https:\/\/www.bellunopress.it\/2025\/11\/24\/belluno-unita-contro-la-violenza-istituzioni-e-studenti-in-campo-per-la-giornata-del-25-novembre\/#primaryimage"},"thumbnailUrl":"https:\/\/www.bellunopress.it\/wp-content\/uploads\/2025\/11\/femminicidi-dati-statistici-carabinieri_edited.jpg","articleSection":["Prima Pagina","Scuola","Societ\u00e0, Associazioni, Istituzioni"],"inLanguage":"fr-FR"},{"@type":"WebPage","@id":"https:\/\/www.bellunopress.it\/2025\/11\/24\/belluno-unita-contro-la-violenza-istituzioni-e-studenti-in-campo-per-la-giornata-del-25-novembre\/","url":"https:\/\/www.bellunopress.it\/2025\/11\/24\/belluno-unita-contro-la-violenza-istituzioni-e-studenti-in-campo-per-la-giornata-del-25-novembre\/","name":"Belluno unita contro la violenza: Istituzioni e studenti in campo per la Giornata del 25 novembre - Bellunopress - Dolomiti","isPartOf":{"@id":"https:\/\/www.bellunopress.it\/#website"},"primaryImageOfPage":{"@id":"https:\/\/www.bellunopress.it\/2025\/11\/24\/belluno-unita-contro-la-violenza-istituzioni-e-studenti-in-campo-per-la-giornata-del-25-novembre\/#primaryimage"},"image":{"@id":"https:\/\/www.bellunopress.it\/2025\/11\/24\/belluno-unita-contro-la-violenza-istituzioni-e-studenti-in-campo-per-la-giornata-del-25-novembre\/#primaryimage"},"thumbnailUrl":"https:\/\/www.bellunopress.it\/wp-content\/uploads\/2025\/11\/femminicidi-dati-statistici-carabinieri_edited.jpg","datePublished":"2025-11-24T13:07:36+00:00","breadcrumb":{"@id":"https:\/\/www.bellunopress.it\/2025\/11\/24\/belluno-unita-contro-la-violenza-istituzioni-e-studenti-in-campo-per-la-giornata-del-25-novembre\/#breadcrumb"},"inLanguage":"fr-FR","potentialAction":[{"@type":"ReadAction","target":["https:\/\/www.bellunopress.it\/2025\/11\/24\/belluno-unita-contro-la-violenza-istituzioni-e-studenti-in-campo-per-la-giornata-del-25-novembre\/"]}]},{"@type":"ImageObject","inLanguage":"fr-FR","@id":"https:\/\/www.bellunopress.it\/2025\/11\/24\/belluno-unita-contro-la-violenza-istituzioni-e-studenti-in-campo-per-la-giornata-del-25-novembre\/#primaryimage","url":"https:\/\/www.bellunopress.it\/wp-content\/uploads\/2025\/11\/femminicidi-dati-statistici-carabinieri_edited.jpg","contentUrl":"https:\/\/www.bellunopress.it\/wp-content\/uploads\/2025\/11\/femminicidi-dati-statistici-carabinieri_edited.jpg","width":800,"height":423},{"@type":"BreadcrumbList","@id":"https:\/\/www.bellunopress.it\/2025\/11\/24\/belluno-unita-contro-la-violenza-istituzioni-e-studenti-in-campo-per-la-giornata-del-25-novembre\/#breadcrumb","itemListElement":[{"@type":"ListItem","position":1,"name":"Home","item":"https:\/\/www.bellunopress.it\/"},{"@type":"ListItem","position":2,"name":"Belluno unita contro la violenza: Istituzioni e studenti in campo per la Giornata del 25 novembre"}]},{"@type":"WebSite","@id":"https:\/\/www.bellunopress.it\/#website","url":"https:\/\/www.bellunopress.it\/","name":"Bellunopress - Dolomiti","description":"e-mail: redazione@bellunopress.it","publisher":{"@id":"https:\/\/www.bellunopress.it\/#organization"},"potentialAction":[{"@type":"SearchAction","target":{"@type":"EntryPoint","urlTemplate":"https:\/\/www.bellunopress.it\/?s={search_term_string}"},"query-input":{"@type":"PropertyValueSpecification","valueRequired":true,"valueName":"search_term_string"}}],"inLanguage":"fr-FR"},{"@type":"Organization","@id":"https:\/\/www.bellunopress.it\/#organization","name":"Bellunopress","url":"https:\/\/www.bellunopress.it\/","logo":{"@type":"ImageObject","inLanguage":"fr-FR","@id":"https:\/\/www.bellunopress.it\/#\/schema\/logo\/image\/","url":"https:\/\/www.bellunopress.it\/wp-content\/uploads\/2011\/05\/cropped-logo-bellunopress-.jpg","contentUrl":"https:\/\/www.bellunopress.it\/wp-content\/uploads\/2011\/05\/cropped-logo-bellunopress-.jpg","width":512,"height":512,"caption":"Bellunopress"},"image":{"@id":"https:\/\/www.bellunopress.it\/#\/schema\/logo\/image\/"},"sameAs":["https:\/\/www.facebook.com\/profile.php?id=100008943462799","https:\/\/x.com\/bellunopress","https:\/\/www.linkedin.com\/hp\/?dnr=JBzUWaJfMUw8vbXJJ2tVW5-I3jZKvC4wsoxE&amp;amp;amp;amp;amp;amp;trk=nav_responsive_tab_home","https:\/\/www.youtube.com\/channel\/UCxL0wu1uN0_3_7hGG0306cw"]},{"@type":"Person","@id":"https:\/\/www.bellunopress.it\/#\/schema\/person\/79bb06722b37ece1c03d3e94beb30d73","name":"r\u00e9daction","image":{"@type":"ImageObject","inLanguage":"fr-FR","@id":"https:\/\/secure.gravatar.com\/avatar\/37d968a2e67a6fd04c169c4bdef102d0bc5d31b2546345219e348575eb80e9a0?s=96&d=mm&r=g","url":"https:\/\/secure.gravatar.com\/avatar\/37d968a2e67a6fd04c169c4bdef102d0bc5d31b2546345219e348575eb80e9a0?s=96&d=mm&r=g","contentUrl":"https:\/\/secure.gravatar.com\/avatar\/37d968a2e67a6fd04c169c4bdef102d0bc5d31b2546345219e348575eb80e9a0?s=96&d=mm&r=g","caption":"redazione"},"sameAs":["http:\/\/www.bellunopress.it","https:\/\/x.com\/bellunopress"],"url":"https:\/\/www.bellunopress.it\/fr\/author\/redazione\/"}]}},"_links":{"self":[{"href":"https:\/\/www.bellunopress.it\/fr\/wp-json\/wp\/v2\/posts\/165143","targetHints":{"allow":["GET"]}}],"collection":[{"href":"https:\/\/www.bellunopress.it\/fr\/wp-json\/wp\/v2\/posts"}],"about":[{"href":"https:\/\/www.bellunopress.it\/fr\/wp-json\/wp\/v2\/types\/post"}],"author":[{"embeddable":true,"href":"https:\/\/www.bellunopress.it\/fr\/wp-json\/wp\/v2\/users\/2"}],"replies":[{"embeddable":true,"href":"https:\/\/www.bellunopress.it\/fr\/wp-json\/wp\/v2\/comments?post=165143"}],"version-history":[{"count":1,"href":"https:\/\/www.bellunopress.it\/fr\/wp-json\/wp\/v2\/posts\/165143\/revisions"}],"predecessor-version":[{"id":165145,"href":"https:\/\/www.bellunopress.it\/fr\/wp-json\/wp\/v2\/posts\/165143\/revisions\/165145"}],"wp:featuredmedia":[{"embeddable":true,"href":"https:\/\/www.bellunopress.it\/fr\/wp-json\/wp\/v2\/media\/165144"}],"wp:attachment":[{"href":"https:\/\/www.bellunopress.it\/fr\/wp-json\/wp\/v2\/media?parent=165143"}],"wp:term":[{"taxonomy":"category","embeddable":true,"href":"https:\/\/www.bellunopress.it\/fr\/wp-json\/wp\/v2\/categories?post=165143"},{"taxonomy":"post_tag","embeddable":true,"href":"https:\/\/www.bellunopress.it\/fr\/wp-json\/wp\/v2\/tags?post=165143"}],"curies":[{"name":"wp","href":"https:\/\/api.w.org\/{rel}","templated":true}]}}