{"id":165107,"date":"2025-11-22T20:38:00","date_gmt":"2025-11-22T19:38:00","guid":{"rendered":"https:\/\/www.bellunopress.it\/?p=165107"},"modified":"2025-11-22T20:41:35","modified_gmt":"2025-11-22T19:41:35","slug":"quarantacinque-donne-uccise-in-lombardia-in-2-anni-e-8-mesi-tra-il-1977-e-il-1980-una-scia-di-sangue-in-unitalia-forse-piu-crudele-di-oggi","status":"publish","type":"post","link":"https:\/\/www.bellunopress.it\/fr\/2025\/11\/22\/quarantacinque-donne-uccise-in-lombardia-in-2-anni-e-8-mesi-tra-il-1977-e-il-1980-una-scia-di-sangue-in-unitalia-forse-piu-crudele-di-oggi\/","title":{"rendered":"Quarantacinque donne uccise in Lombardia in 2 anni e 8 mesi tra il 1977 e il 1980. Una scia di sangue in un\u2019Italia forse pi\u00f9 crudele di oggi"},"content":{"rendered":"<p><img loading=\"lazy\" decoding=\"async\" class=\"aligncenter size-full wp-image-165108\" src=\"https:\/\/www.bellunopress.it\/wp-content\/uploads\/2025\/11\/omicidio-femminicidio_edited.jpg\" alt=\"\" width=\"576\" height=\"800\" srcset=\"https:\/\/www.bellunopress.it\/wp-content\/uploads\/2025\/11\/omicidio-femminicidio_edited.jpg 576w, https:\/\/www.bellunopress.it\/wp-content\/uploads\/2025\/11\/omicidio-femminicidio_edited-360x500.jpg 360w, https:\/\/www.bellunopress.it\/wp-content\/uploads\/2025\/11\/omicidio-femminicidio_edited-302x420.jpg 302w\" sizes=\"auto, (max-width: 576px) 100vw, 576px\" \/>Se l&#8217;Italia di oggi appare intrappolata in un raccapricciante &#8220;Far West&#8221; di femminicidi, amplificato costantemente dall&#8217;attenzione mediatica, \u00e8 fondamentale gettare uno sguardo al passato per una prospettiva storica. Non per alleggerire le responsabilit\u00e0 della societ\u00e0 odierna, ma per evidenziare come la percezione di un fenomeno possa essere distorta e, soprattutto, per ricordare che la piaga degli omicidi di donne era, in termini assoluti e proporzionali, peggio ancora di oggi.<\/p>\n<p>I dati emersi dalla cronaca di quarantacinque anni fa dipingono un quadro agghiacciante: nella sola Regione Lombardia, in un arco di tempo relativamente breve, tra il luglio del 1977 e l&#8217;aprile del 1980, furono contate 45 vittime femminili. Una media spaventosa che riporta alla memoria il volto pi\u00f9 oscuro e violento di un&#8217;Italia che troppo spesso dimentica i suoi &#8220;morti non mediatici&#8221;.<\/p>\n<p>L&#8217;ultimo nome a chiudere questa tragica sequenza, al 16 aprile 1980, \u00e8 quello di Orietta Ballabio Casati, 42 anni, barbaramente massacrata a martellate nella sua villa a Renate Brianza (oggi provincia di Monza e della Brianza). Orietta fu, in quei due anni e nove mesi, la quarantacinquesima donna a cadere sotto la violenza omicida. 45 omicidi in meno di tre anni in una singola regione gettano una luce sinistra sul tasso di criminalit\u00e0 dell&#8217;epoca.<\/p>\n<p>Sebbene i dati nazionali recenti parlino di circa 100-150 femminicidi l&#8217;anno in tutta Italia (circa 103 omicidi di donne in ambito familiare\/affettivo nel 2023), \u00e8 cruciale notare che negli anni &#8217;70 e &#8217;80 i tassi di omicidio totali in Italia erano significativamente pi\u00f9 alti rispetto a oggi. La violenza era pi\u00f9 diffusa e strutturale.Questo suggerisce che, mentre oggi l&#8217;attenzione \u00e8 focalizzata sulla specificit\u00e0 del &#8220;femminicidio&#8221; come fenomeno, l&#8217;alta frequenza degli omicidi di donne in quegli anni era parte di un contesto sociale complessivamente pi\u00f9 violento e meno sicuro, dove la vita di una donna era, se possibile, ancora pi\u00f9 a rischio.<\/p>\n<p>I nomi dellevVittime: la memoria della tragedia<\/p>\n<p>Ogni nome, un dramma. Ogni data, un luogo del dolore. L&#8217;elenco delle 45 vittime, dalla provincia di Varese a Sondrio, da Pavia a Milano, \u00e8 un monumento silenzioso alla crudelt\u00e0 inaudita che ha attraversato la Lombardia:<\/p>\n<table data-path-to-node=\"11\">\n<thead>\n<tr>\n<td><strong>Nome e Cognome<\/strong><\/td>\n<td><strong>Et\u00e0<\/strong><\/td>\n<td><strong>Luogo del delitto<\/strong><\/td>\n<td><strong>Data<\/strong><\/td>\n<\/tr>\n<\/thead>\n<tbody>\n<tr>\n<td data-path-to-node=\"11,1,0,0\"><b>Palmira Lattuada<\/b><\/td>\n<td data-path-to-node=\"11,1,1,0\">63<\/td>\n<td data-path-to-node=\"11,1,2,0\">Busto Arsizio<\/td>\n<td data-path-to-node=\"11,1,3,0\">15\/07\/1977<\/td>\n<\/tr>\n<tr>\n<td data-path-to-node=\"11,2,0,0\"><b>Esterina Starsieri<\/b><\/td>\n<td data-path-to-node=\"11,2,1,0\">56<\/td>\n<td data-path-to-node=\"11,2,2,0\">Cavaria<\/td>\n<td data-path-to-node=\"11,2,3,0\">26\/09\/1977<\/td>\n<\/tr>\n<tr>\n<td data-path-to-node=\"11,3,0,0\"><b>Adele Lazzaroni<\/b><\/td>\n<td data-path-to-node=\"11,3,1,0\">20<\/td>\n<td data-path-to-node=\"11,3,2,0\">Milano<\/td>\n<td data-path-to-node=\"11,3,3,0\">02\/10\/1977<\/td>\n<\/tr>\n<tr>\n<td data-path-to-node=\"11,4,0,0\"><b>Luisa Ghizzardi<\/b><\/td>\n<td data-path-to-node=\"11,4,1,0\">22<\/td>\n<td data-path-to-node=\"11,4,2,0\">Melegnano<\/td>\n<td data-path-to-node=\"11,4,3,0\">20\/10\/1977<\/td>\n<\/tr>\n<tr>\n<td data-path-to-node=\"11,5,0,0\"><b>Annetta Faretti<\/b><\/td>\n<td data-path-to-node=\"11,5,1,0\">62<\/td>\n<td data-path-to-node=\"11,5,2,0\">Voghera<\/td>\n<td data-path-to-node=\"11,5,3,0\">5\/11\/1977<\/td>\n<\/tr>\n<tr>\n<td data-path-to-node=\"11,6,0,0\"><b>Emilia De Ambrogi<\/b><\/td>\n<td data-path-to-node=\"11,6,1,0\">76<\/td>\n<td data-path-to-node=\"11,6,2,0\">Voghera<\/td>\n<td data-path-to-node=\"11,6,3,0\">28\/12\/1977<\/td>\n<\/tr>\n<tr>\n<td data-path-to-node=\"11,7,0,0\"><b>Enrica Repossi<\/b><\/td>\n<td data-path-to-node=\"11,7,1,0\">27<\/td>\n<td data-path-to-node=\"11,7,2,0\">Pavia<\/td>\n<td data-path-to-node=\"11,7,3,0\">2\/1\/1978<\/td>\n<\/tr>\n<tr>\n<td data-path-to-node=\"11,8,0,0\"><b>Lia Zennari<\/b><\/td>\n<td data-path-to-node=\"11,8,1,0\">24<\/td>\n<td data-path-to-node=\"11,8,2,0\">Milano<\/td>\n<td data-path-to-node=\"11,8,3,0\">15\/1\/1978<\/td>\n<\/tr>\n<tr>\n<td data-path-to-node=\"11,9,0,0\"><b>Rosa Bregia<\/b><\/td>\n<td data-path-to-node=\"11,9,1,0\">34<\/td>\n<td data-path-to-node=\"11,9,2,0\">Milano<\/td>\n<td data-path-to-node=\"11,9,3,0\">17\/1\/1978<\/td>\n<\/tr>\n<tr>\n<td data-path-to-node=\"11,10,0,0\"><b>Anna Carbone<\/b><\/td>\n<td data-path-to-node=\"11,10,1,0\">51<\/td>\n<td data-path-to-node=\"11,10,2,0\">Limbiate<\/td>\n<td data-path-to-node=\"11,10,3,0\">25\/1\/1978<\/td>\n<\/tr>\n<tr>\n<td data-path-to-node=\"11,11,0,0\"><b>Luigia De Ponti<\/b><\/td>\n<td data-path-to-node=\"11,11,1,0\">38<\/td>\n<td data-path-to-node=\"11,11,2,0\">Milano<\/td>\n<td data-path-to-node=\"11,11,3,0\">26\/02\/1978<\/td>\n<\/tr>\n<tr>\n<td data-path-to-node=\"11,12,0,0\"><b>Palmira Bigiotti<\/b><\/td>\n<td data-path-to-node=\"11,12,1,0\">19<\/td>\n<td data-path-to-node=\"11,12,2,0\">Sondrio<\/td>\n<td data-path-to-node=\"11,12,3,0\">15\/02\/1978<\/td>\n<\/tr>\n<tr>\n<td data-path-to-node=\"11,13,0,0\"><b>Vincenza Paglialonga<\/b><\/td>\n<td data-path-to-node=\"11,13,1,0\">50<\/td>\n<td data-path-to-node=\"11,13,2,0\">Bollate<\/td>\n<td data-path-to-node=\"11,13,3,0\">21\/04\/1978<\/td>\n<\/tr>\n<tr>\n<td data-path-to-node=\"11,14,0,0\"><b>Enza Vita Milano<\/b><\/td>\n<td data-path-to-node=\"11,14,1,0\">31<\/td>\n<td data-path-to-node=\"11,14,2,0\">Lurate Caccivio<\/td>\n<td data-path-to-node=\"11,14,3,0\">28\/04\/1978<\/td>\n<\/tr>\n<tr>\n<td data-path-to-node=\"11,15,0,0\"><b>Dolores Barea<\/b><\/td>\n<td data-path-to-node=\"11,15,1,0\">20<\/td>\n<td data-path-to-node=\"11,15,2,0\">Milano<\/td>\n<td data-path-to-node=\"11,15,3,0\">7\/5\/1978<\/td>\n<\/tr>\n<tr>\n<td data-path-to-node=\"11,16,0,0\"><b>Rita Cavagna<\/b><\/td>\n<td data-path-to-node=\"11,16,1,0\">27<\/td>\n<td data-path-to-node=\"11,16,2,0\">S.Pellegrino<\/td>\n<td data-path-to-node=\"11,16,3,0\">19\/6\/1978<\/td>\n<\/tr>\n<tr>\n<td data-path-to-node=\"11,17,0,0\"><b>Clara Onesi<\/b><\/td>\n<td data-path-to-node=\"11,17,1,0\">28<\/td>\n<td data-path-to-node=\"11,17,2,0\">Milano<\/td>\n<td data-path-to-node=\"11,17,3,0\">26\/6\/1978<\/td>\n<\/tr>\n<tr>\n<td data-path-to-node=\"11,18,0,0\"><b>Lucia Ruggeri<\/b><\/td>\n<td data-path-to-node=\"11,18,1,0\">34<\/td>\n<td data-path-to-node=\"11,18,2,0\">Milano<\/td>\n<td data-path-to-node=\"11,18,3,0\">10\/7\/1978<\/td>\n<\/tr>\n<tr>\n<td data-path-to-node=\"11,19,0,0\"><b>Maria Rosa Limonta<\/b><\/td>\n<td data-path-to-node=\"11,19,1,0\">83<\/td>\n<td data-path-to-node=\"11,19,2,0\">Besana Brianza<\/td>\n<td data-path-to-node=\"11,19,3,0\">4\/9\/1978<\/td>\n<\/tr>\n<tr>\n<td data-path-to-node=\"11,20,0,0\"><b>Liliana Racano<\/b><\/td>\n<td data-path-to-node=\"11,20,1,0\">20<\/td>\n<td data-path-to-node=\"11,20,2,0\">Milano<\/td>\n<td data-path-to-node=\"11,20,3,0\">5\/9\/1978<\/td>\n<\/tr>\n<tr>\n<td data-path-to-node=\"11,21,0,0\"><b>Rosa Orgiu<\/b><\/td>\n<td data-path-to-node=\"11,21,1,0\">28<\/td>\n<td data-path-to-node=\"11,21,2,0\">Pero<\/td>\n<td data-path-to-node=\"11,21,3,0\">20\/11\/1978<\/td>\n<\/tr>\n<tr>\n<td data-path-to-node=\"11,22,0,0\"><b>Natalina Masadri<\/b><\/td>\n<td data-path-to-node=\"11,22,1,0\">20<\/td>\n<td data-path-to-node=\"11,22,2,0\">Desenzano<\/td>\n<td data-path-to-node=\"11,22,3,0\">26\/11\/1978<\/td>\n<\/tr>\n<tr>\n<td data-path-to-node=\"11,23,0,0\"><b>Maria Beltrame<\/b><\/td>\n<td data-path-to-node=\"11,23,1,0\">50<\/td>\n<td data-path-to-node=\"11,23,2,0\">Vigevano<\/td>\n<td data-path-to-node=\"11,23,3,0\">16\/12\/1978<\/td>\n<\/tr>\n<tr>\n<td data-path-to-node=\"11,24,0,0\"><b>Emilia Redaelli Folina<\/b><\/td>\n<td data-path-to-node=\"11,24,1,0\">57<\/td>\n<td data-path-to-node=\"11,24,2,0\">Milano<\/td>\n<td data-path-to-node=\"11,24,3,0\">23\/12\/1978<\/td>\n<\/tr>\n<tr>\n<td data-path-to-node=\"11,25,0,0\"><b>Maria Curzio Puma<\/b><\/td>\n<td data-path-to-node=\"11,25,1,0\">84<\/td>\n<td data-path-to-node=\"11,25,2,0\">Bergamo<\/td>\n<td data-path-to-node=\"11,25,3,0\">28\/12\/1978<\/td>\n<\/tr>\n<tr>\n<td data-path-to-node=\"11,26,0,0\"><b>Anna Summo<\/b><\/td>\n<td data-path-to-node=\"11,26,1,0\">19<\/td>\n<td data-path-to-node=\"11,26,2,0\">Seregno<\/td>\n<td data-path-to-node=\"11,26,3,0\">20\/1\/1979<\/td>\n<\/tr>\n<tr>\n<td data-path-to-node=\"11,27,0,0\"><b>Anna e Wanda Galli<\/b><\/td>\n<td data-path-to-node=\"11,27,1,0\">67 e 66<\/td>\n<td data-path-to-node=\"11,27,2,0\">Milano<\/td>\n<td data-path-to-node=\"11,27,3,0\">21\/1\/1979<\/td>\n<\/tr>\n<tr>\n<td data-path-to-node=\"11,28,0,0\"><b>Morena Artiagoitia<\/b><\/td>\n<td data-path-to-node=\"11,28,1,0\">21<\/td>\n<td data-path-to-node=\"11,28,2,0\">Casteggio<\/td>\n<td data-path-to-node=\"11,28,3,0\">21\/04\/1979<\/td>\n<\/tr>\n<tr>\n<td data-path-to-node=\"11,29,0,0\"><b>Adele De Figlio<\/b><\/td>\n<td data-path-to-node=\"11,29,1,0\">40<\/td>\n<td data-path-to-node=\"11,29,2,0\">Milano<\/td>\n<td data-path-to-node=\"11,29,3,0\">29\/4\/1979<\/td>\n<\/tr>\n<tr>\n<td data-path-to-node=\"11,30,0,0\"><b>Stefanina Ghiroldi<\/b><\/td>\n<td data-path-to-node=\"11,30,1,0\">51<\/td>\n<td data-path-to-node=\"11,30,2,0\">Darfo<\/td>\n<td data-path-to-node=\"11,30,3,0\">12\/5\/1979<\/td>\n<\/tr>\n<tr>\n<td data-path-to-node=\"11,31,0,0\"><b>Luisa Finocchiaro<\/b><\/td>\n<td data-path-to-node=\"11,31,1,0\">45<\/td>\n<td data-path-to-node=\"11,31,2,0\">Milano<\/td>\n<td data-path-to-node=\"11,31,3,0\">29\/5\/1979<\/td>\n<\/tr>\n<tr>\n<td data-path-to-node=\"11,32,0,0\"><b>Francesca Strano e Ada Perrone<\/b><\/td>\n<td data-path-to-node=\"11,32,1,0\">48 e 69<\/td>\n<td data-path-to-node=\"11,32,2,0\">Milano<\/td>\n<td data-path-to-node=\"11,32,3,0\">1\/6\/1979<\/td>\n<\/tr>\n<tr>\n<td data-path-to-node=\"11,33,0,0\"><b>Maria Bosetto<\/b><\/td>\n<td data-path-to-node=\"11,33,1,0\">54<\/td>\n<td data-path-to-node=\"11,33,2,0\">Lainate<\/td>\n<td data-path-to-node=\"11,33,3,0\">13\/7\/1979<\/td>\n<\/tr>\n<tr>\n<td data-path-to-node=\"11,34,0,0\"><b>Maria Restelli<\/b><\/td>\n<td data-path-to-node=\"11,34,1,0\">46<\/td>\n<td data-path-to-node=\"11,34,2,0\">Arconate<\/td>\n<td data-path-to-node=\"11,34,3,0\">15\/10\/1979<\/td>\n<\/tr>\n<tr>\n<td data-path-to-node=\"11,35,0,0\"><b>Patrizia Mattiuzzi<\/b><\/td>\n<td data-path-to-node=\"11,35,1,0\">26<\/td>\n<td data-path-to-node=\"11,35,2,0\">Segrate<\/td>\n<td data-path-to-node=\"11,35,3,0\">19\/10\/1979<\/td>\n<\/tr>\n<tr>\n<td data-path-to-node=\"11,36,0,0\"><b>Maria Nocente<\/b><\/td>\n<td data-path-to-node=\"11,36,1,0\">29<\/td>\n<td data-path-to-node=\"11,36,2,0\">Milano<\/td>\n<td data-path-to-node=\"11,36,3,0\">28\/10\/1979<\/td>\n<\/tr>\n<tr>\n<td data-path-to-node=\"11,37,0,0\"><b>Silvia Villa<\/b><\/td>\n<td data-path-to-node=\"11,37,1,0\">19<\/td>\n<td data-path-to-node=\"11,37,2,0\">Milano<\/td>\n<td data-path-to-node=\"11,37,3,0\">9\/11\/1979<\/td>\n<\/tr>\n<tr>\n<td data-path-to-node=\"11,38,0,0\"><b>Tiziana Cozzi<\/b><\/td>\n<td data-path-to-node=\"11,38,1,0\">26<\/td>\n<td data-path-to-node=\"11,38,2,0\">Garbagnate<\/td>\n<td data-path-to-node=\"11,38,3,0\">30\/11\/1979<\/td>\n<\/tr>\n<tr>\n<td data-path-to-node=\"11,39,0,0\"><b>Adele Bianchi<\/b><\/td>\n<td data-path-to-node=\"11,39,1,0\">49<\/td>\n<td data-path-to-node=\"11,39,2,0\">Fagnano Olona<\/td>\n<td data-path-to-node=\"11,39,3,0\">29\/11\/1979<\/td>\n<\/tr>\n<tr>\n<td data-path-to-node=\"11,40,0,0\"><b>Rita Zanagnolo<\/b><\/td>\n<td data-path-to-node=\"11,40,1,0\">57<\/td>\n<td data-path-to-node=\"11,40,2,0\">Lumezzane<\/td>\n<td data-path-to-node=\"11,40,3,0\">5\/12\/1979<\/td>\n<\/tr>\n<tr>\n<td data-path-to-node=\"11,41,0,0\"><b>Maria Cristina Navarro<\/b><\/td>\n<td data-path-to-node=\"11,41,1,0\">26<\/td>\n<td data-path-to-node=\"11,41,2,0\">Milano<\/td>\n<td data-path-to-node=\"11,41,3,0\">19\/1\/1980<\/td>\n<\/tr>\n<tr>\n<td data-path-to-node=\"11,42,0,0\"><b>Ornella Pagliacci<\/b><\/td>\n<td data-path-to-node=\"11,42,1,0\">26<\/td>\n<td data-path-to-node=\"11,42,2,0\">Melegnano<\/td>\n<td data-path-to-node=\"11,42,3,0\">26\/2\/1980<\/td>\n<\/tr>\n<tr>\n<td data-path-to-node=\"11,43,0,0\"><b>Carla Carbone<\/b><\/td>\n<td data-path-to-node=\"11,43,1,0\">36<\/td>\n<td data-path-to-node=\"11,43,2,0\">Garlasco<\/td>\n<td data-path-to-node=\"11,43,3,0\">28\/2\/1980<\/td>\n<\/tr>\n<tr>\n<td data-path-to-node=\"11,44,0,0\"><b>Maria Liberato Gallo<\/b><\/td>\n<td data-path-to-node=\"11,44,1,0\">32<\/td>\n<td data-path-to-node=\"11,44,2,0\">Lainate<\/td>\n<td data-path-to-node=\"11,44,3,0\">3\/2\/1980<\/td>\n<\/tr>\n<tr>\n<td data-path-to-node=\"11,45,0,0\"><b>Orietta Ballabio Casati<\/b><\/td>\n<td data-path-to-node=\"11,45,1,0\">42<\/td>\n<td data-path-to-node=\"11,45,2,0\">Renate Brianza<\/td>\n<td data-path-to-node=\"11,45,3,0\">16\/04\/1980<\/td>\n<\/tr>\n<\/tbody>\n<\/table>\n<p>&nbsp;<\/p>\n<p>Il confronto storico non \u00e8 un esercizio di cinismo, ma un monito. Se oggi la sensibilizzazione \u00e8 alta e la violenza contro le donne ha un nome specifico, &#8220;femminicidio&#8221;, che ne riconosce la radice di genere, decenni fa l&#8217;alta frequenza di questi delitti era trattata spesso come semplice cronaca nera, priva di quella consapevolezza sociale e politica che oggi, almeno, ci spinge a parlarne, a denunciarlo e a combatterlo con strumenti legislativi e culturali dedicati.La storia di queste 45 donne non deve solo servire a calibrare la nostra percezione, ma soprattutto a ricordare che la lotta contro la violenza di genere non \u00e8 un&#8217;emergenza solo del presente, ma una battaglia che dura da decenni e che esige un impegno costante.<\/p>\n<p>(rdn)<\/p>","protected":false},"excerpt":{"rendered":"<p>Se l&#8217;Italia di oggi appare intrappolata in un raccapricciante &#8220;Far West&#8221; di femminicidi, amplificato costantemente dall&#8217;attenzione mediatica, \u00e8 fondamentale gettare uno sguardo al passato per una prospettiva storica. Non per alleggerire le responsabilit\u00e0 della societ\u00e0 odierna, ma per evidenziare come la percezione di un fenomeno possa essere distorta e, soprattutto, per ricordare che la piaga [&hellip;]<\/p>\n","protected":false},"author":2,"featured_media":165108,"comment_status":"closed","ping_status":"open","sticky":false,"template":"","format":"standard","meta":{"footnotes":""},"categories":[3446,26,8],"tags":[],"class_list":["post-165107","post","type-post","status-publish","format-standard","has-post-thumbnail","category-featured","category-prima-pagina","category-societa-istituzioni"],"yoast_head":"<!-- This site is optimized with the Yoast SEO plugin v28.4 - https:\/\/yoast.com\/product\/yoast-seo-wordpress\/ -->\n<title>Quarantacinque donne uccise in Lombardia in 2 anni e 8 mesi tra il 1977 e il 1980. Una scia di sangue in un\u2019Italia forse pi\u00f9 crudele di oggi - Bellunopress - Dolomiti<\/title>\n<meta name=\"robots\" content=\"index, follow, max-snippet:-1, max-image-preview:large, max-video-preview:-1\" \/>\n<link rel=\"canonical\" href=\"https:\/\/www.bellunopress.it\/fr\/2025\/11\/22\/quarantacinque-donne-uccise-in-lombardia-in-2-anni-e-8-mesi-tra-il-1977-e-il-1980-una-scia-di-sangue-in-unitalia-forse-piu-crudele-di-oggi\/\" \/>\n<meta property=\"og:locale\" content=\"fr_FR\" \/>\n<meta property=\"og:type\" content=\"article\" \/>\n<meta property=\"og:title\" content=\"Quarantacinque donne uccise in Lombardia in 2 anni e 8 mesi tra il 1977 e il 1980. Una scia di sangue in un\u2019Italia forse pi\u00f9 crudele di oggi - Bellunopress - Dolomiti\" \/>\n<meta property=\"og:description\" content=\"Se l&#8217;Italia di oggi appare intrappolata in un raccapricciante &#8220;Far West&#8221; di femminicidi, amplificato costantemente dall&#8217;attenzione mediatica, \u00e8 fondamentale gettare uno sguardo al passato per una prospettiva storica. Non per alleggerire le responsabilit\u00e0 della societ\u00e0 odierna, ma per evidenziare come la percezione di un fenomeno possa essere distorta e, soprattutto, per ricordare che la piaga [&hellip;]\" \/>\n<meta property=\"og:url\" content=\"https:\/\/www.bellunopress.it\/fr\/2025\/11\/22\/quarantacinque-donne-uccise-in-lombardia-in-2-anni-e-8-mesi-tra-il-1977-e-il-1980-una-scia-di-sangue-in-unitalia-forse-piu-crudele-di-oggi\/\" \/>\n<meta property=\"og:site_name\" content=\"Bellunopress - Dolomiti\" \/>\n<meta property=\"article:publisher\" content=\"https:\/\/www.facebook.com\/profile.php?id=100008943462799\" \/>\n<meta property=\"article:published_time\" content=\"2025-11-22T19:38:00+00:00\" \/>\n<meta property=\"article:modified_time\" content=\"2025-11-22T19:41:35+00:00\" \/>\n<meta property=\"og:image\" content=\"https:\/\/www.bellunopress.it\/wp-content\/uploads\/2025\/11\/omicidio-femminicidio_edited.jpg\" \/>\n\t<meta property=\"og:image:width\" content=\"576\" \/>\n\t<meta property=\"og:image:height\" content=\"800\" \/>\n\t<meta property=\"og:image:type\" content=\"image\/jpeg\" \/>\n<meta name=\"author\" content=\"redazione\" \/>\n<meta name=\"twitter:card\" content=\"summary_large_image\" \/>\n<meta name=\"twitter:creator\" content=\"@bellunopress\" \/>\n<meta name=\"twitter:site\" content=\"@bellunopress\" \/>\n<meta name=\"twitter:label1\" content=\"\u00c9crit par\" \/>\n\t<meta name=\"twitter:data1\" content=\"redazione\" \/>\n\t<meta name=\"twitter:label2\" content=\"Dur\u00e9e de lecture estim\u00e9e\" \/>\n\t<meta name=\"twitter:data2\" content=\"3 minutes\" \/>\n<script type=\"application\/ld+json\" class=\"yoast-schema-graph\">{\"@context\":\"https:\\\/\\\/schema.org\",\"@graph\":[{\"@type\":\"Article\",\"@id\":\"https:\\\/\\\/www.bellunopress.it\\\/2025\\\/11\\\/22\\\/quarantacinque-donne-uccise-in-lombardia-in-2-anni-e-8-mesi-tra-il-1977-e-il-1980-una-scia-di-sangue-in-unitalia-forse-piu-crudele-di-oggi\\\/#article\",\"isPartOf\":{\"@id\":\"https:\\\/\\\/www.bellunopress.it\\\/2025\\\/11\\\/22\\\/quarantacinque-donne-uccise-in-lombardia-in-2-anni-e-8-mesi-tra-il-1977-e-il-1980-una-scia-di-sangue-in-unitalia-forse-piu-crudele-di-oggi\\\/\"},\"author\":{\"name\":\"redazione\",\"@id\":\"https:\\\/\\\/www.bellunopress.it\\\/#\\\/schema\\\/person\\\/79bb06722b37ece1c03d3e94beb30d73\"},\"headline\":\"Quarantacinque donne uccise in Lombardia in 2 anni e 8 mesi tra il 1977 e il 1980. Una scia di sangue in un\u2019Italia forse pi\u00f9 crudele di oggi\",\"datePublished\":\"2025-11-22T19:38:00+00:00\",\"dateModified\":\"2025-11-22T19:41:35+00:00\",\"mainEntityOfPage\":{\"@id\":\"https:\\\/\\\/www.bellunopress.it\\\/2025\\\/11\\\/22\\\/quarantacinque-donne-uccise-in-lombardia-in-2-anni-e-8-mesi-tra-il-1977-e-il-1980-una-scia-di-sangue-in-unitalia-forse-piu-crudele-di-oggi\\\/\"},\"wordCount\":656,\"publisher\":{\"@id\":\"https:\\\/\\\/www.bellunopress.it\\\/#organization\"},\"image\":{\"@id\":\"https:\\\/\\\/www.bellunopress.it\\\/2025\\\/11\\\/22\\\/quarantacinque-donne-uccise-in-lombardia-in-2-anni-e-8-mesi-tra-il-1977-e-il-1980-una-scia-di-sangue-in-unitalia-forse-piu-crudele-di-oggi\\\/#primaryimage\"},\"thumbnailUrl\":\"https:\\\/\\\/www.bellunopress.it\\\/wp-content\\\/uploads\\\/2025\\\/11\\\/omicidio-femminicidio_edited.jpg\",\"articleSection\":[\"Featured\",\"Prima Pagina\",\"Societ\u00e0, Associazioni, Istituzioni\"],\"inLanguage\":\"fr-FR\"},{\"@type\":\"WebPage\",\"@id\":\"https:\\\/\\\/www.bellunopress.it\\\/2025\\\/11\\\/22\\\/quarantacinque-donne-uccise-in-lombardia-in-2-anni-e-8-mesi-tra-il-1977-e-il-1980-una-scia-di-sangue-in-unitalia-forse-piu-crudele-di-oggi\\\/\",\"url\":\"https:\\\/\\\/www.bellunopress.it\\\/2025\\\/11\\\/22\\\/quarantacinque-donne-uccise-in-lombardia-in-2-anni-e-8-mesi-tra-il-1977-e-il-1980-una-scia-di-sangue-in-unitalia-forse-piu-crudele-di-oggi\\\/\",\"name\":\"Quarantacinque donne uccise in Lombardia in 2 anni e 8 mesi tra il 1977 e il 1980. Una scia di sangue in un\u2019Italia forse pi\u00f9 crudele di oggi - Bellunopress - Dolomiti\",\"isPartOf\":{\"@id\":\"https:\\\/\\\/www.bellunopress.it\\\/#website\"},\"primaryImageOfPage\":{\"@id\":\"https:\\\/\\\/www.bellunopress.it\\\/2025\\\/11\\\/22\\\/quarantacinque-donne-uccise-in-lombardia-in-2-anni-e-8-mesi-tra-il-1977-e-il-1980-una-scia-di-sangue-in-unitalia-forse-piu-crudele-di-oggi\\\/#primaryimage\"},\"image\":{\"@id\":\"https:\\\/\\\/www.bellunopress.it\\\/2025\\\/11\\\/22\\\/quarantacinque-donne-uccise-in-lombardia-in-2-anni-e-8-mesi-tra-il-1977-e-il-1980-una-scia-di-sangue-in-unitalia-forse-piu-crudele-di-oggi\\\/#primaryimage\"},\"thumbnailUrl\":\"https:\\\/\\\/www.bellunopress.it\\\/wp-content\\\/uploads\\\/2025\\\/11\\\/omicidio-femminicidio_edited.jpg\",\"datePublished\":\"2025-11-22T19:38:00+00:00\",\"dateModified\":\"2025-11-22T19:41:35+00:00\",\"breadcrumb\":{\"@id\":\"https:\\\/\\\/www.bellunopress.it\\\/2025\\\/11\\\/22\\\/quarantacinque-donne-uccise-in-lombardia-in-2-anni-e-8-mesi-tra-il-1977-e-il-1980-una-scia-di-sangue-in-unitalia-forse-piu-crudele-di-oggi\\\/#breadcrumb\"},\"inLanguage\":\"fr-FR\",\"potentialAction\":[{\"@type\":\"ReadAction\",\"target\":[\"https:\\\/\\\/www.bellunopress.it\\\/2025\\\/11\\\/22\\\/quarantacinque-donne-uccise-in-lombardia-in-2-anni-e-8-mesi-tra-il-1977-e-il-1980-una-scia-di-sangue-in-unitalia-forse-piu-crudele-di-oggi\\\/\"]}]},{\"@type\":\"ImageObject\",\"inLanguage\":\"fr-FR\",\"@id\":\"https:\\\/\\\/www.bellunopress.it\\\/2025\\\/11\\\/22\\\/quarantacinque-donne-uccise-in-lombardia-in-2-anni-e-8-mesi-tra-il-1977-e-il-1980-una-scia-di-sangue-in-unitalia-forse-piu-crudele-di-oggi\\\/#primaryimage\",\"url\":\"https:\\\/\\\/www.bellunopress.it\\\/wp-content\\\/uploads\\\/2025\\\/11\\\/omicidio-femminicidio_edited.jpg\",\"contentUrl\":\"https:\\\/\\\/www.bellunopress.it\\\/wp-content\\\/uploads\\\/2025\\\/11\\\/omicidio-femminicidio_edited.jpg\",\"width\":576,\"height\":800},{\"@type\":\"BreadcrumbList\",\"@id\":\"https:\\\/\\\/www.bellunopress.it\\\/2025\\\/11\\\/22\\\/quarantacinque-donne-uccise-in-lombardia-in-2-anni-e-8-mesi-tra-il-1977-e-il-1980-una-scia-di-sangue-in-unitalia-forse-piu-crudele-di-oggi\\\/#breadcrumb\",\"itemListElement\":[{\"@type\":\"ListItem\",\"position\":1,\"name\":\"Home\",\"item\":\"https:\\\/\\\/www.bellunopress.it\\\/\"},{\"@type\":\"ListItem\",\"position\":2,\"name\":\"Quarantacinque donne uccise in Lombardia in 2 anni e 8 mesi tra il 1977 e il 1980. Una scia di sangue in un\u2019Italia forse pi\u00f9 crudele di oggi\"}]},{\"@type\":\"WebSite\",\"@id\":\"https:\\\/\\\/www.bellunopress.it\\\/#website\",\"url\":\"https:\\\/\\\/www.bellunopress.it\\\/\",\"name\":\"Bellunopress - Dolomiti\",\"description\":\"e-mail: redazione@bellunopress.it\",\"publisher\":{\"@id\":\"https:\\\/\\\/www.bellunopress.it\\\/#organization\"},\"potentialAction\":[{\"@type\":\"SearchAction\",\"target\":{\"@type\":\"EntryPoint\",\"urlTemplate\":\"https:\\\/\\\/www.bellunopress.it\\\/?s={search_term_string}\"},\"query-input\":{\"@type\":\"PropertyValueSpecification\",\"valueRequired\":true,\"valueName\":\"search_term_string\"}}],\"inLanguage\":\"fr-FR\"},{\"@type\":\"Organization\",\"@id\":\"https:\\\/\\\/www.bellunopress.it\\\/#organization\",\"name\":\"Bellunopress\",\"url\":\"https:\\\/\\\/www.bellunopress.it\\\/\",\"logo\":{\"@type\":\"ImageObject\",\"inLanguage\":\"fr-FR\",\"@id\":\"https:\\\/\\\/www.bellunopress.it\\\/#\\\/schema\\\/logo\\\/image\\\/\",\"url\":\"https:\\\/\\\/www.bellunopress.it\\\/wp-content\\\/uploads\\\/2011\\\/05\\\/cropped-logo-bellunopress-.jpg\",\"contentUrl\":\"https:\\\/\\\/www.bellunopress.it\\\/wp-content\\\/uploads\\\/2011\\\/05\\\/cropped-logo-bellunopress-.jpg\",\"width\":512,\"height\":512,\"caption\":\"Bellunopress\"},\"image\":{\"@id\":\"https:\\\/\\\/www.bellunopress.it\\\/#\\\/schema\\\/logo\\\/image\\\/\"},\"sameAs\":[\"https:\\\/\\\/www.facebook.com\\\/profile.php?id=100008943462799\",\"https:\\\/\\\/x.com\\\/bellunopress\",\"https:\\\/\\\/www.linkedin.com\\\/hp\\\/?dnr=JBzUWaJfMUw8vbXJJ2tVW5-I3jZKvC4wsoxE&amp;amp;amp;amp;amp;amp;trk=nav_responsive_tab_home\",\"https:\\\/\\\/www.youtube.com\\\/channel\\\/UCxL0wu1uN0_3_7hGG0306cw\"]},{\"@type\":\"Person\",\"@id\":\"https:\\\/\\\/www.bellunopress.it\\\/#\\\/schema\\\/person\\\/79bb06722b37ece1c03d3e94beb30d73\",\"name\":\"redazione\",\"image\":{\"@type\":\"ImageObject\",\"inLanguage\":\"fr-FR\",\"@id\":\"https:\\\/\\\/secure.gravatar.com\\\/avatar\\\/37d968a2e67a6fd04c169c4bdef102d0bc5d31b2546345219e348575eb80e9a0?s=96&d=mm&r=g\",\"url\":\"https:\\\/\\\/secure.gravatar.com\\\/avatar\\\/37d968a2e67a6fd04c169c4bdef102d0bc5d31b2546345219e348575eb80e9a0?s=96&d=mm&r=g\",\"contentUrl\":\"https:\\\/\\\/secure.gravatar.com\\\/avatar\\\/37d968a2e67a6fd04c169c4bdef102d0bc5d31b2546345219e348575eb80e9a0?s=96&d=mm&r=g\",\"caption\":\"redazione\"},\"sameAs\":[\"http:\\\/\\\/www.bellunopress.it\",\"https:\\\/\\\/x.com\\\/bellunopress\"],\"url\":\"https:\\\/\\\/www.bellunopress.it\\\/fr\\\/author\\\/redazione\\\/\"}]}<\/script>\n<!-- \/ Yoast SEO plugin. -->","yoast_head_json":{"title":"Quarantacinque donne uccise in Lombardia in 2 anni e 8 mesi tra il 1977 e il 1980. Una scia di sangue in un\u2019Italia forse pi\u00f9 crudele di oggi - Bellunopress - Dolomiti","robots":{"index":"index","follow":"follow","max-snippet":"max-snippet:-1","max-image-preview":"max-image-preview:large","max-video-preview":"max-video-preview:-1"},"canonical":"https:\/\/www.bellunopress.it\/fr\/2025\/11\/22\/quarantacinque-donne-uccise-in-lombardia-in-2-anni-e-8-mesi-tra-il-1977-e-il-1980-una-scia-di-sangue-in-unitalia-forse-piu-crudele-di-oggi\/","og_locale":"fr_FR","og_type":"article","og_title":"Quarantacinque donne uccise in Lombardia in 2 anni e 8 mesi tra il 1977 e il 1980. Una scia di sangue in un\u2019Italia forse pi\u00f9 crudele di oggi - Bellunopress - Dolomiti","og_description":"Se l&#8217;Italia di oggi appare intrappolata in un raccapricciante &#8220;Far West&#8221; di femminicidi, amplificato costantemente dall&#8217;attenzione mediatica, \u00e8 fondamentale gettare uno sguardo al passato per una prospettiva storica. Non per alleggerire le responsabilit\u00e0 della societ\u00e0 odierna, ma per evidenziare come la percezione di un fenomeno possa essere distorta e, soprattutto, per ricordare che la piaga [&hellip;]","og_url":"https:\/\/www.bellunopress.it\/fr\/2025\/11\/22\/quarantacinque-donne-uccise-in-lombardia-in-2-anni-e-8-mesi-tra-il-1977-e-il-1980-una-scia-di-sangue-in-unitalia-forse-piu-crudele-di-oggi\/","og_site_name":"Bellunopress - Dolomiti","article_publisher":"https:\/\/www.facebook.com\/profile.php?id=100008943462799","article_published_time":"2025-11-22T19:38:00+00:00","article_modified_time":"2025-11-22T19:41:35+00:00","og_image":[{"width":576,"height":800,"url":"https:\/\/www.bellunopress.it\/wp-content\/uploads\/2025\/11\/omicidio-femminicidio_edited.jpg","type":"image\/jpeg"}],"author":"redazione","twitter_card":"summary_large_image","twitter_creator":"@bellunopress","twitter_site":"@bellunopress","twitter_misc":{"\u00c9crit par":"redazione","Dur\u00e9e de lecture estim\u00e9e":"3 minutes"},"schema":{"@context":"https:\/\/schema.org","@graph":[{"@type":"Article","@id":"https:\/\/www.bellunopress.it\/2025\/11\/22\/quarantacinque-donne-uccise-in-lombardia-in-2-anni-e-8-mesi-tra-il-1977-e-il-1980-una-scia-di-sangue-in-unitalia-forse-piu-crudele-di-oggi\/#article","isPartOf":{"@id":"https:\/\/www.bellunopress.it\/2025\/11\/22\/quarantacinque-donne-uccise-in-lombardia-in-2-anni-e-8-mesi-tra-il-1977-e-il-1980-una-scia-di-sangue-in-unitalia-forse-piu-crudele-di-oggi\/"},"author":{"name":"redazione","@id":"https:\/\/www.bellunopress.it\/#\/schema\/person\/79bb06722b37ece1c03d3e94beb30d73"},"headline":"Quarantacinque donne uccise in Lombardia in 2 anni e 8 mesi tra il 1977 e il 1980. Una scia di sangue in un\u2019Italia forse pi\u00f9 crudele di oggi","datePublished":"2025-11-22T19:38:00+00:00","dateModified":"2025-11-22T19:41:35+00:00","mainEntityOfPage":{"@id":"https:\/\/www.bellunopress.it\/2025\/11\/22\/quarantacinque-donne-uccise-in-lombardia-in-2-anni-e-8-mesi-tra-il-1977-e-il-1980-una-scia-di-sangue-in-unitalia-forse-piu-crudele-di-oggi\/"},"wordCount":656,"publisher":{"@id":"https:\/\/www.bellunopress.it\/#organization"},"image":{"@id":"https:\/\/www.bellunopress.it\/2025\/11\/22\/quarantacinque-donne-uccise-in-lombardia-in-2-anni-e-8-mesi-tra-il-1977-e-il-1980-una-scia-di-sangue-in-unitalia-forse-piu-crudele-di-oggi\/#primaryimage"},"thumbnailUrl":"https:\/\/www.bellunopress.it\/wp-content\/uploads\/2025\/11\/omicidio-femminicidio_edited.jpg","articleSection":["Featured","Prima Pagina","Societ\u00e0, Associazioni, Istituzioni"],"inLanguage":"fr-FR"},{"@type":"WebPage","@id":"https:\/\/www.bellunopress.it\/2025\/11\/22\/quarantacinque-donne-uccise-in-lombardia-in-2-anni-e-8-mesi-tra-il-1977-e-il-1980-una-scia-di-sangue-in-unitalia-forse-piu-crudele-di-oggi\/","url":"https:\/\/www.bellunopress.it\/2025\/11\/22\/quarantacinque-donne-uccise-in-lombardia-in-2-anni-e-8-mesi-tra-il-1977-e-il-1980-una-scia-di-sangue-in-unitalia-forse-piu-crudele-di-oggi\/","name":"Quarantacinque donne uccise in Lombardia in 2 anni e 8 mesi tra il 1977 e il 1980. Una scia di sangue in un\u2019Italia forse pi\u00f9 crudele di oggi - Bellunopress - Dolomiti","isPartOf":{"@id":"https:\/\/www.bellunopress.it\/#website"},"primaryImageOfPage":{"@id":"https:\/\/www.bellunopress.it\/2025\/11\/22\/quarantacinque-donne-uccise-in-lombardia-in-2-anni-e-8-mesi-tra-il-1977-e-il-1980-una-scia-di-sangue-in-unitalia-forse-piu-crudele-di-oggi\/#primaryimage"},"image":{"@id":"https:\/\/www.bellunopress.it\/2025\/11\/22\/quarantacinque-donne-uccise-in-lombardia-in-2-anni-e-8-mesi-tra-il-1977-e-il-1980-una-scia-di-sangue-in-unitalia-forse-piu-crudele-di-oggi\/#primaryimage"},"thumbnailUrl":"https:\/\/www.bellunopress.it\/wp-content\/uploads\/2025\/11\/omicidio-femminicidio_edited.jpg","datePublished":"2025-11-22T19:38:00+00:00","dateModified":"2025-11-22T19:41:35+00:00","breadcrumb":{"@id":"https:\/\/www.bellunopress.it\/2025\/11\/22\/quarantacinque-donne-uccise-in-lombardia-in-2-anni-e-8-mesi-tra-il-1977-e-il-1980-una-scia-di-sangue-in-unitalia-forse-piu-crudele-di-oggi\/#breadcrumb"},"inLanguage":"fr-FR","potentialAction":[{"@type":"ReadAction","target":["https:\/\/www.bellunopress.it\/2025\/11\/22\/quarantacinque-donne-uccise-in-lombardia-in-2-anni-e-8-mesi-tra-il-1977-e-il-1980-una-scia-di-sangue-in-unitalia-forse-piu-crudele-di-oggi\/"]}]},{"@type":"ImageObject","inLanguage":"fr-FR","@id":"https:\/\/www.bellunopress.it\/2025\/11\/22\/quarantacinque-donne-uccise-in-lombardia-in-2-anni-e-8-mesi-tra-il-1977-e-il-1980-una-scia-di-sangue-in-unitalia-forse-piu-crudele-di-oggi\/#primaryimage","url":"https:\/\/www.bellunopress.it\/wp-content\/uploads\/2025\/11\/omicidio-femminicidio_edited.jpg","contentUrl":"https:\/\/www.bellunopress.it\/wp-content\/uploads\/2025\/11\/omicidio-femminicidio_edited.jpg","width":576,"height":800},{"@type":"BreadcrumbList","@id":"https:\/\/www.bellunopress.it\/2025\/11\/22\/quarantacinque-donne-uccise-in-lombardia-in-2-anni-e-8-mesi-tra-il-1977-e-il-1980-una-scia-di-sangue-in-unitalia-forse-piu-crudele-di-oggi\/#breadcrumb","itemListElement":[{"@type":"ListItem","position":1,"name":"Home","item":"https:\/\/www.bellunopress.it\/"},{"@type":"ListItem","position":2,"name":"Quarantacinque donne uccise in Lombardia in 2 anni e 8 mesi tra il 1977 e il 1980. Una scia di sangue in un\u2019Italia forse pi\u00f9 crudele di oggi"}]},{"@type":"WebSite","@id":"https:\/\/www.bellunopress.it\/#website","url":"https:\/\/www.bellunopress.it\/","name":"Bellunopress - Dolomiti","description":"e-mail: redazione@bellunopress.it","publisher":{"@id":"https:\/\/www.bellunopress.it\/#organization"},"potentialAction":[{"@type":"SearchAction","target":{"@type":"EntryPoint","urlTemplate":"https:\/\/www.bellunopress.it\/?s={search_term_string}"},"query-input":{"@type":"PropertyValueSpecification","valueRequired":true,"valueName":"search_term_string"}}],"inLanguage":"fr-FR"},{"@type":"Organization","@id":"https:\/\/www.bellunopress.it\/#organization","name":"Bellunopress","url":"https:\/\/www.bellunopress.it\/","logo":{"@type":"ImageObject","inLanguage":"fr-FR","@id":"https:\/\/www.bellunopress.it\/#\/schema\/logo\/image\/","url":"https:\/\/www.bellunopress.it\/wp-content\/uploads\/2011\/05\/cropped-logo-bellunopress-.jpg","contentUrl":"https:\/\/www.bellunopress.it\/wp-content\/uploads\/2011\/05\/cropped-logo-bellunopress-.jpg","width":512,"height":512,"caption":"Bellunopress"},"image":{"@id":"https:\/\/www.bellunopress.it\/#\/schema\/logo\/image\/"},"sameAs":["https:\/\/www.facebook.com\/profile.php?id=100008943462799","https:\/\/x.com\/bellunopress","https:\/\/www.linkedin.com\/hp\/?dnr=JBzUWaJfMUw8vbXJJ2tVW5-I3jZKvC4wsoxE&amp;amp;amp;amp;amp;amp;trk=nav_responsive_tab_home","https:\/\/www.youtube.com\/channel\/UCxL0wu1uN0_3_7hGG0306cw"]},{"@type":"Person","@id":"https:\/\/www.bellunopress.it\/#\/schema\/person\/79bb06722b37ece1c03d3e94beb30d73","name":"r\u00e9daction","image":{"@type":"ImageObject","inLanguage":"fr-FR","@id":"https:\/\/secure.gravatar.com\/avatar\/37d968a2e67a6fd04c169c4bdef102d0bc5d31b2546345219e348575eb80e9a0?s=96&d=mm&r=g","url":"https:\/\/secure.gravatar.com\/avatar\/37d968a2e67a6fd04c169c4bdef102d0bc5d31b2546345219e348575eb80e9a0?s=96&d=mm&r=g","contentUrl":"https:\/\/secure.gravatar.com\/avatar\/37d968a2e67a6fd04c169c4bdef102d0bc5d31b2546345219e348575eb80e9a0?s=96&d=mm&r=g","caption":"redazione"},"sameAs":["http:\/\/www.bellunopress.it","https:\/\/x.com\/bellunopress"],"url":"https:\/\/www.bellunopress.it\/fr\/author\/redazione\/"}]}},"_links":{"self":[{"href":"https:\/\/www.bellunopress.it\/fr\/wp-json\/wp\/v2\/posts\/165107","targetHints":{"allow":["GET"]}}],"collection":[{"href":"https:\/\/www.bellunopress.it\/fr\/wp-json\/wp\/v2\/posts"}],"about":[{"href":"https:\/\/www.bellunopress.it\/fr\/wp-json\/wp\/v2\/types\/post"}],"author":[{"embeddable":true,"href":"https:\/\/www.bellunopress.it\/fr\/wp-json\/wp\/v2\/users\/2"}],"replies":[{"embeddable":true,"href":"https:\/\/www.bellunopress.it\/fr\/wp-json\/wp\/v2\/comments?post=165107"}],"version-history":[{"count":1,"href":"https:\/\/www.bellunopress.it\/fr\/wp-json\/wp\/v2\/posts\/165107\/revisions"}],"predecessor-version":[{"id":165109,"href":"https:\/\/www.bellunopress.it\/fr\/wp-json\/wp\/v2\/posts\/165107\/revisions\/165109"}],"wp:featuredmedia":[{"embeddable":true,"href":"https:\/\/www.bellunopress.it\/fr\/wp-json\/wp\/v2\/media\/165108"}],"wp:attachment":[{"href":"https:\/\/www.bellunopress.it\/fr\/wp-json\/wp\/v2\/media?parent=165107"}],"wp:term":[{"taxonomy":"category","embeddable":true,"href":"https:\/\/www.bellunopress.it\/fr\/wp-json\/wp\/v2\/categories?post=165107"},{"taxonomy":"post_tag","embeddable":true,"href":"https:\/\/www.bellunopress.it\/fr\/wp-json\/wp\/v2\/tags?post=165107"}],"curies":[{"name":"wp","href":"https:\/\/api.w.org\/{rel}","templated":true}]}}