{"id":165104,"date":"2025-11-22T13:46:03","date_gmt":"2025-11-22T12:46:03","guid":{"rendered":"https:\/\/www.bellunopress.it\/?p=165104"},"modified":"2025-11-23T14:22:16","modified_gmt":"2025-11-23T13:22:16","slug":"sorvolo-del-turboelica-militare-casa-c-295m-grosseto-cracovia","status":"publish","type":"post","link":"https:\/\/www.bellunopress.it\/fr\/2025\/11\/22\/sorvolo-del-turboelica-militare-casa-c-295m-grosseto-cracovia\/","title":{"rendered":"Sorvolo del turboelica militare Casa C-295M Grosseto-Cracovia"},"content":{"rendered":"<figure id=\"attachment_165105\" aria-describedby=\"caption-attachment-165105\" style=\"width: 767px\" class=\"wp-caption aligncenter\"><img loading=\"lazy\" decoding=\"async\" class=\"size-full wp-image-165105\" src=\"https:\/\/www.bellunopress.it\/wp-content\/uploads\/2025\/11\/Bimotore-Turboelica-Casa-C295M.jpg\" alt=\"\" width=\"767\" height=\"371\" srcset=\"https:\/\/www.bellunopress.it\/wp-content\/uploads\/2025\/11\/Bimotore-Turboelica-Casa-C295M.jpg 767w, https:\/\/www.bellunopress.it\/wp-content\/uploads\/2025\/11\/Bimotore-Turboelica-Casa-C295M-500x242.jpg 500w, https:\/\/www.bellunopress.it\/wp-content\/uploads\/2025\/11\/Bimotore-Turboelica-Casa-C295M-696x337.jpg 696w\" sizes=\"auto, (max-width: 767px) 100vw, 767px\" \/><figcaption id=\"caption-attachment-165105\" class=\"wp-caption-text\">Bimotore turboelica Casa C295M<\/figcaption><\/figure>\n<p>Belluno, 22 novembre 2025 &#8211; Ha sorvolato Ponte nelle Alpi e Soverzene in direzione Nord poco prima delle ore 13 di oggi. Si tratta del bimotore turboelica militare Casa C-295M rotta Grosseto &#8211; Cracovia della Poland Air Force prodotto da Airbus Defence and Space, la divisione di Airbus che si occupa di prodotti militari, spaziali e di sicurezza dell\u2019Airbus Group, il colosso europeo nato dalla fusione di aziende aeronautiche di Francia, Germania e Spagna e altre.<\/p>\n<p>Il velivolo Casa C-295M \u00e8 un aereo da trasporto tattico biturboelica a medio raggio equipaggiato con 2 motori turboelica Pratt &amp; Whitney Canada PW127G della potenza di circa 1.972 kW. La sua velocit\u00e0 di crociera \u00e8 di circa 470 &#8211; 480 km\/h con velocit\u00e0 massima\u00a0\u00a0\u00a0 di 576 km\/h. Il suo peso massimo al decollo \u00e8 di 23.200 kg. Co una portata di circa 9.250 &#8211; 10.000 kg. Pu\u00f2 trasportare fino a 71 soldati, 48 paracadutisti, 24 barelle (versione MEDEVAC) o 5 pallet cargo standard. Autonomia Massima (Senza Carico)\u00a0\u00a0\u00a0\u00a0\u00a0\u00a0\u00a0 circa 5.630 km. Autonomia con 8.000 kg di carico circa 2.150 km, Apertura Alare circa 25,87 &#8211; 25,90 m. Lunghezza\u00a0\u00a0\u00a0\u00a0\u00a0\u00a0\u00a0 Circa 24,44 &#8211; 24,50 m. Altezza\u00a0\u00a0\u00a0\u00a0\u00a0 circa 8,66 m. Equipaggio\u00a0\u00a0\u00a0\u00a0\u00a0 2 (pilota e copilota).<\/p>\n<p>Il velivolo \u00e8 rinomato per la sua capacit\u00e0 di decollo e atterraggio corti che gli permette di operare da piste semi-preparate o molto brevi di circa 670 metri per il decollo e 320 metri per l&#8217;atterraggio.<\/p>\n<p>&nbsp;<\/p>\n<p><strong>Ruolo Operativo del C-295M nella Polish Air Force<\/strong><\/p>\n<p>I 16 velivoli C-295M della Polonia costituiscono la spina dorsale della sua capacit\u00e0 di trasporto tattico aereo a medio raggio, gestiti principalmente dalla 8th Air Transport Wing (8. Baza Lotnictwa Transportowego) con base a Cracovia-Balice. Il ruolo primario \u00e8 il trasporto rapido di personale militare, inclusi soldati e forze speciali, tra basi nazionali e verso teatri operativi internazionali. Trasporto di equipaggiamento, rifornimenti, veicoli leggeri e pallet standard NATO, grazie alla rampa di carico posteriore che facilita le operazioni. Il velivolo \u00e8 ottimizzato per il lancio in caduta libera e il lancio di massa di paracadutisti in modalit\u00e0 automatica.<\/p>\n<p><strong>L&#8217;Incidente di Miros\u0142awiec (2008)<\/strong><\/p>\n<p>Nel gennaio 2008, un C-295M della Polish Air Force precipit\u00f2 vicino a Miros\u0142awiec. A bordo c&#8217;erano 20 ufficiali superiori dell&#8217;Aeronautica Militare, inclusi comandanti di basi, che morirono nell&#8217;incidente. L&#8217;evento port\u00f2 a un&#8217;ampia revisione delle procedure di sicurezza e formazione.<\/p>\n<p>&nbsp;<\/p>\n<p><strong>Aeroporto militare di Grosseto &#8220;Corrado Baccarini&#8221; <\/strong><\/p>\n<p>E\u2019 una delle basi chiave per la difesa aerea italiana. Le prime attivit\u00e0 di volo nella zona di Grosseto risalgono ai primi del &#8216;900, con l&#8217;uso di semplici strisce erbose nei dintorni della citt\u00e0. Durante il primo conflitto mondiale, il campo venne utilizzato per l&#8217;assemblaggio e il collaudo di prototipi, in particolare del famoso aereo da caccia biplano SVA (Savoia-Verduzio-Ansaldo). Negli anni &#8217;20 e &#8217;30 l&#8217;aeroporto si svilupp\u00f2 come scalo civile e, successivamente, come scuola di volo militare. L&#8217;aeroporto fu ufficialmente intitolato al Tenente Pilota Corrado Baccarini nel 1940, un aviatore grossetano caduto durante la Guerra civile spagnola. Durante il Secondo conflitto mondiale, la presenza aeronautica sul territorio fu massima, ma la base sub\u00ec gravi danni a causa dei bombardamenti alleati. Nel dopoguerra divenne sede del 4\u00ba Stormo Caccia. Negli anni \u201850 l&#8217;aeroporto fu ricostruito e ristrutturato per accogliere nuovamente le unit\u00e0 dell&#8217;Aeronautica Militare. Nel 1959 arriva il leggendario 4\u00ba Stormo Caccia (oggi 4\u00ba Stormo Caccia &#8220;Amedeo d&#8217;Aosta&#8221;), uno dei reparti pi\u00f9 antichi e decorati dell&#8217;Aeronautica, stabil\u00ec la sua sede permanente a Grosseto. Il 4\u00ba Stormo \u00e8 famoso per il suo stemma storico del Cavallino Rampante, simbolo che fu poi ceduto e reso celebre da Enzo Ferrari per le sue auto.\u00a0 Oggi, l&#8217;aeroporto di Grosseto \u00e8 fondamentale per la sicurezza nazionale e svolge il ruolo di principale base caccia intercettori del Centro-Sud Italia. Dal 2004, il 4\u00ba Stormo \u00e8 equipaggiato con i moderni caccia multiruolo Eurofighter F-2000A Typhoon.<\/p>\n<p>Nonostante la sua vocazione militare, l&#8217;aeroporto mantiene anche una capacit\u00e0 limitata per i voli civili charter e privati, soprattutto durante la stagione turistica.<\/p>\n<p>&nbsp;<\/p>\n<p><strong>L&#8217;aeroporto di Cracovia<\/strong><\/p>\n<p>L\u2019Aeroporto Internazionale Giovanni Paolo II Cracovia-Balice (KRK), ha una storia affascinante che combina l&#8217;uso militare storico con lo sviluppo moderno dell&#8217;aviazione civile.<\/p>\n<p>Le Origini e l&#8217;Uso Militare (Pre-1960)<\/p>\n<p>L&#8217;area di Balice, dove sorge l&#8217;aeroporto, \u00e8 stata storicamente una zona con una forte vocazione aeronautica, anche se un altro aerodromo di Cracovia, Rakowice-Czy\u017cyny, \u00e8 pi\u00f9 antico (risale al 1912). Nel periodo anteguerra le strutture iniziali dell&#8217;attuale aeroporto di Balice furono sviluppate per scopi militari. Durante l&#8217;occupazione tedesca della Polonia nella Seconda guerra mondiale, l&#8217;aeroporto fu ampliato e utilizzato dalla Luftwaffe come base aerea strategica. La sua posizione lo rendeva cruciale per le operazioni sul fronte orientale. Dopo il 1945, l&#8217;aeroporto fu rilevato dall&#8217;Armata Rossa e successivamente consegnato alle autorit\u00e0 militari polacche. Per molti anni, rimase una base aerea militare di primaria importanza per le Si\u0142y Powietrzne (Forze Aeree Polacche). Nascita dell&#8217;Aviazione Civile (Anni &#8217;60) La storia dell&#8217;aeroporto come scalo civile \u00e8 relativamente recente e coesiste con la sua funzione militare. Nel 1964 l&#8217;aviazione civile inizi\u00f2 a operare ufficialmente dall&#8217;aeroporto di Balice, condividendo le strutture con la base militare. Nel 1967 l\u2019inaugurazione del terminal passeggeri dedicato all&#8217;aviazione civile, segna l&#8217;inizio della sua crescita come snodo di trasporto. Il momento pi\u00f9 significativo e identitario per l&#8217;aeroporto \u00e8 arrivato nel 1995 con l\u2019intitolazione a Papa Giovanni Paolo II (Karol Wojty\u0142a), ex arcivescovo di Cracovia. Il suo nome completo divenne Aeroporto Internazionale Giovanni Paolo II Cracovia-Balice. Dagli anni 2000, l&#8217;aeroporto ha attraversato diverse fasi di rapida modernizzazione e crescita. Per far fronte al boom del turismo e dei voli low-cost che ha seguito l&#8217;ingresso della Polonia nell&#8217;Unione Europea, l&#8217;aeroporto ha subito ampi ammodernamenti, con l&#8217;apertura di nuovi terminal nel 2007 e la continua espansione delle infrastrutture. Oggi \u00e8 il secondo aeroporto pi\u00f9 trafficato della Polonia dopo Varsavia-Chopin, gestendo milioni di passeggeri all&#8217;anno (oltre 9,4 milioni nel 2023). L&#8217;aeroporto mantiene ancora il suo carattere civile e militare (codice ICAO: EPKK), con l&#8217;8\u00b0 Base di Trasporto Aereo (sede dei C-295M) che continua a operare nella parte sud-orientale dell&#8217;aerodromo.<\/p>\n<p><strong>\u00a0<\/strong><\/p>\n<p><strong>L&#8217;Aeroporto sotto il Terzo Reich (1939-1945)<\/strong><\/p>\n<p>Quando la Germania nazista occup\u00f2 la Polonia nel settembre 1939, prese immediatamente il controllo delle infrastrutture esistenti. Le forze tedesche della Luftwaffe (Aeronautica Militare) riconobbero l&#8217;importanza strategica di Cracovia, situata nel Governatorato Generale. L&#8217;aeroporto di Balice fu ampliato e potenziato per diventare una delle loro principali basi aeree nella Polonia occupata. La base fu cruciale, in particolare, per i preparativi e le operazioni relative all&#8217;attacco tedesco all&#8217;Unione Sovietica (Operazione Barbarossa) nel 1941. Serviva come punto logistico e di supporto per i velivoli destinati al fronte orientale. A seconda del periodo della guerra, l&#8217;aeroporto ospitava diverse unit\u00e0 e tipologie di velivoli, inclusi caccia, bombardieri leggeri e aerei da ricognizione della Luftwaffe. L&#8217;obiettivo era mantenere la superiorit\u00e0 aerea e supportare le truppe di terra in Polonia e nell&#8217;Est. Durante gli anni del conflitto, le infrastrutture militari tedesche, inclusa la base di Balice, furono bersaglio di azioni di bombardamento da parte delle forze alleate, anche se, in confronto ad altri fronti, l&#8217;area non fu pesantemente devastata fino alla fase finale della guerra. Con l&#8217;avanzare dell&#8217;Armata Rossa, le forze tedesche in ritirata applicarono la tattica della &#8220;terra bruciata&#8221;, distruggendo metodicamente le strutture operative (piste, hangar, depositi) che potevano essere utilizzate dal nemico. Nel gennaio 1945, l&#8217;aeroporto fu rilevato dalle forze sovietiche, che lo utilizzarono per le loro operazioni e il transito di velivoli fino a met\u00e0 del 1945, quando fu riconsegnato alle autorit\u00e0 militari polacche.<\/p>\n<p>&nbsp;<\/p>\n<p><strong>Legami con l\u2019Esercito polacco<\/strong><\/p>\n<p>Il legame storico pi\u00f9 significativo \u00e8 la partecipazione del Secondo Corpo d&#8217;Armata Polacco del generale W\u0142adys\u0142aw Anders alla campagna d&#8217;Italia. \u00a0Questi soldati erano ex-prigionieri dei Gulag sovietici, liberati dopo l&#8217;accordo Sikorski-Maysky nel 1941, che combatterono al fianco degli Alleati occidentali. Per loro, combattere in Italia era un modo per continuare la lotta per la liberazione della loro patria. Il Corpo d&#8217;Armata polacco si distinse per il coraggio in diverse battaglie decisive in Italia: Battaglia di Montecassino (Maggio 1944): fu il Secondo Corpo d&#8217;Armata polacco a conquistare l&#8217;Abbazia, un punto chiave nella Linea Gustav, subendo perdite elevatissime. Battaglia di Ancona (Giugno\/Luglio 1944): I polacchi liberarono Ancona, aprendo la strada all&#8217;avanzata Alleata lungo la costa adriatica. Liberazione di Bologna (Aprile 1945): Le truppe polacche giocarono un ruolo essenziale nella liberazione finale di Bologna. La Toscana e il Fronte. Anche se i polacchi furono maggiormente impegnati sul fronte adriatico (da Montecassino a Bologna), le operazioni Alleate in Toscana coinvolsero migliaia di soldati polacchi. Avanzata sulla Linea Gotica: Durante l&#8217;avanzata verso il Nord Italia e la penetrazione della Linea Gotica, il Corpo polacco si spost\u00f2 attraverso l&#8217;Italia Centrale, in aree non lontane dalla Maremma e dalla provincia di Grosseto, a seconda delle riallocazioni delle unit\u00e0 Alleate.\u00a0 Principio &#8220;Per la nostra e la vostra libert\u00e0&#8221;: Il loro motto era Za nasz\u0105 i wasz\u0105 wolno\u015b\u0107 (&#8220;Per la nostra e la vostra libert\u00e0&#8221;), un simbolo della loro lotta non solo per l&#8217;Italia ma per una Polonia indipendente.<\/p>","protected":false},"excerpt":{"rendered":"<p>Belluno, 22 novembre 2025 &#8211; Ha sorvolato Ponte nelle Alpi e Soverzene in direzione Nord poco prima delle ore 13 di oggi. Si tratta del bimotore turboelica militare Casa C-295M rotta Grosseto &#8211; Cracovia della Poland Air Force prodotto da Airbus Defence and Space, la divisione di Airbus che si occupa di prodotti militari, spaziali [&hellip;]<\/p>\n","protected":false},"author":2,"featured_media":165105,"comment_status":"closed","ping_status":"open","sticky":false,"template":"","format":"standard","meta":{"footnotes":""},"categories":[3446,49,26],"tags":[],"class_list":["post-165104","post","type-post","status-publish","format-standard","has-post-thumbnail","category-featured","category-speciali","category-prima-pagina"],"yoast_head":"<!-- This site is optimized with the Yoast SEO plugin v28.4 - https:\/\/yoast.com\/product\/yoast-seo-wordpress\/ -->\n<title>Sorvolo del turboelica militare Casa C-295M Grosseto-Cracovia - Bellunopress - Dolomiti<\/title>\n<meta name=\"robots\" content=\"index, follow, max-snippet:-1, max-image-preview:large, max-video-preview:-1\" \/>\n<link rel=\"canonical\" href=\"https:\/\/www.bellunopress.it\/fr\/2025\/11\/22\/sorvolo-del-turboelica-militare-casa-c-295m-grosseto-cracovia\/\" \/>\n<meta property=\"og:locale\" content=\"fr_FR\" \/>\n<meta property=\"og:type\" content=\"article\" \/>\n<meta property=\"og:title\" content=\"Sorvolo del turboelica militare Casa C-295M Grosseto-Cracovia - Bellunopress - Dolomiti\" \/>\n<meta property=\"og:description\" content=\"Belluno, 22 novembre 2025 &#8211; Ha sorvolato Ponte nelle Alpi e Soverzene in direzione Nord poco prima delle ore 13 di oggi. Si tratta del bimotore turboelica militare Casa C-295M rotta Grosseto &#8211; Cracovia della Poland Air Force prodotto da Airbus Defence and Space, la divisione di Airbus che si occupa di prodotti militari, spaziali [&hellip;]\" \/>\n<meta property=\"og:url\" content=\"https:\/\/www.bellunopress.it\/fr\/2025\/11\/22\/sorvolo-del-turboelica-militare-casa-c-295m-grosseto-cracovia\/\" \/>\n<meta property=\"og:site_name\" content=\"Bellunopress - Dolomiti\" \/>\n<meta property=\"article:publisher\" content=\"https:\/\/www.facebook.com\/profile.php?id=100008943462799\" \/>\n<meta property=\"article:published_time\" content=\"2025-11-22T12:46:03+00:00\" \/>\n<meta property=\"article:modified_time\" content=\"2025-11-23T13:22:16+00:00\" \/>\n<meta property=\"og:image\" content=\"https:\/\/www.bellunopress.it\/wp-content\/uploads\/2025\/11\/Bimotore-Turboelica-Casa-C295M.jpg\" \/>\n\t<meta property=\"og:image:width\" content=\"767\" \/>\n\t<meta property=\"og:image:height\" content=\"371\" \/>\n\t<meta property=\"og:image:type\" content=\"image\/jpeg\" \/>\n<meta name=\"author\" content=\"redazione\" \/>\n<meta name=\"twitter:card\" content=\"summary_large_image\" \/>\n<meta name=\"twitter:creator\" content=\"@bellunopress\" \/>\n<meta name=\"twitter:site\" content=\"@bellunopress\" \/>\n<meta name=\"twitter:label1\" content=\"Written by\" \/>\n\t<meta name=\"twitter:data1\" content=\"redazione\" \/>\n\t<meta name=\"twitter:label2\" content=\"Est. reading time\" \/>\n\t<meta name=\"twitter:data2\" content=\"7 minutes\" \/>\n<script type=\"application\/ld+json\" class=\"yoast-schema-graph\">{\"@context\":\"https:\\\/\\\/schema.org\",\"@graph\":[{\"@type\":\"Article\",\"@id\":\"https:\\\/\\\/www.bellunopress.it\\\/2025\\\/11\\\/22\\\/sorvolo-del-turboelica-militare-casa-c-295m-grosseto-cracovia\\\/#article\",\"isPartOf\":{\"@id\":\"https:\\\/\\\/www.bellunopress.it\\\/2025\\\/11\\\/22\\\/sorvolo-del-turboelica-militare-casa-c-295m-grosseto-cracovia\\\/\"},\"author\":{\"name\":\"redazione\",\"@id\":\"https:\\\/\\\/www.bellunopress.it\\\/#\\\/schema\\\/person\\\/79bb06722b37ece1c03d3e94beb30d73\"},\"headline\":\"Sorvolo del turboelica militare Casa C-295M Grosseto-Cracovia\",\"datePublished\":\"2025-11-22T12:46:03+00:00\",\"dateModified\":\"2025-11-23T13:22:16+00:00\",\"mainEntityOfPage\":{\"@id\":\"https:\\\/\\\/www.bellunopress.it\\\/2025\\\/11\\\/22\\\/sorvolo-del-turboelica-militare-casa-c-295m-grosseto-cracovia\\\/\"},\"wordCount\":1501,\"publisher\":{\"@id\":\"https:\\\/\\\/www.bellunopress.it\\\/#organization\"},\"image\":{\"@id\":\"https:\\\/\\\/www.bellunopress.it\\\/2025\\\/11\\\/22\\\/sorvolo-del-turboelica-militare-casa-c-295m-grosseto-cracovia\\\/#primaryimage\"},\"thumbnailUrl\":\"https:\\\/\\\/www.bellunopress.it\\\/wp-content\\\/uploads\\\/2025\\\/11\\\/Bimotore-Turboelica-Casa-C295M.jpg\",\"articleSection\":[\"Featured\",\"Gli speciali di Bellunopress\",\"Prima Pagina\"],\"inLanguage\":\"fr-FR\"},{\"@type\":\"WebPage\",\"@id\":\"https:\\\/\\\/www.bellunopress.it\\\/2025\\\/11\\\/22\\\/sorvolo-del-turboelica-militare-casa-c-295m-grosseto-cracovia\\\/\",\"url\":\"https:\\\/\\\/www.bellunopress.it\\\/2025\\\/11\\\/22\\\/sorvolo-del-turboelica-militare-casa-c-295m-grosseto-cracovia\\\/\",\"name\":\"Sorvolo del turboelica militare Casa C-295M Grosseto-Cracovia - Bellunopress - Dolomiti\",\"isPartOf\":{\"@id\":\"https:\\\/\\\/www.bellunopress.it\\\/#website\"},\"primaryImageOfPage\":{\"@id\":\"https:\\\/\\\/www.bellunopress.it\\\/2025\\\/11\\\/22\\\/sorvolo-del-turboelica-militare-casa-c-295m-grosseto-cracovia\\\/#primaryimage\"},\"image\":{\"@id\":\"https:\\\/\\\/www.bellunopress.it\\\/2025\\\/11\\\/22\\\/sorvolo-del-turboelica-militare-casa-c-295m-grosseto-cracovia\\\/#primaryimage\"},\"thumbnailUrl\":\"https:\\\/\\\/www.bellunopress.it\\\/wp-content\\\/uploads\\\/2025\\\/11\\\/Bimotore-Turboelica-Casa-C295M.jpg\",\"datePublished\":\"2025-11-22T12:46:03+00:00\",\"dateModified\":\"2025-11-23T13:22:16+00:00\",\"breadcrumb\":{\"@id\":\"https:\\\/\\\/www.bellunopress.it\\\/2025\\\/11\\\/22\\\/sorvolo-del-turboelica-militare-casa-c-295m-grosseto-cracovia\\\/#breadcrumb\"},\"inLanguage\":\"fr-FR\",\"potentialAction\":[{\"@type\":\"ReadAction\",\"target\":[\"https:\\\/\\\/www.bellunopress.it\\\/2025\\\/11\\\/22\\\/sorvolo-del-turboelica-militare-casa-c-295m-grosseto-cracovia\\\/\"]}]},{\"@type\":\"ImageObject\",\"inLanguage\":\"fr-FR\",\"@id\":\"https:\\\/\\\/www.bellunopress.it\\\/2025\\\/11\\\/22\\\/sorvolo-del-turboelica-militare-casa-c-295m-grosseto-cracovia\\\/#primaryimage\",\"url\":\"https:\\\/\\\/www.bellunopress.it\\\/wp-content\\\/uploads\\\/2025\\\/11\\\/Bimotore-Turboelica-Casa-C295M.jpg\",\"contentUrl\":\"https:\\\/\\\/www.bellunopress.it\\\/wp-content\\\/uploads\\\/2025\\\/11\\\/Bimotore-Turboelica-Casa-C295M.jpg\",\"width\":767,\"height\":371,\"caption\":\"Bimotore Turboelica Casa C295M\"},{\"@type\":\"BreadcrumbList\",\"@id\":\"https:\\\/\\\/www.bellunopress.it\\\/2025\\\/11\\\/22\\\/sorvolo-del-turboelica-militare-casa-c-295m-grosseto-cracovia\\\/#breadcrumb\",\"itemListElement\":[{\"@type\":\"ListItem\",\"position\":1,\"name\":\"Home\",\"item\":\"https:\\\/\\\/www.bellunopress.it\\\/\"},{\"@type\":\"ListItem\",\"position\":2,\"name\":\"Sorvolo del turboelica militare Casa C-295M Grosseto-Cracovia\"}]},{\"@type\":\"WebSite\",\"@id\":\"https:\\\/\\\/www.bellunopress.it\\\/#website\",\"url\":\"https:\\\/\\\/www.bellunopress.it\\\/\",\"name\":\"Bellunopress - Dolomiti\",\"description\":\"e-mail: redazione@bellunopress.it\",\"publisher\":{\"@id\":\"https:\\\/\\\/www.bellunopress.it\\\/#organization\"},\"potentialAction\":[{\"@type\":\"SearchAction\",\"target\":{\"@type\":\"EntryPoint\",\"urlTemplate\":\"https:\\\/\\\/www.bellunopress.it\\\/?s={search_term_string}\"},\"query-input\":{\"@type\":\"PropertyValueSpecification\",\"valueRequired\":true,\"valueName\":\"search_term_string\"}}],\"inLanguage\":\"fr-FR\"},{\"@type\":\"Organization\",\"@id\":\"https:\\\/\\\/www.bellunopress.it\\\/#organization\",\"name\":\"Bellunopress\",\"url\":\"https:\\\/\\\/www.bellunopress.it\\\/\",\"logo\":{\"@type\":\"ImageObject\",\"inLanguage\":\"fr-FR\",\"@id\":\"https:\\\/\\\/www.bellunopress.it\\\/#\\\/schema\\\/logo\\\/image\\\/\",\"url\":\"https:\\\/\\\/www.bellunopress.it\\\/wp-content\\\/uploads\\\/2011\\\/05\\\/cropped-logo-bellunopress-.jpg\",\"contentUrl\":\"https:\\\/\\\/www.bellunopress.it\\\/wp-content\\\/uploads\\\/2011\\\/05\\\/cropped-logo-bellunopress-.jpg\",\"width\":512,\"height\":512,\"caption\":\"Bellunopress\"},\"image\":{\"@id\":\"https:\\\/\\\/www.bellunopress.it\\\/#\\\/schema\\\/logo\\\/image\\\/\"},\"sameAs\":[\"https:\\\/\\\/www.facebook.com\\\/profile.php?id=100008943462799\",\"https:\\\/\\\/x.com\\\/bellunopress\",\"https:\\\/\\\/www.linkedin.com\\\/hp\\\/?dnr=JBzUWaJfMUw8vbXJJ2tVW5-I3jZKvC4wsoxE&amp;amp;amp;amp;amp;amp;trk=nav_responsive_tab_home\",\"https:\\\/\\\/www.youtube.com\\\/channel\\\/UCxL0wu1uN0_3_7hGG0306cw\"]},{\"@type\":\"Person\",\"@id\":\"https:\\\/\\\/www.bellunopress.it\\\/#\\\/schema\\\/person\\\/79bb06722b37ece1c03d3e94beb30d73\",\"name\":\"redazione\",\"image\":{\"@type\":\"ImageObject\",\"inLanguage\":\"fr-FR\",\"@id\":\"https:\\\/\\\/secure.gravatar.com\\\/avatar\\\/37d968a2e67a6fd04c169c4bdef102d0bc5d31b2546345219e348575eb80e9a0?s=96&d=mm&r=g\",\"url\":\"https:\\\/\\\/secure.gravatar.com\\\/avatar\\\/37d968a2e67a6fd04c169c4bdef102d0bc5d31b2546345219e348575eb80e9a0?s=96&d=mm&r=g\",\"contentUrl\":\"https:\\\/\\\/secure.gravatar.com\\\/avatar\\\/37d968a2e67a6fd04c169c4bdef102d0bc5d31b2546345219e348575eb80e9a0?s=96&d=mm&r=g\",\"caption\":\"redazione\"},\"sameAs\":[\"http:\\\/\\\/www.bellunopress.it\",\"https:\\\/\\\/x.com\\\/bellunopress\"],\"url\":\"https:\\\/\\\/www.bellunopress.it\\\/fr\\\/author\\\/redazione\\\/\"}]}<\/script>\n<!-- \/ Yoast SEO plugin. -->","yoast_head_json":{"title":"Sorvolo del turboelica militare Casa C-295M Grosseto-Cracovia - Bellunopress - Dolomiti","robots":{"index":"index","follow":"follow","max-snippet":"max-snippet:-1","max-image-preview":"max-image-preview:large","max-video-preview":"max-video-preview:-1"},"canonical":"https:\/\/www.bellunopress.it\/fr\/2025\/11\/22\/sorvolo-del-turboelica-militare-casa-c-295m-grosseto-cracovia\/","og_locale":"fr_FR","og_type":"article","og_title":"Sorvolo del turboelica militare Casa C-295M Grosseto-Cracovia - Bellunopress - Dolomiti","og_description":"Belluno, 22 novembre 2025 &#8211; Ha sorvolato Ponte nelle Alpi e Soverzene in direzione Nord poco prima delle ore 13 di oggi. Si tratta del bimotore turboelica militare Casa C-295M rotta Grosseto &#8211; Cracovia della Poland Air Force prodotto da Airbus Defence and Space, la divisione di Airbus che si occupa di prodotti militari, spaziali [&hellip;]","og_url":"https:\/\/www.bellunopress.it\/fr\/2025\/11\/22\/sorvolo-del-turboelica-militare-casa-c-295m-grosseto-cracovia\/","og_site_name":"Bellunopress - Dolomiti","article_publisher":"https:\/\/www.facebook.com\/profile.php?id=100008943462799","article_published_time":"2025-11-22T12:46:03+00:00","article_modified_time":"2025-11-23T13:22:16+00:00","og_image":[{"width":767,"height":371,"url":"https:\/\/www.bellunopress.it\/wp-content\/uploads\/2025\/11\/Bimotore-Turboelica-Casa-C295M.jpg","type":"image\/jpeg"}],"author":"redazione","twitter_card":"summary_large_image","twitter_creator":"@bellunopress","twitter_site":"@bellunopress","twitter_misc":{"Written by":"redazione","Est. reading time":"7 minutes"},"schema":{"@context":"https:\/\/schema.org","@graph":[{"@type":"Article","@id":"https:\/\/www.bellunopress.it\/2025\/11\/22\/sorvolo-del-turboelica-militare-casa-c-295m-grosseto-cracovia\/#article","isPartOf":{"@id":"https:\/\/www.bellunopress.it\/2025\/11\/22\/sorvolo-del-turboelica-militare-casa-c-295m-grosseto-cracovia\/"},"author":{"name":"redazione","@id":"https:\/\/www.bellunopress.it\/#\/schema\/person\/79bb06722b37ece1c03d3e94beb30d73"},"headline":"Sorvolo del turboelica militare Casa C-295M Grosseto-Cracovia","datePublished":"2025-11-22T12:46:03+00:00","dateModified":"2025-11-23T13:22:16+00:00","mainEntityOfPage":{"@id":"https:\/\/www.bellunopress.it\/2025\/11\/22\/sorvolo-del-turboelica-militare-casa-c-295m-grosseto-cracovia\/"},"wordCount":1501,"publisher":{"@id":"https:\/\/www.bellunopress.it\/#organization"},"image":{"@id":"https:\/\/www.bellunopress.it\/2025\/11\/22\/sorvolo-del-turboelica-militare-casa-c-295m-grosseto-cracovia\/#primaryimage"},"thumbnailUrl":"https:\/\/www.bellunopress.it\/wp-content\/uploads\/2025\/11\/Bimotore-Turboelica-Casa-C295M.jpg","articleSection":["Featured","Gli speciali di Bellunopress","Prima Pagina"],"inLanguage":"fr-FR"},{"@type":"WebPage","@id":"https:\/\/www.bellunopress.it\/2025\/11\/22\/sorvolo-del-turboelica-militare-casa-c-295m-grosseto-cracovia\/","url":"https:\/\/www.bellunopress.it\/2025\/11\/22\/sorvolo-del-turboelica-militare-casa-c-295m-grosseto-cracovia\/","name":"Sorvolo del turboelica militare Casa C-295M Grosseto-Cracovia - Bellunopress - Dolomiti","isPartOf":{"@id":"https:\/\/www.bellunopress.it\/#website"},"primaryImageOfPage":{"@id":"https:\/\/www.bellunopress.it\/2025\/11\/22\/sorvolo-del-turboelica-militare-casa-c-295m-grosseto-cracovia\/#primaryimage"},"image":{"@id":"https:\/\/www.bellunopress.it\/2025\/11\/22\/sorvolo-del-turboelica-militare-casa-c-295m-grosseto-cracovia\/#primaryimage"},"thumbnailUrl":"https:\/\/www.bellunopress.it\/wp-content\/uploads\/2025\/11\/Bimotore-Turboelica-Casa-C295M.jpg","datePublished":"2025-11-22T12:46:03+00:00","dateModified":"2025-11-23T13:22:16+00:00","breadcrumb":{"@id":"https:\/\/www.bellunopress.it\/2025\/11\/22\/sorvolo-del-turboelica-militare-casa-c-295m-grosseto-cracovia\/#breadcrumb"},"inLanguage":"fr-FR","potentialAction":[{"@type":"ReadAction","target":["https:\/\/www.bellunopress.it\/2025\/11\/22\/sorvolo-del-turboelica-militare-casa-c-295m-grosseto-cracovia\/"]}]},{"@type":"ImageObject","inLanguage":"fr-FR","@id":"https:\/\/www.bellunopress.it\/2025\/11\/22\/sorvolo-del-turboelica-militare-casa-c-295m-grosseto-cracovia\/#primaryimage","url":"https:\/\/www.bellunopress.it\/wp-content\/uploads\/2025\/11\/Bimotore-Turboelica-Casa-C295M.jpg","contentUrl":"https:\/\/www.bellunopress.it\/wp-content\/uploads\/2025\/11\/Bimotore-Turboelica-Casa-C295M.jpg","width":767,"height":371,"caption":"Bimotore Turboelica Casa C295M"},{"@type":"BreadcrumbList","@id":"https:\/\/www.bellunopress.it\/2025\/11\/22\/sorvolo-del-turboelica-militare-casa-c-295m-grosseto-cracovia\/#breadcrumb","itemListElement":[{"@type":"ListItem","position":1,"name":"Home","item":"https:\/\/www.bellunopress.it\/"},{"@type":"ListItem","position":2,"name":"Sorvolo del turboelica militare Casa C-295M Grosseto-Cracovia"}]},{"@type":"WebSite","@id":"https:\/\/www.bellunopress.it\/#website","url":"https:\/\/www.bellunopress.it\/","name":"Bellunopress - Dolomiti","description":"e-mail: redazione@bellunopress.it","publisher":{"@id":"https:\/\/www.bellunopress.it\/#organization"},"potentialAction":[{"@type":"SearchAction","target":{"@type":"EntryPoint","urlTemplate":"https:\/\/www.bellunopress.it\/?s={search_term_string}"},"query-input":{"@type":"PropertyValueSpecification","valueRequired":true,"valueName":"search_term_string"}}],"inLanguage":"fr-FR"},{"@type":"Organization","@id":"https:\/\/www.bellunopress.it\/#organization","name":"Bellunopress","url":"https:\/\/www.bellunopress.it\/","logo":{"@type":"ImageObject","inLanguage":"fr-FR","@id":"https:\/\/www.bellunopress.it\/#\/schema\/logo\/image\/","url":"https:\/\/www.bellunopress.it\/wp-content\/uploads\/2011\/05\/cropped-logo-bellunopress-.jpg","contentUrl":"https:\/\/www.bellunopress.it\/wp-content\/uploads\/2011\/05\/cropped-logo-bellunopress-.jpg","width":512,"height":512,"caption":"Bellunopress"},"image":{"@id":"https:\/\/www.bellunopress.it\/#\/schema\/logo\/image\/"},"sameAs":["https:\/\/www.facebook.com\/profile.php?id=100008943462799","https:\/\/x.com\/bellunopress","https:\/\/www.linkedin.com\/hp\/?dnr=JBzUWaJfMUw8vbXJJ2tVW5-I3jZKvC4wsoxE&amp;amp;amp;amp;amp;amp;trk=nav_responsive_tab_home","https:\/\/www.youtube.com\/channel\/UCxL0wu1uN0_3_7hGG0306cw"]},{"@type":"Person","@id":"https:\/\/www.bellunopress.it\/#\/schema\/person\/79bb06722b37ece1c03d3e94beb30d73","name":"r\u00e9daction","image":{"@type":"ImageObject","inLanguage":"fr-FR","@id":"https:\/\/secure.gravatar.com\/avatar\/37d968a2e67a6fd04c169c4bdef102d0bc5d31b2546345219e348575eb80e9a0?s=96&d=mm&r=g","url":"https:\/\/secure.gravatar.com\/avatar\/37d968a2e67a6fd04c169c4bdef102d0bc5d31b2546345219e348575eb80e9a0?s=96&d=mm&r=g","contentUrl":"https:\/\/secure.gravatar.com\/avatar\/37d968a2e67a6fd04c169c4bdef102d0bc5d31b2546345219e348575eb80e9a0?s=96&d=mm&r=g","caption":"redazione"},"sameAs":["http:\/\/www.bellunopress.it","https:\/\/x.com\/bellunopress"],"url":"https:\/\/www.bellunopress.it\/fr\/author\/redazione\/"}]}},"_links":{"self":[{"href":"https:\/\/www.bellunopress.it\/fr\/wp-json\/wp\/v2\/posts\/165104","targetHints":{"allow":["GET"]}}],"collection":[{"href":"https:\/\/www.bellunopress.it\/fr\/wp-json\/wp\/v2\/posts"}],"about":[{"href":"https:\/\/www.bellunopress.it\/fr\/wp-json\/wp\/v2\/types\/post"}],"author":[{"embeddable":true,"href":"https:\/\/www.bellunopress.it\/fr\/wp-json\/wp\/v2\/users\/2"}],"replies":[{"embeddable":true,"href":"https:\/\/www.bellunopress.it\/fr\/wp-json\/wp\/v2\/comments?post=165104"}],"version-history":[{"count":1,"href":"https:\/\/www.bellunopress.it\/fr\/wp-json\/wp\/v2\/posts\/165104\/revisions"}],"predecessor-version":[{"id":165106,"href":"https:\/\/www.bellunopress.it\/fr\/wp-json\/wp\/v2\/posts\/165104\/revisions\/165106"}],"wp:featuredmedia":[{"embeddable":true,"href":"https:\/\/www.bellunopress.it\/fr\/wp-json\/wp\/v2\/media\/165105"}],"wp:attachment":[{"href":"https:\/\/www.bellunopress.it\/fr\/wp-json\/wp\/v2\/media?parent=165104"}],"wp:term":[{"taxonomy":"category","embeddable":true,"href":"https:\/\/www.bellunopress.it\/fr\/wp-json\/wp\/v2\/categories?post=165104"},{"taxonomy":"post_tag","embeddable":true,"href":"https:\/\/www.bellunopress.it\/fr\/wp-json\/wp\/v2\/tags?post=165104"}],"curies":[{"name":"wp","href":"https:\/\/api.w.org\/{rel}","templated":true}]}}