{"id":165102,"date":"2025-11-22T13:39:20","date_gmt":"2025-11-22T12:39:20","guid":{"rendered":"https:\/\/www.bellunopress.it\/?p=165102"},"modified":"2025-11-22T13:39:20","modified_gmt":"2025-11-22T12:39:20","slug":"scadenza-2a-rata-imu-2025-martedi-16-dicembre-2025","status":"publish","type":"post","link":"https:\/\/www.bellunopress.it\/fr\/2025\/11\/22\/scadenza-2a-rata-imu-2025-martedi-16-dicembre-2025\/","title":{"rendered":"Scadenza 2a rata IMU 2025: marted\u00ec 16 dicembre 2025"},"content":{"rendered":"<p><strong><img loading=\"lazy\" decoding=\"async\" class=\"aligncenter size-full wp-image-141792\" src=\"https:\/\/www.bellunopress.it\/wp-content\/uploads\/2023\/05\/Comune-di-Belluno_edited.jpg\" alt=\"\" width=\"266\" height=\"190\" srcset=\"https:\/\/www.bellunopress.it\/wp-content\/uploads\/2023\/05\/Comune-di-Belluno_edited.jpg 266w, https:\/\/www.bellunopress.it\/wp-content\/uploads\/2023\/05\/Comune-di-Belluno_edited-100x70.jpg 100w\" sizes=\"auto, (max-width: 266px) 100vw, 266px\" \/>Online link per il calcolo e la stampa del modello F24<\/strong><br \/>\nScadr\u00e0 marted\u00ec 16 dicembre il termine per il pagamento del saldo IMU 2025.<br \/>\nPer l\u2019anno 2025 le aliquote sono state approvate con Delibera del Consiglio comunale<br \/>\nnumero 74 del 29\/11\/2024.<\/p>\n<p>Le principali cose da tenere in evidenza.<br \/>\nImmobili a uso produttivo categoria D<br \/>\nCome da delibera, per la categoria D Immobili a uso produttivo, si applica l\u2019aliquota<br \/>\ndello 0,91%. Si specificano tuttavia le differenti aliquote per le seguenti tipologie di<br \/>\nimmobili:<br \/>\n\uf0b7 Aliquota 1,06%: cat. D8 \u2013 Immobili destinati esclusivamente ad attivit\u00e0 di<br \/>\nsupermercati e ipermercati;<br \/>\n\uf0b7 Aliquota 1,06%: cat. D5 \u2013 Istituti di credito e assicurazioni;<br \/>\n\uf0b7 Aliquota 0,06%: cat. D10 \u2013 Fabbricati rurali a uso strumentale all\u2019attivit\u00e0<br \/>\nagricola in presenza di requisiti soggettivi e oggettivi previsti dalle vigenti<br \/>\nnorme.<br \/>\nC\/1 (negozi e botteghe) locati in Via Mezzaterra \u2013 Aliquota 0,46%<br \/>\nSi applica l\u2019aliquota dello 0,46% per le unit\u00e0 immobiliari censite in categoria catastale<br \/>\nC\/1 (Negozi e botteghe) che siano locate e ubicate nell&#8217;area del centro storico del<br \/>\nComune di Belluno di Via Mezzaterra, come indicato nella planimetria allegata alla<br \/>\ndelibera del Consiglio comunale numero 74 del 29\/11\/2024.<\/p>\n<p>Nel sito del Comune di Belluno, all\u2019indirizzo www.comune.belluno.it, menu \u201cServizi\u201d,<br \/>\nvoce \u201cTributi, finanze e contravvenzioni\u201d, \u201cIMU \u2013 Imposta municipale propria\u201d sono<br \/>\ndisponibili:<br \/>\n\uf0b7 la Guida IMU 2025, che espone le aliquote, le principali novit\u00e0 e le modalit\u00e0<br \/>\ndi calcolo dell\u2019imposta dovuta;<br \/>\n\uf0b7 il link per calcolare acconto e saldo IMU 2025 (con stampa di report e del<br \/>\nmodello F24) e per versarlo direttamente con carta di credito o My Bank,<br \/>\ntramite il servizio DigitPOS24 attivo nel modulo;<br \/>\n\uf0b7 il link per regolarizzare (con ravvedimento) l\u2019omesso\/parziale versamento<br \/>\nrelativo alle annualit\u00e0 pregresse.<\/p>\n<p>I versamenti F24 possono essere effettuati (senza commissioni):<br \/>\n\uf0b7 direttamente dalla pagina di calcolo utilizzando l\u2019apposita funzionalit\u00e0;<br \/>\n\uf0b7 tramite le correnti applicazioni di home-banking;<br \/>\n\uf0b7 presso gli sportelli bancari o postali, o presso ogni tabaccheria.<br \/>\nNON \u00e8 previsto l&#8217;invio generalizzato dei modelli precompilati di<br \/>\npagamento, pertanto il versamento IMU 2025 deve avvenire in<br \/>\nAUTOLIQUIDAZIONE da parte del contribuente.<br \/>\nI contribuenti, quindi, potranno provvedere al pagamento attraverso una delle<br \/>\nseguenti modalit\u00e0:<br \/>\n\uf0b7 utilizzo autonomo del link per il calcolo, raggiungibile dalla homepage del sito<br \/>\nInternet istituzionale alla voce \u201cIMU\u201d;<br \/>\n\uf0b7 richiesta a imu@comune.belluno.it dell&#8217;invio del modello F24 tramite posta<br \/>\nelettronica. Chi non disponesse di un indirizzo personale potr\u00e0 far scrivere da<br \/>\nuna persona di fiducia che dichiarer\u00e0 di essere stata delegata a questo.<br \/>\n\uf0b7 fissando un appuntamento tramite l\u2019agenda informatica \u201cSaldoIMU 2025\u201d, per<br \/>\nritirare il modello F24 stampato, in tempo utile per il pagamento nei termini<br \/>\nprevisti.<\/p>\n<p>Per informazioni \u00e8 possibile rivolgersi all&#8217;Ufficio Tributi al numero 0437 913426 il<br \/>\nmarted\u00ec e gioved\u00ec dalle 9.00 alle 12.00 e dalle 15.00 alle 17.00 e il venerd\u00ec dalle 9.00<br \/>\nalle 12.00, oppure allo Sportello dei Cittadini al numero 0437 913222, dal luned\u00ec<br \/>\nal venerd\u00ec, dalle 10 alle 12, e il gioved\u00ec anche dalle 15 alle 17.<\/p>","protected":false},"excerpt":{"rendered":"<p>Online link per il calcolo e la stampa del modello F24 Scadr\u00e0 marted\u00ec 16 dicembre il termine per il pagamento del saldo IMU 2025. Per l\u2019anno 2025 le aliquote sono state approvate con Delibera del Consiglio comunale numero 74 del 29\/11\/2024. Le principali cose da tenere in evidenza. Immobili a uso produttivo categoria D Come [&hellip;]<\/p>\n","protected":false},"author":2,"featured_media":141792,"comment_status":"closed","ping_status":"open","sticky":false,"template":"","format":"standard","meta":{"footnotes":""},"categories":[8],"tags":[],"class_list":["post-165102","post","type-post","status-publish","format-standard","has-post-thumbnail","category-societa-istituzioni"],"yoast_head":"<!-- This site is optimized with the Yoast SEO plugin v28.4 - https:\/\/yoast.com\/product\/yoast-seo-wordpress\/ -->\n<title>Scadenza 2a rata IMU 2025: marted\u00ec 16 dicembre 2025 - Bellunopress - Dolomiti<\/title>\n<meta name=\"robots\" content=\"index, follow, max-snippet:-1, max-image-preview:large, max-video-preview:-1\" \/>\n<link rel=\"canonical\" href=\"https:\/\/www.bellunopress.it\/fr\/2025\/11\/22\/scadenza-2a-rata-imu-2025-martedi-16-dicembre-2025\/\" \/>\n<meta property=\"og:locale\" content=\"fr_FR\" \/>\n<meta property=\"og:type\" content=\"article\" \/>\n<meta property=\"og:title\" content=\"Scadenza 2a rata IMU 2025: marted\u00ec 16 dicembre 2025 - Bellunopress - Dolomiti\" \/>\n<meta property=\"og:description\" content=\"Online link per il calcolo e la stampa del modello F24 Scadr\u00e0 marted\u00ec 16 dicembre il termine per il pagamento del saldo IMU 2025. Per l\u2019anno 2025 le aliquote sono state approvate con Delibera del Consiglio comunale numero 74 del 29\/11\/2024. Le principali cose da tenere in evidenza. Immobili a uso produttivo categoria D Come [&hellip;]\" \/>\n<meta property=\"og:url\" content=\"https:\/\/www.bellunopress.it\/fr\/2025\/11\/22\/scadenza-2a-rata-imu-2025-martedi-16-dicembre-2025\/\" \/>\n<meta property=\"og:site_name\" content=\"Bellunopress - Dolomiti\" \/>\n<meta property=\"article:publisher\" content=\"https:\/\/www.facebook.com\/profile.php?id=100008943462799\" \/>\n<meta property=\"article:published_time\" content=\"2025-11-22T12:39:20+00:00\" \/>\n<meta property=\"og:image\" content=\"https:\/\/www.bellunopress.it\/wp-content\/uploads\/2023\/05\/Comune-di-Belluno_edited.jpg\" \/>\n\t<meta property=\"og:image:width\" content=\"266\" \/>\n\t<meta property=\"og:image:height\" content=\"190\" \/>\n\t<meta property=\"og:image:type\" content=\"image\/jpeg\" \/>\n<meta name=\"author\" content=\"redazione\" \/>\n<meta name=\"twitter:card\" content=\"summary_large_image\" \/>\n<meta name=\"twitter:creator\" content=\"@bellunopress\" \/>\n<meta name=\"twitter:site\" content=\"@bellunopress\" \/>\n<meta name=\"twitter:label1\" content=\"Written by\" \/>\n\t<meta name=\"twitter:data1\" content=\"redazione\" \/>\n\t<meta name=\"twitter:label2\" content=\"Est. reading time\" \/>\n\t<meta name=\"twitter:data2\" content=\"2 minutes\" \/>\n<script type=\"application\/ld+json\" class=\"yoast-schema-graph\">{\"@context\":\"https:\\\/\\\/schema.org\",\"@graph\":[{\"@type\":\"Article\",\"@id\":\"https:\\\/\\\/www.bellunopress.it\\\/2025\\\/11\\\/22\\\/scadenza-2a-rata-imu-2025-martedi-16-dicembre-2025\\\/#article\",\"isPartOf\":{\"@id\":\"https:\\\/\\\/www.bellunopress.it\\\/2025\\\/11\\\/22\\\/scadenza-2a-rata-imu-2025-martedi-16-dicembre-2025\\\/\"},\"author\":{\"name\":\"redazione\",\"@id\":\"https:\\\/\\\/www.bellunopress.it\\\/#\\\/schema\\\/person\\\/79bb06722b37ece1c03d3e94beb30d73\"},\"headline\":\"Scadenza 2a rata IMU 2025: marted\u00ec 16 dicembre 2025\",\"datePublished\":\"2025-11-22T12:39:20+00:00\",\"mainEntityOfPage\":{\"@id\":\"https:\\\/\\\/www.bellunopress.it\\\/2025\\\/11\\\/22\\\/scadenza-2a-rata-imu-2025-martedi-16-dicembre-2025\\\/\"},\"wordCount\":458,\"publisher\":{\"@id\":\"https:\\\/\\\/www.bellunopress.it\\\/#organization\"},\"image\":{\"@id\":\"https:\\\/\\\/www.bellunopress.it\\\/2025\\\/11\\\/22\\\/scadenza-2a-rata-imu-2025-martedi-16-dicembre-2025\\\/#primaryimage\"},\"thumbnailUrl\":\"https:\\\/\\\/www.bellunopress.it\\\/wp-content\\\/uploads\\\/2023\\\/05\\\/Comune-di-Belluno_edited.jpg\",\"articleSection\":[\"Societ\u00e0, Associazioni, Istituzioni\"],\"inLanguage\":\"fr-FR\"},{\"@type\":\"WebPage\",\"@id\":\"https:\\\/\\\/www.bellunopress.it\\\/2025\\\/11\\\/22\\\/scadenza-2a-rata-imu-2025-martedi-16-dicembre-2025\\\/\",\"url\":\"https:\\\/\\\/www.bellunopress.it\\\/2025\\\/11\\\/22\\\/scadenza-2a-rata-imu-2025-martedi-16-dicembre-2025\\\/\",\"name\":\"Scadenza 2a rata IMU 2025: marted\u00ec 16 dicembre 2025 - Bellunopress - Dolomiti\",\"isPartOf\":{\"@id\":\"https:\\\/\\\/www.bellunopress.it\\\/#website\"},\"primaryImageOfPage\":{\"@id\":\"https:\\\/\\\/www.bellunopress.it\\\/2025\\\/11\\\/22\\\/scadenza-2a-rata-imu-2025-martedi-16-dicembre-2025\\\/#primaryimage\"},\"image\":{\"@id\":\"https:\\\/\\\/www.bellunopress.it\\\/2025\\\/11\\\/22\\\/scadenza-2a-rata-imu-2025-martedi-16-dicembre-2025\\\/#primaryimage\"},\"thumbnailUrl\":\"https:\\\/\\\/www.bellunopress.it\\\/wp-content\\\/uploads\\\/2023\\\/05\\\/Comune-di-Belluno_edited.jpg\",\"datePublished\":\"2025-11-22T12:39:20+00:00\",\"breadcrumb\":{\"@id\":\"https:\\\/\\\/www.bellunopress.it\\\/2025\\\/11\\\/22\\\/scadenza-2a-rata-imu-2025-martedi-16-dicembre-2025\\\/#breadcrumb\"},\"inLanguage\":\"fr-FR\",\"potentialAction\":[{\"@type\":\"ReadAction\",\"target\":[\"https:\\\/\\\/www.bellunopress.it\\\/2025\\\/11\\\/22\\\/scadenza-2a-rata-imu-2025-martedi-16-dicembre-2025\\\/\"]}]},{\"@type\":\"ImageObject\",\"inLanguage\":\"fr-FR\",\"@id\":\"https:\\\/\\\/www.bellunopress.it\\\/2025\\\/11\\\/22\\\/scadenza-2a-rata-imu-2025-martedi-16-dicembre-2025\\\/#primaryimage\",\"url\":\"https:\\\/\\\/www.bellunopress.it\\\/wp-content\\\/uploads\\\/2023\\\/05\\\/Comune-di-Belluno_edited.jpg\",\"contentUrl\":\"https:\\\/\\\/www.bellunopress.it\\\/wp-content\\\/uploads\\\/2023\\\/05\\\/Comune-di-Belluno_edited.jpg\",\"width\":266,\"height\":190},{\"@type\":\"BreadcrumbList\",\"@id\":\"https:\\\/\\\/www.bellunopress.it\\\/2025\\\/11\\\/22\\\/scadenza-2a-rata-imu-2025-martedi-16-dicembre-2025\\\/#breadcrumb\",\"itemListElement\":[{\"@type\":\"ListItem\",\"position\":1,\"name\":\"Home\",\"item\":\"https:\\\/\\\/www.bellunopress.it\\\/\"},{\"@type\":\"ListItem\",\"position\":2,\"name\":\"Scadenza 2a rata IMU 2025: marted\u00ec 16 dicembre 2025\"}]},{\"@type\":\"WebSite\",\"@id\":\"https:\\\/\\\/www.bellunopress.it\\\/#website\",\"url\":\"https:\\\/\\\/www.bellunopress.it\\\/\",\"name\":\"Bellunopress - Dolomiti\",\"description\":\"e-mail: redazione@bellunopress.it\",\"publisher\":{\"@id\":\"https:\\\/\\\/www.bellunopress.it\\\/#organization\"},\"potentialAction\":[{\"@type\":\"SearchAction\",\"target\":{\"@type\":\"EntryPoint\",\"urlTemplate\":\"https:\\\/\\\/www.bellunopress.it\\\/?s={search_term_string}\"},\"query-input\":{\"@type\":\"PropertyValueSpecification\",\"valueRequired\":true,\"valueName\":\"search_term_string\"}}],\"inLanguage\":\"fr-FR\"},{\"@type\":\"Organization\",\"@id\":\"https:\\\/\\\/www.bellunopress.it\\\/#organization\",\"name\":\"Bellunopress\",\"url\":\"https:\\\/\\\/www.bellunopress.it\\\/\",\"logo\":{\"@type\":\"ImageObject\",\"inLanguage\":\"fr-FR\",\"@id\":\"https:\\\/\\\/www.bellunopress.it\\\/#\\\/schema\\\/logo\\\/image\\\/\",\"url\":\"https:\\\/\\\/www.bellunopress.it\\\/wp-content\\\/uploads\\\/2011\\\/05\\\/cropped-logo-bellunopress-.jpg\",\"contentUrl\":\"https:\\\/\\\/www.bellunopress.it\\\/wp-content\\\/uploads\\\/2011\\\/05\\\/cropped-logo-bellunopress-.jpg\",\"width\":512,\"height\":512,\"caption\":\"Bellunopress\"},\"image\":{\"@id\":\"https:\\\/\\\/www.bellunopress.it\\\/#\\\/schema\\\/logo\\\/image\\\/\"},\"sameAs\":[\"https:\\\/\\\/www.facebook.com\\\/profile.php?id=100008943462799\",\"https:\\\/\\\/x.com\\\/bellunopress\",\"https:\\\/\\\/www.linkedin.com\\\/hp\\\/?dnr=JBzUWaJfMUw8vbXJJ2tVW5-I3jZKvC4wsoxE&amp;amp;amp;amp;amp;amp;trk=nav_responsive_tab_home\",\"https:\\\/\\\/www.youtube.com\\\/channel\\\/UCxL0wu1uN0_3_7hGG0306cw\"]},{\"@type\":\"Person\",\"@id\":\"https:\\\/\\\/www.bellunopress.it\\\/#\\\/schema\\\/person\\\/79bb06722b37ece1c03d3e94beb30d73\",\"name\":\"redazione\",\"image\":{\"@type\":\"ImageObject\",\"inLanguage\":\"fr-FR\",\"@id\":\"https:\\\/\\\/secure.gravatar.com\\\/avatar\\\/37d968a2e67a6fd04c169c4bdef102d0bc5d31b2546345219e348575eb80e9a0?s=96&d=mm&r=g\",\"url\":\"https:\\\/\\\/secure.gravatar.com\\\/avatar\\\/37d968a2e67a6fd04c169c4bdef102d0bc5d31b2546345219e348575eb80e9a0?s=96&d=mm&r=g\",\"contentUrl\":\"https:\\\/\\\/secure.gravatar.com\\\/avatar\\\/37d968a2e67a6fd04c169c4bdef102d0bc5d31b2546345219e348575eb80e9a0?s=96&d=mm&r=g\",\"caption\":\"redazione\"},\"sameAs\":[\"http:\\\/\\\/www.bellunopress.it\",\"https:\\\/\\\/x.com\\\/bellunopress\"],\"url\":\"https:\\\/\\\/www.bellunopress.it\\\/fr\\\/author\\\/redazione\\\/\"}]}<\/script>\n<!-- \/ Yoast SEO plugin. -->","yoast_head_json":{"title":"Scadenza 2a rata IMU 2025: marted\u00ec 16 dicembre 2025 - Bellunopress - Dolomiti","robots":{"index":"index","follow":"follow","max-snippet":"max-snippet:-1","max-image-preview":"max-image-preview:large","max-video-preview":"max-video-preview:-1"},"canonical":"https:\/\/www.bellunopress.it\/fr\/2025\/11\/22\/scadenza-2a-rata-imu-2025-martedi-16-dicembre-2025\/","og_locale":"fr_FR","og_type":"article","og_title":"Scadenza 2a rata IMU 2025: marted\u00ec 16 dicembre 2025 - Bellunopress - Dolomiti","og_description":"Online link per il calcolo e la stampa del modello F24 Scadr\u00e0 marted\u00ec 16 dicembre il termine per il pagamento del saldo IMU 2025. Per l\u2019anno 2025 le aliquote sono state approvate con Delibera del Consiglio comunale numero 74 del 29\/11\/2024. Le principali cose da tenere in evidenza. Immobili a uso produttivo categoria D Come [&hellip;]","og_url":"https:\/\/www.bellunopress.it\/fr\/2025\/11\/22\/scadenza-2a-rata-imu-2025-martedi-16-dicembre-2025\/","og_site_name":"Bellunopress - Dolomiti","article_publisher":"https:\/\/www.facebook.com\/profile.php?id=100008943462799","article_published_time":"2025-11-22T12:39:20+00:00","og_image":[{"width":266,"height":190,"url":"https:\/\/www.bellunopress.it\/wp-content\/uploads\/2023\/05\/Comune-di-Belluno_edited.jpg","type":"image\/jpeg"}],"author":"redazione","twitter_card":"summary_large_image","twitter_creator":"@bellunopress","twitter_site":"@bellunopress","twitter_misc":{"Written by":"redazione","Est. reading time":"2 minutes"},"schema":{"@context":"https:\/\/schema.org","@graph":[{"@type":"Article","@id":"https:\/\/www.bellunopress.it\/2025\/11\/22\/scadenza-2a-rata-imu-2025-martedi-16-dicembre-2025\/#article","isPartOf":{"@id":"https:\/\/www.bellunopress.it\/2025\/11\/22\/scadenza-2a-rata-imu-2025-martedi-16-dicembre-2025\/"},"author":{"name":"redazione","@id":"https:\/\/www.bellunopress.it\/#\/schema\/person\/79bb06722b37ece1c03d3e94beb30d73"},"headline":"Scadenza 2a rata IMU 2025: marted\u00ec 16 dicembre 2025","datePublished":"2025-11-22T12:39:20+00:00","mainEntityOfPage":{"@id":"https:\/\/www.bellunopress.it\/2025\/11\/22\/scadenza-2a-rata-imu-2025-martedi-16-dicembre-2025\/"},"wordCount":458,"publisher":{"@id":"https:\/\/www.bellunopress.it\/#organization"},"image":{"@id":"https:\/\/www.bellunopress.it\/2025\/11\/22\/scadenza-2a-rata-imu-2025-martedi-16-dicembre-2025\/#primaryimage"},"thumbnailUrl":"https:\/\/www.bellunopress.it\/wp-content\/uploads\/2023\/05\/Comune-di-Belluno_edited.jpg","articleSection":["Societ\u00e0, Associazioni, Istituzioni"],"inLanguage":"fr-FR"},{"@type":"WebPage","@id":"https:\/\/www.bellunopress.it\/2025\/11\/22\/scadenza-2a-rata-imu-2025-martedi-16-dicembre-2025\/","url":"https:\/\/www.bellunopress.it\/2025\/11\/22\/scadenza-2a-rata-imu-2025-martedi-16-dicembre-2025\/","name":"Scadenza 2a rata IMU 2025: marted\u00ec 16 dicembre 2025 - Bellunopress - Dolomiti","isPartOf":{"@id":"https:\/\/www.bellunopress.it\/#website"},"primaryImageOfPage":{"@id":"https:\/\/www.bellunopress.it\/2025\/11\/22\/scadenza-2a-rata-imu-2025-martedi-16-dicembre-2025\/#primaryimage"},"image":{"@id":"https:\/\/www.bellunopress.it\/2025\/11\/22\/scadenza-2a-rata-imu-2025-martedi-16-dicembre-2025\/#primaryimage"},"thumbnailUrl":"https:\/\/www.bellunopress.it\/wp-content\/uploads\/2023\/05\/Comune-di-Belluno_edited.jpg","datePublished":"2025-11-22T12:39:20+00:00","breadcrumb":{"@id":"https:\/\/www.bellunopress.it\/2025\/11\/22\/scadenza-2a-rata-imu-2025-martedi-16-dicembre-2025\/#breadcrumb"},"inLanguage":"fr-FR","potentialAction":[{"@type":"ReadAction","target":["https:\/\/www.bellunopress.it\/2025\/11\/22\/scadenza-2a-rata-imu-2025-martedi-16-dicembre-2025\/"]}]},{"@type":"ImageObject","inLanguage":"fr-FR","@id":"https:\/\/www.bellunopress.it\/2025\/11\/22\/scadenza-2a-rata-imu-2025-martedi-16-dicembre-2025\/#primaryimage","url":"https:\/\/www.bellunopress.it\/wp-content\/uploads\/2023\/05\/Comune-di-Belluno_edited.jpg","contentUrl":"https:\/\/www.bellunopress.it\/wp-content\/uploads\/2023\/05\/Comune-di-Belluno_edited.jpg","width":266,"height":190},{"@type":"BreadcrumbList","@id":"https:\/\/www.bellunopress.it\/2025\/11\/22\/scadenza-2a-rata-imu-2025-martedi-16-dicembre-2025\/#breadcrumb","itemListElement":[{"@type":"ListItem","position":1,"name":"Home","item":"https:\/\/www.bellunopress.it\/"},{"@type":"ListItem","position":2,"name":"Scadenza 2a rata IMU 2025: marted\u00ec 16 dicembre 2025"}]},{"@type":"WebSite","@id":"https:\/\/www.bellunopress.it\/#website","url":"https:\/\/www.bellunopress.it\/","name":"Bellunopress - Dolomiti","description":"e-mail: redazione@bellunopress.it","publisher":{"@id":"https:\/\/www.bellunopress.it\/#organization"},"potentialAction":[{"@type":"SearchAction","target":{"@type":"EntryPoint","urlTemplate":"https:\/\/www.bellunopress.it\/?s={search_term_string}"},"query-input":{"@type":"PropertyValueSpecification","valueRequired":true,"valueName":"search_term_string"}}],"inLanguage":"fr-FR"},{"@type":"Organization","@id":"https:\/\/www.bellunopress.it\/#organization","name":"Bellunopress","url":"https:\/\/www.bellunopress.it\/","logo":{"@type":"ImageObject","inLanguage":"fr-FR","@id":"https:\/\/www.bellunopress.it\/#\/schema\/logo\/image\/","url":"https:\/\/www.bellunopress.it\/wp-content\/uploads\/2011\/05\/cropped-logo-bellunopress-.jpg","contentUrl":"https:\/\/www.bellunopress.it\/wp-content\/uploads\/2011\/05\/cropped-logo-bellunopress-.jpg","width":512,"height":512,"caption":"Bellunopress"},"image":{"@id":"https:\/\/www.bellunopress.it\/#\/schema\/logo\/image\/"},"sameAs":["https:\/\/www.facebook.com\/profile.php?id=100008943462799","https:\/\/x.com\/bellunopress","https:\/\/www.linkedin.com\/hp\/?dnr=JBzUWaJfMUw8vbXJJ2tVW5-I3jZKvC4wsoxE&amp;amp;amp;amp;amp;amp;trk=nav_responsive_tab_home","https:\/\/www.youtube.com\/channel\/UCxL0wu1uN0_3_7hGG0306cw"]},{"@type":"Person","@id":"https:\/\/www.bellunopress.it\/#\/schema\/person\/79bb06722b37ece1c03d3e94beb30d73","name":"r\u00e9daction","image":{"@type":"ImageObject","inLanguage":"fr-FR","@id":"https:\/\/secure.gravatar.com\/avatar\/37d968a2e67a6fd04c169c4bdef102d0bc5d31b2546345219e348575eb80e9a0?s=96&d=mm&r=g","url":"https:\/\/secure.gravatar.com\/avatar\/37d968a2e67a6fd04c169c4bdef102d0bc5d31b2546345219e348575eb80e9a0?s=96&d=mm&r=g","contentUrl":"https:\/\/secure.gravatar.com\/avatar\/37d968a2e67a6fd04c169c4bdef102d0bc5d31b2546345219e348575eb80e9a0?s=96&d=mm&r=g","caption":"redazione"},"sameAs":["http:\/\/www.bellunopress.it","https:\/\/x.com\/bellunopress"],"url":"https:\/\/www.bellunopress.it\/fr\/author\/redazione\/"}]}},"_links":{"self":[{"href":"https:\/\/www.bellunopress.it\/fr\/wp-json\/wp\/v2\/posts\/165102","targetHints":{"allow":["GET"]}}],"collection":[{"href":"https:\/\/www.bellunopress.it\/fr\/wp-json\/wp\/v2\/posts"}],"about":[{"href":"https:\/\/www.bellunopress.it\/fr\/wp-json\/wp\/v2\/types\/post"}],"author":[{"embeddable":true,"href":"https:\/\/www.bellunopress.it\/fr\/wp-json\/wp\/v2\/users\/2"}],"replies":[{"embeddable":true,"href":"https:\/\/www.bellunopress.it\/fr\/wp-json\/wp\/v2\/comments?post=165102"}],"version-history":[{"count":1,"href":"https:\/\/www.bellunopress.it\/fr\/wp-json\/wp\/v2\/posts\/165102\/revisions"}],"predecessor-version":[{"id":165103,"href":"https:\/\/www.bellunopress.it\/fr\/wp-json\/wp\/v2\/posts\/165102\/revisions\/165103"}],"wp:featuredmedia":[{"embeddable":true,"href":"https:\/\/www.bellunopress.it\/fr\/wp-json\/wp\/v2\/media\/141792"}],"wp:attachment":[{"href":"https:\/\/www.bellunopress.it\/fr\/wp-json\/wp\/v2\/media?parent=165102"}],"wp:term":[{"taxonomy":"category","embeddable":true,"href":"https:\/\/www.bellunopress.it\/fr\/wp-json\/wp\/v2\/categories?post=165102"},{"taxonomy":"post_tag","embeddable":true,"href":"https:\/\/www.bellunopress.it\/fr\/wp-json\/wp\/v2\/tags?post=165102"}],"curies":[{"name":"wp","href":"https:\/\/api.w.org\/{rel}","templated":true}]}}