{"id":165089,"date":"2025-11-22T08:24:51","date_gmt":"2025-11-22T07:24:51","guid":{"rendered":"https:\/\/www.bellunopress.it\/?p=165089"},"modified":"2025-11-22T08:24:51","modified_gmt":"2025-11-22T07:24:51","slug":"agronomi-e-forestali-rinnovati-i-consigli-degli-ordini-professionali-del-veneto","status":"publish","type":"post","link":"https:\/\/www.bellunopress.it\/fr\/2025\/11\/22\/agronomi-e-forestali-rinnovati-i-consigli-degli-ordini-professionali-del-veneto\/","title":{"rendered":"Agronomi e Forestali: rinnovati i Consigli degli Ordini professionali del Veneto"},"content":{"rendered":"<figure id=\"attachment_165090\" aria-describedby=\"caption-attachment-165090\" style=\"width: 800px\" class=\"wp-caption aligncenter\"><img loading=\"lazy\" decoding=\"async\" class=\"size-full wp-image-165090\" src=\"https:\/\/www.bellunopress.it\/wp-content\/uploads\/2025\/11\/Nuovo-Consiglio-Ordine-Regionale-Agronomi-e-Forestali_edited.jpg\" alt=\"\" width=\"800\" height=\"405\" srcset=\"https:\/\/www.bellunopress.it\/wp-content\/uploads\/2025\/11\/Nuovo-Consiglio-Ordine-Regionale-Agronomi-e-Forestali_edited.jpg 800w, https:\/\/www.bellunopress.it\/wp-content\/uploads\/2025\/11\/Nuovo-Consiglio-Ordine-Regionale-Agronomi-e-Forestali_edited-500x253.jpg 500w, https:\/\/www.bellunopress.it\/wp-content\/uploads\/2025\/11\/Nuovo-Consiglio-Ordine-Regionale-Agronomi-e-Forestali_edited-696x352.jpg 696w\" sizes=\"auto, (max-width: 800px) 100vw, 800px\" \/><figcaption id=\"caption-attachment-165090\" class=\"wp-caption-text\">Nuovo Consiglio Ordine Regionale Agronomi e Forestali<\/figcaption><\/figure>\n<p data-path-to-node=\"3\"><b>Eletti i Presidenti in tutte le sette province, con una significativa presenza femminile. L\u2019obiettivo \u00e8 rafforzare il ruolo tecnico e scientifico della categoria di fronte alle sfide ambientali e agricole.<\/b><\/p>\n<p data-path-to-node=\"4\">Belluno, 22 novembre 2025 &#8211; Il Veneto ha rinnovato i vertici di tutti i Consigli degli Ordini dei Dottori Agronomi e dei Dottori Forestali. Le elezioni, tenutesi contemporaneamente in un inedito \u201cElection Day\u201d regionale, hanno coinvolto circa 1200 professionisti e professioniste nelle sette province, eleggendo una nuova squadra di consiglieri che guider\u00e0 la categoria per i prossimi quattro anni.<\/p>\n<p data-path-to-node=\"5\">\n<h3>Una nuova leadership con quote rosa<\/h3>\n<p data-path-to-node=\"6\">La tornata elettorale ha portato alla nomina dei nuovi Presidenti provinciali, con alcune conferme e importanti novit\u00e0.<\/p>\n<p data-path-to-node=\"7\">Renzo Trevisin \u00e8 stato riconfermato alla guida dell&#8217;Ordine di Treviso e mantiene l&#8217;incarico di Presidente della Federazione Regionale. Due figure femminili spiccano tra i nuovi vertici: Giulia Campagnolo \u00e8 la nuova Presidente a Vicenza, risultando una delle prime donne in regione a ricoprire questa carica, e Daria Maso \u00e8 stata eletta alla guida dell&#8217;Ordine di Venezia.<\/p>\n<p data-path-to-node=\"8\">Completano il quadro dei Presidenti:<\/p>\n<ul data-path-to-node=\"9\">\n<li>\n<p data-path-to-node=\"9,0,0\">Orazio Andrich (Belluno)<\/p>\n<\/li>\n<li>\n<p data-path-to-node=\"9,1,0\">Giuseppe Palleschi (Verona)<\/p>\n<\/li>\n<li>\n<p data-path-to-node=\"9,2,0\">Marco Martello (Padova)<\/p>\n<\/li>\n<li>\n<p data-path-to-node=\"9,3,0\">Giovanni Sartori (Rovigo)<\/p>\n<\/li>\n<\/ul>\n<p data-path-to-node=\"10\">\n<h3>Appello Nazionale per un Ruolo Sociale<\/h3>\n<p data-path-to-node=\"11\">Il rinnovo dei Consigli \u00e8 stato accolto con soddisfazione dal Presidente del Consiglio dell&#8217;Ordine Nazionale (CONAF), Mauro Uniformi, che ha ringraziato gli uscenti e augurato buon lavoro ai neoeletti.<\/p>\n<blockquote data-path-to-node=\"12\">\n<h3 style=\"text-align: left;\" data-path-to-node=\"12,0\"><i>&#8220;I presidenti e i consiglieri, nei prossimi quattro anni, dovranno confermare il ruolo sociale dei dottori agronomi e dei dottori forestali e saranno impegnati a elevare il livello qualitativo delle consulenze professionali,&#8221;<\/i> ha commentato Uniformi.<\/h3>\n<\/blockquote>\n<p data-path-to-node=\"13\">Il Presidente Nazionale ha anche sottolineato l\u2019esigenza di sostenere la categoria attraverso una riforma del sistema ordinistico che permetta di affrontare le evoluzioni del mondo del lavoro, della formazione e della tecnologia.<\/p>\n<p data-path-to-node=\"14\">\n<h3>Obiettivo: Coesione e Visione Inclusiva<\/h3>\n<p data-path-to-node=\"15\">La coesione e il lavoro sinergico sono tra gli obiettivi principali dei nuovi Ordini, che hanno dato un segnale forte gi\u00e0 con l&#8217;\u201cElection Day\u201d unitario. La forte partecipazione, con un significativo coinvolgimento delle giovani generazioni, ha confermato la volont\u00e0 della categoria di promuovere una visione inclusiva.<\/p>\n<p data-path-to-node=\"16\">L&#8217;obiettivo strategico per il prossimo quadriennio \u00e8 quello di posizionare i Dottori Agronomi e Forestali come punto di riferimento tecnico e scientifico per affrontare con competenza le cruciali sfide ambientali, agricole, forestali e paesaggistiche che interessano il territorio veneto.<\/p>\n<p data-path-to-node=\"18\">\n<h3><b>Le Nuove Squadre Provinciali (Presidenti e Vertici)<\/b><\/h3>\n<p>&nbsp;<\/p>\n<table data-path-to-node=\"19\">\n<thead>\n<tr>\n<td><strong>Provincia<\/strong><\/td>\n<td><strong>Presidente<\/strong><\/td>\n<td><strong>Vicepresidente<\/strong><\/td>\n<td><strong>Segretario<\/strong><\/td>\n<td><strong>Tesoriere<\/strong><\/td>\n<\/tr>\n<\/thead>\n<tbody>\n<tr>\n<td data-path-to-node=\"19,1,0,0\"><b>Belluno<\/b><\/td>\n<td data-path-to-node=\"19,1,1,0\"><b>Orazio Andrich<\/b><\/td>\n<td data-path-to-node=\"19,1,2,0\">Andrea Crepaz<\/td>\n<td data-path-to-node=\"19,1,3,0\">Angelo Troian<\/td>\n<td data-path-to-node=\"19,1,4,0\">Michele Salviato<\/td>\n<\/tr>\n<tr>\n<td data-path-to-node=\"19,2,0,0\"><b>Vicenza<\/b><\/td>\n<td data-path-to-node=\"19,2,1,0\"><b>Giulia Campagnolo<\/b><\/td>\n<td data-path-to-node=\"19,2,2,0\">Marco Grendele<\/td>\n<td data-path-to-node=\"19,2,3,0\">Matteo Gecchelin<\/td>\n<td data-path-to-node=\"19,2,4,0\">Caterino Loris Cortese<\/td>\n<\/tr>\n<tr>\n<td data-path-to-node=\"19,3,0,0\"><b>Treviso<\/b><\/td>\n<td data-path-to-node=\"19,3,1,0\"><b>Renzo Trevisin<\/b><\/td>\n<td data-path-to-node=\"19,3,2,0\">Andrea Ballarin<\/td>\n<td data-path-to-node=\"19,3,3,0\">Jacopo Corrente Cenedese<\/td>\n<td data-path-to-node=\"19,3,4,0\">Francesco Arrigoni<\/td>\n<\/tr>\n<tr>\n<td data-path-to-node=\"19,4,0,0\"><b>Verona<\/b><\/td>\n<td data-path-to-node=\"19,4,1,0\"><b>Giuseppe Palleschi<\/b><\/td>\n<td data-path-to-node=\"19,4,2,0\">Stefania Lanza<\/td>\n<td data-path-to-node=\"19,4,3,0\">Letizia Filippini<\/td>\n<td data-path-to-node=\"19,4,4,0\">Michele Formenti<\/td>\n<\/tr>\n<tr>\n<td data-path-to-node=\"19,5,0,0\"><b>Padova<\/b><\/td>\n<td data-path-to-node=\"19,5,1,0\"><b>Marco Martello<\/b><\/td>\n<td data-path-to-node=\"19,5,2,0\">Giulio Volpi<\/td>\n<td data-path-to-node=\"19,5,3,0\">Andrea Fasolo<\/td>\n<td data-path-to-node=\"19,5,4,0\">Francesco Spigolon<\/td>\n<\/tr>\n<tr>\n<td data-path-to-node=\"19,6,0,0\"><b>Rovigo<\/b><\/td>\n<td data-path-to-node=\"19,6,1,0\"><b>Giovanni Sartori<\/b><\/td>\n<td data-path-to-node=\"19,6,2,0\">Franco Brazzabeni<\/td>\n<td data-path-to-node=\"19,6,3,0\">Lisa Milan<\/td>\n<td data-path-to-node=\"19,6,4,0\">Silvia Masiero<\/td>\n<\/tr>\n<tr>\n<td data-path-to-node=\"19,7,0,0\"><b>Venezia<\/b><\/td>\n<td data-path-to-node=\"19,7,1,0\"><b>Daria Maso<\/b><\/td>\n<td data-path-to-node=\"19,7,2,0\">Paolo Perlasca<\/td>\n<td data-path-to-node=\"19,7,3,0\">Nicol\u00f2 Del Rizzo<\/td>\n<td data-path-to-node=\"19,7,4,0\">Edoardo Rigoni<\/td>\n<\/tr>\n<\/tbody>\n<\/table>","protected":false},"excerpt":{"rendered":"<p>Eletti i Presidenti in tutte le sette province, con una significativa presenza femminile. L\u2019obiettivo \u00e8 rafforzare il ruolo tecnico e scientifico della categoria di fronte alle sfide ambientali e agricole. Belluno, 22 novembre 2025 &#8211; Il Veneto ha rinnovato i vertici di tutti i Consigli degli Ordini dei Dottori Agronomi e dei Dottori Forestali. Le [&hellip;]<\/p>\n","protected":false},"author":2,"featured_media":165090,"comment_status":"closed","ping_status":"open","sticky":false,"template":"","format":"standard","meta":{"footnotes":""},"categories":[26,8],"tags":[],"class_list":["post-165089","post","type-post","status-publish","format-standard","has-post-thumbnail","category-prima-pagina","category-societa-istituzioni"],"yoast_head":"<!-- This site is optimized with the Yoast SEO plugin v28.4 - https:\/\/yoast.com\/product\/yoast-seo-wordpress\/ -->\n<title>Agronomi e Forestali: rinnovati i Consigli degli Ordini professionali del Veneto - Bellunopress - Dolomiti<\/title>\n<meta name=\"robots\" content=\"index, follow, max-snippet:-1, max-image-preview:large, max-video-preview:-1\" \/>\n<link rel=\"canonical\" href=\"https:\/\/www.bellunopress.it\/fr\/2025\/11\/22\/agronomi-e-forestali-rinnovati-i-consigli-degli-ordini-professionali-del-veneto\/\" \/>\n<meta property=\"og:locale\" content=\"fr_FR\" \/>\n<meta property=\"og:type\" content=\"article\" \/>\n<meta property=\"og:title\" content=\"Agronomi e Forestali: rinnovati i Consigli degli Ordini professionali del Veneto - Bellunopress - Dolomiti\" \/>\n<meta property=\"og:description\" content=\"Eletti i Presidenti in tutte le sette province, con una significativa presenza femminile. L\u2019obiettivo \u00e8 rafforzare il ruolo tecnico e scientifico della categoria di fronte alle sfide ambientali e agricole. Belluno, 22 novembre 2025 &#8211; Il Veneto ha rinnovato i vertici di tutti i Consigli degli Ordini dei Dottori Agronomi e dei Dottori Forestali. Le [&hellip;]\" \/>\n<meta property=\"og:url\" content=\"https:\/\/www.bellunopress.it\/fr\/2025\/11\/22\/agronomi-e-forestali-rinnovati-i-consigli-degli-ordini-professionali-del-veneto\/\" \/>\n<meta property=\"og:site_name\" content=\"Bellunopress - Dolomiti\" \/>\n<meta property=\"article:publisher\" content=\"https:\/\/www.facebook.com\/profile.php?id=100008943462799\" \/>\n<meta property=\"article:published_time\" content=\"2025-11-22T07:24:51+00:00\" \/>\n<meta property=\"og:image\" content=\"https:\/\/www.bellunopress.it\/wp-content\/uploads\/2025\/11\/Nuovo-Consiglio-Ordine-Regionale-Agronomi-e-Forestali_edited.jpg\" \/>\n\t<meta property=\"og:image:width\" content=\"800\" \/>\n\t<meta property=\"og:image:height\" content=\"405\" \/>\n\t<meta property=\"og:image:type\" content=\"image\/jpeg\" \/>\n<meta name=\"author\" content=\"redazione\" \/>\n<meta name=\"twitter:card\" content=\"summary_large_image\" \/>\n<meta name=\"twitter:creator\" content=\"@bellunopress\" \/>\n<meta name=\"twitter:site\" content=\"@bellunopress\" \/>\n<meta name=\"twitter:label1\" content=\"\u00c9crit par\" \/>\n\t<meta name=\"twitter:data1\" content=\"redazione\" \/>\n\t<meta name=\"twitter:label2\" content=\"Dur\u00e9e de lecture estim\u00e9e\" \/>\n\t<meta name=\"twitter:data2\" content=\"2 minutes\" \/>\n<script type=\"application\/ld+json\" class=\"yoast-schema-graph\">{\"@context\":\"https:\\\/\\\/schema.org\",\"@graph\":[{\"@type\":\"Article\",\"@id\":\"https:\\\/\\\/www.bellunopress.it\\\/2025\\\/11\\\/22\\\/agronomi-e-forestali-rinnovati-i-consigli-degli-ordini-professionali-del-veneto\\\/#article\",\"isPartOf\":{\"@id\":\"https:\\\/\\\/www.bellunopress.it\\\/2025\\\/11\\\/22\\\/agronomi-e-forestali-rinnovati-i-consigli-degli-ordini-professionali-del-veneto\\\/\"},\"author\":{\"name\":\"redazione\",\"@id\":\"https:\\\/\\\/www.bellunopress.it\\\/#\\\/schema\\\/person\\\/79bb06722b37ece1c03d3e94beb30d73\"},\"headline\":\"Agronomi e Forestali: rinnovati i Consigli degli Ordini professionali del Veneto\",\"datePublished\":\"2025-11-22T07:24:51+00:00\",\"mainEntityOfPage\":{\"@id\":\"https:\\\/\\\/www.bellunopress.it\\\/2025\\\/11\\\/22\\\/agronomi-e-forestali-rinnovati-i-consigli-degli-ordini-professionali-del-veneto\\\/\"},\"wordCount\":480,\"publisher\":{\"@id\":\"https:\\\/\\\/www.bellunopress.it\\\/#organization\"},\"image\":{\"@id\":\"https:\\\/\\\/www.bellunopress.it\\\/2025\\\/11\\\/22\\\/agronomi-e-forestali-rinnovati-i-consigli-degli-ordini-professionali-del-veneto\\\/#primaryimage\"},\"thumbnailUrl\":\"https:\\\/\\\/www.bellunopress.it\\\/wp-content\\\/uploads\\\/2025\\\/11\\\/Nuovo-Consiglio-Ordine-Regionale-Agronomi-e-Forestali_edited.jpg\",\"articleSection\":[\"Prima Pagina\",\"Societ\u00e0, Associazioni, Istituzioni\"],\"inLanguage\":\"fr-FR\"},{\"@type\":\"WebPage\",\"@id\":\"https:\\\/\\\/www.bellunopress.it\\\/2025\\\/11\\\/22\\\/agronomi-e-forestali-rinnovati-i-consigli-degli-ordini-professionali-del-veneto\\\/\",\"url\":\"https:\\\/\\\/www.bellunopress.it\\\/2025\\\/11\\\/22\\\/agronomi-e-forestali-rinnovati-i-consigli-degli-ordini-professionali-del-veneto\\\/\",\"name\":\"Agronomi e Forestali: rinnovati i Consigli degli Ordini professionali del Veneto - Bellunopress - Dolomiti\",\"isPartOf\":{\"@id\":\"https:\\\/\\\/www.bellunopress.it\\\/#website\"},\"primaryImageOfPage\":{\"@id\":\"https:\\\/\\\/www.bellunopress.it\\\/2025\\\/11\\\/22\\\/agronomi-e-forestali-rinnovati-i-consigli-degli-ordini-professionali-del-veneto\\\/#primaryimage\"},\"image\":{\"@id\":\"https:\\\/\\\/www.bellunopress.it\\\/2025\\\/11\\\/22\\\/agronomi-e-forestali-rinnovati-i-consigli-degli-ordini-professionali-del-veneto\\\/#primaryimage\"},\"thumbnailUrl\":\"https:\\\/\\\/www.bellunopress.it\\\/wp-content\\\/uploads\\\/2025\\\/11\\\/Nuovo-Consiglio-Ordine-Regionale-Agronomi-e-Forestali_edited.jpg\",\"datePublished\":\"2025-11-22T07:24:51+00:00\",\"breadcrumb\":{\"@id\":\"https:\\\/\\\/www.bellunopress.it\\\/2025\\\/11\\\/22\\\/agronomi-e-forestali-rinnovati-i-consigli-degli-ordini-professionali-del-veneto\\\/#breadcrumb\"},\"inLanguage\":\"fr-FR\",\"potentialAction\":[{\"@type\":\"ReadAction\",\"target\":[\"https:\\\/\\\/www.bellunopress.it\\\/2025\\\/11\\\/22\\\/agronomi-e-forestali-rinnovati-i-consigli-degli-ordini-professionali-del-veneto\\\/\"]}]},{\"@type\":\"ImageObject\",\"inLanguage\":\"fr-FR\",\"@id\":\"https:\\\/\\\/www.bellunopress.it\\\/2025\\\/11\\\/22\\\/agronomi-e-forestali-rinnovati-i-consigli-degli-ordini-professionali-del-veneto\\\/#primaryimage\",\"url\":\"https:\\\/\\\/www.bellunopress.it\\\/wp-content\\\/uploads\\\/2025\\\/11\\\/Nuovo-Consiglio-Ordine-Regionale-Agronomi-e-Forestali_edited.jpg\",\"contentUrl\":\"https:\\\/\\\/www.bellunopress.it\\\/wp-content\\\/uploads\\\/2025\\\/11\\\/Nuovo-Consiglio-Ordine-Regionale-Agronomi-e-Forestali_edited.jpg\",\"width\":800,\"height\":405,\"caption\":\"Nuovo Consiglio Ordine Regionale Agronomi e Forestali\"},{\"@type\":\"BreadcrumbList\",\"@id\":\"https:\\\/\\\/www.bellunopress.it\\\/2025\\\/11\\\/22\\\/agronomi-e-forestali-rinnovati-i-consigli-degli-ordini-professionali-del-veneto\\\/#breadcrumb\",\"itemListElement\":[{\"@type\":\"ListItem\",\"position\":1,\"name\":\"Home\",\"item\":\"https:\\\/\\\/www.bellunopress.it\\\/\"},{\"@type\":\"ListItem\",\"position\":2,\"name\":\"Agronomi e Forestali: rinnovati i Consigli degli Ordini professionali del Veneto\"}]},{\"@type\":\"WebSite\",\"@id\":\"https:\\\/\\\/www.bellunopress.it\\\/#website\",\"url\":\"https:\\\/\\\/www.bellunopress.it\\\/\",\"name\":\"Bellunopress - Dolomiti\",\"description\":\"e-mail: redazione@bellunopress.it\",\"publisher\":{\"@id\":\"https:\\\/\\\/www.bellunopress.it\\\/#organization\"},\"potentialAction\":[{\"@type\":\"SearchAction\",\"target\":{\"@type\":\"EntryPoint\",\"urlTemplate\":\"https:\\\/\\\/www.bellunopress.it\\\/?s={search_term_string}\"},\"query-input\":{\"@type\":\"PropertyValueSpecification\",\"valueRequired\":true,\"valueName\":\"search_term_string\"}}],\"inLanguage\":\"fr-FR\"},{\"@type\":\"Organization\",\"@id\":\"https:\\\/\\\/www.bellunopress.it\\\/#organization\",\"name\":\"Bellunopress\",\"url\":\"https:\\\/\\\/www.bellunopress.it\\\/\",\"logo\":{\"@type\":\"ImageObject\",\"inLanguage\":\"fr-FR\",\"@id\":\"https:\\\/\\\/www.bellunopress.it\\\/#\\\/schema\\\/logo\\\/image\\\/\",\"url\":\"https:\\\/\\\/www.bellunopress.it\\\/wp-content\\\/uploads\\\/2011\\\/05\\\/cropped-logo-bellunopress-.jpg\",\"contentUrl\":\"https:\\\/\\\/www.bellunopress.it\\\/wp-content\\\/uploads\\\/2011\\\/05\\\/cropped-logo-bellunopress-.jpg\",\"width\":512,\"height\":512,\"caption\":\"Bellunopress\"},\"image\":{\"@id\":\"https:\\\/\\\/www.bellunopress.it\\\/#\\\/schema\\\/logo\\\/image\\\/\"},\"sameAs\":[\"https:\\\/\\\/www.facebook.com\\\/profile.php?id=100008943462799\",\"https:\\\/\\\/x.com\\\/bellunopress\",\"https:\\\/\\\/www.linkedin.com\\\/hp\\\/?dnr=JBzUWaJfMUw8vbXJJ2tVW5-I3jZKvC4wsoxE&amp;amp;amp;amp;amp;amp;trk=nav_responsive_tab_home\",\"https:\\\/\\\/www.youtube.com\\\/channel\\\/UCxL0wu1uN0_3_7hGG0306cw\"]},{\"@type\":\"Person\",\"@id\":\"https:\\\/\\\/www.bellunopress.it\\\/#\\\/schema\\\/person\\\/79bb06722b37ece1c03d3e94beb30d73\",\"name\":\"redazione\",\"image\":{\"@type\":\"ImageObject\",\"inLanguage\":\"fr-FR\",\"@id\":\"https:\\\/\\\/secure.gravatar.com\\\/avatar\\\/37d968a2e67a6fd04c169c4bdef102d0bc5d31b2546345219e348575eb80e9a0?s=96&d=mm&r=g\",\"url\":\"https:\\\/\\\/secure.gravatar.com\\\/avatar\\\/37d968a2e67a6fd04c169c4bdef102d0bc5d31b2546345219e348575eb80e9a0?s=96&d=mm&r=g\",\"contentUrl\":\"https:\\\/\\\/secure.gravatar.com\\\/avatar\\\/37d968a2e67a6fd04c169c4bdef102d0bc5d31b2546345219e348575eb80e9a0?s=96&d=mm&r=g\",\"caption\":\"redazione\"},\"sameAs\":[\"http:\\\/\\\/www.bellunopress.it\",\"https:\\\/\\\/x.com\\\/bellunopress\"],\"url\":\"https:\\\/\\\/www.bellunopress.it\\\/fr\\\/author\\\/redazione\\\/\"}]}<\/script>\n<!-- \/ Yoast SEO plugin. -->","yoast_head_json":{"title":"Agronomi e Forestali: rinnovati i Consigli degli Ordini professionali del Veneto - Bellunopress - Dolomiti","robots":{"index":"index","follow":"follow","max-snippet":"max-snippet:-1","max-image-preview":"max-image-preview:large","max-video-preview":"max-video-preview:-1"},"canonical":"https:\/\/www.bellunopress.it\/fr\/2025\/11\/22\/agronomi-e-forestali-rinnovati-i-consigli-degli-ordini-professionali-del-veneto\/","og_locale":"fr_FR","og_type":"article","og_title":"Agronomi e Forestali: rinnovati i Consigli degli Ordini professionali del Veneto - Bellunopress - Dolomiti","og_description":"Eletti i Presidenti in tutte le sette province, con una significativa presenza femminile. L\u2019obiettivo \u00e8 rafforzare il ruolo tecnico e scientifico della categoria di fronte alle sfide ambientali e agricole. Belluno, 22 novembre 2025 &#8211; Il Veneto ha rinnovato i vertici di tutti i Consigli degli Ordini dei Dottori Agronomi e dei Dottori Forestali. Le [&hellip;]","og_url":"https:\/\/www.bellunopress.it\/fr\/2025\/11\/22\/agronomi-e-forestali-rinnovati-i-consigli-degli-ordini-professionali-del-veneto\/","og_site_name":"Bellunopress - Dolomiti","article_publisher":"https:\/\/www.facebook.com\/profile.php?id=100008943462799","article_published_time":"2025-11-22T07:24:51+00:00","og_image":[{"width":800,"height":405,"url":"https:\/\/www.bellunopress.it\/wp-content\/uploads\/2025\/11\/Nuovo-Consiglio-Ordine-Regionale-Agronomi-e-Forestali_edited.jpg","type":"image\/jpeg"}],"author":"redazione","twitter_card":"summary_large_image","twitter_creator":"@bellunopress","twitter_site":"@bellunopress","twitter_misc":{"\u00c9crit par":"redazione","Dur\u00e9e de lecture estim\u00e9e":"2 minutes"},"schema":{"@context":"https:\/\/schema.org","@graph":[{"@type":"Article","@id":"https:\/\/www.bellunopress.it\/2025\/11\/22\/agronomi-e-forestali-rinnovati-i-consigli-degli-ordini-professionali-del-veneto\/#article","isPartOf":{"@id":"https:\/\/www.bellunopress.it\/2025\/11\/22\/agronomi-e-forestali-rinnovati-i-consigli-degli-ordini-professionali-del-veneto\/"},"author":{"name":"redazione","@id":"https:\/\/www.bellunopress.it\/#\/schema\/person\/79bb06722b37ece1c03d3e94beb30d73"},"headline":"Agronomi e Forestali: rinnovati i Consigli degli Ordini professionali del Veneto","datePublished":"2025-11-22T07:24:51+00:00","mainEntityOfPage":{"@id":"https:\/\/www.bellunopress.it\/2025\/11\/22\/agronomi-e-forestali-rinnovati-i-consigli-degli-ordini-professionali-del-veneto\/"},"wordCount":480,"publisher":{"@id":"https:\/\/www.bellunopress.it\/#organization"},"image":{"@id":"https:\/\/www.bellunopress.it\/2025\/11\/22\/agronomi-e-forestali-rinnovati-i-consigli-degli-ordini-professionali-del-veneto\/#primaryimage"},"thumbnailUrl":"https:\/\/www.bellunopress.it\/wp-content\/uploads\/2025\/11\/Nuovo-Consiglio-Ordine-Regionale-Agronomi-e-Forestali_edited.jpg","articleSection":["Prima Pagina","Societ\u00e0, Associazioni, Istituzioni"],"inLanguage":"fr-FR"},{"@type":"WebPage","@id":"https:\/\/www.bellunopress.it\/2025\/11\/22\/agronomi-e-forestali-rinnovati-i-consigli-degli-ordini-professionali-del-veneto\/","url":"https:\/\/www.bellunopress.it\/2025\/11\/22\/agronomi-e-forestali-rinnovati-i-consigli-degli-ordini-professionali-del-veneto\/","name":"Agronomi e Forestali: rinnovati i Consigli degli Ordini professionali del Veneto - Bellunopress - Dolomiti","isPartOf":{"@id":"https:\/\/www.bellunopress.it\/#website"},"primaryImageOfPage":{"@id":"https:\/\/www.bellunopress.it\/2025\/11\/22\/agronomi-e-forestali-rinnovati-i-consigli-degli-ordini-professionali-del-veneto\/#primaryimage"},"image":{"@id":"https:\/\/www.bellunopress.it\/2025\/11\/22\/agronomi-e-forestali-rinnovati-i-consigli-degli-ordini-professionali-del-veneto\/#primaryimage"},"thumbnailUrl":"https:\/\/www.bellunopress.it\/wp-content\/uploads\/2025\/11\/Nuovo-Consiglio-Ordine-Regionale-Agronomi-e-Forestali_edited.jpg","datePublished":"2025-11-22T07:24:51+00:00","breadcrumb":{"@id":"https:\/\/www.bellunopress.it\/2025\/11\/22\/agronomi-e-forestali-rinnovati-i-consigli-degli-ordini-professionali-del-veneto\/#breadcrumb"},"inLanguage":"fr-FR","potentialAction":[{"@type":"ReadAction","target":["https:\/\/www.bellunopress.it\/2025\/11\/22\/agronomi-e-forestali-rinnovati-i-consigli-degli-ordini-professionali-del-veneto\/"]}]},{"@type":"ImageObject","inLanguage":"fr-FR","@id":"https:\/\/www.bellunopress.it\/2025\/11\/22\/agronomi-e-forestali-rinnovati-i-consigli-degli-ordini-professionali-del-veneto\/#primaryimage","url":"https:\/\/www.bellunopress.it\/wp-content\/uploads\/2025\/11\/Nuovo-Consiglio-Ordine-Regionale-Agronomi-e-Forestali_edited.jpg","contentUrl":"https:\/\/www.bellunopress.it\/wp-content\/uploads\/2025\/11\/Nuovo-Consiglio-Ordine-Regionale-Agronomi-e-Forestali_edited.jpg","width":800,"height":405,"caption":"Nuovo Consiglio Ordine Regionale Agronomi e Forestali"},{"@type":"BreadcrumbList","@id":"https:\/\/www.bellunopress.it\/2025\/11\/22\/agronomi-e-forestali-rinnovati-i-consigli-degli-ordini-professionali-del-veneto\/#breadcrumb","itemListElement":[{"@type":"ListItem","position":1,"name":"Home","item":"https:\/\/www.bellunopress.it\/"},{"@type":"ListItem","position":2,"name":"Agronomi e Forestali: rinnovati i Consigli degli Ordini professionali del Veneto"}]},{"@type":"WebSite","@id":"https:\/\/www.bellunopress.it\/#website","url":"https:\/\/www.bellunopress.it\/","name":"Bellunopress - Dolomiti","description":"e-mail: redazione@bellunopress.it","publisher":{"@id":"https:\/\/www.bellunopress.it\/#organization"},"potentialAction":[{"@type":"SearchAction","target":{"@type":"EntryPoint","urlTemplate":"https:\/\/www.bellunopress.it\/?s={search_term_string}"},"query-input":{"@type":"PropertyValueSpecification","valueRequired":true,"valueName":"search_term_string"}}],"inLanguage":"fr-FR"},{"@type":"Organization","@id":"https:\/\/www.bellunopress.it\/#organization","name":"Bellunopress","url":"https:\/\/www.bellunopress.it\/","logo":{"@type":"ImageObject","inLanguage":"fr-FR","@id":"https:\/\/www.bellunopress.it\/#\/schema\/logo\/image\/","url":"https:\/\/www.bellunopress.it\/wp-content\/uploads\/2011\/05\/cropped-logo-bellunopress-.jpg","contentUrl":"https:\/\/www.bellunopress.it\/wp-content\/uploads\/2011\/05\/cropped-logo-bellunopress-.jpg","width":512,"height":512,"caption":"Bellunopress"},"image":{"@id":"https:\/\/www.bellunopress.it\/#\/schema\/logo\/image\/"},"sameAs":["https:\/\/www.facebook.com\/profile.php?id=100008943462799","https:\/\/x.com\/bellunopress","https:\/\/www.linkedin.com\/hp\/?dnr=JBzUWaJfMUw8vbXJJ2tVW5-I3jZKvC4wsoxE&amp;amp;amp;amp;amp;amp;trk=nav_responsive_tab_home","https:\/\/www.youtube.com\/channel\/UCxL0wu1uN0_3_7hGG0306cw"]},{"@type":"Person","@id":"https:\/\/www.bellunopress.it\/#\/schema\/person\/79bb06722b37ece1c03d3e94beb30d73","name":"r\u00e9daction","image":{"@type":"ImageObject","inLanguage":"fr-FR","@id":"https:\/\/secure.gravatar.com\/avatar\/37d968a2e67a6fd04c169c4bdef102d0bc5d31b2546345219e348575eb80e9a0?s=96&d=mm&r=g","url":"https:\/\/secure.gravatar.com\/avatar\/37d968a2e67a6fd04c169c4bdef102d0bc5d31b2546345219e348575eb80e9a0?s=96&d=mm&r=g","contentUrl":"https:\/\/secure.gravatar.com\/avatar\/37d968a2e67a6fd04c169c4bdef102d0bc5d31b2546345219e348575eb80e9a0?s=96&d=mm&r=g","caption":"redazione"},"sameAs":["http:\/\/www.bellunopress.it","https:\/\/x.com\/bellunopress"],"url":"https:\/\/www.bellunopress.it\/fr\/author\/redazione\/"}]}},"_links":{"self":[{"href":"https:\/\/www.bellunopress.it\/fr\/wp-json\/wp\/v2\/posts\/165089","targetHints":{"allow":["GET"]}}],"collection":[{"href":"https:\/\/www.bellunopress.it\/fr\/wp-json\/wp\/v2\/posts"}],"about":[{"href":"https:\/\/www.bellunopress.it\/fr\/wp-json\/wp\/v2\/types\/post"}],"author":[{"embeddable":true,"href":"https:\/\/www.bellunopress.it\/fr\/wp-json\/wp\/v2\/users\/2"}],"replies":[{"embeddable":true,"href":"https:\/\/www.bellunopress.it\/fr\/wp-json\/wp\/v2\/comments?post=165089"}],"version-history":[{"count":1,"href":"https:\/\/www.bellunopress.it\/fr\/wp-json\/wp\/v2\/posts\/165089\/revisions"}],"predecessor-version":[{"id":165091,"href":"https:\/\/www.bellunopress.it\/fr\/wp-json\/wp\/v2\/posts\/165089\/revisions\/165091"}],"wp:featuredmedia":[{"embeddable":true,"href":"https:\/\/www.bellunopress.it\/fr\/wp-json\/wp\/v2\/media\/165090"}],"wp:attachment":[{"href":"https:\/\/www.bellunopress.it\/fr\/wp-json\/wp\/v2\/media?parent=165089"}],"wp:term":[{"taxonomy":"category","embeddable":true,"href":"https:\/\/www.bellunopress.it\/fr\/wp-json\/wp\/v2\/categories?post=165089"},{"taxonomy":"post_tag","embeddable":true,"href":"https:\/\/www.bellunopress.it\/fr\/wp-json\/wp\/v2\/tags?post=165089"}],"curies":[{"name":"wp","href":"https:\/\/api.w.org\/{rel}","templated":true}]}}