{"id":165083,"date":"2025-11-21T18:02:41","date_gmt":"2025-11-21T17:02:41","guid":{"rendered":"https:\/\/www.bellunopress.it\/?p=165083"},"modified":"2025-11-21T18:02:41","modified_gmt":"2025-11-21T17:02:41","slug":"ex-caserma-fantuzzi-28-anni-di-attesa-belluno-attende-ancora-la-cittadella-della-sicurezza","status":"publish","type":"post","link":"https:\/\/www.bellunopress.it\/fr\/2025\/11\/21\/ex-caserma-fantuzzi-28-anni-di-attesa-belluno-attende-ancora-la-cittadella-della-sicurezza\/","title":{"rendered":"Ex Caserma Fantuzzi, 28 anni di attesa: Belluno attende ancora la &#8220;Cittadella della Sicurezza&#8221;"},"content":{"rendered":"<figure id=\"attachment_115107\" aria-describedby=\"caption-attachment-115107\" style=\"width: 800px\" class=\"wp-caption aligncenter\"><img loading=\"lazy\" decoding=\"async\" class=\"size-full wp-image-115107\" src=\"https:\/\/www.bellunopress.it\/wp-content\/uploads\/2020\/06\/Caserma-Fantuzzi_edited.jpg\" alt=\"\" width=\"800\" height=\"569\" srcset=\"https:\/\/www.bellunopress.it\/wp-content\/uploads\/2020\/06\/Caserma-Fantuzzi_edited.jpg 800w, https:\/\/www.bellunopress.it\/wp-content\/uploads\/2020\/06\/Caserma-Fantuzzi_edited-500x356.jpg 500w, https:\/\/www.bellunopress.it\/wp-content\/uploads\/2020\/06\/Caserma-Fantuzzi_edited-696x495.jpg 696w, https:\/\/www.bellunopress.it\/wp-content\/uploads\/2020\/06\/Caserma-Fantuzzi_edited-591x420.jpg 591w, https:\/\/www.bellunopress.it\/wp-content\/uploads\/2020\/06\/Caserma-Fantuzzi_edited-100x70.jpg 100w\" sizes=\"auto, (max-width: 800px) 100vw, 800px\" \/><figcaption id=\"caption-attachment-115107\" class=\"wp-caption-text\">Ex caserma Fantuzzi &#8211; Belluno<\/figcaption><\/figure>\n<p><strong>A quasi tre decenni dallo scioglimento della Brigata Alpina Cadore, la storica sede resta un simbolo di inerzia burocratica. Nonostante i finanziamenti e la conferma nel Piano Demanio, i lavori per la nuova Questura procedono a rilento, con l&#8217;obiettivo 2028 sotto esame<\/strong><\/p>\n<p>Belluno, 21 novembre 2025 &#8211;\u00a0 La Caserma &#8220;Giuseppe Fantuzzi&#8221; (1886-1997), un tempo fiore all\u2019occhiello della Brigata Alpina Cadore e considerata la pi\u00f9 bella struttura militare della provincia, giace nel cuore di Belluno come un monumento all\u2019abbandono burocratico. Dal 31 gennaio 1997, giorno dello scioglimento della Brigata, sono trascorsi 28 anni in cui la struttura, censita tra i Beni Culturali, \u00e8 rimasta inutilizzata, inghiottita dalle lungaggini amministrative.<\/p>\n<p><strong>Un quarto di secolo di promesse inevase<\/strong><br \/>\nLa storia della Fantuzzi \u00e8 costellata di speranze disilluse. Gi\u00e0 l&#8217;8 giugno 2004, l\u2019Onorevole Carlo Giovanardi, allora Ministro per i rapporti con il Parlamento, annunci\u00f2 solennemente l&#8217;apertura di un tavolo tra Demanio e amministrazioni locali per la dismissione e il riutilizzo dell&#8217;immobile, un impegno che, come altri, rimase inattuato.<\/p>\n<p>Solo nel 2010 e 2011 si ebbero i primi segnali concreti: la Caserma fu assegnata alla Polizia di Stato per centralizzare gli uffici dispersi in sette diverse sedi e fu persino consegnata alla ditta appaltatrice per un primo, minimo lotto di lavori (la ristrutturazione di un tetto).<\/p>\n<p><strong>Il Progetto Belluno e i nuovi ritardi (2020-2022)<\/strong><br \/>\nUna ripartenza decisa si ebbe solo nel giugno 2020, con l&#8217;apertura delle procedure di gara per un intervento mirato all&#8217;interno del &#8220;Progetto Belluno&#8221; di rigenerazione urbana. L\u2019obiettivo era il restauro dell\u2019ala della caserma (la &#8220;Stecca&#8221;) per ospitare gli uffici chiave della Questura: Passaporti, Licenze, Immigrazione e Armi. L&#8217;intervento, finanziato in parte da Comune e Demanio per oltre 1 milione di euro, fu salutato con entusiasmo dall&#8217;Amministrazione e dal Questore, vista la possibilit\u00e0 di riqualificare un bene storico e ottimizzare i servizi pubblici.<\/p>\n<p>Tuttavia, il Sindacato Autonomo di Polizia (SAP) di Belluno non ha tardato a esprimere la propria amarezza per i ritardi. Nel giugno 2022, il SAP evidenzi\u00f2 come il primo stralcio di lavori, atteso gi\u00e0 dal 2018, fosse in stallo quasi totale anche dopo la consegna delle chiavi alla ditta aggiudicataria. Il sindacato ha ribadito la road map che prevede il trasferimento degli uffici Immigrazione e Polizia Amministrativa (ora in via Lungardo) nel 2023 e di tutti gli altri uffici entro il 2028.<\/p>\n<p><strong>L&#8217;Ultimo aggiornamento: conferme e lentezza cronica (2024-2025)<\/strong><br \/>\nLe notizie pi\u00f9 recenti confermano che la Fantuzzi \u00e8 stata inserita nel &#8220;Piano Citt\u00e0 degli Immobili Pubblici&#8221; dell&#8217;Agenzia del Demanio, ribadendone il ruolo strategico per Belluno. L&#8217;obiettivo istituzionale di creare una vera e propria &#8220;Cittadella della Sicurezza&#8221; che ospiti Questura e Polizia Stradale rimane saldo.<\/p>\n<p>Nonostante questo riconoscimento ufficiale, la cronaca recente continua a evidenziare la lentezza del processo. Con il 2025 e il primo trasferimento (previsto per il 2023) in ritardo, la battaglia contro la burocrazia \u00e8 tutt&#8217;altro che vinta. L\u2019opera completa \u00e8 vitale: come sottolineato pi\u00f9 volte dal SAP, Belluno \u00e8 l&#8217;unica citt\u00e0 in Italia ad avere gli uffici della Polizia dislocati in ben cinque diverse sedi, con un ingente dispendio di risorse logistiche ed economiche.<\/p>\n<p>L\u2019impegno di Enti locali e Forze dell&#8217;Ordine resta quello di &#8220;essere da pungolo&#8221; affinch\u00e9 l&#8217;opera arrivi a compimento nel 2028, sperando che la &#8220;luce sulla Fantuzzi&#8230; non si spenga pi\u00f9&#8221;.<\/p>\n<p>(rdn)<\/p>","protected":false},"excerpt":{"rendered":"<p>A quasi tre decenni dallo scioglimento della Brigata Alpina Cadore, la storica sede resta un simbolo di inerzia burocratica. Nonostante i finanziamenti e la conferma nel Piano Demanio, i lavori per la nuova Questura procedono a rilento, con l&#8217;obiettivo 2028 sotto esame Belluno, 21 novembre 2025 &#8211;\u00a0 La Caserma &#8220;Giuseppe Fantuzzi&#8221; (1886-1997), un tempo fiore [&hellip;]<\/p>\n","protected":false},"author":2,"featured_media":115107,"comment_status":"closed","ping_status":"open","sticky":false,"template":"","format":"standard","meta":{"footnotes":""},"categories":[26,8],"tags":[],"class_list":["post-165083","post","type-post","status-publish","format-standard","has-post-thumbnail","category-prima-pagina","category-societa-istituzioni"],"yoast_head":"<!-- This site is optimized with the Yoast SEO plugin v28.4 - https:\/\/yoast.com\/product\/yoast-seo-wordpress\/ -->\n<title>Ex Caserma Fantuzzi, 28 anni di attesa: Belluno attende ancora la &quot;Cittadella della Sicurezza&quot; - Bellunopress - Dolomiti<\/title>\n<meta name=\"robots\" content=\"index, follow, max-snippet:-1, max-image-preview:large, max-video-preview:-1\" \/>\n<link rel=\"canonical\" href=\"https:\/\/www.bellunopress.it\/fr\/2025\/11\/21\/ex-caserma-fantuzzi-28-anni-di-attesa-belluno-attende-ancora-la-cittadella-della-sicurezza\/\" \/>\n<meta property=\"og:locale\" content=\"fr_FR\" \/>\n<meta property=\"og:type\" content=\"article\" \/>\n<meta property=\"og:title\" content=\"Ex Caserma Fantuzzi, 28 anni di attesa: Belluno attende ancora la &quot;Cittadella della Sicurezza&quot; - Bellunopress - Dolomiti\" \/>\n<meta property=\"og:description\" content=\"A quasi tre decenni dallo scioglimento della Brigata Alpina Cadore, la storica sede resta un simbolo di inerzia burocratica. Nonostante i finanziamenti e la conferma nel Piano Demanio, i lavori per la nuova Questura procedono a rilento, con l&#8217;obiettivo 2028 sotto esame Belluno, 21 novembre 2025 &#8211;\u00a0 La Caserma &#8220;Giuseppe Fantuzzi&#8221; (1886-1997), un tempo fiore [&hellip;]\" \/>\n<meta property=\"og:url\" content=\"https:\/\/www.bellunopress.it\/fr\/2025\/11\/21\/ex-caserma-fantuzzi-28-anni-di-attesa-belluno-attende-ancora-la-cittadella-della-sicurezza\/\" \/>\n<meta property=\"og:site_name\" content=\"Bellunopress - Dolomiti\" \/>\n<meta property=\"article:publisher\" content=\"https:\/\/www.facebook.com\/profile.php?id=100008943462799\" \/>\n<meta property=\"article:published_time\" content=\"2025-11-21T17:02:41+00:00\" \/>\n<meta property=\"og:image\" content=\"https:\/\/www.bellunopress.it\/wp-content\/uploads\/2020\/06\/Caserma-Fantuzzi_edited.jpg\" \/>\n\t<meta property=\"og:image:width\" content=\"800\" \/>\n\t<meta property=\"og:image:height\" content=\"569\" \/>\n\t<meta property=\"og:image:type\" content=\"image\/jpeg\" \/>\n<meta name=\"author\" content=\"redazione\" \/>\n<meta name=\"twitter:card\" content=\"summary_large_image\" \/>\n<meta name=\"twitter:creator\" content=\"@bellunopress\" \/>\n<meta name=\"twitter:site\" content=\"@bellunopress\" \/>\n<meta name=\"twitter:label1\" content=\"\u00c9crit par\" \/>\n\t<meta name=\"twitter:data1\" content=\"redazione\" \/>\n\t<meta name=\"twitter:label2\" content=\"Dur\u00e9e de lecture estim\u00e9e\" \/>\n\t<meta name=\"twitter:data2\" content=\"3 minutes\" \/>\n<script type=\"application\/ld+json\" class=\"yoast-schema-graph\">{\"@context\":\"https:\\\/\\\/schema.org\",\"@graph\":[{\"@type\":\"Article\",\"@id\":\"https:\\\/\\\/www.bellunopress.it\\\/2025\\\/11\\\/21\\\/ex-caserma-fantuzzi-28-anni-di-attesa-belluno-attende-ancora-la-cittadella-della-sicurezza\\\/#article\",\"isPartOf\":{\"@id\":\"https:\\\/\\\/www.bellunopress.it\\\/2025\\\/11\\\/21\\\/ex-caserma-fantuzzi-28-anni-di-attesa-belluno-attende-ancora-la-cittadella-della-sicurezza\\\/\"},\"author\":{\"name\":\"redazione\",\"@id\":\"https:\\\/\\\/www.bellunopress.it\\\/#\\\/schema\\\/person\\\/79bb06722b37ece1c03d3e94beb30d73\"},\"headline\":\"Ex Caserma Fantuzzi, 28 anni di attesa: Belluno attende ancora la &#8220;Cittadella della Sicurezza&#8221;\",\"datePublished\":\"2025-11-21T17:02:41+00:00\",\"mainEntityOfPage\":{\"@id\":\"https:\\\/\\\/www.bellunopress.it\\\/2025\\\/11\\\/21\\\/ex-caserma-fantuzzi-28-anni-di-attesa-belluno-attende-ancora-la-cittadella-della-sicurezza\\\/\"},\"wordCount\":561,\"publisher\":{\"@id\":\"https:\\\/\\\/www.bellunopress.it\\\/#organization\"},\"image\":{\"@id\":\"https:\\\/\\\/www.bellunopress.it\\\/2025\\\/11\\\/21\\\/ex-caserma-fantuzzi-28-anni-di-attesa-belluno-attende-ancora-la-cittadella-della-sicurezza\\\/#primaryimage\"},\"thumbnailUrl\":\"https:\\\/\\\/www.bellunopress.it\\\/wp-content\\\/uploads\\\/2020\\\/06\\\/Caserma-Fantuzzi_edited.jpg\",\"articleSection\":[\"Prima Pagina\",\"Societ\u00e0, Associazioni, Istituzioni\"],\"inLanguage\":\"fr-FR\"},{\"@type\":\"WebPage\",\"@id\":\"https:\\\/\\\/www.bellunopress.it\\\/2025\\\/11\\\/21\\\/ex-caserma-fantuzzi-28-anni-di-attesa-belluno-attende-ancora-la-cittadella-della-sicurezza\\\/\",\"url\":\"https:\\\/\\\/www.bellunopress.it\\\/2025\\\/11\\\/21\\\/ex-caserma-fantuzzi-28-anni-di-attesa-belluno-attende-ancora-la-cittadella-della-sicurezza\\\/\",\"name\":\"Ex Caserma Fantuzzi, 28 anni di attesa: Belluno attende ancora la \\\"Cittadella della Sicurezza\\\" - Bellunopress - Dolomiti\",\"isPartOf\":{\"@id\":\"https:\\\/\\\/www.bellunopress.it\\\/#website\"},\"primaryImageOfPage\":{\"@id\":\"https:\\\/\\\/www.bellunopress.it\\\/2025\\\/11\\\/21\\\/ex-caserma-fantuzzi-28-anni-di-attesa-belluno-attende-ancora-la-cittadella-della-sicurezza\\\/#primaryimage\"},\"image\":{\"@id\":\"https:\\\/\\\/www.bellunopress.it\\\/2025\\\/11\\\/21\\\/ex-caserma-fantuzzi-28-anni-di-attesa-belluno-attende-ancora-la-cittadella-della-sicurezza\\\/#primaryimage\"},\"thumbnailUrl\":\"https:\\\/\\\/www.bellunopress.it\\\/wp-content\\\/uploads\\\/2020\\\/06\\\/Caserma-Fantuzzi_edited.jpg\",\"datePublished\":\"2025-11-21T17:02:41+00:00\",\"breadcrumb\":{\"@id\":\"https:\\\/\\\/www.bellunopress.it\\\/2025\\\/11\\\/21\\\/ex-caserma-fantuzzi-28-anni-di-attesa-belluno-attende-ancora-la-cittadella-della-sicurezza\\\/#breadcrumb\"},\"inLanguage\":\"fr-FR\",\"potentialAction\":[{\"@type\":\"ReadAction\",\"target\":[\"https:\\\/\\\/www.bellunopress.it\\\/2025\\\/11\\\/21\\\/ex-caserma-fantuzzi-28-anni-di-attesa-belluno-attende-ancora-la-cittadella-della-sicurezza\\\/\"]}]},{\"@type\":\"ImageObject\",\"inLanguage\":\"fr-FR\",\"@id\":\"https:\\\/\\\/www.bellunopress.it\\\/2025\\\/11\\\/21\\\/ex-caserma-fantuzzi-28-anni-di-attesa-belluno-attende-ancora-la-cittadella-della-sicurezza\\\/#primaryimage\",\"url\":\"https:\\\/\\\/www.bellunopress.it\\\/wp-content\\\/uploads\\\/2020\\\/06\\\/Caserma-Fantuzzi_edited.jpg\",\"contentUrl\":\"https:\\\/\\\/www.bellunopress.it\\\/wp-content\\\/uploads\\\/2020\\\/06\\\/Caserma-Fantuzzi_edited.jpg\",\"width\":800,\"height\":569,\"caption\":\"Ex caserma Fantuzzi - Belluno\"},{\"@type\":\"BreadcrumbList\",\"@id\":\"https:\\\/\\\/www.bellunopress.it\\\/2025\\\/11\\\/21\\\/ex-caserma-fantuzzi-28-anni-di-attesa-belluno-attende-ancora-la-cittadella-della-sicurezza\\\/#breadcrumb\",\"itemListElement\":[{\"@type\":\"ListItem\",\"position\":1,\"name\":\"Home\",\"item\":\"https:\\\/\\\/www.bellunopress.it\\\/\"},{\"@type\":\"ListItem\",\"position\":2,\"name\":\"Ex Caserma Fantuzzi, 28 anni di attesa: Belluno attende ancora la &#8220;Cittadella della Sicurezza&#8221;\"}]},{\"@type\":\"WebSite\",\"@id\":\"https:\\\/\\\/www.bellunopress.it\\\/#website\",\"url\":\"https:\\\/\\\/www.bellunopress.it\\\/\",\"name\":\"Bellunopress - Dolomiti\",\"description\":\"e-mail: redazione@bellunopress.it\",\"publisher\":{\"@id\":\"https:\\\/\\\/www.bellunopress.it\\\/#organization\"},\"potentialAction\":[{\"@type\":\"SearchAction\",\"target\":{\"@type\":\"EntryPoint\",\"urlTemplate\":\"https:\\\/\\\/www.bellunopress.it\\\/?s={search_term_string}\"},\"query-input\":{\"@type\":\"PropertyValueSpecification\",\"valueRequired\":true,\"valueName\":\"search_term_string\"}}],\"inLanguage\":\"fr-FR\"},{\"@type\":\"Organization\",\"@id\":\"https:\\\/\\\/www.bellunopress.it\\\/#organization\",\"name\":\"Bellunopress\",\"url\":\"https:\\\/\\\/www.bellunopress.it\\\/\",\"logo\":{\"@type\":\"ImageObject\",\"inLanguage\":\"fr-FR\",\"@id\":\"https:\\\/\\\/www.bellunopress.it\\\/#\\\/schema\\\/logo\\\/image\\\/\",\"url\":\"https:\\\/\\\/www.bellunopress.it\\\/wp-content\\\/uploads\\\/2011\\\/05\\\/cropped-logo-bellunopress-.jpg\",\"contentUrl\":\"https:\\\/\\\/www.bellunopress.it\\\/wp-content\\\/uploads\\\/2011\\\/05\\\/cropped-logo-bellunopress-.jpg\",\"width\":512,\"height\":512,\"caption\":\"Bellunopress\"},\"image\":{\"@id\":\"https:\\\/\\\/www.bellunopress.it\\\/#\\\/schema\\\/logo\\\/image\\\/\"},\"sameAs\":[\"https:\\\/\\\/www.facebook.com\\\/profile.php?id=100008943462799\",\"https:\\\/\\\/x.com\\\/bellunopress\",\"https:\\\/\\\/www.linkedin.com\\\/hp\\\/?dnr=JBzUWaJfMUw8vbXJJ2tVW5-I3jZKvC4wsoxE&amp;amp;amp;amp;amp;amp;trk=nav_responsive_tab_home\",\"https:\\\/\\\/www.youtube.com\\\/channel\\\/UCxL0wu1uN0_3_7hGG0306cw\"]},{\"@type\":\"Person\",\"@id\":\"https:\\\/\\\/www.bellunopress.it\\\/#\\\/schema\\\/person\\\/79bb06722b37ece1c03d3e94beb30d73\",\"name\":\"redazione\",\"image\":{\"@type\":\"ImageObject\",\"inLanguage\":\"fr-FR\",\"@id\":\"https:\\\/\\\/secure.gravatar.com\\\/avatar\\\/37d968a2e67a6fd04c169c4bdef102d0bc5d31b2546345219e348575eb80e9a0?s=96&d=mm&r=g\",\"url\":\"https:\\\/\\\/secure.gravatar.com\\\/avatar\\\/37d968a2e67a6fd04c169c4bdef102d0bc5d31b2546345219e348575eb80e9a0?s=96&d=mm&r=g\",\"contentUrl\":\"https:\\\/\\\/secure.gravatar.com\\\/avatar\\\/37d968a2e67a6fd04c169c4bdef102d0bc5d31b2546345219e348575eb80e9a0?s=96&d=mm&r=g\",\"caption\":\"redazione\"},\"sameAs\":[\"http:\\\/\\\/www.bellunopress.it\",\"https:\\\/\\\/x.com\\\/bellunopress\"],\"url\":\"https:\\\/\\\/www.bellunopress.it\\\/fr\\\/author\\\/redazione\\\/\"}]}<\/script>\n<!-- \/ Yoast SEO plugin. -->","yoast_head_json":{"title":"Ex Caserma Fantuzzi, 28 anni di attesa: Belluno attende ancora la \"Cittadella della Sicurezza\" - Bellunopress - Dolomiti","robots":{"index":"index","follow":"follow","max-snippet":"max-snippet:-1","max-image-preview":"max-image-preview:large","max-video-preview":"max-video-preview:-1"},"canonical":"https:\/\/www.bellunopress.it\/fr\/2025\/11\/21\/ex-caserma-fantuzzi-28-anni-di-attesa-belluno-attende-ancora-la-cittadella-della-sicurezza\/","og_locale":"fr_FR","og_type":"article","og_title":"Ex Caserma Fantuzzi, 28 anni di attesa: Belluno attende ancora la \"Cittadella della Sicurezza\" - Bellunopress - Dolomiti","og_description":"A quasi tre decenni dallo scioglimento della Brigata Alpina Cadore, la storica sede resta un simbolo di inerzia burocratica. Nonostante i finanziamenti e la conferma nel Piano Demanio, i lavori per la nuova Questura procedono a rilento, con l&#8217;obiettivo 2028 sotto esame Belluno, 21 novembre 2025 &#8211;\u00a0 La Caserma &#8220;Giuseppe Fantuzzi&#8221; (1886-1997), un tempo fiore [&hellip;]","og_url":"https:\/\/www.bellunopress.it\/fr\/2025\/11\/21\/ex-caserma-fantuzzi-28-anni-di-attesa-belluno-attende-ancora-la-cittadella-della-sicurezza\/","og_site_name":"Bellunopress - Dolomiti","article_publisher":"https:\/\/www.facebook.com\/profile.php?id=100008943462799","article_published_time":"2025-11-21T17:02:41+00:00","og_image":[{"width":800,"height":569,"url":"https:\/\/www.bellunopress.it\/wp-content\/uploads\/2020\/06\/Caserma-Fantuzzi_edited.jpg","type":"image\/jpeg"}],"author":"redazione","twitter_card":"summary_large_image","twitter_creator":"@bellunopress","twitter_site":"@bellunopress","twitter_misc":{"\u00c9crit par":"redazione","Dur\u00e9e de lecture estim\u00e9e":"3 minutes"},"schema":{"@context":"https:\/\/schema.org","@graph":[{"@type":"Article","@id":"https:\/\/www.bellunopress.it\/2025\/11\/21\/ex-caserma-fantuzzi-28-anni-di-attesa-belluno-attende-ancora-la-cittadella-della-sicurezza\/#article","isPartOf":{"@id":"https:\/\/www.bellunopress.it\/2025\/11\/21\/ex-caserma-fantuzzi-28-anni-di-attesa-belluno-attende-ancora-la-cittadella-della-sicurezza\/"},"author":{"name":"redazione","@id":"https:\/\/www.bellunopress.it\/#\/schema\/person\/79bb06722b37ece1c03d3e94beb30d73"},"headline":"Ex Caserma Fantuzzi, 28 anni di attesa: Belluno attende ancora la &#8220;Cittadella della Sicurezza&#8221;","datePublished":"2025-11-21T17:02:41+00:00","mainEntityOfPage":{"@id":"https:\/\/www.bellunopress.it\/2025\/11\/21\/ex-caserma-fantuzzi-28-anni-di-attesa-belluno-attende-ancora-la-cittadella-della-sicurezza\/"},"wordCount":561,"publisher":{"@id":"https:\/\/www.bellunopress.it\/#organization"},"image":{"@id":"https:\/\/www.bellunopress.it\/2025\/11\/21\/ex-caserma-fantuzzi-28-anni-di-attesa-belluno-attende-ancora-la-cittadella-della-sicurezza\/#primaryimage"},"thumbnailUrl":"https:\/\/www.bellunopress.it\/wp-content\/uploads\/2020\/06\/Caserma-Fantuzzi_edited.jpg","articleSection":["Prima Pagina","Societ\u00e0, Associazioni, Istituzioni"],"inLanguage":"fr-FR"},{"@type":"WebPage","@id":"https:\/\/www.bellunopress.it\/2025\/11\/21\/ex-caserma-fantuzzi-28-anni-di-attesa-belluno-attende-ancora-la-cittadella-della-sicurezza\/","url":"https:\/\/www.bellunopress.it\/2025\/11\/21\/ex-caserma-fantuzzi-28-anni-di-attesa-belluno-attende-ancora-la-cittadella-della-sicurezza\/","name":"Ex Caserma Fantuzzi, 28 anni di attesa: Belluno attende ancora la \"Cittadella della Sicurezza\" - Bellunopress - Dolomiti","isPartOf":{"@id":"https:\/\/www.bellunopress.it\/#website"},"primaryImageOfPage":{"@id":"https:\/\/www.bellunopress.it\/2025\/11\/21\/ex-caserma-fantuzzi-28-anni-di-attesa-belluno-attende-ancora-la-cittadella-della-sicurezza\/#primaryimage"},"image":{"@id":"https:\/\/www.bellunopress.it\/2025\/11\/21\/ex-caserma-fantuzzi-28-anni-di-attesa-belluno-attende-ancora-la-cittadella-della-sicurezza\/#primaryimage"},"thumbnailUrl":"https:\/\/www.bellunopress.it\/wp-content\/uploads\/2020\/06\/Caserma-Fantuzzi_edited.jpg","datePublished":"2025-11-21T17:02:41+00:00","breadcrumb":{"@id":"https:\/\/www.bellunopress.it\/2025\/11\/21\/ex-caserma-fantuzzi-28-anni-di-attesa-belluno-attende-ancora-la-cittadella-della-sicurezza\/#breadcrumb"},"inLanguage":"fr-FR","potentialAction":[{"@type":"ReadAction","target":["https:\/\/www.bellunopress.it\/2025\/11\/21\/ex-caserma-fantuzzi-28-anni-di-attesa-belluno-attende-ancora-la-cittadella-della-sicurezza\/"]}]},{"@type":"ImageObject","inLanguage":"fr-FR","@id":"https:\/\/www.bellunopress.it\/2025\/11\/21\/ex-caserma-fantuzzi-28-anni-di-attesa-belluno-attende-ancora-la-cittadella-della-sicurezza\/#primaryimage","url":"https:\/\/www.bellunopress.it\/wp-content\/uploads\/2020\/06\/Caserma-Fantuzzi_edited.jpg","contentUrl":"https:\/\/www.bellunopress.it\/wp-content\/uploads\/2020\/06\/Caserma-Fantuzzi_edited.jpg","width":800,"height":569,"caption":"Ex caserma Fantuzzi - Belluno"},{"@type":"BreadcrumbList","@id":"https:\/\/www.bellunopress.it\/2025\/11\/21\/ex-caserma-fantuzzi-28-anni-di-attesa-belluno-attende-ancora-la-cittadella-della-sicurezza\/#breadcrumb","itemListElement":[{"@type":"ListItem","position":1,"name":"Home","item":"https:\/\/www.bellunopress.it\/"},{"@type":"ListItem","position":2,"name":"Ex Caserma Fantuzzi, 28 anni di attesa: Belluno attende ancora la &#8220;Cittadella della Sicurezza&#8221;"}]},{"@type":"WebSite","@id":"https:\/\/www.bellunopress.it\/#website","url":"https:\/\/www.bellunopress.it\/","name":"Bellunopress - Dolomiti","description":"e-mail: redazione@bellunopress.it","publisher":{"@id":"https:\/\/www.bellunopress.it\/#organization"},"potentialAction":[{"@type":"SearchAction","target":{"@type":"EntryPoint","urlTemplate":"https:\/\/www.bellunopress.it\/?s={search_term_string}"},"query-input":{"@type":"PropertyValueSpecification","valueRequired":true,"valueName":"search_term_string"}}],"inLanguage":"fr-FR"},{"@type":"Organization","@id":"https:\/\/www.bellunopress.it\/#organization","name":"Bellunopress","url":"https:\/\/www.bellunopress.it\/","logo":{"@type":"ImageObject","inLanguage":"fr-FR","@id":"https:\/\/www.bellunopress.it\/#\/schema\/logo\/image\/","url":"https:\/\/www.bellunopress.it\/wp-content\/uploads\/2011\/05\/cropped-logo-bellunopress-.jpg","contentUrl":"https:\/\/www.bellunopress.it\/wp-content\/uploads\/2011\/05\/cropped-logo-bellunopress-.jpg","width":512,"height":512,"caption":"Bellunopress"},"image":{"@id":"https:\/\/www.bellunopress.it\/#\/schema\/logo\/image\/"},"sameAs":["https:\/\/www.facebook.com\/profile.php?id=100008943462799","https:\/\/x.com\/bellunopress","https:\/\/www.linkedin.com\/hp\/?dnr=JBzUWaJfMUw8vbXJJ2tVW5-I3jZKvC4wsoxE&amp;amp;amp;amp;amp;amp;trk=nav_responsive_tab_home","https:\/\/www.youtube.com\/channel\/UCxL0wu1uN0_3_7hGG0306cw"]},{"@type":"Person","@id":"https:\/\/www.bellunopress.it\/#\/schema\/person\/79bb06722b37ece1c03d3e94beb30d73","name":"r\u00e9daction","image":{"@type":"ImageObject","inLanguage":"fr-FR","@id":"https:\/\/secure.gravatar.com\/avatar\/37d968a2e67a6fd04c169c4bdef102d0bc5d31b2546345219e348575eb80e9a0?s=96&d=mm&r=g","url":"https:\/\/secure.gravatar.com\/avatar\/37d968a2e67a6fd04c169c4bdef102d0bc5d31b2546345219e348575eb80e9a0?s=96&d=mm&r=g","contentUrl":"https:\/\/secure.gravatar.com\/avatar\/37d968a2e67a6fd04c169c4bdef102d0bc5d31b2546345219e348575eb80e9a0?s=96&d=mm&r=g","caption":"redazione"},"sameAs":["http:\/\/www.bellunopress.it","https:\/\/x.com\/bellunopress"],"url":"https:\/\/www.bellunopress.it\/fr\/author\/redazione\/"}]}},"_links":{"self":[{"href":"https:\/\/www.bellunopress.it\/fr\/wp-json\/wp\/v2\/posts\/165083","targetHints":{"allow":["GET"]}}],"collection":[{"href":"https:\/\/www.bellunopress.it\/fr\/wp-json\/wp\/v2\/posts"}],"about":[{"href":"https:\/\/www.bellunopress.it\/fr\/wp-json\/wp\/v2\/types\/post"}],"author":[{"embeddable":true,"href":"https:\/\/www.bellunopress.it\/fr\/wp-json\/wp\/v2\/users\/2"}],"replies":[{"embeddable":true,"href":"https:\/\/www.bellunopress.it\/fr\/wp-json\/wp\/v2\/comments?post=165083"}],"version-history":[{"count":1,"href":"https:\/\/www.bellunopress.it\/fr\/wp-json\/wp\/v2\/posts\/165083\/revisions"}],"predecessor-version":[{"id":165084,"href":"https:\/\/www.bellunopress.it\/fr\/wp-json\/wp\/v2\/posts\/165083\/revisions\/165084"}],"wp:featuredmedia":[{"embeddable":true,"href":"https:\/\/www.bellunopress.it\/fr\/wp-json\/wp\/v2\/media\/115107"}],"wp:attachment":[{"href":"https:\/\/www.bellunopress.it\/fr\/wp-json\/wp\/v2\/media?parent=165083"}],"wp:term":[{"taxonomy":"category","embeddable":true,"href":"https:\/\/www.bellunopress.it\/fr\/wp-json\/wp\/v2\/categories?post=165083"},{"taxonomy":"post_tag","embeddable":true,"href":"https:\/\/www.bellunopress.it\/fr\/wp-json\/wp\/v2\/tags?post=165083"}],"curies":[{"name":"wp","href":"https:\/\/api.w.org\/{rel}","templated":true}]}}