{"id":165081,"date":"2025-11-21T17:10:11","date_gmt":"2025-11-21T16:10:11","guid":{"rendered":"https:\/\/www.bellunopress.it\/?p=165081"},"modified":"2025-11-21T17:10:11","modified_gmt":"2025-11-21T16:10:11","slug":"belluno-controlli-intensificati-del-questore-evasione-e-arresti-nel-weekend-di-san-martino","status":"publish","type":"post","link":"https:\/\/www.bellunopress.it\/fr\/2025\/11\/21\/belluno-controlli-intensificati-del-questore-evasione-e-arresti-nel-weekend-di-san-martino\/","title":{"rendered":"Belluno. Controlli intensificati del Questore: evasione e arresti nel weekend di San Martino"},"content":{"rendered":"<figure id=\"attachment_158083\" aria-describedby=\"caption-attachment-158083\" style=\"width: 1000px\" class=\"wp-caption aligncenter\"><img loading=\"lazy\" decoding=\"async\" class=\"size-full wp-image-158083\" src=\"https:\/\/www.bellunopress.it\/wp-content\/uploads\/2025\/02\/questore-roberto-della-rocca_edited.jpg\" alt=\"\" width=\"1000\" height=\"937\" srcset=\"https:\/\/www.bellunopress.it\/wp-content\/uploads\/2025\/02\/questore-roberto-della-rocca_edited.jpg 1000w, https:\/\/www.bellunopress.it\/wp-content\/uploads\/2025\/02\/questore-roberto-della-rocca_edited-500x469.jpg 500w, https:\/\/www.bellunopress.it\/wp-content\/uploads\/2025\/02\/questore-roberto-della-rocca_edited-448x420.jpg 448w, https:\/\/www.bellunopress.it\/wp-content\/uploads\/2025\/02\/questore-roberto-della-rocca_edited-696x652.jpg 696w\" sizes=\"auto, (max-width: 1000px) 100vw, 1000px\" \/><figcaption id=\"caption-attachment-158083\" class=\"wp-caption-text\">Roberto Della Rocca, questore di Belluno<\/figcaption><\/figure>\n<p><strong>Un uomo ai domiciliari sorpreso alla festa patronale aggredisce gli agenti. Revocato anche l&#8217;affidamento in prova a un cittadino moldavo per tentato furto<\/strong><\/p>\n<p>Il Questore di Belluno ha alzato il livello di guardia sul territorio provinciale, disponendo un\u2019intensificazione dei controlli che, nell\u2019ultimo fine settimana, hanno visto l\u2019ausilio dei Reparti Prevenzione Crimine e hanno portato al controllo di oltre un centinaio di persone. L&#8217;attenzione si \u00e8 concentrata in particolare sui servizi di ordine pubblico, specialmente in occasione dei festeggiamenti per San Martino, che hanno richiamato una folla numerosa.<\/p>\n<p>Durante il pomeriggio di domenica 16 novembre, in piazza dei Martiri, la Squadra Volante della Questura ha intercettato e arrestato in flagranza un uomo italiano, classe &#8217;92. Il soggetto, sottoposto alla misura alternativa della detenzione domiciliare, \u00e8 stato individuato mentre partecipava alla festa patronale, in evidente stato di alterazione alcolica.<\/p>\n<p>Alla vista degli agenti, l&#8217;uomo, di fatto evaso, ha reagito in modo minaccioso. Nonostante i tentativi di pacificazione da parte degli operatori, \u00e8 passato rapidamente alle vie di fatto, aggredendo e colpendo gli agenti. \u00c8 stato quindi tratto in arresto per i reati di evasione e resistenza a Pubblico Ufficiale.<\/p>\n<p>Dopo l&#8217;arresto, gli operatori della Volante lo hanno ricondotto presso la sua abitazione per ripristinare la misura cautelare. La sua posizione \u00e8 stata per\u00f2 immediatamente vagliata dal Tribunale di Sorveglianza di Venezia che, nella giornata del 20 novembre, ha disposto il ripristino della detenzione in carcere.<\/p>\n<p>Nell\u2019ambito della costante attivit\u00e0 di controllo del territorio, la Questura ha messo a segno un altro importante intervento luned\u00ec 18 novembre. La sezione catturandi della Squadra Mobile ha dato esecuzione a un ordine di carcerazione a carico di un cittadino moldavo, classe &#8217;78.<\/p>\n<p>L&#8217;uomo era stato condannato per tentato furto in concorso e falsa testimonianza e aveva inizialmente beneficiato della misura alternativa dell\u2019affidamento in prova ai servizi sociali. Tuttavia, tale regime \u00e8 stato successivamente revocato dal Tribunale di Sorveglianza di Venezia. Fermato dagli agenti della Squadra Mobile, \u00e8 stato tratto in arresto e condotto presso la Casa Circondariale di Belluno.<\/p>\n<p>I controlli intensificati da parte delle forze dell&#8217;ordine mirano a garantire la sicurezza e il rispetto delle normative sul territorio provinciale, come dimostrano i recenti risultati operativi.<\/p>\n<p>&nbsp;<\/p>","protected":false},"excerpt":{"rendered":"<p>Un uomo ai domiciliari sorpreso alla festa patronale aggredisce gli agenti. Revocato anche l&#8217;affidamento in prova a un cittadino moldavo per tentato furto Il Questore di Belluno ha alzato il livello di guardia sul territorio provinciale, disponendo un\u2019intensificazione dei controlli che, nell\u2019ultimo fine settimana, hanno visto l\u2019ausilio dei Reparti Prevenzione Crimine e hanno portato al [&hellip;]<\/p>\n","protected":false},"author":2,"featured_media":158083,"comment_status":"closed","ping_status":"open","sticky":false,"template":"","format":"standard","meta":{"footnotes":""},"categories":[5,26],"tags":[],"class_list":["post-165081","post","type-post","status-publish","format-standard","has-post-thumbnail","category-cronaca","category-prima-pagina"],"yoast_head":"<!-- This site is optimized with the Yoast SEO plugin v28.4 - https:\/\/yoast.com\/product\/yoast-seo-wordpress\/ -->\n<title>Belluno. Controlli intensificati del Questore: evasione e arresti nel weekend di San Martino - Bellunopress - Dolomiti<\/title>\n<meta name=\"robots\" content=\"index, follow, max-snippet:-1, max-image-preview:large, max-video-preview:-1\" \/>\n<link rel=\"canonical\" href=\"https:\/\/www.bellunopress.it\/fr\/2025\/11\/21\/belluno-controlli-intensificati-del-questore-evasione-e-arresti-nel-weekend-di-san-martino\/\" \/>\n<meta property=\"og:locale\" content=\"fr_FR\" \/>\n<meta property=\"og:type\" content=\"article\" \/>\n<meta property=\"og:title\" content=\"Belluno. Controlli intensificati del Questore: evasione e arresti nel weekend di San Martino - Bellunopress - Dolomiti\" \/>\n<meta property=\"og:description\" content=\"Un uomo ai domiciliari sorpreso alla festa patronale aggredisce gli agenti. Revocato anche l&#8217;affidamento in prova a un cittadino moldavo per tentato furto Il Questore di Belluno ha alzato il livello di guardia sul territorio provinciale, disponendo un\u2019intensificazione dei controlli che, nell\u2019ultimo fine settimana, hanno visto l\u2019ausilio dei Reparti Prevenzione Crimine e hanno portato al [&hellip;]\" \/>\n<meta property=\"og:url\" content=\"https:\/\/www.bellunopress.it\/fr\/2025\/11\/21\/belluno-controlli-intensificati-del-questore-evasione-e-arresti-nel-weekend-di-san-martino\/\" \/>\n<meta property=\"og:site_name\" content=\"Bellunopress - Dolomiti\" \/>\n<meta property=\"article:publisher\" content=\"https:\/\/www.facebook.com\/profile.php?id=100008943462799\" \/>\n<meta property=\"article:published_time\" content=\"2025-11-21T16:10:11+00:00\" \/>\n<meta property=\"og:image\" content=\"https:\/\/www.bellunopress.it\/wp-content\/uploads\/2025\/02\/questore-roberto-della-rocca_edited.jpg\" \/>\n\t<meta property=\"og:image:width\" content=\"1000\" \/>\n\t<meta property=\"og:image:height\" content=\"937\" \/>\n\t<meta property=\"og:image:type\" content=\"image\/jpeg\" \/>\n<meta name=\"author\" content=\"redazione\" \/>\n<meta name=\"twitter:card\" content=\"summary_large_image\" \/>\n<meta name=\"twitter:creator\" content=\"@bellunopress\" \/>\n<meta name=\"twitter:site\" content=\"@bellunopress\" \/>\n<meta name=\"twitter:label1\" content=\"\u00c9crit par\" \/>\n\t<meta name=\"twitter:data1\" content=\"redazione\" \/>\n\t<meta name=\"twitter:label2\" content=\"Dur\u00e9e de lecture estim\u00e9e\" \/>\n\t<meta name=\"twitter:data2\" content=\"2 minutes\" \/>\n<script type=\"application\/ld+json\" class=\"yoast-schema-graph\">{\"@context\":\"https:\\\/\\\/schema.org\",\"@graph\":[{\"@type\":\"Article\",\"@id\":\"https:\\\/\\\/www.bellunopress.it\\\/2025\\\/11\\\/21\\\/belluno-controlli-intensificati-del-questore-evasione-e-arresti-nel-weekend-di-san-martino\\\/#article\",\"isPartOf\":{\"@id\":\"https:\\\/\\\/www.bellunopress.it\\\/2025\\\/11\\\/21\\\/belluno-controlli-intensificati-del-questore-evasione-e-arresti-nel-weekend-di-san-martino\\\/\"},\"author\":{\"name\":\"redazione\",\"@id\":\"https:\\\/\\\/www.bellunopress.it\\\/#\\\/schema\\\/person\\\/79bb06722b37ece1c03d3e94beb30d73\"},\"headline\":\"Belluno. Controlli intensificati del Questore: evasione e arresti nel weekend di San Martino\",\"datePublished\":\"2025-11-21T16:10:11+00:00\",\"mainEntityOfPage\":{\"@id\":\"https:\\\/\\\/www.bellunopress.it\\\/2025\\\/11\\\/21\\\/belluno-controlli-intensificati-del-questore-evasione-e-arresti-nel-weekend-di-san-martino\\\/\"},\"wordCount\":386,\"publisher\":{\"@id\":\"https:\\\/\\\/www.bellunopress.it\\\/#organization\"},\"image\":{\"@id\":\"https:\\\/\\\/www.bellunopress.it\\\/2025\\\/11\\\/21\\\/belluno-controlli-intensificati-del-questore-evasione-e-arresti-nel-weekend-di-san-martino\\\/#primaryimage\"},\"thumbnailUrl\":\"https:\\\/\\\/www.bellunopress.it\\\/wp-content\\\/uploads\\\/2025\\\/02\\\/questore-roberto-della-rocca_edited.jpg\",\"articleSection\":[\"Cronaca\\\/Politica\",\"Prima Pagina\"],\"inLanguage\":\"fr-FR\"},{\"@type\":\"WebPage\",\"@id\":\"https:\\\/\\\/www.bellunopress.it\\\/2025\\\/11\\\/21\\\/belluno-controlli-intensificati-del-questore-evasione-e-arresti-nel-weekend-di-san-martino\\\/\",\"url\":\"https:\\\/\\\/www.bellunopress.it\\\/2025\\\/11\\\/21\\\/belluno-controlli-intensificati-del-questore-evasione-e-arresti-nel-weekend-di-san-martino\\\/\",\"name\":\"Belluno. Controlli intensificati del Questore: evasione e arresti nel weekend di San Martino - Bellunopress - Dolomiti\",\"isPartOf\":{\"@id\":\"https:\\\/\\\/www.bellunopress.it\\\/#website\"},\"primaryImageOfPage\":{\"@id\":\"https:\\\/\\\/www.bellunopress.it\\\/2025\\\/11\\\/21\\\/belluno-controlli-intensificati-del-questore-evasione-e-arresti-nel-weekend-di-san-martino\\\/#primaryimage\"},\"image\":{\"@id\":\"https:\\\/\\\/www.bellunopress.it\\\/2025\\\/11\\\/21\\\/belluno-controlli-intensificati-del-questore-evasione-e-arresti-nel-weekend-di-san-martino\\\/#primaryimage\"},\"thumbnailUrl\":\"https:\\\/\\\/www.bellunopress.it\\\/wp-content\\\/uploads\\\/2025\\\/02\\\/questore-roberto-della-rocca_edited.jpg\",\"datePublished\":\"2025-11-21T16:10:11+00:00\",\"breadcrumb\":{\"@id\":\"https:\\\/\\\/www.bellunopress.it\\\/2025\\\/11\\\/21\\\/belluno-controlli-intensificati-del-questore-evasione-e-arresti-nel-weekend-di-san-martino\\\/#breadcrumb\"},\"inLanguage\":\"fr-FR\",\"potentialAction\":[{\"@type\":\"ReadAction\",\"target\":[\"https:\\\/\\\/www.bellunopress.it\\\/2025\\\/11\\\/21\\\/belluno-controlli-intensificati-del-questore-evasione-e-arresti-nel-weekend-di-san-martino\\\/\"]}]},{\"@type\":\"ImageObject\",\"inLanguage\":\"fr-FR\",\"@id\":\"https:\\\/\\\/www.bellunopress.it\\\/2025\\\/11\\\/21\\\/belluno-controlli-intensificati-del-questore-evasione-e-arresti-nel-weekend-di-san-martino\\\/#primaryimage\",\"url\":\"https:\\\/\\\/www.bellunopress.it\\\/wp-content\\\/uploads\\\/2025\\\/02\\\/questore-roberto-della-rocca_edited.jpg\",\"contentUrl\":\"https:\\\/\\\/www.bellunopress.it\\\/wp-content\\\/uploads\\\/2025\\\/02\\\/questore-roberto-della-rocca_edited.jpg\",\"width\":1000,\"height\":937,\"caption\":\"Roberto Della Rocca, questore di Belluno\"},{\"@type\":\"BreadcrumbList\",\"@id\":\"https:\\\/\\\/www.bellunopress.it\\\/2025\\\/11\\\/21\\\/belluno-controlli-intensificati-del-questore-evasione-e-arresti-nel-weekend-di-san-martino\\\/#breadcrumb\",\"itemListElement\":[{\"@type\":\"ListItem\",\"position\":1,\"name\":\"Home\",\"item\":\"https:\\\/\\\/www.bellunopress.it\\\/\"},{\"@type\":\"ListItem\",\"position\":2,\"name\":\"Belluno. Controlli intensificati del Questore: evasione e arresti nel weekend di San Martino\"}]},{\"@type\":\"WebSite\",\"@id\":\"https:\\\/\\\/www.bellunopress.it\\\/#website\",\"url\":\"https:\\\/\\\/www.bellunopress.it\\\/\",\"name\":\"Bellunopress - Dolomiti\",\"description\":\"e-mail: redazione@bellunopress.it\",\"publisher\":{\"@id\":\"https:\\\/\\\/www.bellunopress.it\\\/#organization\"},\"potentialAction\":[{\"@type\":\"SearchAction\",\"target\":{\"@type\":\"EntryPoint\",\"urlTemplate\":\"https:\\\/\\\/www.bellunopress.it\\\/?s={search_term_string}\"},\"query-input\":{\"@type\":\"PropertyValueSpecification\",\"valueRequired\":true,\"valueName\":\"search_term_string\"}}],\"inLanguage\":\"fr-FR\"},{\"@type\":\"Organization\",\"@id\":\"https:\\\/\\\/www.bellunopress.it\\\/#organization\",\"name\":\"Bellunopress\",\"url\":\"https:\\\/\\\/www.bellunopress.it\\\/\",\"logo\":{\"@type\":\"ImageObject\",\"inLanguage\":\"fr-FR\",\"@id\":\"https:\\\/\\\/www.bellunopress.it\\\/#\\\/schema\\\/logo\\\/image\\\/\",\"url\":\"https:\\\/\\\/www.bellunopress.it\\\/wp-content\\\/uploads\\\/2011\\\/05\\\/cropped-logo-bellunopress-.jpg\",\"contentUrl\":\"https:\\\/\\\/www.bellunopress.it\\\/wp-content\\\/uploads\\\/2011\\\/05\\\/cropped-logo-bellunopress-.jpg\",\"width\":512,\"height\":512,\"caption\":\"Bellunopress\"},\"image\":{\"@id\":\"https:\\\/\\\/www.bellunopress.it\\\/#\\\/schema\\\/logo\\\/image\\\/\"},\"sameAs\":[\"https:\\\/\\\/www.facebook.com\\\/profile.php?id=100008943462799\",\"https:\\\/\\\/x.com\\\/bellunopress\",\"https:\\\/\\\/www.linkedin.com\\\/hp\\\/?dnr=JBzUWaJfMUw8vbXJJ2tVW5-I3jZKvC4wsoxE&amp;amp;amp;amp;amp;amp;trk=nav_responsive_tab_home\",\"https:\\\/\\\/www.youtube.com\\\/channel\\\/UCxL0wu1uN0_3_7hGG0306cw\"]},{\"@type\":\"Person\",\"@id\":\"https:\\\/\\\/www.bellunopress.it\\\/#\\\/schema\\\/person\\\/79bb06722b37ece1c03d3e94beb30d73\",\"name\":\"redazione\",\"image\":{\"@type\":\"ImageObject\",\"inLanguage\":\"fr-FR\",\"@id\":\"https:\\\/\\\/secure.gravatar.com\\\/avatar\\\/37d968a2e67a6fd04c169c4bdef102d0bc5d31b2546345219e348575eb80e9a0?s=96&d=mm&r=g\",\"url\":\"https:\\\/\\\/secure.gravatar.com\\\/avatar\\\/37d968a2e67a6fd04c169c4bdef102d0bc5d31b2546345219e348575eb80e9a0?s=96&d=mm&r=g\",\"contentUrl\":\"https:\\\/\\\/secure.gravatar.com\\\/avatar\\\/37d968a2e67a6fd04c169c4bdef102d0bc5d31b2546345219e348575eb80e9a0?s=96&d=mm&r=g\",\"caption\":\"redazione\"},\"sameAs\":[\"http:\\\/\\\/www.bellunopress.it\",\"https:\\\/\\\/x.com\\\/bellunopress\"],\"url\":\"https:\\\/\\\/www.bellunopress.it\\\/fr\\\/author\\\/redazione\\\/\"}]}<\/script>\n<!-- \/ Yoast SEO plugin. -->","yoast_head_json":{"title":"Belluno. Controlli intensificati del Questore: evasione e arresti nel weekend di San Martino - Bellunopress - Dolomiti","robots":{"index":"index","follow":"follow","max-snippet":"max-snippet:-1","max-image-preview":"max-image-preview:large","max-video-preview":"max-video-preview:-1"},"canonical":"https:\/\/www.bellunopress.it\/fr\/2025\/11\/21\/belluno-controlli-intensificati-del-questore-evasione-e-arresti-nel-weekend-di-san-martino\/","og_locale":"fr_FR","og_type":"article","og_title":"Belluno. Controlli intensificati del Questore: evasione e arresti nel weekend di San Martino - Bellunopress - Dolomiti","og_description":"Un uomo ai domiciliari sorpreso alla festa patronale aggredisce gli agenti. Revocato anche l&#8217;affidamento in prova a un cittadino moldavo per tentato furto Il Questore di Belluno ha alzato il livello di guardia sul territorio provinciale, disponendo un\u2019intensificazione dei controlli che, nell\u2019ultimo fine settimana, hanno visto l\u2019ausilio dei Reparti Prevenzione Crimine e hanno portato al [&hellip;]","og_url":"https:\/\/www.bellunopress.it\/fr\/2025\/11\/21\/belluno-controlli-intensificati-del-questore-evasione-e-arresti-nel-weekend-di-san-martino\/","og_site_name":"Bellunopress - Dolomiti","article_publisher":"https:\/\/www.facebook.com\/profile.php?id=100008943462799","article_published_time":"2025-11-21T16:10:11+00:00","og_image":[{"width":1000,"height":937,"url":"https:\/\/www.bellunopress.it\/wp-content\/uploads\/2025\/02\/questore-roberto-della-rocca_edited.jpg","type":"image\/jpeg"}],"author":"redazione","twitter_card":"summary_large_image","twitter_creator":"@bellunopress","twitter_site":"@bellunopress","twitter_misc":{"\u00c9crit par":"redazione","Dur\u00e9e de lecture estim\u00e9e":"2 minutes"},"schema":{"@context":"https:\/\/schema.org","@graph":[{"@type":"Article","@id":"https:\/\/www.bellunopress.it\/2025\/11\/21\/belluno-controlli-intensificati-del-questore-evasione-e-arresti-nel-weekend-di-san-martino\/#article","isPartOf":{"@id":"https:\/\/www.bellunopress.it\/2025\/11\/21\/belluno-controlli-intensificati-del-questore-evasione-e-arresti-nel-weekend-di-san-martino\/"},"author":{"name":"redazione","@id":"https:\/\/www.bellunopress.it\/#\/schema\/person\/79bb06722b37ece1c03d3e94beb30d73"},"headline":"Belluno. Controlli intensificati del Questore: evasione e arresti nel weekend di San Martino","datePublished":"2025-11-21T16:10:11+00:00","mainEntityOfPage":{"@id":"https:\/\/www.bellunopress.it\/2025\/11\/21\/belluno-controlli-intensificati-del-questore-evasione-e-arresti-nel-weekend-di-san-martino\/"},"wordCount":386,"publisher":{"@id":"https:\/\/www.bellunopress.it\/#organization"},"image":{"@id":"https:\/\/www.bellunopress.it\/2025\/11\/21\/belluno-controlli-intensificati-del-questore-evasione-e-arresti-nel-weekend-di-san-martino\/#primaryimage"},"thumbnailUrl":"https:\/\/www.bellunopress.it\/wp-content\/uploads\/2025\/02\/questore-roberto-della-rocca_edited.jpg","articleSection":["Cronaca\/Politica","Prima Pagina"],"inLanguage":"fr-FR"},{"@type":"WebPage","@id":"https:\/\/www.bellunopress.it\/2025\/11\/21\/belluno-controlli-intensificati-del-questore-evasione-e-arresti-nel-weekend-di-san-martino\/","url":"https:\/\/www.bellunopress.it\/2025\/11\/21\/belluno-controlli-intensificati-del-questore-evasione-e-arresti-nel-weekend-di-san-martino\/","name":"Belluno. Controlli intensificati del Questore: evasione e arresti nel weekend di San Martino - Bellunopress - Dolomiti","isPartOf":{"@id":"https:\/\/www.bellunopress.it\/#website"},"primaryImageOfPage":{"@id":"https:\/\/www.bellunopress.it\/2025\/11\/21\/belluno-controlli-intensificati-del-questore-evasione-e-arresti-nel-weekend-di-san-martino\/#primaryimage"},"image":{"@id":"https:\/\/www.bellunopress.it\/2025\/11\/21\/belluno-controlli-intensificati-del-questore-evasione-e-arresti-nel-weekend-di-san-martino\/#primaryimage"},"thumbnailUrl":"https:\/\/www.bellunopress.it\/wp-content\/uploads\/2025\/02\/questore-roberto-della-rocca_edited.jpg","datePublished":"2025-11-21T16:10:11+00:00","breadcrumb":{"@id":"https:\/\/www.bellunopress.it\/2025\/11\/21\/belluno-controlli-intensificati-del-questore-evasione-e-arresti-nel-weekend-di-san-martino\/#breadcrumb"},"inLanguage":"fr-FR","potentialAction":[{"@type":"ReadAction","target":["https:\/\/www.bellunopress.it\/2025\/11\/21\/belluno-controlli-intensificati-del-questore-evasione-e-arresti-nel-weekend-di-san-martino\/"]}]},{"@type":"ImageObject","inLanguage":"fr-FR","@id":"https:\/\/www.bellunopress.it\/2025\/11\/21\/belluno-controlli-intensificati-del-questore-evasione-e-arresti-nel-weekend-di-san-martino\/#primaryimage","url":"https:\/\/www.bellunopress.it\/wp-content\/uploads\/2025\/02\/questore-roberto-della-rocca_edited.jpg","contentUrl":"https:\/\/www.bellunopress.it\/wp-content\/uploads\/2025\/02\/questore-roberto-della-rocca_edited.jpg","width":1000,"height":937,"caption":"Roberto Della Rocca, questore di Belluno"},{"@type":"BreadcrumbList","@id":"https:\/\/www.bellunopress.it\/2025\/11\/21\/belluno-controlli-intensificati-del-questore-evasione-e-arresti-nel-weekend-di-san-martino\/#breadcrumb","itemListElement":[{"@type":"ListItem","position":1,"name":"Home","item":"https:\/\/www.bellunopress.it\/"},{"@type":"ListItem","position":2,"name":"Belluno. Controlli intensificati del Questore: evasione e arresti nel weekend di San Martino"}]},{"@type":"WebSite","@id":"https:\/\/www.bellunopress.it\/#website","url":"https:\/\/www.bellunopress.it\/","name":"Bellunopress - Dolomiti","description":"e-mail: redazione@bellunopress.it","publisher":{"@id":"https:\/\/www.bellunopress.it\/#organization"},"potentialAction":[{"@type":"SearchAction","target":{"@type":"EntryPoint","urlTemplate":"https:\/\/www.bellunopress.it\/?s={search_term_string}"},"query-input":{"@type":"PropertyValueSpecification","valueRequired":true,"valueName":"search_term_string"}}],"inLanguage":"fr-FR"},{"@type":"Organization","@id":"https:\/\/www.bellunopress.it\/#organization","name":"Bellunopress","url":"https:\/\/www.bellunopress.it\/","logo":{"@type":"ImageObject","inLanguage":"fr-FR","@id":"https:\/\/www.bellunopress.it\/#\/schema\/logo\/image\/","url":"https:\/\/www.bellunopress.it\/wp-content\/uploads\/2011\/05\/cropped-logo-bellunopress-.jpg","contentUrl":"https:\/\/www.bellunopress.it\/wp-content\/uploads\/2011\/05\/cropped-logo-bellunopress-.jpg","width":512,"height":512,"caption":"Bellunopress"},"image":{"@id":"https:\/\/www.bellunopress.it\/#\/schema\/logo\/image\/"},"sameAs":["https:\/\/www.facebook.com\/profile.php?id=100008943462799","https:\/\/x.com\/bellunopress","https:\/\/www.linkedin.com\/hp\/?dnr=JBzUWaJfMUw8vbXJJ2tVW5-I3jZKvC4wsoxE&amp;amp;amp;amp;amp;amp;trk=nav_responsive_tab_home","https:\/\/www.youtube.com\/channel\/UCxL0wu1uN0_3_7hGG0306cw"]},{"@type":"Person","@id":"https:\/\/www.bellunopress.it\/#\/schema\/person\/79bb06722b37ece1c03d3e94beb30d73","name":"r\u00e9daction","image":{"@type":"ImageObject","inLanguage":"fr-FR","@id":"https:\/\/secure.gravatar.com\/avatar\/37d968a2e67a6fd04c169c4bdef102d0bc5d31b2546345219e348575eb80e9a0?s=96&d=mm&r=g","url":"https:\/\/secure.gravatar.com\/avatar\/37d968a2e67a6fd04c169c4bdef102d0bc5d31b2546345219e348575eb80e9a0?s=96&d=mm&r=g","contentUrl":"https:\/\/secure.gravatar.com\/avatar\/37d968a2e67a6fd04c169c4bdef102d0bc5d31b2546345219e348575eb80e9a0?s=96&d=mm&r=g","caption":"redazione"},"sameAs":["http:\/\/www.bellunopress.it","https:\/\/x.com\/bellunopress"],"url":"https:\/\/www.bellunopress.it\/fr\/author\/redazione\/"}]}},"_links":{"self":[{"href":"https:\/\/www.bellunopress.it\/fr\/wp-json\/wp\/v2\/posts\/165081","targetHints":{"allow":["GET"]}}],"collection":[{"href":"https:\/\/www.bellunopress.it\/fr\/wp-json\/wp\/v2\/posts"}],"about":[{"href":"https:\/\/www.bellunopress.it\/fr\/wp-json\/wp\/v2\/types\/post"}],"author":[{"embeddable":true,"href":"https:\/\/www.bellunopress.it\/fr\/wp-json\/wp\/v2\/users\/2"}],"replies":[{"embeddable":true,"href":"https:\/\/www.bellunopress.it\/fr\/wp-json\/wp\/v2\/comments?post=165081"}],"version-history":[{"count":1,"href":"https:\/\/www.bellunopress.it\/fr\/wp-json\/wp\/v2\/posts\/165081\/revisions"}],"predecessor-version":[{"id":165082,"href":"https:\/\/www.bellunopress.it\/fr\/wp-json\/wp\/v2\/posts\/165081\/revisions\/165082"}],"wp:featuredmedia":[{"embeddable":true,"href":"https:\/\/www.bellunopress.it\/fr\/wp-json\/wp\/v2\/media\/158083"}],"wp:attachment":[{"href":"https:\/\/www.bellunopress.it\/fr\/wp-json\/wp\/v2\/media?parent=165081"}],"wp:term":[{"taxonomy":"category","embeddable":true,"href":"https:\/\/www.bellunopress.it\/fr\/wp-json\/wp\/v2\/categories?post=165081"},{"taxonomy":"post_tag","embeddable":true,"href":"https:\/\/www.bellunopress.it\/fr\/wp-json\/wp\/v2\/tags?post=165081"}],"curies":[{"name":"wp","href":"https:\/\/api.w.org\/{rel}","templated":true}]}}