{"id":165076,"date":"2025-11-21T14:27:51","date_gmt":"2025-11-21T13:27:51","guid":{"rendered":"https:\/\/www.bellunopress.it\/?p=165076"},"modified":"2025-11-21T14:27:51","modified_gmt":"2025-11-21T13:27:51","slug":"larma-dei-carabinieri-festeggia-la-virgo-fidelis","status":"publish","type":"post","link":"https:\/\/www.bellunopress.it\/fr\/2025\/11\/21\/larma-dei-carabinieri-festeggia-la-virgo-fidelis\/","title":{"rendered":"L&#8217;Arma dei carabinieri festeggia la Virgo Fidelis"},"content":{"rendered":"<figure id=\"attachment_163580\" aria-describedby=\"caption-attachment-163580\" style=\"width: 800px\" class=\"wp-caption aligncenter\"><img loading=\"lazy\" decoding=\"async\" class=\"size-full wp-image-163580\" src=\"https:\/\/www.bellunopress.it\/wp-content\/uploads\/2025\/09\/colonnello-Carmelo-Rustico-comandante-CC-Belluno_edited.jpg\" alt=\"\" width=\"800\" height=\"600\" srcset=\"https:\/\/www.bellunopress.it\/wp-content\/uploads\/2025\/09\/colonnello-Carmelo-Rustico-comandante-CC-Belluno_edited.jpg 800w, https:\/\/www.bellunopress.it\/wp-content\/uploads\/2025\/09\/colonnello-Carmelo-Rustico-comandante-CC-Belluno_edited-500x375.jpg 500w, https:\/\/www.bellunopress.it\/wp-content\/uploads\/2025\/09\/colonnello-Carmelo-Rustico-comandante-CC-Belluno_edited-560x420.jpg 560w, https:\/\/www.bellunopress.it\/wp-content\/uploads\/2025\/09\/colonnello-Carmelo-Rustico-comandante-CC-Belluno_edited-80x60.jpg 80w, https:\/\/www.bellunopress.it\/wp-content\/uploads\/2025\/09\/colonnello-Carmelo-Rustico-comandante-CC-Belluno_edited-696x522.jpg 696w\" sizes=\"auto, (max-width: 800px) 100vw, 800px\" \/><figcaption id=\"caption-attachment-163580\" class=\"wp-caption-text\">Colonnello Carmelo Rustico, comandante provinciale Carabinieri di Belluno<\/figcaption><\/figure>\n<p>I Carabinieri del Comando Provinciale di Belluno, nella mattinata di venerd\u00ec 21 novembre, hanno commemorato la loro patrona \u201cVirgo Fidelis\u201d nel Duomo di Belluno, con una messa officiata dal Vescovo della Diocesi di Belluno \u2013 Feltre, Mons. Renato Marangoni.<br \/>\nAlla funzione hanno preso parte il Prefetto, il Presidente del Tribunale di Belluno, la Vice Presidente della Provincia di Belluno (in rappresentanza del Presidente), l\u2019Assessore Comunale alla Sicurezza di Belluno (in rappresentanza del Sindaco), i Vertici provinciale delle Forze Armate e di Polizia, i militari della Provincia, i familiari dei militari in servizio e in congedo, le Associazioni Combattentistiche e d\u2019Arma la cittadinanza.<br \/>\nAl termine della messa \u00e8 stata letta la \u201cPreghiera del Carabiniere\u201d e il Comandante Provinciale, Col. Carmelo Rustico, ha sottolineato il profondo legame tra l\u2019Arma e la Protettrice e ringraziato i presenti, in particolare i militari dell\u2019Arma in congedo rappresentati dall\u2019Associazione Nazionale Carabinieri, detentori e custodi dei valori e delle tradizioni storiche della Benemerita.<br \/>\nIl Colonello Rustico ha rivolto, poi, un sentito pensiero ai Carabinieri caduti nell\u2019adempimento del dovere e ai loro familiari, rammentando che il 21 novembre ricorre, altres\u00ec, la Giornata degli orfani, sostenuti dall\u2019O.N.A.O.M.A.C. (Opera Nazionale Assistenza Orfani Militari dell\u2019Arma dei Carabinieri) che si occupa dal 1948, anno della fondazione, dell\u2019assistenza alle famiglie e degli orfani dei numerosi militari scomparsi nell&#8217;attivit\u00e0 di servizio. Nei suoi 75 anni di vita, l\u2019Opera, voluta dall\u2019allora Capo di Stato Maggiore dell\u2019Arma, Col. Romano Dalla Chiesa, padre del Generale Carlo Alberto, ha visto passare nei propri ruoli oltre 30.000 giovani, di cui 13.000 nei collegi.<br \/>\nIl Colonnello Rustico ha dunque ricordato l\u2019Anniversario della Battaglia di Culqualber in Africa Orientale, nel corso della quale l\u2019Arma dei Carabinieri ha scritto una delle pagine pi\u00f9 memorabili e dolorose della propria storia militare, ricevendo la Medaglia d\u2019Oro al Valor Militare alla Bandiera, della cui motivazione \u00e8 stata data lettura a termine della celebrazione religiosa.<br \/>\nA seguire, l\u2019Associazione Nazionale Carabinieri, come ogni anno, ha voluto riscaldare gli ospiti e la cittadinanza intervenuta con la ormai tradizionale castagnata e vin brul\u00e8.<\/p>\n<p>&nbsp;<\/p>\n<p><strong>La Battaglia di Culqualber <\/strong><\/p>\n<p>Si svolse sulla Sella di Culqualber, un valico montano strategicamente importante vicino a Gondar, nell&#8217;attuale Etiopia (allora Abissinia, parte dell&#8217;Africa Orientale Italiana).<\/p>\n<p>La battaglia si protrasse dal 6 agosto al 21 novembre 1941.<\/p>\n<p>Dopo la caduta di Keren e dell&#8217;Amba Alagi, il sistema difensivo di Gondar (l&#8217;ultimo baluardo italiano in Africa Orientale) e i suoi caposaldi, tra cui Culqualber, rimasero l&#8217;ultima sacca di resistenza italiana, assediata dalle forze britanniche e alleate.<\/p>\n<p>Vide contrapposte le forze italiane (composte da Carabinieri, Zapti\u00e9, Camicie Nere e Ascari) contro le forze britanniche, che includevano anche truppe sudanesi e kikuyu e bande di irregolari.<\/p>\n<p>Nonostante la strenua e durissima resistenza (spesso paragonata a una moderna &#8220;Termopili&#8221;), le forze italiane, nettamente inferiori per numero di uomini, mezzi e rifornimenti, furono infine sopraffatte dalla schiacciante superiorit\u00e0 numerica e aerea britannica il 21 novembre 1941. Questo segn\u00f2 la fine della resistenza a Culqualber, e poco dopo, il 27 novembre, cadde anche Gondar, ponendo fine alla Campagna dell&#8217;Africa Orientale Italiana.<\/p>\n<p>Il presidio italiano, composto in gran parte dal I Gruppo Carabinieri Mobilitato e da reparti della Milizia e Ascari, combatt\u00e9 con un eroismo eccezionale. Per il loro sacrificio, l&#8217;Arma dei Carabinieri fu decorata con la Medaglia d&#8217;Oro al Valore Militare alla Bandiera.<\/p>\n<p>La ricorrenza della caduta di Culqualber, il 21 novembre, \u00e8 oggi celebrata dall&#8217;Arma dei Carabinieri come la festa della loro patrona, la Virgo Fidelis.<\/p>","protected":false},"excerpt":{"rendered":"<p>I Carabinieri del Comando Provinciale di Belluno, nella mattinata di venerd\u00ec 21 novembre, hanno commemorato la loro patrona \u201cVirgo Fidelis\u201d nel Duomo di Belluno, con una messa officiata dal Vescovo della Diocesi di Belluno \u2013 Feltre, Mons. Renato Marangoni. Alla funzione hanno preso parte il Prefetto, il Presidente del Tribunale di Belluno, la Vice Presidente [&hellip;]<\/p>\n","protected":false},"author":2,"featured_media":163580,"comment_status":"closed","ping_status":"open","sticky":false,"template":"","format":"standard","meta":{"footnotes":""},"categories":[26,8],"tags":[],"class_list":["post-165076","post","type-post","status-publish","format-standard","has-post-thumbnail","category-prima-pagina","category-societa-istituzioni"],"yoast_head":"<!-- This site is optimized with the Yoast SEO plugin v28.4 - https:\/\/yoast.com\/product\/yoast-seo-wordpress\/ -->\n<title>L&#039;Arma dei carabinieri festeggia la Virgo Fidelis - Bellunopress - Dolomiti<\/title>\n<meta name=\"robots\" content=\"index, follow, max-snippet:-1, max-image-preview:large, max-video-preview:-1\" \/>\n<link rel=\"canonical\" href=\"https:\/\/www.bellunopress.it\/fr\/2025\/11\/21\/larma-dei-carabinieri-festeggia-la-virgo-fidelis\/\" \/>\n<meta property=\"og:locale\" content=\"fr_FR\" \/>\n<meta property=\"og:type\" content=\"article\" \/>\n<meta property=\"og:title\" content=\"L&#039;Arma dei carabinieri festeggia la Virgo Fidelis - Bellunopress - Dolomiti\" \/>\n<meta property=\"og:description\" content=\"I Carabinieri del Comando Provinciale di Belluno, nella mattinata di venerd\u00ec 21 novembre, hanno commemorato la loro patrona \u201cVirgo Fidelis\u201d nel Duomo di Belluno, con una messa officiata dal Vescovo della Diocesi di Belluno \u2013 Feltre, Mons. Renato Marangoni. Alla funzione hanno preso parte il Prefetto, il Presidente del Tribunale di Belluno, la Vice Presidente [&hellip;]\" \/>\n<meta property=\"og:url\" content=\"https:\/\/www.bellunopress.it\/fr\/2025\/11\/21\/larma-dei-carabinieri-festeggia-la-virgo-fidelis\/\" \/>\n<meta property=\"og:site_name\" content=\"Bellunopress - Dolomiti\" \/>\n<meta property=\"article:publisher\" content=\"https:\/\/www.facebook.com\/profile.php?id=100008943462799\" \/>\n<meta property=\"article:published_time\" content=\"2025-11-21T13:27:51+00:00\" \/>\n<meta property=\"og:image\" content=\"https:\/\/www.bellunopress.it\/wp-content\/uploads\/2025\/09\/colonnello-Carmelo-Rustico-comandante-CC-Belluno_edited.jpg\" \/>\n\t<meta property=\"og:image:width\" content=\"800\" \/>\n\t<meta property=\"og:image:height\" content=\"600\" \/>\n\t<meta property=\"og:image:type\" content=\"image\/jpeg\" \/>\n<meta name=\"author\" content=\"redazione\" \/>\n<meta name=\"twitter:card\" content=\"summary_large_image\" \/>\n<meta name=\"twitter:creator\" content=\"@bellunopress\" \/>\n<meta name=\"twitter:site\" content=\"@bellunopress\" \/>\n<meta name=\"twitter:label1\" content=\"\u00c9crit par\" \/>\n\t<meta name=\"twitter:data1\" content=\"redazione\" \/>\n\t<meta name=\"twitter:label2\" content=\"Dur\u00e9e de lecture estim\u00e9e\" \/>\n\t<meta name=\"twitter:data2\" content=\"3 minutes\" \/>\n<script type=\"application\/ld+json\" class=\"yoast-schema-graph\">{\"@context\":\"https:\\\/\\\/schema.org\",\"@graph\":[{\"@type\":\"Article\",\"@id\":\"https:\\\/\\\/www.bellunopress.it\\\/2025\\\/11\\\/21\\\/larma-dei-carabinieri-festeggia-la-virgo-fidelis\\\/#article\",\"isPartOf\":{\"@id\":\"https:\\\/\\\/www.bellunopress.it\\\/2025\\\/11\\\/21\\\/larma-dei-carabinieri-festeggia-la-virgo-fidelis\\\/\"},\"author\":{\"name\":\"redazione\",\"@id\":\"https:\\\/\\\/www.bellunopress.it\\\/#\\\/schema\\\/person\\\/79bb06722b37ece1c03d3e94beb30d73\"},\"headline\":\"L&#8217;Arma dei carabinieri festeggia la Virgo Fidelis\",\"datePublished\":\"2025-11-21T13:27:51+00:00\",\"mainEntityOfPage\":{\"@id\":\"https:\\\/\\\/www.bellunopress.it\\\/2025\\\/11\\\/21\\\/larma-dei-carabinieri-festeggia-la-virgo-fidelis\\\/\"},\"wordCount\":604,\"publisher\":{\"@id\":\"https:\\\/\\\/www.bellunopress.it\\\/#organization\"},\"image\":{\"@id\":\"https:\\\/\\\/www.bellunopress.it\\\/2025\\\/11\\\/21\\\/larma-dei-carabinieri-festeggia-la-virgo-fidelis\\\/#primaryimage\"},\"thumbnailUrl\":\"https:\\\/\\\/www.bellunopress.it\\\/wp-content\\\/uploads\\\/2025\\\/09\\\/colonnello-Carmelo-Rustico-comandante-CC-Belluno_edited.jpg\",\"articleSection\":[\"Prima Pagina\",\"Societ\u00e0, Associazioni, Istituzioni\"],\"inLanguage\":\"fr-FR\"},{\"@type\":\"WebPage\",\"@id\":\"https:\\\/\\\/www.bellunopress.it\\\/2025\\\/11\\\/21\\\/larma-dei-carabinieri-festeggia-la-virgo-fidelis\\\/\",\"url\":\"https:\\\/\\\/www.bellunopress.it\\\/2025\\\/11\\\/21\\\/larma-dei-carabinieri-festeggia-la-virgo-fidelis\\\/\",\"name\":\"L'Arma dei carabinieri festeggia la Virgo Fidelis - Bellunopress - Dolomiti\",\"isPartOf\":{\"@id\":\"https:\\\/\\\/www.bellunopress.it\\\/#website\"},\"primaryImageOfPage\":{\"@id\":\"https:\\\/\\\/www.bellunopress.it\\\/2025\\\/11\\\/21\\\/larma-dei-carabinieri-festeggia-la-virgo-fidelis\\\/#primaryimage\"},\"image\":{\"@id\":\"https:\\\/\\\/www.bellunopress.it\\\/2025\\\/11\\\/21\\\/larma-dei-carabinieri-festeggia-la-virgo-fidelis\\\/#primaryimage\"},\"thumbnailUrl\":\"https:\\\/\\\/www.bellunopress.it\\\/wp-content\\\/uploads\\\/2025\\\/09\\\/colonnello-Carmelo-Rustico-comandante-CC-Belluno_edited.jpg\",\"datePublished\":\"2025-11-21T13:27:51+00:00\",\"breadcrumb\":{\"@id\":\"https:\\\/\\\/www.bellunopress.it\\\/2025\\\/11\\\/21\\\/larma-dei-carabinieri-festeggia-la-virgo-fidelis\\\/#breadcrumb\"},\"inLanguage\":\"fr-FR\",\"potentialAction\":[{\"@type\":\"ReadAction\",\"target\":[\"https:\\\/\\\/www.bellunopress.it\\\/2025\\\/11\\\/21\\\/larma-dei-carabinieri-festeggia-la-virgo-fidelis\\\/\"]}]},{\"@type\":\"ImageObject\",\"inLanguage\":\"fr-FR\",\"@id\":\"https:\\\/\\\/www.bellunopress.it\\\/2025\\\/11\\\/21\\\/larma-dei-carabinieri-festeggia-la-virgo-fidelis\\\/#primaryimage\",\"url\":\"https:\\\/\\\/www.bellunopress.it\\\/wp-content\\\/uploads\\\/2025\\\/09\\\/colonnello-Carmelo-Rustico-comandante-CC-Belluno_edited.jpg\",\"contentUrl\":\"https:\\\/\\\/www.bellunopress.it\\\/wp-content\\\/uploads\\\/2025\\\/09\\\/colonnello-Carmelo-Rustico-comandante-CC-Belluno_edited.jpg\",\"width\":800,\"height\":600,\"caption\":\"Colonnello Carmelo Rustico, comandante provinciale Carabinieri di Belluno\"},{\"@type\":\"BreadcrumbList\",\"@id\":\"https:\\\/\\\/www.bellunopress.it\\\/2025\\\/11\\\/21\\\/larma-dei-carabinieri-festeggia-la-virgo-fidelis\\\/#breadcrumb\",\"itemListElement\":[{\"@type\":\"ListItem\",\"position\":1,\"name\":\"Home\",\"item\":\"https:\\\/\\\/www.bellunopress.it\\\/\"},{\"@type\":\"ListItem\",\"position\":2,\"name\":\"L&#8217;Arma dei carabinieri festeggia la Virgo Fidelis\"}]},{\"@type\":\"WebSite\",\"@id\":\"https:\\\/\\\/www.bellunopress.it\\\/#website\",\"url\":\"https:\\\/\\\/www.bellunopress.it\\\/\",\"name\":\"Bellunopress - Dolomiti\",\"description\":\"e-mail: redazione@bellunopress.it\",\"publisher\":{\"@id\":\"https:\\\/\\\/www.bellunopress.it\\\/#organization\"},\"potentialAction\":[{\"@type\":\"SearchAction\",\"target\":{\"@type\":\"EntryPoint\",\"urlTemplate\":\"https:\\\/\\\/www.bellunopress.it\\\/?s={search_term_string}\"},\"query-input\":{\"@type\":\"PropertyValueSpecification\",\"valueRequired\":true,\"valueName\":\"search_term_string\"}}],\"inLanguage\":\"fr-FR\"},{\"@type\":\"Organization\",\"@id\":\"https:\\\/\\\/www.bellunopress.it\\\/#organization\",\"name\":\"Bellunopress\",\"url\":\"https:\\\/\\\/www.bellunopress.it\\\/\",\"logo\":{\"@type\":\"ImageObject\",\"inLanguage\":\"fr-FR\",\"@id\":\"https:\\\/\\\/www.bellunopress.it\\\/#\\\/schema\\\/logo\\\/image\\\/\",\"url\":\"https:\\\/\\\/www.bellunopress.it\\\/wp-content\\\/uploads\\\/2011\\\/05\\\/cropped-logo-bellunopress-.jpg\",\"contentUrl\":\"https:\\\/\\\/www.bellunopress.it\\\/wp-content\\\/uploads\\\/2011\\\/05\\\/cropped-logo-bellunopress-.jpg\",\"width\":512,\"height\":512,\"caption\":\"Bellunopress\"},\"image\":{\"@id\":\"https:\\\/\\\/www.bellunopress.it\\\/#\\\/schema\\\/logo\\\/image\\\/\"},\"sameAs\":[\"https:\\\/\\\/www.facebook.com\\\/profile.php?id=100008943462799\",\"https:\\\/\\\/x.com\\\/bellunopress\",\"https:\\\/\\\/www.linkedin.com\\\/hp\\\/?dnr=JBzUWaJfMUw8vbXJJ2tVW5-I3jZKvC4wsoxE&amp;amp;amp;amp;amp;amp;trk=nav_responsive_tab_home\",\"https:\\\/\\\/www.youtube.com\\\/channel\\\/UCxL0wu1uN0_3_7hGG0306cw\"]},{\"@type\":\"Person\",\"@id\":\"https:\\\/\\\/www.bellunopress.it\\\/#\\\/schema\\\/person\\\/79bb06722b37ece1c03d3e94beb30d73\",\"name\":\"redazione\",\"image\":{\"@type\":\"ImageObject\",\"inLanguage\":\"fr-FR\",\"@id\":\"https:\\\/\\\/secure.gravatar.com\\\/avatar\\\/37d968a2e67a6fd04c169c4bdef102d0bc5d31b2546345219e348575eb80e9a0?s=96&d=mm&r=g\",\"url\":\"https:\\\/\\\/secure.gravatar.com\\\/avatar\\\/37d968a2e67a6fd04c169c4bdef102d0bc5d31b2546345219e348575eb80e9a0?s=96&d=mm&r=g\",\"contentUrl\":\"https:\\\/\\\/secure.gravatar.com\\\/avatar\\\/37d968a2e67a6fd04c169c4bdef102d0bc5d31b2546345219e348575eb80e9a0?s=96&d=mm&r=g\",\"caption\":\"redazione\"},\"sameAs\":[\"http:\\\/\\\/www.bellunopress.it\",\"https:\\\/\\\/x.com\\\/bellunopress\"],\"url\":\"https:\\\/\\\/www.bellunopress.it\\\/fr\\\/author\\\/redazione\\\/\"}]}<\/script>\n<!-- \/ Yoast SEO plugin. -->","yoast_head_json":{"title":"L'Arma dei carabinieri festeggia la Virgo Fidelis - Bellunopress - Dolomiti","robots":{"index":"index","follow":"follow","max-snippet":"max-snippet:-1","max-image-preview":"max-image-preview:large","max-video-preview":"max-video-preview:-1"},"canonical":"https:\/\/www.bellunopress.it\/fr\/2025\/11\/21\/larma-dei-carabinieri-festeggia-la-virgo-fidelis\/","og_locale":"fr_FR","og_type":"article","og_title":"L'Arma dei carabinieri festeggia la Virgo Fidelis - Bellunopress - Dolomiti","og_description":"I Carabinieri del Comando Provinciale di Belluno, nella mattinata di venerd\u00ec 21 novembre, hanno commemorato la loro patrona \u201cVirgo Fidelis\u201d nel Duomo di Belluno, con una messa officiata dal Vescovo della Diocesi di Belluno \u2013 Feltre, Mons. Renato Marangoni. Alla funzione hanno preso parte il Prefetto, il Presidente del Tribunale di Belluno, la Vice Presidente [&hellip;]","og_url":"https:\/\/www.bellunopress.it\/fr\/2025\/11\/21\/larma-dei-carabinieri-festeggia-la-virgo-fidelis\/","og_site_name":"Bellunopress - Dolomiti","article_publisher":"https:\/\/www.facebook.com\/profile.php?id=100008943462799","article_published_time":"2025-11-21T13:27:51+00:00","og_image":[{"width":800,"height":600,"url":"https:\/\/www.bellunopress.it\/wp-content\/uploads\/2025\/09\/colonnello-Carmelo-Rustico-comandante-CC-Belluno_edited.jpg","type":"image\/jpeg"}],"author":"redazione","twitter_card":"summary_large_image","twitter_creator":"@bellunopress","twitter_site":"@bellunopress","twitter_misc":{"\u00c9crit par":"redazione","Dur\u00e9e de lecture estim\u00e9e":"3 minutes"},"schema":{"@context":"https:\/\/schema.org","@graph":[{"@type":"Article","@id":"https:\/\/www.bellunopress.it\/2025\/11\/21\/larma-dei-carabinieri-festeggia-la-virgo-fidelis\/#article","isPartOf":{"@id":"https:\/\/www.bellunopress.it\/2025\/11\/21\/larma-dei-carabinieri-festeggia-la-virgo-fidelis\/"},"author":{"name":"redazione","@id":"https:\/\/www.bellunopress.it\/#\/schema\/person\/79bb06722b37ece1c03d3e94beb30d73"},"headline":"L&#8217;Arma dei carabinieri festeggia la Virgo Fidelis","datePublished":"2025-11-21T13:27:51+00:00","mainEntityOfPage":{"@id":"https:\/\/www.bellunopress.it\/2025\/11\/21\/larma-dei-carabinieri-festeggia-la-virgo-fidelis\/"},"wordCount":604,"publisher":{"@id":"https:\/\/www.bellunopress.it\/#organization"},"image":{"@id":"https:\/\/www.bellunopress.it\/2025\/11\/21\/larma-dei-carabinieri-festeggia-la-virgo-fidelis\/#primaryimage"},"thumbnailUrl":"https:\/\/www.bellunopress.it\/wp-content\/uploads\/2025\/09\/colonnello-Carmelo-Rustico-comandante-CC-Belluno_edited.jpg","articleSection":["Prima Pagina","Societ\u00e0, Associazioni, Istituzioni"],"inLanguage":"fr-FR"},{"@type":"WebPage","@id":"https:\/\/www.bellunopress.it\/2025\/11\/21\/larma-dei-carabinieri-festeggia-la-virgo-fidelis\/","url":"https:\/\/www.bellunopress.it\/2025\/11\/21\/larma-dei-carabinieri-festeggia-la-virgo-fidelis\/","name":"L'Arma dei carabinieri festeggia la Virgo Fidelis - Bellunopress - Dolomiti","isPartOf":{"@id":"https:\/\/www.bellunopress.it\/#website"},"primaryImageOfPage":{"@id":"https:\/\/www.bellunopress.it\/2025\/11\/21\/larma-dei-carabinieri-festeggia-la-virgo-fidelis\/#primaryimage"},"image":{"@id":"https:\/\/www.bellunopress.it\/2025\/11\/21\/larma-dei-carabinieri-festeggia-la-virgo-fidelis\/#primaryimage"},"thumbnailUrl":"https:\/\/www.bellunopress.it\/wp-content\/uploads\/2025\/09\/colonnello-Carmelo-Rustico-comandante-CC-Belluno_edited.jpg","datePublished":"2025-11-21T13:27:51+00:00","breadcrumb":{"@id":"https:\/\/www.bellunopress.it\/2025\/11\/21\/larma-dei-carabinieri-festeggia-la-virgo-fidelis\/#breadcrumb"},"inLanguage":"fr-FR","potentialAction":[{"@type":"ReadAction","target":["https:\/\/www.bellunopress.it\/2025\/11\/21\/larma-dei-carabinieri-festeggia-la-virgo-fidelis\/"]}]},{"@type":"ImageObject","inLanguage":"fr-FR","@id":"https:\/\/www.bellunopress.it\/2025\/11\/21\/larma-dei-carabinieri-festeggia-la-virgo-fidelis\/#primaryimage","url":"https:\/\/www.bellunopress.it\/wp-content\/uploads\/2025\/09\/colonnello-Carmelo-Rustico-comandante-CC-Belluno_edited.jpg","contentUrl":"https:\/\/www.bellunopress.it\/wp-content\/uploads\/2025\/09\/colonnello-Carmelo-Rustico-comandante-CC-Belluno_edited.jpg","width":800,"height":600,"caption":"Colonnello Carmelo Rustico, comandante provinciale Carabinieri di Belluno"},{"@type":"BreadcrumbList","@id":"https:\/\/www.bellunopress.it\/2025\/11\/21\/larma-dei-carabinieri-festeggia-la-virgo-fidelis\/#breadcrumb","itemListElement":[{"@type":"ListItem","position":1,"name":"Home","item":"https:\/\/www.bellunopress.it\/"},{"@type":"ListItem","position":2,"name":"L&#8217;Arma dei carabinieri festeggia la Virgo Fidelis"}]},{"@type":"WebSite","@id":"https:\/\/www.bellunopress.it\/#website","url":"https:\/\/www.bellunopress.it\/","name":"Bellunopress - Dolomiti","description":"e-mail: redazione@bellunopress.it","publisher":{"@id":"https:\/\/www.bellunopress.it\/#organization"},"potentialAction":[{"@type":"SearchAction","target":{"@type":"EntryPoint","urlTemplate":"https:\/\/www.bellunopress.it\/?s={search_term_string}"},"query-input":{"@type":"PropertyValueSpecification","valueRequired":true,"valueName":"search_term_string"}}],"inLanguage":"fr-FR"},{"@type":"Organization","@id":"https:\/\/www.bellunopress.it\/#organization","name":"Bellunopress","url":"https:\/\/www.bellunopress.it\/","logo":{"@type":"ImageObject","inLanguage":"fr-FR","@id":"https:\/\/www.bellunopress.it\/#\/schema\/logo\/image\/","url":"https:\/\/www.bellunopress.it\/wp-content\/uploads\/2011\/05\/cropped-logo-bellunopress-.jpg","contentUrl":"https:\/\/www.bellunopress.it\/wp-content\/uploads\/2011\/05\/cropped-logo-bellunopress-.jpg","width":512,"height":512,"caption":"Bellunopress"},"image":{"@id":"https:\/\/www.bellunopress.it\/#\/schema\/logo\/image\/"},"sameAs":["https:\/\/www.facebook.com\/profile.php?id=100008943462799","https:\/\/x.com\/bellunopress","https:\/\/www.linkedin.com\/hp\/?dnr=JBzUWaJfMUw8vbXJJ2tVW5-I3jZKvC4wsoxE&amp;amp;amp;amp;amp;amp;trk=nav_responsive_tab_home","https:\/\/www.youtube.com\/channel\/UCxL0wu1uN0_3_7hGG0306cw"]},{"@type":"Person","@id":"https:\/\/www.bellunopress.it\/#\/schema\/person\/79bb06722b37ece1c03d3e94beb30d73","name":"r\u00e9daction","image":{"@type":"ImageObject","inLanguage":"fr-FR","@id":"https:\/\/secure.gravatar.com\/avatar\/37d968a2e67a6fd04c169c4bdef102d0bc5d31b2546345219e348575eb80e9a0?s=96&d=mm&r=g","url":"https:\/\/secure.gravatar.com\/avatar\/37d968a2e67a6fd04c169c4bdef102d0bc5d31b2546345219e348575eb80e9a0?s=96&d=mm&r=g","contentUrl":"https:\/\/secure.gravatar.com\/avatar\/37d968a2e67a6fd04c169c4bdef102d0bc5d31b2546345219e348575eb80e9a0?s=96&d=mm&r=g","caption":"redazione"},"sameAs":["http:\/\/www.bellunopress.it","https:\/\/x.com\/bellunopress"],"url":"https:\/\/www.bellunopress.it\/fr\/author\/redazione\/"}]}},"_links":{"self":[{"href":"https:\/\/www.bellunopress.it\/fr\/wp-json\/wp\/v2\/posts\/165076","targetHints":{"allow":["GET"]}}],"collection":[{"href":"https:\/\/www.bellunopress.it\/fr\/wp-json\/wp\/v2\/posts"}],"about":[{"href":"https:\/\/www.bellunopress.it\/fr\/wp-json\/wp\/v2\/types\/post"}],"author":[{"embeddable":true,"href":"https:\/\/www.bellunopress.it\/fr\/wp-json\/wp\/v2\/users\/2"}],"replies":[{"embeddable":true,"href":"https:\/\/www.bellunopress.it\/fr\/wp-json\/wp\/v2\/comments?post=165076"}],"version-history":[{"count":1,"href":"https:\/\/www.bellunopress.it\/fr\/wp-json\/wp\/v2\/posts\/165076\/revisions"}],"predecessor-version":[{"id":165077,"href":"https:\/\/www.bellunopress.it\/fr\/wp-json\/wp\/v2\/posts\/165076\/revisions\/165077"}],"wp:featuredmedia":[{"embeddable":true,"href":"https:\/\/www.bellunopress.it\/fr\/wp-json\/wp\/v2\/media\/163580"}],"wp:attachment":[{"href":"https:\/\/www.bellunopress.it\/fr\/wp-json\/wp\/v2\/media?parent=165076"}],"wp:term":[{"taxonomy":"category","embeddable":true,"href":"https:\/\/www.bellunopress.it\/fr\/wp-json\/wp\/v2\/categories?post=165076"},{"taxonomy":"post_tag","embeddable":true,"href":"https:\/\/www.bellunopress.it\/fr\/wp-json\/wp\/v2\/tags?post=165076"}],"curies":[{"name":"wp","href":"https:\/\/api.w.org\/{rel}","templated":true}]}}