{"id":165068,"date":"2025-11-21T10:30:44","date_gmt":"2025-11-21T09:30:44","guid":{"rendered":"https:\/\/www.bellunopress.it\/?p=165068"},"modified":"2025-11-21T10:30:44","modified_gmt":"2025-11-21T09:30:44","slug":"rinasce-il-bosco-di-vaia-carabinieri-forestali-e-studenti-insieme-per-la-giornata-degli-alberi","status":"publish","type":"post","link":"https:\/\/www.bellunopress.it\/fr\/2025\/11\/21\/rinasce-il-bosco-di-vaia-carabinieri-forestali-e-studenti-insieme-per-la-giornata-degli-alberi\/","title":{"rendered":"Rinasce il bosco di Vaia: Carabinieri forestali e studenti insieme per la Giornata degli Alberi"},"content":{"rendered":"<p><strong><img loading=\"lazy\" decoding=\"async\" class=\"aligncenter size-full wp-image-165069\" src=\"https:\/\/www.bellunopress.it\/wp-content\/uploads\/2025\/11\/Carabinieri-forestali-Festa-degli-alberi-21-novembre.jpg\" alt=\"\" width=\"800\" height=\"594\" srcset=\"https:\/\/www.bellunopress.it\/wp-content\/uploads\/2025\/11\/Carabinieri-forestali-Festa-degli-alberi-21-novembre.jpg 800w, https:\/\/www.bellunopress.it\/wp-content\/uploads\/2025\/11\/Carabinieri-forestali-Festa-degli-alberi-21-novembre-500x371.jpg 500w, https:\/\/www.bellunopress.it\/wp-content\/uploads\/2025\/11\/Carabinieri-forestali-Festa-degli-alberi-21-novembre-566x420.jpg 566w, https:\/\/www.bellunopress.it\/wp-content\/uploads\/2025\/11\/Carabinieri-forestali-Festa-degli-alberi-21-novembre-80x60.jpg 80w, https:\/\/www.bellunopress.it\/wp-content\/uploads\/2025\/11\/Carabinieri-forestali-Festa-degli-alberi-21-novembre-485x360.jpg 485w, https:\/\/www.bellunopress.it\/wp-content\/uploads\/2025\/11\/Carabinieri-forestali-Festa-degli-alberi-21-novembre-696x517.jpg 696w\" sizes=\"auto, (max-width: 800px) 100vw, 800px\" \/>Piantumazione e lezione di legalit\u00e0 ambientale nella Riserva Naturale Statale \u201cMonti del Sole\u201d, a Sedico, con le giovani generazioni.<\/strong><\/p>\n<p>Sedico, 21 novembre 2025 &#8211; In una mattinata all&#8217;insegna dell&#8217;impegno ambientale e della memoria, i Carabinieri Forestali della Biodiversit\u00e0 e del Parco Nazionale Dolomiti Bellunesi hanno celebrato il 21 novembre, Giornata Nazionale degli Alberi, con un&#8217;iniziativa speciale presso il Centro di selezione equestre di Salet, nel comune di Sedico.<\/p>\n<p>L\u2019evento, svoltosi all&#8217;interno della suggestiva Riserva Naturale Statale \u201cMonti del Sole\u201d, ha visto protagonisti gli studenti delle classi quarte della scuola primaria dell\u2019Istituto Comprensivo Statale di Sedico. L&#8217;incontro, inserito nel progetto nazionale \u201cUn albero per il futuro\u201d promosso dal Comando Unit\u00e0 Forestali Ambientali e Agroalimentari Carabinieri, \u00e8 stato dedicato alla messa a dimora di nuove piante e a una fondamentale lezione di educazione e legalit\u00e0 ambientale.<\/p>\n<p>La scelta del luogo non \u00e8 stata casuale. L&#8217;area di Salet si trova lungo la destra orografica del torrente Cordevole, un ecosistema duramente colpito dalla tempesta Vaia nel 2018, che aveva raso al suolo ettari di bosco.<\/p>\n<p>Alla presenza della Vice Sindaco Viviana Mussoi e degli insegnanti, i giovani studenti hanno piantato piccole essenze arboree autoctone, fornite dal Raggruppamento Carabinieri Biodiversit\u00e0 di Roma. Questo gesto simbolico vuole essere una testimonianza tangibile della volont\u00e0 di contribuire alla rinascita del futuro bosco. La riforestazione non \u00e8 solo un atto ecologico, ma anche un fondamentale intervento di protezione idraulica e idrogeologica del territorio, cruciale dopo gli eventi estremi.<\/p>\n<p>L&#8217;iniziativa &#8220;Un albero per il futuro&#8221; ha gi\u00e0 portato alla piantumazione di oltre 52.000 alberi sul territorio nazionale, creando un vero e proprio &#8220;bosco diffuso della legalit\u00e0&#8221;. A Sedico, i Carabinieri Forestali hanno colto l&#8217;occasione per illustrare ai ragazzi il valore insostituibile degli alberi nel contesto del cambiamento climatico e il loro ruolo nella coesione sociale e nel benessere collettivo.<\/p>\n<p>L&#8217;attenzione si \u00e8 focalizzata anche sul contrasto ai fenomeni illeciti che minacciano l&#8217;ambiente. I Forestali hanno sensibilizzato i giovani sull\u2019importanza della tutela forestale e della corretta gestione selvicolturale, illustrando i principali aspetti legati al controllo dei tagli boschivi e alla prevenzione degli incendi, anche tramite l&#8217;utilizzo delle strumentazioni in dotazione.<\/p>\n<p>L&#8217;aggravamento del dissesto idrogeologico, gli incendi boschivi e le utilizzazioni abusive rappresentano, infatti, le maggiori minacce per il suolo e la biodiversit\u00e0 in Italia. Per questo motivo, l&#8217;Arma ribadisce l&#8217;importanza dell&#8217;azione di educazione ambientale, soprattutto verso le nuove generazioni, ricordando che le foreste sono il secondo serbatoio di carbonio pi\u00f9 grande dopo gli oceani, essenziale per un futuro sostenibile.<\/p>","protected":false},"excerpt":{"rendered":"<p>Piantumazione e lezione di legalit\u00e0 ambientale nella Riserva Naturale Statale \u201cMonti del Sole\u201d, a Sedico, con le giovani generazioni. Sedico, 21 novembre 2025 &#8211; In una mattinata all&#8217;insegna dell&#8217;impegno ambientale e della memoria, i Carabinieri Forestali della Biodiversit\u00e0 e del Parco Nazionale Dolomiti Bellunesi hanno celebrato il 21 novembre, Giornata Nazionale degli Alberi, con un&#8217;iniziativa [&hellip;]<\/p>\n","protected":false},"author":2,"featured_media":165069,"comment_status":"closed","ping_status":"open","sticky":false,"template":"","format":"standard","meta":{"footnotes":""},"categories":[15,8],"tags":[],"class_list":["post-165068","post","type-post","status-publish","format-standard","has-post-thumbnail","category-scuola","category-societa-istituzioni"],"yoast_head":"<!-- This site is optimized with the Yoast SEO plugin v28.4 - https:\/\/yoast.com\/product\/yoast-seo-wordpress\/ -->\n<title>Rinasce il bosco di Vaia: Carabinieri forestali e studenti insieme per la Giornata degli Alberi - Bellunopress - Dolomiti<\/title>\n<meta name=\"robots\" content=\"index, follow, max-snippet:-1, max-image-preview:large, max-video-preview:-1\" \/>\n<link rel=\"canonical\" href=\"https:\/\/www.bellunopress.it\/fr\/2025\/11\/21\/rinasce-il-bosco-di-vaia-carabinieri-forestali-e-studenti-insieme-per-la-giornata-degli-alberi\/\" \/>\n<meta property=\"og:locale\" content=\"fr_FR\" \/>\n<meta property=\"og:type\" content=\"article\" \/>\n<meta property=\"og:title\" content=\"Rinasce il bosco di Vaia: Carabinieri forestali e studenti insieme per la Giornata degli Alberi - Bellunopress - Dolomiti\" \/>\n<meta property=\"og:description\" content=\"Piantumazione e lezione di legalit\u00e0 ambientale nella Riserva Naturale Statale \u201cMonti del Sole\u201d, a Sedico, con le giovani generazioni. Sedico, 21 novembre 2025 &#8211; In una mattinata all&#8217;insegna dell&#8217;impegno ambientale e della memoria, i Carabinieri Forestali della Biodiversit\u00e0 e del Parco Nazionale Dolomiti Bellunesi hanno celebrato il 21 novembre, Giornata Nazionale degli Alberi, con un&#8217;iniziativa [&hellip;]\" \/>\n<meta property=\"og:url\" content=\"https:\/\/www.bellunopress.it\/fr\/2025\/11\/21\/rinasce-il-bosco-di-vaia-carabinieri-forestali-e-studenti-insieme-per-la-giornata-degli-alberi\/\" \/>\n<meta property=\"og:site_name\" content=\"Bellunopress - Dolomiti\" \/>\n<meta property=\"article:publisher\" content=\"https:\/\/www.facebook.com\/profile.php?id=100008943462799\" \/>\n<meta property=\"article:published_time\" content=\"2025-11-21T09:30:44+00:00\" \/>\n<meta property=\"og:image\" content=\"https:\/\/www.bellunopress.it\/wp-content\/uploads\/2025\/11\/Carabinieri-forestali-Festa-degli-alberi-21-novembre.jpg\" \/>\n\t<meta property=\"og:image:width\" content=\"800\" \/>\n\t<meta property=\"og:image:height\" content=\"594\" \/>\n\t<meta property=\"og:image:type\" content=\"image\/jpeg\" \/>\n<meta name=\"author\" content=\"redazione\" \/>\n<meta name=\"twitter:card\" content=\"summary_large_image\" \/>\n<meta name=\"twitter:creator\" content=\"@bellunopress\" \/>\n<meta name=\"twitter:site\" content=\"@bellunopress\" \/>\n<meta name=\"twitter:label1\" content=\"Written by\" \/>\n\t<meta name=\"twitter:data1\" content=\"redazione\" \/>\n\t<meta name=\"twitter:label2\" content=\"Est. reading time\" \/>\n\t<meta name=\"twitter:data2\" content=\"2 minutes\" \/>\n<script type=\"application\/ld+json\" class=\"yoast-schema-graph\">{\"@context\":\"https:\\\/\\\/schema.org\",\"@graph\":[{\"@type\":\"Article\",\"@id\":\"https:\\\/\\\/www.bellunopress.it\\\/2025\\\/11\\\/21\\\/rinasce-il-bosco-di-vaia-carabinieri-forestali-e-studenti-insieme-per-la-giornata-degli-alberi\\\/#article\",\"isPartOf\":{\"@id\":\"https:\\\/\\\/www.bellunopress.it\\\/2025\\\/11\\\/21\\\/rinasce-il-bosco-di-vaia-carabinieri-forestali-e-studenti-insieme-per-la-giornata-degli-alberi\\\/\"},\"author\":{\"name\":\"redazione\",\"@id\":\"https:\\\/\\\/www.bellunopress.it\\\/#\\\/schema\\\/person\\\/79bb06722b37ece1c03d3e94beb30d73\"},\"headline\":\"Rinasce il bosco di Vaia: Carabinieri forestali e studenti insieme per la Giornata degli Alberi\",\"datePublished\":\"2025-11-21T09:30:44+00:00\",\"mainEntityOfPage\":{\"@id\":\"https:\\\/\\\/www.bellunopress.it\\\/2025\\\/11\\\/21\\\/rinasce-il-bosco-di-vaia-carabinieri-forestali-e-studenti-insieme-per-la-giornata-degli-alberi\\\/\"},\"wordCount\":432,\"publisher\":{\"@id\":\"https:\\\/\\\/www.bellunopress.it\\\/#organization\"},\"image\":{\"@id\":\"https:\\\/\\\/www.bellunopress.it\\\/2025\\\/11\\\/21\\\/rinasce-il-bosco-di-vaia-carabinieri-forestali-e-studenti-insieme-per-la-giornata-degli-alberi\\\/#primaryimage\"},\"thumbnailUrl\":\"https:\\\/\\\/www.bellunopress.it\\\/wp-content\\\/uploads\\\/2025\\\/11\\\/Carabinieri-forestali-Festa-degli-alberi-21-novembre.jpg\",\"articleSection\":[\"Scuola\",\"Societ\u00e0, Associazioni, Istituzioni\"],\"inLanguage\":\"fr-FR\"},{\"@type\":\"WebPage\",\"@id\":\"https:\\\/\\\/www.bellunopress.it\\\/2025\\\/11\\\/21\\\/rinasce-il-bosco-di-vaia-carabinieri-forestali-e-studenti-insieme-per-la-giornata-degli-alberi\\\/\",\"url\":\"https:\\\/\\\/www.bellunopress.it\\\/2025\\\/11\\\/21\\\/rinasce-il-bosco-di-vaia-carabinieri-forestali-e-studenti-insieme-per-la-giornata-degli-alberi\\\/\",\"name\":\"Rinasce il bosco di Vaia: Carabinieri forestali e studenti insieme per la Giornata degli Alberi - Bellunopress - Dolomiti\",\"isPartOf\":{\"@id\":\"https:\\\/\\\/www.bellunopress.it\\\/#website\"},\"primaryImageOfPage\":{\"@id\":\"https:\\\/\\\/www.bellunopress.it\\\/2025\\\/11\\\/21\\\/rinasce-il-bosco-di-vaia-carabinieri-forestali-e-studenti-insieme-per-la-giornata-degli-alberi\\\/#primaryimage\"},\"image\":{\"@id\":\"https:\\\/\\\/www.bellunopress.it\\\/2025\\\/11\\\/21\\\/rinasce-il-bosco-di-vaia-carabinieri-forestali-e-studenti-insieme-per-la-giornata-degli-alberi\\\/#primaryimage\"},\"thumbnailUrl\":\"https:\\\/\\\/www.bellunopress.it\\\/wp-content\\\/uploads\\\/2025\\\/11\\\/Carabinieri-forestali-Festa-degli-alberi-21-novembre.jpg\",\"datePublished\":\"2025-11-21T09:30:44+00:00\",\"breadcrumb\":{\"@id\":\"https:\\\/\\\/www.bellunopress.it\\\/2025\\\/11\\\/21\\\/rinasce-il-bosco-di-vaia-carabinieri-forestali-e-studenti-insieme-per-la-giornata-degli-alberi\\\/#breadcrumb\"},\"inLanguage\":\"fr-FR\",\"potentialAction\":[{\"@type\":\"ReadAction\",\"target\":[\"https:\\\/\\\/www.bellunopress.it\\\/2025\\\/11\\\/21\\\/rinasce-il-bosco-di-vaia-carabinieri-forestali-e-studenti-insieme-per-la-giornata-degli-alberi\\\/\"]}]},{\"@type\":\"ImageObject\",\"inLanguage\":\"fr-FR\",\"@id\":\"https:\\\/\\\/www.bellunopress.it\\\/2025\\\/11\\\/21\\\/rinasce-il-bosco-di-vaia-carabinieri-forestali-e-studenti-insieme-per-la-giornata-degli-alberi\\\/#primaryimage\",\"url\":\"https:\\\/\\\/www.bellunopress.it\\\/wp-content\\\/uploads\\\/2025\\\/11\\\/Carabinieri-forestali-Festa-degli-alberi-21-novembre.jpg\",\"contentUrl\":\"https:\\\/\\\/www.bellunopress.it\\\/wp-content\\\/uploads\\\/2025\\\/11\\\/Carabinieri-forestali-Festa-degli-alberi-21-novembre.jpg\",\"width\":800,\"height\":594},{\"@type\":\"BreadcrumbList\",\"@id\":\"https:\\\/\\\/www.bellunopress.it\\\/2025\\\/11\\\/21\\\/rinasce-il-bosco-di-vaia-carabinieri-forestali-e-studenti-insieme-per-la-giornata-degli-alberi\\\/#breadcrumb\",\"itemListElement\":[{\"@type\":\"ListItem\",\"position\":1,\"name\":\"Home\",\"item\":\"https:\\\/\\\/www.bellunopress.it\\\/\"},{\"@type\":\"ListItem\",\"position\":2,\"name\":\"Rinasce il bosco di Vaia: Carabinieri forestali e studenti insieme per la Giornata degli Alberi\"}]},{\"@type\":\"WebSite\",\"@id\":\"https:\\\/\\\/www.bellunopress.it\\\/#website\",\"url\":\"https:\\\/\\\/www.bellunopress.it\\\/\",\"name\":\"Bellunopress - Dolomiti\",\"description\":\"e-mail: redazione@bellunopress.it\",\"publisher\":{\"@id\":\"https:\\\/\\\/www.bellunopress.it\\\/#organization\"},\"potentialAction\":[{\"@type\":\"SearchAction\",\"target\":{\"@type\":\"EntryPoint\",\"urlTemplate\":\"https:\\\/\\\/www.bellunopress.it\\\/?s={search_term_string}\"},\"query-input\":{\"@type\":\"PropertyValueSpecification\",\"valueRequired\":true,\"valueName\":\"search_term_string\"}}],\"inLanguage\":\"fr-FR\"},{\"@type\":\"Organization\",\"@id\":\"https:\\\/\\\/www.bellunopress.it\\\/#organization\",\"name\":\"Bellunopress\",\"url\":\"https:\\\/\\\/www.bellunopress.it\\\/\",\"logo\":{\"@type\":\"ImageObject\",\"inLanguage\":\"fr-FR\",\"@id\":\"https:\\\/\\\/www.bellunopress.it\\\/#\\\/schema\\\/logo\\\/image\\\/\",\"url\":\"https:\\\/\\\/www.bellunopress.it\\\/wp-content\\\/uploads\\\/2011\\\/05\\\/cropped-logo-bellunopress-.jpg\",\"contentUrl\":\"https:\\\/\\\/www.bellunopress.it\\\/wp-content\\\/uploads\\\/2011\\\/05\\\/cropped-logo-bellunopress-.jpg\",\"width\":512,\"height\":512,\"caption\":\"Bellunopress\"},\"image\":{\"@id\":\"https:\\\/\\\/www.bellunopress.it\\\/#\\\/schema\\\/logo\\\/image\\\/\"},\"sameAs\":[\"https:\\\/\\\/www.facebook.com\\\/profile.php?id=100008943462799\",\"https:\\\/\\\/x.com\\\/bellunopress\",\"https:\\\/\\\/www.linkedin.com\\\/hp\\\/?dnr=JBzUWaJfMUw8vbXJJ2tVW5-I3jZKvC4wsoxE&amp;amp;amp;amp;amp;amp;trk=nav_responsive_tab_home\",\"https:\\\/\\\/www.youtube.com\\\/channel\\\/UCxL0wu1uN0_3_7hGG0306cw\"]},{\"@type\":\"Person\",\"@id\":\"https:\\\/\\\/www.bellunopress.it\\\/#\\\/schema\\\/person\\\/79bb06722b37ece1c03d3e94beb30d73\",\"name\":\"redazione\",\"image\":{\"@type\":\"ImageObject\",\"inLanguage\":\"fr-FR\",\"@id\":\"https:\\\/\\\/secure.gravatar.com\\\/avatar\\\/37d968a2e67a6fd04c169c4bdef102d0bc5d31b2546345219e348575eb80e9a0?s=96&d=mm&r=g\",\"url\":\"https:\\\/\\\/secure.gravatar.com\\\/avatar\\\/37d968a2e67a6fd04c169c4bdef102d0bc5d31b2546345219e348575eb80e9a0?s=96&d=mm&r=g\",\"contentUrl\":\"https:\\\/\\\/secure.gravatar.com\\\/avatar\\\/37d968a2e67a6fd04c169c4bdef102d0bc5d31b2546345219e348575eb80e9a0?s=96&d=mm&r=g\",\"caption\":\"redazione\"},\"sameAs\":[\"http:\\\/\\\/www.bellunopress.it\",\"https:\\\/\\\/x.com\\\/bellunopress\"],\"url\":\"https:\\\/\\\/www.bellunopress.it\\\/fr\\\/author\\\/redazione\\\/\"}]}<\/script>\n<!-- \/ Yoast SEO plugin. -->","yoast_head_json":{"title":"Rinasce il bosco di Vaia: Carabinieri forestali e studenti insieme per la Giornata degli Alberi - Bellunopress - Dolomiti","robots":{"index":"index","follow":"follow","max-snippet":"max-snippet:-1","max-image-preview":"max-image-preview:large","max-video-preview":"max-video-preview:-1"},"canonical":"https:\/\/www.bellunopress.it\/fr\/2025\/11\/21\/rinasce-il-bosco-di-vaia-carabinieri-forestali-e-studenti-insieme-per-la-giornata-degli-alberi\/","og_locale":"fr_FR","og_type":"article","og_title":"Rinasce il bosco di Vaia: Carabinieri forestali e studenti insieme per la Giornata degli Alberi - Bellunopress - Dolomiti","og_description":"Piantumazione e lezione di legalit\u00e0 ambientale nella Riserva Naturale Statale \u201cMonti del Sole\u201d, a Sedico, con le giovani generazioni. Sedico, 21 novembre 2025 &#8211; In una mattinata all&#8217;insegna dell&#8217;impegno ambientale e della memoria, i Carabinieri Forestali della Biodiversit\u00e0 e del Parco Nazionale Dolomiti Bellunesi hanno celebrato il 21 novembre, Giornata Nazionale degli Alberi, con un&#8217;iniziativa [&hellip;]","og_url":"https:\/\/www.bellunopress.it\/fr\/2025\/11\/21\/rinasce-il-bosco-di-vaia-carabinieri-forestali-e-studenti-insieme-per-la-giornata-degli-alberi\/","og_site_name":"Bellunopress - Dolomiti","article_publisher":"https:\/\/www.facebook.com\/profile.php?id=100008943462799","article_published_time":"2025-11-21T09:30:44+00:00","og_image":[{"width":800,"height":594,"url":"https:\/\/www.bellunopress.it\/wp-content\/uploads\/2025\/11\/Carabinieri-forestali-Festa-degli-alberi-21-novembre.jpg","type":"image\/jpeg"}],"author":"redazione","twitter_card":"summary_large_image","twitter_creator":"@bellunopress","twitter_site":"@bellunopress","twitter_misc":{"Written by":"redazione","Est. reading time":"2 minutes"},"schema":{"@context":"https:\/\/schema.org","@graph":[{"@type":"Article","@id":"https:\/\/www.bellunopress.it\/2025\/11\/21\/rinasce-il-bosco-di-vaia-carabinieri-forestali-e-studenti-insieme-per-la-giornata-degli-alberi\/#article","isPartOf":{"@id":"https:\/\/www.bellunopress.it\/2025\/11\/21\/rinasce-il-bosco-di-vaia-carabinieri-forestali-e-studenti-insieme-per-la-giornata-degli-alberi\/"},"author":{"name":"redazione","@id":"https:\/\/www.bellunopress.it\/#\/schema\/person\/79bb06722b37ece1c03d3e94beb30d73"},"headline":"Rinasce il bosco di Vaia: Carabinieri forestali e studenti insieme per la Giornata degli Alberi","datePublished":"2025-11-21T09:30:44+00:00","mainEntityOfPage":{"@id":"https:\/\/www.bellunopress.it\/2025\/11\/21\/rinasce-il-bosco-di-vaia-carabinieri-forestali-e-studenti-insieme-per-la-giornata-degli-alberi\/"},"wordCount":432,"publisher":{"@id":"https:\/\/www.bellunopress.it\/#organization"},"image":{"@id":"https:\/\/www.bellunopress.it\/2025\/11\/21\/rinasce-il-bosco-di-vaia-carabinieri-forestali-e-studenti-insieme-per-la-giornata-degli-alberi\/#primaryimage"},"thumbnailUrl":"https:\/\/www.bellunopress.it\/wp-content\/uploads\/2025\/11\/Carabinieri-forestali-Festa-degli-alberi-21-novembre.jpg","articleSection":["Scuola","Societ\u00e0, Associazioni, Istituzioni"],"inLanguage":"fr-FR"},{"@type":"WebPage","@id":"https:\/\/www.bellunopress.it\/2025\/11\/21\/rinasce-il-bosco-di-vaia-carabinieri-forestali-e-studenti-insieme-per-la-giornata-degli-alberi\/","url":"https:\/\/www.bellunopress.it\/2025\/11\/21\/rinasce-il-bosco-di-vaia-carabinieri-forestali-e-studenti-insieme-per-la-giornata-degli-alberi\/","name":"Rinasce il bosco di Vaia: Carabinieri forestali e studenti insieme per la Giornata degli Alberi - Bellunopress - Dolomiti","isPartOf":{"@id":"https:\/\/www.bellunopress.it\/#website"},"primaryImageOfPage":{"@id":"https:\/\/www.bellunopress.it\/2025\/11\/21\/rinasce-il-bosco-di-vaia-carabinieri-forestali-e-studenti-insieme-per-la-giornata-degli-alberi\/#primaryimage"},"image":{"@id":"https:\/\/www.bellunopress.it\/2025\/11\/21\/rinasce-il-bosco-di-vaia-carabinieri-forestali-e-studenti-insieme-per-la-giornata-degli-alberi\/#primaryimage"},"thumbnailUrl":"https:\/\/www.bellunopress.it\/wp-content\/uploads\/2025\/11\/Carabinieri-forestali-Festa-degli-alberi-21-novembre.jpg","datePublished":"2025-11-21T09:30:44+00:00","breadcrumb":{"@id":"https:\/\/www.bellunopress.it\/2025\/11\/21\/rinasce-il-bosco-di-vaia-carabinieri-forestali-e-studenti-insieme-per-la-giornata-degli-alberi\/#breadcrumb"},"inLanguage":"fr-FR","potentialAction":[{"@type":"ReadAction","target":["https:\/\/www.bellunopress.it\/2025\/11\/21\/rinasce-il-bosco-di-vaia-carabinieri-forestali-e-studenti-insieme-per-la-giornata-degli-alberi\/"]}]},{"@type":"ImageObject","inLanguage":"fr-FR","@id":"https:\/\/www.bellunopress.it\/2025\/11\/21\/rinasce-il-bosco-di-vaia-carabinieri-forestali-e-studenti-insieme-per-la-giornata-degli-alberi\/#primaryimage","url":"https:\/\/www.bellunopress.it\/wp-content\/uploads\/2025\/11\/Carabinieri-forestali-Festa-degli-alberi-21-novembre.jpg","contentUrl":"https:\/\/www.bellunopress.it\/wp-content\/uploads\/2025\/11\/Carabinieri-forestali-Festa-degli-alberi-21-novembre.jpg","width":800,"height":594},{"@type":"BreadcrumbList","@id":"https:\/\/www.bellunopress.it\/2025\/11\/21\/rinasce-il-bosco-di-vaia-carabinieri-forestali-e-studenti-insieme-per-la-giornata-degli-alberi\/#breadcrumb","itemListElement":[{"@type":"ListItem","position":1,"name":"Home","item":"https:\/\/www.bellunopress.it\/"},{"@type":"ListItem","position":2,"name":"Rinasce il bosco di Vaia: Carabinieri forestali e studenti insieme per la Giornata degli Alberi"}]},{"@type":"WebSite","@id":"https:\/\/www.bellunopress.it\/#website","url":"https:\/\/www.bellunopress.it\/","name":"Bellunopress - Dolomiti","description":"e-mail: redazione@bellunopress.it","publisher":{"@id":"https:\/\/www.bellunopress.it\/#organization"},"potentialAction":[{"@type":"SearchAction","target":{"@type":"EntryPoint","urlTemplate":"https:\/\/www.bellunopress.it\/?s={search_term_string}"},"query-input":{"@type":"PropertyValueSpecification","valueRequired":true,"valueName":"search_term_string"}}],"inLanguage":"fr-FR"},{"@type":"Organization","@id":"https:\/\/www.bellunopress.it\/#organization","name":"Bellunopress","url":"https:\/\/www.bellunopress.it\/","logo":{"@type":"ImageObject","inLanguage":"fr-FR","@id":"https:\/\/www.bellunopress.it\/#\/schema\/logo\/image\/","url":"https:\/\/www.bellunopress.it\/wp-content\/uploads\/2011\/05\/cropped-logo-bellunopress-.jpg","contentUrl":"https:\/\/www.bellunopress.it\/wp-content\/uploads\/2011\/05\/cropped-logo-bellunopress-.jpg","width":512,"height":512,"caption":"Bellunopress"},"image":{"@id":"https:\/\/www.bellunopress.it\/#\/schema\/logo\/image\/"},"sameAs":["https:\/\/www.facebook.com\/profile.php?id=100008943462799","https:\/\/x.com\/bellunopress","https:\/\/www.linkedin.com\/hp\/?dnr=JBzUWaJfMUw8vbXJJ2tVW5-I3jZKvC4wsoxE&amp;amp;amp;amp;amp;amp;trk=nav_responsive_tab_home","https:\/\/www.youtube.com\/channel\/UCxL0wu1uN0_3_7hGG0306cw"]},{"@type":"Person","@id":"https:\/\/www.bellunopress.it\/#\/schema\/person\/79bb06722b37ece1c03d3e94beb30d73","name":"r\u00e9daction","image":{"@type":"ImageObject","inLanguage":"fr-FR","@id":"https:\/\/secure.gravatar.com\/avatar\/37d968a2e67a6fd04c169c4bdef102d0bc5d31b2546345219e348575eb80e9a0?s=96&d=mm&r=g","url":"https:\/\/secure.gravatar.com\/avatar\/37d968a2e67a6fd04c169c4bdef102d0bc5d31b2546345219e348575eb80e9a0?s=96&d=mm&r=g","contentUrl":"https:\/\/secure.gravatar.com\/avatar\/37d968a2e67a6fd04c169c4bdef102d0bc5d31b2546345219e348575eb80e9a0?s=96&d=mm&r=g","caption":"redazione"},"sameAs":["http:\/\/www.bellunopress.it","https:\/\/x.com\/bellunopress"],"url":"https:\/\/www.bellunopress.it\/fr\/author\/redazione\/"}]}},"_links":{"self":[{"href":"https:\/\/www.bellunopress.it\/fr\/wp-json\/wp\/v2\/posts\/165068","targetHints":{"allow":["GET"]}}],"collection":[{"href":"https:\/\/www.bellunopress.it\/fr\/wp-json\/wp\/v2\/posts"}],"about":[{"href":"https:\/\/www.bellunopress.it\/fr\/wp-json\/wp\/v2\/types\/post"}],"author":[{"embeddable":true,"href":"https:\/\/www.bellunopress.it\/fr\/wp-json\/wp\/v2\/users\/2"}],"replies":[{"embeddable":true,"href":"https:\/\/www.bellunopress.it\/fr\/wp-json\/wp\/v2\/comments?post=165068"}],"version-history":[{"count":1,"href":"https:\/\/www.bellunopress.it\/fr\/wp-json\/wp\/v2\/posts\/165068\/revisions"}],"predecessor-version":[{"id":165070,"href":"https:\/\/www.bellunopress.it\/fr\/wp-json\/wp\/v2\/posts\/165068\/revisions\/165070"}],"wp:featuredmedia":[{"embeddable":true,"href":"https:\/\/www.bellunopress.it\/fr\/wp-json\/wp\/v2\/media\/165069"}],"wp:attachment":[{"href":"https:\/\/www.bellunopress.it\/fr\/wp-json\/wp\/v2\/media?parent=165068"}],"wp:term":[{"taxonomy":"category","embeddable":true,"href":"https:\/\/www.bellunopress.it\/fr\/wp-json\/wp\/v2\/categories?post=165068"},{"taxonomy":"post_tag","embeddable":true,"href":"https:\/\/www.bellunopress.it\/fr\/wp-json\/wp\/v2\/tags?post=165068"}],"curies":[{"name":"wp","href":"https:\/\/api.w.org\/{rel}","templated":true}]}}