{"id":165066,"date":"2025-11-21T10:04:57","date_gmt":"2025-11-21T09:04:57","guid":{"rendered":"https:\/\/www.bellunopress.it\/?p=165066"},"modified":"2025-11-21T10:04:57","modified_gmt":"2025-11-21T09:04:57","slug":"questa-sera-ad-agordo-silicosi-lolocausto-dimenticato-della-montagna-veneta-di-egidio-pasuch","status":"publish","type":"post","link":"https:\/\/www.bellunopress.it\/fr\/2025\/11\/21\/questa-sera-ad-agordo-silicosi-lolocausto-dimenticato-della-montagna-veneta-di-egidio-pasuch\/","title":{"rendered":"Questa sera ad Agordo: Silicosi, l&#8217;olocausto dimenticato della montagna veneta, di Egidio Pasuch"},"content":{"rendered":"<p><img loading=\"lazy\" decoding=\"async\" class=\"aligncenter size-full wp-image-162803\" src=\"https:\/\/www.bellunopress.it\/wp-content\/uploads\/2025\/08\/silicosi-lolocausto-dimenticato-Egidio-Pasuch_edited.jpg\" alt=\"\" width=\"504\" height=\"735\" srcset=\"https:\/\/www.bellunopress.it\/wp-content\/uploads\/2025\/08\/silicosi-lolocausto-dimenticato-Egidio-Pasuch_edited.jpg 504w, https:\/\/www.bellunopress.it\/wp-content\/uploads\/2025\/08\/silicosi-lolocausto-dimenticato-Egidio-Pasuch_edited-343x500.jpg 343w, https:\/\/www.bellunopress.it\/wp-content\/uploads\/2025\/08\/silicosi-lolocausto-dimenticato-Egidio-Pasuch_edited-288x420.jpg 288w\" sizes=\"auto, (max-width: 504px) 100vw, 504px\" \/>Il 21 novembre, ad Agordo, verr\u00e0 presentato il libro &#8220;Silicosi. L&#8217;olocausto dimenticato della montagna veneta&#8221; (Bellunesi nel mondo Edizioni 2025), firmato dal giornalista e ricercatore Egidio Pasuch.<\/p>\n<p>Non si tratter\u00e0 solo della presentazione di un libro, ma di un momento di riflessione collettiva su una tragedia che ha colpito in profondit\u00e0 le vallate dolomitiche.<\/p>\n<p>La silicosi, definita \u00abla pi\u00f9 micidiale malattia professionale dell&#8217;era moderna\u00bb, negli anni Sessanta e Settanta spegneva vite con un ritmo impressionante: era un \u00abVajont ogni dieci anni\u00bb &#8211; come alcuni la descrissero &#8211; che lasci\u00f2 dietro di s\u00e9 i cosiddetti \u00abvillaggi di vedove\u00bb nel territorio bellunese.<\/p>\n<p>Con questo volume, Pasuch accender\u00e0 un faro sul buio dell&#8217;oblio, restituendo voce e dignit\u00e0 a chi ha pagato con la vita il prezzo del lavoro. La sua sar\u00e0 una narrazione che non vuole solo ricordare, ma soprattutto trasmettere alle nuove generazioni la consapevolezza di un sacrificio che ha segnato il destino del territorio e delle famiglie venete.<\/p>\n<p>Un libro per ripercorrere una triste pagina della stagione in cui miniere, cave e gallerie hanno segnato la vita di intere comunit\u00e0 del Bellunese. Un lavoro di ricerca storica per fare memoria della \u00abpi\u00f9 micidiale malattia professionale dell&#8217;era moderna\u00bb.<\/p>\n<p>Silicosi, l&#8217;olocausto dimenticato della montagna veneta, di Egidio Pasuch<\/p>\n<p>Appuntamento venerd\u00ec 21 novembre 2025, alle 17.30, alla Biblioteca civica di Agordo (via XXVII Aprile 5, Agordo).<\/p>\n<p>Ingresso libero.<\/p>","protected":false},"excerpt":{"rendered":"<p>Il 21 novembre, ad Agordo, verr\u00e0 presentato il libro &#8220;Silicosi. L&#8217;olocausto dimenticato della montagna veneta&#8221; (Bellunesi nel mondo Edizioni 2025), firmato dal giornalista e ricercatore Egidio Pasuch. Non si tratter\u00e0 solo della presentazione di un libro, ma di un momento di riflessione collettiva su una tragedia che ha colpito in profondit\u00e0 le vallate dolomitiche. La [&hellip;]<\/p>\n","protected":false},"author":2,"featured_media":162803,"comment_status":"closed","ping_status":"open","sticky":false,"template":"","format":"standard","meta":{"footnotes":""},"categories":[27],"tags":[],"class_list":["post-165066","post","type-post","status-publish","format-standard","has-post-thumbnail","category-appuntamenti"],"yoast_head":"<!-- This site is optimized with the Yoast SEO plugin v28.4 - https:\/\/yoast.com\/product\/yoast-seo-wordpress\/ -->\n<title>Questa sera ad Agordo: Silicosi, l&#039;olocausto dimenticato della montagna veneta, di Egidio Pasuch - Bellunopress - Dolomiti<\/title>\n<meta name=\"robots\" content=\"index, follow, max-snippet:-1, max-image-preview:large, max-video-preview:-1\" \/>\n<link rel=\"canonical\" href=\"https:\/\/www.bellunopress.it\/fr\/2025\/11\/21\/questa-sera-ad-agordo-silicosi-lolocausto-dimenticato-della-montagna-veneta-di-egidio-pasuch\/\" \/>\n<meta property=\"og:locale\" content=\"fr_FR\" \/>\n<meta property=\"og:type\" content=\"article\" \/>\n<meta property=\"og:title\" content=\"Questa sera ad Agordo: Silicosi, l&#039;olocausto dimenticato della montagna veneta, di Egidio Pasuch - Bellunopress - Dolomiti\" \/>\n<meta property=\"og:description\" content=\"Il 21 novembre, ad Agordo, verr\u00e0 presentato il libro &#8220;Silicosi. L&#8217;olocausto dimenticato della montagna veneta&#8221; (Bellunesi nel mondo Edizioni 2025), firmato dal giornalista e ricercatore Egidio Pasuch. Non si tratter\u00e0 solo della presentazione di un libro, ma di un momento di riflessione collettiva su una tragedia che ha colpito in profondit\u00e0 le vallate dolomitiche. La [&hellip;]\" \/>\n<meta property=\"og:url\" content=\"https:\/\/www.bellunopress.it\/fr\/2025\/11\/21\/questa-sera-ad-agordo-silicosi-lolocausto-dimenticato-della-montagna-veneta-di-egidio-pasuch\/\" \/>\n<meta property=\"og:site_name\" content=\"Bellunopress - Dolomiti\" \/>\n<meta property=\"article:publisher\" content=\"https:\/\/www.facebook.com\/profile.php?id=100008943462799\" \/>\n<meta property=\"article:published_time\" content=\"2025-11-21T09:04:57+00:00\" \/>\n<meta property=\"og:image\" content=\"https:\/\/www.bellunopress.it\/wp-content\/uploads\/2025\/08\/silicosi-lolocausto-dimenticato-Egidio-Pasuch_edited.jpg\" \/>\n\t<meta property=\"og:image:width\" content=\"504\" \/>\n\t<meta property=\"og:image:height\" content=\"735\" \/>\n\t<meta property=\"og:image:type\" content=\"image\/jpeg\" \/>\n<meta name=\"author\" content=\"redazione\" \/>\n<meta name=\"twitter:card\" content=\"summary_large_image\" \/>\n<meta name=\"twitter:creator\" content=\"@bellunopress\" \/>\n<meta name=\"twitter:site\" content=\"@bellunopress\" \/>\n<meta name=\"twitter:label1\" content=\"\u00c9crit par\" \/>\n\t<meta name=\"twitter:data1\" content=\"redazione\" \/>\n\t<meta name=\"twitter:label2\" content=\"Dur\u00e9e de lecture estim\u00e9e\" \/>\n\t<meta name=\"twitter:data2\" content=\"1 minute\" \/>\n<script type=\"application\/ld+json\" class=\"yoast-schema-graph\">{\"@context\":\"https:\\\/\\\/schema.org\",\"@graph\":[{\"@type\":\"Article\",\"@id\":\"https:\\\/\\\/www.bellunopress.it\\\/2025\\\/11\\\/21\\\/questa-sera-ad-agordo-silicosi-lolocausto-dimenticato-della-montagna-veneta-di-egidio-pasuch\\\/#article\",\"isPartOf\":{\"@id\":\"https:\\\/\\\/www.bellunopress.it\\\/2025\\\/11\\\/21\\\/questa-sera-ad-agordo-silicosi-lolocausto-dimenticato-della-montagna-veneta-di-egidio-pasuch\\\/\"},\"author\":{\"name\":\"redazione\",\"@id\":\"https:\\\/\\\/www.bellunopress.it\\\/#\\\/schema\\\/person\\\/79bb06722b37ece1c03d3e94beb30d73\"},\"headline\":\"Questa sera ad Agordo: Silicosi, l&#8217;olocausto dimenticato della montagna veneta, di Egidio Pasuch\",\"datePublished\":\"2025-11-21T09:04:57+00:00\",\"mainEntityOfPage\":{\"@id\":\"https:\\\/\\\/www.bellunopress.it\\\/2025\\\/11\\\/21\\\/questa-sera-ad-agordo-silicosi-lolocausto-dimenticato-della-montagna-veneta-di-egidio-pasuch\\\/\"},\"wordCount\":237,\"publisher\":{\"@id\":\"https:\\\/\\\/www.bellunopress.it\\\/#organization\"},\"image\":{\"@id\":\"https:\\\/\\\/www.bellunopress.it\\\/2025\\\/11\\\/21\\\/questa-sera-ad-agordo-silicosi-lolocausto-dimenticato-della-montagna-veneta-di-egidio-pasuch\\\/#primaryimage\"},\"thumbnailUrl\":\"https:\\\/\\\/www.bellunopress.it\\\/wp-content\\\/uploads\\\/2025\\\/08\\\/silicosi-lolocausto-dimenticato-Egidio-Pasuch_edited.jpg\",\"articleSection\":[\"Appuntamenti, Eventi\"],\"inLanguage\":\"fr-FR\"},{\"@type\":\"WebPage\",\"@id\":\"https:\\\/\\\/www.bellunopress.it\\\/2025\\\/11\\\/21\\\/questa-sera-ad-agordo-silicosi-lolocausto-dimenticato-della-montagna-veneta-di-egidio-pasuch\\\/\",\"url\":\"https:\\\/\\\/www.bellunopress.it\\\/2025\\\/11\\\/21\\\/questa-sera-ad-agordo-silicosi-lolocausto-dimenticato-della-montagna-veneta-di-egidio-pasuch\\\/\",\"name\":\"Questa sera ad Agordo: Silicosi, l'olocausto dimenticato della montagna veneta, di Egidio Pasuch - Bellunopress - Dolomiti\",\"isPartOf\":{\"@id\":\"https:\\\/\\\/www.bellunopress.it\\\/#website\"},\"primaryImageOfPage\":{\"@id\":\"https:\\\/\\\/www.bellunopress.it\\\/2025\\\/11\\\/21\\\/questa-sera-ad-agordo-silicosi-lolocausto-dimenticato-della-montagna-veneta-di-egidio-pasuch\\\/#primaryimage\"},\"image\":{\"@id\":\"https:\\\/\\\/www.bellunopress.it\\\/2025\\\/11\\\/21\\\/questa-sera-ad-agordo-silicosi-lolocausto-dimenticato-della-montagna-veneta-di-egidio-pasuch\\\/#primaryimage\"},\"thumbnailUrl\":\"https:\\\/\\\/www.bellunopress.it\\\/wp-content\\\/uploads\\\/2025\\\/08\\\/silicosi-lolocausto-dimenticato-Egidio-Pasuch_edited.jpg\",\"datePublished\":\"2025-11-21T09:04:57+00:00\",\"breadcrumb\":{\"@id\":\"https:\\\/\\\/www.bellunopress.it\\\/2025\\\/11\\\/21\\\/questa-sera-ad-agordo-silicosi-lolocausto-dimenticato-della-montagna-veneta-di-egidio-pasuch\\\/#breadcrumb\"},\"inLanguage\":\"fr-FR\",\"potentialAction\":[{\"@type\":\"ReadAction\",\"target\":[\"https:\\\/\\\/www.bellunopress.it\\\/2025\\\/11\\\/21\\\/questa-sera-ad-agordo-silicosi-lolocausto-dimenticato-della-montagna-veneta-di-egidio-pasuch\\\/\"]}]},{\"@type\":\"ImageObject\",\"inLanguage\":\"fr-FR\",\"@id\":\"https:\\\/\\\/www.bellunopress.it\\\/2025\\\/11\\\/21\\\/questa-sera-ad-agordo-silicosi-lolocausto-dimenticato-della-montagna-veneta-di-egidio-pasuch\\\/#primaryimage\",\"url\":\"https:\\\/\\\/www.bellunopress.it\\\/wp-content\\\/uploads\\\/2025\\\/08\\\/silicosi-lolocausto-dimenticato-Egidio-Pasuch_edited.jpg\",\"contentUrl\":\"https:\\\/\\\/www.bellunopress.it\\\/wp-content\\\/uploads\\\/2025\\\/08\\\/silicosi-lolocausto-dimenticato-Egidio-Pasuch_edited.jpg\",\"width\":504,\"height\":735},{\"@type\":\"BreadcrumbList\",\"@id\":\"https:\\\/\\\/www.bellunopress.it\\\/2025\\\/11\\\/21\\\/questa-sera-ad-agordo-silicosi-lolocausto-dimenticato-della-montagna-veneta-di-egidio-pasuch\\\/#breadcrumb\",\"itemListElement\":[{\"@type\":\"ListItem\",\"position\":1,\"name\":\"Home\",\"item\":\"https:\\\/\\\/www.bellunopress.it\\\/\"},{\"@type\":\"ListItem\",\"position\":2,\"name\":\"Questa sera ad Agordo: Silicosi, l&#8217;olocausto dimenticato della montagna veneta, di Egidio Pasuch\"}]},{\"@type\":\"WebSite\",\"@id\":\"https:\\\/\\\/www.bellunopress.it\\\/#website\",\"url\":\"https:\\\/\\\/www.bellunopress.it\\\/\",\"name\":\"Bellunopress - Dolomiti\",\"description\":\"e-mail: redazione@bellunopress.it\",\"publisher\":{\"@id\":\"https:\\\/\\\/www.bellunopress.it\\\/#organization\"},\"potentialAction\":[{\"@type\":\"SearchAction\",\"target\":{\"@type\":\"EntryPoint\",\"urlTemplate\":\"https:\\\/\\\/www.bellunopress.it\\\/?s={search_term_string}\"},\"query-input\":{\"@type\":\"PropertyValueSpecification\",\"valueRequired\":true,\"valueName\":\"search_term_string\"}}],\"inLanguage\":\"fr-FR\"},{\"@type\":\"Organization\",\"@id\":\"https:\\\/\\\/www.bellunopress.it\\\/#organization\",\"name\":\"Bellunopress\",\"url\":\"https:\\\/\\\/www.bellunopress.it\\\/\",\"logo\":{\"@type\":\"ImageObject\",\"inLanguage\":\"fr-FR\",\"@id\":\"https:\\\/\\\/www.bellunopress.it\\\/#\\\/schema\\\/logo\\\/image\\\/\",\"url\":\"https:\\\/\\\/www.bellunopress.it\\\/wp-content\\\/uploads\\\/2011\\\/05\\\/cropped-logo-bellunopress-.jpg\",\"contentUrl\":\"https:\\\/\\\/www.bellunopress.it\\\/wp-content\\\/uploads\\\/2011\\\/05\\\/cropped-logo-bellunopress-.jpg\",\"width\":512,\"height\":512,\"caption\":\"Bellunopress\"},\"image\":{\"@id\":\"https:\\\/\\\/www.bellunopress.it\\\/#\\\/schema\\\/logo\\\/image\\\/\"},\"sameAs\":[\"https:\\\/\\\/www.facebook.com\\\/profile.php?id=100008943462799\",\"https:\\\/\\\/x.com\\\/bellunopress\",\"https:\\\/\\\/www.linkedin.com\\\/hp\\\/?dnr=JBzUWaJfMUw8vbXJJ2tVW5-I3jZKvC4wsoxE&amp;amp;amp;amp;amp;amp;trk=nav_responsive_tab_home\",\"https:\\\/\\\/www.youtube.com\\\/channel\\\/UCxL0wu1uN0_3_7hGG0306cw\"]},{\"@type\":\"Person\",\"@id\":\"https:\\\/\\\/www.bellunopress.it\\\/#\\\/schema\\\/person\\\/79bb06722b37ece1c03d3e94beb30d73\",\"name\":\"redazione\",\"image\":{\"@type\":\"ImageObject\",\"inLanguage\":\"fr-FR\",\"@id\":\"https:\\\/\\\/secure.gravatar.com\\\/avatar\\\/37d968a2e67a6fd04c169c4bdef102d0bc5d31b2546345219e348575eb80e9a0?s=96&d=mm&r=g\",\"url\":\"https:\\\/\\\/secure.gravatar.com\\\/avatar\\\/37d968a2e67a6fd04c169c4bdef102d0bc5d31b2546345219e348575eb80e9a0?s=96&d=mm&r=g\",\"contentUrl\":\"https:\\\/\\\/secure.gravatar.com\\\/avatar\\\/37d968a2e67a6fd04c169c4bdef102d0bc5d31b2546345219e348575eb80e9a0?s=96&d=mm&r=g\",\"caption\":\"redazione\"},\"sameAs\":[\"http:\\\/\\\/www.bellunopress.it\",\"https:\\\/\\\/x.com\\\/bellunopress\"],\"url\":\"https:\\\/\\\/www.bellunopress.it\\\/fr\\\/author\\\/redazione\\\/\"}]}<\/script>\n<!-- \/ Yoast SEO plugin. -->","yoast_head_json":{"title":"Questa sera ad Agordo: Silicosi, l'olocausto dimenticato della montagna veneta, di Egidio Pasuch - Bellunopress - Dolomiti","robots":{"index":"index","follow":"follow","max-snippet":"max-snippet:-1","max-image-preview":"max-image-preview:large","max-video-preview":"max-video-preview:-1"},"canonical":"https:\/\/www.bellunopress.it\/fr\/2025\/11\/21\/questa-sera-ad-agordo-silicosi-lolocausto-dimenticato-della-montagna-veneta-di-egidio-pasuch\/","og_locale":"fr_FR","og_type":"article","og_title":"Questa sera ad Agordo: Silicosi, l'olocausto dimenticato della montagna veneta, di Egidio Pasuch - Bellunopress - Dolomiti","og_description":"Il 21 novembre, ad Agordo, verr\u00e0 presentato il libro &#8220;Silicosi. L&#8217;olocausto dimenticato della montagna veneta&#8221; (Bellunesi nel mondo Edizioni 2025), firmato dal giornalista e ricercatore Egidio Pasuch. Non si tratter\u00e0 solo della presentazione di un libro, ma di un momento di riflessione collettiva su una tragedia che ha colpito in profondit\u00e0 le vallate dolomitiche. La [&hellip;]","og_url":"https:\/\/www.bellunopress.it\/fr\/2025\/11\/21\/questa-sera-ad-agordo-silicosi-lolocausto-dimenticato-della-montagna-veneta-di-egidio-pasuch\/","og_site_name":"Bellunopress - Dolomiti","article_publisher":"https:\/\/www.facebook.com\/profile.php?id=100008943462799","article_published_time":"2025-11-21T09:04:57+00:00","og_image":[{"width":504,"height":735,"url":"https:\/\/www.bellunopress.it\/wp-content\/uploads\/2025\/08\/silicosi-lolocausto-dimenticato-Egidio-Pasuch_edited.jpg","type":"image\/jpeg"}],"author":"redazione","twitter_card":"summary_large_image","twitter_creator":"@bellunopress","twitter_site":"@bellunopress","twitter_misc":{"\u00c9crit par":"redazione","Dur\u00e9e de lecture estim\u00e9e":"1 minute"},"schema":{"@context":"https:\/\/schema.org","@graph":[{"@type":"Article","@id":"https:\/\/www.bellunopress.it\/2025\/11\/21\/questa-sera-ad-agordo-silicosi-lolocausto-dimenticato-della-montagna-veneta-di-egidio-pasuch\/#article","isPartOf":{"@id":"https:\/\/www.bellunopress.it\/2025\/11\/21\/questa-sera-ad-agordo-silicosi-lolocausto-dimenticato-della-montagna-veneta-di-egidio-pasuch\/"},"author":{"name":"redazione","@id":"https:\/\/www.bellunopress.it\/#\/schema\/person\/79bb06722b37ece1c03d3e94beb30d73"},"headline":"Questa sera ad Agordo: Silicosi, l&#8217;olocausto dimenticato della montagna veneta, di Egidio Pasuch","datePublished":"2025-11-21T09:04:57+00:00","mainEntityOfPage":{"@id":"https:\/\/www.bellunopress.it\/2025\/11\/21\/questa-sera-ad-agordo-silicosi-lolocausto-dimenticato-della-montagna-veneta-di-egidio-pasuch\/"},"wordCount":237,"publisher":{"@id":"https:\/\/www.bellunopress.it\/#organization"},"image":{"@id":"https:\/\/www.bellunopress.it\/2025\/11\/21\/questa-sera-ad-agordo-silicosi-lolocausto-dimenticato-della-montagna-veneta-di-egidio-pasuch\/#primaryimage"},"thumbnailUrl":"https:\/\/www.bellunopress.it\/wp-content\/uploads\/2025\/08\/silicosi-lolocausto-dimenticato-Egidio-Pasuch_edited.jpg","articleSection":["Appuntamenti, Eventi"],"inLanguage":"fr-FR"},{"@type":"WebPage","@id":"https:\/\/www.bellunopress.it\/2025\/11\/21\/questa-sera-ad-agordo-silicosi-lolocausto-dimenticato-della-montagna-veneta-di-egidio-pasuch\/","url":"https:\/\/www.bellunopress.it\/2025\/11\/21\/questa-sera-ad-agordo-silicosi-lolocausto-dimenticato-della-montagna-veneta-di-egidio-pasuch\/","name":"Questa sera ad Agordo: Silicosi, l'olocausto dimenticato della montagna veneta, di Egidio Pasuch - Bellunopress - Dolomiti","isPartOf":{"@id":"https:\/\/www.bellunopress.it\/#website"},"primaryImageOfPage":{"@id":"https:\/\/www.bellunopress.it\/2025\/11\/21\/questa-sera-ad-agordo-silicosi-lolocausto-dimenticato-della-montagna-veneta-di-egidio-pasuch\/#primaryimage"},"image":{"@id":"https:\/\/www.bellunopress.it\/2025\/11\/21\/questa-sera-ad-agordo-silicosi-lolocausto-dimenticato-della-montagna-veneta-di-egidio-pasuch\/#primaryimage"},"thumbnailUrl":"https:\/\/www.bellunopress.it\/wp-content\/uploads\/2025\/08\/silicosi-lolocausto-dimenticato-Egidio-Pasuch_edited.jpg","datePublished":"2025-11-21T09:04:57+00:00","breadcrumb":{"@id":"https:\/\/www.bellunopress.it\/2025\/11\/21\/questa-sera-ad-agordo-silicosi-lolocausto-dimenticato-della-montagna-veneta-di-egidio-pasuch\/#breadcrumb"},"inLanguage":"fr-FR","potentialAction":[{"@type":"ReadAction","target":["https:\/\/www.bellunopress.it\/2025\/11\/21\/questa-sera-ad-agordo-silicosi-lolocausto-dimenticato-della-montagna-veneta-di-egidio-pasuch\/"]}]},{"@type":"ImageObject","inLanguage":"fr-FR","@id":"https:\/\/www.bellunopress.it\/2025\/11\/21\/questa-sera-ad-agordo-silicosi-lolocausto-dimenticato-della-montagna-veneta-di-egidio-pasuch\/#primaryimage","url":"https:\/\/www.bellunopress.it\/wp-content\/uploads\/2025\/08\/silicosi-lolocausto-dimenticato-Egidio-Pasuch_edited.jpg","contentUrl":"https:\/\/www.bellunopress.it\/wp-content\/uploads\/2025\/08\/silicosi-lolocausto-dimenticato-Egidio-Pasuch_edited.jpg","width":504,"height":735},{"@type":"BreadcrumbList","@id":"https:\/\/www.bellunopress.it\/2025\/11\/21\/questa-sera-ad-agordo-silicosi-lolocausto-dimenticato-della-montagna-veneta-di-egidio-pasuch\/#breadcrumb","itemListElement":[{"@type":"ListItem","position":1,"name":"Home","item":"https:\/\/www.bellunopress.it\/"},{"@type":"ListItem","position":2,"name":"Questa sera ad Agordo: Silicosi, l&#8217;olocausto dimenticato della montagna veneta, di Egidio Pasuch"}]},{"@type":"WebSite","@id":"https:\/\/www.bellunopress.it\/#website","url":"https:\/\/www.bellunopress.it\/","name":"Bellunopress - Dolomiti","description":"e-mail: redazione@bellunopress.it","publisher":{"@id":"https:\/\/www.bellunopress.it\/#organization"},"potentialAction":[{"@type":"SearchAction","target":{"@type":"EntryPoint","urlTemplate":"https:\/\/www.bellunopress.it\/?s={search_term_string}"},"query-input":{"@type":"PropertyValueSpecification","valueRequired":true,"valueName":"search_term_string"}}],"inLanguage":"fr-FR"},{"@type":"Organization","@id":"https:\/\/www.bellunopress.it\/#organization","name":"Bellunopress","url":"https:\/\/www.bellunopress.it\/","logo":{"@type":"ImageObject","inLanguage":"fr-FR","@id":"https:\/\/www.bellunopress.it\/#\/schema\/logo\/image\/","url":"https:\/\/www.bellunopress.it\/wp-content\/uploads\/2011\/05\/cropped-logo-bellunopress-.jpg","contentUrl":"https:\/\/www.bellunopress.it\/wp-content\/uploads\/2011\/05\/cropped-logo-bellunopress-.jpg","width":512,"height":512,"caption":"Bellunopress"},"image":{"@id":"https:\/\/www.bellunopress.it\/#\/schema\/logo\/image\/"},"sameAs":["https:\/\/www.facebook.com\/profile.php?id=100008943462799","https:\/\/x.com\/bellunopress","https:\/\/www.linkedin.com\/hp\/?dnr=JBzUWaJfMUw8vbXJJ2tVW5-I3jZKvC4wsoxE&amp;amp;amp;amp;amp;amp;trk=nav_responsive_tab_home","https:\/\/www.youtube.com\/channel\/UCxL0wu1uN0_3_7hGG0306cw"]},{"@type":"Person","@id":"https:\/\/www.bellunopress.it\/#\/schema\/person\/79bb06722b37ece1c03d3e94beb30d73","name":"r\u00e9daction","image":{"@type":"ImageObject","inLanguage":"fr-FR","@id":"https:\/\/secure.gravatar.com\/avatar\/37d968a2e67a6fd04c169c4bdef102d0bc5d31b2546345219e348575eb80e9a0?s=96&d=mm&r=g","url":"https:\/\/secure.gravatar.com\/avatar\/37d968a2e67a6fd04c169c4bdef102d0bc5d31b2546345219e348575eb80e9a0?s=96&d=mm&r=g","contentUrl":"https:\/\/secure.gravatar.com\/avatar\/37d968a2e67a6fd04c169c4bdef102d0bc5d31b2546345219e348575eb80e9a0?s=96&d=mm&r=g","caption":"redazione"},"sameAs":["http:\/\/www.bellunopress.it","https:\/\/x.com\/bellunopress"],"url":"https:\/\/www.bellunopress.it\/fr\/author\/redazione\/"}]}},"_links":{"self":[{"href":"https:\/\/www.bellunopress.it\/fr\/wp-json\/wp\/v2\/posts\/165066","targetHints":{"allow":["GET"]}}],"collection":[{"href":"https:\/\/www.bellunopress.it\/fr\/wp-json\/wp\/v2\/posts"}],"about":[{"href":"https:\/\/www.bellunopress.it\/fr\/wp-json\/wp\/v2\/types\/post"}],"author":[{"embeddable":true,"href":"https:\/\/www.bellunopress.it\/fr\/wp-json\/wp\/v2\/users\/2"}],"replies":[{"embeddable":true,"href":"https:\/\/www.bellunopress.it\/fr\/wp-json\/wp\/v2\/comments?post=165066"}],"version-history":[{"count":1,"href":"https:\/\/www.bellunopress.it\/fr\/wp-json\/wp\/v2\/posts\/165066\/revisions"}],"predecessor-version":[{"id":165067,"href":"https:\/\/www.bellunopress.it\/fr\/wp-json\/wp\/v2\/posts\/165066\/revisions\/165067"}],"wp:featuredmedia":[{"embeddable":true,"href":"https:\/\/www.bellunopress.it\/fr\/wp-json\/wp\/v2\/media\/162803"}],"wp:attachment":[{"href":"https:\/\/www.bellunopress.it\/fr\/wp-json\/wp\/v2\/media?parent=165066"}],"wp:term":[{"taxonomy":"category","embeddable":true,"href":"https:\/\/www.bellunopress.it\/fr\/wp-json\/wp\/v2\/categories?post=165066"},{"taxonomy":"post_tag","embeddable":true,"href":"https:\/\/www.bellunopress.it\/fr\/wp-json\/wp\/v2\/tags?post=165066"}],"curies":[{"name":"wp","href":"https:\/\/api.w.org\/{rel}","templated":true}]}}