{"id":165061,"date":"2025-11-21T06:29:13","date_gmt":"2025-11-21T05:29:13","guid":{"rendered":"https:\/\/www.bellunopress.it\/?p=165061"},"modified":"2025-11-21T09:32:22","modified_gmt":"2025-11-21T08:32:22","slug":"autonomia-un-passo-avanti-per-il-veneto-e-la-montagna","status":"publish","type":"post","link":"https:\/\/www.bellunopress.it\/fr\/2025\/11\/21\/autonomia-un-passo-avanti-per-il-veneto-e-la-montagna\/","title":{"rendered":"Autonomia. Un passo avanti per il Veneto e la montagna"},"content":{"rendered":"<figure id=\"attachment_158329\" aria-describedby=\"caption-attachment-158329\" style=\"width: 1000px\" class=\"wp-caption aligncenter\"><img loading=\"lazy\" decoding=\"async\" class=\"size-full wp-image-158329\" src=\"https:\/\/www.bellunopress.it\/wp-content\/uploads\/2025\/03\/Marco-Donno-Lega-giovani-Belluno.jpg\" alt=\"\" width=\"1000\" height=\"992\" srcset=\"https:\/\/www.bellunopress.it\/wp-content\/uploads\/2025\/03\/Marco-Donno-Lega-giovani-Belluno.jpg 1000w, https:\/\/www.bellunopress.it\/wp-content\/uploads\/2025\/03\/Marco-Donno-Lega-giovani-Belluno-500x496.jpg 500w, https:\/\/www.bellunopress.it\/wp-content\/uploads\/2025\/03\/Marco-Donno-Lega-giovani-Belluno-423x420.jpg 423w, https:\/\/www.bellunopress.it\/wp-content\/uploads\/2025\/03\/Marco-Donno-Lega-giovani-Belluno-696x690.jpg 696w\" sizes=\"auto, (max-width: 1000px) 100vw, 1000px\" \/><figcaption id=\"caption-attachment-158329\" class=\"wp-caption-text\">Marco Donno, coordinatore Lega giovani Belluno<\/figcaption><\/figure>\n<p><strong>Marco Donno, coordinatore Lega giovani Belluno: \u00abUna scelta che parla di futuro, comunit\u00e0 e responsabilit\u00e0\u00bb<\/strong><\/p>\n<p>La firma della pre-intesa tra Stato e Regione Veneto, siglata dal Ministro Calderoli e dal Presidente Zaia, rappresenta un passaggio fondamentale verso la piena attuazione dell&#8217;Autonomia differenziata. Si tratta di un impegno formale e concreto che d\u00e0 avvio alla fase finale dei negoziati gi\u00e0 avviati, con l&#8217;obiettivo di garantire al Veneto maggiori competenze e strumenti operativi per rispondere ai bisogni dei cittadini.<br \/>\nL&#8217;Autonomia sar\u00e0 decisiva soprattutto su temi strategici per i nostri territori:<\/p>\n<p>\u2022 sanit\u00e0 di prossimit\u00e0, con la possibilit\u00e0 di programmare risorse, personale e organizzazione in modo pi\u00f9 flessibile, rafforzando servizi essenziali per aree rurali e montane;<br \/>\n\u2022 protezione civile, con interventi pi\u00f9 rapidi e la facolt\u00e0 di dichiarare lo stato di emergenza senza attendere passaggi ministeriali, un elemento cruciale per province come Belluno, spesso colpite da eventi estremi;<br \/>\n\u2022 professioni e formazione, con la possibilit\u00e0 di riconoscere e valorizzare figure specifiche del territorio come guide alpine, maestri di sci, operatori ambientali e professioni emergenti richieste dal nostro tessuto economico;<br \/>\n\u2022 previdenza complementare e welfare territoriale, strumenti utili a sostenere il personale sanitario e chi sceglie di lavorare nelle zone pi\u00f9 difficili e periferiche.<\/p>\n<p>La pre-intesa non assegna privilegi, ma responsabilit\u00e0: garantire qualit\u00e0 dei servizi, rendicontazione e trasparenza, in piena continuit\u00e0 con la visione del Programma di Governo 2025\u20132030 del Veneto, che mette al centro comunit\u00e0, prossimit\u00e0, giovani e territori.<br \/>\nPer la provincia di Belluno l&#8217;Autonomia non \u00e8 uno slogan: \u00e8 la possibilit\u00e0 di far valere le specificit\u00e0 della montagna, di combattere lo spopolamento, di offrire ai giovani opportunit\u00e0 vere e non solo promesse. \u00c8 lo strumento per rafforzare la sanit\u00e0 territoriale, velocizzare gli interventi di protezione civile, sostenere la natalit\u00e0 e la famiglia, promuovere percorsi educativi e lavorativi coerenti con le necessit\u00e0 delle nostre comunit\u00e0.<br \/>\nLa Lega lavora da anni per arrivare a questo risultato, nel pieno rispetto della Costituzione e del principio di sussidiariet\u00e0. Oggi il Veneto compie un passo avanti decisivo, unendosi al percorso gi\u00e0 avviato da Lombardia e Piemonte: una locomotiva del Nord che punta a efficienza, responsabilit\u00e0 e sviluppo dei territori.<\/p>\n<p>In questo percorso diventa fondamentale sostenere figure nuove e credibili come l&#8217;assessore di Belluno Paolo Luciani, un giovane che rappresenta al meglio le energie, la competenza e la concretezza di cui il Veneto ha bisogno. Come Lega Giovani Belluno crediamo che la nostra provincia debba essere protagonista, non spettatrice, delle scelte regionali: con Paolo Luciani portiamo la voce della montagna dentro il futuro del Veneto, con uno sguardo giovane, preparato e profondamente radicato nel territorio.<br \/>\nL&#8217;Autonomia \u00e8 la strada giusta per dare pi\u00f9 futuro ai nostri giovani, pi\u00f9 servizi ai nostri cittadini e pi\u00f9 dignit\u00e0 alla montagna.<\/p>\n<p><strong>Marco Donno \u2013 Coordinatore Lega Giovani Belluno<\/strong><\/p>","protected":false},"excerpt":{"rendered":"<p>Marco Donno, coordinatore Lega giovani Belluno: \u00abUna scelta che parla di futuro, comunit\u00e0 e responsabilit\u00e0\u00bb La firma della pre-intesa tra Stato e Regione Veneto, siglata dal Ministro Calderoli e dal Presidente Zaia, rappresenta un passaggio fondamentale verso la piena attuazione dell&#8217;Autonomia differenziata. Si tratta di un impegno formale e concreto che d\u00e0 avvio alla fase [&hellip;]<\/p>\n","protected":false},"author":2,"featured_media":158329,"comment_status":"closed","ping_status":"open","sticky":false,"template":"","format":"standard","meta":{"footnotes":""},"categories":[5],"tags":[],"class_list":["post-165061","post","type-post","status-publish","format-standard","has-post-thumbnail","category-cronaca"],"yoast_head":"<!-- This site is optimized with the Yoast SEO plugin v28.4 - https:\/\/yoast.com\/product\/yoast-seo-wordpress\/ -->\n<title>Autonomia. Un passo avanti per il Veneto e la montagna - Bellunopress - Dolomiti<\/title>\n<meta name=\"robots\" content=\"index, follow, max-snippet:-1, max-image-preview:large, max-video-preview:-1\" \/>\n<link rel=\"canonical\" href=\"https:\/\/www.bellunopress.it\/fr\/2025\/11\/21\/autonomia-un-passo-avanti-per-il-veneto-e-la-montagna\/\" \/>\n<meta property=\"og:locale\" content=\"fr_FR\" \/>\n<meta property=\"og:type\" content=\"article\" \/>\n<meta property=\"og:title\" content=\"Autonomia. Un passo avanti per il Veneto e la montagna - Bellunopress - Dolomiti\" \/>\n<meta property=\"og:description\" content=\"Marco Donno, coordinatore Lega giovani Belluno: \u00abUna scelta che parla di futuro, comunit\u00e0 e responsabilit\u00e0\u00bb La firma della pre-intesa tra Stato e Regione Veneto, siglata dal Ministro Calderoli e dal Presidente Zaia, rappresenta un passaggio fondamentale verso la piena attuazione dell&#8217;Autonomia differenziata. Si tratta di un impegno formale e concreto che d\u00e0 avvio alla fase [&hellip;]\" \/>\n<meta property=\"og:url\" content=\"https:\/\/www.bellunopress.it\/fr\/2025\/11\/21\/autonomia-un-passo-avanti-per-il-veneto-e-la-montagna\/\" \/>\n<meta property=\"og:site_name\" content=\"Bellunopress - Dolomiti\" \/>\n<meta property=\"article:publisher\" content=\"https:\/\/www.facebook.com\/profile.php?id=100008943462799\" \/>\n<meta property=\"article:published_time\" content=\"2025-11-21T05:29:13+00:00\" \/>\n<meta property=\"article:modified_time\" content=\"2025-11-21T08:32:22+00:00\" \/>\n<meta property=\"og:image\" content=\"https:\/\/www.bellunopress.it\/wp-content\/uploads\/2025\/03\/Marco-Donno-Lega-giovani-Belluno.jpg\" \/>\n\t<meta property=\"og:image:width\" content=\"1000\" \/>\n\t<meta property=\"og:image:height\" content=\"992\" \/>\n\t<meta property=\"og:image:type\" content=\"image\/jpeg\" \/>\n<meta name=\"author\" content=\"redazione\" \/>\n<meta name=\"twitter:card\" content=\"summary_large_image\" \/>\n<meta name=\"twitter:creator\" content=\"@bellunopress\" \/>\n<meta name=\"twitter:site\" content=\"@bellunopress\" \/>\n<meta name=\"twitter:label1\" content=\"\u00c9crit par\" \/>\n\t<meta name=\"twitter:data1\" content=\"redazione\" \/>\n\t<meta name=\"twitter:label2\" content=\"Dur\u00e9e de lecture estim\u00e9e\" \/>\n\t<meta name=\"twitter:data2\" content=\"2 minutes\" \/>\n<script type=\"application\/ld+json\" class=\"yoast-schema-graph\">{\"@context\":\"https:\\\/\\\/schema.org\",\"@graph\":[{\"@type\":\"Article\",\"@id\":\"https:\\\/\\\/www.bellunopress.it\\\/2025\\\/11\\\/21\\\/autonomia-un-passo-avanti-per-il-veneto-e-la-montagna\\\/#article\",\"isPartOf\":{\"@id\":\"https:\\\/\\\/www.bellunopress.it\\\/2025\\\/11\\\/21\\\/autonomia-un-passo-avanti-per-il-veneto-e-la-montagna\\\/\"},\"author\":{\"name\":\"redazione\",\"@id\":\"https:\\\/\\\/www.bellunopress.it\\\/#\\\/schema\\\/person\\\/79bb06722b37ece1c03d3e94beb30d73\"},\"headline\":\"Autonomia. Un passo avanti per il Veneto e la montagna\",\"datePublished\":\"2025-11-21T05:29:13+00:00\",\"dateModified\":\"2025-11-21T08:32:22+00:00\",\"mainEntityOfPage\":{\"@id\":\"https:\\\/\\\/www.bellunopress.it\\\/2025\\\/11\\\/21\\\/autonomia-un-passo-avanti-per-il-veneto-e-la-montagna\\\/\"},\"wordCount\":475,\"publisher\":{\"@id\":\"https:\\\/\\\/www.bellunopress.it\\\/#organization\"},\"image\":{\"@id\":\"https:\\\/\\\/www.bellunopress.it\\\/2025\\\/11\\\/21\\\/autonomia-un-passo-avanti-per-il-veneto-e-la-montagna\\\/#primaryimage\"},\"thumbnailUrl\":\"https:\\\/\\\/www.bellunopress.it\\\/wp-content\\\/uploads\\\/2025\\\/03\\\/Marco-Donno-Lega-giovani-Belluno.jpg\",\"articleSection\":[\"Cronaca\\\/Politica\"],\"inLanguage\":\"fr-FR\"},{\"@type\":\"WebPage\",\"@id\":\"https:\\\/\\\/www.bellunopress.it\\\/2025\\\/11\\\/21\\\/autonomia-un-passo-avanti-per-il-veneto-e-la-montagna\\\/\",\"url\":\"https:\\\/\\\/www.bellunopress.it\\\/2025\\\/11\\\/21\\\/autonomia-un-passo-avanti-per-il-veneto-e-la-montagna\\\/\",\"name\":\"Autonomia. Un passo avanti per il Veneto e la montagna - Bellunopress - Dolomiti\",\"isPartOf\":{\"@id\":\"https:\\\/\\\/www.bellunopress.it\\\/#website\"},\"primaryImageOfPage\":{\"@id\":\"https:\\\/\\\/www.bellunopress.it\\\/2025\\\/11\\\/21\\\/autonomia-un-passo-avanti-per-il-veneto-e-la-montagna\\\/#primaryimage\"},\"image\":{\"@id\":\"https:\\\/\\\/www.bellunopress.it\\\/2025\\\/11\\\/21\\\/autonomia-un-passo-avanti-per-il-veneto-e-la-montagna\\\/#primaryimage\"},\"thumbnailUrl\":\"https:\\\/\\\/www.bellunopress.it\\\/wp-content\\\/uploads\\\/2025\\\/03\\\/Marco-Donno-Lega-giovani-Belluno.jpg\",\"datePublished\":\"2025-11-21T05:29:13+00:00\",\"dateModified\":\"2025-11-21T08:32:22+00:00\",\"breadcrumb\":{\"@id\":\"https:\\\/\\\/www.bellunopress.it\\\/2025\\\/11\\\/21\\\/autonomia-un-passo-avanti-per-il-veneto-e-la-montagna\\\/#breadcrumb\"},\"inLanguage\":\"fr-FR\",\"potentialAction\":[{\"@type\":\"ReadAction\",\"target\":[\"https:\\\/\\\/www.bellunopress.it\\\/2025\\\/11\\\/21\\\/autonomia-un-passo-avanti-per-il-veneto-e-la-montagna\\\/\"]}]},{\"@type\":\"ImageObject\",\"inLanguage\":\"fr-FR\",\"@id\":\"https:\\\/\\\/www.bellunopress.it\\\/2025\\\/11\\\/21\\\/autonomia-un-passo-avanti-per-il-veneto-e-la-montagna\\\/#primaryimage\",\"url\":\"https:\\\/\\\/www.bellunopress.it\\\/wp-content\\\/uploads\\\/2025\\\/03\\\/Marco-Donno-Lega-giovani-Belluno.jpg\",\"contentUrl\":\"https:\\\/\\\/www.bellunopress.it\\\/wp-content\\\/uploads\\\/2025\\\/03\\\/Marco-Donno-Lega-giovani-Belluno.jpg\",\"width\":1000,\"height\":992,\"caption\":\"Marco Donno, coordinatore Lega giovani Belluno\"},{\"@type\":\"BreadcrumbList\",\"@id\":\"https:\\\/\\\/www.bellunopress.it\\\/2025\\\/11\\\/21\\\/autonomia-un-passo-avanti-per-il-veneto-e-la-montagna\\\/#breadcrumb\",\"itemListElement\":[{\"@type\":\"ListItem\",\"position\":1,\"name\":\"Home\",\"item\":\"https:\\\/\\\/www.bellunopress.it\\\/\"},{\"@type\":\"ListItem\",\"position\":2,\"name\":\"Autonomia. Un passo avanti per il Veneto e la montagna\"}]},{\"@type\":\"WebSite\",\"@id\":\"https:\\\/\\\/www.bellunopress.it\\\/#website\",\"url\":\"https:\\\/\\\/www.bellunopress.it\\\/\",\"name\":\"Bellunopress - Dolomiti\",\"description\":\"e-mail: redazione@bellunopress.it\",\"publisher\":{\"@id\":\"https:\\\/\\\/www.bellunopress.it\\\/#organization\"},\"potentialAction\":[{\"@type\":\"SearchAction\",\"target\":{\"@type\":\"EntryPoint\",\"urlTemplate\":\"https:\\\/\\\/www.bellunopress.it\\\/?s={search_term_string}\"},\"query-input\":{\"@type\":\"PropertyValueSpecification\",\"valueRequired\":true,\"valueName\":\"search_term_string\"}}],\"inLanguage\":\"fr-FR\"},{\"@type\":\"Organization\",\"@id\":\"https:\\\/\\\/www.bellunopress.it\\\/#organization\",\"name\":\"Bellunopress\",\"url\":\"https:\\\/\\\/www.bellunopress.it\\\/\",\"logo\":{\"@type\":\"ImageObject\",\"inLanguage\":\"fr-FR\",\"@id\":\"https:\\\/\\\/www.bellunopress.it\\\/#\\\/schema\\\/logo\\\/image\\\/\",\"url\":\"https:\\\/\\\/www.bellunopress.it\\\/wp-content\\\/uploads\\\/2011\\\/05\\\/cropped-logo-bellunopress-.jpg\",\"contentUrl\":\"https:\\\/\\\/www.bellunopress.it\\\/wp-content\\\/uploads\\\/2011\\\/05\\\/cropped-logo-bellunopress-.jpg\",\"width\":512,\"height\":512,\"caption\":\"Bellunopress\"},\"image\":{\"@id\":\"https:\\\/\\\/www.bellunopress.it\\\/#\\\/schema\\\/logo\\\/image\\\/\"},\"sameAs\":[\"https:\\\/\\\/www.facebook.com\\\/profile.php?id=100008943462799\",\"https:\\\/\\\/x.com\\\/bellunopress\",\"https:\\\/\\\/www.linkedin.com\\\/hp\\\/?dnr=JBzUWaJfMUw8vbXJJ2tVW5-I3jZKvC4wsoxE&amp;amp;amp;amp;amp;amp;trk=nav_responsive_tab_home\",\"https:\\\/\\\/www.youtube.com\\\/channel\\\/UCxL0wu1uN0_3_7hGG0306cw\"]},{\"@type\":\"Person\",\"@id\":\"https:\\\/\\\/www.bellunopress.it\\\/#\\\/schema\\\/person\\\/79bb06722b37ece1c03d3e94beb30d73\",\"name\":\"redazione\",\"image\":{\"@type\":\"ImageObject\",\"inLanguage\":\"fr-FR\",\"@id\":\"https:\\\/\\\/secure.gravatar.com\\\/avatar\\\/37d968a2e67a6fd04c169c4bdef102d0bc5d31b2546345219e348575eb80e9a0?s=96&d=mm&r=g\",\"url\":\"https:\\\/\\\/secure.gravatar.com\\\/avatar\\\/37d968a2e67a6fd04c169c4bdef102d0bc5d31b2546345219e348575eb80e9a0?s=96&d=mm&r=g\",\"contentUrl\":\"https:\\\/\\\/secure.gravatar.com\\\/avatar\\\/37d968a2e67a6fd04c169c4bdef102d0bc5d31b2546345219e348575eb80e9a0?s=96&d=mm&r=g\",\"caption\":\"redazione\"},\"sameAs\":[\"http:\\\/\\\/www.bellunopress.it\",\"https:\\\/\\\/x.com\\\/bellunopress\"],\"url\":\"https:\\\/\\\/www.bellunopress.it\\\/fr\\\/author\\\/redazione\\\/\"}]}<\/script>\n<!-- \/ Yoast SEO plugin. -->","yoast_head_json":{"title":"Autonomia. Un passo avanti per il Veneto e la montagna - Bellunopress - Dolomiti","robots":{"index":"index","follow":"follow","max-snippet":"max-snippet:-1","max-image-preview":"max-image-preview:large","max-video-preview":"max-video-preview:-1"},"canonical":"https:\/\/www.bellunopress.it\/fr\/2025\/11\/21\/autonomia-un-passo-avanti-per-il-veneto-e-la-montagna\/","og_locale":"fr_FR","og_type":"article","og_title":"Autonomia. Un passo avanti per il Veneto e la montagna - Bellunopress - Dolomiti","og_description":"Marco Donno, coordinatore Lega giovani Belluno: \u00abUna scelta che parla di futuro, comunit\u00e0 e responsabilit\u00e0\u00bb La firma della pre-intesa tra Stato e Regione Veneto, siglata dal Ministro Calderoli e dal Presidente Zaia, rappresenta un passaggio fondamentale verso la piena attuazione dell&#8217;Autonomia differenziata. Si tratta di un impegno formale e concreto che d\u00e0 avvio alla fase [&hellip;]","og_url":"https:\/\/www.bellunopress.it\/fr\/2025\/11\/21\/autonomia-un-passo-avanti-per-il-veneto-e-la-montagna\/","og_site_name":"Bellunopress - Dolomiti","article_publisher":"https:\/\/www.facebook.com\/profile.php?id=100008943462799","article_published_time":"2025-11-21T05:29:13+00:00","article_modified_time":"2025-11-21T08:32:22+00:00","og_image":[{"width":1000,"height":992,"url":"https:\/\/www.bellunopress.it\/wp-content\/uploads\/2025\/03\/Marco-Donno-Lega-giovani-Belluno.jpg","type":"image\/jpeg"}],"author":"redazione","twitter_card":"summary_large_image","twitter_creator":"@bellunopress","twitter_site":"@bellunopress","twitter_misc":{"\u00c9crit par":"redazione","Dur\u00e9e de lecture estim\u00e9e":"2 minutes"},"schema":{"@context":"https:\/\/schema.org","@graph":[{"@type":"Article","@id":"https:\/\/www.bellunopress.it\/2025\/11\/21\/autonomia-un-passo-avanti-per-il-veneto-e-la-montagna\/#article","isPartOf":{"@id":"https:\/\/www.bellunopress.it\/2025\/11\/21\/autonomia-un-passo-avanti-per-il-veneto-e-la-montagna\/"},"author":{"name":"redazione","@id":"https:\/\/www.bellunopress.it\/#\/schema\/person\/79bb06722b37ece1c03d3e94beb30d73"},"headline":"Autonomia. Un passo avanti per il Veneto e la montagna","datePublished":"2025-11-21T05:29:13+00:00","dateModified":"2025-11-21T08:32:22+00:00","mainEntityOfPage":{"@id":"https:\/\/www.bellunopress.it\/2025\/11\/21\/autonomia-un-passo-avanti-per-il-veneto-e-la-montagna\/"},"wordCount":475,"publisher":{"@id":"https:\/\/www.bellunopress.it\/#organization"},"image":{"@id":"https:\/\/www.bellunopress.it\/2025\/11\/21\/autonomia-un-passo-avanti-per-il-veneto-e-la-montagna\/#primaryimage"},"thumbnailUrl":"https:\/\/www.bellunopress.it\/wp-content\/uploads\/2025\/03\/Marco-Donno-Lega-giovani-Belluno.jpg","articleSection":["Cronaca\/Politica"],"inLanguage":"fr-FR"},{"@type":"WebPage","@id":"https:\/\/www.bellunopress.it\/2025\/11\/21\/autonomia-un-passo-avanti-per-il-veneto-e-la-montagna\/","url":"https:\/\/www.bellunopress.it\/2025\/11\/21\/autonomia-un-passo-avanti-per-il-veneto-e-la-montagna\/","name":"Autonomia. Un passo avanti per il Veneto e la montagna - Bellunopress - Dolomiti","isPartOf":{"@id":"https:\/\/www.bellunopress.it\/#website"},"primaryImageOfPage":{"@id":"https:\/\/www.bellunopress.it\/2025\/11\/21\/autonomia-un-passo-avanti-per-il-veneto-e-la-montagna\/#primaryimage"},"image":{"@id":"https:\/\/www.bellunopress.it\/2025\/11\/21\/autonomia-un-passo-avanti-per-il-veneto-e-la-montagna\/#primaryimage"},"thumbnailUrl":"https:\/\/www.bellunopress.it\/wp-content\/uploads\/2025\/03\/Marco-Donno-Lega-giovani-Belluno.jpg","datePublished":"2025-11-21T05:29:13+00:00","dateModified":"2025-11-21T08:32:22+00:00","breadcrumb":{"@id":"https:\/\/www.bellunopress.it\/2025\/11\/21\/autonomia-un-passo-avanti-per-il-veneto-e-la-montagna\/#breadcrumb"},"inLanguage":"fr-FR","potentialAction":[{"@type":"ReadAction","target":["https:\/\/www.bellunopress.it\/2025\/11\/21\/autonomia-un-passo-avanti-per-il-veneto-e-la-montagna\/"]}]},{"@type":"ImageObject","inLanguage":"fr-FR","@id":"https:\/\/www.bellunopress.it\/2025\/11\/21\/autonomia-un-passo-avanti-per-il-veneto-e-la-montagna\/#primaryimage","url":"https:\/\/www.bellunopress.it\/wp-content\/uploads\/2025\/03\/Marco-Donno-Lega-giovani-Belluno.jpg","contentUrl":"https:\/\/www.bellunopress.it\/wp-content\/uploads\/2025\/03\/Marco-Donno-Lega-giovani-Belluno.jpg","width":1000,"height":992,"caption":"Marco Donno, coordinatore Lega giovani Belluno"},{"@type":"BreadcrumbList","@id":"https:\/\/www.bellunopress.it\/2025\/11\/21\/autonomia-un-passo-avanti-per-il-veneto-e-la-montagna\/#breadcrumb","itemListElement":[{"@type":"ListItem","position":1,"name":"Home","item":"https:\/\/www.bellunopress.it\/"},{"@type":"ListItem","position":2,"name":"Autonomia. Un passo avanti per il Veneto e la montagna"}]},{"@type":"WebSite","@id":"https:\/\/www.bellunopress.it\/#website","url":"https:\/\/www.bellunopress.it\/","name":"Bellunopress - Dolomiti","description":"e-mail: redazione@bellunopress.it","publisher":{"@id":"https:\/\/www.bellunopress.it\/#organization"},"potentialAction":[{"@type":"SearchAction","target":{"@type":"EntryPoint","urlTemplate":"https:\/\/www.bellunopress.it\/?s={search_term_string}"},"query-input":{"@type":"PropertyValueSpecification","valueRequired":true,"valueName":"search_term_string"}}],"inLanguage":"fr-FR"},{"@type":"Organization","@id":"https:\/\/www.bellunopress.it\/#organization","name":"Bellunopress","url":"https:\/\/www.bellunopress.it\/","logo":{"@type":"ImageObject","inLanguage":"fr-FR","@id":"https:\/\/www.bellunopress.it\/#\/schema\/logo\/image\/","url":"https:\/\/www.bellunopress.it\/wp-content\/uploads\/2011\/05\/cropped-logo-bellunopress-.jpg","contentUrl":"https:\/\/www.bellunopress.it\/wp-content\/uploads\/2011\/05\/cropped-logo-bellunopress-.jpg","width":512,"height":512,"caption":"Bellunopress"},"image":{"@id":"https:\/\/www.bellunopress.it\/#\/schema\/logo\/image\/"},"sameAs":["https:\/\/www.facebook.com\/profile.php?id=100008943462799","https:\/\/x.com\/bellunopress","https:\/\/www.linkedin.com\/hp\/?dnr=JBzUWaJfMUw8vbXJJ2tVW5-I3jZKvC4wsoxE&amp;amp;amp;amp;amp;amp;trk=nav_responsive_tab_home","https:\/\/www.youtube.com\/channel\/UCxL0wu1uN0_3_7hGG0306cw"]},{"@type":"Person","@id":"https:\/\/www.bellunopress.it\/#\/schema\/person\/79bb06722b37ece1c03d3e94beb30d73","name":"r\u00e9daction","image":{"@type":"ImageObject","inLanguage":"fr-FR","@id":"https:\/\/secure.gravatar.com\/avatar\/37d968a2e67a6fd04c169c4bdef102d0bc5d31b2546345219e348575eb80e9a0?s=96&d=mm&r=g","url":"https:\/\/secure.gravatar.com\/avatar\/37d968a2e67a6fd04c169c4bdef102d0bc5d31b2546345219e348575eb80e9a0?s=96&d=mm&r=g","contentUrl":"https:\/\/secure.gravatar.com\/avatar\/37d968a2e67a6fd04c169c4bdef102d0bc5d31b2546345219e348575eb80e9a0?s=96&d=mm&r=g","caption":"redazione"},"sameAs":["http:\/\/www.bellunopress.it","https:\/\/x.com\/bellunopress"],"url":"https:\/\/www.bellunopress.it\/fr\/author\/redazione\/"}]}},"_links":{"self":[{"href":"https:\/\/www.bellunopress.it\/fr\/wp-json\/wp\/v2\/posts\/165061","targetHints":{"allow":["GET"]}}],"collection":[{"href":"https:\/\/www.bellunopress.it\/fr\/wp-json\/wp\/v2\/posts"}],"about":[{"href":"https:\/\/www.bellunopress.it\/fr\/wp-json\/wp\/v2\/types\/post"}],"author":[{"embeddable":true,"href":"https:\/\/www.bellunopress.it\/fr\/wp-json\/wp\/v2\/users\/2"}],"replies":[{"embeddable":true,"href":"https:\/\/www.bellunopress.it\/fr\/wp-json\/wp\/v2\/comments?post=165061"}],"version-history":[{"count":1,"href":"https:\/\/www.bellunopress.it\/fr\/wp-json\/wp\/v2\/posts\/165061\/revisions"}],"predecessor-version":[{"id":165062,"href":"https:\/\/www.bellunopress.it\/fr\/wp-json\/wp\/v2\/posts\/165061\/revisions\/165062"}],"wp:featuredmedia":[{"embeddable":true,"href":"https:\/\/www.bellunopress.it\/fr\/wp-json\/wp\/v2\/media\/158329"}],"wp:attachment":[{"href":"https:\/\/www.bellunopress.it\/fr\/wp-json\/wp\/v2\/media?parent=165061"}],"wp:term":[{"taxonomy":"category","embeddable":true,"href":"https:\/\/www.bellunopress.it\/fr\/wp-json\/wp\/v2\/categories?post=165061"},{"taxonomy":"post_tag","embeddable":true,"href":"https:\/\/www.bellunopress.it\/fr\/wp-json\/wp\/v2\/tags?post=165061"}],"curies":[{"name":"wp","href":"https:\/\/api.w.org\/{rel}","templated":true}]}}