{"id":165048,"date":"2025-11-20T23:08:33","date_gmt":"2025-11-20T22:08:33","guid":{"rendered":"https:\/\/www.bellunopress.it\/?p=165048"},"modified":"2025-11-20T23:08:33","modified_gmt":"2025-11-20T22:08:33","slug":"veneto-al-bivio-di-enzo-de-biasi","status":"publish","type":"post","link":"https:\/\/www.bellunopress.it\/fr\/2025\/11\/20\/veneto-al-bivio-di-enzo-de-biasi\/","title":{"rendered":"Veneto al bivio    * di Enzo De Biasi"},"content":{"rendered":"<figure id=\"attachment_114469\" aria-describedby=\"caption-attachment-114469\" style=\"width: 780px\" class=\"wp-caption aligncenter\"><img loading=\"lazy\" decoding=\"async\" class=\"size-full wp-image-114469\" src=\"https:\/\/www.bellunopress.it\/wp-content\/uploads\/2020\/05\/Regione-Veneto-Palazzo-Ferro-Fini-sede-del-Consiglio-regionale_edited.jpg\" alt=\"\" width=\"780\" height=\"405\" srcset=\"https:\/\/www.bellunopress.it\/wp-content\/uploads\/2020\/05\/Regione-Veneto-Palazzo-Ferro-Fini-sede-del-Consiglio-regionale_edited.jpg 780w, https:\/\/www.bellunopress.it\/wp-content\/uploads\/2020\/05\/Regione-Veneto-Palazzo-Ferro-Fini-sede-del-Consiglio-regionale_edited-500x260.jpg 500w, https:\/\/www.bellunopress.it\/wp-content\/uploads\/2020\/05\/Regione-Veneto-Palazzo-Ferro-Fini-sede-del-Consiglio-regionale_edited-696x361.jpg 696w\" sizes=\"auto, (max-width: 780px) 100vw, 780px\" \/><figcaption id=\"caption-attachment-114469\" class=\"wp-caption-text\">Palazzo Ferro Fini, sede del Consiglio regionale del Veneto<\/figcaption><\/figure>\n<p>Nell\u2019intervista elettorale andata in onda il 18 novembre in Rai, il candidato alla Presidenza della Regione, il leghista Alberto Stefani ha sostenuto che a \u201cotto anni dal referendum sull\u2019autonomia veneta c\u2019\u00e8 voluto un governo di destra per fare un deciso passo avanti\u201d.<\/p>\n<p>In retorica, si chiama mistificare la realt\u00e0, distorcere i fatti al fine di trarre vantaggio dalla credulit\u00e0 altrui, nello specifico da chi andr\u00e0 a votare il 23-domenica e il 24-lunedi prossimi.<br \/>\nDel resto, nel raccontare fandonie al popolo veneto la Lega e Zaia in particolare, sono e sono stati eccellenti venditori di fumo. Tutti ricordiamo il motto \u201cparoni a casa nostra\u201d, ebbene l\u2019attuale aspirante a Palazzo Balbi \u00e8 stato scelto da due romani e un lombardo. E che dire di \u201cmeno tasse a Roma\u201d ? L\u2019impegno programmatico assunto dalla signora Giorgia Meloni durante i comizi del 2022, trascorsi tre anni a Palazzo Chigi \u00e8 stato ampiamente disatteso. Afferma la stampa economica analizzando i dati ISTAT \u201cla pressione fiscale ai massimi da dieci anni, le promesse tradite di Meloni\u201d. Segnaliamo al cittadino e alle imprese che l\u2019aumento del prelievo tributario sulle persone fisiche e sulle attivit\u00e0 economiche, va addebitato non solo al PcM, Fratelli d\u2019Italia, ma anche ai due Vice-Presidenti del Consiglio, Matteo Salvini, Lega e Antonio Tajani, Forza Italia.<\/p>\n<p>Il fatto che tre leader regionali di peso, Luca Zaia per la Lega, Flavio Tosi per Forza Italia e Luca De Carlo per FdI aiutino il giovane Stefani, non significa che questi potr\u00e0 agire in \u201cLibert\u00e0 ed Autonomia\u201d se diventer\u00e0 Governatore. La netta sensazione \u00e8 che Alberto Stefani \u00e8 (sar\u00e0) un \u201cvaso di coccio\u201d, Presidente nell\u2019ufficialit\u00e0 ma obbligato a fare i conti sempre, comunque e dovunque con i tre navigati alligatori politici dalle mascelle potenti, dalla pelle corazzata e dai sensi acuti, una specie di cavalier servente pi\u00f9 padroni.<br \/>\nA questo punto forniamo, in estrema sintesi, gli eventi succedutesi che hanno impedito al Veneto di avere l\u2019 A.D. che non \u00e8 stata \u201cportata a casa\u201d da un quarto di secolo.<br \/>\nLuca Zaia, Conegliano 1968, \u00e8 stato bravo nell\u2019aver imbambolato per vent\u2019anni, l\u2019opinione pubblica, le associazioni datoriali, quelle sindacali e i partiti ben oltre quello di appartenenza, allorch\u00e9 fin dal lontano 2007 nelle vesti di Vice-Presidente di Giancarlo Galan, present\u00f2 la \u201cpratica\u201d dell\u2019 Autonomia Differenziata, applicativa dell\u2019art.116 comma 3 della Costituzione debitamente modificata sei anni prima. La legge che assegnava pi\u00f9 potere alle regioni ordinarie, tra queste il Veneto, era stata voluta dal Centro-Sinistra, elaborata dal Governo D\u2019Alema, confermata dai cittadini con apposito referendum e vigente fin da gennaio 2001. Il centro-destra, governante il Veneto dal 1995, avrebbe potuto avvalersi della norma statale per diventare pi\u00f9 autonomo da \u201cRoma Ladrona\u201d. La volont\u00e0 politica non c\u2019\u00e8 stata, il fatto non \u00e8 accaduto.<\/p>\n<p>Molto pi\u00f9 facile raccogliere consenso eccitando la propria base sociale, urlando e pregustando i battimani che sarebbero seguiti all\u2019urlo dal palco di \u201cRoma Ladrona\u201d e poi andare a bere in compagnia degli astanti un prosecchino doc meglio se docg millesimato.<br \/>\nIl 18 dicembre del 2007, il Consiglio Regionale approvava all\u2019unanimit\u00e0 la richiesta di avere pi\u00f9 funzioni e risorse da Roma. Il Centro-Sinistra, collaborante in materia, in quel dicembre di 18 anni or sono segnalava al Cdx che accolse, l\u2019esigenza d\u2019integrare la lista delle materie con: \u201ccooperazione transfrontaliera, rapporti internazionali e con l\u2019Unione europea\u201d conoscendo il tessuto produttivo regionale e la propensione all\u2019export di buona parte delle PMI, piccole e medie imprese venete. La domanda licenziata da Palazzo Ferro Fini sul Canal Grande in Venezia venne spedita a Palazzo Chigi per il seguito di competenza.<\/p>\n<p>Caduto il Governo Prodi il 6 di maggio 2008, l\u20198 di maggio 2008 entra in scena il Governo Berlusconi quater che durer\u00e0 fino al 16 novembre 2011. Del team governativo fanno parte quattro importanti ministri leghisti. I componenti sono: Umberto Bossi delegato alle \u201criforme per il Federalismo\u201d, Roberto Maroni \u201cInterni\u201d, Roberto Calderoli \u201csemplificazione normativa\u201d e Luca Zaia \u201cpolitiche agricole\u201d Le materie chieste dal Veneto erano 13 sulle 23 concedibili, la richiesta \u00e8 rimasta inevasa, sepolta tra le scartoffie nei cassetti ministeriali.<br \/>\nI politici leghisti Calderoli e Zaia oggi sotto i riflettori per la pre-intesa , sono gli stessi del 2008-2011, nulla combinarono allora e non credibili n\u00e9 affidabili sono a novembre 2025.<br \/>\nLa prima sonora bocciatura tutta politica va addebitata alla Lega e agli altri partner nazionali e regionali. Di questo, poco si \u00e8 discusso nei successivi dieci anni , dentro i partiti e la \u201cdirigenza\u201d imprenditoriale e sociale. L\u2019argomento \u00e8 stato debitamente rimosso ed occultato all\u2019opinione pubblica da parte dei mass-media locali. Evidentemente, i sedicenti fautori dell\u2019Autonomia Differenziata erano forti e fermi (come il vino d\u2019annata) in Veneto, a Roma -invece- bevevano altri vini mangiando pietanze pi\u00f9 succulente. L\u2019 A.D. purtroppo, \u00e8 (\u00e8 sempre stata) una leggenda metropolitana da far girare tra la \u201cgente\u201d del condominio veneto, poco prima del voto come sta succedendo in queste ore e giorni !<br \/>\nSeconda bocciatura.<\/p>\n<p>Nel 2014 il Consiglio Regionale approva due leggi richiedenti al Governo di poter interpellare il popolo veneto al fine di avere un\u2019 Autonomia Differenziata \u201ctaylor made\u201c, locuzione zaiana semplice ed efficace. Ebbene, il Governo impugna le norme e la Corte costituzionale boccia ben cinque quesiti referendari sui sei richiesti. La stroncatura della Consulta \u00e8 inequivocabile: NO al Veneto indipendente e sovrano, NO al Veneto Regione a statuto speciale, NO a che le tasse raccolte restino in Veneto per l\u201980%. NO a che la Regione decida autonomamente come spenderei le risorse trasferite da Roma. Un NO netto su tutta la linea del sogno non solo leghista, dell\u2019impostazione giuridico-istituzionale curata dalla difesa regionale, della narrazione divulgata dalle emittenti radio-televisive, dai giornali cartacei e presenti in rete, nei circoli sociali e pubblici esercizi, soprattutto bar.<\/p>\n<p>Il diktat giudiziale \u00e8 inappellabile e data 1\u00b0 luglio 2015. La nuova Giunta Regionale presieduta da Luca Zaia, entrata in carica dopo le elezioni vinte alla grande dal Cdx, segue un doppio binario: negoziare con Roma per avere il massimo del potere conferibile ma e -nel contempo \u2013 attivarsi per attuare l\u2019unico referendum, il sesto, rimasto in piedi e che recita \u201cVuoi che alla Regione del Veneto siano attribuite ulteriori forme e condizioni particolari di autonomia?\u201d Quesito consultivo, fissato dalla Corte ripetendo in forma interrogativa l\u2019art. 116 comma 3. in quanto la sostanza contenuta negli altri cinque era stata cassata, azzerata.<\/p>\n<p>Qualche trattativa sull\u2019asse Roma-Venezia ha luogo, ma senza alcun esito in quanto Zaia ritiene pi\u00f9 vantaggioso procedere con il referendum e quindi, successivamente, negoziare da una posizione \u201cpi\u00f9 forte\u201d l\u2019Autonomia Rafforzata. Il 22 ottobre 2017 i risultati alle urne danno un 57.2% di affluenza al voto con un 99.8% di SI e un 43,8% non votanti. La trattativa riparte e il 28 febbraio 2018, il Governo Gentiloni- Centro Sinistra e Regione firmano un accordo preliminare che fissa tempi, procedure e materie trasferibili al Veneto. Le materie sono tra le altre: politiche attive del Lavoro, Istruzione tecnica- professionale, servizi integrativi delle universit\u00e0, Sanit\u00e0 in particolare politiche di gestione del Personale dipendente, convenzionato e accreditato, Tutela dell\u2019ambiente e del territorio, Rapporti internazionali e con l\u2019Unione Europea.<\/p>\n<p>I firmatari sono: per il Governo, il Sotto Segretario Gianclaudio Bressa, gi\u00e0 sindaco di Belluno e parlamentare del Partito Democratico e dall\u2019altra parte il Presidente del Veneto, Luca Zaia. Subito dopo l\u2019esecutivo decade si va ad elezioni vinte dai 5 stelle che, assieme alla Lega danno vita al Conte I. I due vice premier, L. Di Maio e M. Salvini, stipulano un \u201ccontratto di governo\u201d nel cui testo per l\u2019 A.D. \u00e8 prevista una \u201cconclusione rapida\u201d. Il Ministro per gli affari regionali \u00e8 una leghista, di Vicenza, avvocato Erika Stefani. Tutto si \u00e8 svolto cos\u00ec in fretta, cos\u00ec celermente, che l\u2019A.D, fatta su misura di Veneto, sarto e sartina dotati di metro, ago, filo e forbici si stanno ancora rincorrendo nei palazzi ministeriali.<br \/>\nTerza altisonante bocciatura, concausa principale la Lega. L\u2019A.D. veneta, quella \u201ctaylor made\u201d a 23 carati, pardon a 23 materie ex art. 116: impacchettata e in lista d\u2019attesa per le generazioni future !.<\/p>\n<p>Dell\u2019Autonomia Differenziata, si sta occupando il veterano leghista e Ministro Roberto Calderoli che- lavorando sodo- ha portato in porto la legge nr. 86\/2024. La norma in questione aveva tanti meriti, ma un unico difetto, spaccava l\u2019Italia in due: Nord contro Sud, guelfi contro ghibellini, Orazi contro Curiazi. Oltre 1milionee 330 mila cittadini e cinque regioni avevano chiesto il referendum abrogativo, epper\u00f2 la Corte costituzionale ha sottratta la norma al giudizio popolare, ma giudiziosamente l\u2019ha inaridita dai \u201ccontenuti innovativi\u201d, proprio quelli voluti dal Governo Meloni.<br \/>\nLa \u201cCalderoli\u201d \u00e8 stata rispedita al mittente, il Parlamento, che con calma , la riscriveranno. Nell\u2019anno in cui riapparir\u00e0 in Gazzetta Ufficiale ( numeri da giocare al lotto) pu\u00f2 sempre accadere che una Regione insoddisfatta, forse una del Sud, ripresenti ricorso alla Consulta, quindi: altro giro, altra corsa, altri \u201cCalderoli\u201d.<\/p>\n<p>Nel frattempo, il Ministro Calderoli non sta con le mani in mano. A pochi giorni dalle votazioni di domenica prossima a 18 anni dalla prima richiesta di Autonomia Differenziata partita dal Veneto bocciata dal Governo Berlusconi quater, a otto anni dal referendum regionale farlocco e a sette anni dalla terza bocciatura a cura del Governo Conte-Salvini, a Palazzo Ferro-Fini si sono incontrati Zaia e Calderoli dove hanno firmato una pre-intesa apponendo le loro firme su quattro materie: Sanit\u00e0, Protezione Civile, Professioni e Previdenza complementare e integrativa. La questione merita qualche accenno.<br \/>\nLa pre-intesa \u00e8 un mero accordo politico, un assist per Alberto Stefani leghista come i due firmatari e non \u00e8 immediatamente esecutivo, validit\u00e0 assicurata fino al giorno delle elezioni. Inoltre, il documento dovr\u00e0 essere sottoposto alla Corte dei conti per la verifica di legittimit\u00e0, specialmente sui costi impliciti, quindi ricevere l&#8217;approvazione formale dal Consiglio dei ministri per diventare un\u2019intesa in senso proprio.<\/p>\n<p>\u00c8 stato interessante leggere le dichiarazioni dei due attori principali, in particolare quelle di Luca Zaia quando firmo la \u201cpre-intesa del 28 febbraio 2018, sette anni or sono in verit\u00e0 un po&#8217; pi\u00f9 ricca di criteri, metodi e contenuti.<br \/>\nComunque, ecco qui l\u2019incipit: \u201cLa giornata \u00e8 storica \u2013 commenta il Presidente della Regione del Veneto \u2013 non soltanto perch\u00e9 si firma oggi una importante pre-intesa, ma soprattutto perch\u00e9 questo cammino \u00e8 iniziato con il piede giusto. Questo preaccordo ci consente di cristallizzare e consolidare quello che si \u00e8 fatto fino ad ora e introdurre metodologie e criteri per le cose da fare nell\u2019immediato futuro, con alcuni principi ormai inderogabili: abbandono della spesa storica, utilizzo dei fabbisogni standard per le determinazioni di spesa, compartecipazione ad alcuni tributi, commissione paritetica sul modello dell\u2019Alto Adige, trattativa su tutte le 23 materie previste dall\u2019art. 116 della Costituzione\u201d. Ad affossare il tutto si adoper\u00f2 la Lega per Salvini.<\/p>\n<p>La Lega \u00e8 ( \u00e8 stata) un movimento sorto per tutelare le aree produttive del Nord, Veneto potenza economica anche se nano politico. Ora, trascorsi 25 anni si pu\u00f2 tranquillamente affermare che \u201cla madre di tutte le battaglie\u201d, sovranit\u00e0 ed indipendenza prima, autonomia differenziata poi, sono state definitivamente perse causa incapacit\u00e0, ignavia, ignoranza della classe dirigente leghista che pure ha sempre goduto della maggioranza assoluta, nell\u2019ultimo periodo, del favore popolare.<br \/>\nIl sistema produttivo-economico-sociale \u00e8 in forte crisi, senza visione futura, con migliaia di giovani che preferiscono migrare all\u2019estero come fecero i loro nonni, anche se sono laureati e non hanno la valigia di cartone e solo un paio di scarpe. Il \u201cpiccolo \u00e8 bello\u201d fa ormai parte dell\u2019archeologia industriale, il Veneto non \u00e8 pi\u00f9 \u201cpotenza economica\u201d ma sempre di pi\u00f9 \u201cnano politico\u201d.<\/p>\n<p>Negli ultimi trent\u2019anni abbiamo avuti due Presidenti. Giancarlo Galan- Forza Italia 1995\/2010, dipendente di un\u2019azienda del cavalier Berlusconi ha patteggiato una pena a 2 anni e 10 mesi di reclusione per i reati di corruzione e riciclaggio e dopo un breve periodo in carcere, ha scontato il resto della pena ai domiciliari. Luca Zaia, pubblico amministratore fin dall\u2019et\u00e0 di 25 anni (consigliere comunale a Godega Sant\u2019Urbano) ha governato per tre lustri da Presidente del Veneto senza infamia n\u00e9 lode. Il suo successore dovr\u00e0 innanzitutto occuparsi di far quadrare il bilancio ordinario senza dover ricorrere all\u2019incremento delle aliquote IRPEF e IRAP considerato il buco della Pedemontana, le liste d\u2019attesa e lo spazio che -forse- sar\u00e0 dato dal Governo per la sanit\u00e0 a condizione che le risorse siano reperite a carico dei contribuenti regionali.<br \/>\nI risultati elettorali regionali delle ultime tre decadi vanno nel medesimo segno, la coalizione di centro-destra. Tuttavia, la legge regionale permette di dare un voto disgiunto, la preferenza al proprio candidato del cuore nel collegio provinciale e optare per il Presidente del Veneto della coalizione alternativa, quella di centro sinistra. In proposito segnaliamo, Giovanni Manildo di mestiere avvocato un non professionista della politica politicante, gi\u00e0 sindaco della citt\u00e0 di Treviso, che ha presentato una piattaforma programmatica focalizzata su: giustizia sociale, innovazione sostenibile e sanit\u00e0 pubblica e territoriale. \u201c<\/p>\n<p><strong>20 novembre 2025 Enzo De Biasi<\/strong><\/p>\n<p>Fonti:<\/p>\n<p><a href=\"https:\/\/quifinanza.it\/fisco-tasse\/pressione-fiscale-governo-meloni\/934308\/\">Pressione fiscale ai massimi da 10 anni, le promesse tradite del Governo Meloni<\/a>\u00a0 Qui Finanza quotidiano economico<\/p>\n<p><a href=\"https:\/\/bur.regione.veneto.it\/BurvServices\/pubblica\/DettaglioDcr.aspx?id=203663\">https:\/\/bur.regione.veneto.it\/BurvServices\/pubblica\/DettaglioDcr.aspx?id=203663<\/a> L\u2019Autonomia Differenziata richiesta nel dicembre del 2007<\/p>\n<p><a href=\"https:\/\/www.affariregionali.it\/it\/comunicazione\/notizie\/autonomia-differenziata-accordi-preliminari-con-le-regioni-emilia-romagna-lombardia-e-veneto\/\">https:\/\/www.affariregionali.it\/it\/comunicazione\/notizie\/autonomia-differenziata-accordi-preliminari-con-le-regioni-emilia-romagna-lombardia-e-veneto\/<\/a> , la pre-intesa del 2018<\/p>\n<p><a href=\"https:\/\/ilgiornaledeiveronesi.it\/notizie-veneto\/regione-veneto\/presidente-veneto\/governo-e-regione-veneto-hanno-firmato-laccordo-preliminare-in-merito-allintesa-prevista-dallart-116-terzo-comma-della-costituzione-il-presidente-il-cammino-verso-lautonom\/\">https:\/\/ilgiornaledeiveronesi.it\/notizie-veneto\/regione-veneto\/presidente-veneto\/governo-e-regione-veneto-hanno-firmato-laccordo-preliminare-in-merito-allintesa-prevista-dallart-116-terzo-comma-della-costituzione-il-presidente-il-cammino-verso-lautonom\/<\/a> \u00a0dichiarazioni di Zaia siglata l\u2019accordo preliminare nel 2018<\/p>\n<p><a href=\"https:\/\/www.treccani.it\/enciclopedia\/luca-zaia\/\">Zaia, Luca &#8211; Enciclopedia &#8211; Treccani<\/a> \u00a0la carriera politica del Presidente uscente<\/p>\n<p>&nbsp;<\/p>","protected":false},"excerpt":{"rendered":"<p>Nell\u2019intervista elettorale andata in onda il 18 novembre in Rai, il candidato alla Presidenza della Regione, il leghista Alberto Stefani ha sostenuto che a \u201cotto anni dal referendum sull\u2019autonomia veneta c\u2019\u00e8 voluto un governo di destra per fare un deciso passo avanti\u201d. In retorica, si chiama mistificare la realt\u00e0, distorcere i fatti al fine di [&hellip;]<\/p>\n","protected":false},"author":2,"featured_media":89160,"comment_status":"closed","ping_status":"open","sticky":false,"template":"","format":"standard","meta":{"footnotes":""},"categories":[5,26],"tags":[],"class_list":["post-165048","post","type-post","status-publish","format-standard","has-post-thumbnail","category-cronaca","category-prima-pagina"],"yoast_head":"<!-- This site is optimized with the Yoast SEO plugin v28.4 - https:\/\/yoast.com\/product\/yoast-seo-wordpress\/ -->\n<title>Veneto al bivio  * di Enzo De Biasi - Bellunopress - Dolomiti<\/title>\n<meta name=\"robots\" content=\"index, follow, max-snippet:-1, max-image-preview:large, max-video-preview:-1\" \/>\n<link rel=\"canonical\" href=\"https:\/\/www.bellunopress.it\/fr\/2025\/11\/20\/veneto-al-bivio-di-enzo-de-biasi\/\" \/>\n<meta property=\"og:locale\" content=\"fr_FR\" \/>\n<meta property=\"og:type\" content=\"article\" \/>\n<meta property=\"og:title\" content=\"Veneto al bivio  * di Enzo De Biasi - Bellunopress - Dolomiti\" \/>\n<meta property=\"og:description\" content=\"Nell\u2019intervista elettorale andata in onda il 18 novembre in Rai, il candidato alla Presidenza della Regione, il leghista Alberto Stefani ha sostenuto che a \u201cotto anni dal referendum sull\u2019autonomia veneta c\u2019\u00e8 voluto un governo di destra per fare un deciso passo avanti\u201d. In retorica, si chiama mistificare la realt\u00e0, distorcere i fatti al fine di [&hellip;]\" \/>\n<meta property=\"og:url\" content=\"https:\/\/www.bellunopress.it\/fr\/2025\/11\/20\/veneto-al-bivio-di-enzo-de-biasi\/\" \/>\n<meta property=\"og:site_name\" content=\"Bellunopress - Dolomiti\" \/>\n<meta property=\"article:publisher\" content=\"https:\/\/www.facebook.com\/profile.php?id=100008943462799\" \/>\n<meta property=\"article:published_time\" content=\"2025-11-20T22:08:33+00:00\" \/>\n<meta property=\"og:image\" content=\"https:\/\/www.bellunopress.it\/wp-content\/uploads\/2017\/09\/Palazzo-Ferro-Fini-Regione-Veneto.jpg\" \/>\n\t<meta property=\"og:image:width\" content=\"300\" \/>\n\t<meta property=\"og:image:height\" content=\"183\" \/>\n\t<meta property=\"og:image:type\" content=\"image\/jpeg\" \/>\n<meta name=\"author\" content=\"redazione\" \/>\n<meta name=\"twitter:card\" content=\"summary_large_image\" \/>\n<meta name=\"twitter:creator\" content=\"@bellunopress\" \/>\n<meta name=\"twitter:site\" content=\"@bellunopress\" \/>\n<meta name=\"twitter:label1\" content=\"\u00c9crit par\" \/>\n\t<meta name=\"twitter:data1\" content=\"redazione\" \/>\n\t<meta name=\"twitter:label2\" content=\"Dur\u00e9e de lecture estim\u00e9e\" \/>\n\t<meta name=\"twitter:data2\" content=\"11 minutes\" \/>\n<script type=\"application\/ld+json\" class=\"yoast-schema-graph\">{\"@context\":\"https:\\\/\\\/schema.org\",\"@graph\":[{\"@type\":\"Article\",\"@id\":\"https:\\\/\\\/www.bellunopress.it\\\/2025\\\/11\\\/20\\\/veneto-al-bivio-di-enzo-de-biasi\\\/#article\",\"isPartOf\":{\"@id\":\"https:\\\/\\\/www.bellunopress.it\\\/2025\\\/11\\\/20\\\/veneto-al-bivio-di-enzo-de-biasi\\\/\"},\"author\":{\"name\":\"redazione\",\"@id\":\"https:\\\/\\\/www.bellunopress.it\\\/#\\\/schema\\\/person\\\/79bb06722b37ece1c03d3e94beb30d73\"},\"headline\":\"Veneto al bivio * di Enzo De Biasi\",\"datePublished\":\"2025-11-20T22:08:33+00:00\",\"mainEntityOfPage\":{\"@id\":\"https:\\\/\\\/www.bellunopress.it\\\/2025\\\/11\\\/20\\\/veneto-al-bivio-di-enzo-de-biasi\\\/\"},\"wordCount\":2184,\"publisher\":{\"@id\":\"https:\\\/\\\/www.bellunopress.it\\\/#organization\"},\"image\":{\"@id\":\"https:\\\/\\\/www.bellunopress.it\\\/2025\\\/11\\\/20\\\/veneto-al-bivio-di-enzo-de-biasi\\\/#primaryimage\"},\"thumbnailUrl\":\"https:\\\/\\\/www.bellunopress.it\\\/wp-content\\\/uploads\\\/2017\\\/09\\\/Palazzo-Ferro-Fini-Regione-Veneto.jpg\",\"articleSection\":[\"Cronaca\\\/Politica\",\"Prima Pagina\"],\"inLanguage\":\"fr-FR\"},{\"@type\":\"WebPage\",\"@id\":\"https:\\\/\\\/www.bellunopress.it\\\/2025\\\/11\\\/20\\\/veneto-al-bivio-di-enzo-de-biasi\\\/\",\"url\":\"https:\\\/\\\/www.bellunopress.it\\\/2025\\\/11\\\/20\\\/veneto-al-bivio-di-enzo-de-biasi\\\/\",\"name\":\"Veneto al bivio * di Enzo De Biasi - Bellunopress - Dolomiti\",\"isPartOf\":{\"@id\":\"https:\\\/\\\/www.bellunopress.it\\\/#website\"},\"primaryImageOfPage\":{\"@id\":\"https:\\\/\\\/www.bellunopress.it\\\/2025\\\/11\\\/20\\\/veneto-al-bivio-di-enzo-de-biasi\\\/#primaryimage\"},\"image\":{\"@id\":\"https:\\\/\\\/www.bellunopress.it\\\/2025\\\/11\\\/20\\\/veneto-al-bivio-di-enzo-de-biasi\\\/#primaryimage\"},\"thumbnailUrl\":\"https:\\\/\\\/www.bellunopress.it\\\/wp-content\\\/uploads\\\/2017\\\/09\\\/Palazzo-Ferro-Fini-Regione-Veneto.jpg\",\"datePublished\":\"2025-11-20T22:08:33+00:00\",\"breadcrumb\":{\"@id\":\"https:\\\/\\\/www.bellunopress.it\\\/2025\\\/11\\\/20\\\/veneto-al-bivio-di-enzo-de-biasi\\\/#breadcrumb\"},\"inLanguage\":\"fr-FR\",\"potentialAction\":[{\"@type\":\"ReadAction\",\"target\":[\"https:\\\/\\\/www.bellunopress.it\\\/2025\\\/11\\\/20\\\/veneto-al-bivio-di-enzo-de-biasi\\\/\"]}]},{\"@type\":\"ImageObject\",\"inLanguage\":\"fr-FR\",\"@id\":\"https:\\\/\\\/www.bellunopress.it\\\/2025\\\/11\\\/20\\\/veneto-al-bivio-di-enzo-de-biasi\\\/#primaryimage\",\"url\":\"https:\\\/\\\/www.bellunopress.it\\\/wp-content\\\/uploads\\\/2017\\\/09\\\/Palazzo-Ferro-Fini-Regione-Veneto.jpg\",\"contentUrl\":\"https:\\\/\\\/www.bellunopress.it\\\/wp-content\\\/uploads\\\/2017\\\/09\\\/Palazzo-Ferro-Fini-Regione-Veneto.jpg\",\"width\":300,\"height\":183,\"caption\":\"Palazzo Ferro Fini - Regione Veneto\"},{\"@type\":\"BreadcrumbList\",\"@id\":\"https:\\\/\\\/www.bellunopress.it\\\/2025\\\/11\\\/20\\\/veneto-al-bivio-di-enzo-de-biasi\\\/#breadcrumb\",\"itemListElement\":[{\"@type\":\"ListItem\",\"position\":1,\"name\":\"Home\",\"item\":\"https:\\\/\\\/www.bellunopress.it\\\/\"},{\"@type\":\"ListItem\",\"position\":2,\"name\":\"Veneto al bivio * di Enzo De Biasi\"}]},{\"@type\":\"WebSite\",\"@id\":\"https:\\\/\\\/www.bellunopress.it\\\/#website\",\"url\":\"https:\\\/\\\/www.bellunopress.it\\\/\",\"name\":\"Bellunopress - Dolomiti\",\"description\":\"e-mail: redazione@bellunopress.it\",\"publisher\":{\"@id\":\"https:\\\/\\\/www.bellunopress.it\\\/#organization\"},\"potentialAction\":[{\"@type\":\"SearchAction\",\"target\":{\"@type\":\"EntryPoint\",\"urlTemplate\":\"https:\\\/\\\/www.bellunopress.it\\\/?s={search_term_string}\"},\"query-input\":{\"@type\":\"PropertyValueSpecification\",\"valueRequired\":true,\"valueName\":\"search_term_string\"}}],\"inLanguage\":\"fr-FR\"},{\"@type\":\"Organization\",\"@id\":\"https:\\\/\\\/www.bellunopress.it\\\/#organization\",\"name\":\"Bellunopress\",\"url\":\"https:\\\/\\\/www.bellunopress.it\\\/\",\"logo\":{\"@type\":\"ImageObject\",\"inLanguage\":\"fr-FR\",\"@id\":\"https:\\\/\\\/www.bellunopress.it\\\/#\\\/schema\\\/logo\\\/image\\\/\",\"url\":\"https:\\\/\\\/www.bellunopress.it\\\/wp-content\\\/uploads\\\/2011\\\/05\\\/cropped-logo-bellunopress-.jpg\",\"contentUrl\":\"https:\\\/\\\/www.bellunopress.it\\\/wp-content\\\/uploads\\\/2011\\\/05\\\/cropped-logo-bellunopress-.jpg\",\"width\":512,\"height\":512,\"caption\":\"Bellunopress\"},\"image\":{\"@id\":\"https:\\\/\\\/www.bellunopress.it\\\/#\\\/schema\\\/logo\\\/image\\\/\"},\"sameAs\":[\"https:\\\/\\\/www.facebook.com\\\/profile.php?id=100008943462799\",\"https:\\\/\\\/x.com\\\/bellunopress\",\"https:\\\/\\\/www.linkedin.com\\\/hp\\\/?dnr=JBzUWaJfMUw8vbXJJ2tVW5-I3jZKvC4wsoxE&amp;amp;amp;amp;amp;amp;trk=nav_responsive_tab_home\",\"https:\\\/\\\/www.youtube.com\\\/channel\\\/UCxL0wu1uN0_3_7hGG0306cw\"]},{\"@type\":\"Person\",\"@id\":\"https:\\\/\\\/www.bellunopress.it\\\/#\\\/schema\\\/person\\\/79bb06722b37ece1c03d3e94beb30d73\",\"name\":\"redazione\",\"image\":{\"@type\":\"ImageObject\",\"inLanguage\":\"fr-FR\",\"@id\":\"https:\\\/\\\/secure.gravatar.com\\\/avatar\\\/37d968a2e67a6fd04c169c4bdef102d0bc5d31b2546345219e348575eb80e9a0?s=96&d=mm&r=g\",\"url\":\"https:\\\/\\\/secure.gravatar.com\\\/avatar\\\/37d968a2e67a6fd04c169c4bdef102d0bc5d31b2546345219e348575eb80e9a0?s=96&d=mm&r=g\",\"contentUrl\":\"https:\\\/\\\/secure.gravatar.com\\\/avatar\\\/37d968a2e67a6fd04c169c4bdef102d0bc5d31b2546345219e348575eb80e9a0?s=96&d=mm&r=g\",\"caption\":\"redazione\"},\"sameAs\":[\"http:\\\/\\\/www.bellunopress.it\",\"https:\\\/\\\/x.com\\\/bellunopress\"],\"url\":\"https:\\\/\\\/www.bellunopress.it\\\/fr\\\/author\\\/redazione\\\/\"}]}<\/script>\n<!-- \/ Yoast SEO plugin. -->","yoast_head_json":{"title":"Veneto al bivio  * di Enzo De Biasi - Bellunopress - Dolomiti","robots":{"index":"index","follow":"follow","max-snippet":"max-snippet:-1","max-image-preview":"max-image-preview:large","max-video-preview":"max-video-preview:-1"},"canonical":"https:\/\/www.bellunopress.it\/fr\/2025\/11\/20\/veneto-al-bivio-di-enzo-de-biasi\/","og_locale":"fr_FR","og_type":"article","og_title":"Veneto al bivio  * di Enzo De Biasi - Bellunopress - Dolomiti","og_description":"Nell\u2019intervista elettorale andata in onda il 18 novembre in Rai, il candidato alla Presidenza della Regione, il leghista Alberto Stefani ha sostenuto che a \u201cotto anni dal referendum sull\u2019autonomia veneta c\u2019\u00e8 voluto un governo di destra per fare un deciso passo avanti\u201d. In retorica, si chiama mistificare la realt\u00e0, distorcere i fatti al fine di [&hellip;]","og_url":"https:\/\/www.bellunopress.it\/fr\/2025\/11\/20\/veneto-al-bivio-di-enzo-de-biasi\/","og_site_name":"Bellunopress - Dolomiti","article_publisher":"https:\/\/www.facebook.com\/profile.php?id=100008943462799","article_published_time":"2025-11-20T22:08:33+00:00","og_image":[{"width":300,"height":183,"url":"https:\/\/www.bellunopress.it\/wp-content\/uploads\/2017\/09\/Palazzo-Ferro-Fini-Regione-Veneto.jpg","type":"image\/jpeg"}],"author":"redazione","twitter_card":"summary_large_image","twitter_creator":"@bellunopress","twitter_site":"@bellunopress","twitter_misc":{"\u00c9crit par":"redazione","Dur\u00e9e de lecture estim\u00e9e":"11 minutes"},"schema":{"@context":"https:\/\/schema.org","@graph":[{"@type":"Article","@id":"https:\/\/www.bellunopress.it\/2025\/11\/20\/veneto-al-bivio-di-enzo-de-biasi\/#article","isPartOf":{"@id":"https:\/\/www.bellunopress.it\/2025\/11\/20\/veneto-al-bivio-di-enzo-de-biasi\/"},"author":{"name":"redazione","@id":"https:\/\/www.bellunopress.it\/#\/schema\/person\/79bb06722b37ece1c03d3e94beb30d73"},"headline":"Veneto al bivio * di Enzo De Biasi","datePublished":"2025-11-20T22:08:33+00:00","mainEntityOfPage":{"@id":"https:\/\/www.bellunopress.it\/2025\/11\/20\/veneto-al-bivio-di-enzo-de-biasi\/"},"wordCount":2184,"publisher":{"@id":"https:\/\/www.bellunopress.it\/#organization"},"image":{"@id":"https:\/\/www.bellunopress.it\/2025\/11\/20\/veneto-al-bivio-di-enzo-de-biasi\/#primaryimage"},"thumbnailUrl":"https:\/\/www.bellunopress.it\/wp-content\/uploads\/2017\/09\/Palazzo-Ferro-Fini-Regione-Veneto.jpg","articleSection":["Cronaca\/Politica","Prima Pagina"],"inLanguage":"fr-FR"},{"@type":"WebPage","@id":"https:\/\/www.bellunopress.it\/2025\/11\/20\/veneto-al-bivio-di-enzo-de-biasi\/","url":"https:\/\/www.bellunopress.it\/2025\/11\/20\/veneto-al-bivio-di-enzo-de-biasi\/","name":"Veneto al bivio * di Enzo De Biasi - Bellunopress - Dolomiti","isPartOf":{"@id":"https:\/\/www.bellunopress.it\/#website"},"primaryImageOfPage":{"@id":"https:\/\/www.bellunopress.it\/2025\/11\/20\/veneto-al-bivio-di-enzo-de-biasi\/#primaryimage"},"image":{"@id":"https:\/\/www.bellunopress.it\/2025\/11\/20\/veneto-al-bivio-di-enzo-de-biasi\/#primaryimage"},"thumbnailUrl":"https:\/\/www.bellunopress.it\/wp-content\/uploads\/2017\/09\/Palazzo-Ferro-Fini-Regione-Veneto.jpg","datePublished":"2025-11-20T22:08:33+00:00","breadcrumb":{"@id":"https:\/\/www.bellunopress.it\/2025\/11\/20\/veneto-al-bivio-di-enzo-de-biasi\/#breadcrumb"},"inLanguage":"fr-FR","potentialAction":[{"@type":"ReadAction","target":["https:\/\/www.bellunopress.it\/2025\/11\/20\/veneto-al-bivio-di-enzo-de-biasi\/"]}]},{"@type":"ImageObject","inLanguage":"fr-FR","@id":"https:\/\/www.bellunopress.it\/2025\/11\/20\/veneto-al-bivio-di-enzo-de-biasi\/#primaryimage","url":"https:\/\/www.bellunopress.it\/wp-content\/uploads\/2017\/09\/Palazzo-Ferro-Fini-Regione-Veneto.jpg","contentUrl":"https:\/\/www.bellunopress.it\/wp-content\/uploads\/2017\/09\/Palazzo-Ferro-Fini-Regione-Veneto.jpg","width":300,"height":183,"caption":"Palazzo Ferro Fini - Regione Veneto"},{"@type":"BreadcrumbList","@id":"https:\/\/www.bellunopress.it\/2025\/11\/20\/veneto-al-bivio-di-enzo-de-biasi\/#breadcrumb","itemListElement":[{"@type":"ListItem","position":1,"name":"Home","item":"https:\/\/www.bellunopress.it\/"},{"@type":"ListItem","position":2,"name":"Veneto al bivio * di Enzo De Biasi"}]},{"@type":"WebSite","@id":"https:\/\/www.bellunopress.it\/#website","url":"https:\/\/www.bellunopress.it\/","name":"Bellunopress - Dolomiti","description":"e-mail: redazione@bellunopress.it","publisher":{"@id":"https:\/\/www.bellunopress.it\/#organization"},"potentialAction":[{"@type":"SearchAction","target":{"@type":"EntryPoint","urlTemplate":"https:\/\/www.bellunopress.it\/?s={search_term_string}"},"query-input":{"@type":"PropertyValueSpecification","valueRequired":true,"valueName":"search_term_string"}}],"inLanguage":"fr-FR"},{"@type":"Organization","@id":"https:\/\/www.bellunopress.it\/#organization","name":"Bellunopress","url":"https:\/\/www.bellunopress.it\/","logo":{"@type":"ImageObject","inLanguage":"fr-FR","@id":"https:\/\/www.bellunopress.it\/#\/schema\/logo\/image\/","url":"https:\/\/www.bellunopress.it\/wp-content\/uploads\/2011\/05\/cropped-logo-bellunopress-.jpg","contentUrl":"https:\/\/www.bellunopress.it\/wp-content\/uploads\/2011\/05\/cropped-logo-bellunopress-.jpg","width":512,"height":512,"caption":"Bellunopress"},"image":{"@id":"https:\/\/www.bellunopress.it\/#\/schema\/logo\/image\/"},"sameAs":["https:\/\/www.facebook.com\/profile.php?id=100008943462799","https:\/\/x.com\/bellunopress","https:\/\/www.linkedin.com\/hp\/?dnr=JBzUWaJfMUw8vbXJJ2tVW5-I3jZKvC4wsoxE&amp;amp;amp;amp;amp;amp;trk=nav_responsive_tab_home","https:\/\/www.youtube.com\/channel\/UCxL0wu1uN0_3_7hGG0306cw"]},{"@type":"Person","@id":"https:\/\/www.bellunopress.it\/#\/schema\/person\/79bb06722b37ece1c03d3e94beb30d73","name":"r\u00e9daction","image":{"@type":"ImageObject","inLanguage":"fr-FR","@id":"https:\/\/secure.gravatar.com\/avatar\/37d968a2e67a6fd04c169c4bdef102d0bc5d31b2546345219e348575eb80e9a0?s=96&d=mm&r=g","url":"https:\/\/secure.gravatar.com\/avatar\/37d968a2e67a6fd04c169c4bdef102d0bc5d31b2546345219e348575eb80e9a0?s=96&d=mm&r=g","contentUrl":"https:\/\/secure.gravatar.com\/avatar\/37d968a2e67a6fd04c169c4bdef102d0bc5d31b2546345219e348575eb80e9a0?s=96&d=mm&r=g","caption":"redazione"},"sameAs":["http:\/\/www.bellunopress.it","https:\/\/x.com\/bellunopress"],"url":"https:\/\/www.bellunopress.it\/fr\/author\/redazione\/"}]}},"_links":{"self":[{"href":"https:\/\/www.bellunopress.it\/fr\/wp-json\/wp\/v2\/posts\/165048","targetHints":{"allow":["GET"]}}],"collection":[{"href":"https:\/\/www.bellunopress.it\/fr\/wp-json\/wp\/v2\/posts"}],"about":[{"href":"https:\/\/www.bellunopress.it\/fr\/wp-json\/wp\/v2\/types\/post"}],"author":[{"embeddable":true,"href":"https:\/\/www.bellunopress.it\/fr\/wp-json\/wp\/v2\/users\/2"}],"replies":[{"embeddable":true,"href":"https:\/\/www.bellunopress.it\/fr\/wp-json\/wp\/v2\/comments?post=165048"}],"version-history":[{"count":1,"href":"https:\/\/www.bellunopress.it\/fr\/wp-json\/wp\/v2\/posts\/165048\/revisions"}],"predecessor-version":[{"id":165049,"href":"https:\/\/www.bellunopress.it\/fr\/wp-json\/wp\/v2\/posts\/165048\/revisions\/165049"}],"wp:featuredmedia":[{"embeddable":true,"href":"https:\/\/www.bellunopress.it\/fr\/wp-json\/wp\/v2\/media\/89160"}],"wp:attachment":[{"href":"https:\/\/www.bellunopress.it\/fr\/wp-json\/wp\/v2\/media?parent=165048"}],"wp:term":[{"taxonomy":"category","embeddable":true,"href":"https:\/\/www.bellunopress.it\/fr\/wp-json\/wp\/v2\/categories?post=165048"},{"taxonomy":"post_tag","embeddable":true,"href":"https:\/\/www.bellunopress.it\/fr\/wp-json\/wp\/v2\/tags?post=165048"}],"curies":[{"name":"wp","href":"https:\/\/api.w.org\/{rel}","templated":true}]}}