{"id":165045,"date":"2025-11-20T22:50:05","date_gmt":"2025-11-20T21:50:05","guid":{"rendered":"https:\/\/www.bellunopress.it\/?p=165045"},"modified":"2025-11-21T09:28:53","modified_gmt":"2025-11-21T08:28:53","slug":"oblio-oncologico-illustrata-la-legge-che-fissa-i-principi-di-pari-dignita-dei-pazienti-guariti","status":"publish","type":"post","link":"https:\/\/www.bellunopress.it\/fr\/2025\/11\/20\/oblio-oncologico-illustrata-la-legge-che-fissa-i-principi-di-pari-dignita-dei-pazienti-guariti\/","title":{"rendered":"Oblio oncologico. Illustrata la legge che fissa i principi di pari dignit\u00e0 dei pazienti guariti"},"content":{"rendered":"<figure id=\"attachment_165046\" aria-describedby=\"caption-attachment-165046\" style=\"width: 800px\" class=\"wp-caption aligncenter\"><img loading=\"lazy\" decoding=\"async\" class=\"size-full wp-image-165046\" src=\"https:\/\/www.bellunopress.it\/wp-content\/uploads\/2025\/11\/oblio-oncologico_edited-1.jpg\" alt=\"\" width=\"800\" height=\"630\" srcset=\"https:\/\/www.bellunopress.it\/wp-content\/uploads\/2025\/11\/oblio-oncologico_edited-1.jpg 800w, https:\/\/www.bellunopress.it\/wp-content\/uploads\/2025\/11\/oblio-oncologico_edited-1-500x394.jpg 500w, https:\/\/www.bellunopress.it\/wp-content\/uploads\/2025\/11\/oblio-oncologico_edited-1-533x420.jpg 533w, https:\/\/www.bellunopress.it\/wp-content\/uploads\/2025\/11\/oblio-oncologico_edited-1-696x548.jpg 696w\" sizes=\"auto, (max-width: 800px) 100vw, 800px\" \/><figcaption id=\"caption-attachment-165046\" class=\"wp-caption-text\">Fausto Tuccia oncologo, Roberta Gallego magistrato, Anna Polifroni avvocato<\/figcaption><\/figure>\n<p>Belluno, 20 novembre 2025 \u2013 In Europa, nell\u2019annoi 2022, si sono verificati 2 milioni e 700 mila casi di tumori di cui 390mila in Italia, con una incidenza stabile nel tempo. La buona notizia \u00e8 che negli anni c\u2019\u00e8 stata una progressiva riduzione della mortalit\u00e0 dei pazienti oncologici, grazie ai progressi terapeutici, all\u2019approccio multidisciplinare con diagnosi precoci. Si va, insomma, verso l\u2019aumento percentuale di guarigioni e sopravvivenza.<\/p>\n<p>Lo ha detto questa sera l\u2019oncologo Fausto Tuccia, in apertura della conferenza dal titolo \u201cOblio oncologico: un diritto per ricominciate\u201d che ha avuto luogo al Centro Giovanni 23mo di Belluno. Il medico ha parlato dei principi generali della legge 193 del 2023 che disciplina il diritto del guarito da malattie oncologiche chiamato &#8220;survivor&#8221; ossia coloro che, dopo i trattamenti, non hanno pi\u00f9 la malattia e hanno un&#8217;aspettativa di vita paragonabile a quella di persone che non hanno mai avuto un tumore. In Italia, su tre milioni di persone colpite dalla malattia ci sono circa due milioni che rientrano in questa categoria di guariti. Per tutelare i guariti da discriminazioni consentendo loro l\u2019accesso a mutui, assicurazioni e adozioni, la legge italiana ha introdotto il &#8220;diritto all&#8217;oblio oncologico&#8221;. La legge considera guarito colui che dopo 10 anni dalla fine delle cure non ha avuto recidive. Tale termine \u00e8 ridotto a 5 anni per chi ha avuto la diagnosi prima dei 21 anni di et\u00e0. Sono inoltre previsti termini pi\u00f9 brevi per specifiche neoplasie, come ad esempio il tumore al colon-retto in stadio I, che pu\u00f2 richiedere solo un anno dalla fine dei trattamenti.<\/p>\n<p>La nuova normativa rappresenta dunque una svolta storica per le persone guarite da patologie oncologiche che ora assicura pari dignit\u00e0 e parit\u00e0. Tuttavia, vi sono alcuni aspetti che presentano delle perplessit\u00e0, come ha osservato il magistrato Roberta Gallego. Ad esempio: la recidiva azzera il diritto all\u2019oblio? Secondo il parere del Ministero, che probabilmente sar\u00e0 recepito in successivi decreti attuativi, la recidiva ha effetto interruttivo. Ossia, se la malattia si ripresenta, si riparte nel conteggio dei 10 anni. C\u2019\u00e8 un\u2019altra area grigia interpretativa rilevata dalla dottoressa Gallego, laddove la legge parla genericamente di guarito. Chi stabilisce cos\u2019\u00e8 la guarigione? Il guarito \u00e8 anche colui che continua ad assumere farmaci? Probabilmente s\u00ec, dal momento che la sua qualit\u00e0 della vita \u00e8 analoga a quella di chi non ha mai contratto la malattia. Vi sono inoltre una serie di problemi nel trattamento dei dati sensibili legati oggi agli archivi digitali, alle banche dati (fascicolo sanitario, registro europeo), e alle profilazioni, ossia quel processo di raccolta e analisi di dati personali di un individuo, attraverso la rete internet, per valutarne aspetti come interessi, preferenze, abitudini e comportamenti, al fine di creare dei profili e categorizzarli. Insomma, il terreno dell\u2019oblio \u00e8 disseminato di insidie.<\/p>\n<p>La legge sull\u2019Oblio oncologico \u00e8 un punto di partenza &#8211; ha detto l\u2019avvocato Anna Polifroni &#8211; al quale si sono gi\u00e0 aggiunti due decreti attuativi. Al quesito, se sia da considerarsi guarito, colui che abbia ancora in corso una terapia farmacologica \u2013 ha proseguito l\u2019avvocato Polifroni &#8211; lo dovr\u00e0 stabilire la giurisprudenza. Inoltre \u2013 secondo l\u2019avvocato \u2013 la legge 193\/2023 presenterebbe profili di incostituzionalit\u00e0: l\u2019oblio solo oncologico? Al termine del suo intervento l\u2019avvocato Polifroni ha illustrato alcuni punti della nuova legge 106 del 18 luglio 2025 riguardante le disposizioni sulla conservazione del posto di lavoro e i permessi retribuiti per esami e cure mediche in favore dei lavoratori affetti da malattie oncologiche, invalidanti e croniche.<br \/>\nL\u2019incontro \u00e8 stato supportato dalla LILT (Lega Italiana per la Lotta contro i Tumori), AIL (Associazione Italiana contro le leucemie), dall\u2019Associazione ADOS (Donne Operate al Seno) con l\u2019obiettivo di informare la cittadinanza e i professionisti sulle opportunit\u00e0 e sulle tutele offerte dalla legge.<\/p>","protected":false},"excerpt":{"rendered":"<p>Belluno, 20 novembre 2025 \u2013 In Europa, nell\u2019annoi 2022, si sono verificati 2 milioni e 700 mila casi di tumori di cui 390mila in Italia, con una incidenza stabile nel tempo. La buona notizia \u00e8 che negli anni c\u2019\u00e8 stata una progressiva riduzione della mortalit\u00e0 dei pazienti oncologici, grazie ai progressi terapeutici, all\u2019approccio multidisciplinare con [&hellip;]<\/p>\n","protected":false},"author":2,"featured_media":165046,"comment_status":"closed","ping_status":"open","sticky":false,"template":"","format":"standard","meta":{"footnotes":""},"categories":[3446,26,17,8],"tags":[],"class_list":["post-165045","post","type-post","status-publish","format-standard","has-post-thumbnail","category-featured","category-prima-pagina","category-sanita","category-societa-istituzioni"],"yoast_head":"<!-- This site is optimized with the Yoast SEO plugin v28.4 - https:\/\/yoast.com\/product\/yoast-seo-wordpress\/ -->\n<title>Oblio oncologico. Illustrata la legge che fissa i principi di pari dignit\u00e0 dei pazienti guariti - Bellunopress - Dolomiti<\/title>\n<meta name=\"robots\" content=\"index, follow, max-snippet:-1, max-image-preview:large, max-video-preview:-1\" \/>\n<link rel=\"canonical\" href=\"https:\/\/www.bellunopress.it\/fr\/2025\/11\/20\/oblio-oncologico-illustrata-la-legge-che-fissa-i-principi-di-pari-dignita-dei-pazienti-guariti\/\" \/>\n<meta property=\"og:locale\" content=\"fr_FR\" \/>\n<meta property=\"og:type\" content=\"article\" \/>\n<meta property=\"og:title\" content=\"Oblio oncologico. Illustrata la legge che fissa i principi di pari dignit\u00e0 dei pazienti guariti - Bellunopress - Dolomiti\" \/>\n<meta property=\"og:description\" content=\"Belluno, 20 novembre 2025 \u2013 In Europa, nell\u2019annoi 2022, si sono verificati 2 milioni e 700 mila casi di tumori di cui 390mila in Italia, con una incidenza stabile nel tempo. La buona notizia \u00e8 che negli anni c\u2019\u00e8 stata una progressiva riduzione della mortalit\u00e0 dei pazienti oncologici, grazie ai progressi terapeutici, all\u2019approccio multidisciplinare con [&hellip;]\" \/>\n<meta property=\"og:url\" content=\"https:\/\/www.bellunopress.it\/fr\/2025\/11\/20\/oblio-oncologico-illustrata-la-legge-che-fissa-i-principi-di-pari-dignita-dei-pazienti-guariti\/\" \/>\n<meta property=\"og:site_name\" content=\"Bellunopress - Dolomiti\" \/>\n<meta property=\"article:publisher\" content=\"https:\/\/www.facebook.com\/profile.php?id=100008943462799\" \/>\n<meta property=\"article:published_time\" content=\"2025-11-20T21:50:05+00:00\" \/>\n<meta property=\"article:modified_time\" content=\"2025-11-21T08:28:53+00:00\" \/>\n<meta property=\"og:image\" content=\"https:\/\/www.bellunopress.it\/wp-content\/uploads\/2025\/11\/oblio-oncologico_edited-1.jpg\" \/>\n\t<meta property=\"og:image:width\" content=\"800\" \/>\n\t<meta property=\"og:image:height\" content=\"630\" \/>\n\t<meta property=\"og:image:type\" content=\"image\/jpeg\" \/>\n<meta name=\"author\" content=\"redazione\" \/>\n<meta name=\"twitter:card\" content=\"summary_large_image\" \/>\n<meta name=\"twitter:creator\" content=\"@bellunopress\" \/>\n<meta name=\"twitter:site\" content=\"@bellunopress\" \/>\n<meta name=\"twitter:label1\" content=\"\u00c9crit par\" \/>\n\t<meta name=\"twitter:data1\" content=\"redazione\" \/>\n\t<meta name=\"twitter:label2\" content=\"Dur\u00e9e de lecture estim\u00e9e\" \/>\n\t<meta name=\"twitter:data2\" content=\"3 minutes\" \/>\n<script type=\"application\/ld+json\" class=\"yoast-schema-graph\">{\"@context\":\"https:\\\/\\\/schema.org\",\"@graph\":[{\"@type\":\"Article\",\"@id\":\"https:\\\/\\\/www.bellunopress.it\\\/2025\\\/11\\\/20\\\/oblio-oncologico-illustrata-la-legge-che-fissa-i-principi-di-pari-dignita-dei-pazienti-guariti\\\/#article\",\"isPartOf\":{\"@id\":\"https:\\\/\\\/www.bellunopress.it\\\/2025\\\/11\\\/20\\\/oblio-oncologico-illustrata-la-legge-che-fissa-i-principi-di-pari-dignita-dei-pazienti-guariti\\\/\"},\"author\":{\"name\":\"redazione\",\"@id\":\"https:\\\/\\\/www.bellunopress.it\\\/#\\\/schema\\\/person\\\/79bb06722b37ece1c03d3e94beb30d73\"},\"headline\":\"Oblio oncologico. Illustrata la legge che fissa i principi di pari dignit\u00e0 dei pazienti guariti\",\"datePublished\":\"2025-11-20T21:50:05+00:00\",\"dateModified\":\"2025-11-21T08:28:53+00:00\",\"mainEntityOfPage\":{\"@id\":\"https:\\\/\\\/www.bellunopress.it\\\/2025\\\/11\\\/20\\\/oblio-oncologico-illustrata-la-legge-che-fissa-i-principi-di-pari-dignita-dei-pazienti-guariti\\\/\"},\"wordCount\":639,\"publisher\":{\"@id\":\"https:\\\/\\\/www.bellunopress.it\\\/#organization\"},\"image\":{\"@id\":\"https:\\\/\\\/www.bellunopress.it\\\/2025\\\/11\\\/20\\\/oblio-oncologico-illustrata-la-legge-che-fissa-i-principi-di-pari-dignita-dei-pazienti-guariti\\\/#primaryimage\"},\"thumbnailUrl\":\"https:\\\/\\\/www.bellunopress.it\\\/wp-content\\\/uploads\\\/2025\\\/11\\\/oblio-oncologico_edited-1.jpg\",\"articleSection\":[\"Featured\",\"Prima Pagina\",\"Sanit\u00e0 Medicina\",\"Societ\u00e0, Associazioni, Istituzioni\"],\"inLanguage\":\"fr-FR\"},{\"@type\":\"WebPage\",\"@id\":\"https:\\\/\\\/www.bellunopress.it\\\/2025\\\/11\\\/20\\\/oblio-oncologico-illustrata-la-legge-che-fissa-i-principi-di-pari-dignita-dei-pazienti-guariti\\\/\",\"url\":\"https:\\\/\\\/www.bellunopress.it\\\/2025\\\/11\\\/20\\\/oblio-oncologico-illustrata-la-legge-che-fissa-i-principi-di-pari-dignita-dei-pazienti-guariti\\\/\",\"name\":\"Oblio oncologico. Illustrata la legge che fissa i principi di pari dignit\u00e0 dei pazienti guariti - Bellunopress - Dolomiti\",\"isPartOf\":{\"@id\":\"https:\\\/\\\/www.bellunopress.it\\\/#website\"},\"primaryImageOfPage\":{\"@id\":\"https:\\\/\\\/www.bellunopress.it\\\/2025\\\/11\\\/20\\\/oblio-oncologico-illustrata-la-legge-che-fissa-i-principi-di-pari-dignita-dei-pazienti-guariti\\\/#primaryimage\"},\"image\":{\"@id\":\"https:\\\/\\\/www.bellunopress.it\\\/2025\\\/11\\\/20\\\/oblio-oncologico-illustrata-la-legge-che-fissa-i-principi-di-pari-dignita-dei-pazienti-guariti\\\/#primaryimage\"},\"thumbnailUrl\":\"https:\\\/\\\/www.bellunopress.it\\\/wp-content\\\/uploads\\\/2025\\\/11\\\/oblio-oncologico_edited-1.jpg\",\"datePublished\":\"2025-11-20T21:50:05+00:00\",\"dateModified\":\"2025-11-21T08:28:53+00:00\",\"breadcrumb\":{\"@id\":\"https:\\\/\\\/www.bellunopress.it\\\/2025\\\/11\\\/20\\\/oblio-oncologico-illustrata-la-legge-che-fissa-i-principi-di-pari-dignita-dei-pazienti-guariti\\\/#breadcrumb\"},\"inLanguage\":\"fr-FR\",\"potentialAction\":[{\"@type\":\"ReadAction\",\"target\":[\"https:\\\/\\\/www.bellunopress.it\\\/2025\\\/11\\\/20\\\/oblio-oncologico-illustrata-la-legge-che-fissa-i-principi-di-pari-dignita-dei-pazienti-guariti\\\/\"]}]},{\"@type\":\"ImageObject\",\"inLanguage\":\"fr-FR\",\"@id\":\"https:\\\/\\\/www.bellunopress.it\\\/2025\\\/11\\\/20\\\/oblio-oncologico-illustrata-la-legge-che-fissa-i-principi-di-pari-dignita-dei-pazienti-guariti\\\/#primaryimage\",\"url\":\"https:\\\/\\\/www.bellunopress.it\\\/wp-content\\\/uploads\\\/2025\\\/11\\\/oblio-oncologico_edited-1.jpg\",\"contentUrl\":\"https:\\\/\\\/www.bellunopress.it\\\/wp-content\\\/uploads\\\/2025\\\/11\\\/oblio-oncologico_edited-1.jpg\",\"width\":800,\"height\":630,\"caption\":\"Fausto Tuccia oncologo, Roberta Gallego magistrato, Anna Polifroni avvocato\"},{\"@type\":\"BreadcrumbList\",\"@id\":\"https:\\\/\\\/www.bellunopress.it\\\/2025\\\/11\\\/20\\\/oblio-oncologico-illustrata-la-legge-che-fissa-i-principi-di-pari-dignita-dei-pazienti-guariti\\\/#breadcrumb\",\"itemListElement\":[{\"@type\":\"ListItem\",\"position\":1,\"name\":\"Home\",\"item\":\"https:\\\/\\\/www.bellunopress.it\\\/\"},{\"@type\":\"ListItem\",\"position\":2,\"name\":\"Oblio oncologico. Illustrata la legge che fissa i principi di pari dignit\u00e0 dei pazienti guariti\"}]},{\"@type\":\"WebSite\",\"@id\":\"https:\\\/\\\/www.bellunopress.it\\\/#website\",\"url\":\"https:\\\/\\\/www.bellunopress.it\\\/\",\"name\":\"Bellunopress - Dolomiti\",\"description\":\"e-mail: redazione@bellunopress.it\",\"publisher\":{\"@id\":\"https:\\\/\\\/www.bellunopress.it\\\/#organization\"},\"potentialAction\":[{\"@type\":\"SearchAction\",\"target\":{\"@type\":\"EntryPoint\",\"urlTemplate\":\"https:\\\/\\\/www.bellunopress.it\\\/?s={search_term_string}\"},\"query-input\":{\"@type\":\"PropertyValueSpecification\",\"valueRequired\":true,\"valueName\":\"search_term_string\"}}],\"inLanguage\":\"fr-FR\"},{\"@type\":\"Organization\",\"@id\":\"https:\\\/\\\/www.bellunopress.it\\\/#organization\",\"name\":\"Bellunopress\",\"url\":\"https:\\\/\\\/www.bellunopress.it\\\/\",\"logo\":{\"@type\":\"ImageObject\",\"inLanguage\":\"fr-FR\",\"@id\":\"https:\\\/\\\/www.bellunopress.it\\\/#\\\/schema\\\/logo\\\/image\\\/\",\"url\":\"https:\\\/\\\/www.bellunopress.it\\\/wp-content\\\/uploads\\\/2011\\\/05\\\/cropped-logo-bellunopress-.jpg\",\"contentUrl\":\"https:\\\/\\\/www.bellunopress.it\\\/wp-content\\\/uploads\\\/2011\\\/05\\\/cropped-logo-bellunopress-.jpg\",\"width\":512,\"height\":512,\"caption\":\"Bellunopress\"},\"image\":{\"@id\":\"https:\\\/\\\/www.bellunopress.it\\\/#\\\/schema\\\/logo\\\/image\\\/\"},\"sameAs\":[\"https:\\\/\\\/www.facebook.com\\\/profile.php?id=100008943462799\",\"https:\\\/\\\/x.com\\\/bellunopress\",\"https:\\\/\\\/www.linkedin.com\\\/hp\\\/?dnr=JBzUWaJfMUw8vbXJJ2tVW5-I3jZKvC4wsoxE&amp;amp;amp;amp;amp;amp;trk=nav_responsive_tab_home\",\"https:\\\/\\\/www.youtube.com\\\/channel\\\/UCxL0wu1uN0_3_7hGG0306cw\"]},{\"@type\":\"Person\",\"@id\":\"https:\\\/\\\/www.bellunopress.it\\\/#\\\/schema\\\/person\\\/79bb06722b37ece1c03d3e94beb30d73\",\"name\":\"redazione\",\"image\":{\"@type\":\"ImageObject\",\"inLanguage\":\"fr-FR\",\"@id\":\"https:\\\/\\\/secure.gravatar.com\\\/avatar\\\/37d968a2e67a6fd04c169c4bdef102d0bc5d31b2546345219e348575eb80e9a0?s=96&d=mm&r=g\",\"url\":\"https:\\\/\\\/secure.gravatar.com\\\/avatar\\\/37d968a2e67a6fd04c169c4bdef102d0bc5d31b2546345219e348575eb80e9a0?s=96&d=mm&r=g\",\"contentUrl\":\"https:\\\/\\\/secure.gravatar.com\\\/avatar\\\/37d968a2e67a6fd04c169c4bdef102d0bc5d31b2546345219e348575eb80e9a0?s=96&d=mm&r=g\",\"caption\":\"redazione\"},\"sameAs\":[\"http:\\\/\\\/www.bellunopress.it\",\"https:\\\/\\\/x.com\\\/bellunopress\"],\"url\":\"https:\\\/\\\/www.bellunopress.it\\\/fr\\\/author\\\/redazione\\\/\"}]}<\/script>\n<!-- \/ Yoast SEO plugin. -->","yoast_head_json":{"title":"Oblio oncologico. Illustrata la legge che fissa i principi di pari dignit\u00e0 dei pazienti guariti - Bellunopress - Dolomiti","robots":{"index":"index","follow":"follow","max-snippet":"max-snippet:-1","max-image-preview":"max-image-preview:large","max-video-preview":"max-video-preview:-1"},"canonical":"https:\/\/www.bellunopress.it\/fr\/2025\/11\/20\/oblio-oncologico-illustrata-la-legge-che-fissa-i-principi-di-pari-dignita-dei-pazienti-guariti\/","og_locale":"fr_FR","og_type":"article","og_title":"Oblio oncologico. Illustrata la legge che fissa i principi di pari dignit\u00e0 dei pazienti guariti - Bellunopress - Dolomiti","og_description":"Belluno, 20 novembre 2025 \u2013 In Europa, nell\u2019annoi 2022, si sono verificati 2 milioni e 700 mila casi di tumori di cui 390mila in Italia, con una incidenza stabile nel tempo. La buona notizia \u00e8 che negli anni c\u2019\u00e8 stata una progressiva riduzione della mortalit\u00e0 dei pazienti oncologici, grazie ai progressi terapeutici, all\u2019approccio multidisciplinare con [&hellip;]","og_url":"https:\/\/www.bellunopress.it\/fr\/2025\/11\/20\/oblio-oncologico-illustrata-la-legge-che-fissa-i-principi-di-pari-dignita-dei-pazienti-guariti\/","og_site_name":"Bellunopress - Dolomiti","article_publisher":"https:\/\/www.facebook.com\/profile.php?id=100008943462799","article_published_time":"2025-11-20T21:50:05+00:00","article_modified_time":"2025-11-21T08:28:53+00:00","og_image":[{"width":800,"height":630,"url":"https:\/\/www.bellunopress.it\/wp-content\/uploads\/2025\/11\/oblio-oncologico_edited-1.jpg","type":"image\/jpeg"}],"author":"redazione","twitter_card":"summary_large_image","twitter_creator":"@bellunopress","twitter_site":"@bellunopress","twitter_misc":{"\u00c9crit par":"redazione","Dur\u00e9e de lecture estim\u00e9e":"3 minutes"},"schema":{"@context":"https:\/\/schema.org","@graph":[{"@type":"Article","@id":"https:\/\/www.bellunopress.it\/2025\/11\/20\/oblio-oncologico-illustrata-la-legge-che-fissa-i-principi-di-pari-dignita-dei-pazienti-guariti\/#article","isPartOf":{"@id":"https:\/\/www.bellunopress.it\/2025\/11\/20\/oblio-oncologico-illustrata-la-legge-che-fissa-i-principi-di-pari-dignita-dei-pazienti-guariti\/"},"author":{"name":"redazione","@id":"https:\/\/www.bellunopress.it\/#\/schema\/person\/79bb06722b37ece1c03d3e94beb30d73"},"headline":"Oblio oncologico. Illustrata la legge che fissa i principi di pari dignit\u00e0 dei pazienti guariti","datePublished":"2025-11-20T21:50:05+00:00","dateModified":"2025-11-21T08:28:53+00:00","mainEntityOfPage":{"@id":"https:\/\/www.bellunopress.it\/2025\/11\/20\/oblio-oncologico-illustrata-la-legge-che-fissa-i-principi-di-pari-dignita-dei-pazienti-guariti\/"},"wordCount":639,"publisher":{"@id":"https:\/\/www.bellunopress.it\/#organization"},"image":{"@id":"https:\/\/www.bellunopress.it\/2025\/11\/20\/oblio-oncologico-illustrata-la-legge-che-fissa-i-principi-di-pari-dignita-dei-pazienti-guariti\/#primaryimage"},"thumbnailUrl":"https:\/\/www.bellunopress.it\/wp-content\/uploads\/2025\/11\/oblio-oncologico_edited-1.jpg","articleSection":["Featured","Prima Pagina","Sanit\u00e0 Medicina","Societ\u00e0, Associazioni, Istituzioni"],"inLanguage":"fr-FR"},{"@type":"WebPage","@id":"https:\/\/www.bellunopress.it\/2025\/11\/20\/oblio-oncologico-illustrata-la-legge-che-fissa-i-principi-di-pari-dignita-dei-pazienti-guariti\/","url":"https:\/\/www.bellunopress.it\/2025\/11\/20\/oblio-oncologico-illustrata-la-legge-che-fissa-i-principi-di-pari-dignita-dei-pazienti-guariti\/","name":"Oblio oncologico. Illustrata la legge che fissa i principi di pari dignit\u00e0 dei pazienti guariti - Bellunopress - Dolomiti","isPartOf":{"@id":"https:\/\/www.bellunopress.it\/#website"},"primaryImageOfPage":{"@id":"https:\/\/www.bellunopress.it\/2025\/11\/20\/oblio-oncologico-illustrata-la-legge-che-fissa-i-principi-di-pari-dignita-dei-pazienti-guariti\/#primaryimage"},"image":{"@id":"https:\/\/www.bellunopress.it\/2025\/11\/20\/oblio-oncologico-illustrata-la-legge-che-fissa-i-principi-di-pari-dignita-dei-pazienti-guariti\/#primaryimage"},"thumbnailUrl":"https:\/\/www.bellunopress.it\/wp-content\/uploads\/2025\/11\/oblio-oncologico_edited-1.jpg","datePublished":"2025-11-20T21:50:05+00:00","dateModified":"2025-11-21T08:28:53+00:00","breadcrumb":{"@id":"https:\/\/www.bellunopress.it\/2025\/11\/20\/oblio-oncologico-illustrata-la-legge-che-fissa-i-principi-di-pari-dignita-dei-pazienti-guariti\/#breadcrumb"},"inLanguage":"fr-FR","potentialAction":[{"@type":"ReadAction","target":["https:\/\/www.bellunopress.it\/2025\/11\/20\/oblio-oncologico-illustrata-la-legge-che-fissa-i-principi-di-pari-dignita-dei-pazienti-guariti\/"]}]},{"@type":"ImageObject","inLanguage":"fr-FR","@id":"https:\/\/www.bellunopress.it\/2025\/11\/20\/oblio-oncologico-illustrata-la-legge-che-fissa-i-principi-di-pari-dignita-dei-pazienti-guariti\/#primaryimage","url":"https:\/\/www.bellunopress.it\/wp-content\/uploads\/2025\/11\/oblio-oncologico_edited-1.jpg","contentUrl":"https:\/\/www.bellunopress.it\/wp-content\/uploads\/2025\/11\/oblio-oncologico_edited-1.jpg","width":800,"height":630,"caption":"Fausto Tuccia oncologo, Roberta Gallego magistrato, Anna Polifroni avvocato"},{"@type":"BreadcrumbList","@id":"https:\/\/www.bellunopress.it\/2025\/11\/20\/oblio-oncologico-illustrata-la-legge-che-fissa-i-principi-di-pari-dignita-dei-pazienti-guariti\/#breadcrumb","itemListElement":[{"@type":"ListItem","position":1,"name":"Home","item":"https:\/\/www.bellunopress.it\/"},{"@type":"ListItem","position":2,"name":"Oblio oncologico. Illustrata la legge che fissa i principi di pari dignit\u00e0 dei pazienti guariti"}]},{"@type":"WebSite","@id":"https:\/\/www.bellunopress.it\/#website","url":"https:\/\/www.bellunopress.it\/","name":"Bellunopress - Dolomiti","description":"e-mail: redazione@bellunopress.it","publisher":{"@id":"https:\/\/www.bellunopress.it\/#organization"},"potentialAction":[{"@type":"SearchAction","target":{"@type":"EntryPoint","urlTemplate":"https:\/\/www.bellunopress.it\/?s={search_term_string}"},"query-input":{"@type":"PropertyValueSpecification","valueRequired":true,"valueName":"search_term_string"}}],"inLanguage":"fr-FR"},{"@type":"Organization","@id":"https:\/\/www.bellunopress.it\/#organization","name":"Bellunopress","url":"https:\/\/www.bellunopress.it\/","logo":{"@type":"ImageObject","inLanguage":"fr-FR","@id":"https:\/\/www.bellunopress.it\/#\/schema\/logo\/image\/","url":"https:\/\/www.bellunopress.it\/wp-content\/uploads\/2011\/05\/cropped-logo-bellunopress-.jpg","contentUrl":"https:\/\/www.bellunopress.it\/wp-content\/uploads\/2011\/05\/cropped-logo-bellunopress-.jpg","width":512,"height":512,"caption":"Bellunopress"},"image":{"@id":"https:\/\/www.bellunopress.it\/#\/schema\/logo\/image\/"},"sameAs":["https:\/\/www.facebook.com\/profile.php?id=100008943462799","https:\/\/x.com\/bellunopress","https:\/\/www.linkedin.com\/hp\/?dnr=JBzUWaJfMUw8vbXJJ2tVW5-I3jZKvC4wsoxE&amp;amp;amp;amp;amp;amp;trk=nav_responsive_tab_home","https:\/\/www.youtube.com\/channel\/UCxL0wu1uN0_3_7hGG0306cw"]},{"@type":"Person","@id":"https:\/\/www.bellunopress.it\/#\/schema\/person\/79bb06722b37ece1c03d3e94beb30d73","name":"r\u00e9daction","image":{"@type":"ImageObject","inLanguage":"fr-FR","@id":"https:\/\/secure.gravatar.com\/avatar\/37d968a2e67a6fd04c169c4bdef102d0bc5d31b2546345219e348575eb80e9a0?s=96&d=mm&r=g","url":"https:\/\/secure.gravatar.com\/avatar\/37d968a2e67a6fd04c169c4bdef102d0bc5d31b2546345219e348575eb80e9a0?s=96&d=mm&r=g","contentUrl":"https:\/\/secure.gravatar.com\/avatar\/37d968a2e67a6fd04c169c4bdef102d0bc5d31b2546345219e348575eb80e9a0?s=96&d=mm&r=g","caption":"redazione"},"sameAs":["http:\/\/www.bellunopress.it","https:\/\/x.com\/bellunopress"],"url":"https:\/\/www.bellunopress.it\/fr\/author\/redazione\/"}]}},"_links":{"self":[{"href":"https:\/\/www.bellunopress.it\/fr\/wp-json\/wp\/v2\/posts\/165045","targetHints":{"allow":["GET"]}}],"collection":[{"href":"https:\/\/www.bellunopress.it\/fr\/wp-json\/wp\/v2\/posts"}],"about":[{"href":"https:\/\/www.bellunopress.it\/fr\/wp-json\/wp\/v2\/types\/post"}],"author":[{"embeddable":true,"href":"https:\/\/www.bellunopress.it\/fr\/wp-json\/wp\/v2\/users\/2"}],"replies":[{"embeddable":true,"href":"https:\/\/www.bellunopress.it\/fr\/wp-json\/wp\/v2\/comments?post=165045"}],"version-history":[{"count":1,"href":"https:\/\/www.bellunopress.it\/fr\/wp-json\/wp\/v2\/posts\/165045\/revisions"}],"predecessor-version":[{"id":165047,"href":"https:\/\/www.bellunopress.it\/fr\/wp-json\/wp\/v2\/posts\/165045\/revisions\/165047"}],"wp:featuredmedia":[{"embeddable":true,"href":"https:\/\/www.bellunopress.it\/fr\/wp-json\/wp\/v2\/media\/165046"}],"wp:attachment":[{"href":"https:\/\/www.bellunopress.it\/fr\/wp-json\/wp\/v2\/media?parent=165045"}],"wp:term":[{"taxonomy":"category","embeddable":true,"href":"https:\/\/www.bellunopress.it\/fr\/wp-json\/wp\/v2\/categories?post=165045"},{"taxonomy":"post_tag","embeddable":true,"href":"https:\/\/www.bellunopress.it\/fr\/wp-json\/wp\/v2\/tags?post=165045"}],"curies":[{"name":"wp","href":"https:\/\/api.w.org\/{rel}","templated":true}]}}