{"id":165043,"date":"2025-11-20T16:09:34","date_gmt":"2025-11-20T15:09:34","guid":{"rendered":"https:\/\/www.bellunopress.it\/?p=165043"},"modified":"2025-11-20T16:09:34","modified_gmt":"2025-11-20T15:09:34","slug":"vanoi-la-provincia-chiede-ad-arpav-il-monitoraggio-della-qualita-del-corpo-idrico","status":"publish","type":"post","link":"https:\/\/www.bellunopress.it\/fr\/2025\/11\/20\/vanoi-la-provincia-chiede-ad-arpav-il-monitoraggio-della-qualita-del-corpo-idrico\/","title":{"rendered":"Vanoi, la Provincia chiede ad Arpav il monitoraggio della qualit\u00e0 del corpo idrico"},"content":{"rendered":"<figure id=\"attachment_152663\" aria-describedby=\"caption-attachment-152663\" style=\"width: 643px\" class=\"wp-caption aligncenter\"><img loading=\"lazy\" decoding=\"async\" class=\"size-full wp-image-152663\" src=\"https:\/\/www.bellunopress.it\/wp-content\/uploads\/2024\/07\/Massimo-Bortoluzzi-consigloiere-provinciale.jpg\" alt=\"\" width=\"643\" height=\"491\" srcset=\"https:\/\/www.bellunopress.it\/wp-content\/uploads\/2024\/07\/Massimo-Bortoluzzi-consigloiere-provinciale.jpg 643w, https:\/\/www.bellunopress.it\/wp-content\/uploads\/2024\/07\/Massimo-Bortoluzzi-consigloiere-provinciale-500x382.jpg 500w, https:\/\/www.bellunopress.it\/wp-content\/uploads\/2024\/07\/Massimo-Bortoluzzi-consigloiere-provinciale-550x420.jpg 550w, https:\/\/www.bellunopress.it\/wp-content\/uploads\/2024\/07\/Massimo-Bortoluzzi-consigloiere-provinciale-80x60.jpg 80w\" sizes=\"auto, (max-width: 643px) 100vw, 643px\" \/><figcaption id=\"caption-attachment-152663\" class=\"wp-caption-text\">Massimo Bortoluzzi, consigliere provinciale delegato al Demanio idrico e Trasporti<\/figcaption><\/figure>\n<p>La Provincia di Belluno &#8211; servizio Acque e Ambiente &#8211; ha scritto oggi ad Arpav, avanzando la richiesta di controllare la qualit\u00e0 del corpo idrico del torrente Vanoi, in relazione alla realizzazione di una discarica di inerti a monte del corso d\u2019acqua.<\/p>\n<p>\u201cHo avanzato proprio oggi ad Arpav la richiesta di un monitoraggio della qualit\u00e0 del corpo idrico del torrente Vanoi, con spettro ampio dei possibili inquinanti, includendo anche i metalli pesanti\u201d spiega il consigliere provinciale delegato alla difesa del suolo e al demanio idrico Massimo Bortoluzzi. \u201cLa nostra contrariet\u00e0 alla diga del Vanoi infatti \u00e8 motivata anche dalla volont\u00e0 di preservare il torrente e l\u2019ambiente naturale, motivo per cui non possiamo non vedere con preoccupazione la realizzazione di una discarica a monte, in territorio Trentino. Discarica che come effetto finale ha anche il degrado della qualit\u00e0 del torrente Vanoi. Per questo l\u2019attenzione \u00e8 e rimarr\u00e0 altissima. Da parte mia e della Provincia non basta dire no alla diga, ma bisogna anche tutelare il corpo idrico. Sulla qualit\u00e0 dell\u2019acqua ci auguriamo di poter avere anche la collaborazione del Consorzio di Bonifica Brenta, che riceve l\u2019acqua anche dal Vanoi e che dovrebbe avere tutto l\u2019interesse ad avere una risorsa idrica pura e non inquinata\u201d.<\/p>","protected":false},"excerpt":{"rendered":"<p>La Provincia di Belluno &#8211; servizio Acque e Ambiente &#8211; ha scritto oggi ad Arpav, avanzando la richiesta di controllare la qualit\u00e0 del corpo idrico del torrente Vanoi, in relazione alla realizzazione di una discarica di inerti a monte del corso d\u2019acqua. \u201cHo avanzato proprio oggi ad Arpav la richiesta di un monitoraggio della qualit\u00e0 [&hellip;]<\/p>\n","protected":false},"author":2,"featured_media":152663,"comment_status":"closed","ping_status":"open","sticky":false,"template":"","format":"standard","meta":{"footnotes":""},"categories":[5,26,8],"tags":[],"class_list":["post-165043","post","type-post","status-publish","format-standard","has-post-thumbnail","category-cronaca","category-prima-pagina","category-societa-istituzioni"],"yoast_head":"<!-- This site is optimized with the Yoast SEO plugin v28.4 - https:\/\/yoast.com\/product\/yoast-seo-wordpress\/ -->\n<title>Vanoi, la Provincia chiede ad Arpav il monitoraggio della qualit\u00e0 del corpo idrico - Bellunopress - Dolomiti<\/title>\n<meta name=\"robots\" content=\"index, follow, max-snippet:-1, max-image-preview:large, max-video-preview:-1\" \/>\n<link rel=\"canonical\" href=\"https:\/\/www.bellunopress.it\/fr\/2025\/11\/20\/vanoi-la-provincia-chiede-ad-arpav-il-monitoraggio-della-qualita-del-corpo-idrico\/\" \/>\n<meta property=\"og:locale\" content=\"fr_FR\" \/>\n<meta property=\"og:type\" content=\"article\" \/>\n<meta property=\"og:title\" content=\"Vanoi, la Provincia chiede ad Arpav il monitoraggio della qualit\u00e0 del corpo idrico - Bellunopress - Dolomiti\" \/>\n<meta property=\"og:description\" content=\"La Provincia di Belluno &#8211; servizio Acque e Ambiente &#8211; ha scritto oggi ad Arpav, avanzando la richiesta di controllare la qualit\u00e0 del corpo idrico del torrente Vanoi, in relazione alla realizzazione di una discarica di inerti a monte del corso d\u2019acqua. \u201cHo avanzato proprio oggi ad Arpav la richiesta di un monitoraggio della qualit\u00e0 [&hellip;]\" \/>\n<meta property=\"og:url\" content=\"https:\/\/www.bellunopress.it\/fr\/2025\/11\/20\/vanoi-la-provincia-chiede-ad-arpav-il-monitoraggio-della-qualita-del-corpo-idrico\/\" \/>\n<meta property=\"og:site_name\" content=\"Bellunopress - Dolomiti\" \/>\n<meta property=\"article:publisher\" content=\"https:\/\/www.facebook.com\/profile.php?id=100008943462799\" \/>\n<meta property=\"article:published_time\" content=\"2025-11-20T15:09:34+00:00\" \/>\n<meta property=\"og:image\" content=\"https:\/\/www.bellunopress.it\/wp-content\/uploads\/2024\/07\/Massimo-Bortoluzzi-consigloiere-provinciale.jpg\" \/>\n\t<meta property=\"og:image:width\" content=\"643\" \/>\n\t<meta property=\"og:image:height\" content=\"491\" \/>\n\t<meta property=\"og:image:type\" content=\"image\/jpeg\" \/>\n<meta name=\"author\" content=\"redazione\" \/>\n<meta name=\"twitter:card\" content=\"summary_large_image\" \/>\n<meta name=\"twitter:creator\" content=\"@bellunopress\" \/>\n<meta name=\"twitter:site\" content=\"@bellunopress\" \/>\n<meta name=\"twitter:label1\" content=\"\u00c9crit par\" \/>\n\t<meta name=\"twitter:data1\" content=\"redazione\" \/>\n\t<meta name=\"twitter:label2\" content=\"Dur\u00e9e de lecture estim\u00e9e\" \/>\n\t<meta name=\"twitter:data2\" content=\"1 minute\" \/>\n<script type=\"application\/ld+json\" class=\"yoast-schema-graph\">{\"@context\":\"https:\\\/\\\/schema.org\",\"@graph\":[{\"@type\":\"Article\",\"@id\":\"https:\\\/\\\/www.bellunopress.it\\\/2025\\\/11\\\/20\\\/vanoi-la-provincia-chiede-ad-arpav-il-monitoraggio-della-qualita-del-corpo-idrico\\\/#article\",\"isPartOf\":{\"@id\":\"https:\\\/\\\/www.bellunopress.it\\\/2025\\\/11\\\/20\\\/vanoi-la-provincia-chiede-ad-arpav-il-monitoraggio-della-qualita-del-corpo-idrico\\\/\"},\"author\":{\"name\":\"redazione\",\"@id\":\"https:\\\/\\\/www.bellunopress.it\\\/#\\\/schema\\\/person\\\/79bb06722b37ece1c03d3e94beb30d73\"},\"headline\":\"Vanoi, la Provincia chiede ad Arpav il monitoraggio della qualit\u00e0 del corpo idrico\",\"datePublished\":\"2025-11-20T15:09:34+00:00\",\"mainEntityOfPage\":{\"@id\":\"https:\\\/\\\/www.bellunopress.it\\\/2025\\\/11\\\/20\\\/vanoi-la-provincia-chiede-ad-arpav-il-monitoraggio-della-qualita-del-corpo-idrico\\\/\"},\"wordCount\":237,\"publisher\":{\"@id\":\"https:\\\/\\\/www.bellunopress.it\\\/#organization\"},\"image\":{\"@id\":\"https:\\\/\\\/www.bellunopress.it\\\/2025\\\/11\\\/20\\\/vanoi-la-provincia-chiede-ad-arpav-il-monitoraggio-della-qualita-del-corpo-idrico\\\/#primaryimage\"},\"thumbnailUrl\":\"https:\\\/\\\/www.bellunopress.it\\\/wp-content\\\/uploads\\\/2024\\\/07\\\/Massimo-Bortoluzzi-consigloiere-provinciale.jpg\",\"articleSection\":[\"Cronaca\\\/Politica\",\"Prima Pagina\",\"Societ\u00e0, Associazioni, Istituzioni\"],\"inLanguage\":\"fr-FR\"},{\"@type\":\"WebPage\",\"@id\":\"https:\\\/\\\/www.bellunopress.it\\\/2025\\\/11\\\/20\\\/vanoi-la-provincia-chiede-ad-arpav-il-monitoraggio-della-qualita-del-corpo-idrico\\\/\",\"url\":\"https:\\\/\\\/www.bellunopress.it\\\/2025\\\/11\\\/20\\\/vanoi-la-provincia-chiede-ad-arpav-il-monitoraggio-della-qualita-del-corpo-idrico\\\/\",\"name\":\"Vanoi, la Provincia chiede ad Arpav il monitoraggio della qualit\u00e0 del corpo idrico - Bellunopress - Dolomiti\",\"isPartOf\":{\"@id\":\"https:\\\/\\\/www.bellunopress.it\\\/#website\"},\"primaryImageOfPage\":{\"@id\":\"https:\\\/\\\/www.bellunopress.it\\\/2025\\\/11\\\/20\\\/vanoi-la-provincia-chiede-ad-arpav-il-monitoraggio-della-qualita-del-corpo-idrico\\\/#primaryimage\"},\"image\":{\"@id\":\"https:\\\/\\\/www.bellunopress.it\\\/2025\\\/11\\\/20\\\/vanoi-la-provincia-chiede-ad-arpav-il-monitoraggio-della-qualita-del-corpo-idrico\\\/#primaryimage\"},\"thumbnailUrl\":\"https:\\\/\\\/www.bellunopress.it\\\/wp-content\\\/uploads\\\/2024\\\/07\\\/Massimo-Bortoluzzi-consigloiere-provinciale.jpg\",\"datePublished\":\"2025-11-20T15:09:34+00:00\",\"breadcrumb\":{\"@id\":\"https:\\\/\\\/www.bellunopress.it\\\/2025\\\/11\\\/20\\\/vanoi-la-provincia-chiede-ad-arpav-il-monitoraggio-della-qualita-del-corpo-idrico\\\/#breadcrumb\"},\"inLanguage\":\"fr-FR\",\"potentialAction\":[{\"@type\":\"ReadAction\",\"target\":[\"https:\\\/\\\/www.bellunopress.it\\\/2025\\\/11\\\/20\\\/vanoi-la-provincia-chiede-ad-arpav-il-monitoraggio-della-qualita-del-corpo-idrico\\\/\"]}]},{\"@type\":\"ImageObject\",\"inLanguage\":\"fr-FR\",\"@id\":\"https:\\\/\\\/www.bellunopress.it\\\/2025\\\/11\\\/20\\\/vanoi-la-provincia-chiede-ad-arpav-il-monitoraggio-della-qualita-del-corpo-idrico\\\/#primaryimage\",\"url\":\"https:\\\/\\\/www.bellunopress.it\\\/wp-content\\\/uploads\\\/2024\\\/07\\\/Massimo-Bortoluzzi-consigloiere-provinciale.jpg\",\"contentUrl\":\"https:\\\/\\\/www.bellunopress.it\\\/wp-content\\\/uploads\\\/2024\\\/07\\\/Massimo-Bortoluzzi-consigloiere-provinciale.jpg\",\"width\":643,\"height\":491,\"caption\":\"Massimo Bortoluzzi, gi\u00e0 consigliere provinciale delegato al Demanio idrico e Trasporti, Protezione civile e Difesa del suolo\"},{\"@type\":\"BreadcrumbList\",\"@id\":\"https:\\\/\\\/www.bellunopress.it\\\/2025\\\/11\\\/20\\\/vanoi-la-provincia-chiede-ad-arpav-il-monitoraggio-della-qualita-del-corpo-idrico\\\/#breadcrumb\",\"itemListElement\":[{\"@type\":\"ListItem\",\"position\":1,\"name\":\"Home\",\"item\":\"https:\\\/\\\/www.bellunopress.it\\\/\"},{\"@type\":\"ListItem\",\"position\":2,\"name\":\"Vanoi, la Provincia chiede ad Arpav il monitoraggio della qualit\u00e0 del corpo idrico\"}]},{\"@type\":\"WebSite\",\"@id\":\"https:\\\/\\\/www.bellunopress.it\\\/#website\",\"url\":\"https:\\\/\\\/www.bellunopress.it\\\/\",\"name\":\"Bellunopress - Dolomiti\",\"description\":\"e-mail: redazione@bellunopress.it\",\"publisher\":{\"@id\":\"https:\\\/\\\/www.bellunopress.it\\\/#organization\"},\"potentialAction\":[{\"@type\":\"SearchAction\",\"target\":{\"@type\":\"EntryPoint\",\"urlTemplate\":\"https:\\\/\\\/www.bellunopress.it\\\/?s={search_term_string}\"},\"query-input\":{\"@type\":\"PropertyValueSpecification\",\"valueRequired\":true,\"valueName\":\"search_term_string\"}}],\"inLanguage\":\"fr-FR\"},{\"@type\":\"Organization\",\"@id\":\"https:\\\/\\\/www.bellunopress.it\\\/#organization\",\"name\":\"Bellunopress\",\"url\":\"https:\\\/\\\/www.bellunopress.it\\\/\",\"logo\":{\"@type\":\"ImageObject\",\"inLanguage\":\"fr-FR\",\"@id\":\"https:\\\/\\\/www.bellunopress.it\\\/#\\\/schema\\\/logo\\\/image\\\/\",\"url\":\"https:\\\/\\\/www.bellunopress.it\\\/wp-content\\\/uploads\\\/2011\\\/05\\\/cropped-logo-bellunopress-.jpg\",\"contentUrl\":\"https:\\\/\\\/www.bellunopress.it\\\/wp-content\\\/uploads\\\/2011\\\/05\\\/cropped-logo-bellunopress-.jpg\",\"width\":512,\"height\":512,\"caption\":\"Bellunopress\"},\"image\":{\"@id\":\"https:\\\/\\\/www.bellunopress.it\\\/#\\\/schema\\\/logo\\\/image\\\/\"},\"sameAs\":[\"https:\\\/\\\/www.facebook.com\\\/profile.php?id=100008943462799\",\"https:\\\/\\\/x.com\\\/bellunopress\",\"https:\\\/\\\/www.linkedin.com\\\/hp\\\/?dnr=JBzUWaJfMUw8vbXJJ2tVW5-I3jZKvC4wsoxE&amp;amp;amp;amp;amp;amp;trk=nav_responsive_tab_home\",\"https:\\\/\\\/www.youtube.com\\\/channel\\\/UCxL0wu1uN0_3_7hGG0306cw\"]},{\"@type\":\"Person\",\"@id\":\"https:\\\/\\\/www.bellunopress.it\\\/#\\\/schema\\\/person\\\/79bb06722b37ece1c03d3e94beb30d73\",\"name\":\"redazione\",\"image\":{\"@type\":\"ImageObject\",\"inLanguage\":\"fr-FR\",\"@id\":\"https:\\\/\\\/secure.gravatar.com\\\/avatar\\\/37d968a2e67a6fd04c169c4bdef102d0bc5d31b2546345219e348575eb80e9a0?s=96&d=mm&r=g\",\"url\":\"https:\\\/\\\/secure.gravatar.com\\\/avatar\\\/37d968a2e67a6fd04c169c4bdef102d0bc5d31b2546345219e348575eb80e9a0?s=96&d=mm&r=g\",\"contentUrl\":\"https:\\\/\\\/secure.gravatar.com\\\/avatar\\\/37d968a2e67a6fd04c169c4bdef102d0bc5d31b2546345219e348575eb80e9a0?s=96&d=mm&r=g\",\"caption\":\"redazione\"},\"sameAs\":[\"http:\\\/\\\/www.bellunopress.it\",\"https:\\\/\\\/x.com\\\/bellunopress\"],\"url\":\"https:\\\/\\\/www.bellunopress.it\\\/fr\\\/author\\\/redazione\\\/\"}]}<\/script>\n<!-- \/ Yoast SEO plugin. -->","yoast_head_json":{"title":"Vanoi, la Provincia chiede ad Arpav il monitoraggio della qualit\u00e0 del corpo idrico - Bellunopress - Dolomiti","robots":{"index":"index","follow":"follow","max-snippet":"max-snippet:-1","max-image-preview":"max-image-preview:large","max-video-preview":"max-video-preview:-1"},"canonical":"https:\/\/www.bellunopress.it\/fr\/2025\/11\/20\/vanoi-la-provincia-chiede-ad-arpav-il-monitoraggio-della-qualita-del-corpo-idrico\/","og_locale":"fr_FR","og_type":"article","og_title":"Vanoi, la Provincia chiede ad Arpav il monitoraggio della qualit\u00e0 del corpo idrico - Bellunopress - Dolomiti","og_description":"La Provincia di Belluno &#8211; servizio Acque e Ambiente &#8211; ha scritto oggi ad Arpav, avanzando la richiesta di controllare la qualit\u00e0 del corpo idrico del torrente Vanoi, in relazione alla realizzazione di una discarica di inerti a monte del corso d\u2019acqua. \u201cHo avanzato proprio oggi ad Arpav la richiesta di un monitoraggio della qualit\u00e0 [&hellip;]","og_url":"https:\/\/www.bellunopress.it\/fr\/2025\/11\/20\/vanoi-la-provincia-chiede-ad-arpav-il-monitoraggio-della-qualita-del-corpo-idrico\/","og_site_name":"Bellunopress - Dolomiti","article_publisher":"https:\/\/www.facebook.com\/profile.php?id=100008943462799","article_published_time":"2025-11-20T15:09:34+00:00","og_image":[{"width":643,"height":491,"url":"https:\/\/www.bellunopress.it\/wp-content\/uploads\/2024\/07\/Massimo-Bortoluzzi-consigloiere-provinciale.jpg","type":"image\/jpeg"}],"author":"redazione","twitter_card":"summary_large_image","twitter_creator":"@bellunopress","twitter_site":"@bellunopress","twitter_misc":{"\u00c9crit par":"redazione","Dur\u00e9e de lecture estim\u00e9e":"1 minute"},"schema":{"@context":"https:\/\/schema.org","@graph":[{"@type":"Article","@id":"https:\/\/www.bellunopress.it\/2025\/11\/20\/vanoi-la-provincia-chiede-ad-arpav-il-monitoraggio-della-qualita-del-corpo-idrico\/#article","isPartOf":{"@id":"https:\/\/www.bellunopress.it\/2025\/11\/20\/vanoi-la-provincia-chiede-ad-arpav-il-monitoraggio-della-qualita-del-corpo-idrico\/"},"author":{"name":"redazione","@id":"https:\/\/www.bellunopress.it\/#\/schema\/person\/79bb06722b37ece1c03d3e94beb30d73"},"headline":"Vanoi, la Provincia chiede ad Arpav il monitoraggio della qualit\u00e0 del corpo idrico","datePublished":"2025-11-20T15:09:34+00:00","mainEntityOfPage":{"@id":"https:\/\/www.bellunopress.it\/2025\/11\/20\/vanoi-la-provincia-chiede-ad-arpav-il-monitoraggio-della-qualita-del-corpo-idrico\/"},"wordCount":237,"publisher":{"@id":"https:\/\/www.bellunopress.it\/#organization"},"image":{"@id":"https:\/\/www.bellunopress.it\/2025\/11\/20\/vanoi-la-provincia-chiede-ad-arpav-il-monitoraggio-della-qualita-del-corpo-idrico\/#primaryimage"},"thumbnailUrl":"https:\/\/www.bellunopress.it\/wp-content\/uploads\/2024\/07\/Massimo-Bortoluzzi-consigloiere-provinciale.jpg","articleSection":["Cronaca\/Politica","Prima Pagina","Societ\u00e0, Associazioni, Istituzioni"],"inLanguage":"fr-FR"},{"@type":"WebPage","@id":"https:\/\/www.bellunopress.it\/2025\/11\/20\/vanoi-la-provincia-chiede-ad-arpav-il-monitoraggio-della-qualita-del-corpo-idrico\/","url":"https:\/\/www.bellunopress.it\/2025\/11\/20\/vanoi-la-provincia-chiede-ad-arpav-il-monitoraggio-della-qualita-del-corpo-idrico\/","name":"Vanoi, la Provincia chiede ad Arpav il monitoraggio della qualit\u00e0 del corpo idrico - Bellunopress - Dolomiti","isPartOf":{"@id":"https:\/\/www.bellunopress.it\/#website"},"primaryImageOfPage":{"@id":"https:\/\/www.bellunopress.it\/2025\/11\/20\/vanoi-la-provincia-chiede-ad-arpav-il-monitoraggio-della-qualita-del-corpo-idrico\/#primaryimage"},"image":{"@id":"https:\/\/www.bellunopress.it\/2025\/11\/20\/vanoi-la-provincia-chiede-ad-arpav-il-monitoraggio-della-qualita-del-corpo-idrico\/#primaryimage"},"thumbnailUrl":"https:\/\/www.bellunopress.it\/wp-content\/uploads\/2024\/07\/Massimo-Bortoluzzi-consigloiere-provinciale.jpg","datePublished":"2025-11-20T15:09:34+00:00","breadcrumb":{"@id":"https:\/\/www.bellunopress.it\/2025\/11\/20\/vanoi-la-provincia-chiede-ad-arpav-il-monitoraggio-della-qualita-del-corpo-idrico\/#breadcrumb"},"inLanguage":"fr-FR","potentialAction":[{"@type":"ReadAction","target":["https:\/\/www.bellunopress.it\/2025\/11\/20\/vanoi-la-provincia-chiede-ad-arpav-il-monitoraggio-della-qualita-del-corpo-idrico\/"]}]},{"@type":"ImageObject","inLanguage":"fr-FR","@id":"https:\/\/www.bellunopress.it\/2025\/11\/20\/vanoi-la-provincia-chiede-ad-arpav-il-monitoraggio-della-qualita-del-corpo-idrico\/#primaryimage","url":"https:\/\/www.bellunopress.it\/wp-content\/uploads\/2024\/07\/Massimo-Bortoluzzi-consigloiere-provinciale.jpg","contentUrl":"https:\/\/www.bellunopress.it\/wp-content\/uploads\/2024\/07\/Massimo-Bortoluzzi-consigloiere-provinciale.jpg","width":643,"height":491,"caption":"Massimo Bortoluzzi, gi\u00e0 consigliere provinciale delegato al Demanio idrico e Trasporti, Protezione civile e Difesa del suolo"},{"@type":"BreadcrumbList","@id":"https:\/\/www.bellunopress.it\/2025\/11\/20\/vanoi-la-provincia-chiede-ad-arpav-il-monitoraggio-della-qualita-del-corpo-idrico\/#breadcrumb","itemListElement":[{"@type":"ListItem","position":1,"name":"Home","item":"https:\/\/www.bellunopress.it\/"},{"@type":"ListItem","position":2,"name":"Vanoi, la Provincia chiede ad Arpav il monitoraggio della qualit\u00e0 del corpo idrico"}]},{"@type":"WebSite","@id":"https:\/\/www.bellunopress.it\/#website","url":"https:\/\/www.bellunopress.it\/","name":"Bellunopress - Dolomiti","description":"e-mail: redazione@bellunopress.it","publisher":{"@id":"https:\/\/www.bellunopress.it\/#organization"},"potentialAction":[{"@type":"SearchAction","target":{"@type":"EntryPoint","urlTemplate":"https:\/\/www.bellunopress.it\/?s={search_term_string}"},"query-input":{"@type":"PropertyValueSpecification","valueRequired":true,"valueName":"search_term_string"}}],"inLanguage":"fr-FR"},{"@type":"Organization","@id":"https:\/\/www.bellunopress.it\/#organization","name":"Bellunopress","url":"https:\/\/www.bellunopress.it\/","logo":{"@type":"ImageObject","inLanguage":"fr-FR","@id":"https:\/\/www.bellunopress.it\/#\/schema\/logo\/image\/","url":"https:\/\/www.bellunopress.it\/wp-content\/uploads\/2011\/05\/cropped-logo-bellunopress-.jpg","contentUrl":"https:\/\/www.bellunopress.it\/wp-content\/uploads\/2011\/05\/cropped-logo-bellunopress-.jpg","width":512,"height":512,"caption":"Bellunopress"},"image":{"@id":"https:\/\/www.bellunopress.it\/#\/schema\/logo\/image\/"},"sameAs":["https:\/\/www.facebook.com\/profile.php?id=100008943462799","https:\/\/x.com\/bellunopress","https:\/\/www.linkedin.com\/hp\/?dnr=JBzUWaJfMUw8vbXJJ2tVW5-I3jZKvC4wsoxE&amp;amp;amp;amp;amp;amp;trk=nav_responsive_tab_home","https:\/\/www.youtube.com\/channel\/UCxL0wu1uN0_3_7hGG0306cw"]},{"@type":"Person","@id":"https:\/\/www.bellunopress.it\/#\/schema\/person\/79bb06722b37ece1c03d3e94beb30d73","name":"r\u00e9daction","image":{"@type":"ImageObject","inLanguage":"fr-FR","@id":"https:\/\/secure.gravatar.com\/avatar\/37d968a2e67a6fd04c169c4bdef102d0bc5d31b2546345219e348575eb80e9a0?s=96&d=mm&r=g","url":"https:\/\/secure.gravatar.com\/avatar\/37d968a2e67a6fd04c169c4bdef102d0bc5d31b2546345219e348575eb80e9a0?s=96&d=mm&r=g","contentUrl":"https:\/\/secure.gravatar.com\/avatar\/37d968a2e67a6fd04c169c4bdef102d0bc5d31b2546345219e348575eb80e9a0?s=96&d=mm&r=g","caption":"redazione"},"sameAs":["http:\/\/www.bellunopress.it","https:\/\/x.com\/bellunopress"],"url":"https:\/\/www.bellunopress.it\/fr\/author\/redazione\/"}]}},"_links":{"self":[{"href":"https:\/\/www.bellunopress.it\/fr\/wp-json\/wp\/v2\/posts\/165043","targetHints":{"allow":["GET"]}}],"collection":[{"href":"https:\/\/www.bellunopress.it\/fr\/wp-json\/wp\/v2\/posts"}],"about":[{"href":"https:\/\/www.bellunopress.it\/fr\/wp-json\/wp\/v2\/types\/post"}],"author":[{"embeddable":true,"href":"https:\/\/www.bellunopress.it\/fr\/wp-json\/wp\/v2\/users\/2"}],"replies":[{"embeddable":true,"href":"https:\/\/www.bellunopress.it\/fr\/wp-json\/wp\/v2\/comments?post=165043"}],"version-history":[{"count":1,"href":"https:\/\/www.bellunopress.it\/fr\/wp-json\/wp\/v2\/posts\/165043\/revisions"}],"predecessor-version":[{"id":165044,"href":"https:\/\/www.bellunopress.it\/fr\/wp-json\/wp\/v2\/posts\/165043\/revisions\/165044"}],"wp:featuredmedia":[{"embeddable":true,"href":"https:\/\/www.bellunopress.it\/fr\/wp-json\/wp\/v2\/media\/152663"}],"wp:attachment":[{"href":"https:\/\/www.bellunopress.it\/fr\/wp-json\/wp\/v2\/media?parent=165043"}],"wp:term":[{"taxonomy":"category","embeddable":true,"href":"https:\/\/www.bellunopress.it\/fr\/wp-json\/wp\/v2\/categories?post=165043"},{"taxonomy":"post_tag","embeddable":true,"href":"https:\/\/www.bellunopress.it\/fr\/wp-json\/wp\/v2\/tags?post=165043"}],"curies":[{"name":"wp","href":"https:\/\/api.w.org\/{rel}","templated":true}]}}